{"id":78741,"date":"2018-12-06T00:06:42","date_gmt":"2018-12-06T06:06:42","guid":{"rendered":"http:\/\/www.reconoce.mx\/?p=78741"},"modified":"2018-12-06T11:21:29","modified_gmt":"2018-12-06T17:21:29","slug":"el-mato-a-un-policia-motorizado-y-su-gran-noche-en-sala-corona","status":"publish","type":"post","link":"http:\/\/www.reconoce.mx\/?p=78741","title":{"rendered":"El Mat\u00f3 a un Polic\u00eda Motorizado y su gran noche en SALA Corona"},"content":{"rendered":"<p><strong>Texto por <a href=\"https:\/\/twitter.com\/monceymrh\" target=\"_blank\" rel=\"noopener noreferrer\">Yamileth Moncerrat Ram\u00edrez Hern\u00e1ndez<\/a><\/strong>.<br \/>\n<strong>Fotos por <a href=\"https:\/\/twitter.com\/jpaobglezz\" target=\"_blank\" rel=\"noopener\">Paola Baltazar<\/a><\/strong>.<\/p>\n<p>Tras presentarse en el pasado <strong>Vive Latino<\/strong>, la banda argentina <strong>\u00c9l Mat\u00f3 a un Polic\u00eda Motorizado<\/strong> regres\u00f3 a Ciudad de M\u00e9xico, para recordarnos porque seguimos siendo fans de su \u00faltimo disco \u00abLa S\u00edntesis O&#8217;konor\u00bb, publicado en 2017.<\/p>\n<p><a href=\"http:\/\/www.reconoce.mx\/wp-content\/uploads\/2018\/12\/ElMato15-ny58ji65yhb1dpf1yddtducwfewxs2ewfqyrb32bc8.jpg\"><img loading=\"lazy\" decoding=\"async\" class=\"aligncenter size-full wp-image-78744\" src=\"http:\/\/www.reconoce.mx\/wp-content\/uploads\/2018\/12\/ElMato15-ny58ji65yhb1dpf1yddtducwfewxs2ewfqyrb32bc8.jpg\" alt=\"\" width=\"1440\" height=\"740\" srcset=\"http:\/\/www.reconoce.mx\/wp-content\/uploads\/2018\/12\/ElMato15-ny58ji65yhb1dpf1yddtducwfewxs2ewfqyrb32bc8.jpg 1440w, http:\/\/www.reconoce.mx\/wp-content\/uploads\/2018\/12\/ElMato15-ny58ji65yhb1dpf1yddtducwfewxs2ewfqyrb32bc8-300x154.jpg 300w, http:\/\/www.reconoce.mx\/wp-content\/uploads\/2018\/12\/ElMato15-ny58ji65yhb1dpf1yddtducwfewxs2ewfqyrb32bc8-768x395.jpg 768w, http:\/\/www.reconoce.mx\/wp-content\/uploads\/2018\/12\/ElMato15-ny58ji65yhb1dpf1yddtducwfewxs2ewfqyrb32bc8-1024x526.jpg 1024w, http:\/\/www.reconoce.mx\/wp-content\/uploads\/2018\/12\/ElMato15-ny58ji65yhb1dpf1yddtducwfewxs2ewfqyrb32bc8-150x77.jpg 150w, http:\/\/www.reconoce.mx\/wp-content\/uploads\/2018\/12\/ElMato15-ny58ji65yhb1dpf1yddtducwfewxs2ewfqyrb32bc8-700x360.jpg 700w, http:\/\/www.reconoce.mx\/wp-content\/uploads\/2018\/12\/ElMato15-ny58ji65yhb1dpf1yddtducwfewxs2ewfqyrb32bc8-658x338.jpg 658w\" sizes=\"auto, (max-width: 1440px) 100vw, 1440px\" \/><\/a><\/p>\n<p>Un encuentro \u00edntimo en <strong>SALA Corona<\/strong> fue el escenario para que la melosidad de sus letras, junto a sus finos acordes nos deleitaran durante casi dos horas de show. Santiago Motorizado, Pantro, Ni\u00f1o Elefante, Willy y Chatr\u00e1n lograron hacer una noche eterna con cada uno de sus temas.<\/p>\n<p>Entre coros la banda interpret\u00f3 \u00abEl tesoro\u00bb, \u00abAmigo piedra\u00bb, \u00abViolencia\u00bb, junto a otros \u00e9xitos como \u00abM\u00e1s o menos bien\u00bb, \u00abLa Noche eterna\u00bb, etc., creando una atm\u00f3sfera de paz y tranquilidad, pues la dulce voz de Santi, eso nos transmite, paz.<\/p>\n<p><strong>\u00c9l Mat\u00f3 a un Polic\u00eda Motorizado<\/strong> es de esas bandas que les gusta interactuar y consentir a su p\u00fablico, agradecen la fidelidad y el apoyo haciendo lo propio en el escenario, ya que al finalizar el horario programado del show, ellos segu\u00edan cantando canciones que sus fans le ped\u00edan.<\/p>\n<p>La m\u00fasica de los argentinos, as\u00ed como la escuchamos en sus discos, suele ser igual de transparente en vivo. Cada tema, cada acorde que interpretan en sus conciertos llega al coraz\u00f3n de cada asistente.<\/p>\n<p>Fue hace aproximadamente un poco m\u00e1s de un a\u00f1o cuando la banda present\u00f3\u00bbLa S\u00edntesis O&#8217;konor\u00bb en el <strong>Foro Indie Rocks!<\/strong>, en este 2018 estuvo en el <strong>Vive Latino<\/strong>. \u00bfSer\u00e1 que regresen pronto? Para que esto pase, esperemos pronto un disco de<strong> \u00c9l Mat\u00f3 a un Polic\u00eda Motorizado<\/strong>.<\/p>\n<p>&nbsp;<\/p>\n<p>&nbsp;<\/p>\n","protected":false},"excerpt":{"rendered":"<p>Tras presentarse en el pasado Vive Latino, la banda argentina \u00c9l Mat\u00f3 a un Polic\u00eda Motorizado regres\u00f3 a Ciudad de M\u00e9xico, para recordarnos porque seguimos siendo fans de su \u00faltimo disco \u00abLa S\u00edntesis O&#8217;konor\u00bb, publicado en 2017.<\/p>\n","protected":false},"author":2,"featured_media":78743,"comment_status":"open","ping_status":"open","sticky":false,"template":"","format":"standard","meta":{"footnotes":""},"categories":[1,18,17],"tags":[],"class_list":["post-78741","post","type-post","status-publish","format-standard","has-post-thumbnail","hentry","category-cultura","category-musica","category-principal"],"yoast_head":"<!-- This site is optimized with the Yoast SEO plugin v24.7 - https:\/\/yoast.com\/wordpress\/plugins\/seo\/ -->\n<title>El Mat\u00f3 a un Polic\u00eda Motorizado y su gran noche en SALA Corona &#171; Reconoce MX<\/title>\n<meta name=\"robots\" content=\"index, follow, max-snippet:-1, max-image-preview:large, max-video-preview:-1\" \/>\n<link rel=\"canonical\" href=\"http:\/\/www.reconoce.mx\/?p=78741\" \/>\n<meta property=\"og:locale\" content=\"es_ES\" \/>\n<meta property=\"og:type\" content=\"article\" \/>\n<meta property=\"og:title\" content=\"El Mat\u00f3 a un Polic\u00eda Motorizado y su gran noche en SALA Corona &#171; Reconoce MX\" \/>\n<meta property=\"og:description\" content=\"Tras presentarse en el pasado Vive Latino, la banda argentina \u00c9l Mat\u00f3 a un Polic\u00eda Motorizado regres\u00f3 a Ciudad de M\u00e9xico, para recordarnos porque seguimos siendo fans de su \u00faltimo disco &quot;La S\u00edntesis O&#039;konor&quot;, publicado en 2017.\" \/>\n<meta property=\"og:url\" content=\"http:\/\/www.reconoce.mx\/?p=78741\" \/>\n<meta property=\"og:site_name\" content=\"Reconoce MX\" \/>\n<meta property=\"article:publisher\" content=\"https:\/\/es-la.facebook.com\/ReconoceMX\/\" \/>\n<meta property=\"article:published_time\" content=\"2018-12-06T06:06:42+00:00\" \/>\n<meta property=\"article:modified_time\" content=\"2018-12-06T17:21:29+00:00\" \/>\n<meta property=\"og:image\" content=\"http:\/\/www.reconoce.mx\/wp-content\/uploads\/2018\/12\/el-mato-a-un-policia.jpg\" \/>\n\t<meta property=\"og:image:width\" content=\"590\" \/>\n\t<meta property=\"og:image:height\" content=\"380\" \/>\n\t<meta property=\"og:image:type\" content=\"image\/jpeg\" \/>\n<meta name=\"author\" content=\"Reconoce MX\" \/>\n<meta name=\"twitter:card\" content=\"summary_large_image\" \/>\n<meta name=\"twitter:creator\" content=\"@reconocemx\" \/>\n<meta name=\"twitter:site\" content=\"@reconocemx\" \/>\n<meta name=\"twitter:label1\" content=\"Escrito por\" \/>\n\t<meta name=\"twitter:data1\" content=\"Reconoce MX\" \/>\n\t<meta name=\"twitter:label2\" content=\"Tiempo de lectura\" \/>\n\t<meta name=\"twitter:data2\" content=\"1 minuto\" \/>\n<script type=\"application\/ld+json\" class=\"yoast-schema-graph\">{\"@context\":\"https:\/\/schema.org\",\"@graph\":[{\"@type\":\"Article\",\"@id\":\"http:\/\/www.reconoce.mx\/?p=78741#article\",\"isPartOf\":{\"@id\":\"http:\/\/www.reconoce.mx\/?p=78741\"},\"author\":{\"name\":\"Reconoce MX\",\"@id\":\"http:\/\/www.reconoce.mx\/#\/schema\/person\/2117e997d7051dc15d6880eaf9bca0b2\"},\"headline\":\"El Mat\u00f3 a un Polic\u00eda Motorizado y su gran noche en SALA Corona\",\"datePublished\":\"2018-12-06T06:06:42+00:00\",\"dateModified\":\"2018-12-06T17:21:29+00:00\",\"mainEntityOfPage\":{\"@id\":\"http:\/\/www.reconoce.mx\/?p=78741\"},\"wordCount\":299,\"commentCount\":0,\"publisher\":{\"@id\":\"http:\/\/www.reconoce.mx\/#organization\"},\"image\":{\"@id\":\"http:\/\/www.reconoce.mx\/?p=78741#primaryimage\"},\"thumbnailUrl\":\"http:\/\/www.reconoce.mx\/wp-content\/uploads\/2018\/12\/el-mato-a-un-policia.jpg\",\"articleSection\":[\"Cultura\",\"M\u00fasica\",\"Principal\"],\"inLanguage\":\"es\",\"potentialAction\":[{\"@type\":\"CommentAction\",\"name\":\"Comment\",\"target\":[\"http:\/\/www.reconoce.mx\/?p=78741#respond\"]}]},{\"@type\":\"WebPage\",\"@id\":\"http:\/\/www.reconoce.mx\/?p=78741\",\"url\":\"http:\/\/www.reconoce.mx\/?p=78741\",\"name\":\"El Mat\u00f3 a un Polic\u00eda Motorizado y su gran noche en SALA Corona &#171; Reconoce MX\",\"isPartOf\":{\"@id\":\"http:\/\/www.reconoce.mx\/#website\"},\"primaryImageOfPage\":{\"@id\":\"http:\/\/www.reconoce.mx\/?p=78741#primaryimage\"},\"image\":{\"@id\":\"http:\/\/www.reconoce.mx\/?p=78741#primaryimage\"},\"thumbnailUrl\":\"http:\/\/www.reconoce.mx\/wp-content\/uploads\/2018\/12\/el-mato-a-un-policia.jpg\",\"datePublished\":\"2018-12-06T06:06:42+00:00\",\"dateModified\":\"2018-12-06T17:21:29+00:00\",\"breadcrumb\":{\"@id\":\"http:\/\/www.reconoce.mx\/?p=78741#breadcrumb\"},\"inLanguage\":\"es\",\"potentialAction\":[{\"@type\":\"ReadAction\",\"target\":[\"http:\/\/www.reconoce.mx\/?p=78741\"]}]},{\"@type\":\"ImageObject\",\"inLanguage\":\"es\",\"@id\":\"http:\/\/www.reconoce.mx\/?p=78741#primaryimage\",\"url\":\"http:\/\/www.reconoce.mx\/wp-content\/uploads\/2018\/12\/el-mato-a-un-policia.jpg\",\"contentUrl\":\"http:\/\/www.reconoce.mx\/wp-content\/uploads\/2018\/12\/el-mato-a-un-policia.jpg\",\"width\":590,\"height\":380},{\"@type\":\"BreadcrumbList\",\"@id\":\"http:\/\/www.reconoce.mx\/?p=78741#breadcrumb\",\"itemListElement\":[{\"@type\":\"ListItem\",\"position\":1,\"name\":\"Portada\",\"item\":\"http:\/\/www.reconoce.mx\/\"},{\"@type\":\"ListItem\",\"position\":2,\"name\":\"El Mat\u00f3 a un Polic\u00eda Motorizado y su gran noche en SALA Corona\"}]},{\"@type\":\"WebSite\",\"@id\":\"http:\/\/www.reconoce.mx\/#website\",\"url\":\"http:\/\/www.reconoce.mx\/\",\"name\":\"Reconoce MX\",\"description\":\"En Reconoce MX difundimos arte, cultura y conciencia social en M\u00e9xico. Tu ciudad en otra perspectiva.\",\"publisher\":{\"@id\":\"http:\/\/www.reconoce.mx\/#organization\"},\"potentialAction\":[{\"@type\":\"SearchAction\",\"target\":{\"@type\":\"EntryPoint\",\"urlTemplate\":\"http:\/\/www.reconoce.mx\/?s={search_term_string}\"},\"query-input\":{\"@type\":\"PropertyValueSpecification\",\"valueRequired\":true,\"valueName\":\"search_term_string\"}}],\"inLanguage\":\"es\"},{\"@type\":\"Organization\",\"@id\":\"http:\/\/www.reconoce.mx\/#organization\",\"name\":\"Reconoce MX\",\"url\":\"http:\/\/www.reconoce.mx\/\",\"logo\":{\"@type\":\"ImageObject\",\"inLanguage\":\"es\",\"@id\":\"http:\/\/www.reconoce.mx\/#\/schema\/logo\/image\/\",\"url\":\"https:\/\/www.reconoce.mx\/wp-content\/uploads\/2019\/03\/logorcmx-good-1.png\",\"contentUrl\":\"https:\/\/www.reconoce.mx\/wp-content\/uploads\/2019\/03\/logorcmx-good-1.png\",\"width\":280,\"height\":90,\"caption\":\"Reconoce MX\"},\"image\":{\"@id\":\"http:\/\/www.reconoce.mx\/#\/schema\/logo\/image\/\"},\"sameAs\":[\"https:\/\/es-la.facebook.com\/ReconoceMX\/\",\"https:\/\/x.com\/reconocemx\",\"http:\/\/@reconocemx\"]},{\"@type\":\"Person\",\"@id\":\"http:\/\/www.reconoce.mx\/#\/schema\/person\/2117e997d7051dc15d6880eaf9bca0b2\",\"name\":\"Reconoce MX\",\"image\":{\"@type\":\"ImageObject\",\"inLanguage\":\"es\",\"@id\":\"http:\/\/www.reconoce.mx\/#\/schema\/person\/image\/\",\"url\":\"https:\/\/secure.gravatar.com\/avatar\/6c8d4dc7569ca1c90c5fdcc349f839d5ddef6fe1e70b4337ead2ef1a4c43fc3a?s=96&d=identicon&r=g\",\"contentUrl\":\"https:\/\/secure.gravatar.com\/avatar\/6c8d4dc7569ca1c90c5fdcc349f839d5ddef6fe1e70b4337ead2ef1a4c43fc3a?s=96&d=identicon&r=g\",\"caption\":\"Reconoce MX\"},\"description\":\"Reconoce MX es un proyecto de difusi\u00f3n art\u00edstica, cultural y de conciencia social que est\u00e1 enfocado a difundir y fomentar el entretenimiento alternativo de calidad para todo el p\u00fablico que comparta el mismo entusiasmo.\",\"sameAs\":[\"http:\/\/www.reconoce.mx\"],\"url\":\"http:\/\/www.reconoce.mx\/?author=2\"}]}<\/script>\n<!-- \/ Yoast SEO plugin. -->","yoast_head_json":{"title":"El Mat\u00f3 a un Polic\u00eda Motorizado y su gran noche en SALA Corona &#171; Reconoce MX","robots":{"index":"index","follow":"follow","max-snippet":"max-snippet:-1","max-image-preview":"max-image-preview:large","max-video-preview":"max-video-preview:-1"},"canonical":"http:\/\/www.reconoce.mx\/?p=78741","og_locale":"es_ES","og_type":"article","og_title":"El Mat\u00f3 a un Polic\u00eda Motorizado y su gran noche en SALA Corona &#171; Reconoce MX","og_description":"Tras presentarse en el pasado Vive Latino, la banda argentina \u00c9l Mat\u00f3 a un Polic\u00eda Motorizado regres\u00f3 a Ciudad de M\u00e9xico, para recordarnos porque seguimos siendo fans de su \u00faltimo disco \"La S\u00edntesis O'konor\", publicado en 2017.","og_url":"http:\/\/www.reconoce.mx\/?p=78741","og_site_name":"Reconoce MX","article_publisher":"https:\/\/es-la.facebook.com\/ReconoceMX\/","article_published_time":"2018-12-06T06:06:42+00:00","article_modified_time":"2018-12-06T17:21:29+00:00","og_image":[{"width":590,"height":380,"url":"http:\/\/www.reconoce.mx\/wp-content\/uploads\/2018\/12\/el-mato-a-un-policia.jpg","type":"image\/jpeg"}],"author":"Reconoce MX","twitter_card":"summary_large_image","twitter_creator":"@reconocemx","twitter_site":"@reconocemx","twitter_misc":{"Escrito por":"Reconoce MX","Tiempo de lectura":"1 minuto"},"schema":{"@context":"https:\/\/schema.org","@graph":[{"@type":"Article","@id":"http:\/\/www.reconoce.mx\/?p=78741#article","isPartOf":{"@id":"http:\/\/www.reconoce.mx\/?p=78741"},"author":{"name":"Reconoce MX","@id":"http:\/\/www.reconoce.mx\/#\/schema\/person\/2117e997d7051dc15d6880eaf9bca0b2"},"headline":"El Mat\u00f3 a un Polic\u00eda Motorizado y su gran noche en SALA Corona","datePublished":"2018-12-06T06:06:42+00:00","dateModified":"2018-12-06T17:21:29+00:00","mainEntityOfPage":{"@id":"http:\/\/www.reconoce.mx\/?p=78741"},"wordCount":299,"commentCount":0,"publisher":{"@id":"http:\/\/www.reconoce.mx\/#organization"},"image":{"@id":"http:\/\/www.reconoce.mx\/?p=78741#primaryimage"},"thumbnailUrl":"http:\/\/www.reconoce.mx\/wp-content\/uploads\/2018\/12\/el-mato-a-un-policia.jpg","articleSection":["Cultura","M\u00fasica","Principal"],"inLanguage":"es","potentialAction":[{"@type":"CommentAction","name":"Comment","target":["http:\/\/www.reconoce.mx\/?p=78741#respond"]}]},{"@type":"WebPage","@id":"http:\/\/www.reconoce.mx\/?p=78741","url":"http:\/\/www.reconoce.mx\/?p=78741","name":"El Mat\u00f3 a un Polic\u00eda Motorizado y su gran noche en SALA Corona &#171; Reconoce MX","isPartOf":{"@id":"http:\/\/www.reconoce.mx\/#website"},"primaryImageOfPage":{"@id":"http:\/\/www.reconoce.mx\/?p=78741#primaryimage"},"image":{"@id":"http:\/\/www.reconoce.mx\/?p=78741#primaryimage"},"thumbnailUrl":"http:\/\/www.reconoce.mx\/wp-content\/uploads\/2018\/12\/el-mato-a-un-policia.jpg","datePublished":"2018-12-06T06:06:42+00:00","dateModified":"2018-12-06T17:21:29+00:00","breadcrumb":{"@id":"http:\/\/www.reconoce.mx\/?p=78741#breadcrumb"},"inLanguage":"es","potentialAction":[{"@type":"ReadAction","target":["http:\/\/www.reconoce.mx\/?p=78741"]}]},{"@type":"ImageObject","inLanguage":"es","@id":"http:\/\/www.reconoce.mx\/?p=78741#primaryimage","url":"http:\/\/www.reconoce.mx\/wp-content\/uploads\/2018\/12\/el-mato-a-un-policia.jpg","contentUrl":"http:\/\/www.reconoce.mx\/wp-content\/uploads\/2018\/12\/el-mato-a-un-policia.jpg","width":590,"height":380},{"@type":"BreadcrumbList","@id":"http:\/\/www.reconoce.mx\/?p=78741#breadcrumb","itemListElement":[{"@type":"ListItem","position":1,"name":"Portada","item":"http:\/\/www.reconoce.mx\/"},{"@type":"ListItem","position":2,"name":"El Mat\u00f3 a un Polic\u00eda Motorizado y su gran noche en SALA Corona"}]},{"@type":"WebSite","@id":"http:\/\/www.reconoce.mx\/#website","url":"http:\/\/www.reconoce.mx\/","name":"Reconoce MX","description":"En Reconoce MX difundimos arte, cultura y conciencia social en M\u00e9xico. Tu ciudad en otra perspectiva.","publisher":{"@id":"http:\/\/www.reconoce.mx\/#organization"},"potentialAction":[{"@type":"SearchAction","target":{"@type":"EntryPoint","urlTemplate":"http:\/\/www.reconoce.mx\/?s={search_term_string}"},"query-input":{"@type":"PropertyValueSpecification","valueRequired":true,"valueName":"search_term_string"}}],"inLanguage":"es"},{"@type":"Organization","@id":"http:\/\/www.reconoce.mx\/#organization","name":"Reconoce MX","url":"http:\/\/www.reconoce.mx\/","logo":{"@type":"ImageObject","inLanguage":"es","@id":"http:\/\/www.reconoce.mx\/#\/schema\/logo\/image\/","url":"https:\/\/www.reconoce.mx\/wp-content\/uploads\/2019\/03\/logorcmx-good-1.png","contentUrl":"https:\/\/www.reconoce.mx\/wp-content\/uploads\/2019\/03\/logorcmx-good-1.png","width":280,"height":90,"caption":"Reconoce MX"},"image":{"@id":"http:\/\/www.reconoce.mx\/#\/schema\/logo\/image\/"},"sameAs":["https:\/\/es-la.facebook.com\/ReconoceMX\/","https:\/\/x.com\/reconocemx","http:\/\/@reconocemx"]},{"@type":"Person","@id":"http:\/\/www.reconoce.mx\/#\/schema\/person\/2117e997d7051dc15d6880eaf9bca0b2","name":"Reconoce MX","image":{"@type":"ImageObject","inLanguage":"es","@id":"http:\/\/www.reconoce.mx\/#\/schema\/person\/image\/","url":"https:\/\/secure.gravatar.com\/avatar\/6c8d4dc7569ca1c90c5fdcc349f839d5ddef6fe1e70b4337ead2ef1a4c43fc3a?s=96&d=identicon&r=g","contentUrl":"https:\/\/secure.gravatar.com\/avatar\/6c8d4dc7569ca1c90c5fdcc349f839d5ddef6fe1e70b4337ead2ef1a4c43fc3a?s=96&d=identicon&r=g","caption":"Reconoce MX"},"description":"Reconoce MX es un proyecto de difusi\u00f3n art\u00edstica, cultural y de conciencia social que est\u00e1 enfocado a difundir y fomentar el entretenimiento alternativo de calidad para todo el p\u00fablico que comparta el mismo entusiasmo.","sameAs":["http:\/\/www.reconoce.mx"],"url":"http:\/\/www.reconoce.mx\/?author=2"}]}},"_links":{"self":[{"href":"http:\/\/www.reconoce.mx\/index.php?rest_route=\/wp\/v2\/posts\/78741","targetHints":{"allow":["GET"]}}],"collection":[{"href":"http:\/\/www.reconoce.mx\/index.php?rest_route=\/wp\/v2\/posts"}],"about":[{"href":"http:\/\/www.reconoce.mx\/index.php?rest_route=\/wp\/v2\/types\/post"}],"author":[{"embeddable":true,"href":"http:\/\/www.reconoce.mx\/index.php?rest_route=\/wp\/v2\/users\/2"}],"replies":[{"embeddable":true,"href":"http:\/\/www.reconoce.mx\/index.php?rest_route=%2Fwp%2Fv2%2Fcomments&post=78741"}],"version-history":[{"count":2,"href":"http:\/\/www.reconoce.mx\/index.php?rest_route=\/wp\/v2\/posts\/78741\/revisions"}],"predecessor-version":[{"id":78746,"href":"http:\/\/www.reconoce.mx\/index.php?rest_route=\/wp\/v2\/posts\/78741\/revisions\/78746"}],"wp:featuredmedia":[{"embeddable":true,"href":"http:\/\/www.reconoce.mx\/index.php?rest_route=\/wp\/v2\/media\/78743"}],"wp:attachment":[{"href":"http:\/\/www.reconoce.mx\/index.php?rest_route=%2Fwp%2Fv2%2Fmedia&parent=78741"}],"wp:term":[{"taxonomy":"category","embeddable":true,"href":"http:\/\/www.reconoce.mx\/index.php?rest_route=%2Fwp%2Fv2%2Fcategories&post=78741"},{"taxonomy":"post_tag","embeddable":true,"href":"http:\/\/www.reconoce.mx\/index.php?rest_route=%2Fwp%2Fv2%2Ftags&post=78741"}],"curies":[{"name":"wp","href":"https:\/\/api.w.org\/{rel}","templated":true}]}}