{"id":78753,"date":"2018-12-07T00:02:22","date_gmt":"2018-12-07T06:02:22","guid":{"rendered":"http:\/\/www.reconoce.mx\/?p=78753"},"modified":"2018-12-07T08:25:58","modified_gmt":"2018-12-07T14:25:58","slug":"el-plaza-condesa-cartelera-del-07-al-13-de-diciembre","status":"publish","type":"post","link":"http:\/\/www.reconoce.mx\/?p=78753","title":{"rendered":"El Plaza Condesa: Cartelera del 07 al 13 de diciembre"},"content":{"rendered":"<p><strong>Por <a title=\"@AsfaltosTweets\" href=\"http:\/\/twitter.com\/AsfaltosTweets\" target=\"_blank\" rel=\"noopener noreferrer\">Asfaltos<\/a><\/strong>.<\/p>\n<p>Construido entre 1952 y 1973,<strong> El Plaza Condesa<\/strong> es hoy uno de los foros musicales m\u00e1s importantes de nuestro pa\u00eds y la capital. Ubicado en un sitio privilegiado, en la colonia Condesa rodeado de los parques Espa\u00f1a y M\u00e9xico, as\u00ed como rodeado de librer\u00edas, restaurantes y galer\u00edas de arte, la historia de <strong>El Plaza<\/strong> como foro musical inici\u00f3 el 14 de septiembre de 2011, d\u00eda en el que fue reinaugurado tras una importante remodelaci\u00f3n.<\/p>\n<p>En el mejor \u00e1nimo de que pasen un gran momento, ustedes amantes de la m\u00fasica, les compartimos de manera semanal la cartelera de <strong>El Plaza Condesa<\/strong>.<\/p>\n<h1><strong>La Vela Puerca<br \/>\n<\/strong><\/h1>\n<p>\/\/ diciembre 7, viernes, 21:00h<br \/>\n\/\/ precios: balc\u00f3n $500; palco y salas $400; pista $300<\/p>\n<style>.embed-container { position: relative; padding-bottom: 56.25%; height: 0; overflow: hidden; max-width: 100%; } .embed-container iframe, .embed-container object, .embed-container embed { position: absolute; top: 0; left: 0; width: 100%; height: 100%; }<\/style>\n<div class=\"embed-container\"><iframe src=\"https:\/\/www.youtube.com\/embed\/uvdLh7shfD4\" frameborder=\"0\" allowfullscreen=\"allowfullscreen\"><\/iframe><\/div>\n<p>&nbsp;<\/p>\n<p><strong>La Vela Puerca<\/strong> regresa a M\u00e9xico para compartir con sus fieles seguidores los temas de su m\u00e1s reciente producci\u00f3n discogr\u00e1fica titulada \u201cDestilar\u201d, adem\u00e1s de un repaso por lo mejor de su repertorio. La cita con sus fans ser\u00e1 el pr\u00f3ximo 7 de diciembre en <strong>El Plaza Condesa<\/strong>.<\/p>\n<p><strong>La Vela Puerca<\/strong> es una banda uruguaya de rock y ska, pieza clave en la corriente del nuevo rock uruguayo de la segunda mitad de los noventas. Actualmente es una de las agrupaciones de aquel pa\u00eds con una s\u00f3lida base de seguidores y una de las pioneras en tener presentaciones en otros pa\u00edses, principalmente Argentina, M\u00e9xico y varias ciudades de Europa.<\/p>\n<p>Su primer concierto fue el 24 de diciembre de 1995 a las afueras del bar <strong>El Tigre<\/strong> en Montevideo. Esta presentaci\u00f3n fue grabada y con el video lograron entrar en el concurso \u201cGeneraci\u00f3n 96\u201d, organizado por un canal de televisi\u00f3n local.<\/p>\n<p><strong>La Vela Puerca<\/strong> se alz\u00f3 con el primer lugar en el concurso y obtuvo como premio una guitarra, un amplificador y 80 horas de grabaci\u00f3n para su primer disco.<\/p>\n<p>De entonces a la fecha han lanzado 10 discos de estudio: \u00abDeskarado\u00bb (1998), \u00abDe bichos y flores\u00bb (2001), \u00abA contra luz\u00bb (2004), \u00abEl impulso\u00bb (2007), \u00abNormalmente anormal\u00bb (2009), \u00abPiel y hueso\u00bb (2011), \u00abPasaje salvo\u00bb (2013), \u00abUno para todos\u00bb (2014), \u00ab\u00c9rase\u00bb (2014) y este 2018 lanzaron al mercado \u00abDestilar\u00bb, su m\u00e1s reciente producci\u00f3n.<\/p>\n<p>Los boletos estar\u00e1n disponibles en taquillas del inmueble y la red <a href=\"https:\/\/www.ticketmaster.com.mx\/la-vela-puerca-mexico-distrito-federal-07-12-2018\/event\/14005495BE998EAD?artistid=709791&amp;majorcatid=10001&amp;minorcatid=826&amp;tm_link=artist_msg-0_14005495BE998EAD\" target=\"_blank\" rel=\"noopener\">Ticketmaster<\/a>.<\/p>\n<h1><strong>Los Amigos Invisibles<br \/>\n<\/strong><\/h1>\n<p>\/\/ diciembre 11, martes, 21:00h<br \/>\n\/\/ diciembre 12, mi\u00e9rcoles, 21:00h<br \/>\n\/\/ precios: balc\u00f3n $850; palco y salas $700; pista $550<\/p>\n<style>.embed-container { position: relative; padding-bottom: 56.25%; height: 0; overflow: hidden; max-width: 100%; } .embed-container iframe, .embed-container object, .embed-container embed { position: absolute; top: 0; left: 0; width: 100%; height: 100%; }<\/style>\n<div class=\"embed-container\"><iframe src=\"https:\/\/www.youtube.com\/embed\/9B3mnFriMqk\" frameborder=\"0\" allowfullscreen=\"allowfullscreen\"><\/iframe><\/div>\n<p>&nbsp;<\/p>\n<p>Como ya es tradici\u00f3n, la agrupaci\u00f3n venezolana, <strong>Los Amigos Invisibles<\/strong>, refrenda su amor por el p\u00fablico mexicano y anuncia una fecha en la Ciudad de M\u00e9xico el pr\u00f3ximo 11 de diciembre en <strong>El Plaza Condesa<\/strong>.<\/p>\n<p>Los ganadores del <strong>Grammy Latino<\/strong> comienzan una nueva etapa en su exitosa carrera en la que han cosechado cinco nominaciones a dichos premios, tres nominaciones al <strong>Grammy<\/strong>, m\u00e1s de 60 pa\u00edses visitados, nueve discos de estudio, un DVD+CD en vivo, un \u00e1lbum de remixes y una casa disquera propia en 22 a\u00f1os de trayectoria, eso sin contar que varias de sus canciones han sido ganadoras del premio \u201cCanci\u00f3n del a\u00f1o\u201d por la <strong>Sociedad Americana de Compositores<\/strong> (ASCAP por sus siglas en ingles).<\/p>\n<p>La banda es due\u00f1a de un inconfundible sonido que fusiona elementos de la m\u00fasica disco, acid jazz, funk y ritmos latinos, con los que conquistaron el coraz\u00f3n del p\u00fablico no s\u00f3lo en su natal Venezuela sino en diferentes rincones del mundo incluyendo nuestro pa\u00eds. Actualmente la banda est\u00e1 integrada por Julio Brice\u00f1o (voz), Juan Manuel Roura (bater\u00eda) y Jos\u00e9 Rafael Torres (bajo).<\/p>\n<p>Temas cl\u00e1sicos como \u201cMentiras\u201d, \u201cEn cuatro\u201d y \u201cLa que me gusta\u201d, no podr\u00e1n faltar en esta pr\u00f3xima presentaci\u00f3n en <strong>El Plaza Condesa<\/strong> el pr\u00f3ximo 11 de diciembre.<\/p>\n<p>Los boletos para ser parte de esta \u00fanica presentaci\u00f3n est\u00e1n disponibles en taquillas del inmueble y la red <a href=\"https:\/\/www.ticketmaster.com.mx\/los-amigos-invisibles-mexico-distrito-federal-11-12-2018\/event\/140054DDBCF88AC5?artistid=800300&amp;majorcatid=10001&amp;minorcatid=826\" target=\"_blank\" rel=\"noopener\">Ticketmaster<\/a>.<\/p>\n<h1><strong>Marky Ramone<br \/>\n<\/strong><\/h1>\n<p>\/\/ diciembre 13, jueves, 21:00h<br \/>\n\/\/ precios: balc\u00f3n $530; palco y salas $430; pista $330<\/p>\n<style>.embed-container { position: relative; padding-bottom: 56.25%; height: 0; overflow: hidden; max-width: 100%; } .embed-container iframe, .embed-container object, .embed-container embed { position: absolute; top: 0; left: 0; width: 100%; height: 100%; }<\/style>\n<div class=\"embed-container\"><iframe src=\"https:\/\/www.youtube.com\/embed\/tosw3H5hqKU\" frameborder=\"0\" allowfullscreen=\"allowfullscreen\"><\/iframe><\/div>\n<p>&nbsp;<\/p>\n<p>Luego de su exitoso paso por el <strong>Festival Vive Latino<\/strong> en 2017, el legendario <strong>Marky Ramone<\/strong>, una de las figuras m\u00e1s ic\u00f3nicas del punk-rock, regresa a la Ciudad de M\u00e9xico para ofrecer un excitante show en <strong>El Plaza Condesa<\/strong> el pr\u00f3ximo 13 de diciembre.<\/p>\n<p>\u00abMarky Ramone\u2019s Blitzkrieg\u00bb ha vuelto con una peque\u00f1a gira mundial en la que la bater\u00eda de Marky se suma a la voz del Vasco Pela, quien fue criado musicalmente por los Ramones y por la escena punk del Pa\u00eds Vasco en los 80.<\/p>\n<p>Marky es mejor conocido por los 15 a\u00f1os que pas\u00f3 tocando la bater\u00eda para la ic\u00f3nica banda, <strong>Ramones<\/strong>. \u00c9l es el \u00fanico miembro de esta agrupaci\u00f3n que sigue vivo y el \u00fanico que obtuvo un <strong>Grammy<\/strong> por su trayectoria e influencia en la m\u00fasica. Tambi\u00e9n tiene su lugar en el <strong>Sal\u00f3n de la Fama del Rock and Roll<\/strong>.<\/p>\n<p>Marky reemplaz\u00f3 a Tommy Ramone en la bater\u00eda de <strong>Ramones<\/strong> despu\u00e9s de que \u00e9ste se retirara en 1978. Su primera participaci\u00f3n fue en el disco \u201cRoad to Ruin\u201d de ese mismo a\u00f1o. En 2006 se celebr\u00f3 el 30 aniversario de la grabaci\u00f3n del primer \u00e1lbum de la banda, \u201cRamones\u201d, considerado uno de los 25 discos m\u00e1s influyentes del siglo XX por el <strong>The New York Times<\/strong>. Este disco fue lanzado al mercado el 23 de abril de 1976, motivo por el cual, Marky se encarg\u00f3 de realizar una gira mundial en la que interpret\u00f3 temas como: \u00abBlitzkrieg Bop\u00bb, \u00abJudy is a punk\u00bb, \u00abBeat On The Brat\u00bb, entre otras.<\/p>\n<p>Marky regresa a tierra azteca para una especial presentaci\u00f3n en <strong>El Plaza Condesa <\/strong>el pr\u00f3ximo 13 de diciembre. Los boletos est\u00e1n disponibles en taquillas del inmueble y la red <a href=\"https:\/\/www.ticketmaster.com.mx\/marky-ramone-mexico-distrito-federal-13-12-2018\/event\/1400545BA574580D?artistid=771379&amp;majorcatid=10001&amp;minorcatid=826\" target=\"_blank\" rel=\"noopener\">Ticketmaster<\/a>.<\/p>\n<p><strong>El Plaza Condesa<\/strong> se encuentra ubicado en Juan Escutia #4, Condesa, Cuauht\u00e9moc, Ciudad de M\u00e9xico.<\/p>\n<p>&nbsp;<\/p>\n<p>&nbsp;<\/p>\n","protected":false},"excerpt":{"rendered":"<p>En el mejor \u00e1nimo de que pasen un gran momento, ustedes amantes de la m\u00fasica, les compartimos de manera semanal la cartelera de El Plaza Condesa.<\/p>\n","protected":false},"author":2,"featured_media":43737,"comment_status":"open","ping_status":"open","sticky":false,"template":"","format":"standard","meta":{"footnotes":""},"categories":[1,18,17],"tags":[],"class_list":["post-78753","post","type-post","status-publish","format-standard","has-post-thumbnail","hentry","category-cultura","category-musica","category-principal"],"yoast_head":"<!-- This site is optimized with the Yoast SEO plugin v24.7 - https:\/\/yoast.com\/wordpress\/plugins\/seo\/ -->\n<title>El Plaza Condesa: Cartelera del 07 al 13 de diciembre &#171; Reconoce MX<\/title>\n<meta name=\"robots\" content=\"index, follow, max-snippet:-1, max-image-preview:large, max-video-preview:-1\" \/>\n<link rel=\"canonical\" href=\"https:\/\/www.reconoce.mx\/?p=78753\" \/>\n<meta property=\"og:locale\" content=\"es_ES\" \/>\n<meta property=\"og:type\" content=\"article\" \/>\n<meta property=\"og:title\" content=\"El Plaza Condesa: Cartelera del 07 al 13 de diciembre &#171; Reconoce MX\" \/>\n<meta property=\"og:description\" content=\"En el mejor \u00e1nimo de que pasen un gran momento, ustedes amantes de la m\u00fasica, les compartimos de manera semanal la cartelera de El Plaza Condesa.\" \/>\n<meta property=\"og:url\" content=\"https:\/\/www.reconoce.mx\/?p=78753\" \/>\n<meta property=\"og:site_name\" content=\"Reconoce MX\" \/>\n<meta property=\"article:publisher\" content=\"https:\/\/es-la.facebook.com\/ReconoceMX\/\" \/>\n<meta property=\"article:published_time\" content=\"2018-12-07T06:02:22+00:00\" \/>\n<meta property=\"article:modified_time\" content=\"2018-12-07T14:25:58+00:00\" \/>\n<meta property=\"og:image\" content=\"https:\/\/www.reconoce.mx\/wp-content\/uploads\/2016\/01\/elplaza-condesa.png\" \/>\n\t<meta property=\"og:image:width\" content=\"570\" \/>\n\t<meta property=\"og:image:height\" content=\"360\" \/>\n\t<meta property=\"og:image:type\" content=\"image\/png\" \/>\n<meta name=\"author\" content=\"Reconoce MX\" \/>\n<meta name=\"twitter:card\" content=\"summary_large_image\" \/>\n<meta name=\"twitter:creator\" content=\"@reconocemx\" \/>\n<meta name=\"twitter:site\" content=\"@reconocemx\" \/>\n<meta name=\"twitter:label1\" content=\"Escrito por\" \/>\n\t<meta name=\"twitter:data1\" content=\"Reconoce MX\" \/>\n\t<meta name=\"twitter:label2\" content=\"Tiempo de lectura\" \/>\n\t<meta name=\"twitter:data2\" content=\"5 minutos\" \/>\n<script type=\"application\/ld+json\" class=\"yoast-schema-graph\">{\"@context\":\"https:\/\/schema.org\",\"@graph\":[{\"@type\":\"Article\",\"@id\":\"https:\/\/www.reconoce.mx\/?p=78753#article\",\"isPartOf\":{\"@id\":\"https:\/\/www.reconoce.mx\/?p=78753\"},\"author\":{\"name\":\"Reconoce MX\",\"@id\":\"http:\/\/www.reconoce.mx\/#\/schema\/person\/2117e997d7051dc15d6880eaf9bca0b2\"},\"headline\":\"El Plaza Condesa: Cartelera del 07 al 13 de diciembre\",\"datePublished\":\"2018-12-07T06:02:22+00:00\",\"dateModified\":\"2018-12-07T14:25:58+00:00\",\"mainEntityOfPage\":{\"@id\":\"https:\/\/www.reconoce.mx\/?p=78753\"},\"wordCount\":964,\"commentCount\":0,\"publisher\":{\"@id\":\"http:\/\/www.reconoce.mx\/#organization\"},\"image\":{\"@id\":\"https:\/\/www.reconoce.mx\/?p=78753#primaryimage\"},\"thumbnailUrl\":\"http:\/\/www.reconoce.mx\/wp-content\/uploads\/2016\/01\/elplaza-condesa.png\",\"articleSection\":[\"Cultura\",\"M\u00fasica\",\"Principal\"],\"inLanguage\":\"es\",\"potentialAction\":[{\"@type\":\"CommentAction\",\"name\":\"Comment\",\"target\":[\"https:\/\/www.reconoce.mx\/?p=78753#respond\"]}]},{\"@type\":\"WebPage\",\"@id\":\"https:\/\/www.reconoce.mx\/?p=78753\",\"url\":\"https:\/\/www.reconoce.mx\/?p=78753\",\"name\":\"El Plaza Condesa: Cartelera del 07 al 13 de diciembre &#171; Reconoce MX\",\"isPartOf\":{\"@id\":\"http:\/\/www.reconoce.mx\/#website\"},\"primaryImageOfPage\":{\"@id\":\"https:\/\/www.reconoce.mx\/?p=78753#primaryimage\"},\"image\":{\"@id\":\"https:\/\/www.reconoce.mx\/?p=78753#primaryimage\"},\"thumbnailUrl\":\"http:\/\/www.reconoce.mx\/wp-content\/uploads\/2016\/01\/elplaza-condesa.png\",\"datePublished\":\"2018-12-07T06:02:22+00:00\",\"dateModified\":\"2018-12-07T14:25:58+00:00\",\"breadcrumb\":{\"@id\":\"https:\/\/www.reconoce.mx\/?p=78753#breadcrumb\"},\"inLanguage\":\"es\",\"potentialAction\":[{\"@type\":\"ReadAction\",\"target\":[\"https:\/\/www.reconoce.mx\/?p=78753\"]}]},{\"@type\":\"ImageObject\",\"inLanguage\":\"es\",\"@id\":\"https:\/\/www.reconoce.mx\/?p=78753#primaryimage\",\"url\":\"http:\/\/www.reconoce.mx\/wp-content\/uploads\/2016\/01\/elplaza-condesa.png\",\"contentUrl\":\"http:\/\/www.reconoce.mx\/wp-content\/uploads\/2016\/01\/elplaza-condesa.png\",\"width\":570,\"height\":360},{\"@type\":\"BreadcrumbList\",\"@id\":\"https:\/\/www.reconoce.mx\/?p=78753#breadcrumb\",\"itemListElement\":[{\"@type\":\"ListItem\",\"position\":1,\"name\":\"Portada\",\"item\":\"http:\/\/www.reconoce.mx\/\"},{\"@type\":\"ListItem\",\"position\":2,\"name\":\"El Plaza Condesa: Cartelera del 07 al 13 de diciembre\"}]},{\"@type\":\"WebSite\",\"@id\":\"http:\/\/www.reconoce.mx\/#website\",\"url\":\"http:\/\/www.reconoce.mx\/\",\"name\":\"Reconoce MX\",\"description\":\"En Reconoce MX difundimos arte, cultura y conciencia social en M\u00e9xico. Tu ciudad en otra perspectiva.\",\"publisher\":{\"@id\":\"http:\/\/www.reconoce.mx\/#organization\"},\"potentialAction\":[{\"@type\":\"SearchAction\",\"target\":{\"@type\":\"EntryPoint\",\"urlTemplate\":\"http:\/\/www.reconoce.mx\/?s={search_term_string}\"},\"query-input\":{\"@type\":\"PropertyValueSpecification\",\"valueRequired\":true,\"valueName\":\"search_term_string\"}}],\"inLanguage\":\"es\"},{\"@type\":\"Organization\",\"@id\":\"http:\/\/www.reconoce.mx\/#organization\",\"name\":\"Reconoce MX\",\"url\":\"http:\/\/www.reconoce.mx\/\",\"logo\":{\"@type\":\"ImageObject\",\"inLanguage\":\"es\",\"@id\":\"http:\/\/www.reconoce.mx\/#\/schema\/logo\/image\/\",\"url\":\"https:\/\/www.reconoce.mx\/wp-content\/uploads\/2019\/03\/logorcmx-good-1.png\",\"contentUrl\":\"https:\/\/www.reconoce.mx\/wp-content\/uploads\/2019\/03\/logorcmx-good-1.png\",\"width\":280,\"height\":90,\"caption\":\"Reconoce MX\"},\"image\":{\"@id\":\"http:\/\/www.reconoce.mx\/#\/schema\/logo\/image\/\"},\"sameAs\":[\"https:\/\/es-la.facebook.com\/ReconoceMX\/\",\"https:\/\/x.com\/reconocemx\",\"http:\/\/@reconocemx\"]},{\"@type\":\"Person\",\"@id\":\"http:\/\/www.reconoce.mx\/#\/schema\/person\/2117e997d7051dc15d6880eaf9bca0b2\",\"name\":\"Reconoce MX\",\"image\":{\"@type\":\"ImageObject\",\"inLanguage\":\"es\",\"@id\":\"http:\/\/www.reconoce.mx\/#\/schema\/person\/image\/\",\"url\":\"https:\/\/secure.gravatar.com\/avatar\/6c8d4dc7569ca1c90c5fdcc349f839d5ddef6fe1e70b4337ead2ef1a4c43fc3a?s=96&d=identicon&r=g\",\"contentUrl\":\"https:\/\/secure.gravatar.com\/avatar\/6c8d4dc7569ca1c90c5fdcc349f839d5ddef6fe1e70b4337ead2ef1a4c43fc3a?s=96&d=identicon&r=g\",\"caption\":\"Reconoce MX\"},\"description\":\"Reconoce MX es un proyecto de difusi\u00f3n art\u00edstica, cultural y de conciencia social que est\u00e1 enfocado a difundir y fomentar el entretenimiento alternativo de calidad para todo el p\u00fablico que comparta el mismo entusiasmo.\",\"sameAs\":[\"http:\/\/www.reconoce.mx\"],\"url\":\"http:\/\/www.reconoce.mx\/?author=2\"}]}<\/script>\n<!-- \/ Yoast SEO plugin. -->","yoast_head_json":{"title":"El Plaza Condesa: Cartelera del 07 al 13 de diciembre &#171; Reconoce MX","robots":{"index":"index","follow":"follow","max-snippet":"max-snippet:-1","max-image-preview":"max-image-preview:large","max-video-preview":"max-video-preview:-1"},"canonical":"https:\/\/www.reconoce.mx\/?p=78753","og_locale":"es_ES","og_type":"article","og_title":"El Plaza Condesa: Cartelera del 07 al 13 de diciembre &#171; Reconoce MX","og_description":"En el mejor \u00e1nimo de que pasen un gran momento, ustedes amantes de la m\u00fasica, les compartimos de manera semanal la cartelera de El Plaza Condesa.","og_url":"https:\/\/www.reconoce.mx\/?p=78753","og_site_name":"Reconoce MX","article_publisher":"https:\/\/es-la.facebook.com\/ReconoceMX\/","article_published_time":"2018-12-07T06:02:22+00:00","article_modified_time":"2018-12-07T14:25:58+00:00","og_image":[{"width":570,"height":360,"url":"https:\/\/www.reconoce.mx\/wp-content\/uploads\/2016\/01\/elplaza-condesa.png","type":"image\/png"}],"author":"Reconoce MX","twitter_card":"summary_large_image","twitter_creator":"@reconocemx","twitter_site":"@reconocemx","twitter_misc":{"Escrito por":"Reconoce MX","Tiempo de lectura":"5 minutos"},"schema":{"@context":"https:\/\/schema.org","@graph":[{"@type":"Article","@id":"https:\/\/www.reconoce.mx\/?p=78753#article","isPartOf":{"@id":"https:\/\/www.reconoce.mx\/?p=78753"},"author":{"name":"Reconoce MX","@id":"http:\/\/www.reconoce.mx\/#\/schema\/person\/2117e997d7051dc15d6880eaf9bca0b2"},"headline":"El Plaza Condesa: Cartelera del 07 al 13 de diciembre","datePublished":"2018-12-07T06:02:22+00:00","dateModified":"2018-12-07T14:25:58+00:00","mainEntityOfPage":{"@id":"https:\/\/www.reconoce.mx\/?p=78753"},"wordCount":964,"commentCount":0,"publisher":{"@id":"http:\/\/www.reconoce.mx\/#organization"},"image":{"@id":"https:\/\/www.reconoce.mx\/?p=78753#primaryimage"},"thumbnailUrl":"http:\/\/www.reconoce.mx\/wp-content\/uploads\/2016\/01\/elplaza-condesa.png","articleSection":["Cultura","M\u00fasica","Principal"],"inLanguage":"es","potentialAction":[{"@type":"CommentAction","name":"Comment","target":["https:\/\/www.reconoce.mx\/?p=78753#respond"]}]},{"@type":"WebPage","@id":"https:\/\/www.reconoce.mx\/?p=78753","url":"https:\/\/www.reconoce.mx\/?p=78753","name":"El Plaza Condesa: Cartelera del 07 al 13 de diciembre &#171; Reconoce MX","isPartOf":{"@id":"http:\/\/www.reconoce.mx\/#website"},"primaryImageOfPage":{"@id":"https:\/\/www.reconoce.mx\/?p=78753#primaryimage"},"image":{"@id":"https:\/\/www.reconoce.mx\/?p=78753#primaryimage"},"thumbnailUrl":"http:\/\/www.reconoce.mx\/wp-content\/uploads\/2016\/01\/elplaza-condesa.png","datePublished":"2018-12-07T06:02:22+00:00","dateModified":"2018-12-07T14:25:58+00:00","breadcrumb":{"@id":"https:\/\/www.reconoce.mx\/?p=78753#breadcrumb"},"inLanguage":"es","potentialAction":[{"@type":"ReadAction","target":["https:\/\/www.reconoce.mx\/?p=78753"]}]},{"@type":"ImageObject","inLanguage":"es","@id":"https:\/\/www.reconoce.mx\/?p=78753#primaryimage","url":"http:\/\/www.reconoce.mx\/wp-content\/uploads\/2016\/01\/elplaza-condesa.png","contentUrl":"http:\/\/www.reconoce.mx\/wp-content\/uploads\/2016\/01\/elplaza-condesa.png","width":570,"height":360},{"@type":"BreadcrumbList","@id":"https:\/\/www.reconoce.mx\/?p=78753#breadcrumb","itemListElement":[{"@type":"ListItem","position":1,"name":"Portada","item":"http:\/\/www.reconoce.mx\/"},{"@type":"ListItem","position":2,"name":"El Plaza Condesa: Cartelera del 07 al 13 de diciembre"}]},{"@type":"WebSite","@id":"http:\/\/www.reconoce.mx\/#website","url":"http:\/\/www.reconoce.mx\/","name":"Reconoce MX","description":"En Reconoce MX difundimos arte, cultura y conciencia social en M\u00e9xico. Tu ciudad en otra perspectiva.","publisher":{"@id":"http:\/\/www.reconoce.mx\/#organization"},"potentialAction":[{"@type":"SearchAction","target":{"@type":"EntryPoint","urlTemplate":"http:\/\/www.reconoce.mx\/?s={search_term_string}"},"query-input":{"@type":"PropertyValueSpecification","valueRequired":true,"valueName":"search_term_string"}}],"inLanguage":"es"},{"@type":"Organization","@id":"http:\/\/www.reconoce.mx\/#organization","name":"Reconoce MX","url":"http:\/\/www.reconoce.mx\/","logo":{"@type":"ImageObject","inLanguage":"es","@id":"http:\/\/www.reconoce.mx\/#\/schema\/logo\/image\/","url":"https:\/\/www.reconoce.mx\/wp-content\/uploads\/2019\/03\/logorcmx-good-1.png","contentUrl":"https:\/\/www.reconoce.mx\/wp-content\/uploads\/2019\/03\/logorcmx-good-1.png","width":280,"height":90,"caption":"Reconoce MX"},"image":{"@id":"http:\/\/www.reconoce.mx\/#\/schema\/logo\/image\/"},"sameAs":["https:\/\/es-la.facebook.com\/ReconoceMX\/","https:\/\/x.com\/reconocemx","http:\/\/@reconocemx"]},{"@type":"Person","@id":"http:\/\/www.reconoce.mx\/#\/schema\/person\/2117e997d7051dc15d6880eaf9bca0b2","name":"Reconoce MX","image":{"@type":"ImageObject","inLanguage":"es","@id":"http:\/\/www.reconoce.mx\/#\/schema\/person\/image\/","url":"https:\/\/secure.gravatar.com\/avatar\/6c8d4dc7569ca1c90c5fdcc349f839d5ddef6fe1e70b4337ead2ef1a4c43fc3a?s=96&d=identicon&r=g","contentUrl":"https:\/\/secure.gravatar.com\/avatar\/6c8d4dc7569ca1c90c5fdcc349f839d5ddef6fe1e70b4337ead2ef1a4c43fc3a?s=96&d=identicon&r=g","caption":"Reconoce MX"},"description":"Reconoce MX es un proyecto de difusi\u00f3n art\u00edstica, cultural y de conciencia social que est\u00e1 enfocado a difundir y fomentar el entretenimiento alternativo de calidad para todo el p\u00fablico que comparta el mismo entusiasmo.","sameAs":["http:\/\/www.reconoce.mx"],"url":"http:\/\/www.reconoce.mx\/?author=2"}]}},"_links":{"self":[{"href":"http:\/\/www.reconoce.mx\/index.php?rest_route=\/wp\/v2\/posts\/78753","targetHints":{"allow":["GET"]}}],"collection":[{"href":"http:\/\/www.reconoce.mx\/index.php?rest_route=\/wp\/v2\/posts"}],"about":[{"href":"http:\/\/www.reconoce.mx\/index.php?rest_route=\/wp\/v2\/types\/post"}],"author":[{"embeddable":true,"href":"http:\/\/www.reconoce.mx\/index.php?rest_route=\/wp\/v2\/users\/2"}],"replies":[{"embeddable":true,"href":"http:\/\/www.reconoce.mx\/index.php?rest_route=%2Fwp%2Fv2%2Fcomments&post=78753"}],"version-history":[{"count":1,"href":"http:\/\/www.reconoce.mx\/index.php?rest_route=\/wp\/v2\/posts\/78753\/revisions"}],"predecessor-version":[{"id":78756,"href":"http:\/\/www.reconoce.mx\/index.php?rest_route=\/wp\/v2\/posts\/78753\/revisions\/78756"}],"wp:featuredmedia":[{"embeddable":true,"href":"http:\/\/www.reconoce.mx\/index.php?rest_route=\/wp\/v2\/media\/43737"}],"wp:attachment":[{"href":"http:\/\/www.reconoce.mx\/index.php?rest_route=%2Fwp%2Fv2%2Fmedia&parent=78753"}],"wp:term":[{"taxonomy":"category","embeddable":true,"href":"http:\/\/www.reconoce.mx\/index.php?rest_route=%2Fwp%2Fv2%2Fcategories&post=78753"},{"taxonomy":"post_tag","embeddable":true,"href":"http:\/\/www.reconoce.mx\/index.php?rest_route=%2Fwp%2Fv2%2Ftags&post=78753"}],"curies":[{"name":"wp","href":"https:\/\/api.w.org\/{rel}","templated":true}]}}