{"id":78767,"date":"2018-12-07T00:04:25","date_gmt":"2018-12-07T06:04:25","guid":{"rendered":"http:\/\/www.reconoce.mx\/?p=78767"},"modified":"2018-12-07T09:13:36","modified_gmt":"2018-12-07T15:13:36","slug":"ya-llego-tu-semental","status":"publish","type":"post","link":"http:\/\/www.reconoce.mx\/?p=78767","title":{"rendered":"\u00a1Ya lleg\u00f3 tu Semental!"},"content":{"rendered":"<p><strong>Por <a href=\"https:\/\/twitter.com\/bere_alamo\" target=\"_blank\" rel=\"noopener\">Berenice Alamilla Monta\u00f1o<\/a><\/strong>.<\/p>\n<p>Despu\u00e9s de casi cuatro a\u00f1os, <strong>Semental<\/strong> llega a las plataformas m\u00e1s importantes de m\u00fasica de la era digital. Una banda conformada por \u00ab4 lokos\u00bb: Adri\u00e1n Valdespino (vocal), Mart\u00edn Aceves (bajo), Alex Blaze (guitarra) y Edwin Orozco (bater\u00eda), quienes cuentan a trav\u00e9s de sus canciones lo que les ha tocado vivir en carne propia.<\/p>\n<p><a href=\"http:\/\/www.reconoce.mx\/wp-content\/uploads\/2018\/12\/semental-2.jpg\"><img loading=\"lazy\" decoding=\"async\" class=\"aligncenter size-full wp-image-78770\" src=\"http:\/\/www.reconoce.mx\/wp-content\/uploads\/2018\/12\/semental-2.jpg\" alt=\"\" width=\"640\" height=\"960\" srcset=\"http:\/\/www.reconoce.mx\/wp-content\/uploads\/2018\/12\/semental-2.jpg 640w, http:\/\/www.reconoce.mx\/wp-content\/uploads\/2018\/12\/semental-2-200x300.jpg 200w, http:\/\/www.reconoce.mx\/wp-content\/uploads\/2018\/12\/semental-2-150x225.jpg 150w, http:\/\/www.reconoce.mx\/wp-content\/uploads\/2018\/12\/semental-2-300x450.jpg 300w\" sizes=\"auto, (max-width: 640px) 100vw, 640px\" \/><\/a><\/p>\n<p>Desde sus primeras experiencias en foros, hasta enamoramientos fugaces con maestras cuarentonas, la banda canta al ritmo acelerado y ascendente del rock duro cl\u00e1sico, mezclando ritmos conocidos como el de <strong>Molotov<\/strong>, <strong>Guns n\u2019 Roses<\/strong> y los <strong>Misfits<\/strong>, por mencionar algunas de sus influencias.<\/p>\n<p>Una banda que comenz\u00f3 como un sue\u00f1o de preparatoria, al fin ve la luz haciendo vibrar en esta era de pop y m\u00fasica prefabricada, rompiendo estigmas con letras irreverentes. Present\u00e1ndose con la rola que lleva el mismo nombre que la banda, \u00abSemental\u00bb es la m\u00e1s sonada de sus canciones despu\u00e9s de su primera semana en <strong>Spotify<\/strong>.<\/p>\n<p>Con el lanzamiento de su primer EP \u00abMal necesario\u00bb, estos cuatro muchachos llegaron para quedarse. Con seis canciones y muchas agallas para decir las cosas, la banda pone a cantar a cualquiera con sus letras subidas de tono haci\u00e9ndole eco a rockeros noventeros como <strong>Molotov<\/strong> y <strong>Resorte<\/strong>, pero con un estilo \u00fanico. Con canciones como: \u00abMujer diablo\u00bb, \u00abTerror\u00bb, \u00abEl blues de la Milf\u00bb, \u00abTristelectual\u00bb, \u00ab4 lokos\u00bb y \u00abSemental\u00bb, alzan la voz para contar la historia que les toc\u00f3 vivir en una cultura urbana de este M\u00e9xico contempor\u00e1neo.<\/p>\n<p>Una banda con fuerza, a la que le hace falta un peque\u00f1o empuj\u00f3n para que despegue.<\/p>\n<p><iframe title=\"Spotify Embed: Mal Necesario\" style=\"border-radius: 12px\" width=\"100%\" height=\"352\" frameborder=\"0\" allowfullscreen allow=\"autoplay; clipboard-write; encrypted-media; fullscreen; picture-in-picture\" loading=\"lazy\" src=\"https:\/\/open.spotify.com\/embed\/album\/4plCgkNfrxXU8ZNRpFF3SL?si=urAjXCOfTeah46t5rsExaw&#038;utm_source=oembed\"><\/iframe><\/p>\n<p>S\u00edgueles el paso a los <strong>Semental<\/strong> v\u00eda <a href=\"https:\/\/www.facebook.com\/SementalMX\/\" target=\"_blank\" rel=\"noopener\">Facebook<\/a> y <a href=\"http:\/\/twitter.com\/sementalMx\" target=\"_blank\" rel=\"noopener\">Twitter<\/a>.<\/p>\n<p>&nbsp;<\/p>\n<p>&nbsp;<\/p>\n","protected":false},"excerpt":{"rendered":"<p>Despu\u00e9s de casi cuatro a\u00f1os, Semental llega a las plataformas m\u00e1s importantes de m\u00fasica de la era digital. Una banda conformada por \u201c4 lokos\u201d: Adri\u00e1n Valdespino (vocal), Mart\u00edn Aceves (bajo), Alex Blaze (guitarra) y Edwin Orozco (bater\u00eda), quienes cuentan a trav\u00e9s de sus canciones lo que les ha tocado vivir en carne propia.<\/p>\n","protected":false},"author":2,"featured_media":78771,"comment_status":"open","ping_status":"open","sticky":false,"template":"","format":"standard","meta":{"footnotes":""},"categories":[1,18,17],"tags":[],"class_list":["post-78767","post","type-post","status-publish","format-standard","has-post-thumbnail","hentry","category-cultura","category-musica","category-principal"],"yoast_head":"<!-- This site is optimized with the Yoast SEO plugin v24.7 - https:\/\/yoast.com\/wordpress\/plugins\/seo\/ -->\n<title>\u00a1Ya lleg\u00f3 tu Semental! &#171; Reconoce MX<\/title>\n<meta name=\"robots\" content=\"index, follow, max-snippet:-1, max-image-preview:large, max-video-preview:-1\" \/>\n<link rel=\"canonical\" href=\"http:\/\/www.reconoce.mx\/?p=78767\" \/>\n<meta property=\"og:locale\" content=\"es_ES\" \/>\n<meta property=\"og:type\" content=\"article\" \/>\n<meta property=\"og:title\" content=\"\u00a1Ya lleg\u00f3 tu Semental! &#171; Reconoce MX\" \/>\n<meta property=\"og:description\" content=\"Despu\u00e9s de casi cuatro a\u00f1os, Semental llega a las plataformas m\u00e1s importantes de m\u00fasica de la era digital. Una banda conformada por \u201c4 lokos\u201d: Adri\u00e1n Valdespino (vocal), Mart\u00edn Aceves (bajo), Alex Blaze (guitarra) y Edwin Orozco (bater\u00eda), quienes cuentan a trav\u00e9s de sus canciones lo que les ha tocado vivir en carne propia.\" \/>\n<meta property=\"og:url\" content=\"http:\/\/www.reconoce.mx\/?p=78767\" \/>\n<meta property=\"og:site_name\" content=\"Reconoce MX\" \/>\n<meta property=\"article:publisher\" content=\"https:\/\/es-la.facebook.com\/ReconoceMX\/\" \/>\n<meta property=\"article:published_time\" content=\"2018-12-07T06:04:25+00:00\" \/>\n<meta property=\"article:modified_time\" content=\"2018-12-07T15:13:36+00:00\" \/>\n<meta property=\"og:image\" content=\"http:\/\/www.reconoce.mx\/wp-content\/uploads\/2018\/12\/semental-cover.jpg\" \/>\n\t<meta property=\"og:image:width\" content=\"590\" \/>\n\t<meta property=\"og:image:height\" content=\"380\" \/>\n\t<meta property=\"og:image:type\" content=\"image\/jpeg\" \/>\n<meta name=\"author\" content=\"Reconoce MX\" \/>\n<meta name=\"twitter:card\" content=\"summary_large_image\" \/>\n<meta name=\"twitter:creator\" content=\"@reconocemx\" \/>\n<meta name=\"twitter:site\" content=\"@reconocemx\" \/>\n<meta name=\"twitter:label1\" content=\"Escrito por\" \/>\n\t<meta name=\"twitter:data1\" content=\"Reconoce MX\" \/>\n\t<meta name=\"twitter:label2\" content=\"Tiempo de lectura\" \/>\n\t<meta name=\"twitter:data2\" content=\"2 minutos\" \/>\n<script type=\"application\/ld+json\" class=\"yoast-schema-graph\">{\"@context\":\"https:\/\/schema.org\",\"@graph\":[{\"@type\":\"Article\",\"@id\":\"http:\/\/www.reconoce.mx\/?p=78767#article\",\"isPartOf\":{\"@id\":\"http:\/\/www.reconoce.mx\/?p=78767\"},\"author\":{\"name\":\"Reconoce MX\",\"@id\":\"http:\/\/www.reconoce.mx\/#\/schema\/person\/2117e997d7051dc15d6880eaf9bca0b2\"},\"headline\":\"\u00a1Ya lleg\u00f3 tu Semental!\",\"datePublished\":\"2018-12-07T06:04:25+00:00\",\"dateModified\":\"2018-12-07T15:13:36+00:00\",\"mainEntityOfPage\":{\"@id\":\"http:\/\/www.reconoce.mx\/?p=78767\"},\"wordCount\":307,\"commentCount\":0,\"publisher\":{\"@id\":\"http:\/\/www.reconoce.mx\/#organization\"},\"image\":{\"@id\":\"http:\/\/www.reconoce.mx\/?p=78767#primaryimage\"},\"thumbnailUrl\":\"http:\/\/www.reconoce.mx\/wp-content\/uploads\/2018\/12\/semental-cover.jpg\",\"articleSection\":[\"Cultura\",\"M\u00fasica\",\"Principal\"],\"inLanguage\":\"es\",\"potentialAction\":[{\"@type\":\"CommentAction\",\"name\":\"Comment\",\"target\":[\"http:\/\/www.reconoce.mx\/?p=78767#respond\"]}]},{\"@type\":\"WebPage\",\"@id\":\"http:\/\/www.reconoce.mx\/?p=78767\",\"url\":\"http:\/\/www.reconoce.mx\/?p=78767\",\"name\":\"\u00a1Ya lleg\u00f3 tu Semental! &#171; Reconoce MX\",\"isPartOf\":{\"@id\":\"http:\/\/www.reconoce.mx\/#website\"},\"primaryImageOfPage\":{\"@id\":\"http:\/\/www.reconoce.mx\/?p=78767#primaryimage\"},\"image\":{\"@id\":\"http:\/\/www.reconoce.mx\/?p=78767#primaryimage\"},\"thumbnailUrl\":\"http:\/\/www.reconoce.mx\/wp-content\/uploads\/2018\/12\/semental-cover.jpg\",\"datePublished\":\"2018-12-07T06:04:25+00:00\",\"dateModified\":\"2018-12-07T15:13:36+00:00\",\"breadcrumb\":{\"@id\":\"http:\/\/www.reconoce.mx\/?p=78767#breadcrumb\"},\"inLanguage\":\"es\",\"potentialAction\":[{\"@type\":\"ReadAction\",\"target\":[\"http:\/\/www.reconoce.mx\/?p=78767\"]}]},{\"@type\":\"ImageObject\",\"inLanguage\":\"es\",\"@id\":\"http:\/\/www.reconoce.mx\/?p=78767#primaryimage\",\"url\":\"http:\/\/www.reconoce.mx\/wp-content\/uploads\/2018\/12\/semental-cover.jpg\",\"contentUrl\":\"http:\/\/www.reconoce.mx\/wp-content\/uploads\/2018\/12\/semental-cover.jpg\",\"width\":590,\"height\":380},{\"@type\":\"BreadcrumbList\",\"@id\":\"http:\/\/www.reconoce.mx\/?p=78767#breadcrumb\",\"itemListElement\":[{\"@type\":\"ListItem\",\"position\":1,\"name\":\"Portada\",\"item\":\"http:\/\/www.reconoce.mx\/\"},{\"@type\":\"ListItem\",\"position\":2,\"name\":\"\u00a1Ya lleg\u00f3 tu Semental!\"}]},{\"@type\":\"WebSite\",\"@id\":\"http:\/\/www.reconoce.mx\/#website\",\"url\":\"http:\/\/www.reconoce.mx\/\",\"name\":\"Reconoce MX\",\"description\":\"En Reconoce MX difundimos arte, cultura y conciencia social en M\u00e9xico. Tu ciudad en otra perspectiva.\",\"publisher\":{\"@id\":\"http:\/\/www.reconoce.mx\/#organization\"},\"potentialAction\":[{\"@type\":\"SearchAction\",\"target\":{\"@type\":\"EntryPoint\",\"urlTemplate\":\"http:\/\/www.reconoce.mx\/?s={search_term_string}\"},\"query-input\":{\"@type\":\"PropertyValueSpecification\",\"valueRequired\":true,\"valueName\":\"search_term_string\"}}],\"inLanguage\":\"es\"},{\"@type\":\"Organization\",\"@id\":\"http:\/\/www.reconoce.mx\/#organization\",\"name\":\"Reconoce MX\",\"url\":\"http:\/\/www.reconoce.mx\/\",\"logo\":{\"@type\":\"ImageObject\",\"inLanguage\":\"es\",\"@id\":\"http:\/\/www.reconoce.mx\/#\/schema\/logo\/image\/\",\"url\":\"https:\/\/www.reconoce.mx\/wp-content\/uploads\/2019\/03\/logorcmx-good-1.png\",\"contentUrl\":\"https:\/\/www.reconoce.mx\/wp-content\/uploads\/2019\/03\/logorcmx-good-1.png\",\"width\":280,\"height\":90,\"caption\":\"Reconoce MX\"},\"image\":{\"@id\":\"http:\/\/www.reconoce.mx\/#\/schema\/logo\/image\/\"},\"sameAs\":[\"https:\/\/es-la.facebook.com\/ReconoceMX\/\",\"https:\/\/x.com\/reconocemx\",\"http:\/\/@reconocemx\"]},{\"@type\":\"Person\",\"@id\":\"http:\/\/www.reconoce.mx\/#\/schema\/person\/2117e997d7051dc15d6880eaf9bca0b2\",\"name\":\"Reconoce MX\",\"image\":{\"@type\":\"ImageObject\",\"inLanguage\":\"es\",\"@id\":\"http:\/\/www.reconoce.mx\/#\/schema\/person\/image\/\",\"url\":\"https:\/\/secure.gravatar.com\/avatar\/6c8d4dc7569ca1c90c5fdcc349f839d5ddef6fe1e70b4337ead2ef1a4c43fc3a?s=96&d=identicon&r=g\",\"contentUrl\":\"https:\/\/secure.gravatar.com\/avatar\/6c8d4dc7569ca1c90c5fdcc349f839d5ddef6fe1e70b4337ead2ef1a4c43fc3a?s=96&d=identicon&r=g\",\"caption\":\"Reconoce MX\"},\"description\":\"Reconoce MX es un proyecto de difusi\u00f3n art\u00edstica, cultural y de conciencia social que est\u00e1 enfocado a difundir y fomentar el entretenimiento alternativo de calidad para todo el p\u00fablico que comparta el mismo entusiasmo.\",\"sameAs\":[\"http:\/\/www.reconoce.mx\"],\"url\":\"http:\/\/www.reconoce.mx\/?author=2\"}]}<\/script>\n<!-- \/ Yoast SEO plugin. -->","yoast_head_json":{"title":"\u00a1Ya lleg\u00f3 tu Semental! &#171; Reconoce MX","robots":{"index":"index","follow":"follow","max-snippet":"max-snippet:-1","max-image-preview":"max-image-preview:large","max-video-preview":"max-video-preview:-1"},"canonical":"http:\/\/www.reconoce.mx\/?p=78767","og_locale":"es_ES","og_type":"article","og_title":"\u00a1Ya lleg\u00f3 tu Semental! &#171; Reconoce MX","og_description":"Despu\u00e9s de casi cuatro a\u00f1os, Semental llega a las plataformas m\u00e1s importantes de m\u00fasica de la era digital. Una banda conformada por \u201c4 lokos\u201d: Adri\u00e1n Valdespino (vocal), Mart\u00edn Aceves (bajo), Alex Blaze (guitarra) y Edwin Orozco (bater\u00eda), quienes cuentan a trav\u00e9s de sus canciones lo que les ha tocado vivir en carne propia.","og_url":"http:\/\/www.reconoce.mx\/?p=78767","og_site_name":"Reconoce MX","article_publisher":"https:\/\/es-la.facebook.com\/ReconoceMX\/","article_published_time":"2018-12-07T06:04:25+00:00","article_modified_time":"2018-12-07T15:13:36+00:00","og_image":[{"width":590,"height":380,"url":"http:\/\/www.reconoce.mx\/wp-content\/uploads\/2018\/12\/semental-cover.jpg","type":"image\/jpeg"}],"author":"Reconoce MX","twitter_card":"summary_large_image","twitter_creator":"@reconocemx","twitter_site":"@reconocemx","twitter_misc":{"Escrito por":"Reconoce MX","Tiempo de lectura":"2 minutos"},"schema":{"@context":"https:\/\/schema.org","@graph":[{"@type":"Article","@id":"http:\/\/www.reconoce.mx\/?p=78767#article","isPartOf":{"@id":"http:\/\/www.reconoce.mx\/?p=78767"},"author":{"name":"Reconoce MX","@id":"http:\/\/www.reconoce.mx\/#\/schema\/person\/2117e997d7051dc15d6880eaf9bca0b2"},"headline":"\u00a1Ya lleg\u00f3 tu Semental!","datePublished":"2018-12-07T06:04:25+00:00","dateModified":"2018-12-07T15:13:36+00:00","mainEntityOfPage":{"@id":"http:\/\/www.reconoce.mx\/?p=78767"},"wordCount":307,"commentCount":0,"publisher":{"@id":"http:\/\/www.reconoce.mx\/#organization"},"image":{"@id":"http:\/\/www.reconoce.mx\/?p=78767#primaryimage"},"thumbnailUrl":"http:\/\/www.reconoce.mx\/wp-content\/uploads\/2018\/12\/semental-cover.jpg","articleSection":["Cultura","M\u00fasica","Principal"],"inLanguage":"es","potentialAction":[{"@type":"CommentAction","name":"Comment","target":["http:\/\/www.reconoce.mx\/?p=78767#respond"]}]},{"@type":"WebPage","@id":"http:\/\/www.reconoce.mx\/?p=78767","url":"http:\/\/www.reconoce.mx\/?p=78767","name":"\u00a1Ya lleg\u00f3 tu Semental! &#171; Reconoce MX","isPartOf":{"@id":"http:\/\/www.reconoce.mx\/#website"},"primaryImageOfPage":{"@id":"http:\/\/www.reconoce.mx\/?p=78767#primaryimage"},"image":{"@id":"http:\/\/www.reconoce.mx\/?p=78767#primaryimage"},"thumbnailUrl":"http:\/\/www.reconoce.mx\/wp-content\/uploads\/2018\/12\/semental-cover.jpg","datePublished":"2018-12-07T06:04:25+00:00","dateModified":"2018-12-07T15:13:36+00:00","breadcrumb":{"@id":"http:\/\/www.reconoce.mx\/?p=78767#breadcrumb"},"inLanguage":"es","potentialAction":[{"@type":"ReadAction","target":["http:\/\/www.reconoce.mx\/?p=78767"]}]},{"@type":"ImageObject","inLanguage":"es","@id":"http:\/\/www.reconoce.mx\/?p=78767#primaryimage","url":"http:\/\/www.reconoce.mx\/wp-content\/uploads\/2018\/12\/semental-cover.jpg","contentUrl":"http:\/\/www.reconoce.mx\/wp-content\/uploads\/2018\/12\/semental-cover.jpg","width":590,"height":380},{"@type":"BreadcrumbList","@id":"http:\/\/www.reconoce.mx\/?p=78767#breadcrumb","itemListElement":[{"@type":"ListItem","position":1,"name":"Portada","item":"http:\/\/www.reconoce.mx\/"},{"@type":"ListItem","position":2,"name":"\u00a1Ya lleg\u00f3 tu Semental!"}]},{"@type":"WebSite","@id":"http:\/\/www.reconoce.mx\/#website","url":"http:\/\/www.reconoce.mx\/","name":"Reconoce MX","description":"En Reconoce MX difundimos arte, cultura y conciencia social en M\u00e9xico. Tu ciudad en otra perspectiva.","publisher":{"@id":"http:\/\/www.reconoce.mx\/#organization"},"potentialAction":[{"@type":"SearchAction","target":{"@type":"EntryPoint","urlTemplate":"http:\/\/www.reconoce.mx\/?s={search_term_string}"},"query-input":{"@type":"PropertyValueSpecification","valueRequired":true,"valueName":"search_term_string"}}],"inLanguage":"es"},{"@type":"Organization","@id":"http:\/\/www.reconoce.mx\/#organization","name":"Reconoce MX","url":"http:\/\/www.reconoce.mx\/","logo":{"@type":"ImageObject","inLanguage":"es","@id":"http:\/\/www.reconoce.mx\/#\/schema\/logo\/image\/","url":"https:\/\/www.reconoce.mx\/wp-content\/uploads\/2019\/03\/logorcmx-good-1.png","contentUrl":"https:\/\/www.reconoce.mx\/wp-content\/uploads\/2019\/03\/logorcmx-good-1.png","width":280,"height":90,"caption":"Reconoce MX"},"image":{"@id":"http:\/\/www.reconoce.mx\/#\/schema\/logo\/image\/"},"sameAs":["https:\/\/es-la.facebook.com\/ReconoceMX\/","https:\/\/x.com\/reconocemx","http:\/\/@reconocemx"]},{"@type":"Person","@id":"http:\/\/www.reconoce.mx\/#\/schema\/person\/2117e997d7051dc15d6880eaf9bca0b2","name":"Reconoce MX","image":{"@type":"ImageObject","inLanguage":"es","@id":"http:\/\/www.reconoce.mx\/#\/schema\/person\/image\/","url":"https:\/\/secure.gravatar.com\/avatar\/6c8d4dc7569ca1c90c5fdcc349f839d5ddef6fe1e70b4337ead2ef1a4c43fc3a?s=96&d=identicon&r=g","contentUrl":"https:\/\/secure.gravatar.com\/avatar\/6c8d4dc7569ca1c90c5fdcc349f839d5ddef6fe1e70b4337ead2ef1a4c43fc3a?s=96&d=identicon&r=g","caption":"Reconoce MX"},"description":"Reconoce MX es un proyecto de difusi\u00f3n art\u00edstica, cultural y de conciencia social que est\u00e1 enfocado a difundir y fomentar el entretenimiento alternativo de calidad para todo el p\u00fablico que comparta el mismo entusiasmo.","sameAs":["http:\/\/www.reconoce.mx"],"url":"http:\/\/www.reconoce.mx\/?author=2"}]}},"_links":{"self":[{"href":"http:\/\/www.reconoce.mx\/index.php?rest_route=\/wp\/v2\/posts\/78767","targetHints":{"allow":["GET"]}}],"collection":[{"href":"http:\/\/www.reconoce.mx\/index.php?rest_route=\/wp\/v2\/posts"}],"about":[{"href":"http:\/\/www.reconoce.mx\/index.php?rest_route=\/wp\/v2\/types\/post"}],"author":[{"embeddable":true,"href":"http:\/\/www.reconoce.mx\/index.php?rest_route=\/wp\/v2\/users\/2"}],"replies":[{"embeddable":true,"href":"http:\/\/www.reconoce.mx\/index.php?rest_route=%2Fwp%2Fv2%2Fcomments&post=78767"}],"version-history":[{"count":2,"href":"http:\/\/www.reconoce.mx\/index.php?rest_route=\/wp\/v2\/posts\/78767\/revisions"}],"predecessor-version":[{"id":78773,"href":"http:\/\/www.reconoce.mx\/index.php?rest_route=\/wp\/v2\/posts\/78767\/revisions\/78773"}],"wp:featuredmedia":[{"embeddable":true,"href":"http:\/\/www.reconoce.mx\/index.php?rest_route=\/wp\/v2\/media\/78771"}],"wp:attachment":[{"href":"http:\/\/www.reconoce.mx\/index.php?rest_route=%2Fwp%2Fv2%2Fmedia&parent=78767"}],"wp:term":[{"taxonomy":"category","embeddable":true,"href":"http:\/\/www.reconoce.mx\/index.php?rest_route=%2Fwp%2Fv2%2Fcategories&post=78767"},{"taxonomy":"post_tag","embeddable":true,"href":"http:\/\/www.reconoce.mx\/index.php?rest_route=%2Fwp%2Fv2%2Ftags&post=78767"}],"curies":[{"name":"wp","href":"https:\/\/api.w.org\/{rel}","templated":true}]}}