{"id":79234,"date":"2018-12-24T00:03:45","date_gmt":"2018-12-24T06:03:45","guid":{"rendered":"http:\/\/www.reconoce.mx\/?p=79234"},"modified":"2018-12-24T12:57:13","modified_gmt":"2018-12-24T18:57:13","slug":"mi-esposa-y-la-otra-que-es-la-familia","status":"publish","type":"post","link":"http:\/\/www.reconoce.mx\/?p=79234","title":{"rendered":"\u00abMi esposa y la otra\u00bb: \u00bfqu\u00e9 es &#8216;la familia&#8217;?"},"content":{"rendered":"<p><a href=\"http:\/\/www.reconoce.mx\/category\/columnistas\/la-ballesta-de-mascatabaco\/\"><img loading=\"lazy\" decoding=\"async\" class=\"aligncenter size-full wp-image-42011\" src=\"http:\/\/www.reconoce.mx\/wp-content\/uploads\/2015\/05\/la-ballesta.png\" sizes=\"auto, (max-width: 570px) 100vw, 570px\" srcset=\"http:\/\/www.reconoce.mx\/wp-content\/uploads\/2015\/05\/la-ballesta.png 570w, http:\/\/www.reconoce.mx\/wp-content\/uploads\/2015\/05\/la-ballesta-300x37.png 300w, http:\/\/www.reconoce.mx\/wp-content\/uploads\/2015\/05\/la-ballesta-150x18.png 150w\" alt=\"la-ballesta\" width=\"570\" height=\"70\" \/><\/a><strong><br \/>\nPor <a title=\"@AsfaltosTweets\" href=\"http:\/\/twitter.com\/AsfaltosTweets\" target=\"_blank\" rel=\"noopener noreferrer\">Asfaltos<\/a><\/strong>.<\/p>\n<p>Son fechas de estar con \u00abla familia\u00bb, \u00bfpero qu\u00e9 es precisamente la llamada \u00abfamilia\u00bb? En la diversidad de historias que existen en nuestro planeta marcadas por situaciones distintas que escapan de cualquier \u00abnormalidad\u00bb impuesta por la sociedad o la mercadotecnia -iba a decir iglesia, pero no quer\u00eda verme reiterativo-, nos encontramos con diversas definiciones de lo que es \u00abla familia\u00bb y est\u00e1n bien, todas ellas est\u00e1n bien. Ve\u00e1moslo de manera amplia y clara.<\/p>\n<p><a href=\"http:\/\/www.reconoce.mx\/wp-content\/uploads\/2018\/12\/mi-esposa-y-la-otra-2.jpg\"><img loading=\"lazy\" decoding=\"async\" class=\"aligncenter size-full wp 10-image-79238\" src=\"http:\/\/www.reconoce.mx\/wp-content\/uploads\/2018\/12\/mi-esposa-y-la-otra-2.jpg\" alt=\"\" width=\"1200\" height=\"900\" \/><\/a><\/p>\n<p>De acuerdo al diccionario de la <strong>Real Academia de la Lengua Espa\u00f1ola<\/strong>, la palabra \u00abfamilia\u00bb se refiere a un \u00abgrupo de personas emparentadas entre s\u00ed que viven juntas\u00bb; y ya que andamos en esas, la palabra \u00abparentesco\u00bb se refiere al \u00abv\u00ednculo por consanguinidad, afinidad, adopci\u00f3n, matrimonio u otra relaci\u00f3n estable de afectividad an\u00e1loga a esta\u00bb. Es decir, regresando: nos encontramos con diversas definiciones de lo que es \u00abla familia\u00bb y est\u00e1n bien, todas ellas est\u00e1n bien.<\/p>\n<p>Estrenada el 10 de abril de 1952 en el <strong>Cine Orfe\u00f3n<\/strong> en Ciudad de M\u00e9xico, \u00abMi esposa y la otra\u00bb fue una pel\u00edcula dirigida por el mexicano nacido en Alemania<strong> Alfredo B. Crevenna<\/strong>. Con un reparto comandado por <strong>Arturo de C\u00f3rdova<\/strong> y <strong>Marga L\u00f3pez<\/strong>, complementado por<strong> Ram\u00f3n Gay<\/strong>,<strong> Alma Delia Fuentes<\/strong>, <strong>Beatriz Aguirre<\/strong> y hasta la muy peque\u00f1a<strong> Ang\u00e9lica Mar\u00eda<\/strong>, \u00abMi esposa y la otra\u00bb es una de esas pel\u00edculas que ajustan perfectamente para estas fechas de fiesta de Navidad en donde se disfruta de ver pel\u00edculas acompa\u00f1ados de sus familias. Todas las familias.<\/p>\n<p>La historia nos presenta a Ricardo (<strong>Ram\u00f3n Gay<\/strong>), un hombre felizmente casado con Cristina (<strong>Marga L\u00f3pez<\/strong>), encantadora mujer con la que ha engendrado 3 maravillosos hijos en una armon\u00eda que es aparente hasta que surge una escandalosa sorpresa: \u00abla otra\u00bb, interpretada por <strong>Beatriz Aguirre<\/strong>, descubre \u00absin querer\u00bb la familia de su amado Ricardo, por lo que \u00e9ste sinverg\u00fcenza recurre a una mentira que se le escapa de las manos. Ah\u00ed es donde entra en escena Antonio (<strong>Arturo de C\u00f3rdova<\/strong>), amigo de Ricardo quien tendr\u00e1 que asumir temporalmente el papel de patriarca de la familia de \u00e9ste mientras exprime a \u00abla otra\u00bb a quien embarca en la misma mentira.<\/p>\n<p>Las pel\u00edculas de la llamada \u00c9poca de Oro del cine mexicano se destacaban -adem\u00e1s de por su muy buena manufactura-, por su conexi\u00f3n con el p\u00fablico que a\u00fan hoy d\u00eda m\u00e1s de medio siglo despu\u00e9s, sigue reaccionando positivamente a ellas. Ese es el caso del dram\u00f3n \u00abMi esposa y la otra\u00bb, cinta en la que sin faltarle humor, se reflexiona precisamente sobre lo que es una familia. Y es que la presencia de Antonio como improvisado patriarca de una familia que por la frialdad de Ricardo se hab\u00eda mantenido un tanto desconectada, termina por darle coherencia al grupo que termina acept\u00e1ndole m\u00e1s que con quien s\u00ed existe en efecto un v\u00ednculo consangu\u00edneo.<\/p>\n<p>\u00abMi esposa y la otra\u00bb me pareci\u00f3 una pel\u00edcula sumamente entretenida. La presencia de <strong>Arturo de C\u00f3rdova<\/strong>, <strong>Marga L\u00f3pez<\/strong> y <strong>Ram\u00f3n Gay<\/strong> sin duda es garant\u00eda. Ver a la peque\u00f1a <strong>Ang\u00e9lica Mar\u00eda<\/strong> es definitivamente adorable y curiosa para quienes jam\u00e1s la hab\u00edan visto de infante. Los di\u00e1logos, los arrebatos, los giros de tuerca y las emociones son de alto calibre en una pel\u00edcula que mantiene a uno al filo de la butaca. No, no cabe duda que el trabajo de A<strong>lfredo B. Crevenna<\/strong> es extraordinario al mantener el ritmo de manera constante en una cinta que nos atrapa de principio a fin.<\/p>\n<p>\u00bfQu\u00e9 es la familia? En \u00abMi esposa y la otra\u00bb termina ense\u00f1\u00e1ndose que al final la familia es en efecto un \u00abgrupo de personas emparentadas entre s\u00ed que viven juntas\u00bb, entendiendo por parentesco el \u00abv\u00ednculo por afinidad y una relaci\u00f3n estable de afectividad\u00bb. Ricardo, el hombre que a la vez que viv\u00eda un amor\u00edo con \u00abla otra\u00bb hab\u00eda formado una \u00abfamilia\u00bb con Cristina y los hijos que con ella procre\u00f3, termin\u00f3 siendo desplazado por Antonio quien fue aceptado por entregar precisamente ese afecto que la sangre no pudo garantizar.<\/p>\n<style>.embed-container { position: relative; padding-bottom: 56.25%; height: 0; overflow: hidden; max-width: 100%; } .embed-container iframe, .embed-container object, .embed-container embed { position: absolute; top: 0; left: 0; width: 100%; height: 100%; }<\/style>\n<div class='embed-container'><iframe src='https:\/\/www.youtube.com\/embed\/LJB84tzDU_A' frameborder='0' allowfullscreen><\/iframe><\/div>\n<p>&nbsp;<\/p>\n<p>Preguntar\u00e1n: \u00bfqu\u00e9 tiene \u00e9sto qu\u00e9 ver con la Navidad? El conflicto de la pel\u00edcula termina por resolverse precisamente en la cena de Nochebuena, cuando todos los integrantes de la familia terminan por aceptar al afectuoso Antonio quien termina ganando como regalo de Navidad precisamente la familia que se gan\u00f3.<\/p>\n<p>\u00a1Feliz Navidad!<\/p>\n<blockquote><p><a href=\"http:\/\/www.reconoce.mx\/wp-content\/uploads\/2016\/03\/968932_515227815190918_654397283_n-e1459260491114.jpg\" rel=\"lightbox[62561]\"><img loading=\"lazy\" decoding=\"async\" class=\"alignleft size-thumbnail wp-image-39872\" src=\"http:\/\/www.reconoce.mx\/wp-content\/uploads\/2016\/03\/968932_515227815190918_654397283_n-e1459260491114.jpg\" alt=\"IMG_5743\" width=\"150\" height=\"150\" \/><\/a><strong>Asfaltos<\/strong>. Sobrevivo en una ciudad junto a millones de personas. \u00bfMexique\u00f1o? Me enamoro r\u00e1pido y olvido dif\u00edcilmente. Amo la m\u00fasica, el cine, los c\u00f3mics, las mujeres y -\u00faltimamente gracias a los servicios de <em>streaming<\/em>\u2013 las series tambi\u00e9n. Vivo la vida a trav\u00e9s de letras y melod\u00edas. M\u00fasico frustrado. Me pueden encontrar escuchando U2, Radiohead y Coldplay; as\u00ed como Grand Funk Railroad, Styx y Eric Burdon; Chetes, Jumbo y Siddhartha; y hasta Jesse &amp; Joy, Silverio y Aleks Syntek. Batman y Star Wars mis pasiones; tambi\u00e9n el Cruz Azul, pero ya saben\u2026 subcampeon\u00edsimo. Sobreviviente y n\u00e1ufrago; ermita\u00f1o que odia la soledad.<\/p><\/blockquote>\n<p>&nbsp;<\/p>\n<p>&nbsp;<\/p>\n<p>&nbsp;<\/p>\n","protected":false},"excerpt":{"rendered":"<p>Son fechas de estar con \u00abla familia\u00bb, \u00bfpero qu\u00e9 es precisamente la llamada \u00abfamilia\u00bb? En la diversidad de historias que existen en nuestro planeta marcadas por situaciones distintas que escapan de cualquier \u00abnormalidad\u00bb impuesta por la sociedad o la mercadotecnia -iba a decir iglesia, pero no quer\u00eda verme reiterativo-, nos encontramos con diversas definiciones de lo que es \u00abla familia\u00bb y est\u00e1n bien, todas ellas est\u00e1n bien.<\/p>\n","protected":false},"author":2,"featured_media":79237,"comment_status":"open","ping_status":"open","sticky":false,"template":"","format":"standard","meta":{"footnotes":""},"categories":[16,2602,17],"tags":[],"class_list":["post-79234","post","type-post","status-publish","format-standard","has-post-thumbnail","hentry","category-columnistas","category-la-ballesta-de-mascatabaco","category-principal"],"yoast_head":"<!-- This site is optimized with the Yoast SEO plugin v24.7 - https:\/\/yoast.com\/wordpress\/plugins\/seo\/ -->\n<title>&quot;Mi esposa y la otra&quot;: \u00bfqu\u00e9 es &#039;la familia&#039;? &#171; Reconoce MX<\/title>\n<meta name=\"robots\" content=\"index, follow, max-snippet:-1, max-image-preview:large, max-video-preview:-1\" \/>\n<link rel=\"canonical\" href=\"http:\/\/www.reconoce.mx\/?p=79234\" \/>\n<meta property=\"og:locale\" content=\"es_ES\" \/>\n<meta property=\"og:type\" content=\"article\" \/>\n<meta property=\"og:title\" content=\"&quot;Mi esposa y la otra&quot;: \u00bfqu\u00e9 es &#039;la familia&#039;? &#171; Reconoce MX\" \/>\n<meta property=\"og:description\" content=\"Son fechas de estar con &quot;la familia&quot;, \u00bfpero qu\u00e9 es precisamente la llamada &quot;familia&quot;? En la diversidad de historias que existen en nuestro planeta marcadas por situaciones distintas que escapan de cualquier &quot;normalidad&quot; impuesta por la sociedad o la mercadotecnia -iba a decir iglesia, pero no quer\u00eda verme reiterativo-, nos encontramos con diversas definiciones de lo que es &quot;la familia&quot; y est\u00e1n bien, todas ellas est\u00e1n bien.\" \/>\n<meta property=\"og:url\" content=\"http:\/\/www.reconoce.mx\/?p=79234\" \/>\n<meta property=\"og:site_name\" content=\"Reconoce MX\" \/>\n<meta property=\"article:publisher\" content=\"https:\/\/es-la.facebook.com\/ReconoceMX\/\" \/>\n<meta property=\"article:published_time\" content=\"2018-12-24T06:03:45+00:00\" \/>\n<meta property=\"article:modified_time\" content=\"2018-12-24T18:57:13+00:00\" \/>\n<meta property=\"og:image\" content=\"http:\/\/www.reconoce.mx\/wp-content\/uploads\/2018\/12\/mi-esposa-y-la-otra-1.jpg\" \/>\n\t<meta property=\"og:image:width\" content=\"590\" \/>\n\t<meta property=\"og:image:height\" content=\"380\" \/>\n\t<meta property=\"og:image:type\" content=\"image\/jpeg\" \/>\n<meta name=\"author\" content=\"Reconoce MX\" \/>\n<meta name=\"twitter:card\" content=\"summary_large_image\" \/>\n<meta name=\"twitter:creator\" content=\"@reconocemx\" \/>\n<meta name=\"twitter:site\" content=\"@reconocemx\" \/>\n<meta name=\"twitter:label1\" content=\"Escrito por\" \/>\n\t<meta name=\"twitter:data1\" content=\"Reconoce MX\" \/>\n\t<meta name=\"twitter:label2\" content=\"Tiempo de lectura\" \/>\n\t<meta name=\"twitter:data2\" content=\"4 minutos\" \/>\n<script type=\"application\/ld+json\" class=\"yoast-schema-graph\">{\"@context\":\"https:\/\/schema.org\",\"@graph\":[{\"@type\":\"Article\",\"@id\":\"http:\/\/www.reconoce.mx\/?p=79234#article\",\"isPartOf\":{\"@id\":\"http:\/\/www.reconoce.mx\/?p=79234\"},\"author\":{\"name\":\"Reconoce MX\",\"@id\":\"http:\/\/www.reconoce.mx\/#\/schema\/person\/2117e997d7051dc15d6880eaf9bca0b2\"},\"headline\":\"\u00abMi esposa y la otra\u00bb: \u00bfqu\u00e9 es &#8216;la familia&#8217;?\",\"datePublished\":\"2018-12-24T06:03:45+00:00\",\"dateModified\":\"2018-12-24T18:57:13+00:00\",\"mainEntityOfPage\":{\"@id\":\"http:\/\/www.reconoce.mx\/?p=79234\"},\"wordCount\":893,\"commentCount\":0,\"publisher\":{\"@id\":\"http:\/\/www.reconoce.mx\/#organization\"},\"image\":{\"@id\":\"http:\/\/www.reconoce.mx\/?p=79234#primaryimage\"},\"thumbnailUrl\":\"http:\/\/www.reconoce.mx\/wp-content\/uploads\/2018\/12\/mi-esposa-y-la-otra-1.jpg\",\"articleSection\":[\"Columnistas\",\"La ballesta de Mascatabaco\",\"Principal\"],\"inLanguage\":\"es\",\"potentialAction\":[{\"@type\":\"CommentAction\",\"name\":\"Comment\",\"target\":[\"http:\/\/www.reconoce.mx\/?p=79234#respond\"]}]},{\"@type\":\"WebPage\",\"@id\":\"http:\/\/www.reconoce.mx\/?p=79234\",\"url\":\"http:\/\/www.reconoce.mx\/?p=79234\",\"name\":\"\\\"Mi esposa y la otra\\\": \u00bfqu\u00e9 es 'la familia'? &#171; Reconoce MX\",\"isPartOf\":{\"@id\":\"http:\/\/www.reconoce.mx\/#website\"},\"primaryImageOfPage\":{\"@id\":\"http:\/\/www.reconoce.mx\/?p=79234#primaryimage\"},\"image\":{\"@id\":\"http:\/\/www.reconoce.mx\/?p=79234#primaryimage\"},\"thumbnailUrl\":\"http:\/\/www.reconoce.mx\/wp-content\/uploads\/2018\/12\/mi-esposa-y-la-otra-1.jpg\",\"datePublished\":\"2018-12-24T06:03:45+00:00\",\"dateModified\":\"2018-12-24T18:57:13+00:00\",\"breadcrumb\":{\"@id\":\"http:\/\/www.reconoce.mx\/?p=79234#breadcrumb\"},\"inLanguage\":\"es\",\"potentialAction\":[{\"@type\":\"ReadAction\",\"target\":[\"http:\/\/www.reconoce.mx\/?p=79234\"]}]},{\"@type\":\"ImageObject\",\"inLanguage\":\"es\",\"@id\":\"http:\/\/www.reconoce.mx\/?p=79234#primaryimage\",\"url\":\"http:\/\/www.reconoce.mx\/wp-content\/uploads\/2018\/12\/mi-esposa-y-la-otra-1.jpg\",\"contentUrl\":\"http:\/\/www.reconoce.mx\/wp-content\/uploads\/2018\/12\/mi-esposa-y-la-otra-1.jpg\",\"width\":590,\"height\":380},{\"@type\":\"BreadcrumbList\",\"@id\":\"http:\/\/www.reconoce.mx\/?p=79234#breadcrumb\",\"itemListElement\":[{\"@type\":\"ListItem\",\"position\":1,\"name\":\"Portada\",\"item\":\"http:\/\/www.reconoce.mx\/\"},{\"@type\":\"ListItem\",\"position\":2,\"name\":\"\u00abMi esposa y la otra\u00bb: \u00bfqu\u00e9 es &#8216;la familia&#8217;?\"}]},{\"@type\":\"WebSite\",\"@id\":\"http:\/\/www.reconoce.mx\/#website\",\"url\":\"http:\/\/www.reconoce.mx\/\",\"name\":\"Reconoce MX\",\"description\":\"En Reconoce MX difundimos arte, cultura y conciencia social en M\u00e9xico. Tu ciudad en otra perspectiva.\",\"publisher\":{\"@id\":\"http:\/\/www.reconoce.mx\/#organization\"},\"potentialAction\":[{\"@type\":\"SearchAction\",\"target\":{\"@type\":\"EntryPoint\",\"urlTemplate\":\"http:\/\/www.reconoce.mx\/?s={search_term_string}\"},\"query-input\":{\"@type\":\"PropertyValueSpecification\",\"valueRequired\":true,\"valueName\":\"search_term_string\"}}],\"inLanguage\":\"es\"},{\"@type\":\"Organization\",\"@id\":\"http:\/\/www.reconoce.mx\/#organization\",\"name\":\"Reconoce MX\",\"url\":\"http:\/\/www.reconoce.mx\/\",\"logo\":{\"@type\":\"ImageObject\",\"inLanguage\":\"es\",\"@id\":\"http:\/\/www.reconoce.mx\/#\/schema\/logo\/image\/\",\"url\":\"https:\/\/www.reconoce.mx\/wp-content\/uploads\/2019\/03\/logorcmx-good-1.png\",\"contentUrl\":\"https:\/\/www.reconoce.mx\/wp-content\/uploads\/2019\/03\/logorcmx-good-1.png\",\"width\":280,\"height\":90,\"caption\":\"Reconoce MX\"},\"image\":{\"@id\":\"http:\/\/www.reconoce.mx\/#\/schema\/logo\/image\/\"},\"sameAs\":[\"https:\/\/es-la.facebook.com\/ReconoceMX\/\",\"https:\/\/x.com\/reconocemx\",\"http:\/\/@reconocemx\"]},{\"@type\":\"Person\",\"@id\":\"http:\/\/www.reconoce.mx\/#\/schema\/person\/2117e997d7051dc15d6880eaf9bca0b2\",\"name\":\"Reconoce MX\",\"image\":{\"@type\":\"ImageObject\",\"inLanguage\":\"es\",\"@id\":\"http:\/\/www.reconoce.mx\/#\/schema\/person\/image\/\",\"url\":\"https:\/\/secure.gravatar.com\/avatar\/6c8d4dc7569ca1c90c5fdcc349f839d5ddef6fe1e70b4337ead2ef1a4c43fc3a?s=96&d=identicon&r=g\",\"contentUrl\":\"https:\/\/secure.gravatar.com\/avatar\/6c8d4dc7569ca1c90c5fdcc349f839d5ddef6fe1e70b4337ead2ef1a4c43fc3a?s=96&d=identicon&r=g\",\"caption\":\"Reconoce MX\"},\"description\":\"Reconoce MX es un proyecto de difusi\u00f3n art\u00edstica, cultural y de conciencia social que est\u00e1 enfocado a difundir y fomentar el entretenimiento alternativo de calidad para todo el p\u00fablico que comparta el mismo entusiasmo.\",\"sameAs\":[\"http:\/\/www.reconoce.mx\"],\"url\":\"http:\/\/www.reconoce.mx\/?author=2\"}]}<\/script>\n<!-- \/ Yoast SEO plugin. -->","yoast_head_json":{"title":"\"Mi esposa y la otra\": \u00bfqu\u00e9 es 'la familia'? &#171; Reconoce MX","robots":{"index":"index","follow":"follow","max-snippet":"max-snippet:-1","max-image-preview":"max-image-preview:large","max-video-preview":"max-video-preview:-1"},"canonical":"http:\/\/www.reconoce.mx\/?p=79234","og_locale":"es_ES","og_type":"article","og_title":"\"Mi esposa y la otra\": \u00bfqu\u00e9 es 'la familia'? &#171; Reconoce MX","og_description":"Son fechas de estar con \"la familia\", \u00bfpero qu\u00e9 es precisamente la llamada \"familia\"? En la diversidad de historias que existen en nuestro planeta marcadas por situaciones distintas que escapan de cualquier \"normalidad\" impuesta por la sociedad o la mercadotecnia -iba a decir iglesia, pero no quer\u00eda verme reiterativo-, nos encontramos con diversas definiciones de lo que es \"la familia\" y est\u00e1n bien, todas ellas est\u00e1n bien.","og_url":"http:\/\/www.reconoce.mx\/?p=79234","og_site_name":"Reconoce MX","article_publisher":"https:\/\/es-la.facebook.com\/ReconoceMX\/","article_published_time":"2018-12-24T06:03:45+00:00","article_modified_time":"2018-12-24T18:57:13+00:00","og_image":[{"width":590,"height":380,"url":"http:\/\/www.reconoce.mx\/wp-content\/uploads\/2018\/12\/mi-esposa-y-la-otra-1.jpg","type":"image\/jpeg"}],"author":"Reconoce MX","twitter_card":"summary_large_image","twitter_creator":"@reconocemx","twitter_site":"@reconocemx","twitter_misc":{"Escrito por":"Reconoce MX","Tiempo de lectura":"4 minutos"},"schema":{"@context":"https:\/\/schema.org","@graph":[{"@type":"Article","@id":"http:\/\/www.reconoce.mx\/?p=79234#article","isPartOf":{"@id":"http:\/\/www.reconoce.mx\/?p=79234"},"author":{"name":"Reconoce MX","@id":"http:\/\/www.reconoce.mx\/#\/schema\/person\/2117e997d7051dc15d6880eaf9bca0b2"},"headline":"\u00abMi esposa y la otra\u00bb: \u00bfqu\u00e9 es &#8216;la familia&#8217;?","datePublished":"2018-12-24T06:03:45+00:00","dateModified":"2018-12-24T18:57:13+00:00","mainEntityOfPage":{"@id":"http:\/\/www.reconoce.mx\/?p=79234"},"wordCount":893,"commentCount":0,"publisher":{"@id":"http:\/\/www.reconoce.mx\/#organization"},"image":{"@id":"http:\/\/www.reconoce.mx\/?p=79234#primaryimage"},"thumbnailUrl":"http:\/\/www.reconoce.mx\/wp-content\/uploads\/2018\/12\/mi-esposa-y-la-otra-1.jpg","articleSection":["Columnistas","La ballesta de Mascatabaco","Principal"],"inLanguage":"es","potentialAction":[{"@type":"CommentAction","name":"Comment","target":["http:\/\/www.reconoce.mx\/?p=79234#respond"]}]},{"@type":"WebPage","@id":"http:\/\/www.reconoce.mx\/?p=79234","url":"http:\/\/www.reconoce.mx\/?p=79234","name":"\"Mi esposa y la otra\": \u00bfqu\u00e9 es 'la familia'? &#171; Reconoce MX","isPartOf":{"@id":"http:\/\/www.reconoce.mx\/#website"},"primaryImageOfPage":{"@id":"http:\/\/www.reconoce.mx\/?p=79234#primaryimage"},"image":{"@id":"http:\/\/www.reconoce.mx\/?p=79234#primaryimage"},"thumbnailUrl":"http:\/\/www.reconoce.mx\/wp-content\/uploads\/2018\/12\/mi-esposa-y-la-otra-1.jpg","datePublished":"2018-12-24T06:03:45+00:00","dateModified":"2018-12-24T18:57:13+00:00","breadcrumb":{"@id":"http:\/\/www.reconoce.mx\/?p=79234#breadcrumb"},"inLanguage":"es","potentialAction":[{"@type":"ReadAction","target":["http:\/\/www.reconoce.mx\/?p=79234"]}]},{"@type":"ImageObject","inLanguage":"es","@id":"http:\/\/www.reconoce.mx\/?p=79234#primaryimage","url":"http:\/\/www.reconoce.mx\/wp-content\/uploads\/2018\/12\/mi-esposa-y-la-otra-1.jpg","contentUrl":"http:\/\/www.reconoce.mx\/wp-content\/uploads\/2018\/12\/mi-esposa-y-la-otra-1.jpg","width":590,"height":380},{"@type":"BreadcrumbList","@id":"http:\/\/www.reconoce.mx\/?p=79234#breadcrumb","itemListElement":[{"@type":"ListItem","position":1,"name":"Portada","item":"http:\/\/www.reconoce.mx\/"},{"@type":"ListItem","position":2,"name":"\u00abMi esposa y la otra\u00bb: \u00bfqu\u00e9 es &#8216;la familia&#8217;?"}]},{"@type":"WebSite","@id":"http:\/\/www.reconoce.mx\/#website","url":"http:\/\/www.reconoce.mx\/","name":"Reconoce MX","description":"En Reconoce MX difundimos arte, cultura y conciencia social en M\u00e9xico. Tu ciudad en otra perspectiva.","publisher":{"@id":"http:\/\/www.reconoce.mx\/#organization"},"potentialAction":[{"@type":"SearchAction","target":{"@type":"EntryPoint","urlTemplate":"http:\/\/www.reconoce.mx\/?s={search_term_string}"},"query-input":{"@type":"PropertyValueSpecification","valueRequired":true,"valueName":"search_term_string"}}],"inLanguage":"es"},{"@type":"Organization","@id":"http:\/\/www.reconoce.mx\/#organization","name":"Reconoce MX","url":"http:\/\/www.reconoce.mx\/","logo":{"@type":"ImageObject","inLanguage":"es","@id":"http:\/\/www.reconoce.mx\/#\/schema\/logo\/image\/","url":"https:\/\/www.reconoce.mx\/wp-content\/uploads\/2019\/03\/logorcmx-good-1.png","contentUrl":"https:\/\/www.reconoce.mx\/wp-content\/uploads\/2019\/03\/logorcmx-good-1.png","width":280,"height":90,"caption":"Reconoce MX"},"image":{"@id":"http:\/\/www.reconoce.mx\/#\/schema\/logo\/image\/"},"sameAs":["https:\/\/es-la.facebook.com\/ReconoceMX\/","https:\/\/x.com\/reconocemx","http:\/\/@reconocemx"]},{"@type":"Person","@id":"http:\/\/www.reconoce.mx\/#\/schema\/person\/2117e997d7051dc15d6880eaf9bca0b2","name":"Reconoce MX","image":{"@type":"ImageObject","inLanguage":"es","@id":"http:\/\/www.reconoce.mx\/#\/schema\/person\/image\/","url":"https:\/\/secure.gravatar.com\/avatar\/6c8d4dc7569ca1c90c5fdcc349f839d5ddef6fe1e70b4337ead2ef1a4c43fc3a?s=96&d=identicon&r=g","contentUrl":"https:\/\/secure.gravatar.com\/avatar\/6c8d4dc7569ca1c90c5fdcc349f839d5ddef6fe1e70b4337ead2ef1a4c43fc3a?s=96&d=identicon&r=g","caption":"Reconoce MX"},"description":"Reconoce MX es un proyecto de difusi\u00f3n art\u00edstica, cultural y de conciencia social que est\u00e1 enfocado a difundir y fomentar el entretenimiento alternativo de calidad para todo el p\u00fablico que comparta el mismo entusiasmo.","sameAs":["http:\/\/www.reconoce.mx"],"url":"http:\/\/www.reconoce.mx\/?author=2"}]}},"_links":{"self":[{"href":"http:\/\/www.reconoce.mx\/index.php?rest_route=\/wp\/v2\/posts\/79234","targetHints":{"allow":["GET"]}}],"collection":[{"href":"http:\/\/www.reconoce.mx\/index.php?rest_route=\/wp\/v2\/posts"}],"about":[{"href":"http:\/\/www.reconoce.mx\/index.php?rest_route=\/wp\/v2\/types\/post"}],"author":[{"embeddable":true,"href":"http:\/\/www.reconoce.mx\/index.php?rest_route=\/wp\/v2\/users\/2"}],"replies":[{"embeddable":true,"href":"http:\/\/www.reconoce.mx\/index.php?rest_route=%2Fwp%2Fv2%2Fcomments&post=79234"}],"version-history":[{"count":6,"href":"http:\/\/www.reconoce.mx\/index.php?rest_route=\/wp\/v2\/posts\/79234\/revisions"}],"predecessor-version":[{"id":79244,"href":"http:\/\/www.reconoce.mx\/index.php?rest_route=\/wp\/v2\/posts\/79234\/revisions\/79244"}],"wp:featuredmedia":[{"embeddable":true,"href":"http:\/\/www.reconoce.mx\/index.php?rest_route=\/wp\/v2\/media\/79237"}],"wp:attachment":[{"href":"http:\/\/www.reconoce.mx\/index.php?rest_route=%2Fwp%2Fv2%2Fmedia&parent=79234"}],"wp:term":[{"taxonomy":"category","embeddable":true,"href":"http:\/\/www.reconoce.mx\/index.php?rest_route=%2Fwp%2Fv2%2Fcategories&post=79234"},{"taxonomy":"post_tag","embeddable":true,"href":"http:\/\/www.reconoce.mx\/index.php?rest_route=%2Fwp%2Fv2%2Ftags&post=79234"}],"curies":[{"name":"wp","href":"https:\/\/api.w.org\/{rel}","templated":true}]}}