{"id":79282,"date":"2018-12-26T00:03:17","date_gmt":"2018-12-26T06:03:17","guid":{"rendered":"http:\/\/www.reconoce.mx\/?p=79282"},"modified":"2018-12-26T10:58:03","modified_gmt":"2018-12-26T16:58:03","slug":"los-cinco-videos-de-la-semana-de-2018","status":"publish","type":"post","link":"http:\/\/www.reconoce.mx\/?p=79282","title":{"rendered":"Los CINCO &#8216;Videos de la semana&#8217; de 2018"},"content":{"rendered":"<p><a href=\"http:\/\/www.reconoce.mx\/category\/cultura\/musica\/video-de-la-semana\/\"><img loading=\"lazy\" decoding=\"async\" class=\"aligncenter size-full wp-image-38360\" src=\"http:\/\/www.reconoce.mx\/wp-content\/uploads\/2015\/06\/videodelasemana.png\" alt=\"Martes\" width=\"550\" height=\"70\" \/><\/a><strong><br \/>\nPor <a title=\"@AsfaltosTweets\" href=\"http:\/\/twitter.com\/AsfaltosTweets\" target=\"_blank\" rel=\"noopener\">Asfaltos<\/a><\/strong>.<\/p>\n<p>Pues s\u00ed, 2018 se nos acaba, y como ya es costumbre en <span style=\"color: #a81f25;\"><strong>Reconoce MX<\/strong><\/span> desde el primer a\u00f1o que vivimos completo -fue 2012, pues 2011 apenas lo vivimos a partir del 17 de agosto de ese a\u00f1o-, toca revisar en la \u00faltima semana del a\u00f1o lo que para nosotros fue lo m\u00e1s destacado en las \u00e1reas que cubrimos. En lo que a m\u00ed respecta toca cerrar el ciclo anual del <a href=\"http:\/\/www.reconoce.mx\/category\/cultura\/musica\/video-de-la-semana\/\" target=\"_blank\" rel=\"noopener\">Video de la semana<\/a>, esa secci\u00f3n en la que las pasadas 51 semanas les compart\u00ed el que a mi parecer era el audiovisual musical m\u00e1s destacado. Como el a\u00f1o pasado, para hacer la selecci\u00f3n lo m\u00e1s precisa posible, hice el visionado de videos de dos formas: en modo silencioso (para apreciar las im\u00e1genes por s\u00ed mismas), pero tambi\u00e9n acompa\u00f1adas por la m\u00fasica (en la idea de ver de qu\u00e9 manera las im\u00e1genes impulsaban o conviv\u00edan con la m\u00fasica presentada).<\/p>\n<p>Como ya es costumbre y para dejar las reglas claras, a continuaci\u00f3n algunas precisiones: 1) El siguiente listado s\u00ed constituye un compendio de \u00ablos mejores videos musicales mexicanos\u00bb de 2018 de acuerdo a la redacci\u00f3n de <span style=\"color: #a81f25;\"><strong>Reconoce MX<\/strong><\/span>. 2) Todos los videos musicales seleccionados fueron en alg\u00fan momento <a href=\"http:\/\/www.reconoce.mx\/category\/cultura\/musica\/video-de-la-semana\/\">Video de la semana<\/a> en <span style=\"color: #a81f25;\"><strong>Reconoce MX<\/strong><\/span>. 3) Aqu\u00ed (a diferencia de los listados que ver\u00e1n del <a href=\"http:\/\/www.reconoce.mx\/category\/cultura\/musica\/lunes-musical-musica\/\" target=\"_blank\" rel=\"noopener\">Lunes musical<\/a> y <a href=\"http:\/\/www.reconoce.mx\/category\/cultura\/musica\/jueves-indie\/\" target=\"_blank\" rel=\"noopener\">Jueves independiente<\/a>) s\u00ed se vale repetir grupos o cantantes, y s\u00ed son elegibles como <a href=\"http:\/\/www.reconoce.mx\/category\/cultura\/musica\/video-de-la-semana\/\">Video de la semana<\/a> -aunque ante todo busquemos artistas independientes- los trabajos provenientes de artistas apoyados por grandes disqueras que entren en el g\u00e9nero musical que predomina en este medio.<\/p>\n<p>Una vez aclarado lo anterior (y en orden de publicaci\u00f3n), a continuaci\u00f3n <strong>Los CINCO \u00ab<a href=\"http:\/\/www.reconoce.mx\/category\/cultura\/musica\/video-de-la-semana\/\">Videos de la semana<\/a>\u00bb de 2018<\/strong>:<\/p>\n<h2>\u2018Brecha\u2019, de La Barranca<\/h2>\n<p>Con m\u00e1s de 20 a\u00f1os de carrera, el grupo comandado por Jos\u00e9 Manuel Aguilera y Alfonso Andr\u00e9, La Barranca, nos regal\u00f3 uno de los mejores videos musicales del presente a\u00f1o. El grupo ya hab\u00eda trabajado anteriormente con la animaci\u00f3n para sus audiovisuales, por lo que no extra\u00f1a que para el video de \u00abBrecha\u00bb regresaran a este g\u00e9nero, ahora de la mano de Giovanni Bermudez y Enrique Alcar\u00e1z; con Giovanni, Jos\u00e9 Manuel ya hab\u00eda trabajado en su sencillo \u00abSerpientes\u00bb (2017). Inmersos en un sue\u00f1o, en el que la m\u00fasica de La Barranca nos va involucrando, \u00abBrecha\u00bb nos termina por invitar a ser parte de una experiencia surrealista en el que la percepci\u00f3n de nuestra realidad se ve afectada por lo que vemos y por lo que escuchamos. Con el uso de distintas t\u00e9cnicas de animaci\u00f3n, en el audiovisual se nos presentan animales fant\u00e1sticos, seres de otro mundo, y de \u00e9ste tambi\u00e9n, en lo que bien podr\u00edamos definir tambi\u00e9n como una pintura alucinante que pone en efecto nuestras sensaciones a prueba, justamente en la \u00abBrecha\u00bb de nuestras sensaciones. (<a href=\"http:\/\/www.reconoce.mx\/brecha-de-la-barranca\/\" target=\"_blank\" rel=\"noopener\">Ac\u00e1 mi texto original<\/a>).<\/p>\n<style>.embed-container { position: relative; padding-bottom: 56.25%; height: 0; overflow: hidden; max-width: 100%; } .embed-container iframe, .embed-container object, .embed-container embed { position: absolute; top: 0; left: 0; width: 100%; height: 100%; }<\/style>\n<div class=\"embed-container\"><iframe src=\"https:\/\/www.youtube.com\/embed\/HHxiWdPfghc\" frameborder=\"0\" allowfullscreen=\"allowfullscreen\"><\/iframe><\/div>\n<p>&nbsp;<\/p>\n<h2>\u2018No te puedo olvidar\u2019, de Camilo S\u00e9ptimo<\/h2>\n<p>Pues s\u00ed, los <strong>Camilo S\u00e9ptimo<\/strong> se vuelven a colar -justo como en 2017- en nuestro listado de los mejores videos del a\u00f1o; as\u00ed que si no han revisado \u00abNo te puedo olvidar\u00bb, h\u00e1ganlo de una vez para comprobar por ustedes mismos las razones de esta presencia por segundo a\u00f1o consecutivo. Alargando con \u00e9xito la vida del \u00ab\u00d3leos\u00bb que estrenaron en 2017, los <strong>Camilo S\u00e9ptimo<\/strong> lanzaron un sencillo m\u00e1s llamado \u00abNo te puedo olvidar\u00bb. Dejando a un lado lo musical, el audiovisual de \u00abNo te puedo olvidar\u00bb vuelve a contar con una gran manufactura que hace que se destaque entre los otros videos musicales de sus colegas. Bajo la direcci\u00f3n de<strong> Oliver G. Taviz\u00f3n<\/strong>, con fotograf\u00eda de <strong>Mundo Luj\u00e1n<\/strong> y producci\u00f3n de <strong>Julio Abada<\/strong>, <strong>Mundo Luj\u00e1n<\/strong> y <strong>Alejandro Valencia<\/strong>, en el video de \u00abNo te puedo olvidar\u00bb nos encontramos con una mujer que perdida en alg\u00fan sitio del espacio, busca -con ayuda de la tecnolog\u00eda- revivir la experiencia sensorial amatoria junto a esa persona a la que en efecto no puede olvidar. Me encantan el juego de luces en el video, la sensualidad que destila cada imagen, la forma en la que m\u00fasica e im\u00e1genes terminan por combinarse para regalarnos un video fascinante, entre otros elementos, para cerrar un video que sin duda mereci\u00f3 estar incluido en este listado. \u00bfO ustedes qu\u00e9 opinan? (<a href=\"http:\/\/www.reconoce.mx\/no-te-puedo-olvidar-de-camilo-septimo\/\" target=\"_blank\" rel=\"noopener\">Ac\u00e1 mi texto original<\/a>).<\/p>\n<style>.embed-container { position: relative; padding-bottom: 56.25%; height: 0; overflow: hidden; max-width: 100%; } .embed-container iframe, .embed-container object, .embed-container embed { position: absolute; top: 0; left: 0; width: 100%; height: 100%; }<\/style>\n<div class=\"embed-container\"><iframe src=\"https:\/\/www.youtube.com\/embed\/9NtpbZUOMAQ\" frameborder=\"0\" allowfullscreen=\"allowfullscreen\"><\/iframe><\/div>\n<p>&nbsp;<\/p>\n<h2>\u2018Rogelia\u2019, de Valgur<\/h2>\n<p>Una de las grandes sorpresas de este 2018 fue la reinvenci\u00f3n musical de la oaxaque\u00f1a <strong>Valgur<\/strong>. Primero, porque <strong>Valgur<\/strong> ya no solo era Elizabeth Valdivieso, sino que ahora mas bien eran un grupo; segundo, porque ese sonido que combinaba pop y m\u00fasica popular de gran manera, daba ahora un giro para presentar algo m\u00e1s novedoso y propositivo. Inclusive la imagen de <strong>Valgur<\/strong> (o Elizabeth) hab\u00eda cambiado para terminar de confirmarnos que nos encontr\u00e1bamos en efecto frente a una reinvenci\u00f3n de la artista. La primera pista de lo nuevo fue \u00abZapand\u00fa\u00bb; pero la m\u00e1s contundente, sin duda, fue \u00abRogelia\u00bb. S\u00ed, <strong>Valgur<\/strong> no cabe duda que es uno de nuestros proyectos favoritos; pero lo es sin duda por el talento que tienen y que imprimen. \u00abRogelia\u00bb es un tema que atrapa de inmediato; lo mismo el video. Dirigido por <strong>Martha Maya<\/strong>, en colaboraci\u00f3n con <strong>Intton Godelg<\/strong>, el audiovisual de \u00abRogelia\u00bb cumple con la idea conceptual de la canci\u00f3n: el de un enriquecimiento mutuo entre lo moderno y lo tradicional para llegar finalmente a una propuesta m\u00e1s amplia e incluyente de la globalizaci\u00f3n: un enriquecimiento mutuo de culturas, entre iguales; y no una imposici\u00f3n. Tremendo video, esperamos ver y escuchar m\u00e1s de <strong>Valgur<\/strong> el pr\u00f3ximo a\u00f1o. (<a href=\"http:\/\/www.reconoce.mx\/rogelia-de-valgur\/\" target=\"_blank\" rel=\"noopener\">Ac\u00e1 mi texto original<\/a>).<\/p>\n<style>.embed-container { position: relative; padding-bottom: 56.25%; height: 0; overflow: hidden; max-width: 100%; } .embed-container iframe, .embed-container object, .embed-container embed { position: absolute; top: 0; left: 0; width: 100%; height: 100%; }<\/style>\n<div class=\"embed-container\"><iframe src=\"https:\/\/www.youtube.com\/embed\/4_9-U_Q_ULk\" frameborder=\"0\" allowfullscreen=\"allowfullscreen\"><\/iframe><\/div>\n<p>&nbsp;<\/p>\n<h2>\u2018Y mi voz se va\u2019, de Sotomayor<\/h2>\n<p>Los hermanos Paulina y Ra\u00fal <strong>Sotomayor <\/strong>la rompieron cuando el a\u00f1o pasado estrenaron su aplaudid\u00edsimo \u00abConquistador\u00bb (2017). Pues bien, con el \u00e1lbum ya lanzado, pero con una larga y amplia gira que incluy\u00f3 por vez primera un show en solitario para ellos, los <strong>Sotomayor<\/strong> lanzaron un nuevo sencillo y su correspondiente material con \u00abY mi voz de va\u00bb, uno de los mejores temas del dueto musical. Con una est\u00e9tica bastante linda, pero sobre todo un humor muy fino ejecutado por las realizadoras M\u00f3nica Ugarte y Daniela Anelisse de <strong>Igl\u00fa<\/strong>, el video musical de \u00abY mi voz se va\u00bb es un trabajo de entrada bastante entretenido. Las protagonistas son varias chichis que van adue\u00f1\u00e1ndose de la escena, movi\u00e9ndose de arriba para abajo en una suerte de baile hipn\u00f3tico que termina por explotar en una colorida fiesta donde volvemos a ver a los hermanos <strong>Sotomayor<\/strong> moverse y saltar a bailar al vaiv\u00e9n de su propia m\u00fasica. La verdad es que el video es un gran ejercicio audiovisual que no dud\u00e9 en ning\u00fan momento seleccionar como lo mejor visto este a\u00f1o. \u00bfQu\u00e9 dicen ustedes?. (<a href=\"http:\/\/www.reconoce.mx\/y-mi-voz-se-va-de-sotomayor\/\" target=\"_blank\" rel=\"noopener\">Ac\u00e1 mi texto original<\/a>).<\/p>\n<style>.embed-container { position: relative; padding-bottom: 56.25%; height: 0; overflow: hidden; max-width: 100%; } .embed-container iframe, .embed-container object, .embed-container embed { position: absolute; top: 0; left: 0; width: 100%; height: 100%; }<\/style>\n<div class=\"embed-container\"><iframe src=\"https:\/\/www.youtube.com\/embed\/0ipw7U5ZyG4\" frameborder=\"0\" allowfullscreen=\"allowfullscreen\"><\/iframe><\/div>\n<p>&nbsp;<\/p>\n<h2>\u2018P\u00e1jaros\u2019, de Porter<\/h2>\n<p>En la recta final del presente a\u00f1o, los tapat\u00edos <strong>Porter<\/strong> sacudieron la escena musical nacional con un EP poderos\u00edsimo en el que una tras otra, las 4 canciones que le conforman son sin duda espl\u00e9ndidas. Pues bien, 3 de esas 4 canciones incluyen video, uno de ellos uno de los mejores 5 seg\u00fan su servidor para este 2018. No, no hay sorpresa en que <strong>Porter<\/strong> se cuele en este listado; con esta presencia ya cumplir\u00edan con 3 de 4 inserciones en \u00ab<a href=\"http:\/\/www.reconoce.mx\/?s=Los+CINCO+%27Videos+de+la+semana%27\" target=\"_blank\" rel=\"noopener\">Los CINCO &#8216;Videos de la semana&#8217;<\/a>\u00ab, desde que lo implement\u00e9 en 2015. Un viaje, en el que los cuatro integrantes de <strong>Porter<\/strong> se embarcan, parece ser el camino ideal para la reconstrucci\u00f3n de un Diego \u00abBacter\u00bb Rangel que nos marca que algo se ha perdido y que duele y seguir\u00e1 doliendo, porque como cita la canci\u00f3n, \u00abel tiempo no lo cura todo\u00bb. En una suerte de DeLorean (a la \u00abVolver al futuro\u00bb), los <strong>Porter<\/strong> emprenden en un viaje por el desierto en el que se combinan im\u00e1genes coloridas abstractas que bien podr\u00edan hablar de un mundo m\u00e1s all\u00e1, uno donde se espera llegar a donde se va toda esa gente que \u00abya no existe\u00bb&#8230; La combinaci\u00f3n de im\u00e1genes con m\u00fasica resulta espl\u00e9ndida. <strong>Porter<\/strong>, con un video sencillo, pero ingenioso, terminan por regalarnos uno de los mejores audiovisuales musicales mexicanos de 2018. La pregunta es&#8230; Y ahora que nos regalaron tan extraordinario EP \u00abLas batallas del tiempo\u00bb, \u00bfqu\u00e9 sigue? No puedo esperar m\u00e1s por la respuesta, misma que seguro conoceremos en parte ya en 2019. (<a href=\"http:\/\/www.reconoce.mx\/pajaros-de-porter\/\" target=\"_blank\" rel=\"noopener\">Ac\u00e1 mi texto original<\/a>).<\/p>\n<style>.embed-container { position: relative; padding-bottom: 56.25%; height: 0; overflow: hidden; max-width: 100%; } .embed-container iframe, .embed-container object, .embed-container embed { position: absolute; top: 0; left: 0; width: 100%; height: 100%; }<\/style>\n<div class=\"embed-container\"><iframe src=\"https:\/\/www.youtube.com\/embed\/LlOa6KiiAw0\" frameborder=\"0\" allowfullscreen=\"allowfullscreen\"><\/iframe><\/div>\n<p>&nbsp;<\/p>\n<h2 style=\"text-align: center;\"><strong><a href=\"http:\/\/www.reconoce.mx\/los-cinco-video-de-la-semana-de-2015\/\" target=\"_blank\" rel=\"noopener\">2015<\/a> | <a href=\"http:\/\/www.reconoce.mx\/los-cinco-videos-de-la-semana-de-2016\/\" target=\"_blank\" rel=\"noopener\">2016<\/a> | <a href=\"http:\/\/www.reconoce.mx\/los-cinco-videos-de-la-semana-de-2017\/\" target=\"_blank\" rel=\"noopener\">2017<\/a> | 2018<\/strong><\/h2>\n<p style=\"text-align: right;\">Foto: <strong>ThoroughlyReviewed<\/strong>.<\/p>\n<p>&nbsp;<\/p>\n<p>&nbsp;<\/p>\n","protected":false},"excerpt":{"rendered":"<p>Por tercer a\u00f1o consecutivo, toca el recuento de los videos musicales que m\u00e1s nos han gustado en Reconoce MX.<\/p>\n","protected":false},"author":2,"featured_media":79285,"comment_status":"open","ping_status":"open","sticky":false,"template":"","format":"standard","meta":{"footnotes":""},"categories":[1,18,17,2575],"tags":[],"class_list":["post-79282","post","type-post","status-publish","format-standard","has-post-thumbnail","hentry","category-cultura","category-musica","category-principal","category-video-de-la-semana"],"yoast_head":"<!-- This site is optimized with the Yoast SEO plugin v24.7 - https:\/\/yoast.com\/wordpress\/plugins\/seo\/ -->\n<title>Los CINCO &#039;Videos de la semana&#039; de 2018 &#171; Reconoce MX<\/title>\n<meta name=\"robots\" content=\"index, follow, max-snippet:-1, max-image-preview:large, max-video-preview:-1\" \/>\n<link rel=\"canonical\" href=\"https:\/\/www.reconoce.mx\/?p=79282\" \/>\n<meta property=\"og:locale\" content=\"es_ES\" \/>\n<meta property=\"og:type\" content=\"article\" \/>\n<meta property=\"og:title\" content=\"Los CINCO &#039;Videos de la semana&#039; de 2018 &#171; Reconoce MX\" \/>\n<meta property=\"og:description\" content=\"Por tercer a\u00f1o consecutivo, toca el recuento de los videos musicales que m\u00e1s nos han gustado en Reconoce MX.\" \/>\n<meta property=\"og:url\" content=\"https:\/\/www.reconoce.mx\/?p=79282\" \/>\n<meta property=\"og:site_name\" content=\"Reconoce MX\" \/>\n<meta property=\"article:publisher\" content=\"https:\/\/es-la.facebook.com\/ReconoceMX\/\" \/>\n<meta property=\"article:published_time\" content=\"2018-12-26T06:03:17+00:00\" \/>\n<meta property=\"article:modified_time\" content=\"2018-12-26T16:58:03+00:00\" \/>\n<meta property=\"og:image\" content=\"https:\/\/www.reconoce.mx\/wp-content\/uploads\/2018\/12\/video-audifonos.jpg\" \/>\n\t<meta property=\"og:image:width\" content=\"590\" \/>\n\t<meta property=\"og:image:height\" content=\"380\" \/>\n\t<meta property=\"og:image:type\" content=\"image\/jpeg\" \/>\n<meta name=\"author\" content=\"Reconoce MX\" \/>\n<meta name=\"twitter:card\" content=\"summary_large_image\" \/>\n<meta name=\"twitter:creator\" content=\"@reconocemx\" \/>\n<meta name=\"twitter:site\" content=\"@reconocemx\" \/>\n<meta name=\"twitter:label1\" content=\"Escrito por\" \/>\n\t<meta name=\"twitter:data1\" content=\"Reconoce MX\" \/>\n\t<meta name=\"twitter:label2\" content=\"Tiempo de lectura\" \/>\n\t<meta name=\"twitter:data2\" content=\"7 minutos\" \/>\n<script type=\"application\/ld+json\" class=\"yoast-schema-graph\">{\"@context\":\"https:\/\/schema.org\",\"@graph\":[{\"@type\":\"Article\",\"@id\":\"https:\/\/www.reconoce.mx\/?p=79282#article\",\"isPartOf\":{\"@id\":\"https:\/\/www.reconoce.mx\/?p=79282\"},\"author\":{\"name\":\"Reconoce MX\",\"@id\":\"http:\/\/www.reconoce.mx\/#\/schema\/person\/2117e997d7051dc15d6880eaf9bca0b2\"},\"headline\":\"Los CINCO &#8216;Videos de la semana&#8217; de 2018\",\"datePublished\":\"2018-12-26T06:03:17+00:00\",\"dateModified\":\"2018-12-26T16:58:03+00:00\",\"mainEntityOfPage\":{\"@id\":\"https:\/\/www.reconoce.mx\/?p=79282\"},\"wordCount\":1458,\"commentCount\":0,\"publisher\":{\"@id\":\"http:\/\/www.reconoce.mx\/#organization\"},\"image\":{\"@id\":\"https:\/\/www.reconoce.mx\/?p=79282#primaryimage\"},\"thumbnailUrl\":\"http:\/\/www.reconoce.mx\/wp-content\/uploads\/2018\/12\/video-audifonos.jpg\",\"articleSection\":[\"Cultura\",\"M\u00fasica\",\"Principal\",\"Video de la semana\"],\"inLanguage\":\"es\",\"potentialAction\":[{\"@type\":\"CommentAction\",\"name\":\"Comment\",\"target\":[\"https:\/\/www.reconoce.mx\/?p=79282#respond\"]}]},{\"@type\":\"WebPage\",\"@id\":\"https:\/\/www.reconoce.mx\/?p=79282\",\"url\":\"https:\/\/www.reconoce.mx\/?p=79282\",\"name\":\"Los CINCO 'Videos de la semana' de 2018 &#171; Reconoce MX\",\"isPartOf\":{\"@id\":\"http:\/\/www.reconoce.mx\/#website\"},\"primaryImageOfPage\":{\"@id\":\"https:\/\/www.reconoce.mx\/?p=79282#primaryimage\"},\"image\":{\"@id\":\"https:\/\/www.reconoce.mx\/?p=79282#primaryimage\"},\"thumbnailUrl\":\"http:\/\/www.reconoce.mx\/wp-content\/uploads\/2018\/12\/video-audifonos.jpg\",\"datePublished\":\"2018-12-26T06:03:17+00:00\",\"dateModified\":\"2018-12-26T16:58:03+00:00\",\"breadcrumb\":{\"@id\":\"https:\/\/www.reconoce.mx\/?p=79282#breadcrumb\"},\"inLanguage\":\"es\",\"potentialAction\":[{\"@type\":\"ReadAction\",\"target\":[\"https:\/\/www.reconoce.mx\/?p=79282\"]}]},{\"@type\":\"ImageObject\",\"inLanguage\":\"es\",\"@id\":\"https:\/\/www.reconoce.mx\/?p=79282#primaryimage\",\"url\":\"http:\/\/www.reconoce.mx\/wp-content\/uploads\/2018\/12\/video-audifonos.jpg\",\"contentUrl\":\"http:\/\/www.reconoce.mx\/wp-content\/uploads\/2018\/12\/video-audifonos.jpg\",\"width\":590,\"height\":380},{\"@type\":\"BreadcrumbList\",\"@id\":\"https:\/\/www.reconoce.mx\/?p=79282#breadcrumb\",\"itemListElement\":[{\"@type\":\"ListItem\",\"position\":1,\"name\":\"Portada\",\"item\":\"http:\/\/www.reconoce.mx\/\"},{\"@type\":\"ListItem\",\"position\":2,\"name\":\"Los CINCO &#8216;Videos de la semana&#8217; de 2018\"}]},{\"@type\":\"WebSite\",\"@id\":\"http:\/\/www.reconoce.mx\/#website\",\"url\":\"http:\/\/www.reconoce.mx\/\",\"name\":\"Reconoce MX\",\"description\":\"En Reconoce MX difundimos arte, cultura y conciencia social en M\u00e9xico. Tu ciudad en otra perspectiva.\",\"publisher\":{\"@id\":\"http:\/\/www.reconoce.mx\/#organization\"},\"potentialAction\":[{\"@type\":\"SearchAction\",\"target\":{\"@type\":\"EntryPoint\",\"urlTemplate\":\"http:\/\/www.reconoce.mx\/?s={search_term_string}\"},\"query-input\":{\"@type\":\"PropertyValueSpecification\",\"valueRequired\":true,\"valueName\":\"search_term_string\"}}],\"inLanguage\":\"es\"},{\"@type\":\"Organization\",\"@id\":\"http:\/\/www.reconoce.mx\/#organization\",\"name\":\"Reconoce MX\",\"url\":\"http:\/\/www.reconoce.mx\/\",\"logo\":{\"@type\":\"ImageObject\",\"inLanguage\":\"es\",\"@id\":\"http:\/\/www.reconoce.mx\/#\/schema\/logo\/image\/\",\"url\":\"https:\/\/www.reconoce.mx\/wp-content\/uploads\/2019\/03\/logorcmx-good-1.png\",\"contentUrl\":\"https:\/\/www.reconoce.mx\/wp-content\/uploads\/2019\/03\/logorcmx-good-1.png\",\"width\":280,\"height\":90,\"caption\":\"Reconoce MX\"},\"image\":{\"@id\":\"http:\/\/www.reconoce.mx\/#\/schema\/logo\/image\/\"},\"sameAs\":[\"https:\/\/es-la.facebook.com\/ReconoceMX\/\",\"https:\/\/x.com\/reconocemx\",\"http:\/\/@reconocemx\"]},{\"@type\":\"Person\",\"@id\":\"http:\/\/www.reconoce.mx\/#\/schema\/person\/2117e997d7051dc15d6880eaf9bca0b2\",\"name\":\"Reconoce MX\",\"image\":{\"@type\":\"ImageObject\",\"inLanguage\":\"es\",\"@id\":\"http:\/\/www.reconoce.mx\/#\/schema\/person\/image\/\",\"url\":\"https:\/\/secure.gravatar.com\/avatar\/6c8d4dc7569ca1c90c5fdcc349f839d5ddef6fe1e70b4337ead2ef1a4c43fc3a?s=96&d=identicon&r=g\",\"contentUrl\":\"https:\/\/secure.gravatar.com\/avatar\/6c8d4dc7569ca1c90c5fdcc349f839d5ddef6fe1e70b4337ead2ef1a4c43fc3a?s=96&d=identicon&r=g\",\"caption\":\"Reconoce MX\"},\"description\":\"Reconoce MX es un proyecto de difusi\u00f3n art\u00edstica, cultural y de conciencia social que est\u00e1 enfocado a difundir y fomentar el entretenimiento alternativo de calidad para todo el p\u00fablico que comparta el mismo entusiasmo.\",\"sameAs\":[\"http:\/\/www.reconoce.mx\"],\"url\":\"http:\/\/www.reconoce.mx\/?author=2\"}]}<\/script>\n<!-- \/ Yoast SEO plugin. -->","yoast_head_json":{"title":"Los CINCO 'Videos de la semana' de 2018 &#171; Reconoce MX","robots":{"index":"index","follow":"follow","max-snippet":"max-snippet:-1","max-image-preview":"max-image-preview:large","max-video-preview":"max-video-preview:-1"},"canonical":"https:\/\/www.reconoce.mx\/?p=79282","og_locale":"es_ES","og_type":"article","og_title":"Los CINCO 'Videos de la semana' de 2018 &#171; Reconoce MX","og_description":"Por tercer a\u00f1o consecutivo, toca el recuento de los videos musicales que m\u00e1s nos han gustado en Reconoce MX.","og_url":"https:\/\/www.reconoce.mx\/?p=79282","og_site_name":"Reconoce MX","article_publisher":"https:\/\/es-la.facebook.com\/ReconoceMX\/","article_published_time":"2018-12-26T06:03:17+00:00","article_modified_time":"2018-12-26T16:58:03+00:00","og_image":[{"width":590,"height":380,"url":"https:\/\/www.reconoce.mx\/wp-content\/uploads\/2018\/12\/video-audifonos.jpg","type":"image\/jpeg"}],"author":"Reconoce MX","twitter_card":"summary_large_image","twitter_creator":"@reconocemx","twitter_site":"@reconocemx","twitter_misc":{"Escrito por":"Reconoce MX","Tiempo de lectura":"7 minutos"},"schema":{"@context":"https:\/\/schema.org","@graph":[{"@type":"Article","@id":"https:\/\/www.reconoce.mx\/?p=79282#article","isPartOf":{"@id":"https:\/\/www.reconoce.mx\/?p=79282"},"author":{"name":"Reconoce MX","@id":"http:\/\/www.reconoce.mx\/#\/schema\/person\/2117e997d7051dc15d6880eaf9bca0b2"},"headline":"Los CINCO &#8216;Videos de la semana&#8217; de 2018","datePublished":"2018-12-26T06:03:17+00:00","dateModified":"2018-12-26T16:58:03+00:00","mainEntityOfPage":{"@id":"https:\/\/www.reconoce.mx\/?p=79282"},"wordCount":1458,"commentCount":0,"publisher":{"@id":"http:\/\/www.reconoce.mx\/#organization"},"image":{"@id":"https:\/\/www.reconoce.mx\/?p=79282#primaryimage"},"thumbnailUrl":"http:\/\/www.reconoce.mx\/wp-content\/uploads\/2018\/12\/video-audifonos.jpg","articleSection":["Cultura","M\u00fasica","Principal","Video de la semana"],"inLanguage":"es","potentialAction":[{"@type":"CommentAction","name":"Comment","target":["https:\/\/www.reconoce.mx\/?p=79282#respond"]}]},{"@type":"WebPage","@id":"https:\/\/www.reconoce.mx\/?p=79282","url":"https:\/\/www.reconoce.mx\/?p=79282","name":"Los CINCO 'Videos de la semana' de 2018 &#171; Reconoce MX","isPartOf":{"@id":"http:\/\/www.reconoce.mx\/#website"},"primaryImageOfPage":{"@id":"https:\/\/www.reconoce.mx\/?p=79282#primaryimage"},"image":{"@id":"https:\/\/www.reconoce.mx\/?p=79282#primaryimage"},"thumbnailUrl":"http:\/\/www.reconoce.mx\/wp-content\/uploads\/2018\/12\/video-audifonos.jpg","datePublished":"2018-12-26T06:03:17+00:00","dateModified":"2018-12-26T16:58:03+00:00","breadcrumb":{"@id":"https:\/\/www.reconoce.mx\/?p=79282#breadcrumb"},"inLanguage":"es","potentialAction":[{"@type":"ReadAction","target":["https:\/\/www.reconoce.mx\/?p=79282"]}]},{"@type":"ImageObject","inLanguage":"es","@id":"https:\/\/www.reconoce.mx\/?p=79282#primaryimage","url":"http:\/\/www.reconoce.mx\/wp-content\/uploads\/2018\/12\/video-audifonos.jpg","contentUrl":"http:\/\/www.reconoce.mx\/wp-content\/uploads\/2018\/12\/video-audifonos.jpg","width":590,"height":380},{"@type":"BreadcrumbList","@id":"https:\/\/www.reconoce.mx\/?p=79282#breadcrumb","itemListElement":[{"@type":"ListItem","position":1,"name":"Portada","item":"http:\/\/www.reconoce.mx\/"},{"@type":"ListItem","position":2,"name":"Los CINCO &#8216;Videos de la semana&#8217; de 2018"}]},{"@type":"WebSite","@id":"http:\/\/www.reconoce.mx\/#website","url":"http:\/\/www.reconoce.mx\/","name":"Reconoce MX","description":"En Reconoce MX difundimos arte, cultura y conciencia social en M\u00e9xico. Tu ciudad en otra perspectiva.","publisher":{"@id":"http:\/\/www.reconoce.mx\/#organization"},"potentialAction":[{"@type":"SearchAction","target":{"@type":"EntryPoint","urlTemplate":"http:\/\/www.reconoce.mx\/?s={search_term_string}"},"query-input":{"@type":"PropertyValueSpecification","valueRequired":true,"valueName":"search_term_string"}}],"inLanguage":"es"},{"@type":"Organization","@id":"http:\/\/www.reconoce.mx\/#organization","name":"Reconoce MX","url":"http:\/\/www.reconoce.mx\/","logo":{"@type":"ImageObject","inLanguage":"es","@id":"http:\/\/www.reconoce.mx\/#\/schema\/logo\/image\/","url":"https:\/\/www.reconoce.mx\/wp-content\/uploads\/2019\/03\/logorcmx-good-1.png","contentUrl":"https:\/\/www.reconoce.mx\/wp-content\/uploads\/2019\/03\/logorcmx-good-1.png","width":280,"height":90,"caption":"Reconoce MX"},"image":{"@id":"http:\/\/www.reconoce.mx\/#\/schema\/logo\/image\/"},"sameAs":["https:\/\/es-la.facebook.com\/ReconoceMX\/","https:\/\/x.com\/reconocemx","http:\/\/@reconocemx"]},{"@type":"Person","@id":"http:\/\/www.reconoce.mx\/#\/schema\/person\/2117e997d7051dc15d6880eaf9bca0b2","name":"Reconoce MX","image":{"@type":"ImageObject","inLanguage":"es","@id":"http:\/\/www.reconoce.mx\/#\/schema\/person\/image\/","url":"https:\/\/secure.gravatar.com\/avatar\/6c8d4dc7569ca1c90c5fdcc349f839d5ddef6fe1e70b4337ead2ef1a4c43fc3a?s=96&d=identicon&r=g","contentUrl":"https:\/\/secure.gravatar.com\/avatar\/6c8d4dc7569ca1c90c5fdcc349f839d5ddef6fe1e70b4337ead2ef1a4c43fc3a?s=96&d=identicon&r=g","caption":"Reconoce MX"},"description":"Reconoce MX es un proyecto de difusi\u00f3n art\u00edstica, cultural y de conciencia social que est\u00e1 enfocado a difundir y fomentar el entretenimiento alternativo de calidad para todo el p\u00fablico que comparta el mismo entusiasmo.","sameAs":["http:\/\/www.reconoce.mx"],"url":"http:\/\/www.reconoce.mx\/?author=2"}]}},"_links":{"self":[{"href":"http:\/\/www.reconoce.mx\/index.php?rest_route=\/wp\/v2\/posts\/79282","targetHints":{"allow":["GET"]}}],"collection":[{"href":"http:\/\/www.reconoce.mx\/index.php?rest_route=\/wp\/v2\/posts"}],"about":[{"href":"http:\/\/www.reconoce.mx\/index.php?rest_route=\/wp\/v2\/types\/post"}],"author":[{"embeddable":true,"href":"http:\/\/www.reconoce.mx\/index.php?rest_route=\/wp\/v2\/users\/2"}],"replies":[{"embeddable":true,"href":"http:\/\/www.reconoce.mx\/index.php?rest_route=%2Fwp%2Fv2%2Fcomments&post=79282"}],"version-history":[{"count":9,"href":"http:\/\/www.reconoce.mx\/index.php?rest_route=\/wp\/v2\/posts\/79282\/revisions"}],"predecessor-version":[{"id":79312,"href":"http:\/\/www.reconoce.mx\/index.php?rest_route=\/wp\/v2\/posts\/79282\/revisions\/79312"}],"wp:featuredmedia":[{"embeddable":true,"href":"http:\/\/www.reconoce.mx\/index.php?rest_route=\/wp\/v2\/media\/79285"}],"wp:attachment":[{"href":"http:\/\/www.reconoce.mx\/index.php?rest_route=%2Fwp%2Fv2%2Fmedia&parent=79282"}],"wp:term":[{"taxonomy":"category","embeddable":true,"href":"http:\/\/www.reconoce.mx\/index.php?rest_route=%2Fwp%2Fv2%2Fcategories&post=79282"},{"taxonomy":"post_tag","embeddable":true,"href":"http:\/\/www.reconoce.mx\/index.php?rest_route=%2Fwp%2Fv2%2Ftags&post=79282"}],"curies":[{"name":"wp","href":"https:\/\/api.w.org\/{rel}","templated":true}]}}