{"id":79303,"date":"2018-12-26T00:02:53","date_gmt":"2018-12-26T06:02:53","guid":{"rendered":"http:\/\/www.reconoce.mx\/?p=79303"},"modified":"2018-12-26T09:49:39","modified_gmt":"2018-12-26T15:49:39","slug":"otro-de-cronopios-y-de-famas-en-visperas-de-la-natividad","status":"publish","type":"post","link":"http:\/\/www.reconoce.mx\/?p=79303","title":{"rendered":"Otro de cronopios y de famas, en v\u00edsperas de la natividad"},"content":{"rendered":"<p><a href=\"http:\/\/www.reconoce.mx\/category\/columnistas\/\"><img loading=\"lazy\" decoding=\"async\" class=\"aligncenter size-full wp-image-40651\" src=\"http:\/\/www.reconoce.mx\/wp-content\/uploads\/2015\/09\/ColumnistaRCMX.png\" alt=\"Columnistainvitado\" width=\"570\" height=\"70\" \/><\/a><\/p>\n<p><strong>Por\u00a0<a href=\"https:\/\/twitter.com\/SandyMW13\" target=\"_blank\" rel=\"noopener noreferrer\">Sandyluz<\/a><\/strong>.<\/p>\n<p>Henos aqu\u00ed, reunidos, en una misma mesa y en una misma celebraci\u00f3n: la Navidad, que significa \u201cnacimiento\u201d. Un aqu\u00ed y un ahora. Un punto de reuni\u00f3n y un momento preciso. Y es aqu\u00ed, durante Navidad, cuando, ante un manjar, servido con manteles largos, nos homologamos para compartir, sin importar credos, ni diferencias, incluso cuando est\u00e9n en boga los conceptos \u201cmulticulturalismo\u201d y \u201cheterogeneidad\u201d. Somos, finalmente, el mismo modelo de homosapiens. Y bajo esta \u00f3ptica, traigo a colaci\u00f3n otra minificci\u00f3n del libro \u00abHistorias de cronopios y famas\u00bb de <strong>Julio Cort\u00e1zar<\/strong>: \u201cEl almuerzo\u201d, historia cort\u00edsima (de unas veinte l\u00edneas), pero con una propuesta discursiva ir\u00f3nica y sustanciosa, por ah\u00ed debajo del mantel. Sin duda, la mordacidad -dentro de historias de apariencia azucarada e inocente- se le da muy bien a Cort\u00e1zar, cuando inmiscuye asuntos jocosos sobre nuestros roles sociales. Y eso que el creador de los cronopios apenas propone la hora \u201cdel almuerzo\u201d. \u00bfQu\u00e9 esperar entonces, si abarcase \u201cel plato fuerte\u201d?<\/p>\n<p><a href=\"http:\/\/www.reconoce.mx\/wp-content\/uploads\/2018\/12\/historias-de-cronopios-y-de-famas-ebook-9788415551980.jpg\"><img loading=\"lazy\" decoding=\"async\" class=\"aligncenter size-full wp-image-79307\" src=\"http:\/\/www.reconoce.mx\/wp-content\/uploads\/2018\/12\/historias-de-cronopios-y-de-famas-ebook-9788415551980.jpg\" alt=\"\" width=\"970\" height=\"1359\" srcset=\"http:\/\/www.reconoce.mx\/wp-content\/uploads\/2018\/12\/historias-de-cronopios-y-de-famas-ebook-9788415551980.jpg 970w, http:\/\/www.reconoce.mx\/wp-content\/uploads\/2018\/12\/historias-de-cronopios-y-de-famas-ebook-9788415551980-214x300.jpg 214w, http:\/\/www.reconoce.mx\/wp-content\/uploads\/2018\/12\/historias-de-cronopios-y-de-famas-ebook-9788415551980-768x1076.jpg 768w, http:\/\/www.reconoce.mx\/wp-content\/uploads\/2018\/12\/historias-de-cronopios-y-de-famas-ebook-9788415551980-731x1024.jpg 731w, http:\/\/www.reconoce.mx\/wp-content\/uploads\/2018\/12\/historias-de-cronopios-y-de-famas-ebook-9788415551980-150x210.jpg 150w, http:\/\/www.reconoce.mx\/wp-content\/uploads\/2018\/12\/historias-de-cronopios-y-de-famas-ebook-9788415551980-700x981.jpg 700w, http:\/\/www.reconoce.mx\/wp-content\/uploads\/2018\/12\/historias-de-cronopios-y-de-famas-ebook-9788415551980-658x922.jpg 658w, http:\/\/www.reconoce.mx\/wp-content\/uploads\/2018\/12\/historias-de-cronopios-y-de-famas-ebook-9788415551980-300x420.jpg 300w\" sizes=\"auto, (max-width: 970px) 100vw, 970px\" \/><\/a><\/p>\n<p>En la introducci\u00f3n del relato, cuenta el narrador que un cronopio supo mediar entre personajes dispares y personalidades contrastantes: \u201c(\u2026) un cronopio lleg\u00f3 a establecer un term\u00f3metro de vidas. Algo entre term\u00f3metro y top\u00f3metro, entre fichero y curr\u00edculum vitae\u201d (<strong>Cort\u00e1zar<\/strong>, 2015: p. 137). Ya con ello se plantea el conflicto de la historia: el sentar en una misma mesa a personajes tan peculiares, tan diversos. En el desarrollo del relato, sucede la reuni\u00f3n; aqu\u00ed aflora la forma de vivir una reuni\u00f3n de un cronopio, un fama, una esperanza y un profesor de lenguas (\u00bfno acaso as\u00ed, igualito, durante una t\u00edpica cena de Navidad?). La perspicacia del autor se hace presente, cuando a cada personaje, o subtipo, le cuelga una etiqueta, mediante crear una palabra compuesta (un prefijo m\u00e1s un lexema, en este caso); de modo que al fama lo denomina infra-vida, a la esperanza para-vida, al profesor de lenguas inter-vida, y al cronopio s\u00faper-vida. \u00bfAlguna vez te ha dado por inventar una palabra, simplemente por juego, o apelando a la f\u00f3rmula del error feliz, patentada por <strong>Gianni Rodari<\/strong>, en su \u00abGram\u00e1tica de la fantas\u00eda\u00bb? El resultado es po\u00e9tico y a la vez dist\u00f3pico; se genera per se una fina iron\u00eda, que ya aventura la inevitable comparaci\u00f3n caricaturesca entre los personajes generados y los reales, extra\u00eddos de nuestro modelo social contempor\u00e1neo. La cr\u00edtica contextual queda inferida, o sea, bajo la tutela del sagaz lector.<\/p>\n<p>As\u00ed, por medio de la ilusi\u00f3n de crear a personajes de fantas\u00eda, <strong>Cort\u00e1zar<\/strong> termina haciendo burla de c\u00f3mo nuestras diferencias pueden guiarnos hacia la condena, dentro del temido estereotipo; y esto con justa raz\u00f3n, pues obramos acorde a los usos y costumbres de nuestra educaci\u00f3n, de nuestro estrato social. En el momento cl\u00edmax del relato (que coincide con un desenlace de \u201cpuntos suspensivos\u201d o de espacio vac\u00edo) el autor menciona que, mientras cada personaje com\u00eda tan \u201ca su manera\u201d, \u201cen la mesa quedaban solamente pedacitos sueltos de la muerte\u201d (<strong>Cort\u00e1zar<\/strong>, 2015: p. 137). Desde mi punto de vista, este final triunfal sugiere la moraleja de que al final de d\u00eda todos somos iguales y llegamos al mismo destino (sin importar diferencias, ni costumbres): la muerte; tambi\u00e9n, me parece que alude magistralmente al devenir de las cosas del mundo, por ende de los seres vivos, pues resulta c\u00e1ustico que, en el ejercicio de degustar y digerir, estemos de todas maneras descontando tiempo y yendo un poquito y m\u00e1s y m\u00e1s hacia la muerte. Reunirnos, comer y vivir, irremediablemente nos lleva a la soledad del punto final, o sea, el inevitable morir.<\/p>\n<p>Ya, por \u00faltimo, tengo que decirles que esta minificci\u00f3n es desafiante, pues te atarear\u00e1s leyendo y releyendo, para atinar qui\u00e9n hace qu\u00e9, durante el almuerzo. La otra pregunta que cruza por mi mente es: en este practicar la biodiversidad, \u00bfqui\u00e9n de los personajes ser\u00edas t\u00fa, sentado a la mesa, a la hora del almuerzo, comport\u00e1ndote de qu\u00e9 forma? As\u00ed, mientras <strong>Cort\u00e1zar<\/strong> nos regala otra estampa cr\u00edtica de nuestra sociedad contempor\u00e1nea, todav\u00eda tan llena de clich\u00e9s y personajes estereotipo, yo los imagino a ustedes, intentando ser ustedes mismos y gozando de un almuerzo, o de una cena; en todo caso, de una feliz Navidad.<\/p>\n<p>Referencias:<\/p>\n<p style=\"text-align: right;\"><strong>Cort\u00e1zar<\/strong>, Julio. <em>Cuentos completos 2<\/em>. M\u00e9xico: Penguin Random House. 2015.<br \/>\n<strong>Rodari<\/strong>, Gianni. <em>Gram\u00e1tica de la fantas\u00eda. Introducci\u00f3n al arte de inventar historias<\/em>. Italia: Edizione E.Elle, 1993.<\/p>\n<blockquote><p><a href=\"http:\/\/www.reconoce.mx\/wp-content\/uploads\/2016\/05\/sandybw.png\" rel=\"lightbox[57492]\"><img loading=\"lazy\" decoding=\"async\" class=\"alignleft size-thumbnail wp-image-39872\" src=\"http:\/\/www.reconoce.mx\/wp-content\/uploads\/2016\/05\/sandybw-e1463540419968.png\" alt=\"IMG_5743\" width=\"150\" height=\"150\" \/><\/a><strong>Sandyluz<\/strong>. \u201cDetr\u00e1s de la pluma\u2026\u201d Egresada del Tecnol\u00f3gico de Monterrey Campus Toluca, de la carrera de Ciencias de la Comunicaci\u00f3n. Complet\u00f3 estudios de Creaci\u00f3n Literaria en la Escuela de Escritores del Estado de M\u00e9xico (SOGEM). Tambi\u00e9n termin\u00f3 una maestr\u00eda en Estudios Human\u00edsticos con especialidad en Literatura, en el Tecnol\u00f3gico de Monterrey. En un plano m\u00e1s relajado, es aficionada a los libros y a la escritura desde corta edad; ha escrito de manera informal cuentos y poes\u00edas; con uno de sus primeros cuentos gan\u00f3 un concurso local del cual obtuvo su primer retribuci\u00f3n econ\u00f3mica y profesional, siendo ello un significativo incentivo para seguir escribiendo. La Literatura ha sido una v\u00e1lvula de escape para no enfermar de realidad. La fantas\u00eda reanima el fulgor de los sue\u00f1os que so\u00f1amos dormidos y que so\u00f1amos despiertos\u2026<\/p><\/blockquote>\n<p>&nbsp;<\/p>\n<p>&nbsp;<\/p>\n","protected":false},"excerpt":{"rendered":"<p>Henos aqu\u00ed, reunidos, en una misma mesa y en una misma celebraci\u00f3n: la Navidad, que significa \u201cnacimiento\u201d. Un aqu\u00ed y un ahora. Un punto de reuni\u00f3n y un momento preciso.<\/p>\n","protected":false},"author":2,"featured_media":79306,"comment_status":"open","ping_status":"open","sticky":false,"template":"","format":"standard","meta":{"footnotes":""},"categories":[16,17,2648],"tags":[],"class_list":["post-79303","post","type-post","status-publish","format-standard","has-post-thumbnail","hentry","category-columnistas","category-principal","category-sandyluz"],"yoast_head":"<!-- This site is optimized with the Yoast SEO plugin v24.7 - https:\/\/yoast.com\/wordpress\/plugins\/seo\/ -->\n<title>Otro de cronopios y de famas, en v\u00edsperas de la natividad &#171; Reconoce MX<\/title>\n<meta name=\"robots\" content=\"index, follow, max-snippet:-1, max-image-preview:large, max-video-preview:-1\" \/>\n<link rel=\"canonical\" href=\"https:\/\/www.reconoce.mx\/?p=79303\" \/>\n<meta property=\"og:locale\" content=\"es_ES\" \/>\n<meta property=\"og:type\" content=\"article\" \/>\n<meta property=\"og:title\" content=\"Otro de cronopios y de famas, en v\u00edsperas de la natividad &#171; Reconoce MX\" \/>\n<meta property=\"og:description\" content=\"Henos aqu\u00ed, reunidos, en una misma mesa y en una misma celebraci\u00f3n: la Navidad, que significa \u201cnacimiento\u201d. Un aqu\u00ed y un ahora. Un punto de reuni\u00f3n y un momento preciso.\" \/>\n<meta property=\"og:url\" content=\"https:\/\/www.reconoce.mx\/?p=79303\" \/>\n<meta property=\"og:site_name\" content=\"Reconoce MX\" \/>\n<meta property=\"article:publisher\" content=\"https:\/\/es-la.facebook.com\/ReconoceMX\/\" \/>\n<meta property=\"article:published_time\" content=\"2018-12-26T06:02:53+00:00\" \/>\n<meta property=\"article:modified_time\" content=\"2018-12-26T15:49:39+00:00\" \/>\n<meta property=\"og:image\" content=\"https:\/\/www.reconoce.mx\/wp-content\/uploads\/2018\/12\/cronopios-cortazar.jpg\" \/>\n\t<meta property=\"og:image:width\" content=\"590\" \/>\n\t<meta property=\"og:image:height\" content=\"380\" \/>\n\t<meta property=\"og:image:type\" content=\"image\/jpeg\" \/>\n<meta name=\"author\" content=\"Reconoce MX\" \/>\n<meta name=\"twitter:card\" content=\"summary_large_image\" \/>\n<meta name=\"twitter:creator\" content=\"@reconocemx\" \/>\n<meta name=\"twitter:site\" content=\"@reconocemx\" \/>\n<meta name=\"twitter:label1\" content=\"Escrito por\" \/>\n\t<meta name=\"twitter:data1\" content=\"Reconoce MX\" \/>\n\t<meta name=\"twitter:label2\" content=\"Tiempo de lectura\" \/>\n\t<meta name=\"twitter:data2\" content=\"5 minutos\" \/>\n<script type=\"application\/ld+json\" class=\"yoast-schema-graph\">{\"@context\":\"https:\/\/schema.org\",\"@graph\":[{\"@type\":\"Article\",\"@id\":\"https:\/\/www.reconoce.mx\/?p=79303#article\",\"isPartOf\":{\"@id\":\"https:\/\/www.reconoce.mx\/?p=79303\"},\"author\":{\"name\":\"Reconoce MX\",\"@id\":\"http:\/\/www.reconoce.mx\/#\/schema\/person\/2117e997d7051dc15d6880eaf9bca0b2\"},\"headline\":\"Otro de cronopios y de famas, en v\u00edsperas de la natividad\",\"datePublished\":\"2018-12-26T06:02:53+00:00\",\"dateModified\":\"2018-12-26T15:49:39+00:00\",\"mainEntityOfPage\":{\"@id\":\"https:\/\/www.reconoce.mx\/?p=79303\"},\"wordCount\":931,\"commentCount\":0,\"publisher\":{\"@id\":\"http:\/\/www.reconoce.mx\/#organization\"},\"image\":{\"@id\":\"https:\/\/www.reconoce.mx\/?p=79303#primaryimage\"},\"thumbnailUrl\":\"http:\/\/www.reconoce.mx\/wp-content\/uploads\/2018\/12\/cronopios-cortazar.jpg\",\"articleSection\":[\"Columnistas\",\"Principal\",\"Sandyluz\"],\"inLanguage\":\"es\",\"potentialAction\":[{\"@type\":\"CommentAction\",\"name\":\"Comment\",\"target\":[\"https:\/\/www.reconoce.mx\/?p=79303#respond\"]}]},{\"@type\":\"WebPage\",\"@id\":\"https:\/\/www.reconoce.mx\/?p=79303\",\"url\":\"https:\/\/www.reconoce.mx\/?p=79303\",\"name\":\"Otro de cronopios y de famas, en v\u00edsperas de la natividad &#171; Reconoce MX\",\"isPartOf\":{\"@id\":\"http:\/\/www.reconoce.mx\/#website\"},\"primaryImageOfPage\":{\"@id\":\"https:\/\/www.reconoce.mx\/?p=79303#primaryimage\"},\"image\":{\"@id\":\"https:\/\/www.reconoce.mx\/?p=79303#primaryimage\"},\"thumbnailUrl\":\"http:\/\/www.reconoce.mx\/wp-content\/uploads\/2018\/12\/cronopios-cortazar.jpg\",\"datePublished\":\"2018-12-26T06:02:53+00:00\",\"dateModified\":\"2018-12-26T15:49:39+00:00\",\"breadcrumb\":{\"@id\":\"https:\/\/www.reconoce.mx\/?p=79303#breadcrumb\"},\"inLanguage\":\"es\",\"potentialAction\":[{\"@type\":\"ReadAction\",\"target\":[\"https:\/\/www.reconoce.mx\/?p=79303\"]}]},{\"@type\":\"ImageObject\",\"inLanguage\":\"es\",\"@id\":\"https:\/\/www.reconoce.mx\/?p=79303#primaryimage\",\"url\":\"http:\/\/www.reconoce.mx\/wp-content\/uploads\/2018\/12\/cronopios-cortazar.jpg\",\"contentUrl\":\"http:\/\/www.reconoce.mx\/wp-content\/uploads\/2018\/12\/cronopios-cortazar.jpg\",\"width\":590,\"height\":380},{\"@type\":\"BreadcrumbList\",\"@id\":\"https:\/\/www.reconoce.mx\/?p=79303#breadcrumb\",\"itemListElement\":[{\"@type\":\"ListItem\",\"position\":1,\"name\":\"Portada\",\"item\":\"http:\/\/www.reconoce.mx\/\"},{\"@type\":\"ListItem\",\"position\":2,\"name\":\"Otro de cronopios y de famas, en v\u00edsperas de la natividad\"}]},{\"@type\":\"WebSite\",\"@id\":\"http:\/\/www.reconoce.mx\/#website\",\"url\":\"http:\/\/www.reconoce.mx\/\",\"name\":\"Reconoce MX\",\"description\":\"En Reconoce MX difundimos arte, cultura y conciencia social en M\u00e9xico. Tu ciudad en otra perspectiva.\",\"publisher\":{\"@id\":\"http:\/\/www.reconoce.mx\/#organization\"},\"potentialAction\":[{\"@type\":\"SearchAction\",\"target\":{\"@type\":\"EntryPoint\",\"urlTemplate\":\"http:\/\/www.reconoce.mx\/?s={search_term_string}\"},\"query-input\":{\"@type\":\"PropertyValueSpecification\",\"valueRequired\":true,\"valueName\":\"search_term_string\"}}],\"inLanguage\":\"es\"},{\"@type\":\"Organization\",\"@id\":\"http:\/\/www.reconoce.mx\/#organization\",\"name\":\"Reconoce MX\",\"url\":\"http:\/\/www.reconoce.mx\/\",\"logo\":{\"@type\":\"ImageObject\",\"inLanguage\":\"es\",\"@id\":\"http:\/\/www.reconoce.mx\/#\/schema\/logo\/image\/\",\"url\":\"https:\/\/www.reconoce.mx\/wp-content\/uploads\/2019\/03\/logorcmx-good-1.png\",\"contentUrl\":\"https:\/\/www.reconoce.mx\/wp-content\/uploads\/2019\/03\/logorcmx-good-1.png\",\"width\":280,\"height\":90,\"caption\":\"Reconoce MX\"},\"image\":{\"@id\":\"http:\/\/www.reconoce.mx\/#\/schema\/logo\/image\/\"},\"sameAs\":[\"https:\/\/es-la.facebook.com\/ReconoceMX\/\",\"https:\/\/x.com\/reconocemx\",\"http:\/\/@reconocemx\"]},{\"@type\":\"Person\",\"@id\":\"http:\/\/www.reconoce.mx\/#\/schema\/person\/2117e997d7051dc15d6880eaf9bca0b2\",\"name\":\"Reconoce MX\",\"image\":{\"@type\":\"ImageObject\",\"inLanguage\":\"es\",\"@id\":\"http:\/\/www.reconoce.mx\/#\/schema\/person\/image\/\",\"url\":\"https:\/\/secure.gravatar.com\/avatar\/6c8d4dc7569ca1c90c5fdcc349f839d5ddef6fe1e70b4337ead2ef1a4c43fc3a?s=96&d=identicon&r=g\",\"contentUrl\":\"https:\/\/secure.gravatar.com\/avatar\/6c8d4dc7569ca1c90c5fdcc349f839d5ddef6fe1e70b4337ead2ef1a4c43fc3a?s=96&d=identicon&r=g\",\"caption\":\"Reconoce MX\"},\"description\":\"Reconoce MX es un proyecto de difusi\u00f3n art\u00edstica, cultural y de conciencia social que est\u00e1 enfocado a difundir y fomentar el entretenimiento alternativo de calidad para todo el p\u00fablico que comparta el mismo entusiasmo.\",\"sameAs\":[\"http:\/\/www.reconoce.mx\"],\"url\":\"http:\/\/www.reconoce.mx\/?author=2\"}]}<\/script>\n<!-- \/ Yoast SEO plugin. -->","yoast_head_json":{"title":"Otro de cronopios y de famas, en v\u00edsperas de la natividad &#171; Reconoce MX","robots":{"index":"index","follow":"follow","max-snippet":"max-snippet:-1","max-image-preview":"max-image-preview:large","max-video-preview":"max-video-preview:-1"},"canonical":"https:\/\/www.reconoce.mx\/?p=79303","og_locale":"es_ES","og_type":"article","og_title":"Otro de cronopios y de famas, en v\u00edsperas de la natividad &#171; Reconoce MX","og_description":"Henos aqu\u00ed, reunidos, en una misma mesa y en una misma celebraci\u00f3n: la Navidad, que significa \u201cnacimiento\u201d. Un aqu\u00ed y un ahora. Un punto de reuni\u00f3n y un momento preciso.","og_url":"https:\/\/www.reconoce.mx\/?p=79303","og_site_name":"Reconoce MX","article_publisher":"https:\/\/es-la.facebook.com\/ReconoceMX\/","article_published_time":"2018-12-26T06:02:53+00:00","article_modified_time":"2018-12-26T15:49:39+00:00","og_image":[{"width":590,"height":380,"url":"https:\/\/www.reconoce.mx\/wp-content\/uploads\/2018\/12\/cronopios-cortazar.jpg","type":"image\/jpeg"}],"author":"Reconoce MX","twitter_card":"summary_large_image","twitter_creator":"@reconocemx","twitter_site":"@reconocemx","twitter_misc":{"Escrito por":"Reconoce MX","Tiempo de lectura":"5 minutos"},"schema":{"@context":"https:\/\/schema.org","@graph":[{"@type":"Article","@id":"https:\/\/www.reconoce.mx\/?p=79303#article","isPartOf":{"@id":"https:\/\/www.reconoce.mx\/?p=79303"},"author":{"name":"Reconoce MX","@id":"http:\/\/www.reconoce.mx\/#\/schema\/person\/2117e997d7051dc15d6880eaf9bca0b2"},"headline":"Otro de cronopios y de famas, en v\u00edsperas de la natividad","datePublished":"2018-12-26T06:02:53+00:00","dateModified":"2018-12-26T15:49:39+00:00","mainEntityOfPage":{"@id":"https:\/\/www.reconoce.mx\/?p=79303"},"wordCount":931,"commentCount":0,"publisher":{"@id":"http:\/\/www.reconoce.mx\/#organization"},"image":{"@id":"https:\/\/www.reconoce.mx\/?p=79303#primaryimage"},"thumbnailUrl":"http:\/\/www.reconoce.mx\/wp-content\/uploads\/2018\/12\/cronopios-cortazar.jpg","articleSection":["Columnistas","Principal","Sandyluz"],"inLanguage":"es","potentialAction":[{"@type":"CommentAction","name":"Comment","target":["https:\/\/www.reconoce.mx\/?p=79303#respond"]}]},{"@type":"WebPage","@id":"https:\/\/www.reconoce.mx\/?p=79303","url":"https:\/\/www.reconoce.mx\/?p=79303","name":"Otro de cronopios y de famas, en v\u00edsperas de la natividad &#171; Reconoce MX","isPartOf":{"@id":"http:\/\/www.reconoce.mx\/#website"},"primaryImageOfPage":{"@id":"https:\/\/www.reconoce.mx\/?p=79303#primaryimage"},"image":{"@id":"https:\/\/www.reconoce.mx\/?p=79303#primaryimage"},"thumbnailUrl":"http:\/\/www.reconoce.mx\/wp-content\/uploads\/2018\/12\/cronopios-cortazar.jpg","datePublished":"2018-12-26T06:02:53+00:00","dateModified":"2018-12-26T15:49:39+00:00","breadcrumb":{"@id":"https:\/\/www.reconoce.mx\/?p=79303#breadcrumb"},"inLanguage":"es","potentialAction":[{"@type":"ReadAction","target":["https:\/\/www.reconoce.mx\/?p=79303"]}]},{"@type":"ImageObject","inLanguage":"es","@id":"https:\/\/www.reconoce.mx\/?p=79303#primaryimage","url":"http:\/\/www.reconoce.mx\/wp-content\/uploads\/2018\/12\/cronopios-cortazar.jpg","contentUrl":"http:\/\/www.reconoce.mx\/wp-content\/uploads\/2018\/12\/cronopios-cortazar.jpg","width":590,"height":380},{"@type":"BreadcrumbList","@id":"https:\/\/www.reconoce.mx\/?p=79303#breadcrumb","itemListElement":[{"@type":"ListItem","position":1,"name":"Portada","item":"http:\/\/www.reconoce.mx\/"},{"@type":"ListItem","position":2,"name":"Otro de cronopios y de famas, en v\u00edsperas de la natividad"}]},{"@type":"WebSite","@id":"http:\/\/www.reconoce.mx\/#website","url":"http:\/\/www.reconoce.mx\/","name":"Reconoce MX","description":"En Reconoce MX difundimos arte, cultura y conciencia social en M\u00e9xico. Tu ciudad en otra perspectiva.","publisher":{"@id":"http:\/\/www.reconoce.mx\/#organization"},"potentialAction":[{"@type":"SearchAction","target":{"@type":"EntryPoint","urlTemplate":"http:\/\/www.reconoce.mx\/?s={search_term_string}"},"query-input":{"@type":"PropertyValueSpecification","valueRequired":true,"valueName":"search_term_string"}}],"inLanguage":"es"},{"@type":"Organization","@id":"http:\/\/www.reconoce.mx\/#organization","name":"Reconoce MX","url":"http:\/\/www.reconoce.mx\/","logo":{"@type":"ImageObject","inLanguage":"es","@id":"http:\/\/www.reconoce.mx\/#\/schema\/logo\/image\/","url":"https:\/\/www.reconoce.mx\/wp-content\/uploads\/2019\/03\/logorcmx-good-1.png","contentUrl":"https:\/\/www.reconoce.mx\/wp-content\/uploads\/2019\/03\/logorcmx-good-1.png","width":280,"height":90,"caption":"Reconoce MX"},"image":{"@id":"http:\/\/www.reconoce.mx\/#\/schema\/logo\/image\/"},"sameAs":["https:\/\/es-la.facebook.com\/ReconoceMX\/","https:\/\/x.com\/reconocemx","http:\/\/@reconocemx"]},{"@type":"Person","@id":"http:\/\/www.reconoce.mx\/#\/schema\/person\/2117e997d7051dc15d6880eaf9bca0b2","name":"Reconoce MX","image":{"@type":"ImageObject","inLanguage":"es","@id":"http:\/\/www.reconoce.mx\/#\/schema\/person\/image\/","url":"https:\/\/secure.gravatar.com\/avatar\/6c8d4dc7569ca1c90c5fdcc349f839d5ddef6fe1e70b4337ead2ef1a4c43fc3a?s=96&d=identicon&r=g","contentUrl":"https:\/\/secure.gravatar.com\/avatar\/6c8d4dc7569ca1c90c5fdcc349f839d5ddef6fe1e70b4337ead2ef1a4c43fc3a?s=96&d=identicon&r=g","caption":"Reconoce MX"},"description":"Reconoce MX es un proyecto de difusi\u00f3n art\u00edstica, cultural y de conciencia social que est\u00e1 enfocado a difundir y fomentar el entretenimiento alternativo de calidad para todo el p\u00fablico que comparta el mismo entusiasmo.","sameAs":["http:\/\/www.reconoce.mx"],"url":"http:\/\/www.reconoce.mx\/?author=2"}]}},"_links":{"self":[{"href":"http:\/\/www.reconoce.mx\/index.php?rest_route=\/wp\/v2\/posts\/79303","targetHints":{"allow":["GET"]}}],"collection":[{"href":"http:\/\/www.reconoce.mx\/index.php?rest_route=\/wp\/v2\/posts"}],"about":[{"href":"http:\/\/www.reconoce.mx\/index.php?rest_route=\/wp\/v2\/types\/post"}],"author":[{"embeddable":true,"href":"http:\/\/www.reconoce.mx\/index.php?rest_route=\/wp\/v2\/users\/2"}],"replies":[{"embeddable":true,"href":"http:\/\/www.reconoce.mx\/index.php?rest_route=%2Fwp%2Fv2%2Fcomments&post=79303"}],"version-history":[{"count":1,"href":"http:\/\/www.reconoce.mx\/index.php?rest_route=\/wp\/v2\/posts\/79303\/revisions"}],"predecessor-version":[{"id":79308,"href":"http:\/\/www.reconoce.mx\/index.php?rest_route=\/wp\/v2\/posts\/79303\/revisions\/79308"}],"wp:featuredmedia":[{"embeddable":true,"href":"http:\/\/www.reconoce.mx\/index.php?rest_route=\/wp\/v2\/media\/79306"}],"wp:attachment":[{"href":"http:\/\/www.reconoce.mx\/index.php?rest_route=%2Fwp%2Fv2%2Fmedia&parent=79303"}],"wp:term":[{"taxonomy":"category","embeddable":true,"href":"http:\/\/www.reconoce.mx\/index.php?rest_route=%2Fwp%2Fv2%2Fcategories&post=79303"},{"taxonomy":"post_tag","embeddable":true,"href":"http:\/\/www.reconoce.mx\/index.php?rest_route=%2Fwp%2Fv2%2Ftags&post=79303"}],"curies":[{"name":"wp","href":"https:\/\/api.w.org\/{rel}","templated":true}]}}