{"id":79313,"date":"2018-12-26T00:01:23","date_gmt":"2018-12-26T06:01:23","guid":{"rendered":"http:\/\/www.reconoce.mx\/?p=79313"},"modified":"2018-12-26T13:24:59","modified_gmt":"2018-12-26T19:24:59","slug":"el-ano-viejo-de-tony-camargo","status":"publish","type":"post","link":"http:\/\/www.reconoce.mx\/?p=79313","title":{"rendered":"&#8216;El a\u00f1o viejo&#8217;, de Tony Camargo"},"content":{"rendered":"<p><a href=\"http:\/\/www.reconoce.mx\/category\/cultura\/musica\/miercoles-nostalgico\/\"><img loading=\"lazy\" decoding=\"async\" class=\"aligncenter size-full wp-image-38360\" src=\"http:\/\/www.reconoce.mx\/wp-content\/uploads\/2015\/06\/Miercoles.png\" alt=\"Martes\" width=\"550\" height=\"70\" \/><\/a><strong><br \/>\nPor <a title=\"@AsfaltosTweets\" href=\"http:\/\/twitter.com\/AsfaltosTweets\" target=\"_blank\" rel=\"noopener\">Asfaltos<\/a><\/strong>.<\/p>\n<p>\u00a1Se va, se va, se fue! Bueno, todav\u00eda no, pero ya casi&#8230; S\u00ed, me refiero a 2018, ya que con este <a href=\"http:\/\/www.reconoce.mx\/category\/cultura\/musica\/miercoles-nostalgico\/\" target=\"_blank\" rel=\"noopener\">Mi\u00e9rcoles nost\u00e1lgico<\/a> damos cierre en esta secci\u00f3n al presente a\u00f1o, y como no pod\u00eda ser de otra manera, lo hacemos con una canci\u00f3n acorde a la \u00e9poca. \u00bfLes gusta la m\u00fasica tropical? Igual, si no \u00abes lo suyo\u00bb, despu\u00e9s de escuchar al gran<strong> Tony Camargo<\/strong> les agrade un poco. Por lo menos un poco, aunque sea para bailar en estas fiestas.<\/p>\n<style>.embed-container { position: relative; padding-bottom: 56.25%; height: 0; overflow: hidden; max-width: 100%; } .embed-container iframe, .embed-container object, .embed-container embed { position: absolute; top: 0; left: 0; width: 100%; height: 100%; }<\/style>\n<div class=\"embed-container\"><iframe src=\"https:\/\/www.youtube.com\/embed\/l2_uuh5u_68\" frameborder=\"0\" allowfullscreen=\"allowfullscreen\"><\/iframe><\/div>\n<p>&nbsp;<\/p>\n<p>Nacido en Guadalajara Jalisco, en el ya muy lejano a\u00f1o de 1926, Antonio Camargo Carrasco, mejor conocido como <strong>Tony Camargo<\/strong>, es uno de los \u00edconos m\u00e1s importantes de la m\u00fasica t\u00edpica mexicana de mediados del siglo pasado. Camargo, sin embargo, no ha gozado de tanta fama como por ejemplo otros m\u00fasicos de su g\u00e9nero, como lo fue el cubano <strong>Benny Mor\u00e9<\/strong>; por eso, hoy en <span style=\"color: #a81f25;\"><strong>Reconoce MX<\/strong><\/span>, recordamos a Camargo.<\/p>\n<p>Acompa\u00f1ado por la orquesta del pianista mexicano <strong>Rafael de Paz<\/strong>, con composici\u00f3n del colombiano <strong>Crescencio Salcedo<\/strong>, <strong>Tony Camargo<\/strong> grab\u00f3 \u00abEl a\u00f1o viejo\u00bb, tema que se convertir\u00eda en una de las piezas fundamentales de la m\u00fasica tropical mexicana, mismo que le har\u00eda muy popular en Sudam\u00e9rica, Centroam\u00e9rica, Espa\u00f1a, Estados Unidos, Europa \u00a1y hasta Jap\u00f3n!<\/p>\n<p>\u00abYo no olvido al a\u00f1o viejo, que me ha dejado cosas muy buenas. Ay, yo no olvido al a\u00f1o viejo, porque me ha dejado cosas muy buenas. \u00a1Me dej\u00f3 una chiva, una burra negra, una yegua blanca y una buena suegra!\u00bb<\/p>\n<p>\u00abEl a\u00f1o viejo\u00bb fue publicado originalmente el a\u00f1o de 1953 bajo el sello de la <strong>RCA V\u00edctor<\/strong>. El tema, infaltable en las fiestas de fin de a\u00f1o a partir de su estreno, incluye en los coros a <strong>Las Tres Conchitas<\/strong>: Refugio \u00abCuca\u00bb Hern\u00e1ndez, Gudelia y Laura Rodr\u00edguez. La combinaci\u00f3n entre las voces femeninas de las Conchitas y la masculina de Camargo, hicieron del tema uno de los favoritos de las audiencias.<\/p>\n<p>No me van a negar que la m\u00fasica pegajosa, y que la letra es bastante cotorra. \u00bfTons qu\u00e9? \u00bfLe entran a un bailongo, o le sacan?<\/p>\n<p>&nbsp;<\/p>\n<p>&nbsp;<\/p>\n","protected":false},"excerpt":{"rendered":"<p>\u00a1Se va, se va, se fue! Bueno, todav\u00eda no, pero ya casi&#8230; S\u00ed, me refiero a 2018, ya que con este Mi\u00e9rcoles nost\u00e1lgico damos cierre en esta secci\u00f3n al presente a\u00f1o, y como no pod\u00eda ser de otra manera, lo hacemos con una canci\u00f3n acorde a la \u00e9poca. <\/p>\n","protected":false},"author":2,"featured_media":79316,"comment_status":"open","ping_status":"open","sticky":false,"template":"","format":"standard","meta":{"footnotes":""},"categories":[1,2580,18,17],"tags":[],"class_list":["post-79313","post","type-post","status-publish","format-standard","has-post-thumbnail","hentry","category-cultura","category-miercoles-nostalgico","category-musica","category-principal"],"yoast_head":"<!-- This site is optimized with the Yoast SEO plugin v24.7 - https:\/\/yoast.com\/wordpress\/plugins\/seo\/ -->\n<title>&#039;El a\u00f1o viejo&#039;, de Tony Camargo &#171; Reconoce MX<\/title>\n<meta name=\"robots\" content=\"index, follow, max-snippet:-1, max-image-preview:large, max-video-preview:-1\" \/>\n<link rel=\"canonical\" href=\"https:\/\/www.reconoce.mx\/?p=79313\" \/>\n<meta property=\"og:locale\" content=\"es_ES\" \/>\n<meta property=\"og:type\" content=\"article\" \/>\n<meta property=\"og:title\" content=\"&#039;El a\u00f1o viejo&#039;, de Tony Camargo &#171; Reconoce MX\" \/>\n<meta property=\"og:description\" content=\"\u00a1Se va, se va, se fue! Bueno, todav\u00eda no, pero ya casi... S\u00ed, me refiero a 2018, ya que con este Mi\u00e9rcoles nost\u00e1lgico damos cierre en esta secci\u00f3n al presente a\u00f1o, y como no pod\u00eda ser de otra manera, lo hacemos con una canci\u00f3n acorde a la \u00e9poca.\" \/>\n<meta property=\"og:url\" content=\"https:\/\/www.reconoce.mx\/?p=79313\" \/>\n<meta property=\"og:site_name\" content=\"Reconoce MX\" \/>\n<meta property=\"article:publisher\" content=\"https:\/\/es-la.facebook.com\/ReconoceMX\/\" \/>\n<meta property=\"article:published_time\" content=\"2018-12-26T06:01:23+00:00\" \/>\n<meta property=\"article:modified_time\" content=\"2018-12-26T19:24:59+00:00\" \/>\n<meta property=\"og:image\" content=\"https:\/\/www.reconoce.mx\/wp-content\/uploads\/2018\/12\/tony-camargo-cover.jpg\" \/>\n\t<meta property=\"og:image:width\" content=\"590\" \/>\n\t<meta property=\"og:image:height\" content=\"380\" \/>\n\t<meta property=\"og:image:type\" content=\"image\/jpeg\" \/>\n<meta name=\"author\" content=\"Reconoce MX\" \/>\n<meta name=\"twitter:card\" content=\"summary_large_image\" \/>\n<meta name=\"twitter:creator\" content=\"@reconocemx\" \/>\n<meta name=\"twitter:site\" content=\"@reconocemx\" \/>\n<meta name=\"twitter:label1\" content=\"Escrito por\" \/>\n\t<meta name=\"twitter:data1\" content=\"Reconoce MX\" \/>\n\t<meta name=\"twitter:label2\" content=\"Tiempo de lectura\" \/>\n\t<meta name=\"twitter:data2\" content=\"2 minutos\" \/>\n<script type=\"application\/ld+json\" class=\"yoast-schema-graph\">{\"@context\":\"https:\/\/schema.org\",\"@graph\":[{\"@type\":\"Article\",\"@id\":\"https:\/\/www.reconoce.mx\/?p=79313#article\",\"isPartOf\":{\"@id\":\"https:\/\/www.reconoce.mx\/?p=79313\"},\"author\":{\"name\":\"Reconoce MX\",\"@id\":\"http:\/\/www.reconoce.mx\/#\/schema\/person\/2117e997d7051dc15d6880eaf9bca0b2\"},\"headline\":\"&#8216;El a\u00f1o viejo&#8217;, de Tony Camargo\",\"datePublished\":\"2018-12-26T06:01:23+00:00\",\"dateModified\":\"2018-12-26T19:24:59+00:00\",\"mainEntityOfPage\":{\"@id\":\"https:\/\/www.reconoce.mx\/?p=79313\"},\"wordCount\":387,\"commentCount\":0,\"publisher\":{\"@id\":\"http:\/\/www.reconoce.mx\/#organization\"},\"image\":{\"@id\":\"https:\/\/www.reconoce.mx\/?p=79313#primaryimage\"},\"thumbnailUrl\":\"http:\/\/www.reconoce.mx\/wp-content\/uploads\/2018\/12\/tony-camargo-cover.jpg\",\"articleSection\":[\"Cultura\",\"Mi\u00e9rcoles nost\u00e1lgico\",\"M\u00fasica\",\"Principal\"],\"inLanguage\":\"es\",\"potentialAction\":[{\"@type\":\"CommentAction\",\"name\":\"Comment\",\"target\":[\"https:\/\/www.reconoce.mx\/?p=79313#respond\"]}]},{\"@type\":\"WebPage\",\"@id\":\"https:\/\/www.reconoce.mx\/?p=79313\",\"url\":\"https:\/\/www.reconoce.mx\/?p=79313\",\"name\":\"'El a\u00f1o viejo', de Tony Camargo &#171; Reconoce MX\",\"isPartOf\":{\"@id\":\"http:\/\/www.reconoce.mx\/#website\"},\"primaryImageOfPage\":{\"@id\":\"https:\/\/www.reconoce.mx\/?p=79313#primaryimage\"},\"image\":{\"@id\":\"https:\/\/www.reconoce.mx\/?p=79313#primaryimage\"},\"thumbnailUrl\":\"http:\/\/www.reconoce.mx\/wp-content\/uploads\/2018\/12\/tony-camargo-cover.jpg\",\"datePublished\":\"2018-12-26T06:01:23+00:00\",\"dateModified\":\"2018-12-26T19:24:59+00:00\",\"breadcrumb\":{\"@id\":\"https:\/\/www.reconoce.mx\/?p=79313#breadcrumb\"},\"inLanguage\":\"es\",\"potentialAction\":[{\"@type\":\"ReadAction\",\"target\":[\"https:\/\/www.reconoce.mx\/?p=79313\"]}]},{\"@type\":\"ImageObject\",\"inLanguage\":\"es\",\"@id\":\"https:\/\/www.reconoce.mx\/?p=79313#primaryimage\",\"url\":\"http:\/\/www.reconoce.mx\/wp-content\/uploads\/2018\/12\/tony-camargo-cover.jpg\",\"contentUrl\":\"http:\/\/www.reconoce.mx\/wp-content\/uploads\/2018\/12\/tony-camargo-cover.jpg\",\"width\":590,\"height\":380},{\"@type\":\"BreadcrumbList\",\"@id\":\"https:\/\/www.reconoce.mx\/?p=79313#breadcrumb\",\"itemListElement\":[{\"@type\":\"ListItem\",\"position\":1,\"name\":\"Portada\",\"item\":\"http:\/\/www.reconoce.mx\/\"},{\"@type\":\"ListItem\",\"position\":2,\"name\":\"&#8216;El a\u00f1o viejo&#8217;, de Tony Camargo\"}]},{\"@type\":\"WebSite\",\"@id\":\"http:\/\/www.reconoce.mx\/#website\",\"url\":\"http:\/\/www.reconoce.mx\/\",\"name\":\"Reconoce MX\",\"description\":\"En Reconoce MX difundimos arte, cultura y conciencia social en M\u00e9xico. Tu ciudad en otra perspectiva.\",\"publisher\":{\"@id\":\"http:\/\/www.reconoce.mx\/#organization\"},\"potentialAction\":[{\"@type\":\"SearchAction\",\"target\":{\"@type\":\"EntryPoint\",\"urlTemplate\":\"http:\/\/www.reconoce.mx\/?s={search_term_string}\"},\"query-input\":{\"@type\":\"PropertyValueSpecification\",\"valueRequired\":true,\"valueName\":\"search_term_string\"}}],\"inLanguage\":\"es\"},{\"@type\":\"Organization\",\"@id\":\"http:\/\/www.reconoce.mx\/#organization\",\"name\":\"Reconoce MX\",\"url\":\"http:\/\/www.reconoce.mx\/\",\"logo\":{\"@type\":\"ImageObject\",\"inLanguage\":\"es\",\"@id\":\"http:\/\/www.reconoce.mx\/#\/schema\/logo\/image\/\",\"url\":\"https:\/\/www.reconoce.mx\/wp-content\/uploads\/2019\/03\/logorcmx-good-1.png\",\"contentUrl\":\"https:\/\/www.reconoce.mx\/wp-content\/uploads\/2019\/03\/logorcmx-good-1.png\",\"width\":280,\"height\":90,\"caption\":\"Reconoce MX\"},\"image\":{\"@id\":\"http:\/\/www.reconoce.mx\/#\/schema\/logo\/image\/\"},\"sameAs\":[\"https:\/\/es-la.facebook.com\/ReconoceMX\/\",\"https:\/\/x.com\/reconocemx\",\"http:\/\/@reconocemx\"]},{\"@type\":\"Person\",\"@id\":\"http:\/\/www.reconoce.mx\/#\/schema\/person\/2117e997d7051dc15d6880eaf9bca0b2\",\"name\":\"Reconoce MX\",\"image\":{\"@type\":\"ImageObject\",\"inLanguage\":\"es\",\"@id\":\"http:\/\/www.reconoce.mx\/#\/schema\/person\/image\/\",\"url\":\"https:\/\/secure.gravatar.com\/avatar\/6c8d4dc7569ca1c90c5fdcc349f839d5ddef6fe1e70b4337ead2ef1a4c43fc3a?s=96&d=identicon&r=g\",\"contentUrl\":\"https:\/\/secure.gravatar.com\/avatar\/6c8d4dc7569ca1c90c5fdcc349f839d5ddef6fe1e70b4337ead2ef1a4c43fc3a?s=96&d=identicon&r=g\",\"caption\":\"Reconoce MX\"},\"description\":\"Reconoce MX es un proyecto de difusi\u00f3n art\u00edstica, cultural y de conciencia social que est\u00e1 enfocado a difundir y fomentar el entretenimiento alternativo de calidad para todo el p\u00fablico que comparta el mismo entusiasmo.\",\"sameAs\":[\"http:\/\/www.reconoce.mx\"],\"url\":\"http:\/\/www.reconoce.mx\/?author=2\"}]}<\/script>\n<!-- \/ Yoast SEO plugin. -->","yoast_head_json":{"title":"'El a\u00f1o viejo', de Tony Camargo &#171; Reconoce MX","robots":{"index":"index","follow":"follow","max-snippet":"max-snippet:-1","max-image-preview":"max-image-preview:large","max-video-preview":"max-video-preview:-1"},"canonical":"https:\/\/www.reconoce.mx\/?p=79313","og_locale":"es_ES","og_type":"article","og_title":"'El a\u00f1o viejo', de Tony Camargo &#171; Reconoce MX","og_description":"\u00a1Se va, se va, se fue! Bueno, todav\u00eda no, pero ya casi... S\u00ed, me refiero a 2018, ya que con este Mi\u00e9rcoles nost\u00e1lgico damos cierre en esta secci\u00f3n al presente a\u00f1o, y como no pod\u00eda ser de otra manera, lo hacemos con una canci\u00f3n acorde a la \u00e9poca.","og_url":"https:\/\/www.reconoce.mx\/?p=79313","og_site_name":"Reconoce MX","article_publisher":"https:\/\/es-la.facebook.com\/ReconoceMX\/","article_published_time":"2018-12-26T06:01:23+00:00","article_modified_time":"2018-12-26T19:24:59+00:00","og_image":[{"width":590,"height":380,"url":"https:\/\/www.reconoce.mx\/wp-content\/uploads\/2018\/12\/tony-camargo-cover.jpg","type":"image\/jpeg"}],"author":"Reconoce MX","twitter_card":"summary_large_image","twitter_creator":"@reconocemx","twitter_site":"@reconocemx","twitter_misc":{"Escrito por":"Reconoce MX","Tiempo de lectura":"2 minutos"},"schema":{"@context":"https:\/\/schema.org","@graph":[{"@type":"Article","@id":"https:\/\/www.reconoce.mx\/?p=79313#article","isPartOf":{"@id":"https:\/\/www.reconoce.mx\/?p=79313"},"author":{"name":"Reconoce MX","@id":"http:\/\/www.reconoce.mx\/#\/schema\/person\/2117e997d7051dc15d6880eaf9bca0b2"},"headline":"&#8216;El a\u00f1o viejo&#8217;, de Tony Camargo","datePublished":"2018-12-26T06:01:23+00:00","dateModified":"2018-12-26T19:24:59+00:00","mainEntityOfPage":{"@id":"https:\/\/www.reconoce.mx\/?p=79313"},"wordCount":387,"commentCount":0,"publisher":{"@id":"http:\/\/www.reconoce.mx\/#organization"},"image":{"@id":"https:\/\/www.reconoce.mx\/?p=79313#primaryimage"},"thumbnailUrl":"http:\/\/www.reconoce.mx\/wp-content\/uploads\/2018\/12\/tony-camargo-cover.jpg","articleSection":["Cultura","Mi\u00e9rcoles nost\u00e1lgico","M\u00fasica","Principal"],"inLanguage":"es","potentialAction":[{"@type":"CommentAction","name":"Comment","target":["https:\/\/www.reconoce.mx\/?p=79313#respond"]}]},{"@type":"WebPage","@id":"https:\/\/www.reconoce.mx\/?p=79313","url":"https:\/\/www.reconoce.mx\/?p=79313","name":"'El a\u00f1o viejo', de Tony Camargo &#171; Reconoce MX","isPartOf":{"@id":"http:\/\/www.reconoce.mx\/#website"},"primaryImageOfPage":{"@id":"https:\/\/www.reconoce.mx\/?p=79313#primaryimage"},"image":{"@id":"https:\/\/www.reconoce.mx\/?p=79313#primaryimage"},"thumbnailUrl":"http:\/\/www.reconoce.mx\/wp-content\/uploads\/2018\/12\/tony-camargo-cover.jpg","datePublished":"2018-12-26T06:01:23+00:00","dateModified":"2018-12-26T19:24:59+00:00","breadcrumb":{"@id":"https:\/\/www.reconoce.mx\/?p=79313#breadcrumb"},"inLanguage":"es","potentialAction":[{"@type":"ReadAction","target":["https:\/\/www.reconoce.mx\/?p=79313"]}]},{"@type":"ImageObject","inLanguage":"es","@id":"https:\/\/www.reconoce.mx\/?p=79313#primaryimage","url":"http:\/\/www.reconoce.mx\/wp-content\/uploads\/2018\/12\/tony-camargo-cover.jpg","contentUrl":"http:\/\/www.reconoce.mx\/wp-content\/uploads\/2018\/12\/tony-camargo-cover.jpg","width":590,"height":380},{"@type":"BreadcrumbList","@id":"https:\/\/www.reconoce.mx\/?p=79313#breadcrumb","itemListElement":[{"@type":"ListItem","position":1,"name":"Portada","item":"http:\/\/www.reconoce.mx\/"},{"@type":"ListItem","position":2,"name":"&#8216;El a\u00f1o viejo&#8217;, de Tony Camargo"}]},{"@type":"WebSite","@id":"http:\/\/www.reconoce.mx\/#website","url":"http:\/\/www.reconoce.mx\/","name":"Reconoce MX","description":"En Reconoce MX difundimos arte, cultura y conciencia social en M\u00e9xico. Tu ciudad en otra perspectiva.","publisher":{"@id":"http:\/\/www.reconoce.mx\/#organization"},"potentialAction":[{"@type":"SearchAction","target":{"@type":"EntryPoint","urlTemplate":"http:\/\/www.reconoce.mx\/?s={search_term_string}"},"query-input":{"@type":"PropertyValueSpecification","valueRequired":true,"valueName":"search_term_string"}}],"inLanguage":"es"},{"@type":"Organization","@id":"http:\/\/www.reconoce.mx\/#organization","name":"Reconoce MX","url":"http:\/\/www.reconoce.mx\/","logo":{"@type":"ImageObject","inLanguage":"es","@id":"http:\/\/www.reconoce.mx\/#\/schema\/logo\/image\/","url":"https:\/\/www.reconoce.mx\/wp-content\/uploads\/2019\/03\/logorcmx-good-1.png","contentUrl":"https:\/\/www.reconoce.mx\/wp-content\/uploads\/2019\/03\/logorcmx-good-1.png","width":280,"height":90,"caption":"Reconoce MX"},"image":{"@id":"http:\/\/www.reconoce.mx\/#\/schema\/logo\/image\/"},"sameAs":["https:\/\/es-la.facebook.com\/ReconoceMX\/","https:\/\/x.com\/reconocemx","http:\/\/@reconocemx"]},{"@type":"Person","@id":"http:\/\/www.reconoce.mx\/#\/schema\/person\/2117e997d7051dc15d6880eaf9bca0b2","name":"Reconoce MX","image":{"@type":"ImageObject","inLanguage":"es","@id":"http:\/\/www.reconoce.mx\/#\/schema\/person\/image\/","url":"https:\/\/secure.gravatar.com\/avatar\/6c8d4dc7569ca1c90c5fdcc349f839d5ddef6fe1e70b4337ead2ef1a4c43fc3a?s=96&d=identicon&r=g","contentUrl":"https:\/\/secure.gravatar.com\/avatar\/6c8d4dc7569ca1c90c5fdcc349f839d5ddef6fe1e70b4337ead2ef1a4c43fc3a?s=96&d=identicon&r=g","caption":"Reconoce MX"},"description":"Reconoce MX es un proyecto de difusi\u00f3n art\u00edstica, cultural y de conciencia social que est\u00e1 enfocado a difundir y fomentar el entretenimiento alternativo de calidad para todo el p\u00fablico que comparta el mismo entusiasmo.","sameAs":["http:\/\/www.reconoce.mx"],"url":"http:\/\/www.reconoce.mx\/?author=2"}]}},"_links":{"self":[{"href":"http:\/\/www.reconoce.mx\/index.php?rest_route=\/wp\/v2\/posts\/79313","targetHints":{"allow":["GET"]}}],"collection":[{"href":"http:\/\/www.reconoce.mx\/index.php?rest_route=\/wp\/v2\/posts"}],"about":[{"href":"http:\/\/www.reconoce.mx\/index.php?rest_route=\/wp\/v2\/types\/post"}],"author":[{"embeddable":true,"href":"http:\/\/www.reconoce.mx\/index.php?rest_route=\/wp\/v2\/users\/2"}],"replies":[{"embeddable":true,"href":"http:\/\/www.reconoce.mx\/index.php?rest_route=%2Fwp%2Fv2%2Fcomments&post=79313"}],"version-history":[{"count":5,"href":"http:\/\/www.reconoce.mx\/index.php?rest_route=\/wp\/v2\/posts\/79313\/revisions"}],"predecessor-version":[{"id":79321,"href":"http:\/\/www.reconoce.mx\/index.php?rest_route=\/wp\/v2\/posts\/79313\/revisions\/79321"}],"wp:featuredmedia":[{"embeddable":true,"href":"http:\/\/www.reconoce.mx\/index.php?rest_route=\/wp\/v2\/media\/79316"}],"wp:attachment":[{"href":"http:\/\/www.reconoce.mx\/index.php?rest_route=%2Fwp%2Fv2%2Fmedia&parent=79313"}],"wp:term":[{"taxonomy":"category","embeddable":true,"href":"http:\/\/www.reconoce.mx\/index.php?rest_route=%2Fwp%2Fv2%2Fcategories&post=79313"},{"taxonomy":"post_tag","embeddable":true,"href":"http:\/\/www.reconoce.mx\/index.php?rest_route=%2Fwp%2Fv2%2Ftags&post=79313"}],"curies":[{"name":"wp","href":"https:\/\/api.w.org\/{rel}","templated":true}]}}