{"id":79325,"date":"2018-12-27T00:01:33","date_gmt":"2018-12-27T06:01:33","guid":{"rendered":"http:\/\/www.reconoce.mx\/?p=79325"},"modified":"2018-12-27T10:14:18","modified_gmt":"2018-12-27T16:14:18","slug":"los-eventos-que-nos-marcaron-este-2018","status":"publish","type":"post","link":"http:\/\/www.reconoce.mx\/?p=79325","title":{"rendered":"Los eventos que nos marcaron este 2018"},"content":{"rendered":"<p><strong>Compilado por <a title=\"@enriquefa86\" href=\"http:\/\/twitter.com\/enriquefa86\" target=\"_blank\" rel=\"noopener\">Enrique Figueroa Anaya<\/a><\/strong>.<\/p>\n<p>Todo mundo arma sus listas de \u201clo mejor del a\u00f1o\u201d, nosotros no. Lo que hicimos fue simplemente preguntarle a nuestros colaboradores qu\u00e9 fue lo que m\u00e1s les impact\u00f3 durante 2018, porque sabemos que el gusto se rompe en g\u00e9neros, y porque tambi\u00e9n sabemos que todas esas listas que se califican de objetivas\u2026 tienen mucho de subjetivas. La pregunta es, tambi\u00e9n para t\u00ed, <strong>\u00bfqu\u00e9 evento de 2018 te marc\u00f3?<\/strong><\/p>\n<p><strong><a href=\"https:\/\/twitter.com\/arigato30\" target=\"_blank\" rel=\"noopener\">Ligiaele<\/a><\/strong>: <a href=\"http:\/\/www.reconoce.mx\/el-mexico-que-viene-tras-el-triunfo-de-amlo-en-las-urnas\/\" target=\"_blank\" rel=\"noopener\">Las elecciones para la presidencia<\/a>. Se viv\u00eda un momento de mucha tensi\u00f3n, pero se escucharon todas las voces y eso evit\u00f3 que hubiera alg\u00fan tipo de fraude.<\/p>\n<p><strong>Ximena Hilton<\/strong>: <a href=\"http:\/\/www.reconoce.mx\/el-mexico-que-viene-tras-el-triunfo-de-amlo-en-las-urnas\/\" target=\"_blank\" rel=\"noopener\">Andr\u00e9s Manuel L\u00f3pez Obrador subiendo al poder<\/a>. Significa una transici\u00f3n dif\u00edcil para M\u00e9xico.<\/p>\n<p><strong><a href=\"https:\/\/twitter.com\/Alexis_Smithxcv\" target=\"_blank\" rel=\"noopener\">Alexis Castillo<\/a><\/strong>: <a href=\"http:\/\/www.reconoce.mx\/vl18-sabado-17-de-marzo-20-anos-y-se-mantiene-firme\/\" target=\"_blank\" rel=\"noopener\">Vive Latino<\/a>. Vi a Noel Gallagher, Gorillaz y Queens of the Stone Age.<\/p>\n<p><strong><a title=\"@anasofisolis\" href=\"https:\/\/twitter.com\/Anasofisolis\" target=\"_blank\" rel=\"noopener\">Ana Sof Sol\u00eds<\/a><\/strong>: <a href=\"http:\/\/www.reconoce.mx\/and-we-waited-patiently-for-depeche-mode\/\" target=\"_blank\" rel=\"noopener\">Concierto de Depeche Mode<\/a>. De mis bandas favoritas; verla en vivo fue alucinante para mi.<\/p>\n<p><strong><a href=\"https:\/\/www.instagram.com\/miriam_alavez\/\" target=\"_blank\" rel=\"noopener\">Miriam Alavez<\/a><\/strong>: <a href=\"http:\/\/www.reconoce.mx\/the-vaccines-regresaron-a-ciudad-de-mexico-para-consentir-a-su-publico\/\" target=\"_blank\" rel=\"noopener\">The Vaccines en el majestuoso Pepsi Center WTC<\/a>. Un concierto bastante energ\u00e9tico, lleno de muchos hits y una que otra sorpresa. La compa\u00f1\u00eda cuenta demasiado y en \u00e9l me acompa\u00f1aron personas muy importantes en mi vida; lo m\u00e1s cool fue que todos coincidimos ese d\u00eda, listos y emocionados para presenciar el gran show de los ingleses. Ojal\u00e1 vuelvan pronto, es una banda que vale much\u00edsimo la pena.<\/p>\n<p><strong><a title=\"@animalceluloide\" href=\"https:\/\/twitter.com\/animalceluloide\" target=\"_blank\" rel=\"noopener noreferrer\">Ana Esc\u00e1rcega<\/a><\/strong>: <a href=\"http:\/\/www.reconoce.mx\/el-mexico-que-viene-tras-el-triunfo-de-amlo-en-las-urnas\/\" target=\"_blank\" rel=\"noopener\">Las elecciones en M\u00e9xico<\/a>. Nunca hab\u00eda visto tanta participaci\u00f3n ciudadana y tantas personas entusiasmadas por ir a votar. Se sent\u00eda la alegr\u00eda de la gente a la ma\u00f1ana siguiente.<\/p>\n<p><strong><a href=\"https:\/\/twitter.com\/DemoniaRomantik\" target=\"_blank\" rel=\"noopener\">Adyerin Rueda<\/a><\/strong>: <a href=\"http:\/\/www.reconoce.mx\/?s=%23M%C3%B3rbido2018\" target=\"_blank\" rel=\"noopener\">M\u00f3rbido Film Fest<\/a>. Un evento en el que sus organizadores dejan el alma y echan la casa por la ventana. Invitados internacionales de lujo incluidas leyendas del cine de terror como Peter Medak y Don Mancini. Proyecci\u00f3n de pel\u00edculas originales que no se ven en ning\u00fan otro lugar. Celebrar junto a Chucky su cumplea\u00f1os n\u00famero treinta en una locaci\u00f3n incre\u00edble y consentida a m\u00e1s no poder.<\/p>\n<p><strong><span class=\"st\"><a href=\"https:\/\/twitter.com\/Amauryshow\" target=\"_blank\" rel=\"noopener\">Amaury Berdejo<\/a><\/span><\/strong>: <a href=\"http:\/\/www.reconoce.mx\/indiocatrina2018-puebla-cierra-el-ano-de-festivales-con-broche-de-oro\/\" target=\"_blank\" rel=\"noopener\">Festival Catrina<\/a>. Me encanta todo el ritual de ir a un festival, porque lo disfrutas, a veces lo sufres y siempre es diferente. En el caso de Festival Catrina, la experiencia global de conocer un poco de Cholula, el clima y la calidad de los shows se conjugaron perfectamente (al menos en mi cabeza). Le suma puntos el hecho de que las bandas que se presentaron est\u00e1n en mi playlist 2018 y fue un verdadero goce poder cantar las canciones que te acompa\u00f1an en el d\u00eda a d\u00eda.<\/p>\n<p><strong><span class=\"UFICommentBody\" data-reactid=\".21.1:3:1:$comment863715040336932_864395663602203:0.0.$right.0.$left.0.0.1:$comment-body.0\"><a title=\"@tacvbo_sk8\" href=\"https:\/\/twitter.com\/tacvbo_sk8\" target=\"_blank\" rel=\"noopener noreferrer\">Ulises Sol\u00eds<\/a><\/span><\/strong>: Vaiv\u00e9n 2018. Simplemente la pase incre\u00edble, fui con mis mejores amigos a ese festival y vimos varias bandas que a los 3 nos encantan como Hello Seahorse!, Caloncho, Clubz y Justice; grupos que fue la primera vez que los ve\u00eda en vivo. Fue muy lindo todo.<\/p>\n<p><strong><a href=\"https:\/\/twitter.com\/mf_pac\" target=\"_blank\" rel=\"noopener\">Fernanda Pazar\u00e1n<\/a><\/strong>: <a href=\"http:\/\/www.reconoce.mx\/el-mexico-que-viene-tras-el-triunfo-de-amlo-en-las-urnas\/\" target=\"_blank\" rel=\"noopener\">AMLO presidente<\/a>. Fue un proceso democr\u00e1tico leg\u00edtimo que ayudar\u00e1 a consolidar el estado de derecho en M\u00e9xico.<\/p>\n<p><strong><a href=\"https:\/\/twitter.com\/monceymrh\" target=\"_blank\" rel=\"noopener noreferrer\">Yamileth Moncerrat Ram\u00edrez Hern\u00e1ndez<\/a><\/strong>: Roger Waters. Fue un fino concierto.<\/p>\n<p><strong><a href=\"https:\/\/twitter.com\/alice_freckles\" target=\"_blank\" rel=\"noopener\">Alicia \u00c1vila<\/a><\/strong>: Mi cumplea\u00f1os. No siempre se cumplen 30. No es que haya sido el mejor evento del a\u00f1o, pero fue el que m\u00e1s me marc\u00f3. Esa edad a la que llegas y te das cuenta que la mayor\u00eda de tus amigos ya tienen tiempos complicados, que solamente te dicen que s\u00ed a algo que quieres escuchar porque nos da miedo que nos rechacen o nos presionen. Te das cuenta que realmente, creciste.<\/p>\n<p><strong><a href=\"https:\/\/twitter.com\/heelraff\" target=\"_blank\" rel=\"noopener noreferrer\">Rafael P\u00e9rez Aldana<\/a><\/strong>: Camp Flog Gnaw Carnival 2018. Camp Flow fue un festival realizado en Los \u00c1ngeles los d\u00edas 10 y 11 de noviembre, evento enteramente organizado por el rapero Tyler, The Creator que nos regal\u00f3 uno de los mejores <em>lineups<\/em> del a\u00f1o a nivel mundial. Pusha T, Post Malone, Billie Ellish, Kali Uchis, ASAP Rocky, Earl Sweatshirt, Brockhampton, Tyler, The Creator y Kids See Ghosts fueron algunos de los m\u00fasicos presentes en este concierto que principalmente llev\u00f3 a algunos de los m\u00e1s grandes exponentes del rap. Aunque no tuve la oportunidad de asistir y s\u00f3lo logr\u00e9 ver la transmisi\u00f3n en vivo, el poder ver la primera presentaci\u00f3n de Kids See Ghosts, agrupaci\u00f3n formada por Kanye West y Kid Cudi, fue algo completamente m\u00e1gico y fuera de serie, sin duda me hizo desear estar ah\u00ed.<\/p>\n<p><strong><a href=\"https:\/\/twitter.com\/bere_alamo\" target=\"_blank\" rel=\"noopener\">Berenice Alamilla Monta\u00f1o<\/a><\/strong>: FICM 2018. Porque M\u00e9xico estuvo muy presente haci\u00e9ndose notar a nivel mundial.<\/p>\n<p><strong><a href=\"https:\/\/twitter.com\/MoreMoreMor3\" target=\"_blank\" rel=\"noopener noreferrer\">Morelia Mart\u00ednez Rodr\u00edguez<\/a><\/strong>: El Fin de Semana de Estrellas de la Liga Nacional de Baloncesto Profesional (LNBP) que se llev\u00f3 a cabo en la ciudad de Morelia, Michoac\u00e1n. Una de mis pasiones es el baloncesto y tuve la oportunidad de cubrirlo como reportera; el hecho de tomar fotos de las clavadas, y de algunos jugadores que son seleccionados tanto de M\u00e9xico como de otros pa\u00edses, poder convivir en ese ambiente, pero sobre todo disfrutarlo, fue algo muy, muy especial para m\u00ed.<\/p>\n<p><strong><a href=\"https:\/\/twitter.com\/Jimeamezcua\" target=\"_blank\" rel=\"noopener\">Jimena Amezcua<\/a><\/strong>: <a href=\"http:\/\/www.reconoce.mx\/coronacapital18-sabado-17-de-noviembre-el-regreso-del-festival-consentido\/\" target=\"_blank\" rel=\"noopener\">Corona Capital<\/a>. Por ser de los \u00fanicos festivales a los que fui este a\u00f1o. Fue mi primera edici\u00f3n en el Corona Capital.<\/p>\n<p><strong><a href=\"https:\/\/twitter.com\/alvarockbarker\" target=\"_blank\" rel=\"noopener\">\u00c1lvaro Pe\u00f1a<\/a><\/strong>: <a href=\"http:\/\/www.reconoce.mx\/zoe-un-espectaculo-de-otra-galaxia\/\" target=\"_blank\" rel=\"noopener\">Zo\u00e9 en el Palacio de los Deportes<\/a>. Porque nunca los hab\u00eda visto en vivo y menos tomarles fotos.<\/p>\n<p><strong><a href=\"https:\/\/twitter.com\/tebo349\" target=\"_blank\" rel=\"noopener\">Esteban Hern\u00e1ndez Tam\u00e9s<\/a><\/strong>: NRMAL. Poder ver a Explosions in the Sky en vivo fue de las mejores experiencias de mi vida.<\/p>\n<p><strong><a title=\"@EloisaCb\" href=\"https:\/\/twitter.com\/EloisaCb\" target=\"_blank\" rel=\"noopener\">Eloise Cornelio Belmont<\/a><\/strong>: <a href=\"http:\/\/www.reconoce.mx\/honestly-el-trabajo-con-el-que-eric-nam-deja-ver-su-amor-por-mexico\/\" target=\"_blank\" rel=\"noopener\">La entrevista con Eric Nam<\/a>. Sin duda colaborar en Reconoce MX ha sido una fuente de inumerables experiencias para mi, tanto profesionales como personales. A pesar de que en los \u00faltimos a\u00f1os he estado menos activa que en mis d\u00edas de universitaria, recordar la emoci\u00f3n de entrevistar a un artista es siempre grata. En este caso, esta ha sido una de las entrevistas que m\u00e1s disfrut\u00e9, pues tuve la oportunidad de hablar con un cantante coreano que decidi\u00f3 producir un \u00e1lbum inspirado en parte en sus visitas a M\u00e9xico. Fue una entrevista en la que pudimos hablar sobre las diferencias entre la cultura mexicana y coreana, pero tambi\u00e9n en los puntos de encuentro de cada una y c\u00f3mo; estas aparentes disparidades, provocan la admiraci\u00f3n mutua. Tambi\u00e9n me pareci\u00f3 un momento s\u00faper importante en cuanto a la imagen que el mundo tiene de Latinoam\u00e9rica y c\u00f3mo ha cambiado en estos a\u00f1os. Ya no solo se habla de la violencia o la corrupci\u00f3n que han marcado el desarrollo de nuestros pa\u00edses, me parece muy bonito como a trav\u00e9s del arte, el cine y la m\u00fasica, tambi\u00e9n se logra proyectar esta imagen latina como el de una tierra de tradiciones, cultura, alegr\u00eda, misterio, incluso magia. Creo que el medio necesita m\u00e1s de eso, m\u00e1s de lo que significa la vida como mexicano y latinoamericano fuera del estereotipo del narcotr\u00e1fico o el pol\u00edtico corrupto. Somos una cultura que tiene mucho que ofrecer al mundo y que en lugares tan lejanos como Corea del Sur lo noten, me parece un gran paso para lograr una imagen m\u00e1s positiva de nuestro pa\u00eds.<\/p>\n<p><strong>Llavesita<\/strong>: <a href=\"http:\/\/www.reconoce.mx\/?s=Pisando+callos+premios+platino\" target=\"_blank\" rel=\"noopener\">Premios Platino<\/a>. Fue un gran evento al que asist\u00ed en Xcaret conviviendo con prensa e invitados iberoamericanos s\u00faper atentos. Disfrutamos de eventos como la funci\u00f3n especial del Circo del Sol y una visita al parque.<\/p>\n<p><strong><a href=\"https:\/\/twitter.com\/rirk21\" target=\"_blank\" rel=\"noopener\">Priscilla Riebeling<\/a><\/strong>: MUTEK. Propuestas audiovisuales que normalmente no vemos en M\u00e9xico.<\/p>\n<p><strong><a title=\"@remedi_bla\" href=\"https:\/\/twitter.com\/remedi_bla\" target=\"_blank\" rel=\"noopener\">Regina Medina<\/a><\/strong>: La obra \u00abLa sociedad de los poetas muertos\u00bb. Es una obra de teatro con grandes actuaciones, sin duda alguna este a\u00f1o vi mucho teatro y me gust\u00f3 esta obra que te deja una ense\u00f1anza, te transporta a muchas emociones risas, enojo y tristeza en tan poco tiempo. Tambi\u00e9n ganaron el Premio del P\u00fablico a la \u00abExperiencia teatral del a\u00f1o\u00bb en Los Metro, cosa que en la industria del teatro es muy buena. Tienen un gran elenco de j\u00f3venes que tiene un gran futuro.<\/p>\n<p><strong><a href=\"https:\/\/www.instagram.com\/alexcfranco\/\" target=\"_blank\" rel=\"noopener noreferrer\">Alexandra Careaga Franco<\/a><\/strong>: Mujeres autorizadas a manejar en pa\u00edses \u00e1rabes. Este a\u00f1o pasaron muchas cosas, buenas y malas; pero uno que me alegr\u00f3 mucho fue saber que en pa\u00edses \u00e1rabes por fin ser\u00eda legal para las mujeres conducir un coche. Mientras que en muchos pa\u00edses sufrimos por feminicidios constantemente, es bueno saber que en un sitio donde mujeres son fuertemente discriminadas, las cosas empiezan a cambiar para bien.<\/p>\n<p><strong><a title=\"@danielhiga_al\" href=\"https:\/\/twitter.com\/danielhiga_al\" target=\"_blank\" rel=\"noopener noreferrer\">Daniel Higa Alquicira<\/a><\/strong>: El Gran Premio de M\u00e9xico. Es uno de los mejores espect\u00e1culos deportivos a nivel mundial.<\/p>\n<p><strong><a title=\"@AsfaltosTweets\" href=\"http:\/\/twitter.com\/AsfaltosTweets\" target=\"_blank\" rel=\"noopener\">Asfaltos<\/a><\/strong>: <a href=\"http:\/\/www.reconoce.mx\/vl18-sabado-17-de-marzo-20-anos-y-se-mantiene-firme\/\" target=\"_blank\" rel=\"noopener\">La cobertura que realizamos en Reconoce MX del #VL18<\/a>. Hac\u00eda tiempo que no me lanzaba a cubrir el Vive Latino para Reconoce MX, y lo hice con tremendo gusto. Me sent\u00ed muy orgulloso de la cobertura previa, durante y posterior que realizamos: sin duda la mejor que hemos tenido en los varios a\u00f1os que afortunadamente hemos podido cubrir el evento. Hubo un momento en el que me qued\u00e9 solo en la sala de prensa mientras mi equipo disfrutaba las \u00faltimas horas de la primera jornada despu\u00e9s de un d\u00eda de tremendo trabajo. Estaba feliz, orgulloso de todos. Reconoce MX est\u00e1 lleno de gente tremenda con la que me da gusto colaborar. Es un honor.<\/p>\n<p><strong><a title=\"@enriquefa86\" href=\"https:\/\/twitter.com\/enriquefa86\" target=\"_blank\" rel=\"noopener\">Enrique Figueroa Anaya<\/a><\/strong>: <a href=\"http:\/\/www.reconoce.mx\/el-mexico-que-viene-tras-el-triunfo-de-amlo-en-las-urnas\/\" target=\"_blank\" rel=\"noopener\">Todo el proceso electoral en M\u00e9xico<\/a>. No cabe duda que la noticia del a\u00f1o fue el proceso electoral en nuestro pa\u00eds, con atenci\u00f3n especial en la elecci\u00f3n para presidente de nuestro pa\u00eds. A pesar de las inclinaciones pol\u00edticas de unos y otros, estas elecciones presidenciales se sintieron distintas; y tambi\u00e9n el resultado. Ojal\u00e1 \u00e9ste sea el precedente para las que siguen, pero sobre todo para lo que viene. No ser\u00e1 un a\u00f1o sencillo, pero como siempre solo nos queda trabajar.<\/p>\n<h2 style=\"text-align: center;\"><strong><a href=\"http:\/\/www.reconoce.mx\/los-eventos-que-nos-marcaron-este-2011\/\" target=\"_blank\" rel=\"noopener\">2011<\/a> | <a href=\"http:\/\/www.reconoce.mx\/los-eventos-que-nos-marcaron-este-2012\/\" target=\"_blank\" rel=\"noopener\">2012<\/a> | <a href=\"http:\/\/www.reconoce.mx\/los-eventos-que-nos-marcaron-este-2013\/\" target=\"_blank\" rel=\"noopener\">2013<\/a> | <a href=\"http:\/\/www.reconoce.mx\/los-eventos-que-nos-marcaron-este-2014\/\" target=\"_blank\" rel=\"noopener\">2014<\/a> | <a href=\"http:\/\/www.reconoce.mx\/los-eventos-que-nos-marcaron-este-2015\/\" target=\"_blank\" rel=\"noopener\">2015<\/a> | <a href=\"http:\/\/www.reconoce.mx\/las-eventos-que-nos-marcaron-este-2016\/\" target=\"_blank\" rel=\"noopener\">2016<\/a> | <a href=\"http:\/\/www.reconoce.mx\/los-eventos-que-nos-marcaron-este-2017\/\" target=\"_blank\" rel=\"noopener\">2017<\/a> | 2018<\/strong><\/h2>\n<p style=\"text-align: right;\">Foto: <strong>Ocke Said<\/strong>.<\/p>\n<p>&nbsp;<\/p>\n<p>&nbsp;<\/p>\n","protected":false},"excerpt":{"rendered":"<p>Todo mundo arma sus listas de \u201clo mejor del a\u00f1o\u201d, nosotros no. Lo que hicimos fue simplemente preguntarle a nuestros colaboradores qu\u00e9 fue lo que m\u00e1s les impact\u00f3 durante 2018.<\/p>\n","protected":false},"author":2,"featured_media":79329,"comment_status":"open","ping_status":"open","sticky":false,"template":"","format":"standard","meta":{"footnotes":""},"categories":[43,17],"tags":[],"class_list":["post-79325","post","type-post","status-publish","format-standard","has-post-thumbnail","hentry","category-conciencia","category-principal"],"yoast_head":"<!-- This site is optimized with the Yoast SEO plugin v24.7 - https:\/\/yoast.com\/wordpress\/plugins\/seo\/ -->\n<title>Los eventos que nos marcaron este 2018 &#171; Reconoce MX<\/title>\n<meta name=\"robots\" content=\"index, follow, max-snippet:-1, max-image-preview:large, max-video-preview:-1\" \/>\n<link rel=\"canonical\" href=\"https:\/\/www.reconoce.mx\/?p=79325\" \/>\n<meta property=\"og:locale\" content=\"es_ES\" \/>\n<meta property=\"og:type\" content=\"article\" \/>\n<meta property=\"og:title\" content=\"Los eventos que nos marcaron este 2018 &#171; Reconoce MX\" \/>\n<meta property=\"og:description\" content=\"Todo mundo arma sus listas de \u201clo mejor del a\u00f1o\u201d, nosotros no. Lo que hicimos fue simplemente preguntarle a nuestros colaboradores qu\u00e9 fue lo que m\u00e1s les impact\u00f3 durante 2018.\" \/>\n<meta property=\"og:url\" content=\"https:\/\/www.reconoce.mx\/?p=79325\" \/>\n<meta property=\"og:site_name\" content=\"Reconoce MX\" \/>\n<meta property=\"article:publisher\" content=\"https:\/\/es-la.facebook.com\/ReconoceMX\/\" \/>\n<meta property=\"article:published_time\" content=\"2018-12-27T06:01:33+00:00\" \/>\n<meta property=\"article:modified_time\" content=\"2018-12-27T16:14:18+00:00\" \/>\n<meta property=\"og:image\" content=\"https:\/\/www.reconoce.mx\/wp-content\/uploads\/2018\/12\/rmcx2018-eventos.jpg\" \/>\n\t<meta property=\"og:image:width\" content=\"590\" \/>\n\t<meta property=\"og:image:height\" content=\"380\" \/>\n\t<meta property=\"og:image:type\" content=\"image\/jpeg\" \/>\n<meta name=\"author\" content=\"Reconoce MX\" \/>\n<meta name=\"twitter:card\" content=\"summary_large_image\" \/>\n<meta name=\"twitter:creator\" content=\"@reconocemx\" \/>\n<meta name=\"twitter:site\" content=\"@reconocemx\" \/>\n<meta name=\"twitter:label1\" content=\"Escrito por\" \/>\n\t<meta name=\"twitter:data1\" content=\"Reconoce MX\" \/>\n\t<meta name=\"twitter:label2\" content=\"Tiempo de lectura\" \/>\n\t<meta name=\"twitter:data2\" content=\"8 minutos\" \/>\n<script type=\"application\/ld+json\" class=\"yoast-schema-graph\">{\"@context\":\"https:\/\/schema.org\",\"@graph\":[{\"@type\":\"Article\",\"@id\":\"https:\/\/www.reconoce.mx\/?p=79325#article\",\"isPartOf\":{\"@id\":\"https:\/\/www.reconoce.mx\/?p=79325\"},\"author\":{\"name\":\"Reconoce MX\",\"@id\":\"http:\/\/www.reconoce.mx\/#\/schema\/person\/2117e997d7051dc15d6880eaf9bca0b2\"},\"headline\":\"Los eventos que nos marcaron este 2018\",\"datePublished\":\"2018-12-27T06:01:33+00:00\",\"dateModified\":\"2018-12-27T16:14:18+00:00\",\"mainEntityOfPage\":{\"@id\":\"https:\/\/www.reconoce.mx\/?p=79325\"},\"wordCount\":1671,\"commentCount\":0,\"publisher\":{\"@id\":\"http:\/\/www.reconoce.mx\/#organization\"},\"image\":{\"@id\":\"https:\/\/www.reconoce.mx\/?p=79325#primaryimage\"},\"thumbnailUrl\":\"http:\/\/www.reconoce.mx\/wp-content\/uploads\/2018\/12\/rmcx2018-eventos.jpg\",\"articleSection\":[\"Conciencia\",\"Principal\"],\"inLanguage\":\"es\",\"potentialAction\":[{\"@type\":\"CommentAction\",\"name\":\"Comment\",\"target\":[\"https:\/\/www.reconoce.mx\/?p=79325#respond\"]}]},{\"@type\":\"WebPage\",\"@id\":\"https:\/\/www.reconoce.mx\/?p=79325\",\"url\":\"https:\/\/www.reconoce.mx\/?p=79325\",\"name\":\"Los eventos que nos marcaron este 2018 &#171; Reconoce MX\",\"isPartOf\":{\"@id\":\"http:\/\/www.reconoce.mx\/#website\"},\"primaryImageOfPage\":{\"@id\":\"https:\/\/www.reconoce.mx\/?p=79325#primaryimage\"},\"image\":{\"@id\":\"https:\/\/www.reconoce.mx\/?p=79325#primaryimage\"},\"thumbnailUrl\":\"http:\/\/www.reconoce.mx\/wp-content\/uploads\/2018\/12\/rmcx2018-eventos.jpg\",\"datePublished\":\"2018-12-27T06:01:33+00:00\",\"dateModified\":\"2018-12-27T16:14:18+00:00\",\"breadcrumb\":{\"@id\":\"https:\/\/www.reconoce.mx\/?p=79325#breadcrumb\"},\"inLanguage\":\"es\",\"potentialAction\":[{\"@type\":\"ReadAction\",\"target\":[\"https:\/\/www.reconoce.mx\/?p=79325\"]}]},{\"@type\":\"ImageObject\",\"inLanguage\":\"es\",\"@id\":\"https:\/\/www.reconoce.mx\/?p=79325#primaryimage\",\"url\":\"http:\/\/www.reconoce.mx\/wp-content\/uploads\/2018\/12\/rmcx2018-eventos.jpg\",\"contentUrl\":\"http:\/\/www.reconoce.mx\/wp-content\/uploads\/2018\/12\/rmcx2018-eventos.jpg\",\"width\":590,\"height\":380},{\"@type\":\"BreadcrumbList\",\"@id\":\"https:\/\/www.reconoce.mx\/?p=79325#breadcrumb\",\"itemListElement\":[{\"@type\":\"ListItem\",\"position\":1,\"name\":\"Portada\",\"item\":\"http:\/\/www.reconoce.mx\/\"},{\"@type\":\"ListItem\",\"position\":2,\"name\":\"Los eventos que nos marcaron este 2018\"}]},{\"@type\":\"WebSite\",\"@id\":\"http:\/\/www.reconoce.mx\/#website\",\"url\":\"http:\/\/www.reconoce.mx\/\",\"name\":\"Reconoce MX\",\"description\":\"En Reconoce MX difundimos arte, cultura y conciencia social en M\u00e9xico. Tu ciudad en otra perspectiva.\",\"publisher\":{\"@id\":\"http:\/\/www.reconoce.mx\/#organization\"},\"potentialAction\":[{\"@type\":\"SearchAction\",\"target\":{\"@type\":\"EntryPoint\",\"urlTemplate\":\"http:\/\/www.reconoce.mx\/?s={search_term_string}\"},\"query-input\":{\"@type\":\"PropertyValueSpecification\",\"valueRequired\":true,\"valueName\":\"search_term_string\"}}],\"inLanguage\":\"es\"},{\"@type\":\"Organization\",\"@id\":\"http:\/\/www.reconoce.mx\/#organization\",\"name\":\"Reconoce MX\",\"url\":\"http:\/\/www.reconoce.mx\/\",\"logo\":{\"@type\":\"ImageObject\",\"inLanguage\":\"es\",\"@id\":\"http:\/\/www.reconoce.mx\/#\/schema\/logo\/image\/\",\"url\":\"https:\/\/www.reconoce.mx\/wp-content\/uploads\/2019\/03\/logorcmx-good-1.png\",\"contentUrl\":\"https:\/\/www.reconoce.mx\/wp-content\/uploads\/2019\/03\/logorcmx-good-1.png\",\"width\":280,\"height\":90,\"caption\":\"Reconoce MX\"},\"image\":{\"@id\":\"http:\/\/www.reconoce.mx\/#\/schema\/logo\/image\/\"},\"sameAs\":[\"https:\/\/es-la.facebook.com\/ReconoceMX\/\",\"https:\/\/x.com\/reconocemx\",\"http:\/\/@reconocemx\"]},{\"@type\":\"Person\",\"@id\":\"http:\/\/www.reconoce.mx\/#\/schema\/person\/2117e997d7051dc15d6880eaf9bca0b2\",\"name\":\"Reconoce MX\",\"image\":{\"@type\":\"ImageObject\",\"inLanguage\":\"es\",\"@id\":\"http:\/\/www.reconoce.mx\/#\/schema\/person\/image\/\",\"url\":\"https:\/\/secure.gravatar.com\/avatar\/6c8d4dc7569ca1c90c5fdcc349f839d5ddef6fe1e70b4337ead2ef1a4c43fc3a?s=96&d=identicon&r=g\",\"contentUrl\":\"https:\/\/secure.gravatar.com\/avatar\/6c8d4dc7569ca1c90c5fdcc349f839d5ddef6fe1e70b4337ead2ef1a4c43fc3a?s=96&d=identicon&r=g\",\"caption\":\"Reconoce MX\"},\"description\":\"Reconoce MX es un proyecto de difusi\u00f3n art\u00edstica, cultural y de conciencia social que est\u00e1 enfocado a difundir y fomentar el entretenimiento alternativo de calidad para todo el p\u00fablico que comparta el mismo entusiasmo.\",\"sameAs\":[\"http:\/\/www.reconoce.mx\"],\"url\":\"http:\/\/www.reconoce.mx\/?author=2\"}]}<\/script>\n<!-- \/ Yoast SEO plugin. -->","yoast_head_json":{"title":"Los eventos que nos marcaron este 2018 &#171; Reconoce MX","robots":{"index":"index","follow":"follow","max-snippet":"max-snippet:-1","max-image-preview":"max-image-preview:large","max-video-preview":"max-video-preview:-1"},"canonical":"https:\/\/www.reconoce.mx\/?p=79325","og_locale":"es_ES","og_type":"article","og_title":"Los eventos que nos marcaron este 2018 &#171; Reconoce MX","og_description":"Todo mundo arma sus listas de \u201clo mejor del a\u00f1o\u201d, nosotros no. Lo que hicimos fue simplemente preguntarle a nuestros colaboradores qu\u00e9 fue lo que m\u00e1s les impact\u00f3 durante 2018.","og_url":"https:\/\/www.reconoce.mx\/?p=79325","og_site_name":"Reconoce MX","article_publisher":"https:\/\/es-la.facebook.com\/ReconoceMX\/","article_published_time":"2018-12-27T06:01:33+00:00","article_modified_time":"2018-12-27T16:14:18+00:00","og_image":[{"width":590,"height":380,"url":"https:\/\/www.reconoce.mx\/wp-content\/uploads\/2018\/12\/rmcx2018-eventos.jpg","type":"image\/jpeg"}],"author":"Reconoce MX","twitter_card":"summary_large_image","twitter_creator":"@reconocemx","twitter_site":"@reconocemx","twitter_misc":{"Escrito por":"Reconoce MX","Tiempo de lectura":"8 minutos"},"schema":{"@context":"https:\/\/schema.org","@graph":[{"@type":"Article","@id":"https:\/\/www.reconoce.mx\/?p=79325#article","isPartOf":{"@id":"https:\/\/www.reconoce.mx\/?p=79325"},"author":{"name":"Reconoce MX","@id":"http:\/\/www.reconoce.mx\/#\/schema\/person\/2117e997d7051dc15d6880eaf9bca0b2"},"headline":"Los eventos que nos marcaron este 2018","datePublished":"2018-12-27T06:01:33+00:00","dateModified":"2018-12-27T16:14:18+00:00","mainEntityOfPage":{"@id":"https:\/\/www.reconoce.mx\/?p=79325"},"wordCount":1671,"commentCount":0,"publisher":{"@id":"http:\/\/www.reconoce.mx\/#organization"},"image":{"@id":"https:\/\/www.reconoce.mx\/?p=79325#primaryimage"},"thumbnailUrl":"http:\/\/www.reconoce.mx\/wp-content\/uploads\/2018\/12\/rmcx2018-eventos.jpg","articleSection":["Conciencia","Principal"],"inLanguage":"es","potentialAction":[{"@type":"CommentAction","name":"Comment","target":["https:\/\/www.reconoce.mx\/?p=79325#respond"]}]},{"@type":"WebPage","@id":"https:\/\/www.reconoce.mx\/?p=79325","url":"https:\/\/www.reconoce.mx\/?p=79325","name":"Los eventos que nos marcaron este 2018 &#171; Reconoce MX","isPartOf":{"@id":"http:\/\/www.reconoce.mx\/#website"},"primaryImageOfPage":{"@id":"https:\/\/www.reconoce.mx\/?p=79325#primaryimage"},"image":{"@id":"https:\/\/www.reconoce.mx\/?p=79325#primaryimage"},"thumbnailUrl":"http:\/\/www.reconoce.mx\/wp-content\/uploads\/2018\/12\/rmcx2018-eventos.jpg","datePublished":"2018-12-27T06:01:33+00:00","dateModified":"2018-12-27T16:14:18+00:00","breadcrumb":{"@id":"https:\/\/www.reconoce.mx\/?p=79325#breadcrumb"},"inLanguage":"es","potentialAction":[{"@type":"ReadAction","target":["https:\/\/www.reconoce.mx\/?p=79325"]}]},{"@type":"ImageObject","inLanguage":"es","@id":"https:\/\/www.reconoce.mx\/?p=79325#primaryimage","url":"http:\/\/www.reconoce.mx\/wp-content\/uploads\/2018\/12\/rmcx2018-eventos.jpg","contentUrl":"http:\/\/www.reconoce.mx\/wp-content\/uploads\/2018\/12\/rmcx2018-eventos.jpg","width":590,"height":380},{"@type":"BreadcrumbList","@id":"https:\/\/www.reconoce.mx\/?p=79325#breadcrumb","itemListElement":[{"@type":"ListItem","position":1,"name":"Portada","item":"http:\/\/www.reconoce.mx\/"},{"@type":"ListItem","position":2,"name":"Los eventos que nos marcaron este 2018"}]},{"@type":"WebSite","@id":"http:\/\/www.reconoce.mx\/#website","url":"http:\/\/www.reconoce.mx\/","name":"Reconoce MX","description":"En Reconoce MX difundimos arte, cultura y conciencia social en M\u00e9xico. Tu ciudad en otra perspectiva.","publisher":{"@id":"http:\/\/www.reconoce.mx\/#organization"},"potentialAction":[{"@type":"SearchAction","target":{"@type":"EntryPoint","urlTemplate":"http:\/\/www.reconoce.mx\/?s={search_term_string}"},"query-input":{"@type":"PropertyValueSpecification","valueRequired":true,"valueName":"search_term_string"}}],"inLanguage":"es"},{"@type":"Organization","@id":"http:\/\/www.reconoce.mx\/#organization","name":"Reconoce MX","url":"http:\/\/www.reconoce.mx\/","logo":{"@type":"ImageObject","inLanguage":"es","@id":"http:\/\/www.reconoce.mx\/#\/schema\/logo\/image\/","url":"https:\/\/www.reconoce.mx\/wp-content\/uploads\/2019\/03\/logorcmx-good-1.png","contentUrl":"https:\/\/www.reconoce.mx\/wp-content\/uploads\/2019\/03\/logorcmx-good-1.png","width":280,"height":90,"caption":"Reconoce MX"},"image":{"@id":"http:\/\/www.reconoce.mx\/#\/schema\/logo\/image\/"},"sameAs":["https:\/\/es-la.facebook.com\/ReconoceMX\/","https:\/\/x.com\/reconocemx","http:\/\/@reconocemx"]},{"@type":"Person","@id":"http:\/\/www.reconoce.mx\/#\/schema\/person\/2117e997d7051dc15d6880eaf9bca0b2","name":"Reconoce MX","image":{"@type":"ImageObject","inLanguage":"es","@id":"http:\/\/www.reconoce.mx\/#\/schema\/person\/image\/","url":"https:\/\/secure.gravatar.com\/avatar\/6c8d4dc7569ca1c90c5fdcc349f839d5ddef6fe1e70b4337ead2ef1a4c43fc3a?s=96&d=identicon&r=g","contentUrl":"https:\/\/secure.gravatar.com\/avatar\/6c8d4dc7569ca1c90c5fdcc349f839d5ddef6fe1e70b4337ead2ef1a4c43fc3a?s=96&d=identicon&r=g","caption":"Reconoce MX"},"description":"Reconoce MX es un proyecto de difusi\u00f3n art\u00edstica, cultural y de conciencia social que est\u00e1 enfocado a difundir y fomentar el entretenimiento alternativo de calidad para todo el p\u00fablico que comparta el mismo entusiasmo.","sameAs":["http:\/\/www.reconoce.mx"],"url":"http:\/\/www.reconoce.mx\/?author=2"}]}},"_links":{"self":[{"href":"http:\/\/www.reconoce.mx\/index.php?rest_route=\/wp\/v2\/posts\/79325","targetHints":{"allow":["GET"]}}],"collection":[{"href":"http:\/\/www.reconoce.mx\/index.php?rest_route=\/wp\/v2\/posts"}],"about":[{"href":"http:\/\/www.reconoce.mx\/index.php?rest_route=\/wp\/v2\/types\/post"}],"author":[{"embeddable":true,"href":"http:\/\/www.reconoce.mx\/index.php?rest_route=\/wp\/v2\/users\/2"}],"replies":[{"embeddable":true,"href":"http:\/\/www.reconoce.mx\/index.php?rest_route=%2Fwp%2Fv2%2Fcomments&post=79325"}],"version-history":[{"count":5,"href":"http:\/\/www.reconoce.mx\/index.php?rest_route=\/wp\/v2\/posts\/79325\/revisions"}],"predecessor-version":[{"id":79410,"href":"http:\/\/www.reconoce.mx\/index.php?rest_route=\/wp\/v2\/posts\/79325\/revisions\/79410"}],"wp:featuredmedia":[{"embeddable":true,"href":"http:\/\/www.reconoce.mx\/index.php?rest_route=\/wp\/v2\/media\/79329"}],"wp:attachment":[{"href":"http:\/\/www.reconoce.mx\/index.php?rest_route=%2Fwp%2Fv2%2Fmedia&parent=79325"}],"wp:term":[{"taxonomy":"category","embeddable":true,"href":"http:\/\/www.reconoce.mx\/index.php?rest_route=%2Fwp%2Fv2%2Fcategories&post=79325"},{"taxonomy":"post_tag","embeddable":true,"href":"http:\/\/www.reconoce.mx\/index.php?rest_route=%2Fwp%2Fv2%2Ftags&post=79325"}],"curies":[{"name":"wp","href":"https:\/\/api.w.org\/{rel}","templated":true}]}}