{"id":79335,"date":"2018-12-27T00:02:15","date_gmt":"2018-12-27T06:02:15","guid":{"rendered":"http:\/\/www.reconoce.mx\/?p=79335"},"modified":"2018-12-27T09:35:43","modified_gmt":"2018-12-27T15:35:43","slug":"las-peliculas-que-nos-marcaron-este-2018","status":"publish","type":"post","link":"http:\/\/www.reconoce.mx\/?p=79335","title":{"rendered":"Las pel\u00edculas que nos marcaron este 2018"},"content":{"rendered":"<p><strong>Compilado por <a title=\"@enriquefa86\" href=\"http:\/\/twitter.com\/enriquefa86\" target=\"_blank\" rel=\"noopener\">Enrique Figueroa Anaya<\/a><\/strong>.<\/p>\n<p>Todo mundo arma sus listas de \u201clo mejor del a\u00f1o\u201d, nosotros no. Lo que hicimos fue simplemente preguntarle a nuestros colaboradores qu\u00e9 fue lo que m\u00e1s les impact\u00f3 durante 2018, porque sabemos que el gusto se rompe en g\u00e9neros, y porque tambi\u00e9n sabemos que todas esas listas que se califican de objetivas\u2026 tienen mucho de subjetivas. La pregunta es, tambi\u00e9n para t\u00ed, <strong>\u00bfqu\u00e9 pel\u00edcula de 2018 te marc\u00f3?<\/strong><\/p>\n<style>.embed-container { position: relative; padding-bottom: 56.25%; height: 0; overflow: hidden; max-width: 100%; } .embed-container iframe, .embed-container object, .embed-container embed { position: absolute; top: 0; left: 0; width: 100%; height: 100%; }<\/style>\n<div class=\"embed-container\"><iframe src=\"https:\/\/www.youtube.com\/embed\/xC5DWAVCSFw\" frameborder=\"0\" allowfullscreen=\"allowfullscreen\"><\/iframe><\/div>\n<p>&nbsp;<\/p>\n<p><strong><a href=\"https:\/\/twitter.com\/arigato30\" target=\"_blank\" rel=\"noopener\">Ligiaele<\/a><\/strong>: \u00ab<a href=\"http:\/\/www.reconoce.mx\/isla-de-perros-la-lealtad-y-el-amor\/\" target=\"_blank\" rel=\"noopener\">Isla de perros<\/a>\u00bb de <strong>Wes Anderson<\/strong>. Adem\u00e1s del magn\u00edfico mensaje de ir en contra de la corrupci\u00f3n, luchar por lo que amamos y la ambientaci\u00f3n japonesa, la animaci\u00f3n me encant\u00f3.<\/p>\n<p><strong>Ximena Hilton<\/strong>: \u00ab<a href=\"http:\/\/www.reconoce.mx\/bohemian-rhapsody-la-historia-de-freddy-mercury-descansando-unicamente-sobre-el-exito-musical\/\" target=\"_blank\" rel=\"noopener\">Bohemian Rhapsody: La historia de Freddy Mercury<\/a>\u00bb de <strong>Bryan Singer<\/strong>. Porque la actuaci\u00f3n es impresionante y me encanta Queen.<\/p>\n<p><strong><a href=\"https:\/\/twitter.com\/Alexis_Smithxcv\" target=\"_blank\" rel=\"noopener\">Alexis Castillo<\/a><\/strong>: \u00ab<a href=\"http:\/\/www.reconoce.mx\/avengers-infinity-war-la-batalla-por-el-record-en-taquillas\/\" target=\"_blank\" rel=\"noopener\">Avengers: Infinity War<\/a>\u00bb de <strong>Anthony Russo<\/strong> y <strong>Joe Russo<\/strong>. Llevo 10 a\u00f1os de mi vida viendo las pel\u00edculas de Marvel y ver que esta pel\u00edcula marca el final de esta trayectoria me marc\u00f3 mucho, por los recuerdos y la felicidad de mi ni\u00f1ez y mi adolescencia.<\/p>\n<p><strong><a title=\"@anasofisolis\" href=\"https:\/\/twitter.com\/Anasofisolis\" target=\"_blank\" rel=\"noopener\">Ana Sof Sol\u00eds<\/a><\/strong>: \u00ab<a href=\"http:\/\/www.reconoce.mx\/roma-intima-y-personal-devastadora-y-dura\/\" target=\"_blank\" rel=\"noopener\">Roma<\/a>\u00bb de <strong>Alfonso Cuar\u00f3n<\/strong>. Es una pel\u00edcula que me marc\u00f3 por ser la mas bonita que he visto, m\u00e1s c\u00e1lida y me hizo admirar aun mas el ambiente real que se vive en M\u00e9xico. Ese es el M\u00e9xico que me gustar\u00eda que se viera en el extranjero, el real.<\/p>\n<style>.embed-container { position: relative; padding-bottom: 56.25%; height: 0; overflow: hidden; max-width: 100%; } .embed-container iframe, .embed-container object, .embed-container embed { position: absolute; top: 0; left: 0; width: 100%; height: 100%; }<\/style>\n<div class=\"embed-container\"><iframe src=\"https:\/\/www.youtube.com\/embed\/wM_TFwLRQAY\" frameborder=\"0\" allowfullscreen=\"allowfullscreen\"><\/iframe><\/div>\n<p>&nbsp;<\/p>\n<p><strong><a href=\"https:\/\/www.instagram.com\/miriam_alavez\/\" target=\"_blank\" rel=\"noopener\">Miriam Alavez<\/a><\/strong>: \u00ab<a href=\"http:\/\/www.reconoce.mx\/nace-una-estrella-el-ascenso-a-la-fama-contado-por-lady-gaga-y-bradley-cooper\/\" target=\"_blank\" rel=\"noopener\">Nace una estrella<\/a>\u00bb de <strong>Bradley Cooper<\/strong>. Es incre\u00edble que la m\u00fasica se apodere de nuestros sentidos, pr\u00e1cticamente de todos nuestros momentos. Me encant\u00f3 la historia, sobretodo el soundtrack, es de admirarse la producci\u00f3n que tuvo; la entrega de los protagonistas y los enormes paneos de la cinta. \u00a1De lujo!<\/p>\n<p><strong><a title=\"@animalceluloide\" href=\"https:\/\/twitter.com\/animalceluloide\" target=\"_blank\" rel=\"noopener noreferrer\">Ana Esc\u00e1rcega<\/a><\/strong>: \u00ab<a href=\"http:\/\/www.reconoce.mx\/isla-de-perros-la-lealtad-y-el-amor\/\" target=\"_blank\" rel=\"noopener\">Isla de perros<\/a>\u00bb de <strong>Wes Anderson<\/strong>. Cada parte de esa pel\u00edcula est\u00e1 hecha con un detalle y un amor impresionantes, la historia es sencilla y sin pretensiones. Una pel\u00edcula perfecta.<\/p>\n<p><strong><a href=\"https:\/\/twitter.com\/DemoniaRomantik\" target=\"_blank\" rel=\"noopener\">Adyerin Rueda<\/a><\/strong>: \u00ab<a href=\"http:\/\/www.reconoce.mx\/isla-de-perros-la-lealtad-y-el-amor\/\" target=\"_blank\" rel=\"noopener\">Isla de perros<\/a>\u00bb de <strong>Wes Anderson<\/strong>. Visualmente hermosa, llena de detalles y creatividad. Historia emotiva con personajes entra\u00f1ables y un mensaje demoledor. Una joya de Wes Anderson.<\/p>\n<style>.embed-container { position: relative; padding-bottom: 56.25%; height: 0; overflow: hidden; max-width: 100%; } .embed-container iframe, .embed-container object, .embed-container embed { position: absolute; top: 0; left: 0; width: 100%; height: 100%; }<\/style>\n<div class=\"embed-container\"><iframe src=\"https:\/\/www.youtube.com\/embed\/RCSf90JrROk\" frameborder=\"0\" allowfullscreen=\"allowfullscreen\"><\/iframe><\/div>\n<p>&nbsp;<\/p>\n<p><strong><span class=\"st\"><a href=\"https:\/\/twitter.com\/Amauryshow\" target=\"_blank\" rel=\"noopener\">Amaury Berdejo<\/a><\/span><\/strong>: \u00ab<a href=\"http:\/\/www.reconoce.mx\/nace-una-estrella-el-ascenso-a-la-fama-contado-por-lady-gaga-y-bradley-cooper\/\" target=\"_blank\" rel=\"noopener\">Nace una estrella<\/a>\u00bb de <strong>Bradley Cooper<\/strong>. Es complicado elegir una pel\u00edcula \u00abcomercial\u00bb para definir un a\u00f1o, sobre todo teniendo a \u00abBohemian Rhapsody: La historia de Freddy Mercury\u00bb, que era mi otra opci\u00f3n. Siempre me han gustado las historias de romances que florecen en situaciones extremas: pienso que la fama, el medio musical y los espect\u00e1culos son bastante ca\u00f3ticos para poder llevar una vida dentro de ellos y adem\u00e1s sumar a alguien (una compa\u00f1\u00eda sentimental) en esa aventura. Mi conclusi\u00f3n ser\u00eda que esta pel\u00edcula, aunque endulzada, muestra una parte interesante y a veces dura de las relaciones dentro del mundo de las luces, las guitarras y los shows, algo que es recurrente en mi \u00e1mbito personal.<\/p>\n<p><strong><span class=\"UFICommentBody\" data-reactid=\".21.1:3:1:$comment863715040336932_864395663602203:0.0.$right.0.$left.0.0.1:$comment-body.0\"><a title=\"@tacvbo_sk8\" href=\"https:\/\/twitter.com\/tacvbo_sk8\" target=\"_blank\" rel=\"noopener noreferrer\">Ulises Sol\u00eds<\/a><\/span><\/strong>: \u00ab<a href=\"http:\/\/www.reconoce.mx\/isla-de-perros-la-lealtad-y-el-amor\/\" target=\"_blank\" rel=\"noopener\">Isla de perros<\/a>\u00bb de <strong>Wes Anderson<\/strong>. La manera de hacer pel\u00edculas de <strong>Wes Anderson<\/strong> es magn\u00edfica, el sello que tienes es inconfundible tanto en guion como en fotograf\u00eda. Siendo fan de lo que hace, me dej\u00f3 satisfecho.<\/p>\n<style>.embed-container { position: relative; padding-bottom: 56.25%; height: 0; overflow: hidden; max-width: 100%; } .embed-container iframe, .embed-container object, .embed-container embed { position: absolute; top: 0; left: 0; width: 100%; height: 100%; }<\/style>\n<div class=\"embed-container\"><iframe src=\"https:\/\/www.youtube.com\/embed\/01Sn153r9RY\" frameborder=\"0\" allowfullscreen=\"allowfullscreen\"><\/iframe><\/div>\n<p>&nbsp;<\/p>\n<p><strong><a href=\"https:\/\/twitter.com\/mf_pac\" target=\"_blank\" rel=\"noopener\">Fernanda Pazar\u00e1n<\/a><\/strong>:\u00a0\u00ab<a href=\"http:\/\/www.reconoce.mx\/bohemian-rhapsody-la-historia-de-freddy-mercury-descansando-unicamente-sobre-el-exito-musical\/\" target=\"_blank\" rel=\"noopener\">Bohemian Rhapsody: La historia de Freddy Mercury<\/a>\u00bb de <strong>Bryan Singer<\/strong>. Queen fue mi primera banda favorita.<\/p>\n<p><strong><a href=\"https:\/\/twitter.com\/monceymrh\" target=\"_blank\" rel=\"noopener noreferrer\">Yamileth Moncerrat Ram\u00edrez Hern\u00e1ndez<\/a><\/strong>: \u00ab<a href=\"http:\/\/www.reconoce.mx\/bohemian-rhapsody-la-historia-de-freddy-mercury-descansando-unicamente-sobre-el-exito-musical\/\" target=\"_blank\" rel=\"noopener\">Bohemian Rhapsody: La historia de Freddy Mercury<\/a>\u00bb de <strong>Bryan Singer<\/strong>. Muestra la influencia de una leyenda musical.<\/p>\n<p><strong><a href=\"https:\/\/twitter.com\/alice_freckles\" target=\"_blank\" rel=\"noopener\">Alicia \u00c1vila<\/a><\/strong>: \u00ab<a href=\"http:\/\/www.reconoce.mx\/bohemian-rhapsody-la-historia-de-freddy-mercury-descansando-unicamente-sobre-el-exito-musical\/\" target=\"_blank\" rel=\"noopener\">Bohemian Rhapsody: La historia de Freddy Mercury<\/a>\u00bb de <strong>Bryan Singer<\/strong>. Porque no hab\u00eda poder humano que me hiciera verla y mucho menos, cuando todo mundo estaba hablando de ella. \u00bfY por qu\u00e9 no? Nada perd\u00eda si la ve\u00eda y me encant\u00f3. Record\u00e9 cuando trabaj\u00e9 como manager de bandas y lo padr\u00edsimo, pero dif\u00edcil, que fue hacerlo. No soy fan de Queen, pero haberles escuchado as\u00ed, me llev\u00f3 a que me gustaran de otra manera.<\/p>\n<style>.embed-container { position: relative; padding-bottom: 56.25%; height: 0; overflow: hidden; max-width: 100%; } .embed-container iframe, .embed-container object, .embed-container embed { position: absolute; top: 0; left: 0; width: 100%; height: 100%; }<\/style>\n<div class=\"embed-container\"><iframe src=\"https:\/\/www.youtube.com\/embed\/823iAZOEKt8\" frameborder=\"0\" allowfullscreen=\"allowfullscreen\"><\/iframe><\/div>\n<p>&nbsp;<\/p>\n<p><strong><a href=\"https:\/\/twitter.com\/heelraff\" target=\"_blank\" rel=\"noopener noreferrer\">Rafael P\u00e9rez Aldana<\/a><\/strong>: \u00ab<a href=\"http:\/\/www.reconoce.mx\/avengers-infinity-war-la-batalla-por-el-record-en-taquillas\/\" target=\"_blank\" rel=\"noopener\">Avengers: Infinity War<\/a>\u00bb de <strong>Anthony Russo<\/strong> y <strong>Joe Russo<\/strong>. Fue una de las mejores experiencias que he tenido dentro de una sala de cine, me emocion\u00e9, re\u00ed, llor\u00e9 y me qued\u00e9 con ganas de que pasara r\u00e1pidamente un a\u00f1o para poder ver qu\u00e9 sigue. Despu\u00e9s del fen\u00f3meno que caus\u00f3 \u00abStar Wars: The Empire Strikes Back\u00bb en donde podemos ver a los \u00abmalos\u00bb salir victoriosos de la batalla, \u00abInfinity War\u00bb me hizo sentir de ese modo; creas cierta empat\u00eda con el villano y hasta le agarras cari\u00f1o. Fue una cinta s\u00faper bien realizada y a\u00fan mejor llevada a pesar de la gran cantidad de personajes, definitivamente lo mejor del 2018.<\/p>\n<p><strong><a href=\"https:\/\/twitter.com\/bere_alamo\" target=\"_blank\" rel=\"noopener\">Berenice Alamilla Monta\u00f1o<\/a><\/strong>: \u00ab<a href=\"http:\/\/www.reconoce.mx\/avengers-infinity-war-la-batalla-por-el-record-en-taquillas\/\" target=\"_blank\" rel=\"noopener\">Avengers: Infinity War<\/a>\u00bb de <strong>Anthony Russo<\/strong> y <strong>Joe Russo<\/strong>. Porque fue un proyecto inmenso que recaud\u00f3 el dinero invertido mucho antes de su estreno. Adem\u00e1s ten\u00eda unos grandiosos efectos especiales y a m\u00ed me encantan los superh\u00e9roes. Adem\u00e1s es una triste coincidencia que se cerrar\u00e1 esta etapa de Marvel con la muerte de uno de los \u00edconos m\u00e1s grandes de la cultura pop actual, Stan Lee.<\/p>\n<style>.embed-container { position: relative; padding-bottom: 56.25%; height: 0; overflow: hidden; max-width: 100%; } .embed-container iframe, .embed-container object, .embed-container embed { position: absolute; top: 0; left: 0; width: 100%; height: 100%; }<\/style>\n<div class=\"embed-container\"><iframe src=\"https:\/\/www.youtube.com\/embed\/jb51HxL1LmA\" frameborder=\"0\" allowfullscreen=\"allowfullscreen\"><\/iframe><\/div>\n<p>&nbsp;<\/p>\n<p><strong><a href=\"https:\/\/twitter.com\/MoreMoreMor3\" target=\"_blank\" rel=\"noopener noreferrer\">Morelia Mart\u00ednez Rodr\u00edguez<\/a><\/strong>: Como pel\u00edcula \u00ab<a href=\"http:\/\/www.reconoce.mx\/tres-anuncios-por-un-crimen-una-reflexion-necesaria\/\" target=\"_blank\" rel=\"noopener\">Tres anuncios por un crimen<\/a>\u00bb de <strong>Martin McDonagh<\/strong>. El tema que aborda es tr\u00e1gico y una realidad que se ha sentido en todo el mundo. La ira, la violencia, la desesperaci\u00f3n, la confusi\u00f3n, pero tambi\u00e9n la solidaridad, el amor y el sarcasmo se hacen presentes. Las actuaciones de esta cinta son una chulada, tanto, que Frances McDormand se llev\u00f3 el \u00d3scar como \u00abMejor actriz! y Sam Rockwell como \u00abMejor actor de reparto\u00bb. Como serie \u00abAtypical\u00bb de <strong>Robia Rashid<\/strong>. Me atrap\u00f3 su sencillez, su comedia, pero sobre todo al observarla y adentrarte en el mundo de Sam, te cambia y te hace aprender sobre el autismo. Es bueno siempre saber acerca de los dem\u00e1s para saber en qu\u00e9 podemos ayudar.<\/p>\n<style>.embed-container { position: relative; padding-bottom: 56.25%; height: 0; overflow: hidden; max-width: 100%; } .embed-container iframe, .embed-container object, .embed-container embed { position: absolute; top: 0; left: 0; width: 100%; height: 100%; }<\/style>\n<div class=\"embed-container\"><iframe src=\"https:\/\/www.youtube.com\/embed\/Fj2G1BAJjIA\" frameborder=\"0\" allowfullscreen=\"allowfullscreen\"><\/iframe><\/div>\n<p>&nbsp;<\/p>\n<p><strong><a href=\"https:\/\/twitter.com\/Jimeamezcua\" target=\"_blank\" rel=\"noopener\">Jimena Amezcua<\/a><\/strong>: \u00ab<a href=\"http:\/\/www.reconoce.mx\/mamma-mia-vamos-otra-vez-el-esperado-regreso-a-kalokairi\/\" target=\"_blank\" rel=\"noopener\">Mamma Mia! Vamos otra vez<\/a>\u00bb de <strong>Ol Parker<\/strong> y \u00ab<a href=\"http:\/\/www.reconoce.mx\/roma-intima-y-personal-devastadora-y-dura\/\" target=\"_blank\" rel=\"noopener\">Roma<\/a>\u00bb de <strong>Alfonso Cuar\u00f3n<\/strong>. Super\u00f3 mis expectativas despu\u00e9s de que \u00abMamma Mia!\u00bb es mi pel\u00edcula favorita y \u00abRoma\u00bb porque rompe con todas las tendencias cinematogr\u00e1ficas de nuestros tiempos, porque me impulsa a seguir con mis sue\u00f1os de ser cineasta, porque cuida tanto todos los detallei y me doy cuenta que hay que observar m\u00e1s a nuestro alrededor, ya que ah\u00ed se encuentran incre\u00edbles historias que puedo contar.<\/p>\n<style>.embed-container { position: relative; padding-bottom: 56.25%; height: 0; overflow: hidden; max-width: 100%; } .embed-container iframe, .embed-container object, .embed-container embed { position: absolute; top: 0; left: 0; width: 100%; height: 100%; }<\/style>\n<div class=\"embed-container\"><iframe src=\"https:\/\/www.youtube.com\/embed\/xTHPN0XeoMc\" frameborder=\"0\" allowfullscreen=\"allowfullscreen\"><\/iframe><\/div>\n<p>&nbsp;<\/p>\n<p><strong><a href=\"https:\/\/twitter.com\/alvarockbarker\" target=\"_blank\" rel=\"noopener\">\u00c1lvaro Pe\u00f1a<\/a><\/strong>: \u00ab<a href=\"http:\/\/www.reconoce.mx\/ready-player-one-cuando-alcancemos-a-la-realidad\/\" target=\"_blank\" rel=\"noopener\">Ready Player One<\/a>\u00bb de <strong>Steven Spielberg<\/strong>. Porque llega al coraz\u00f3n de las personas haciendo referencia a muchas pel\u00edculas y caricaturas que surgieron en los a\u00f1os ochenta; la m\u00fasica ni se diga. La est\u00e9tica de la cinta, as\u00ed como los efectos visuales, resaltan a simple vista por lo que podr\u00eda estar nominada en dicha categor\u00eda en los pr\u00f3ximos premios \u00d3scar.<\/p>\n<style>.embed-container { position: relative; padding-bottom: 56.25%; height: 0; overflow: hidden; max-width: 100%; } .embed-container iframe, .embed-container object, .embed-container embed { position: absolute; top: 0; left: 0; width: 100%; height: 100%; }<\/style>\n<div class=\"embed-container\"><iframe src=\"https:\/\/www.youtube.com\/embed\/WqyDf2AFR_w\" frameborder=\"0\" allowfullscreen=\"allowfullscreen\"><\/iframe><\/div>\n<p>&nbsp;<\/p>\n<p><strong><a href=\"https:\/\/twitter.com\/tebo349\" target=\"_blank\" rel=\"noopener\">Esteban Hern\u00e1ndez Tam\u00e9s<\/a><\/strong>: \u00abWifi Ralph\u00bb de <strong>Rich Moore<\/strong> y <strong>Phil Johnston<\/strong>. Es la mezcla perfecta de modernidad y nostalgia.<\/p>\n<p><strong><a title=\"@EloisaCb\" href=\"https:\/\/twitter.com\/EloisaCb\" target=\"_blank\" rel=\"noopener\">Eloise Cornelio Belmont<\/a><\/strong>: \u00ab<a href=\"http:\/\/www.reconoce.mx\/roma-intima-y-personal-devastadora-y-dura\/\" target=\"_blank\" rel=\"noopener\">Roma<\/a>\u00bb de <strong>Alfonso Cuar\u00f3n<\/strong>. Creo que es una pel\u00edcula que muestra el drama de la cotidianidad en una ciudad tan diversa como lo es Ciudad de M\u00e9xico. La fotograf\u00eda es impecable y las actuaciones son aut\u00e9nticas, adem\u00e1s de que es una pel\u00edcula que rompe con las barreras de la academia al ser Netflix, un servicio de \u201cstreaming\u201d, el primero en lograr varios premios con una pel\u00edcula de su producci\u00f3n.<\/p>\n<style>.embed-container { position: relative; padding-bottom: 56.25%; height: 0; overflow: hidden; max-width: 100%; } .embed-container iframe, .embed-container object, .embed-container embed { position: absolute; top: 0; left: 0; width: 100%; height: 100%; }<\/style>\n<div class=\"embed-container\"><iframe src=\"https:\/\/www.youtube.com\/embed\/jBaTyBin0tk\" frameborder=\"0\" allowfullscreen=\"allowfullscreen\"><\/iframe><\/div>\n<p>&nbsp;<\/p>\n<style>.embed-container { position: relative; padding-bottom: 56.25%; height: 0; overflow: hidden; max-width: 100%; } .embed-container iframe, .embed-container object, .embed-container embed { position: absolute; top: 0; left: 0; width: 100%; height: 100%; }<\/style>\n<div class=\"embed-container\"><iframe src=\"https:\/\/www.youtube.com\/embed\/PqE_vLIUzkE\" frameborder=\"0\" allowfullscreen=\"allowfullscreen\"><\/iframe><\/div>\n<p>&nbsp;<\/p>\n<p><strong>Llavesita<\/strong>: \u00ab<a href=\"http:\/\/www.reconoce.mx\/el-discipulo-duelo-ideologico-lleno-de-tension\/\" target=\"_blank\" rel=\"noopener\">El disc\u00edpulo<\/a>\u00bb de <strong>Kirill Serebrennikov<\/strong> y \u00ab<a href=\"http:\/\/www.reconoce.mx\/sueno-en-otro-idioma-el-universo-en-una-lengua\/\" target=\"_blank\" rel=\"noopener\">Sue\u00f1o en otro idioma<\/a>\u00bb de <strong>Ernesto Contreras<\/strong>. \u00abEl disc\u00edpulo\u00bb es una muestra muy interesante del fanatismo religioso en la \u00e9poca actual, el de los j\u00f3venes; y \u00abSue\u00f1o en otro idioma\u00bb porque verdaderamente me transport\u00f3 a un disfrute de los sentidos, muy original historia.<\/p>\n<style>.embed-container { position: relative; padding-bottom: 56.25%; height: 0; overflow: hidden; max-width: 100%; } .embed-container iframe, .embed-container object, .embed-container embed { position: absolute; top: 0; left: 0; width: 100%; height: 100%; }<\/style>\n<div class=\"embed-container\"><iframe src=\"https:\/\/www.youtube.com\/embed\/GB-GG3LVAI0\" frameborder=\"0\" allowfullscreen=\"allowfullscreen\"><\/iframe><\/div>\n<p>&nbsp;<\/p>\n<p><strong><a href=\"https:\/\/twitter.com\/rirk21\" target=\"_blank\" rel=\"noopener\">Priscilla Riebeling<\/a><\/strong>: \u00ab<a href=\"http:\/\/www.reconoce.mx\/yo-tonya-una-divertida-historia-llena-de-sudor-y-sangre\/\" target=\"_blank\" rel=\"noopener\">Yo, Tonya<\/a>\u00bb de <strong>Craig Gillespie<\/strong>. La tomas, el estilo de la narraci\u00f3n de la historia.<\/p>\n<style>.embed-container { position: relative; padding-bottom: 56.25%; height: 0; overflow: hidden; max-width: 100%; } .embed-container iframe, .embed-container object, .embed-container embed { position: absolute; top: 0; left: 0; width: 100%; height: 100%; }<\/style>\n<div class=\"embed-container\"><iframe src=\"https:\/\/www.youtube.com\/embed\/F3FohMHATvs\" frameborder=\"0\" allowfullscreen=\"allowfullscreen\"><\/iframe><\/div>\n<p>&nbsp;<\/p>\n<p><strong><a title=\"@remedi_bla\" href=\"https:\/\/twitter.com\/remedi_bla\" target=\"_blank\" rel=\"noopener\">Regina Medina<\/a><\/strong>: \u00abLocamente millonarios\u00bb de <strong>Jon M. Chu<\/strong>. Para m\u00ed fue la primer pel\u00edcula que veo de Hollywood donde el elenco es completamente asi\u00e1tico; en lo personal por esto recuerdo esta pel\u00edcula, porque marc\u00f3 la inclusi\u00f3n al cine.<\/p>\n<style>.embed-container { position: relative; padding-bottom: 56.25%; height: 0; overflow: hidden; max-width: 100%; } .embed-container iframe, .embed-container object, .embed-container embed { position: absolute; top: 0; left: 0; width: 100%; height: 100%; }<\/style>\n<div class=\"embed-container\"><iframe src=\"https:\/\/www.youtube.com\/embed\/f10umwTONEU\" frameborder=\"0\" allowfullscreen=\"allowfullscreen\"><\/iframe><\/div>\n<p>&nbsp;<\/p>\n<p><strong><a href=\"https:\/\/www.instagram.com\/alexcfranco\/\" target=\"_blank\" rel=\"noopener noreferrer\">Alexandra Careaga Franco<\/a><\/strong>: \u00abDaredevil\u00bb de <strong>Drew Goddard<\/strong>. Claramente no es pel\u00edcula, pero es una serie que no par\u00f3 de sorprender. Sus tomas (como siempre sus tomas continuas no falt\u00f3 y no desilusin\u00f3), sus personajes y trama demostraron que la serie pod\u00eda seguir d\u00e1ndonos m\u00e1s, atrevi\u00e9ndose a tomar retos que muchos no tomar\u00edan. Daredevil era el h\u00e9roe que el MCU no pod\u00eda ofrecernos debido a su complejidad y oscuridad. Es una l\u00e1stima que Disney y Netflix hayan decidido descontinuar la serie, la cual a\u00fan ten\u00eda much\u00edsimo que ofrecer.<\/p>\n<style>.embed-container { position: relative; padding-bottom: 56.25%; height: 0; overflow: hidden; max-width: 100%; } .embed-container iframe, .embed-container object, .embed-container embed { position: absolute; top: 0; left: 0; width: 100%; height: 100%; }<\/style>\n<div class=\"embed-container\"><iframe src=\"https:\/\/www.youtube.com\/embed\/K8xMDEXzX-0\" frameborder=\"0\" allowfullscreen=\"allowfullscreen\"><\/iframe><\/div>\n<p>&nbsp;<\/p>\n<p><strong><a title=\"@danielhiga_al\" href=\"https:\/\/twitter.com\/danielhiga_al\" target=\"_blank\" rel=\"noopener noreferrer\">Daniel Higa Alquicira<\/a><\/strong>: \u00ab<a href=\"http:\/\/www.reconoce.mx\/la-forma-del-agua-el-amor-y-la-vida-esculpidos-por-las-manos-de-guillermo-del-toro\/\" target=\"_blank\" rel=\"noopener\">La forma del agua<\/a>\u00bb de <strong>Guillermo del Toro<\/strong>. Una joya de color y emociones.<\/p>\n<style>.embed-container { position: relative; padding-bottom: 56.25%; height: 0; overflow: hidden; max-width: 100%; } .embed-container iframe, .embed-container object, .embed-container embed { position: absolute; top: 0; left: 0; width: 100%; height: 100%; }<\/style>\n<div class=\"embed-container\"><iframe src=\"https:\/\/www.youtube.com\/embed\/rU5vQY5DJMI\" frameborder=\"0\" allowfullscreen=\"allowfullscreen\"><\/iframe><\/div>\n<p>&nbsp;<\/p>\n<p><strong><a title=\"@AsfaltosTweets\" href=\"http:\/\/twitter.com\/AsfaltosTweets\" target=\"_blank\" rel=\"noopener\">Asfaltos<\/a><\/strong>: \u00ab<a href=\"http:\/\/www.reconoce.mx\/tamara-y-la-catarina-una-entranable-y-sencilla-historia-de-amor\/\" target=\"_blank\" rel=\"noopener\">Tamara y la Catarina<\/a>\u00bb de <strong>Luc\u00eda Carreras<\/strong>. Luc\u00eda dio muestras de c\u00f3mo con un presupuesto menor, con una producci\u00f3n limitada, pero con mucho coraz\u00f3n y mucho talento era posible sacar a flote una extraordinaria pel\u00edcula. \u00bfDar a conocer \u00abel M\u00e9xico real\u00bb? \u00abTamara y la Catarina\u00bb es m\u00e1s chilanga que la mism\u00edsima \u00abRoma\u00bb de Alfonso Cuar\u00f3n; y perd\u00f3n, no quer\u00eda ponerlas en contra, pero las dos las vi seguiditas, y \u00abTamara y la Catarina\u00bb fue la que me cautiv\u00f3. La historia de 4 mujeres abandonadas en una agreste Zona Metropolitana de la Ciudad de M\u00e9xico es de lo mejor que se estren\u00f3 en cines; l\u00e1stima que no tuviera una campa\u00f1a publicitaria adecuada para hacerle ruido. \u00c1ngeles Cruz como Tamara extraordinaria; la beb\u00e9 que hizo de la Catarina&#8230; \u00a1maravillosa! \u00bfA qu\u00e9 suena la Ciudad de M\u00e9xico? Con mucho menos, Luc\u00eda nos lo muestra de gran manera.<\/p>\n<style>.embed-container { position: relative; padding-bottom: 56.25%; height: 0; overflow: hidden; max-width: 100%; } .embed-container iframe, .embed-container object, .embed-container embed { position: absolute; top: 0; left: 0; width: 100%; height: 100%; }<\/style>\n<div class=\"embed-container\"><iframe src=\"https:\/\/www.youtube.com\/embed\/PLErIjkPfJk\" frameborder=\"0\" allowfullscreen=\"allowfullscreen\"><\/iframe><\/div>\n<p>&nbsp;<\/p>\n<p><strong><a title=\"@enriquefa86\" href=\"https:\/\/twitter.com\/enriquefa86\" target=\"_blank\" rel=\"noopener\">Enrique Figueroa Anaya<\/a><\/strong>: \u00ab<a href=\"http:\/\/www.reconoce.mx\/nunca-estaras-a-salvo-thriller-emotivo-e-intimo\/\" target=\"_blank\" rel=\"noopener\">Nunca estar\u00e1s a salvo<\/a>\u00bb de <strong>Lynne Ramsay<\/strong>. Tuve la oportunidad de trabajar junto a la extraordinaria realizadora escocesa Lynne Ramsay; cuando vi \u00abNunca estar\u00e1s a salvo\u00bb no me lo imaginaba, ni tantito. La pel\u00edcula, con un magn\u00edfico Joaquin Phoenix como protagonista, es uno de los thrillers m\u00e1s finos que he podido ver en los \u00faltimos a\u00f1os. Adem\u00e1s, la pel\u00edcula es tambi\u00e9n tremendamente conmovedora. S\u00ed, Ramsay conjuga de una manera extraordinaria elementos de aut\u00e9ntico terror, y otros de franca hermosura. La violencia es posible representarla de gran manera sin ser burdos y corrientes. La elegancia de Ramsay es tremenda. Adem\u00e1s, s\u00famenle una de las mejores bandas sonoras del a\u00f1o a cargo del miembro de Radiohead, Jonny Greenwood.<\/p>\n<h2 style=\"text-align: center;\"><strong><a href=\"http:\/\/www.reconoce.mx\/las-peliculas-que-nos-marcaron-este-2011\/\" target=\"_blank\" rel=\"noopener\">2011<\/a> | <a href=\"http:\/\/www.reconoce.mx\/las-peliculas-que-nos-marcaron-este-2012\/\" target=\"_blank\" rel=\"noopener\">2012<\/a> | <a href=\"http:\/\/www.reconoce.mx\/las-peliculas-que-nos-marcaron-este-2013\/\" target=\"_blank\" rel=\"noopener\">2013<\/a> | <a href=\"http:\/\/www.reconoce.mx\/las-peliculas-que-nos-marcaron-este-2014\/\" target=\"_blank\" rel=\"noopener\">2014<\/a> | <a href=\"http:\/\/www.reconoce.mx\/las-peliculas-que-nos-marcaron-este-2015\/\" target=\"_blank\" rel=\"noopener\">2015<\/a> | <a href=\"http:\/\/www.reconoce.mx\/las-peliculas-que-nos-marcaron-este-2016\/\" target=\"_blank\" rel=\"noopener\">2016<\/a> | <a href=\"http:\/\/www.reconoce.mx\/las-peliculas-que-nos-marcaron-este-2017\/\" target=\"_blank\" rel=\"noopener\">2017<\/a> | 2018<\/strong><\/h2>\n<p style=\"text-align: right;\">Foto: <strong>Newsweek Ags<\/strong>.<\/p>\n<p>&nbsp;<\/p>\n<p>&nbsp;<\/p>\n","protected":false},"excerpt":{"rendered":"<p>Todo mundo arma sus listas de \u201clo mejor del a\u00f1o\u201d, nosotros no. Lo que hicimos fue simplemente preguntarle a nuestros colaboradores qu\u00e9 fue lo que m\u00e1s les impact\u00f3 durante 2018.<\/p>\n","protected":false},"author":2,"featured_media":79330,"comment_status":"open","ping_status":"open","sticky":false,"template":"","format":"standard","meta":{"footnotes":""},"categories":[24,1,17],"tags":[],"class_list":["post-79335","post","type-post","status-publish","format-standard","has-post-thumbnail","hentry","category-cine","category-cultura","category-principal"],"yoast_head":"<!-- This site is optimized with the Yoast SEO plugin v24.7 - https:\/\/yoast.com\/wordpress\/plugins\/seo\/ -->\n<title>Las pel\u00edculas que nos marcaron este 2018 &#171; Reconoce MX<\/title>\n<meta name=\"robots\" content=\"index, follow, max-snippet:-1, max-image-preview:large, max-video-preview:-1\" \/>\n<link rel=\"canonical\" href=\"https:\/\/www.reconoce.mx\/?p=79335\" \/>\n<meta property=\"og:locale\" content=\"es_ES\" \/>\n<meta property=\"og:type\" content=\"article\" \/>\n<meta property=\"og:title\" content=\"Las pel\u00edculas que nos marcaron este 2018 &#171; Reconoce MX\" \/>\n<meta property=\"og:description\" content=\"Todo mundo arma sus listas de \u201clo mejor del a\u00f1o\u201d, nosotros no. Lo que hicimos fue simplemente preguntarle a nuestros colaboradores qu\u00e9 fue lo que m\u00e1s les impact\u00f3 durante 2018.\" \/>\n<meta property=\"og:url\" content=\"https:\/\/www.reconoce.mx\/?p=79335\" \/>\n<meta property=\"og:site_name\" content=\"Reconoce MX\" \/>\n<meta property=\"article:publisher\" content=\"https:\/\/es-la.facebook.com\/ReconoceMX\/\" \/>\n<meta property=\"article:published_time\" content=\"2018-12-27T06:02:15+00:00\" \/>\n<meta property=\"article:modified_time\" content=\"2018-12-27T15:35:43+00:00\" \/>\n<meta property=\"og:image\" content=\"https:\/\/www.reconoce.mx\/wp-content\/uploads\/2018\/12\/rmcx2018-pel\u00edculas.jpg\" \/>\n\t<meta property=\"og:image:width\" content=\"590\" \/>\n\t<meta property=\"og:image:height\" content=\"380\" \/>\n\t<meta property=\"og:image:type\" content=\"image\/jpeg\" \/>\n<meta name=\"author\" content=\"Reconoce MX\" \/>\n<meta name=\"twitter:card\" content=\"summary_large_image\" \/>\n<meta name=\"twitter:creator\" content=\"@reconocemx\" \/>\n<meta name=\"twitter:site\" content=\"@reconocemx\" \/>\n<meta name=\"twitter:label1\" content=\"Escrito por\" \/>\n\t<meta name=\"twitter:data1\" content=\"Reconoce MX\" \/>\n\t<meta name=\"twitter:label2\" content=\"Tiempo de lectura\" \/>\n\t<meta name=\"twitter:data2\" content=\"9 minutos\" \/>\n<script type=\"application\/ld+json\" class=\"yoast-schema-graph\">{\"@context\":\"https:\/\/schema.org\",\"@graph\":[{\"@type\":\"Article\",\"@id\":\"https:\/\/www.reconoce.mx\/?p=79335#article\",\"isPartOf\":{\"@id\":\"https:\/\/www.reconoce.mx\/?p=79335\"},\"author\":{\"name\":\"Reconoce MX\",\"@id\":\"http:\/\/www.reconoce.mx\/#\/schema\/person\/2117e997d7051dc15d6880eaf9bca0b2\"},\"headline\":\"Las pel\u00edculas que nos marcaron este 2018\",\"datePublished\":\"2018-12-27T06:02:15+00:00\",\"dateModified\":\"2018-12-27T15:35:43+00:00\",\"mainEntityOfPage\":{\"@id\":\"https:\/\/www.reconoce.mx\/?p=79335\"},\"wordCount\":1796,\"commentCount\":0,\"publisher\":{\"@id\":\"http:\/\/www.reconoce.mx\/#organization\"},\"image\":{\"@id\":\"https:\/\/www.reconoce.mx\/?p=79335#primaryimage\"},\"thumbnailUrl\":\"http:\/\/www.reconoce.mx\/wp-content\/uploads\/2018\/12\/rmcx2018-pel\u00edculas.jpg\",\"articleSection\":[\"Cine\",\"Cultura\",\"Principal\"],\"inLanguage\":\"es\",\"potentialAction\":[{\"@type\":\"CommentAction\",\"name\":\"Comment\",\"target\":[\"https:\/\/www.reconoce.mx\/?p=79335#respond\"]}]},{\"@type\":\"WebPage\",\"@id\":\"https:\/\/www.reconoce.mx\/?p=79335\",\"url\":\"https:\/\/www.reconoce.mx\/?p=79335\",\"name\":\"Las pel\u00edculas que nos marcaron este 2018 &#171; Reconoce MX\",\"isPartOf\":{\"@id\":\"http:\/\/www.reconoce.mx\/#website\"},\"primaryImageOfPage\":{\"@id\":\"https:\/\/www.reconoce.mx\/?p=79335#primaryimage\"},\"image\":{\"@id\":\"https:\/\/www.reconoce.mx\/?p=79335#primaryimage\"},\"thumbnailUrl\":\"http:\/\/www.reconoce.mx\/wp-content\/uploads\/2018\/12\/rmcx2018-pel\u00edculas.jpg\",\"datePublished\":\"2018-12-27T06:02:15+00:00\",\"dateModified\":\"2018-12-27T15:35:43+00:00\",\"breadcrumb\":{\"@id\":\"https:\/\/www.reconoce.mx\/?p=79335#breadcrumb\"},\"inLanguage\":\"es\",\"potentialAction\":[{\"@type\":\"ReadAction\",\"target\":[\"https:\/\/www.reconoce.mx\/?p=79335\"]}]},{\"@type\":\"ImageObject\",\"inLanguage\":\"es\",\"@id\":\"https:\/\/www.reconoce.mx\/?p=79335#primaryimage\",\"url\":\"http:\/\/www.reconoce.mx\/wp-content\/uploads\/2018\/12\/rmcx2018-pel\u00edculas.jpg\",\"contentUrl\":\"http:\/\/www.reconoce.mx\/wp-content\/uploads\/2018\/12\/rmcx2018-pel\u00edculas.jpg\",\"width\":590,\"height\":380},{\"@type\":\"BreadcrumbList\",\"@id\":\"https:\/\/www.reconoce.mx\/?p=79335#breadcrumb\",\"itemListElement\":[{\"@type\":\"ListItem\",\"position\":1,\"name\":\"Portada\",\"item\":\"http:\/\/www.reconoce.mx\/\"},{\"@type\":\"ListItem\",\"position\":2,\"name\":\"Las pel\u00edculas que nos marcaron este 2018\"}]},{\"@type\":\"WebSite\",\"@id\":\"http:\/\/www.reconoce.mx\/#website\",\"url\":\"http:\/\/www.reconoce.mx\/\",\"name\":\"Reconoce MX\",\"description\":\"En Reconoce MX difundimos arte, cultura y conciencia social en M\u00e9xico. Tu ciudad en otra perspectiva.\",\"publisher\":{\"@id\":\"http:\/\/www.reconoce.mx\/#organization\"},\"potentialAction\":[{\"@type\":\"SearchAction\",\"target\":{\"@type\":\"EntryPoint\",\"urlTemplate\":\"http:\/\/www.reconoce.mx\/?s={search_term_string}\"},\"query-input\":{\"@type\":\"PropertyValueSpecification\",\"valueRequired\":true,\"valueName\":\"search_term_string\"}}],\"inLanguage\":\"es\"},{\"@type\":\"Organization\",\"@id\":\"http:\/\/www.reconoce.mx\/#organization\",\"name\":\"Reconoce MX\",\"url\":\"http:\/\/www.reconoce.mx\/\",\"logo\":{\"@type\":\"ImageObject\",\"inLanguage\":\"es\",\"@id\":\"http:\/\/www.reconoce.mx\/#\/schema\/logo\/image\/\",\"url\":\"https:\/\/www.reconoce.mx\/wp-content\/uploads\/2019\/03\/logorcmx-good-1.png\",\"contentUrl\":\"https:\/\/www.reconoce.mx\/wp-content\/uploads\/2019\/03\/logorcmx-good-1.png\",\"width\":280,\"height\":90,\"caption\":\"Reconoce MX\"},\"image\":{\"@id\":\"http:\/\/www.reconoce.mx\/#\/schema\/logo\/image\/\"},\"sameAs\":[\"https:\/\/es-la.facebook.com\/ReconoceMX\/\",\"https:\/\/x.com\/reconocemx\",\"http:\/\/@reconocemx\"]},{\"@type\":\"Person\",\"@id\":\"http:\/\/www.reconoce.mx\/#\/schema\/person\/2117e997d7051dc15d6880eaf9bca0b2\",\"name\":\"Reconoce MX\",\"image\":{\"@type\":\"ImageObject\",\"inLanguage\":\"es\",\"@id\":\"http:\/\/www.reconoce.mx\/#\/schema\/person\/image\/\",\"url\":\"https:\/\/secure.gravatar.com\/avatar\/6c8d4dc7569ca1c90c5fdcc349f839d5ddef6fe1e70b4337ead2ef1a4c43fc3a?s=96&d=identicon&r=g\",\"contentUrl\":\"https:\/\/secure.gravatar.com\/avatar\/6c8d4dc7569ca1c90c5fdcc349f839d5ddef6fe1e70b4337ead2ef1a4c43fc3a?s=96&d=identicon&r=g\",\"caption\":\"Reconoce MX\"},\"description\":\"Reconoce MX es un proyecto de difusi\u00f3n art\u00edstica, cultural y de conciencia social que est\u00e1 enfocado a difundir y fomentar el entretenimiento alternativo de calidad para todo el p\u00fablico que comparta el mismo entusiasmo.\",\"sameAs\":[\"http:\/\/www.reconoce.mx\"],\"url\":\"http:\/\/www.reconoce.mx\/?author=2\"}]}<\/script>\n<!-- \/ Yoast SEO plugin. -->","yoast_head_json":{"title":"Las pel\u00edculas que nos marcaron este 2018 &#171; Reconoce MX","robots":{"index":"index","follow":"follow","max-snippet":"max-snippet:-1","max-image-preview":"max-image-preview:large","max-video-preview":"max-video-preview:-1"},"canonical":"https:\/\/www.reconoce.mx\/?p=79335","og_locale":"es_ES","og_type":"article","og_title":"Las pel\u00edculas que nos marcaron este 2018 &#171; Reconoce MX","og_description":"Todo mundo arma sus listas de \u201clo mejor del a\u00f1o\u201d, nosotros no. Lo que hicimos fue simplemente preguntarle a nuestros colaboradores qu\u00e9 fue lo que m\u00e1s les impact\u00f3 durante 2018.","og_url":"https:\/\/www.reconoce.mx\/?p=79335","og_site_name":"Reconoce MX","article_publisher":"https:\/\/es-la.facebook.com\/ReconoceMX\/","article_published_time":"2018-12-27T06:02:15+00:00","article_modified_time":"2018-12-27T15:35:43+00:00","og_image":[{"width":590,"height":380,"url":"https:\/\/www.reconoce.mx\/wp-content\/uploads\/2018\/12\/rmcx2018-pel\u00edculas.jpg","type":"image\/jpeg"}],"author":"Reconoce MX","twitter_card":"summary_large_image","twitter_creator":"@reconocemx","twitter_site":"@reconocemx","twitter_misc":{"Escrito por":"Reconoce MX","Tiempo de lectura":"9 minutos"},"schema":{"@context":"https:\/\/schema.org","@graph":[{"@type":"Article","@id":"https:\/\/www.reconoce.mx\/?p=79335#article","isPartOf":{"@id":"https:\/\/www.reconoce.mx\/?p=79335"},"author":{"name":"Reconoce MX","@id":"http:\/\/www.reconoce.mx\/#\/schema\/person\/2117e997d7051dc15d6880eaf9bca0b2"},"headline":"Las pel\u00edculas que nos marcaron este 2018","datePublished":"2018-12-27T06:02:15+00:00","dateModified":"2018-12-27T15:35:43+00:00","mainEntityOfPage":{"@id":"https:\/\/www.reconoce.mx\/?p=79335"},"wordCount":1796,"commentCount":0,"publisher":{"@id":"http:\/\/www.reconoce.mx\/#organization"},"image":{"@id":"https:\/\/www.reconoce.mx\/?p=79335#primaryimage"},"thumbnailUrl":"http:\/\/www.reconoce.mx\/wp-content\/uploads\/2018\/12\/rmcx2018-pel\u00edculas.jpg","articleSection":["Cine","Cultura","Principal"],"inLanguage":"es","potentialAction":[{"@type":"CommentAction","name":"Comment","target":["https:\/\/www.reconoce.mx\/?p=79335#respond"]}]},{"@type":"WebPage","@id":"https:\/\/www.reconoce.mx\/?p=79335","url":"https:\/\/www.reconoce.mx\/?p=79335","name":"Las pel\u00edculas que nos marcaron este 2018 &#171; Reconoce MX","isPartOf":{"@id":"http:\/\/www.reconoce.mx\/#website"},"primaryImageOfPage":{"@id":"https:\/\/www.reconoce.mx\/?p=79335#primaryimage"},"image":{"@id":"https:\/\/www.reconoce.mx\/?p=79335#primaryimage"},"thumbnailUrl":"http:\/\/www.reconoce.mx\/wp-content\/uploads\/2018\/12\/rmcx2018-pel\u00edculas.jpg","datePublished":"2018-12-27T06:02:15+00:00","dateModified":"2018-12-27T15:35:43+00:00","breadcrumb":{"@id":"https:\/\/www.reconoce.mx\/?p=79335#breadcrumb"},"inLanguage":"es","potentialAction":[{"@type":"ReadAction","target":["https:\/\/www.reconoce.mx\/?p=79335"]}]},{"@type":"ImageObject","inLanguage":"es","@id":"https:\/\/www.reconoce.mx\/?p=79335#primaryimage","url":"http:\/\/www.reconoce.mx\/wp-content\/uploads\/2018\/12\/rmcx2018-pel\u00edculas.jpg","contentUrl":"http:\/\/www.reconoce.mx\/wp-content\/uploads\/2018\/12\/rmcx2018-pel\u00edculas.jpg","width":590,"height":380},{"@type":"BreadcrumbList","@id":"https:\/\/www.reconoce.mx\/?p=79335#breadcrumb","itemListElement":[{"@type":"ListItem","position":1,"name":"Portada","item":"http:\/\/www.reconoce.mx\/"},{"@type":"ListItem","position":2,"name":"Las pel\u00edculas que nos marcaron este 2018"}]},{"@type":"WebSite","@id":"http:\/\/www.reconoce.mx\/#website","url":"http:\/\/www.reconoce.mx\/","name":"Reconoce MX","description":"En Reconoce MX difundimos arte, cultura y conciencia social en M\u00e9xico. Tu ciudad en otra perspectiva.","publisher":{"@id":"http:\/\/www.reconoce.mx\/#organization"},"potentialAction":[{"@type":"SearchAction","target":{"@type":"EntryPoint","urlTemplate":"http:\/\/www.reconoce.mx\/?s={search_term_string}"},"query-input":{"@type":"PropertyValueSpecification","valueRequired":true,"valueName":"search_term_string"}}],"inLanguage":"es"},{"@type":"Organization","@id":"http:\/\/www.reconoce.mx\/#organization","name":"Reconoce MX","url":"http:\/\/www.reconoce.mx\/","logo":{"@type":"ImageObject","inLanguage":"es","@id":"http:\/\/www.reconoce.mx\/#\/schema\/logo\/image\/","url":"https:\/\/www.reconoce.mx\/wp-content\/uploads\/2019\/03\/logorcmx-good-1.png","contentUrl":"https:\/\/www.reconoce.mx\/wp-content\/uploads\/2019\/03\/logorcmx-good-1.png","width":280,"height":90,"caption":"Reconoce MX"},"image":{"@id":"http:\/\/www.reconoce.mx\/#\/schema\/logo\/image\/"},"sameAs":["https:\/\/es-la.facebook.com\/ReconoceMX\/","https:\/\/x.com\/reconocemx","http:\/\/@reconocemx"]},{"@type":"Person","@id":"http:\/\/www.reconoce.mx\/#\/schema\/person\/2117e997d7051dc15d6880eaf9bca0b2","name":"Reconoce MX","image":{"@type":"ImageObject","inLanguage":"es","@id":"http:\/\/www.reconoce.mx\/#\/schema\/person\/image\/","url":"https:\/\/secure.gravatar.com\/avatar\/6c8d4dc7569ca1c90c5fdcc349f839d5ddef6fe1e70b4337ead2ef1a4c43fc3a?s=96&d=identicon&r=g","contentUrl":"https:\/\/secure.gravatar.com\/avatar\/6c8d4dc7569ca1c90c5fdcc349f839d5ddef6fe1e70b4337ead2ef1a4c43fc3a?s=96&d=identicon&r=g","caption":"Reconoce MX"},"description":"Reconoce MX es un proyecto de difusi\u00f3n art\u00edstica, cultural y de conciencia social que est\u00e1 enfocado a difundir y fomentar el entretenimiento alternativo de calidad para todo el p\u00fablico que comparta el mismo entusiasmo.","sameAs":["http:\/\/www.reconoce.mx"],"url":"http:\/\/www.reconoce.mx\/?author=2"}]}},"_links":{"self":[{"href":"http:\/\/www.reconoce.mx\/index.php?rest_route=\/wp\/v2\/posts\/79335","targetHints":{"allow":["GET"]}}],"collection":[{"href":"http:\/\/www.reconoce.mx\/index.php?rest_route=\/wp\/v2\/posts"}],"about":[{"href":"http:\/\/www.reconoce.mx\/index.php?rest_route=\/wp\/v2\/types\/post"}],"author":[{"embeddable":true,"href":"http:\/\/www.reconoce.mx\/index.php?rest_route=\/wp\/v2\/users\/2"}],"replies":[{"embeddable":true,"href":"http:\/\/www.reconoce.mx\/index.php?rest_route=%2Fwp%2Fv2%2Fcomments&post=79335"}],"version-history":[{"count":9,"href":"http:\/\/www.reconoce.mx\/index.php?rest_route=\/wp\/v2\/posts\/79335\/revisions"}],"predecessor-version":[{"id":79396,"href":"http:\/\/www.reconoce.mx\/index.php?rest_route=\/wp\/v2\/posts\/79335\/revisions\/79396"}],"wp:featuredmedia":[{"embeddable":true,"href":"http:\/\/www.reconoce.mx\/index.php?rest_route=\/wp\/v2\/media\/79330"}],"wp:attachment":[{"href":"http:\/\/www.reconoce.mx\/index.php?rest_route=%2Fwp%2Fv2%2Fmedia&parent=79335"}],"wp:term":[{"taxonomy":"category","embeddable":true,"href":"http:\/\/www.reconoce.mx\/index.php?rest_route=%2Fwp%2Fv2%2Fcategories&post=79335"},{"taxonomy":"post_tag","embeddable":true,"href":"http:\/\/www.reconoce.mx\/index.php?rest_route=%2Fwp%2Fv2%2Ftags&post=79335"}],"curies":[{"name":"wp","href":"https:\/\/api.w.org\/{rel}","templated":true}]}}