{"id":79458,"date":"2018-12-28T00:02:42","date_gmt":"2018-12-28T06:02:42","guid":{"rendered":"http:\/\/www.reconoce.mx\/?p=79458"},"modified":"2018-12-28T15:56:07","modified_gmt":"2018-12-28T21:56:07","slug":"la-casa-mas-grande-del-mundo-crecer-duele","status":"publish","type":"post","link":"http:\/\/www.reconoce.mx\/?p=79458","title":{"rendered":"\u00abLa casa m\u00e1s grande del mundo\u00bb: crecer, duele"},"content":{"rendered":"<p><strong>Por <a title=\"@AsfaltosTweets\" href=\"http:\/\/twitter.com\/AsfaltosTweets\" target=\"_blank\" rel=\"noopener noreferrer\" data-slimstat-type=\"0\" data-slimstat-callback=\"false\" data-slimstat-tracking=\"true\">Asfaltos<\/a><\/strong>.<\/p>\n<p>\u00daltimo fin de semana del a\u00f1o, y s\u00ed, hay en cartelera una pel\u00edcula mexicana y guatemalteca -dos, en una-. Despu\u00e9s de un largo recorrido por festivales de cine en todo el mundo, hoy viernes 28 de diciembre llega la pel\u00edcula \u00abLa casa m\u00e1s grande del mundo\u00bb. La cinta es codirigida por <strong>Ana V. Boj\u00f3rquez<\/strong> de Guatemala y <strong>Luc\u00eda Carreras<\/strong> de M\u00e9xico; s\u00ed, la misma Luc\u00eda de la extraordinaria \u00ab<a href=\"http:\/\/www.reconoce.mx\/tamara-y-la-catarina-una-entranable-y-sencilla-historia-de-amor\/\" target=\"_blank\" rel=\"noopener\">Tamara y la Catarina<\/a>\u00ab, ahora tambi\u00e9n en otra imperdible pel\u00edcula. Ahora que ya todos andan embalados con ese \u00abotro M\u00e9xico, el real\u00bb que nos gusta ver en el cine, \u00bfqu\u00e9 tal acercarse a esa \u00abotra Guatemala, la real, esa que tambi\u00e9n nos gusta ver en el cine\u00bb?<\/p>\n<p><a href=\"http:\/\/www.reconoce.mx\/wp-content\/uploads\/2018\/12\/LACASAMASGRANDE2fINALFINAL-1.jpeg\"><img loading=\"lazy\" decoding=\"async\" class=\"aligncenter size-full wp-image-79464\" src=\"http:\/\/www.reconoce.mx\/wp-content\/uploads\/2018\/12\/LACASAMASGRANDE2fINALFINAL-1.jpeg\" alt=\"\" width=\"896\" height=\"1280\" srcset=\"http:\/\/www.reconoce.mx\/wp-content\/uploads\/2018\/12\/LACASAMASGRANDE2fINALFINAL-1.jpeg 896w, http:\/\/www.reconoce.mx\/wp-content\/uploads\/2018\/12\/LACASAMASGRANDE2fINALFINAL-1-210x300.jpeg 210w, http:\/\/www.reconoce.mx\/wp-content\/uploads\/2018\/12\/LACASAMASGRANDE2fINALFINAL-1-768x1097.jpeg 768w, http:\/\/www.reconoce.mx\/wp-content\/uploads\/2018\/12\/LACASAMASGRANDE2fINALFINAL-1-717x1024.jpeg 717w, http:\/\/www.reconoce.mx\/wp-content\/uploads\/2018\/12\/LACASAMASGRANDE2fINALFINAL-1-150x214.jpeg 150w, http:\/\/www.reconoce.mx\/wp-content\/uploads\/2018\/12\/LACASAMASGRANDE2fINALFINAL-1-700x1000.jpeg 700w, http:\/\/www.reconoce.mx\/wp-content\/uploads\/2018\/12\/LACASAMASGRANDE2fINALFINAL-1-658x940.jpeg 658w, http:\/\/www.reconoce.mx\/wp-content\/uploads\/2018\/12\/LACASAMASGRANDE2fINALFINAL-1-300x429.jpeg 300w\" sizes=\"auto, (max-width: 896px) 100vw, 896px\" \/><\/a><\/p>\n<p>La trama nos presenta a tres mujeres quienes viven en las monta\u00f1as guatemaltecas: la abuela, la madre y la hija, \u00e9sta \u00faltima a quien conoceremos como la peque\u00f1a Roc\u00edo. La mam\u00e1 de Roc\u00edo, acostumbrada a llevar diariamente a su peque\u00f1o grupo de ovejas a pastar, se siente indispuesta; pronto llegar\u00e1 una nueva vida m\u00e1s al hogar, por lo que ahora la encargada de la misi\u00f3n cotidiana, la que les da sustento, es Roc\u00edo. Sin embargo, en forma Roc\u00edo es todav\u00eda una ni\u00f1a.<\/p>\n<p>En los hermosos paisajes captados, con una fotograf\u00eda extraordinaria que nos hace sentirnos inmersos en un sitio id\u00edlico en el que el ritmo de vida es otro, Roc\u00edo lleva sus ovejas a donde otra amiga la espera y entonces sucede lo inevitable: la vida de una ni\u00f1a quien por su naturaleza reacciona al juego y se deja llevar. Pero ojo, en efecto, nos encontramos frente a \u00abLa casa m\u00e1s grande\u00bb, un sitio donde las ovejas se pueden perder en cualquier rinc\u00f3n, y donde despu\u00e9s, desesperada, Roc\u00edo tendr\u00e1 que encontrarlas.<\/p>\n<p><a href=\"http:\/\/www.reconoce.mx\/wp-content\/uploads\/2018\/12\/la-casa-mas-grande-2.jpg\"><img loading=\"lazy\" decoding=\"async\" class=\"aligncenter size-full wp-image-79462\" src=\"http:\/\/www.reconoce.mx\/wp-content\/uploads\/2018\/12\/la-casa-mas-grande-2.jpg\" alt=\"\" width=\"590\" height=\"380\" srcset=\"http:\/\/www.reconoce.mx\/wp-content\/uploads\/2018\/12\/la-casa-mas-grande-2.jpg 590w, http:\/\/www.reconoce.mx\/wp-content\/uploads\/2018\/12\/la-casa-mas-grande-2-300x193.jpg 300w, http:\/\/www.reconoce.mx\/wp-content\/uploads\/2018\/12\/la-casa-mas-grande-2-150x97.jpg 150w\" sizes=\"auto, (max-width: 590px) 100vw, 590px\" \/><\/a><\/p>\n<p>En \u00abLa casa m\u00e1s grande\u00bb nos encontramos frente a un <em>coming-of-age<\/em> en toda la forma. \u00a1Pero si Roc\u00edo es apenas una ni\u00f1a! Por eso, porque en el lugar donde a ella le toc\u00f3 crecer, se madura m\u00e1s r\u00e1pido; porque con ella, apenas siendo una ni\u00f1a, el mundo de responsabilidades cae de golpe cuando desesperada ella no encuentra lo que le encargaron. Roc\u00edo recuerda que m\u00e1s all\u00e1 de su divertimento personal, hay dos -y pr\u00f3ximamente tres- vidas que dependen de que ella encuentre lo que perdi\u00f3.<\/p>\n<p>Con el ritmo de la vida del lugar, en una narrativa que sin muchos aspavientos nos va llevando de la mano a donde quiere, las dos directoras cumplen con \u00abLa casa m\u00e1s grande\u00bb con traernos una cinta extraordinaria. Porque es, tambi\u00e9n, una peque\u00f1a \u00e9pica en la que observamos a Roc\u00edo enfrentar un muy personal \u00abcamino del h\u00e9roe\u00bb para descubrirse y vencer a sus propios miedos.<\/p>\n<p><a href=\"http:\/\/www.reconoce.mx\/wp-content\/uploads\/2018\/12\/la-casa-mas-grande-3.jpg\"><img loading=\"lazy\" decoding=\"async\" class=\"aligncenter size-full wp-image-79463\" src=\"http:\/\/www.reconoce.mx\/wp-content\/uploads\/2018\/12\/la-casa-mas-grande-3.jpg\" alt=\"\" width=\"590\" height=\"380\" srcset=\"http:\/\/www.reconoce.mx\/wp-content\/uploads\/2018\/12\/la-casa-mas-grande-3.jpg 590w, http:\/\/www.reconoce.mx\/wp-content\/uploads\/2018\/12\/la-casa-mas-grande-3-300x193.jpg 300w, http:\/\/www.reconoce.mx\/wp-content\/uploads\/2018\/12\/la-casa-mas-grande-3-150x97.jpg 150w\" sizes=\"auto, (max-width: 590px) 100vw, 590px\" \/><\/a><\/p>\n<p>Sin conocer tanto de la carrera de <strong>Ana V. Boj\u00f3rquez<\/strong>, s\u00ed hay que decir que se nota sin duda la buena mano de su colega <strong>Luc\u00eda Carreras<\/strong>. Carreras una vez m\u00e1s se adentra en una historia femenina en donde se nota su trabajo, que sumado al de la guatemalteca Boj\u00f3rquez, no hace m\u00e1s que brillar todav\u00eda m\u00e1s. La pel\u00edcula, adem\u00e1s de la lectura central, permite tambi\u00e9n otras; pues nos encontramos una vez m\u00e1s un lugar donde los hombres est\u00e1n ausentes, quiz\u00e1, quiz\u00e1&#8230; del otro lado de la frontera norte de nuestro pa\u00eds.<\/p>\n<p>Destaco tambi\u00e9n el trabajo actoral primero de la peque\u00f1a <strong>Gloria L\u00f3pez<\/strong>, quien lleva el peso de la pel\u00edcula como Roc\u00edo; pero tambi\u00e9n de <strong>Mar\u00eda L\u00f3pez<\/strong> como su amiga Ixchumil\u00e1 y de <strong>Elder Escobedo<\/strong> como el joven y travieso Ajp\u00fa. Tambi\u00e9n es importante mencionar que la cinta, parcialmente, se habla en la lengua mam de la misma localidad guatemalteca que tambi\u00e9n tiene origen maya. Complementan el reparto <strong>Myriam Bravo<\/strong> como la mam\u00e1, <strong>Fabiana Ortiz de Domingo<\/strong> como la abuela y finalmente <strong>Daniel Ram\u00edrez<\/strong> como un viejo que tambi\u00e9n aparece.<\/p>\n<style>.embed-container { position: relative; padding-bottom: 56.25%; height: 0; overflow: hidden; max-width: 100%; } .embed-container iframe, .embed-container object, .embed-container embed { position: absolute; top: 0; left: 0; width: 100%; height: 100%; }<\/style>\n<div class=\"embed-container\"><iframe src=\"https:\/\/player.vimeo.com\/video\/187498174\" frameborder=\"0\" allowfullscreen=\"allowfullscreen\"><\/iframe><\/div>\n<p>&nbsp;<\/p>\n<p>\u00abLa casa m\u00e1s grande\u00bb es entonces una cinta fina, sencilla y muy bella para este fin de a\u00f1o. Perfecta, yo dir\u00eda, para quienes buscan como Roc\u00edo en la imagen de la portada de esta rese\u00f1a, dar un paso hacia adelante y crecer. Da gusto encontrarse con una pel\u00edcula guatemalteca que une fuerzas con el cine mexicano para lograrse. \u00bfImperdible? Yo dir\u00eda que s\u00ed, se la pasar\u00e1n muy bien.<\/p>\n<p>\u00abLa casa m\u00e1s grande\u00bb estrena hoy viernes 28 de diciembre -y no, no es broma del D\u00eda de los Inocentes- de momento en <strong>Cineteca Nacional<\/strong>. \u00bfQu\u00e9 dicen, la ven y la comentamos?<\/p>\n<p style=\"text-align: right;\">Con im\u00e1genes e informaci\u00f3n cortes\u00eda de <strong>Georgina Cobos<\/strong>.<\/p>\n<p>&nbsp;<\/p>\n<p>&nbsp;<\/p>\n","protected":false},"excerpt":{"rendered":"<p>\u00daltimo fin de semana del a\u00f1o, y s\u00ed, hay en cartelera una pel\u00edcula mexicana y guatemalteca -dos, en una-. Despu\u00e9s de un largo recorrido por festivales de cine en todo el mundo, hoy viernes 28 de diciembre llega la pel\u00edcula \u00abLa casa m\u00e1s grande del mundo\u00bb.<\/p>\n","protected":false},"author":2,"featured_media":79461,"comment_status":"open","ping_status":"open","sticky":false,"template":"","format":"standard","meta":{"footnotes":""},"categories":[24,1,17],"tags":[],"class_list":["post-79458","post","type-post","status-publish","format-standard","has-post-thumbnail","hentry","category-cine","category-cultura","category-principal"],"yoast_head":"<!-- This site is optimized with the Yoast SEO plugin v24.7 - https:\/\/yoast.com\/wordpress\/plugins\/seo\/ -->\n<title>&quot;La casa m\u00e1s grande del mundo&quot;: crecer, duele &#171; Reconoce MX<\/title>\n<meta name=\"robots\" content=\"index, follow, max-snippet:-1, max-image-preview:large, max-video-preview:-1\" \/>\n<link rel=\"canonical\" href=\"https:\/\/www.reconoce.mx\/?p=79458\" \/>\n<meta property=\"og:locale\" content=\"es_ES\" \/>\n<meta property=\"og:type\" content=\"article\" \/>\n<meta property=\"og:title\" content=\"&quot;La casa m\u00e1s grande del mundo&quot;: crecer, duele &#171; Reconoce MX\" \/>\n<meta property=\"og:description\" content=\"\u00daltimo fin de semana del a\u00f1o, y s\u00ed, hay en cartelera una pel\u00edcula mexicana y guatemalteca -dos, en una-. Despu\u00e9s de un largo recorrido por festivales de cine en todo el mundo, hoy viernes 28 de diciembre llega la pel\u00edcula &quot;La casa m\u00e1s grande del mundo&quot;.\" \/>\n<meta property=\"og:url\" content=\"https:\/\/www.reconoce.mx\/?p=79458\" \/>\n<meta property=\"og:site_name\" content=\"Reconoce MX\" \/>\n<meta property=\"article:publisher\" content=\"https:\/\/es-la.facebook.com\/ReconoceMX\/\" \/>\n<meta property=\"article:published_time\" content=\"2018-12-28T06:02:42+00:00\" \/>\n<meta property=\"article:modified_time\" content=\"2018-12-28T21:56:07+00:00\" \/>\n<meta property=\"og:image\" content=\"https:\/\/www.reconoce.mx\/wp-content\/uploads\/2018\/12\/la-casa-mas-grande-1.jpg\" \/>\n\t<meta property=\"og:image:width\" content=\"590\" \/>\n\t<meta property=\"og:image:height\" content=\"380\" \/>\n\t<meta property=\"og:image:type\" content=\"image\/jpeg\" \/>\n<meta name=\"author\" content=\"Reconoce MX\" \/>\n<meta name=\"twitter:card\" content=\"summary_large_image\" \/>\n<meta name=\"twitter:creator\" content=\"@reconocemx\" \/>\n<meta name=\"twitter:site\" content=\"@reconocemx\" \/>\n<meta name=\"twitter:label1\" content=\"Escrito por\" \/>\n\t<meta name=\"twitter:data1\" content=\"Reconoce MX\" \/>\n\t<meta name=\"twitter:label2\" content=\"Tiempo de lectura\" \/>\n\t<meta name=\"twitter:data2\" content=\"4 minutos\" \/>\n<script type=\"application\/ld+json\" class=\"yoast-schema-graph\">{\"@context\":\"https:\/\/schema.org\",\"@graph\":[{\"@type\":\"Article\",\"@id\":\"https:\/\/www.reconoce.mx\/?p=79458#article\",\"isPartOf\":{\"@id\":\"https:\/\/www.reconoce.mx\/?p=79458\"},\"author\":{\"name\":\"Reconoce MX\",\"@id\":\"http:\/\/www.reconoce.mx\/#\/schema\/person\/2117e997d7051dc15d6880eaf9bca0b2\"},\"headline\":\"\u00abLa casa m\u00e1s grande del mundo\u00bb: crecer, duele\",\"datePublished\":\"2018-12-28T06:02:42+00:00\",\"dateModified\":\"2018-12-28T21:56:07+00:00\",\"mainEntityOfPage\":{\"@id\":\"https:\/\/www.reconoce.mx\/?p=79458\"},\"wordCount\":820,\"commentCount\":0,\"publisher\":{\"@id\":\"http:\/\/www.reconoce.mx\/#organization\"},\"image\":{\"@id\":\"https:\/\/www.reconoce.mx\/?p=79458#primaryimage\"},\"thumbnailUrl\":\"http:\/\/www.reconoce.mx\/wp-content\/uploads\/2018\/12\/la-casa-mas-grande-1.jpg\",\"articleSection\":[\"Cine\",\"Cultura\",\"Principal\"],\"inLanguage\":\"es\",\"potentialAction\":[{\"@type\":\"CommentAction\",\"name\":\"Comment\",\"target\":[\"https:\/\/www.reconoce.mx\/?p=79458#respond\"]}]},{\"@type\":\"WebPage\",\"@id\":\"https:\/\/www.reconoce.mx\/?p=79458\",\"url\":\"https:\/\/www.reconoce.mx\/?p=79458\",\"name\":\"\\\"La casa m\u00e1s grande del mundo\\\": crecer, duele &#171; Reconoce MX\",\"isPartOf\":{\"@id\":\"http:\/\/www.reconoce.mx\/#website\"},\"primaryImageOfPage\":{\"@id\":\"https:\/\/www.reconoce.mx\/?p=79458#primaryimage\"},\"image\":{\"@id\":\"https:\/\/www.reconoce.mx\/?p=79458#primaryimage\"},\"thumbnailUrl\":\"http:\/\/www.reconoce.mx\/wp-content\/uploads\/2018\/12\/la-casa-mas-grande-1.jpg\",\"datePublished\":\"2018-12-28T06:02:42+00:00\",\"dateModified\":\"2018-12-28T21:56:07+00:00\",\"breadcrumb\":{\"@id\":\"https:\/\/www.reconoce.mx\/?p=79458#breadcrumb\"},\"inLanguage\":\"es\",\"potentialAction\":[{\"@type\":\"ReadAction\",\"target\":[\"https:\/\/www.reconoce.mx\/?p=79458\"]}]},{\"@type\":\"ImageObject\",\"inLanguage\":\"es\",\"@id\":\"https:\/\/www.reconoce.mx\/?p=79458#primaryimage\",\"url\":\"http:\/\/www.reconoce.mx\/wp-content\/uploads\/2018\/12\/la-casa-mas-grande-1.jpg\",\"contentUrl\":\"http:\/\/www.reconoce.mx\/wp-content\/uploads\/2018\/12\/la-casa-mas-grande-1.jpg\",\"width\":590,\"height\":380},{\"@type\":\"BreadcrumbList\",\"@id\":\"https:\/\/www.reconoce.mx\/?p=79458#breadcrumb\",\"itemListElement\":[{\"@type\":\"ListItem\",\"position\":1,\"name\":\"Portada\",\"item\":\"http:\/\/www.reconoce.mx\/\"},{\"@type\":\"ListItem\",\"position\":2,\"name\":\"\u00abLa casa m\u00e1s grande del mundo\u00bb: crecer, duele\"}]},{\"@type\":\"WebSite\",\"@id\":\"http:\/\/www.reconoce.mx\/#website\",\"url\":\"http:\/\/www.reconoce.mx\/\",\"name\":\"Reconoce MX\",\"description\":\"En Reconoce MX difundimos arte, cultura y conciencia social en M\u00e9xico. Tu ciudad en otra perspectiva.\",\"publisher\":{\"@id\":\"http:\/\/www.reconoce.mx\/#organization\"},\"potentialAction\":[{\"@type\":\"SearchAction\",\"target\":{\"@type\":\"EntryPoint\",\"urlTemplate\":\"http:\/\/www.reconoce.mx\/?s={search_term_string}\"},\"query-input\":{\"@type\":\"PropertyValueSpecification\",\"valueRequired\":true,\"valueName\":\"search_term_string\"}}],\"inLanguage\":\"es\"},{\"@type\":\"Organization\",\"@id\":\"http:\/\/www.reconoce.mx\/#organization\",\"name\":\"Reconoce MX\",\"url\":\"http:\/\/www.reconoce.mx\/\",\"logo\":{\"@type\":\"ImageObject\",\"inLanguage\":\"es\",\"@id\":\"http:\/\/www.reconoce.mx\/#\/schema\/logo\/image\/\",\"url\":\"https:\/\/www.reconoce.mx\/wp-content\/uploads\/2019\/03\/logorcmx-good-1.png\",\"contentUrl\":\"https:\/\/www.reconoce.mx\/wp-content\/uploads\/2019\/03\/logorcmx-good-1.png\",\"width\":280,\"height\":90,\"caption\":\"Reconoce MX\"},\"image\":{\"@id\":\"http:\/\/www.reconoce.mx\/#\/schema\/logo\/image\/\"},\"sameAs\":[\"https:\/\/es-la.facebook.com\/ReconoceMX\/\",\"https:\/\/x.com\/reconocemx\",\"http:\/\/@reconocemx\"]},{\"@type\":\"Person\",\"@id\":\"http:\/\/www.reconoce.mx\/#\/schema\/person\/2117e997d7051dc15d6880eaf9bca0b2\",\"name\":\"Reconoce MX\",\"image\":{\"@type\":\"ImageObject\",\"inLanguage\":\"es\",\"@id\":\"http:\/\/www.reconoce.mx\/#\/schema\/person\/image\/\",\"url\":\"https:\/\/secure.gravatar.com\/avatar\/6c8d4dc7569ca1c90c5fdcc349f839d5ddef6fe1e70b4337ead2ef1a4c43fc3a?s=96&d=identicon&r=g\",\"contentUrl\":\"https:\/\/secure.gravatar.com\/avatar\/6c8d4dc7569ca1c90c5fdcc349f839d5ddef6fe1e70b4337ead2ef1a4c43fc3a?s=96&d=identicon&r=g\",\"caption\":\"Reconoce MX\"},\"description\":\"Reconoce MX es un proyecto de difusi\u00f3n art\u00edstica, cultural y de conciencia social que est\u00e1 enfocado a difundir y fomentar el entretenimiento alternativo de calidad para todo el p\u00fablico que comparta el mismo entusiasmo.\",\"sameAs\":[\"http:\/\/www.reconoce.mx\"],\"url\":\"http:\/\/www.reconoce.mx\/?author=2\"}]}<\/script>\n<!-- \/ Yoast SEO plugin. -->","yoast_head_json":{"title":"\"La casa m\u00e1s grande del mundo\": crecer, duele &#171; Reconoce MX","robots":{"index":"index","follow":"follow","max-snippet":"max-snippet:-1","max-image-preview":"max-image-preview:large","max-video-preview":"max-video-preview:-1"},"canonical":"https:\/\/www.reconoce.mx\/?p=79458","og_locale":"es_ES","og_type":"article","og_title":"\"La casa m\u00e1s grande del mundo\": crecer, duele &#171; Reconoce MX","og_description":"\u00daltimo fin de semana del a\u00f1o, y s\u00ed, hay en cartelera una pel\u00edcula mexicana y guatemalteca -dos, en una-. Despu\u00e9s de un largo recorrido por festivales de cine en todo el mundo, hoy viernes 28 de diciembre llega la pel\u00edcula \"La casa m\u00e1s grande del mundo\".","og_url":"https:\/\/www.reconoce.mx\/?p=79458","og_site_name":"Reconoce MX","article_publisher":"https:\/\/es-la.facebook.com\/ReconoceMX\/","article_published_time":"2018-12-28T06:02:42+00:00","article_modified_time":"2018-12-28T21:56:07+00:00","og_image":[{"width":590,"height":380,"url":"https:\/\/www.reconoce.mx\/wp-content\/uploads\/2018\/12\/la-casa-mas-grande-1.jpg","type":"image\/jpeg"}],"author":"Reconoce MX","twitter_card":"summary_large_image","twitter_creator":"@reconocemx","twitter_site":"@reconocemx","twitter_misc":{"Escrito por":"Reconoce MX","Tiempo de lectura":"4 minutos"},"schema":{"@context":"https:\/\/schema.org","@graph":[{"@type":"Article","@id":"https:\/\/www.reconoce.mx\/?p=79458#article","isPartOf":{"@id":"https:\/\/www.reconoce.mx\/?p=79458"},"author":{"name":"Reconoce MX","@id":"http:\/\/www.reconoce.mx\/#\/schema\/person\/2117e997d7051dc15d6880eaf9bca0b2"},"headline":"\u00abLa casa m\u00e1s grande del mundo\u00bb: crecer, duele","datePublished":"2018-12-28T06:02:42+00:00","dateModified":"2018-12-28T21:56:07+00:00","mainEntityOfPage":{"@id":"https:\/\/www.reconoce.mx\/?p=79458"},"wordCount":820,"commentCount":0,"publisher":{"@id":"http:\/\/www.reconoce.mx\/#organization"},"image":{"@id":"https:\/\/www.reconoce.mx\/?p=79458#primaryimage"},"thumbnailUrl":"http:\/\/www.reconoce.mx\/wp-content\/uploads\/2018\/12\/la-casa-mas-grande-1.jpg","articleSection":["Cine","Cultura","Principal"],"inLanguage":"es","potentialAction":[{"@type":"CommentAction","name":"Comment","target":["https:\/\/www.reconoce.mx\/?p=79458#respond"]}]},{"@type":"WebPage","@id":"https:\/\/www.reconoce.mx\/?p=79458","url":"https:\/\/www.reconoce.mx\/?p=79458","name":"\"La casa m\u00e1s grande del mundo\": crecer, duele &#171; Reconoce MX","isPartOf":{"@id":"http:\/\/www.reconoce.mx\/#website"},"primaryImageOfPage":{"@id":"https:\/\/www.reconoce.mx\/?p=79458#primaryimage"},"image":{"@id":"https:\/\/www.reconoce.mx\/?p=79458#primaryimage"},"thumbnailUrl":"http:\/\/www.reconoce.mx\/wp-content\/uploads\/2018\/12\/la-casa-mas-grande-1.jpg","datePublished":"2018-12-28T06:02:42+00:00","dateModified":"2018-12-28T21:56:07+00:00","breadcrumb":{"@id":"https:\/\/www.reconoce.mx\/?p=79458#breadcrumb"},"inLanguage":"es","potentialAction":[{"@type":"ReadAction","target":["https:\/\/www.reconoce.mx\/?p=79458"]}]},{"@type":"ImageObject","inLanguage":"es","@id":"https:\/\/www.reconoce.mx\/?p=79458#primaryimage","url":"http:\/\/www.reconoce.mx\/wp-content\/uploads\/2018\/12\/la-casa-mas-grande-1.jpg","contentUrl":"http:\/\/www.reconoce.mx\/wp-content\/uploads\/2018\/12\/la-casa-mas-grande-1.jpg","width":590,"height":380},{"@type":"BreadcrumbList","@id":"https:\/\/www.reconoce.mx\/?p=79458#breadcrumb","itemListElement":[{"@type":"ListItem","position":1,"name":"Portada","item":"http:\/\/www.reconoce.mx\/"},{"@type":"ListItem","position":2,"name":"\u00abLa casa m\u00e1s grande del mundo\u00bb: crecer, duele"}]},{"@type":"WebSite","@id":"http:\/\/www.reconoce.mx\/#website","url":"http:\/\/www.reconoce.mx\/","name":"Reconoce MX","description":"En Reconoce MX difundimos arte, cultura y conciencia social en M\u00e9xico. Tu ciudad en otra perspectiva.","publisher":{"@id":"http:\/\/www.reconoce.mx\/#organization"},"potentialAction":[{"@type":"SearchAction","target":{"@type":"EntryPoint","urlTemplate":"http:\/\/www.reconoce.mx\/?s={search_term_string}"},"query-input":{"@type":"PropertyValueSpecification","valueRequired":true,"valueName":"search_term_string"}}],"inLanguage":"es"},{"@type":"Organization","@id":"http:\/\/www.reconoce.mx\/#organization","name":"Reconoce MX","url":"http:\/\/www.reconoce.mx\/","logo":{"@type":"ImageObject","inLanguage":"es","@id":"http:\/\/www.reconoce.mx\/#\/schema\/logo\/image\/","url":"https:\/\/www.reconoce.mx\/wp-content\/uploads\/2019\/03\/logorcmx-good-1.png","contentUrl":"https:\/\/www.reconoce.mx\/wp-content\/uploads\/2019\/03\/logorcmx-good-1.png","width":280,"height":90,"caption":"Reconoce MX"},"image":{"@id":"http:\/\/www.reconoce.mx\/#\/schema\/logo\/image\/"},"sameAs":["https:\/\/es-la.facebook.com\/ReconoceMX\/","https:\/\/x.com\/reconocemx","http:\/\/@reconocemx"]},{"@type":"Person","@id":"http:\/\/www.reconoce.mx\/#\/schema\/person\/2117e997d7051dc15d6880eaf9bca0b2","name":"Reconoce MX","image":{"@type":"ImageObject","inLanguage":"es","@id":"http:\/\/www.reconoce.mx\/#\/schema\/person\/image\/","url":"https:\/\/secure.gravatar.com\/avatar\/6c8d4dc7569ca1c90c5fdcc349f839d5ddef6fe1e70b4337ead2ef1a4c43fc3a?s=96&d=identicon&r=g","contentUrl":"https:\/\/secure.gravatar.com\/avatar\/6c8d4dc7569ca1c90c5fdcc349f839d5ddef6fe1e70b4337ead2ef1a4c43fc3a?s=96&d=identicon&r=g","caption":"Reconoce MX"},"description":"Reconoce MX es un proyecto de difusi\u00f3n art\u00edstica, cultural y de conciencia social que est\u00e1 enfocado a difundir y fomentar el entretenimiento alternativo de calidad para todo el p\u00fablico que comparta el mismo entusiasmo.","sameAs":["http:\/\/www.reconoce.mx"],"url":"http:\/\/www.reconoce.mx\/?author=2"}]}},"_links":{"self":[{"href":"http:\/\/www.reconoce.mx\/index.php?rest_route=\/wp\/v2\/posts\/79458","targetHints":{"allow":["GET"]}}],"collection":[{"href":"http:\/\/www.reconoce.mx\/index.php?rest_route=\/wp\/v2\/posts"}],"about":[{"href":"http:\/\/www.reconoce.mx\/index.php?rest_route=\/wp\/v2\/types\/post"}],"author":[{"embeddable":true,"href":"http:\/\/www.reconoce.mx\/index.php?rest_route=\/wp\/v2\/users\/2"}],"replies":[{"embeddable":true,"href":"http:\/\/www.reconoce.mx\/index.php?rest_route=%2Fwp%2Fv2%2Fcomments&post=79458"}],"version-history":[{"count":4,"href":"http:\/\/www.reconoce.mx\/index.php?rest_route=\/wp\/v2\/posts\/79458\/revisions"}],"predecessor-version":[{"id":79468,"href":"http:\/\/www.reconoce.mx\/index.php?rest_route=\/wp\/v2\/posts\/79458\/revisions\/79468"}],"wp:featuredmedia":[{"embeddable":true,"href":"http:\/\/www.reconoce.mx\/index.php?rest_route=\/wp\/v2\/media\/79461"}],"wp:attachment":[{"href":"http:\/\/www.reconoce.mx\/index.php?rest_route=%2Fwp%2Fv2%2Fmedia&parent=79458"}],"wp:term":[{"taxonomy":"category","embeddable":true,"href":"http:\/\/www.reconoce.mx\/index.php?rest_route=%2Fwp%2Fv2%2Fcategories&post=79458"},{"taxonomy":"post_tag","embeddable":true,"href":"http:\/\/www.reconoce.mx\/index.php?rest_route=%2Fwp%2Fv2%2Ftags&post=79458"}],"curies":[{"name":"wp","href":"https:\/\/api.w.org\/{rel}","templated":true}]}}