{"id":79529,"date":"2018-12-31T00:01:58","date_gmt":"2018-12-31T06:01:58","guid":{"rendered":"http:\/\/www.reconoce.mx\/?p=79529"},"modified":"2018-12-31T12:56:48","modified_gmt":"2018-12-31T18:56:48","slug":"reportaje-un-homenaje-a-quienes-trabajan-la-noche-de-ano-viejo","status":"publish","type":"post","link":"http:\/\/www.reconoce.mx\/?p=79529","title":{"rendered":"\u00abReportaje\u00bb: un homenaje a quienes trabajan la noche de A\u00f1o Viejo"},"content":{"rendered":"<p><a href=\"http:\/\/www.reconoce.mx\/category\/columnistas\/la-ballesta-de-mascatabaco\/\"><img loading=\"lazy\" decoding=\"async\" class=\"aligncenter size-full wp-image-42011\" src=\"http:\/\/www.reconoce.mx\/wp-content\/uploads\/2015\/05\/la-ballesta.png\" sizes=\"auto, (max-width: 570px) 100vw, 570px\" srcset=\"http:\/\/www.reconoce.mx\/wp-content\/uploads\/2015\/05\/la-ballesta.png 570w, http:\/\/www.reconoce.mx\/wp-content\/uploads\/2015\/05\/la-ballesta-300x37.png 300w, http:\/\/www.reconoce.mx\/wp-content\/uploads\/2015\/05\/la-ballesta-150x18.png 150w\" alt=\"la-ballesta\" width=\"570\" height=\"70\" \/><\/a><strong><br \/>\nPor <a title=\"@AsfaltosTweets\" href=\"http:\/\/twitter.com\/AsfaltosTweets\" target=\"_blank\" rel=\"noopener noreferrer\">Asfaltos<\/a><\/strong>.<\/p>\n<p>\u00daltimo d\u00eda de 2018 y \u00faltima columna semanal de este a\u00f1o en donde me da gusto compartirles una pel\u00edcula mexicana m\u00e1s que disfrut\u00e9 hace unos d\u00edas con motivo de las fiestas de A\u00f1o Nuevo. \u00bfSorprendidos del talento que se logr\u00f3 reunir para la m\u00e1s reciente \u00abAvengers: Infinity War\u00bb? Bien, pues seguramente no han visto \u00abReportaje\u00bb (1953), la cinta que reun\u00eda a las m\u00e1s grandes luminarias de la \u00c9poca de Oro del cine mexicano. S\u00ed, si a usted le toca trabajar en este d\u00eda, y hasta muy tarde, esta columna va con dedicatoria a ustedes.<\/p>\n<p><a href=\"http:\/\/www.reconoce.mx\/wp-content\/uploads\/2018\/12\/1782.jpg\"><img loading=\"lazy\" decoding=\"async\" class=\"aligncenter size-full wp-image-79534\" src=\"http:\/\/www.reconoce.mx\/wp-content\/uploads\/2018\/12\/1782.jpg\" alt=\"\" width=\"1584\" height=\"2088\" srcset=\"http:\/\/www.reconoce.mx\/wp-content\/uploads\/2018\/12\/1782.jpg 1584w, http:\/\/www.reconoce.mx\/wp-content\/uploads\/2018\/12\/1782-228x300.jpg 228w, http:\/\/www.reconoce.mx\/wp-content\/uploads\/2018\/12\/1782-768x1012.jpg 768w, http:\/\/www.reconoce.mx\/wp-content\/uploads\/2018\/12\/1782-777x1024.jpg 777w, http:\/\/www.reconoce.mx\/wp-content\/uploads\/2018\/12\/1782-150x198.jpg 150w, http:\/\/www.reconoce.mx\/wp-content\/uploads\/2018\/12\/1782-700x923.jpg 700w, http:\/\/www.reconoce.mx\/wp-content\/uploads\/2018\/12\/1782-658x867.jpg 658w, http:\/\/www.reconoce.mx\/wp-content\/uploads\/2018\/12\/1782-300x395.jpg 300w\" sizes=\"auto, (max-width: 1584px) 100vw, 1584px\" \/><\/a><\/p>\n<p>Cuando nos sentemos muchos a las mesas, con uvas y copas de champ\u00e1n listos a la espera de las campanadas de cambio de a\u00f1o de 2018 a 2019, habr\u00e1n otros a quienes les toca trabajar porque en su profesi\u00f3n no hay tiempos, ni pausas. Periodistas, m\u00e9dicos y enfermeros, polic\u00edas y bomberos, por ejemplo, son algunos de los que pasan el fin de a\u00f1o trabajando en la noche en la que muchos m\u00e1s se la pasan celebrando. \u00abReportaje\u00bb, dirigida por el realizador y actor de cine mexicano <strong>Emilio \u00abIndio\u00bb Fern\u00e1ndez<\/strong>, fue una pel\u00edcula dedicada a quienes pasan en vela la noche del 31 de diciembre y la madrugada del 1 de enero. En espec\u00edfico, \u00abReportaje\u00bb va dedicada a los periodistas.<\/p>\n<p>La premisa es sencilla. En la redacci\u00f3n de un peri\u00f3dico, el director del mismo, convoca a sus reporteros a conseguir la primera y m\u00e1s impactante noticia del 1 de enero del a\u00f1o que viene. Algunos, pensando m\u00e1s en la fiesta, desechan la oportunidad hasta que se les pone una muy jugosa recompensa sobre la mesa. Animados por el reto, pero sobre todo por el premio, los reporteros se lanzan a las calles en b\u00fasqueda de esa primera nota que ilustre la primera plana del A\u00f1o Nuevo.<\/p>\n<p>El primer escenario nos coloca en la mism\u00edsima Cruz Roja, donde de manera dram\u00e1tica, tras un choque, la mujer de uno de los periodistas que conocimos entra a sala de emergencias. Ah\u00ed, tambi\u00e9n, vemos a un charro macho que est\u00e1 a punto de ser padre, aunque por ser \u00e9sta una beb\u00e9 en camino, es despreciada por el charro por no ser, en efecto, \u00abun futuro macho\u00bb y s\u00ed una \u00abhembra\u00bb. Otro hombre, un padre de familia, est\u00e1 a punto de perder la mano; mientras ilusionado, casi alucinando, sufre por el posible hecho de no poderle entregar a su hijo el regalo prometido para el D\u00eda de Reyes.<\/p>\n<p>As\u00ed, pasando de la Cruz Roja nos vamos a una Iglesia, donde el viejo amigo de un sacerdote est\u00e1 por recibir una inesperada visita; luego al Ministerio P\u00fablico, donde una serie de inesperados hechos terminan por convertirlo en una aut\u00e9ntica verbena; despu\u00e9s a una borrahcera donde la m\u00fasica y los bailes no faltan; inmediatamente despu\u00e9s un cuarto donde un dram\u00e1tico divorcio est\u00e1 por revertirse casi por \u00abarte de magia\u00bb; y finalmente al escenario final, en el pasillo de un hotel donde una consagrada actriz padece a un muy afinado cantante quien con todo y mariachi no le perdonar\u00e1 ni un segundo de su sagrado sue\u00f1o.<\/p>\n<p>En todos los escenarios anteriores, en cada una de las escenas, hay actores c\u00e9lebres de la \u00c9poca de Oro del cine mexicano. Al ver la pel\u00edcula resulta sin duda inevitable sentarse a notar con cuidado cada una de las personalidades ah\u00ed presentes. Por ejemplo, en el Ministerio P\u00fablico notamos a <strong>Tin Tan<\/strong>, a <strong>Marcelo<\/strong> y a <strong>Clavillazo<\/strong> tambi\u00e9n; en la borrachera al siempre simp\u00e1tico<strong> Fernando Soler<\/strong>, as\u00ed como a <strong>Libertad Lamarque<\/strong> y a <strong>Pedro Vargas<\/strong>, \u00e9stos dos \u00faltimos quienes nos brindan un dueto inolvidable; y en el hotel, en la escena final, nada mas y nada menos que en un duelo de actuaciones, a los mism\u00edsimos <strong>Jorge Negrete<\/strong> y <strong>Mar\u00eda F\u00e9lix<\/strong>, por mencionar solo a algunos.<\/p>\n<p>En todos los escenarios, siempre detr\u00e1s, los diligentes periodistas que persiguen la noticia. \u00bfAl final, la mejor de todas? Un milagro, un cierre dram\u00e1tico despu\u00e9s de todo lo que vimos que tambi\u00e9n nos entretuvo. \u00bfEl homenaje? A todos los involucrados en las fiestas de fin de a\u00f1o, adem\u00e1s de los ya mencionados; a los sacerdotes, a los meseros de los restaurantes, a los m\u00fasicos, a los que trabajan en los hoteles, a los jueces, etc. \u00abReportaje\u00bb, si bien no resulta una pel\u00edcula redonda, no deja de ser tambi\u00e9n una celebraci\u00f3n al cine mexicano de aquellos a\u00f1os; una celebraci\u00f3n, que con el paso de los a\u00f1os, es sin duda una pieza clave de la historia de nuestro cine.<\/p>\n<p>Es as\u00ed, que mientras nosotros estemos sentados en la mesa listos para recibir 2019, deber\u00edamos dedicar tambi\u00e9n un momento a quienes estar\u00e1n trabajando, listos para que en cualquier momento est\u00e9n listos para auxiliarnos porque su noble profesi\u00f3n as\u00ed se los ha exigido. Suertudos nosotros, de que ellos, diligentes, est\u00e9n siempre listos, porque en efecto, muy A\u00f1o Viejo y muy A\u00f1o Nuevo todo, pero el mundo no se detiene, y s\u00ed, la vida sigue&#8230;<\/p>\n<style>.embed-container { position: relative; padding-bottom: 56.25%; height: 0; overflow: hidden; max-width: 100%; } .embed-container iframe, .embed-container object, .embed-container embed { position: absolute; top: 0; left: 0; width: 100%; height: 100%; }<\/style>\n<div class='embed-container'><iframe src='https:\/\/www.youtube.com\/embed\/yO-_JIshsys' frameborder='0' allowfullscreen><\/iframe><\/div>\n<p>&nbsp;<\/p>\n<p>\u00bfQu\u00e9 me dicen? \u00bfVieron ya \u00abReportaje\u00bb en alg\u00fan momento? \u00bfSe les antoj\u00f3? \u00bfLa ver\u00e1n? No dejen de pasar una incre\u00edble fiesta de fin de a\u00f1o y de inicio de 2019. De coraz\u00f3n, para todos ustedes: \u00a1pr\u00f3spero A\u00f1o Nuevo 2019! Mis mejores deseos, siempre.<\/p>\n<blockquote><p><a href=\"http:\/\/www.reconoce.mx\/wp-content\/uploads\/2016\/03\/968932_515227815190918_654397283_n-e1459260491114.jpg\" rel=\"lightbox[62561]\"><img loading=\"lazy\" decoding=\"async\" class=\"alignleft size-thumbnail wp-image-39872\" src=\"http:\/\/www.reconoce.mx\/wp-content\/uploads\/2016\/03\/968932_515227815190918_654397283_n-e1459260491114.jpg\" alt=\"IMG_5743\" width=\"150\" height=\"150\" \/><\/a><strong>Asfaltos<\/strong>. Sobrevivo en una ciudad junto a millones de personas. \u00bfMexique\u00f1o? Me enamoro r\u00e1pido y olvido dif\u00edcilmente. Amo la m\u00fasica, el cine, los c\u00f3mics, las mujeres y -\u00faltimamente gracias a los servicios de <em>streaming<\/em>\u2013 las series tambi\u00e9n. Vivo la vida a trav\u00e9s de letras y melod\u00edas. M\u00fasico frustrado. Me pueden encontrar escuchando U2, Radiohead y Coldplay; as\u00ed como Grand Funk Railroad, Styx y Eric Burdon; Chetes, Jumbo y Siddhartha; y hasta Jesse &amp; Joy, Silverio y Aleks Syntek. Batman y Star Wars mis pasiones; tambi\u00e9n el Cruz Azul, pero ya saben\u2026 subcampeon\u00edsimo. Sobreviviente y n\u00e1ufrago; ermita\u00f1o que odia la soledad.<\/p><\/blockquote>\n<p>&nbsp;<\/p>\n<p>&nbsp;<\/p>\n","protected":false},"excerpt":{"rendered":"<p>\u00daltimo d\u00eda de 2018 y \u00faltima columna semanal de este a\u00f1o en donde me da gusto compartirles una pel\u00edcula mexicana m\u00e1s que disfrut\u00e9 hace unos d\u00edas con motivo de las fiestas de A\u00f1o Nuevo.<\/p>\n","protected":false},"author":2,"featured_media":79535,"comment_status":"open","ping_status":"open","sticky":false,"template":"","format":"standard","meta":{"footnotes":""},"categories":[16,2602,17],"tags":[],"class_list":["post-79529","post","type-post","status-publish","format-standard","has-post-thumbnail","hentry","category-columnistas","category-la-ballesta-de-mascatabaco","category-principal"],"yoast_head":"<!-- This site is optimized with the Yoast SEO plugin v24.7 - https:\/\/yoast.com\/wordpress\/plugins\/seo\/ -->\n<title>&quot;Reportaje&quot;: un homenaje a quienes trabajan la noche de A\u00f1o Viejo &#171; Reconoce MX<\/title>\n<meta name=\"robots\" content=\"index, follow, max-snippet:-1, max-image-preview:large, max-video-preview:-1\" \/>\n<link rel=\"canonical\" href=\"http:\/\/www.reconoce.mx\/?p=79529\" \/>\n<meta property=\"og:locale\" content=\"es_ES\" \/>\n<meta property=\"og:type\" content=\"article\" \/>\n<meta property=\"og:title\" content=\"&quot;Reportaje&quot;: un homenaje a quienes trabajan la noche de A\u00f1o Viejo &#171; Reconoce MX\" \/>\n<meta property=\"og:description\" content=\"\u00daltimo d\u00eda de 2018 y \u00faltima columna semanal de este a\u00f1o en donde me da gusto compartirles una pel\u00edcula mexicana m\u00e1s que disfrut\u00e9 hace unos d\u00edas con motivo de las fiestas de A\u00f1o Nuevo.\" \/>\n<meta property=\"og:url\" content=\"http:\/\/www.reconoce.mx\/?p=79529\" \/>\n<meta property=\"og:site_name\" content=\"Reconoce MX\" \/>\n<meta property=\"article:publisher\" content=\"https:\/\/es-la.facebook.com\/ReconoceMX\/\" \/>\n<meta property=\"article:published_time\" content=\"2018-12-31T06:01:58+00:00\" \/>\n<meta property=\"article:modified_time\" content=\"2018-12-31T18:56:48+00:00\" \/>\n<meta property=\"og:image\" content=\"http:\/\/www.reconoce.mx\/wp-content\/uploads\/2018\/12\/reportaje-cover.jpg\" \/>\n\t<meta property=\"og:image:width\" content=\"590\" \/>\n\t<meta property=\"og:image:height\" content=\"380\" \/>\n\t<meta property=\"og:image:type\" content=\"image\/jpeg\" \/>\n<meta name=\"author\" content=\"Reconoce MX\" \/>\n<meta name=\"twitter:card\" content=\"summary_large_image\" \/>\n<meta name=\"twitter:creator\" content=\"@reconocemx\" \/>\n<meta name=\"twitter:site\" content=\"@reconocemx\" \/>\n<meta name=\"twitter:label1\" content=\"Escrito por\" \/>\n\t<meta name=\"twitter:data1\" content=\"Reconoce MX\" \/>\n\t<meta name=\"twitter:label2\" content=\"Tiempo de lectura\" \/>\n\t<meta name=\"twitter:data2\" content=\"5 minutos\" \/>\n<script type=\"application\/ld+json\" class=\"yoast-schema-graph\">{\"@context\":\"https:\/\/schema.org\",\"@graph\":[{\"@type\":\"Article\",\"@id\":\"http:\/\/www.reconoce.mx\/?p=79529#article\",\"isPartOf\":{\"@id\":\"http:\/\/www.reconoce.mx\/?p=79529\"},\"author\":{\"name\":\"Reconoce MX\",\"@id\":\"http:\/\/www.reconoce.mx\/#\/schema\/person\/2117e997d7051dc15d6880eaf9bca0b2\"},\"headline\":\"\u00abReportaje\u00bb: un homenaje a quienes trabajan la noche de A\u00f1o Viejo\",\"datePublished\":\"2018-12-31T06:01:58+00:00\",\"dateModified\":\"2018-12-31T18:56:48+00:00\",\"mainEntityOfPage\":{\"@id\":\"http:\/\/www.reconoce.mx\/?p=79529\"},\"wordCount\":1056,\"commentCount\":0,\"publisher\":{\"@id\":\"http:\/\/www.reconoce.mx\/#organization\"},\"image\":{\"@id\":\"http:\/\/www.reconoce.mx\/?p=79529#primaryimage\"},\"thumbnailUrl\":\"http:\/\/www.reconoce.mx\/wp-content\/uploads\/2018\/12\/reportaje-cover.jpg\",\"articleSection\":[\"Columnistas\",\"La ballesta de Mascatabaco\",\"Principal\"],\"inLanguage\":\"es\",\"potentialAction\":[{\"@type\":\"CommentAction\",\"name\":\"Comment\",\"target\":[\"http:\/\/www.reconoce.mx\/?p=79529#respond\"]}]},{\"@type\":\"WebPage\",\"@id\":\"http:\/\/www.reconoce.mx\/?p=79529\",\"url\":\"http:\/\/www.reconoce.mx\/?p=79529\",\"name\":\"\\\"Reportaje\\\": un homenaje a quienes trabajan la noche de A\u00f1o Viejo &#171; Reconoce MX\",\"isPartOf\":{\"@id\":\"http:\/\/www.reconoce.mx\/#website\"},\"primaryImageOfPage\":{\"@id\":\"http:\/\/www.reconoce.mx\/?p=79529#primaryimage\"},\"image\":{\"@id\":\"http:\/\/www.reconoce.mx\/?p=79529#primaryimage\"},\"thumbnailUrl\":\"http:\/\/www.reconoce.mx\/wp-content\/uploads\/2018\/12\/reportaje-cover.jpg\",\"datePublished\":\"2018-12-31T06:01:58+00:00\",\"dateModified\":\"2018-12-31T18:56:48+00:00\",\"breadcrumb\":{\"@id\":\"http:\/\/www.reconoce.mx\/?p=79529#breadcrumb\"},\"inLanguage\":\"es\",\"potentialAction\":[{\"@type\":\"ReadAction\",\"target\":[\"http:\/\/www.reconoce.mx\/?p=79529\"]}]},{\"@type\":\"ImageObject\",\"inLanguage\":\"es\",\"@id\":\"http:\/\/www.reconoce.mx\/?p=79529#primaryimage\",\"url\":\"http:\/\/www.reconoce.mx\/wp-content\/uploads\/2018\/12\/reportaje-cover.jpg\",\"contentUrl\":\"http:\/\/www.reconoce.mx\/wp-content\/uploads\/2018\/12\/reportaje-cover.jpg\",\"width\":590,\"height\":380},{\"@type\":\"BreadcrumbList\",\"@id\":\"http:\/\/www.reconoce.mx\/?p=79529#breadcrumb\",\"itemListElement\":[{\"@type\":\"ListItem\",\"position\":1,\"name\":\"Portada\",\"item\":\"http:\/\/www.reconoce.mx\/\"},{\"@type\":\"ListItem\",\"position\":2,\"name\":\"\u00abReportaje\u00bb: un homenaje a quienes trabajan la noche de A\u00f1o Viejo\"}]},{\"@type\":\"WebSite\",\"@id\":\"http:\/\/www.reconoce.mx\/#website\",\"url\":\"http:\/\/www.reconoce.mx\/\",\"name\":\"Reconoce MX\",\"description\":\"En Reconoce MX difundimos arte, cultura y conciencia social en M\u00e9xico. Tu ciudad en otra perspectiva.\",\"publisher\":{\"@id\":\"http:\/\/www.reconoce.mx\/#organization\"},\"potentialAction\":[{\"@type\":\"SearchAction\",\"target\":{\"@type\":\"EntryPoint\",\"urlTemplate\":\"http:\/\/www.reconoce.mx\/?s={search_term_string}\"},\"query-input\":{\"@type\":\"PropertyValueSpecification\",\"valueRequired\":true,\"valueName\":\"search_term_string\"}}],\"inLanguage\":\"es\"},{\"@type\":\"Organization\",\"@id\":\"http:\/\/www.reconoce.mx\/#organization\",\"name\":\"Reconoce MX\",\"url\":\"http:\/\/www.reconoce.mx\/\",\"logo\":{\"@type\":\"ImageObject\",\"inLanguage\":\"es\",\"@id\":\"http:\/\/www.reconoce.mx\/#\/schema\/logo\/image\/\",\"url\":\"https:\/\/www.reconoce.mx\/wp-content\/uploads\/2019\/03\/logorcmx-good-1.png\",\"contentUrl\":\"https:\/\/www.reconoce.mx\/wp-content\/uploads\/2019\/03\/logorcmx-good-1.png\",\"width\":280,\"height\":90,\"caption\":\"Reconoce MX\"},\"image\":{\"@id\":\"http:\/\/www.reconoce.mx\/#\/schema\/logo\/image\/\"},\"sameAs\":[\"https:\/\/es-la.facebook.com\/ReconoceMX\/\",\"https:\/\/x.com\/reconocemx\",\"http:\/\/@reconocemx\"]},{\"@type\":\"Person\",\"@id\":\"http:\/\/www.reconoce.mx\/#\/schema\/person\/2117e997d7051dc15d6880eaf9bca0b2\",\"name\":\"Reconoce MX\",\"image\":{\"@type\":\"ImageObject\",\"inLanguage\":\"es\",\"@id\":\"http:\/\/www.reconoce.mx\/#\/schema\/person\/image\/\",\"url\":\"https:\/\/secure.gravatar.com\/avatar\/6c8d4dc7569ca1c90c5fdcc349f839d5ddef6fe1e70b4337ead2ef1a4c43fc3a?s=96&d=identicon&r=g\",\"contentUrl\":\"https:\/\/secure.gravatar.com\/avatar\/6c8d4dc7569ca1c90c5fdcc349f839d5ddef6fe1e70b4337ead2ef1a4c43fc3a?s=96&d=identicon&r=g\",\"caption\":\"Reconoce MX\"},\"description\":\"Reconoce MX es un proyecto de difusi\u00f3n art\u00edstica, cultural y de conciencia social que est\u00e1 enfocado a difundir y fomentar el entretenimiento alternativo de calidad para todo el p\u00fablico que comparta el mismo entusiasmo.\",\"sameAs\":[\"http:\/\/www.reconoce.mx\"],\"url\":\"http:\/\/www.reconoce.mx\/?author=2\"}]}<\/script>\n<!-- \/ Yoast SEO plugin. -->","yoast_head_json":{"title":"\"Reportaje\": un homenaje a quienes trabajan la noche de A\u00f1o Viejo &#171; Reconoce MX","robots":{"index":"index","follow":"follow","max-snippet":"max-snippet:-1","max-image-preview":"max-image-preview:large","max-video-preview":"max-video-preview:-1"},"canonical":"http:\/\/www.reconoce.mx\/?p=79529","og_locale":"es_ES","og_type":"article","og_title":"\"Reportaje\": un homenaje a quienes trabajan la noche de A\u00f1o Viejo &#171; Reconoce MX","og_description":"\u00daltimo d\u00eda de 2018 y \u00faltima columna semanal de este a\u00f1o en donde me da gusto compartirles una pel\u00edcula mexicana m\u00e1s que disfrut\u00e9 hace unos d\u00edas con motivo de las fiestas de A\u00f1o Nuevo.","og_url":"http:\/\/www.reconoce.mx\/?p=79529","og_site_name":"Reconoce MX","article_publisher":"https:\/\/es-la.facebook.com\/ReconoceMX\/","article_published_time":"2018-12-31T06:01:58+00:00","article_modified_time":"2018-12-31T18:56:48+00:00","og_image":[{"width":590,"height":380,"url":"http:\/\/www.reconoce.mx\/wp-content\/uploads\/2018\/12\/reportaje-cover.jpg","type":"image\/jpeg"}],"author":"Reconoce MX","twitter_card":"summary_large_image","twitter_creator":"@reconocemx","twitter_site":"@reconocemx","twitter_misc":{"Escrito por":"Reconoce MX","Tiempo de lectura":"5 minutos"},"schema":{"@context":"https:\/\/schema.org","@graph":[{"@type":"Article","@id":"http:\/\/www.reconoce.mx\/?p=79529#article","isPartOf":{"@id":"http:\/\/www.reconoce.mx\/?p=79529"},"author":{"name":"Reconoce MX","@id":"http:\/\/www.reconoce.mx\/#\/schema\/person\/2117e997d7051dc15d6880eaf9bca0b2"},"headline":"\u00abReportaje\u00bb: un homenaje a quienes trabajan la noche de A\u00f1o Viejo","datePublished":"2018-12-31T06:01:58+00:00","dateModified":"2018-12-31T18:56:48+00:00","mainEntityOfPage":{"@id":"http:\/\/www.reconoce.mx\/?p=79529"},"wordCount":1056,"commentCount":0,"publisher":{"@id":"http:\/\/www.reconoce.mx\/#organization"},"image":{"@id":"http:\/\/www.reconoce.mx\/?p=79529#primaryimage"},"thumbnailUrl":"http:\/\/www.reconoce.mx\/wp-content\/uploads\/2018\/12\/reportaje-cover.jpg","articleSection":["Columnistas","La ballesta de Mascatabaco","Principal"],"inLanguage":"es","potentialAction":[{"@type":"CommentAction","name":"Comment","target":["http:\/\/www.reconoce.mx\/?p=79529#respond"]}]},{"@type":"WebPage","@id":"http:\/\/www.reconoce.mx\/?p=79529","url":"http:\/\/www.reconoce.mx\/?p=79529","name":"\"Reportaje\": un homenaje a quienes trabajan la noche de A\u00f1o Viejo &#171; Reconoce MX","isPartOf":{"@id":"http:\/\/www.reconoce.mx\/#website"},"primaryImageOfPage":{"@id":"http:\/\/www.reconoce.mx\/?p=79529#primaryimage"},"image":{"@id":"http:\/\/www.reconoce.mx\/?p=79529#primaryimage"},"thumbnailUrl":"http:\/\/www.reconoce.mx\/wp-content\/uploads\/2018\/12\/reportaje-cover.jpg","datePublished":"2018-12-31T06:01:58+00:00","dateModified":"2018-12-31T18:56:48+00:00","breadcrumb":{"@id":"http:\/\/www.reconoce.mx\/?p=79529#breadcrumb"},"inLanguage":"es","potentialAction":[{"@type":"ReadAction","target":["http:\/\/www.reconoce.mx\/?p=79529"]}]},{"@type":"ImageObject","inLanguage":"es","@id":"http:\/\/www.reconoce.mx\/?p=79529#primaryimage","url":"http:\/\/www.reconoce.mx\/wp-content\/uploads\/2018\/12\/reportaje-cover.jpg","contentUrl":"http:\/\/www.reconoce.mx\/wp-content\/uploads\/2018\/12\/reportaje-cover.jpg","width":590,"height":380},{"@type":"BreadcrumbList","@id":"http:\/\/www.reconoce.mx\/?p=79529#breadcrumb","itemListElement":[{"@type":"ListItem","position":1,"name":"Portada","item":"http:\/\/www.reconoce.mx\/"},{"@type":"ListItem","position":2,"name":"\u00abReportaje\u00bb: un homenaje a quienes trabajan la noche de A\u00f1o Viejo"}]},{"@type":"WebSite","@id":"http:\/\/www.reconoce.mx\/#website","url":"http:\/\/www.reconoce.mx\/","name":"Reconoce MX","description":"En Reconoce MX difundimos arte, cultura y conciencia social en M\u00e9xico. Tu ciudad en otra perspectiva.","publisher":{"@id":"http:\/\/www.reconoce.mx\/#organization"},"potentialAction":[{"@type":"SearchAction","target":{"@type":"EntryPoint","urlTemplate":"http:\/\/www.reconoce.mx\/?s={search_term_string}"},"query-input":{"@type":"PropertyValueSpecification","valueRequired":true,"valueName":"search_term_string"}}],"inLanguage":"es"},{"@type":"Organization","@id":"http:\/\/www.reconoce.mx\/#organization","name":"Reconoce MX","url":"http:\/\/www.reconoce.mx\/","logo":{"@type":"ImageObject","inLanguage":"es","@id":"http:\/\/www.reconoce.mx\/#\/schema\/logo\/image\/","url":"https:\/\/www.reconoce.mx\/wp-content\/uploads\/2019\/03\/logorcmx-good-1.png","contentUrl":"https:\/\/www.reconoce.mx\/wp-content\/uploads\/2019\/03\/logorcmx-good-1.png","width":280,"height":90,"caption":"Reconoce MX"},"image":{"@id":"http:\/\/www.reconoce.mx\/#\/schema\/logo\/image\/"},"sameAs":["https:\/\/es-la.facebook.com\/ReconoceMX\/","https:\/\/x.com\/reconocemx","http:\/\/@reconocemx"]},{"@type":"Person","@id":"http:\/\/www.reconoce.mx\/#\/schema\/person\/2117e997d7051dc15d6880eaf9bca0b2","name":"Reconoce MX","image":{"@type":"ImageObject","inLanguage":"es","@id":"http:\/\/www.reconoce.mx\/#\/schema\/person\/image\/","url":"https:\/\/secure.gravatar.com\/avatar\/6c8d4dc7569ca1c90c5fdcc349f839d5ddef6fe1e70b4337ead2ef1a4c43fc3a?s=96&d=identicon&r=g","contentUrl":"https:\/\/secure.gravatar.com\/avatar\/6c8d4dc7569ca1c90c5fdcc349f839d5ddef6fe1e70b4337ead2ef1a4c43fc3a?s=96&d=identicon&r=g","caption":"Reconoce MX"},"description":"Reconoce MX es un proyecto de difusi\u00f3n art\u00edstica, cultural y de conciencia social que est\u00e1 enfocado a difundir y fomentar el entretenimiento alternativo de calidad para todo el p\u00fablico que comparta el mismo entusiasmo.","sameAs":["http:\/\/www.reconoce.mx"],"url":"http:\/\/www.reconoce.mx\/?author=2"}]}},"_links":{"self":[{"href":"http:\/\/www.reconoce.mx\/index.php?rest_route=\/wp\/v2\/posts\/79529","targetHints":{"allow":["GET"]}}],"collection":[{"href":"http:\/\/www.reconoce.mx\/index.php?rest_route=\/wp\/v2\/posts"}],"about":[{"href":"http:\/\/www.reconoce.mx\/index.php?rest_route=\/wp\/v2\/types\/post"}],"author":[{"embeddable":true,"href":"http:\/\/www.reconoce.mx\/index.php?rest_route=\/wp\/v2\/users\/2"}],"replies":[{"embeddable":true,"href":"http:\/\/www.reconoce.mx\/index.php?rest_route=%2Fwp%2Fv2%2Fcomments&post=79529"}],"version-history":[{"count":4,"href":"http:\/\/www.reconoce.mx\/index.php?rest_route=\/wp\/v2\/posts\/79529\/revisions"}],"predecessor-version":[{"id":79537,"href":"http:\/\/www.reconoce.mx\/index.php?rest_route=\/wp\/v2\/posts\/79529\/revisions\/79537"}],"wp:featuredmedia":[{"embeddable":true,"href":"http:\/\/www.reconoce.mx\/index.php?rest_route=\/wp\/v2\/media\/79535"}],"wp:attachment":[{"href":"http:\/\/www.reconoce.mx\/index.php?rest_route=%2Fwp%2Fv2%2Fmedia&parent=79529"}],"wp:term":[{"taxonomy":"category","embeddable":true,"href":"http:\/\/www.reconoce.mx\/index.php?rest_route=%2Fwp%2Fv2%2Fcategories&post=79529"},{"taxonomy":"post_tag","embeddable":true,"href":"http:\/\/www.reconoce.mx\/index.php?rest_route=%2Fwp%2Fv2%2Ftags&post=79529"}],"curies":[{"name":"wp","href":"https:\/\/api.w.org\/{rel}","templated":true}]}}