{"id":81950,"date":"2019-03-20T00:05:44","date_gmt":"2019-03-20T06:05:44","guid":{"rendered":"http:\/\/www.reconoce.mx\/?p=81950"},"modified":"2019-03-20T08:03:39","modified_gmt":"2019-03-20T14:03:39","slug":"el-pozo-de-valgur","status":"publish","type":"post","link":"http:\/\/www.reconoce.mx\/?p=81950","title":{"rendered":"&#8216;El pozo&#8217;, de Valgur"},"content":{"rendered":"<p><a href=\"http:\/\/www.reconoce.mx\/category\/cultura\/musica\/video-de-la-semana\/\"><img loading=\"lazy\" decoding=\"async\" class=\"aligncenter size-full wp-image-38360\" src=\"http:\/\/www.reconoce.mx\/wp-content\/uploads\/2015\/06\/videodelasemana.png\" alt=\"Martes\" width=\"550\" height=\"70\" \/><\/a><strong><br \/>\nPor <a title=\"@AsfaltosTweets\" href=\"http:\/\/twitter.com\/AsfaltosTweets\" target=\"_blank\" rel=\"noopener\">Asfaltos<\/a><\/strong>.<\/p>\n<p>Uno de los proyectos nacionales que personalmente m\u00e1s me gustan en la actualidad, es sin duda el encabezado por los <strong>Valgur<\/strong>. Elizabeth y Hugo Valdivieso, junto con Julio S\u00e1nchez, son un tr\u00edo de m\u00fasicos j\u00f3venes que se est\u00e1n reinventando e insertando con voz propia en una escena musical donde a veces faltan contenidos&#8230; El pa\u00eds, la situaci\u00f3n en la que nos encontramos atrapados, ha guiado a los m\u00fasicos a usar su arte para llamar la atenci\u00f3n sobre problemas que a ellos les ocupan.<\/p>\n<style>.embed-container { position: relative; padding-bottom: 56.25%; height: 0; overflow: hidden; max-width: 100%; } .embed-container iframe, .embed-container object, .embed-container embed { position: absolute; top: 0; left: 0; width: 100%; height: 100%; }<\/style>\n<div class=\"embed-container\"><iframe src=\"https:\/\/www.youtube.com\/embed\/CBUUaBbLALI\" frameborder=\"0\" allowfullscreen=\"allowfullscreen\"><\/iframe><\/div>\n<p>&nbsp;<\/p>\n<p>Insertado en su m\u00e1s reciente material \u00abZapand\u00fa\u00bb, \u00abEl pozo\u00bb es el tercer sencillo que <strong>Valgur<\/strong> han lanzado con motivo de la promoci\u00f3n de su m\u00fasica. El tema, <a href=\"http:\/\/www.reconoce.mx\/5rolasparalasemana-del-18-al-24-de-marzo-de-2019\/\" target=\"_blank\" rel=\"noopener\">del que les platiqu\u00e9 en las m\u00e1s recientes #5RolasParaLaSemana<\/a>, sirve como denuncia de la extrema violencia que se vive en M\u00e9xico. Basta recordar, para ir hilando todo de una vez, que recientemente 4 localidades de nuestro pa\u00eds fueron incluidas en el <a href=\"http:\/\/www.reconoce.mx\/las-ciudades-mas-peligrosas-del-mundo-son-mexicanas\/\" target=\"_blank\" rel=\"noopener\">Top 5 de las ciudades m\u00e1s peligrosas del mundo del <strong>Consejo Ciudadano para la Seguridad P\u00fablica y la Justicia Penal<\/strong><\/a>.<\/p>\n<p>Filmado en Juchit\u00e1n, Oaxaca, bajo la direcci\u00f3n de <strong>C\u00e9sar Ortiz<\/strong>, el videoclip de \u00abEl pozo\u00bb cumple con el objetivo de acompa\u00f1ar a la canci\u00f3n de manera muy puntual. Si ya de por s\u00ed el tema musical parece un tanto asfixiante por la dura realidad en la que nos introduce; con un cuidado muy especial con la c\u00e1mara, eligiendo qu\u00e9 nos deja y qu\u00e9 no ver, C\u00e9sar suma de gran manera su propia visi\u00f3n a lo que Elizabeth ya hab\u00eda delineado en un principio con su m\u00fasica.<\/p>\n<p>Observamos, en distintos planos, la figura de un hombre perseguido por un crimen que cometi\u00f3, al tiempo que observamos tambi\u00e9n el deambular en las calles de Juchit\u00e1n de su joven v\u00edctima; una mujer que fue atacada con un machete para posteriormente ser aventada a un pozo: \u00abEl pozo\u00bb. Entre claroscuros, como parte de la pesadilla del victimario pero tambi\u00e9n de la v\u00edctima, as\u00ed como de la familia de \u00e9sta y de toda una regi\u00f3n afectada por la violencia, vemos al Diablo y tambi\u00e9n a los m\u00fasicos de <strong>Valgur<\/strong>.<\/p>\n<p>Como parte de la m\u00fasica escuchamos los relatos sonoros del doloroso devenir de muchos otros lugares en nuestro pa\u00eds; sitios donde las v\u00edctimas deambulan silenciosas sin poder encontrar nunca el descanso. Persiguiendo, quiz\u00e1 a sus victimarios; esa joven adolescente que corre busca tambi\u00e9n justicia, una justicia que le ha dejado enterrada como a muchas m\u00e1s en el pozo del olvido: \u00abEl pozo\u00bb.<\/p>\n<p>Muy emocionante viene siendo este momento de <strong>Valgur<\/strong>, de quienes prometo, con tiempo, escribir una rese\u00f1a m\u00e1s completa de su \u00abZapand\u00fa\u00bb que ustedes mismos pueden escuchar ya. De momento no dejen de compartir por ac\u00e1 qu\u00e9 les pareci\u00f3 \u00e9ste nuestro <a href=\"http:\/\/www.reconoce.mx\/category\/cultura\/musica\/video-de-la-semana\/\" target=\"_blank\" rel=\"noopener\">Video de la semana<\/a>. \u00a1Videazo y temazo! \u00bfA poco no?<\/p>\n<p>&nbsp;<\/p>\n<p>&nbsp;<\/p>\n","protected":false},"excerpt":{"rendered":"<p>Uno de los proyectos nacionales que personalmente m\u00e1s me gustan en la actualidad, es sin duda el encabezado por los oaxaque\u00f1os de Valgur. <\/p>\n","protected":false},"author":2,"featured_media":81956,"comment_status":"open","ping_status":"open","sticky":false,"template":"","format":"standard","meta":{"footnotes":""},"categories":[1,18,17,2575],"tags":[],"class_list":["post-81950","post","type-post","status-publish","format-standard","has-post-thumbnail","hentry","category-cultura","category-musica","category-principal","category-video-de-la-semana"],"yoast_head":"<!-- This site is optimized with the Yoast SEO plugin v24.7 - https:\/\/yoast.com\/wordpress\/plugins\/seo\/ -->\n<title>&#039;El pozo&#039;, de Valgur &#171; Reconoce MX<\/title>\n<meta name=\"robots\" content=\"index, follow, max-snippet:-1, max-image-preview:large, max-video-preview:-1\" \/>\n<link rel=\"canonical\" href=\"https:\/\/www.reconoce.mx\/?p=81950\" \/>\n<meta property=\"og:locale\" content=\"es_ES\" \/>\n<meta property=\"og:type\" content=\"article\" \/>\n<meta property=\"og:title\" content=\"&#039;El pozo&#039;, de Valgur &#171; Reconoce MX\" \/>\n<meta property=\"og:description\" content=\"Uno de los proyectos nacionales que personalmente m\u00e1s me gustan en la actualidad, es sin duda el encabezado por los oaxaque\u00f1os de Valgur.\" \/>\n<meta property=\"og:url\" content=\"https:\/\/www.reconoce.mx\/?p=81950\" \/>\n<meta property=\"og:site_name\" content=\"Reconoce MX\" \/>\n<meta property=\"article:publisher\" content=\"https:\/\/es-la.facebook.com\/ReconoceMX\/\" \/>\n<meta property=\"article:published_time\" content=\"2019-03-20T06:05:44+00:00\" \/>\n<meta property=\"article:modified_time\" content=\"2019-03-20T14:03:39+00:00\" \/>\n<meta property=\"og:image\" content=\"https:\/\/www.reconoce.mx\/wp-content\/uploads\/2019\/03\/valgur-cover.jpg\" \/>\n\t<meta property=\"og:image:width\" content=\"590\" \/>\n\t<meta property=\"og:image:height\" content=\"380\" \/>\n\t<meta property=\"og:image:type\" content=\"image\/jpeg\" \/>\n<meta name=\"author\" content=\"Reconoce MX\" \/>\n<meta name=\"twitter:card\" content=\"summary_large_image\" \/>\n<meta name=\"twitter:creator\" content=\"@reconocemx\" \/>\n<meta name=\"twitter:site\" content=\"@reconocemx\" \/>\n<meta name=\"twitter:label1\" content=\"Escrito por\" \/>\n\t<meta name=\"twitter:data1\" content=\"Reconoce MX\" \/>\n\t<meta name=\"twitter:label2\" content=\"Tiempo de lectura\" \/>\n\t<meta name=\"twitter:data2\" content=\"3 minutos\" \/>\n<script type=\"application\/ld+json\" class=\"yoast-schema-graph\">{\"@context\":\"https:\/\/schema.org\",\"@graph\":[{\"@type\":\"Article\",\"@id\":\"https:\/\/www.reconoce.mx\/?p=81950#article\",\"isPartOf\":{\"@id\":\"https:\/\/www.reconoce.mx\/?p=81950\"},\"author\":{\"name\":\"Reconoce MX\",\"@id\":\"http:\/\/www.reconoce.mx\/#\/schema\/person\/2117e997d7051dc15d6880eaf9bca0b2\"},\"headline\":\"&#8216;El pozo&#8217;, de Valgur\",\"datePublished\":\"2019-03-20T06:05:44+00:00\",\"dateModified\":\"2019-03-20T14:03:39+00:00\",\"mainEntityOfPage\":{\"@id\":\"https:\/\/www.reconoce.mx\/?p=81950\"},\"wordCount\":507,\"commentCount\":0,\"publisher\":{\"@id\":\"http:\/\/www.reconoce.mx\/#organization\"},\"image\":{\"@id\":\"https:\/\/www.reconoce.mx\/?p=81950#primaryimage\"},\"thumbnailUrl\":\"http:\/\/www.reconoce.mx\/wp-content\/uploads\/2019\/03\/valgur-cover.jpg\",\"articleSection\":[\"Cultura\",\"M\u00fasica\",\"Principal\",\"Video de la semana\"],\"inLanguage\":\"es\",\"potentialAction\":[{\"@type\":\"CommentAction\",\"name\":\"Comment\",\"target\":[\"https:\/\/www.reconoce.mx\/?p=81950#respond\"]}]},{\"@type\":\"WebPage\",\"@id\":\"https:\/\/www.reconoce.mx\/?p=81950\",\"url\":\"https:\/\/www.reconoce.mx\/?p=81950\",\"name\":\"'El pozo', de Valgur &#171; Reconoce MX\",\"isPartOf\":{\"@id\":\"http:\/\/www.reconoce.mx\/#website\"},\"primaryImageOfPage\":{\"@id\":\"https:\/\/www.reconoce.mx\/?p=81950#primaryimage\"},\"image\":{\"@id\":\"https:\/\/www.reconoce.mx\/?p=81950#primaryimage\"},\"thumbnailUrl\":\"http:\/\/www.reconoce.mx\/wp-content\/uploads\/2019\/03\/valgur-cover.jpg\",\"datePublished\":\"2019-03-20T06:05:44+00:00\",\"dateModified\":\"2019-03-20T14:03:39+00:00\",\"breadcrumb\":{\"@id\":\"https:\/\/www.reconoce.mx\/?p=81950#breadcrumb\"},\"inLanguage\":\"es\",\"potentialAction\":[{\"@type\":\"ReadAction\",\"target\":[\"https:\/\/www.reconoce.mx\/?p=81950\"]}]},{\"@type\":\"ImageObject\",\"inLanguage\":\"es\",\"@id\":\"https:\/\/www.reconoce.mx\/?p=81950#primaryimage\",\"url\":\"http:\/\/www.reconoce.mx\/wp-content\/uploads\/2019\/03\/valgur-cover.jpg\",\"contentUrl\":\"http:\/\/www.reconoce.mx\/wp-content\/uploads\/2019\/03\/valgur-cover.jpg\",\"width\":590,\"height\":380},{\"@type\":\"BreadcrumbList\",\"@id\":\"https:\/\/www.reconoce.mx\/?p=81950#breadcrumb\",\"itemListElement\":[{\"@type\":\"ListItem\",\"position\":1,\"name\":\"Portada\",\"item\":\"http:\/\/www.reconoce.mx\/\"},{\"@type\":\"ListItem\",\"position\":2,\"name\":\"&#8216;El pozo&#8217;, de Valgur\"}]},{\"@type\":\"WebSite\",\"@id\":\"http:\/\/www.reconoce.mx\/#website\",\"url\":\"http:\/\/www.reconoce.mx\/\",\"name\":\"Reconoce MX\",\"description\":\"En Reconoce MX difundimos arte, cultura y conciencia social en M\u00e9xico. Tu ciudad en otra perspectiva.\",\"publisher\":{\"@id\":\"http:\/\/www.reconoce.mx\/#organization\"},\"potentialAction\":[{\"@type\":\"SearchAction\",\"target\":{\"@type\":\"EntryPoint\",\"urlTemplate\":\"http:\/\/www.reconoce.mx\/?s={search_term_string}\"},\"query-input\":{\"@type\":\"PropertyValueSpecification\",\"valueRequired\":true,\"valueName\":\"search_term_string\"}}],\"inLanguage\":\"es\"},{\"@type\":\"Organization\",\"@id\":\"http:\/\/www.reconoce.mx\/#organization\",\"name\":\"Reconoce MX\",\"url\":\"http:\/\/www.reconoce.mx\/\",\"logo\":{\"@type\":\"ImageObject\",\"inLanguage\":\"es\",\"@id\":\"http:\/\/www.reconoce.mx\/#\/schema\/logo\/image\/\",\"url\":\"https:\/\/www.reconoce.mx\/wp-content\/uploads\/2019\/03\/logorcmx-good-1.png\",\"contentUrl\":\"https:\/\/www.reconoce.mx\/wp-content\/uploads\/2019\/03\/logorcmx-good-1.png\",\"width\":280,\"height\":90,\"caption\":\"Reconoce MX\"},\"image\":{\"@id\":\"http:\/\/www.reconoce.mx\/#\/schema\/logo\/image\/\"},\"sameAs\":[\"https:\/\/es-la.facebook.com\/ReconoceMX\/\",\"https:\/\/x.com\/reconocemx\",\"http:\/\/@reconocemx\"]},{\"@type\":\"Person\",\"@id\":\"http:\/\/www.reconoce.mx\/#\/schema\/person\/2117e997d7051dc15d6880eaf9bca0b2\",\"name\":\"Reconoce MX\",\"image\":{\"@type\":\"ImageObject\",\"inLanguage\":\"es\",\"@id\":\"http:\/\/www.reconoce.mx\/#\/schema\/person\/image\/\",\"url\":\"https:\/\/secure.gravatar.com\/avatar\/6c8d4dc7569ca1c90c5fdcc349f839d5ddef6fe1e70b4337ead2ef1a4c43fc3a?s=96&d=identicon&r=g\",\"contentUrl\":\"https:\/\/secure.gravatar.com\/avatar\/6c8d4dc7569ca1c90c5fdcc349f839d5ddef6fe1e70b4337ead2ef1a4c43fc3a?s=96&d=identicon&r=g\",\"caption\":\"Reconoce MX\"},\"description\":\"Reconoce MX es un proyecto de difusi\u00f3n art\u00edstica, cultural y de conciencia social que est\u00e1 enfocado a difundir y fomentar el entretenimiento alternativo de calidad para todo el p\u00fablico que comparta el mismo entusiasmo.\",\"sameAs\":[\"http:\/\/www.reconoce.mx\"],\"url\":\"http:\/\/www.reconoce.mx\/?author=2\"}]}<\/script>\n<!-- \/ Yoast SEO plugin. -->","yoast_head_json":{"title":"'El pozo', de Valgur &#171; Reconoce MX","robots":{"index":"index","follow":"follow","max-snippet":"max-snippet:-1","max-image-preview":"max-image-preview:large","max-video-preview":"max-video-preview:-1"},"canonical":"https:\/\/www.reconoce.mx\/?p=81950","og_locale":"es_ES","og_type":"article","og_title":"'El pozo', de Valgur &#171; Reconoce MX","og_description":"Uno de los proyectos nacionales que personalmente m\u00e1s me gustan en la actualidad, es sin duda el encabezado por los oaxaque\u00f1os de Valgur.","og_url":"https:\/\/www.reconoce.mx\/?p=81950","og_site_name":"Reconoce MX","article_publisher":"https:\/\/es-la.facebook.com\/ReconoceMX\/","article_published_time":"2019-03-20T06:05:44+00:00","article_modified_time":"2019-03-20T14:03:39+00:00","og_image":[{"width":590,"height":380,"url":"https:\/\/www.reconoce.mx\/wp-content\/uploads\/2019\/03\/valgur-cover.jpg","type":"image\/jpeg"}],"author":"Reconoce MX","twitter_card":"summary_large_image","twitter_creator":"@reconocemx","twitter_site":"@reconocemx","twitter_misc":{"Escrito por":"Reconoce MX","Tiempo de lectura":"3 minutos"},"schema":{"@context":"https:\/\/schema.org","@graph":[{"@type":"Article","@id":"https:\/\/www.reconoce.mx\/?p=81950#article","isPartOf":{"@id":"https:\/\/www.reconoce.mx\/?p=81950"},"author":{"name":"Reconoce MX","@id":"http:\/\/www.reconoce.mx\/#\/schema\/person\/2117e997d7051dc15d6880eaf9bca0b2"},"headline":"&#8216;El pozo&#8217;, de Valgur","datePublished":"2019-03-20T06:05:44+00:00","dateModified":"2019-03-20T14:03:39+00:00","mainEntityOfPage":{"@id":"https:\/\/www.reconoce.mx\/?p=81950"},"wordCount":507,"commentCount":0,"publisher":{"@id":"http:\/\/www.reconoce.mx\/#organization"},"image":{"@id":"https:\/\/www.reconoce.mx\/?p=81950#primaryimage"},"thumbnailUrl":"http:\/\/www.reconoce.mx\/wp-content\/uploads\/2019\/03\/valgur-cover.jpg","articleSection":["Cultura","M\u00fasica","Principal","Video de la semana"],"inLanguage":"es","potentialAction":[{"@type":"CommentAction","name":"Comment","target":["https:\/\/www.reconoce.mx\/?p=81950#respond"]}]},{"@type":"WebPage","@id":"https:\/\/www.reconoce.mx\/?p=81950","url":"https:\/\/www.reconoce.mx\/?p=81950","name":"'El pozo', de Valgur &#171; Reconoce MX","isPartOf":{"@id":"http:\/\/www.reconoce.mx\/#website"},"primaryImageOfPage":{"@id":"https:\/\/www.reconoce.mx\/?p=81950#primaryimage"},"image":{"@id":"https:\/\/www.reconoce.mx\/?p=81950#primaryimage"},"thumbnailUrl":"http:\/\/www.reconoce.mx\/wp-content\/uploads\/2019\/03\/valgur-cover.jpg","datePublished":"2019-03-20T06:05:44+00:00","dateModified":"2019-03-20T14:03:39+00:00","breadcrumb":{"@id":"https:\/\/www.reconoce.mx\/?p=81950#breadcrumb"},"inLanguage":"es","potentialAction":[{"@type":"ReadAction","target":["https:\/\/www.reconoce.mx\/?p=81950"]}]},{"@type":"ImageObject","inLanguage":"es","@id":"https:\/\/www.reconoce.mx\/?p=81950#primaryimage","url":"http:\/\/www.reconoce.mx\/wp-content\/uploads\/2019\/03\/valgur-cover.jpg","contentUrl":"http:\/\/www.reconoce.mx\/wp-content\/uploads\/2019\/03\/valgur-cover.jpg","width":590,"height":380},{"@type":"BreadcrumbList","@id":"https:\/\/www.reconoce.mx\/?p=81950#breadcrumb","itemListElement":[{"@type":"ListItem","position":1,"name":"Portada","item":"http:\/\/www.reconoce.mx\/"},{"@type":"ListItem","position":2,"name":"&#8216;El pozo&#8217;, de Valgur"}]},{"@type":"WebSite","@id":"http:\/\/www.reconoce.mx\/#website","url":"http:\/\/www.reconoce.mx\/","name":"Reconoce MX","description":"En Reconoce MX difundimos arte, cultura y conciencia social en M\u00e9xico. Tu ciudad en otra perspectiva.","publisher":{"@id":"http:\/\/www.reconoce.mx\/#organization"},"potentialAction":[{"@type":"SearchAction","target":{"@type":"EntryPoint","urlTemplate":"http:\/\/www.reconoce.mx\/?s={search_term_string}"},"query-input":{"@type":"PropertyValueSpecification","valueRequired":true,"valueName":"search_term_string"}}],"inLanguage":"es"},{"@type":"Organization","@id":"http:\/\/www.reconoce.mx\/#organization","name":"Reconoce MX","url":"http:\/\/www.reconoce.mx\/","logo":{"@type":"ImageObject","inLanguage":"es","@id":"http:\/\/www.reconoce.mx\/#\/schema\/logo\/image\/","url":"https:\/\/www.reconoce.mx\/wp-content\/uploads\/2019\/03\/logorcmx-good-1.png","contentUrl":"https:\/\/www.reconoce.mx\/wp-content\/uploads\/2019\/03\/logorcmx-good-1.png","width":280,"height":90,"caption":"Reconoce MX"},"image":{"@id":"http:\/\/www.reconoce.mx\/#\/schema\/logo\/image\/"},"sameAs":["https:\/\/es-la.facebook.com\/ReconoceMX\/","https:\/\/x.com\/reconocemx","http:\/\/@reconocemx"]},{"@type":"Person","@id":"http:\/\/www.reconoce.mx\/#\/schema\/person\/2117e997d7051dc15d6880eaf9bca0b2","name":"Reconoce MX","image":{"@type":"ImageObject","inLanguage":"es","@id":"http:\/\/www.reconoce.mx\/#\/schema\/person\/image\/","url":"https:\/\/secure.gravatar.com\/avatar\/6c8d4dc7569ca1c90c5fdcc349f839d5ddef6fe1e70b4337ead2ef1a4c43fc3a?s=96&d=identicon&r=g","contentUrl":"https:\/\/secure.gravatar.com\/avatar\/6c8d4dc7569ca1c90c5fdcc349f839d5ddef6fe1e70b4337ead2ef1a4c43fc3a?s=96&d=identicon&r=g","caption":"Reconoce MX"},"description":"Reconoce MX es un proyecto de difusi\u00f3n art\u00edstica, cultural y de conciencia social que est\u00e1 enfocado a difundir y fomentar el entretenimiento alternativo de calidad para todo el p\u00fablico que comparta el mismo entusiasmo.","sameAs":["http:\/\/www.reconoce.mx"],"url":"http:\/\/www.reconoce.mx\/?author=2"}]}},"_links":{"self":[{"href":"http:\/\/www.reconoce.mx\/index.php?rest_route=\/wp\/v2\/posts\/81950","targetHints":{"allow":["GET"]}}],"collection":[{"href":"http:\/\/www.reconoce.mx\/index.php?rest_route=\/wp\/v2\/posts"}],"about":[{"href":"http:\/\/www.reconoce.mx\/index.php?rest_route=\/wp\/v2\/types\/post"}],"author":[{"embeddable":true,"href":"http:\/\/www.reconoce.mx\/index.php?rest_route=\/wp\/v2\/users\/2"}],"replies":[{"embeddable":true,"href":"http:\/\/www.reconoce.mx\/index.php?rest_route=%2Fwp%2Fv2%2Fcomments&post=81950"}],"version-history":[{"count":7,"href":"http:\/\/www.reconoce.mx\/index.php?rest_route=\/wp\/v2\/posts\/81950\/revisions"}],"predecessor-version":[{"id":82063,"href":"http:\/\/www.reconoce.mx\/index.php?rest_route=\/wp\/v2\/posts\/81950\/revisions\/82063"}],"wp:featuredmedia":[{"embeddable":true,"href":"http:\/\/www.reconoce.mx\/index.php?rest_route=\/wp\/v2\/media\/81956"}],"wp:attachment":[{"href":"http:\/\/www.reconoce.mx\/index.php?rest_route=%2Fwp%2Fv2%2Fmedia&parent=81950"}],"wp:term":[{"taxonomy":"category","embeddable":true,"href":"http:\/\/www.reconoce.mx\/index.php?rest_route=%2Fwp%2Fv2%2Fcategories&post=81950"},{"taxonomy":"post_tag","embeddable":true,"href":"http:\/\/www.reconoce.mx\/index.php?rest_route=%2Fwp%2Fv2%2Ftags&post=81950"}],"curies":[{"name":"wp","href":"https:\/\/api.w.org\/{rel}","templated":true}]}}