{"id":82016,"date":"2019-03-20T00:06:08","date_gmt":"2019-03-20T06:06:08","guid":{"rendered":"http:\/\/www.reconoce.mx\/?p=82016"},"modified":"2019-03-20T08:03:06","modified_gmt":"2019-03-20T14:03:06","slug":"la-dualidad-del-cyber-ser","status":"publish","type":"post","link":"http:\/\/www.reconoce.mx\/?p=82016","title":{"rendered":"La dualidad del \u00abcyber\u00bb ser"},"content":{"rendered":"<p><a href=\"http:\/\/www.reconoce.mx\/category\/columnistas\/\"><img loading=\"lazy\" decoding=\"async\" class=\"aligncenter size-full wp-image-40651\" src=\"http:\/\/www.reconoce.mx\/wp-content\/uploads\/2015\/09\/ColumnistaRCMX.png\" alt=\"Columnistainvitado\" width=\"570\" height=\"70\" \/><\/a><\/p>\n<p><strong>Por <a href=\"https:\/\/twitter.com\/SandyMW13\" target=\"_blank\" rel=\"noopener noreferrer\">Sandyluz<\/a><\/strong>.<\/p>\n<p>\u201cLa segunda Celeste\u201d es el cuento medular, incluido en la antolog\u00eda de cuentos \u00abManos de lumbre\u00bb del autor mexiquense <strong>Alberto Chimal<\/strong>. Dicha obra ha sido recientemente publicada, y, como com\u00fan denominador, re\u00fane relatos urbanos de personajes defectuosos, portadores del error o del defecto; en otras palabras, esos sujetos a los que com\u00fanmente denominamos \u201cmanos de est\u00f3mago\u201d, \u201cmanos de diablo\u201d o \u201cmanos de lumbre\u201d, pues descomponen lo que tocan. \u201cLa segunda Celeste\u201d no es la excepci\u00f3n; s\u00f3lo que su peculiaridad radica en que los eventos calamitosos se derivan a partir de su real agon\u00eda y de su transici\u00f3n: de una vida biol\u00f3gica real, a una vida virtual, mediada por el ingrediente tecnol\u00f3gico, lo cual pone a esta historia en la l\u00ednea de la ciencia ficci\u00f3n.<\/p>\n<p><a href=\"http:\/\/www.reconoce.mx\/wp-content\/uploads\/2019\/03\/alberto-chimal-cover.jpg\"><img loading=\"lazy\" decoding=\"async\" class=\"aligncenter size-full wp-image-82019\" src=\"http:\/\/www.reconoce.mx\/wp-content\/uploads\/2019\/03\/alberto-chimal-cover.jpg\" alt=\"\" width=\"590\" height=\"500\" srcset=\"http:\/\/www.reconoce.mx\/wp-content\/uploads\/2019\/03\/alberto-chimal-cover.jpg 590w, http:\/\/www.reconoce.mx\/wp-content\/uploads\/2019\/03\/alberto-chimal-cover-300x254.jpg 300w, http:\/\/www.reconoce.mx\/wp-content\/uploads\/2019\/03\/alberto-chimal-cover-150x127.jpg 150w\" sizes=\"auto, (max-width: 590px) 100vw, 590px\" \/><\/a><\/p>\n<p>Hablando de los aspectos formales del cuento, \u00e9ste es ampliamente recomendable, porque muestra la complejidad de tres personajes interactuando, alrededor de un tri\u00e1ngulo, primero laborioso, y luego amoroso. Para este fin, los di\u00e1logos con nivel coloquial de la lengua, son pieza clave para evidenciar la personalidad de cada quien; asimismo, su forma de relacionarse con el otro; de este detalle de hechura se derivan delicias de vocabulario, cuando vemos con qu\u00e9 palabras expresa su habla uno u otro personaje. Por otro lado, como mencion\u00e9 l\u00edneas arriba, el cuento deja de ser un mero drama con peripecias realistas, para trazar un linde hacia la ciencia ficci\u00f3n, cuando se debate la posibilidad de traer de la muerte el alma, y en s\u00ed, la esencia de una Celeste condenada a muerte, debido a un c\u00e1ncer fulminante.<\/p>\n<p>M\u00e1s all\u00e1, la trama arranca con la ag\u00f3nica relaci\u00f3n de pareja de Mariano y Celeste, quienes antes del c\u00e1ncer de ella, ten\u00edan una relaci\u00f3n bastante arm\u00f3nica y amigable. La cosa es que Celeste puede \u201cregresar\u201d de la muerte, siempre y cuando acepte ser el conejillo de indias de un nuevo experimento cient\u00edfico, con el cual todos sus recuerdos, memorias e informaciones quedar\u00e1n capturados en una computadora, la cual derivar\u00e1 una nueva versi\u00f3n de Celeste, a partir de un algoritmo. Todo suena estupendo, sobretodo el asunto de la posible inmortalidad de Celeste; sin embargo, Celeste perder\u00e1 el aspecto humano de su corporeidad; tambi\u00e9n queda la duda \u2013pues se trata de un ejercicio cient\u00edfico experimental\u2013 de qu\u00e9 repercusiones se derivar\u00e1n de esta nueva forma de vida. A pesar de que todo est\u00e1 previsto, nadie sospecha que el nuevo entendimiento de la segunda Celeste, s\u00ed, la virtual, la pueda llevar a decidir por cuenta propia y a adquirir nuevos gustos y habilidades, a partir de la informaci\u00f3n que le fue insertada de inicio. El cuento guarda una revelaci\u00f3n epif\u00e1nica, en el cl\u00edmax, a partir de esta noci\u00f3n. \u00bfEl desenlace? Realmente impactante. Lo \u00fanico que puedo decirles es que nadie sabe las consecuencias de haber lanzado inocentemente una piedra en el estanque.<\/p>\n<p>\u00bfY por qu\u00e9 les recomendar\u00eda yo leer este cuento (y en general toda la antolog\u00eda \u00abManos de lumbre\u00bb)? Para empezar tiene un estilo narrativo muy apto para p\u00fablicos juveniles, sin abandonar la calidad estil\u00edstica del nivel literario de la lengua: siempre guarda la agudeza del di\u00e1logo o de la frase, en donde destaca alguna figura literaria, que realza lo expresado por el narrador o por los personajes. Por otro lado, el tema es por dem\u00e1s interesante y bien desarrollado, a partir de una estructura narrativa cohesiva y sin cabos sueltos: plantea un conflicto, que es detonante inicial de la historia, para derivar luego peripecias que hacen surgir subtramas, hasta llegar al cl\u00edmax tens\u00edsimo que envuelve un dilema \u00e9tico, tan c\u00f3modo en la ciencia ficcion (y es que no olvidemos que su autor, adem\u00e1s de escritor es ingeniero en sistemas computaciones; luego, supo resolver muy bien esta trama que contiene bifurcaciones tecnol\u00f3gicas). Por otro lado, el que los personajes sean tan humanos, realmente hace que nos metamos en el cuento, para querer saber qu\u00e9 pasar\u00e1 con ellos, luego del c\u00e1ncer de Celeste; el tratamiento de la misi\u00f3n u objetivo de cada uno de ellos es tan sutil como natural, tal y como pasa en la vida diaria con personas reales, haciendo malabares con los obst\u00e1culos que trae consigo su d\u00eda-d\u00eda, su cotidianidad.<\/p>\n<p>Finalmente el estilo del autor no se hace esperar: hay cierta iron\u00eda en el rumbo que toman las cosas, a partir del devenir de las acciones, y a partir de las decisiones que toman los personajes. Finalmente, el lector se entera de que hay una ley de causa-efecto, pero tambi\u00e9n hay situaciones que desde luego escapan de la predictibilidad que prev\u00e9n las mentes humanas, que suelen creerse omnipotentes. En todos los cuentos de la antolog\u00eda (y \u00e9ste no es la excepci\u00f3n) ronda el halo de \u201clo extra\u00f1o\u201d, \u201clo bizarro\u201d y \u201clo inexplicable\u201d, a pesar que todos ellos tratan de personas reales, en contextos citadinos normales \u2013quiz\u00e1s justamente por ello, se logra el fino contraste, cuando el elemento extra\u00f1o y alienante aparece fugazmente, para luego persistir\u2013.<\/p>\n<p>Ya en el trasfondo, el cuento \u00abLa segunda Celeste\u00bb plantea el dilema de que b\u00e1sicamente ser\u00eda imposible derivar una r\u00e9plica id\u00e9ntica del ser, puesto que al tratarse de un doble, o de una copia, ya se est\u00e1 derivando el \u201cotro diferente\u201d, mismo que, al tener otras situaciones de contexto y de ubicaci\u00f3n espacio temporal, terminar\u00eda por cocerse aparte, aun cuando se preve\u00eda que ser\u00eda un clon id\u00e9ntico de su molde gestor. Luego entonces, \u00bfcu\u00e1l Celeste termina siendo la m\u00e1s original? \u00bfAcaso es justo jugarse la muerte, para que la pareja idealizada termine por obrar por cuenta propia, en la b\u00fasqueda de su propia identidad y de su propio destino, m\u00e1s all\u00e1 de la relaci\u00f3n de pareja que ten\u00eda impuesta desde su concepci\u00f3n? \u00bfEs posible que la esencia humana rebase los l\u00edmites de la mente, para quedar perfectamente capturada en el recipiente tecnol\u00f3gico? Y si ese fuera el caso, \u00bfhasta cu\u00e1ndo seguir\u00eda siendo humana esa inteligencia capturada, y hasta cu\u00e1ndo ya no? \u00bfHabr\u00e1 una sola muerte, o en alg\u00fan momento tendremos la posibilidad de trascender en alma, aunque no en cuerpo, a partir de las nuevas tecnolog\u00edas de vanguardia? \u201cLa segunda Celeste\u201d plantea todas esas inc\u00f3gnitas en la mente del lector. \u201cLa segunda Celeste\u201d es un cuento muy nutrido en cuerpo y alma, es decir en forma y contenido, mostrando quiz\u00e1s, algo que ya no es tan asunto futurista o de ciencia ficci\u00f3n: una nueva y refrescante ola de literatura contempor\u00e1nea.<\/p>\n<p style=\"text-align: right;\">Referencias: <strong>Chimal<\/strong>, Alberto. \u00abManos de lumbre\u00bb. M\u00e9xico: P\u00e1ginas de espuma, 2018.<\/p>\n<blockquote><p><a href=\"http:\/\/www.reconoce.mx\/wp-content\/uploads\/2019\/01\/sandyluz-2019-e1547097212238.jpg\" rel=\"lightbox[57492]\"><img loading=\"lazy\" decoding=\"async\" class=\"alignleft size-thumbnail wp-image-39872\" src=\"http:\/\/www.reconoce.mx\/wp-content\/uploads\/2019\/01\/sandyluz-2019-e1547097212238.jpg\" alt=\"IMG_5743\" width=\"150\" height=\"150\" \/><\/a><strong>Sandyluz<\/strong>. \u201cDetr\u00e1s de la pluma\u2026\u201d Egresada del Tecnol\u00f3gico de Monterrey Campus Toluca, de la carrera de Ciencias de la Comunicaci\u00f3n. Complet\u00f3 estudios de Creaci\u00f3n Literaria en la Escuela de Escritores del Estado de M\u00e9xico (SOGEM). Tambi\u00e9n termin\u00f3 una maestr\u00eda en Estudios Human\u00edsticos con especialidad en Literatura, en el Tecnol\u00f3gico de Monterrey. En un plano m\u00e1s relajado, es aficionada a los libros y a la escritura desde corta edad; ha escrito de manera informal cuentos y poes\u00edas; con uno de sus primeros cuentos gan\u00f3 un concurso local del cual obtuvo su primer retribuci\u00f3n econ\u00f3mica y profesional, siendo ello un significativo incentivo para seguir escribiendo. La Literatura ha sido una v\u00e1lvula de escape para no enfermar de realidad. La fantas\u00eda reanima el fulgor de los sue\u00f1os que so\u00f1amos dormidos y que so\u00f1amos despiertos\u2026<\/p><\/blockquote>\n<p>&nbsp;<\/p>\n<p>&nbsp;<\/p>\n","protected":false},"excerpt":{"rendered":"<p>\u201cLa segunda Celeste\u201d es el cuento medular, incluido en la antolog\u00eda de cuentos \u00abManos de lumbre\u00bb del autor mexiquense Alberto Chimal.<\/p>\n","protected":false},"author":2,"featured_media":82020,"comment_status":"open","ping_status":"open","sticky":false,"template":"","format":"standard","meta":{"footnotes":""},"categories":[16,17,2648],"tags":[],"class_list":["post-82016","post","type-post","status-publish","format-standard","has-post-thumbnail","hentry","category-columnistas","category-principal","category-sandyluz"],"yoast_head":"<!-- This site is optimized with the Yoast SEO plugin v24.7 - https:\/\/yoast.com\/wordpress\/plugins\/seo\/ -->\n<title>La dualidad del &quot;cyber&quot; ser &#171; Reconoce MX<\/title>\n<meta name=\"robots\" content=\"index, follow, max-snippet:-1, max-image-preview:large, max-video-preview:-1\" \/>\n<link rel=\"canonical\" href=\"http:\/\/www.reconoce.mx\/?p=82016\" \/>\n<meta property=\"og:locale\" content=\"es_ES\" \/>\n<meta property=\"og:type\" content=\"article\" \/>\n<meta property=\"og:title\" content=\"La dualidad del &quot;cyber&quot; ser &#171; Reconoce MX\" \/>\n<meta property=\"og:description\" content=\"\u201cLa segunda Celeste\u201d es el cuento medular, incluido en la antolog\u00eda de cuentos &quot;Manos de lumbre&quot; del autor mexiquense Alberto Chimal.\" \/>\n<meta property=\"og:url\" content=\"http:\/\/www.reconoce.mx\/?p=82016\" \/>\n<meta property=\"og:site_name\" content=\"Reconoce MX\" \/>\n<meta property=\"article:publisher\" content=\"https:\/\/es-la.facebook.com\/ReconoceMX\/\" \/>\n<meta property=\"article:published_time\" content=\"2019-03-20T06:06:08+00:00\" \/>\n<meta property=\"article:modified_time\" content=\"2019-03-20T14:03:06+00:00\" \/>\n<meta property=\"og:image\" content=\"http:\/\/www.reconoce.mx\/wp-content\/uploads\/2019\/03\/manos-de-lumbre-cover.jpg\" \/>\n\t<meta property=\"og:image:width\" content=\"590\" \/>\n\t<meta property=\"og:image:height\" content=\"380\" \/>\n\t<meta property=\"og:image:type\" content=\"image\/jpeg\" \/>\n<meta name=\"author\" content=\"Reconoce MX\" \/>\n<meta name=\"twitter:card\" content=\"summary_large_image\" \/>\n<meta name=\"twitter:creator\" content=\"@reconocemx\" \/>\n<meta name=\"twitter:site\" content=\"@reconocemx\" \/>\n<meta name=\"twitter:label1\" content=\"Escrito por\" \/>\n\t<meta name=\"twitter:data1\" content=\"Reconoce MX\" \/>\n\t<meta name=\"twitter:label2\" content=\"Tiempo de lectura\" \/>\n\t<meta name=\"twitter:data2\" content=\"7 minutos\" \/>\n<script type=\"application\/ld+json\" class=\"yoast-schema-graph\">{\"@context\":\"https:\/\/schema.org\",\"@graph\":[{\"@type\":\"Article\",\"@id\":\"http:\/\/www.reconoce.mx\/?p=82016#article\",\"isPartOf\":{\"@id\":\"http:\/\/www.reconoce.mx\/?p=82016\"},\"author\":{\"name\":\"Reconoce MX\",\"@id\":\"http:\/\/www.reconoce.mx\/#\/schema\/person\/2117e997d7051dc15d6880eaf9bca0b2\"},\"headline\":\"La dualidad del \u00abcyber\u00bb ser\",\"datePublished\":\"2019-03-20T06:06:08+00:00\",\"dateModified\":\"2019-03-20T14:03:06+00:00\",\"mainEntityOfPage\":{\"@id\":\"http:\/\/www.reconoce.mx\/?p=82016\"},\"wordCount\":1308,\"commentCount\":0,\"publisher\":{\"@id\":\"http:\/\/www.reconoce.mx\/#organization\"},\"image\":{\"@id\":\"http:\/\/www.reconoce.mx\/?p=82016#primaryimage\"},\"thumbnailUrl\":\"http:\/\/www.reconoce.mx\/wp-content\/uploads\/2019\/03\/manos-de-lumbre-cover.jpg\",\"articleSection\":[\"Columnistas\",\"Principal\",\"Sandyluz\"],\"inLanguage\":\"es\",\"potentialAction\":[{\"@type\":\"CommentAction\",\"name\":\"Comment\",\"target\":[\"http:\/\/www.reconoce.mx\/?p=82016#respond\"]}]},{\"@type\":\"WebPage\",\"@id\":\"http:\/\/www.reconoce.mx\/?p=82016\",\"url\":\"http:\/\/www.reconoce.mx\/?p=82016\",\"name\":\"La dualidad del \\\"cyber\\\" ser &#171; Reconoce MX\",\"isPartOf\":{\"@id\":\"http:\/\/www.reconoce.mx\/#website\"},\"primaryImageOfPage\":{\"@id\":\"http:\/\/www.reconoce.mx\/?p=82016#primaryimage\"},\"image\":{\"@id\":\"http:\/\/www.reconoce.mx\/?p=82016#primaryimage\"},\"thumbnailUrl\":\"http:\/\/www.reconoce.mx\/wp-content\/uploads\/2019\/03\/manos-de-lumbre-cover.jpg\",\"datePublished\":\"2019-03-20T06:06:08+00:00\",\"dateModified\":\"2019-03-20T14:03:06+00:00\",\"breadcrumb\":{\"@id\":\"http:\/\/www.reconoce.mx\/?p=82016#breadcrumb\"},\"inLanguage\":\"es\",\"potentialAction\":[{\"@type\":\"ReadAction\",\"target\":[\"http:\/\/www.reconoce.mx\/?p=82016\"]}]},{\"@type\":\"ImageObject\",\"inLanguage\":\"es\",\"@id\":\"http:\/\/www.reconoce.mx\/?p=82016#primaryimage\",\"url\":\"http:\/\/www.reconoce.mx\/wp-content\/uploads\/2019\/03\/manos-de-lumbre-cover.jpg\",\"contentUrl\":\"http:\/\/www.reconoce.mx\/wp-content\/uploads\/2019\/03\/manos-de-lumbre-cover.jpg\",\"width\":590,\"height\":380},{\"@type\":\"BreadcrumbList\",\"@id\":\"http:\/\/www.reconoce.mx\/?p=82016#breadcrumb\",\"itemListElement\":[{\"@type\":\"ListItem\",\"position\":1,\"name\":\"Portada\",\"item\":\"http:\/\/www.reconoce.mx\/\"},{\"@type\":\"ListItem\",\"position\":2,\"name\":\"La dualidad del \u00abcyber\u00bb ser\"}]},{\"@type\":\"WebSite\",\"@id\":\"http:\/\/www.reconoce.mx\/#website\",\"url\":\"http:\/\/www.reconoce.mx\/\",\"name\":\"Reconoce MX\",\"description\":\"En Reconoce MX difundimos arte, cultura y conciencia social en M\u00e9xico. Tu ciudad en otra perspectiva.\",\"publisher\":{\"@id\":\"http:\/\/www.reconoce.mx\/#organization\"},\"potentialAction\":[{\"@type\":\"SearchAction\",\"target\":{\"@type\":\"EntryPoint\",\"urlTemplate\":\"http:\/\/www.reconoce.mx\/?s={search_term_string}\"},\"query-input\":{\"@type\":\"PropertyValueSpecification\",\"valueRequired\":true,\"valueName\":\"search_term_string\"}}],\"inLanguage\":\"es\"},{\"@type\":\"Organization\",\"@id\":\"http:\/\/www.reconoce.mx\/#organization\",\"name\":\"Reconoce MX\",\"url\":\"http:\/\/www.reconoce.mx\/\",\"logo\":{\"@type\":\"ImageObject\",\"inLanguage\":\"es\",\"@id\":\"http:\/\/www.reconoce.mx\/#\/schema\/logo\/image\/\",\"url\":\"https:\/\/www.reconoce.mx\/wp-content\/uploads\/2019\/03\/logorcmx-good-1.png\",\"contentUrl\":\"https:\/\/www.reconoce.mx\/wp-content\/uploads\/2019\/03\/logorcmx-good-1.png\",\"width\":280,\"height\":90,\"caption\":\"Reconoce MX\"},\"image\":{\"@id\":\"http:\/\/www.reconoce.mx\/#\/schema\/logo\/image\/\"},\"sameAs\":[\"https:\/\/es-la.facebook.com\/ReconoceMX\/\",\"https:\/\/x.com\/reconocemx\",\"http:\/\/@reconocemx\"]},{\"@type\":\"Person\",\"@id\":\"http:\/\/www.reconoce.mx\/#\/schema\/person\/2117e997d7051dc15d6880eaf9bca0b2\",\"name\":\"Reconoce MX\",\"image\":{\"@type\":\"ImageObject\",\"inLanguage\":\"es\",\"@id\":\"http:\/\/www.reconoce.mx\/#\/schema\/person\/image\/\",\"url\":\"https:\/\/secure.gravatar.com\/avatar\/6c8d4dc7569ca1c90c5fdcc349f839d5ddef6fe1e70b4337ead2ef1a4c43fc3a?s=96&d=identicon&r=g\",\"contentUrl\":\"https:\/\/secure.gravatar.com\/avatar\/6c8d4dc7569ca1c90c5fdcc349f839d5ddef6fe1e70b4337ead2ef1a4c43fc3a?s=96&d=identicon&r=g\",\"caption\":\"Reconoce MX\"},\"description\":\"Reconoce MX es un proyecto de difusi\u00f3n art\u00edstica, cultural y de conciencia social que est\u00e1 enfocado a difundir y fomentar el entretenimiento alternativo de calidad para todo el p\u00fablico que comparta el mismo entusiasmo.\",\"sameAs\":[\"http:\/\/www.reconoce.mx\"],\"url\":\"http:\/\/www.reconoce.mx\/?author=2\"}]}<\/script>\n<!-- \/ Yoast SEO plugin. -->","yoast_head_json":{"title":"La dualidad del \"cyber\" ser &#171; Reconoce MX","robots":{"index":"index","follow":"follow","max-snippet":"max-snippet:-1","max-image-preview":"max-image-preview:large","max-video-preview":"max-video-preview:-1"},"canonical":"http:\/\/www.reconoce.mx\/?p=82016","og_locale":"es_ES","og_type":"article","og_title":"La dualidad del \"cyber\" ser &#171; Reconoce MX","og_description":"\u201cLa segunda Celeste\u201d es el cuento medular, incluido en la antolog\u00eda de cuentos \"Manos de lumbre\" del autor mexiquense Alberto Chimal.","og_url":"http:\/\/www.reconoce.mx\/?p=82016","og_site_name":"Reconoce MX","article_publisher":"https:\/\/es-la.facebook.com\/ReconoceMX\/","article_published_time":"2019-03-20T06:06:08+00:00","article_modified_time":"2019-03-20T14:03:06+00:00","og_image":[{"width":590,"height":380,"url":"http:\/\/www.reconoce.mx\/wp-content\/uploads\/2019\/03\/manos-de-lumbre-cover.jpg","type":"image\/jpeg"}],"author":"Reconoce MX","twitter_card":"summary_large_image","twitter_creator":"@reconocemx","twitter_site":"@reconocemx","twitter_misc":{"Escrito por":"Reconoce MX","Tiempo de lectura":"7 minutos"},"schema":{"@context":"https:\/\/schema.org","@graph":[{"@type":"Article","@id":"http:\/\/www.reconoce.mx\/?p=82016#article","isPartOf":{"@id":"http:\/\/www.reconoce.mx\/?p=82016"},"author":{"name":"Reconoce MX","@id":"http:\/\/www.reconoce.mx\/#\/schema\/person\/2117e997d7051dc15d6880eaf9bca0b2"},"headline":"La dualidad del \u00abcyber\u00bb ser","datePublished":"2019-03-20T06:06:08+00:00","dateModified":"2019-03-20T14:03:06+00:00","mainEntityOfPage":{"@id":"http:\/\/www.reconoce.mx\/?p=82016"},"wordCount":1308,"commentCount":0,"publisher":{"@id":"http:\/\/www.reconoce.mx\/#organization"},"image":{"@id":"http:\/\/www.reconoce.mx\/?p=82016#primaryimage"},"thumbnailUrl":"http:\/\/www.reconoce.mx\/wp-content\/uploads\/2019\/03\/manos-de-lumbre-cover.jpg","articleSection":["Columnistas","Principal","Sandyluz"],"inLanguage":"es","potentialAction":[{"@type":"CommentAction","name":"Comment","target":["http:\/\/www.reconoce.mx\/?p=82016#respond"]}]},{"@type":"WebPage","@id":"http:\/\/www.reconoce.mx\/?p=82016","url":"http:\/\/www.reconoce.mx\/?p=82016","name":"La dualidad del \"cyber\" ser &#171; Reconoce MX","isPartOf":{"@id":"http:\/\/www.reconoce.mx\/#website"},"primaryImageOfPage":{"@id":"http:\/\/www.reconoce.mx\/?p=82016#primaryimage"},"image":{"@id":"http:\/\/www.reconoce.mx\/?p=82016#primaryimage"},"thumbnailUrl":"http:\/\/www.reconoce.mx\/wp-content\/uploads\/2019\/03\/manos-de-lumbre-cover.jpg","datePublished":"2019-03-20T06:06:08+00:00","dateModified":"2019-03-20T14:03:06+00:00","breadcrumb":{"@id":"http:\/\/www.reconoce.mx\/?p=82016#breadcrumb"},"inLanguage":"es","potentialAction":[{"@type":"ReadAction","target":["http:\/\/www.reconoce.mx\/?p=82016"]}]},{"@type":"ImageObject","inLanguage":"es","@id":"http:\/\/www.reconoce.mx\/?p=82016#primaryimage","url":"http:\/\/www.reconoce.mx\/wp-content\/uploads\/2019\/03\/manos-de-lumbre-cover.jpg","contentUrl":"http:\/\/www.reconoce.mx\/wp-content\/uploads\/2019\/03\/manos-de-lumbre-cover.jpg","width":590,"height":380},{"@type":"BreadcrumbList","@id":"http:\/\/www.reconoce.mx\/?p=82016#breadcrumb","itemListElement":[{"@type":"ListItem","position":1,"name":"Portada","item":"http:\/\/www.reconoce.mx\/"},{"@type":"ListItem","position":2,"name":"La dualidad del \u00abcyber\u00bb ser"}]},{"@type":"WebSite","@id":"http:\/\/www.reconoce.mx\/#website","url":"http:\/\/www.reconoce.mx\/","name":"Reconoce MX","description":"En Reconoce MX difundimos arte, cultura y conciencia social en M\u00e9xico. Tu ciudad en otra perspectiva.","publisher":{"@id":"http:\/\/www.reconoce.mx\/#organization"},"potentialAction":[{"@type":"SearchAction","target":{"@type":"EntryPoint","urlTemplate":"http:\/\/www.reconoce.mx\/?s={search_term_string}"},"query-input":{"@type":"PropertyValueSpecification","valueRequired":true,"valueName":"search_term_string"}}],"inLanguage":"es"},{"@type":"Organization","@id":"http:\/\/www.reconoce.mx\/#organization","name":"Reconoce MX","url":"http:\/\/www.reconoce.mx\/","logo":{"@type":"ImageObject","inLanguage":"es","@id":"http:\/\/www.reconoce.mx\/#\/schema\/logo\/image\/","url":"https:\/\/www.reconoce.mx\/wp-content\/uploads\/2019\/03\/logorcmx-good-1.png","contentUrl":"https:\/\/www.reconoce.mx\/wp-content\/uploads\/2019\/03\/logorcmx-good-1.png","width":280,"height":90,"caption":"Reconoce MX"},"image":{"@id":"http:\/\/www.reconoce.mx\/#\/schema\/logo\/image\/"},"sameAs":["https:\/\/es-la.facebook.com\/ReconoceMX\/","https:\/\/x.com\/reconocemx","http:\/\/@reconocemx"]},{"@type":"Person","@id":"http:\/\/www.reconoce.mx\/#\/schema\/person\/2117e997d7051dc15d6880eaf9bca0b2","name":"Reconoce MX","image":{"@type":"ImageObject","inLanguage":"es","@id":"http:\/\/www.reconoce.mx\/#\/schema\/person\/image\/","url":"https:\/\/secure.gravatar.com\/avatar\/6c8d4dc7569ca1c90c5fdcc349f839d5ddef6fe1e70b4337ead2ef1a4c43fc3a?s=96&d=identicon&r=g","contentUrl":"https:\/\/secure.gravatar.com\/avatar\/6c8d4dc7569ca1c90c5fdcc349f839d5ddef6fe1e70b4337ead2ef1a4c43fc3a?s=96&d=identicon&r=g","caption":"Reconoce MX"},"description":"Reconoce MX es un proyecto de difusi\u00f3n art\u00edstica, cultural y de conciencia social que est\u00e1 enfocado a difundir y fomentar el entretenimiento alternativo de calidad para todo el p\u00fablico que comparta el mismo entusiasmo.","sameAs":["http:\/\/www.reconoce.mx"],"url":"http:\/\/www.reconoce.mx\/?author=2"}]}},"_links":{"self":[{"href":"http:\/\/www.reconoce.mx\/index.php?rest_route=\/wp\/v2\/posts\/82016","targetHints":{"allow":["GET"]}}],"collection":[{"href":"http:\/\/www.reconoce.mx\/index.php?rest_route=\/wp\/v2\/posts"}],"about":[{"href":"http:\/\/www.reconoce.mx\/index.php?rest_route=\/wp\/v2\/types\/post"}],"author":[{"embeddable":true,"href":"http:\/\/www.reconoce.mx\/index.php?rest_route=\/wp\/v2\/users\/2"}],"replies":[{"embeddable":true,"href":"http:\/\/www.reconoce.mx\/index.php?rest_route=%2Fwp%2Fv2%2Fcomments&post=82016"}],"version-history":[{"count":1,"href":"http:\/\/www.reconoce.mx\/index.php?rest_route=\/wp\/v2\/posts\/82016\/revisions"}],"predecessor-version":[{"id":82021,"href":"http:\/\/www.reconoce.mx\/index.php?rest_route=\/wp\/v2\/posts\/82016\/revisions\/82021"}],"wp:featuredmedia":[{"embeddable":true,"href":"http:\/\/www.reconoce.mx\/index.php?rest_route=\/wp\/v2\/media\/82020"}],"wp:attachment":[{"href":"http:\/\/www.reconoce.mx\/index.php?rest_route=%2Fwp%2Fv2%2Fmedia&parent=82016"}],"wp:term":[{"taxonomy":"category","embeddable":true,"href":"http:\/\/www.reconoce.mx\/index.php?rest_route=%2Fwp%2Fv2%2Fcategories&post=82016"},{"taxonomy":"post_tag","embeddable":true,"href":"http:\/\/www.reconoce.mx\/index.php?rest_route=%2Fwp%2Fv2%2Ftags&post=82016"}],"curies":[{"name":"wp","href":"https:\/\/api.w.org\/{rel}","templated":true}]}}