{"id":82114,"date":"2019-03-29T00:05:40","date_gmt":"2019-03-29T06:05:40","guid":{"rendered":"http:\/\/www.reconoce.mx\/?p=82114"},"modified":"2019-03-30T10:40:59","modified_gmt":"2019-03-30T16:40:59","slug":"toro-lanza-nuevo-sencillo-con-la-colaboracion-de-corina-lawrence","status":"publish","type":"post","link":"http:\/\/www.reconoce.mx\/?p=82114","title":{"rendered":"Toro lanza nuevo sencillo con la colaboraci\u00f3n de Corina Lawrence"},"content":{"rendered":"<p><strong>Por <span class=\"st\"><a href=\"https:\/\/twitter.com\/Amauryshow\" target=\"_blank\" rel=\"noopener noreferrer\">Amaury Berdejo Ju\u00e1rez<\/a><\/span><\/strong><strong>.<\/strong><\/p>\n<p>Con un sonido basado en secuencias atmosf\u00e9ricas, un sintetizador siempre presente y el toque de guitarras suaves propio del rock pop, <b>Toro<\/b> nos presenta su nueva producci\u00f3n musical.<\/p>\n<p><iframe title=\"Spotify Embed: Historia Circular\" style=\"border-radius: 12px\" width=\"100%\" height=\"152\" frameborder=\"0\" allowfullscreen allow=\"autoplay; clipboard-write; encrypted-media; fullscreen; picture-in-picture\" loading=\"lazy\" src=\"https:\/\/open.spotify.com\/embed\/track\/6WWapssL7N34JyFg3F0abl?utm_source=oembed\"><\/iframe><\/p>\n<p>Se trata de \u00abHistoria circular\u00bb, nuevo tema de su disco \u00abEl coraz\u00f3n\u00bb, en el que <b>Corina Lawrence<\/b> acompa\u00f1a en la voz a Karlos D\u00edaz (<strong>Toro<\/strong>). Este sencillo se acompa\u00f1ar\u00e1 por un video dirigido por el realizador <strong>Pablo Baz\u00e1n<\/strong>; tambi\u00e9n a cargo del arte gr\u00e1fico de esta etapa. Este tema se suma a los sencillos anteriores \u00abM\u00e1s all\u00e1\u00bb y \u00abFuera\u00bb, este \u00faltimo que cont\u00f3 con la participaci\u00f3n de <strong>Laura Guevara<\/strong>.<\/p>\n<p>De esta manera el m\u00fasico argentino radicado en M\u00e9xico, abre el a\u00f1o, continuando con la presentaci\u00f3n de este trabajo en diferentes escenarios de la capital, as\u00ed como en diferentes plazas de la rep\u00fablica mexicana y alist\u00e1ndose para armar gira europea para septiembre pr\u00f3ximo.<\/p>\n<p>La admiraci\u00f3n por el trabajo de <strong>Corina Lawrence<\/strong> llevaron a Karlos a proponerle esta participaci\u00f3n, que se convirti\u00f3 en la representaci\u00f3n de un cuidadoso trabajo de pop sofisticado que el artista buscaba plasmar en este \u00e1lbum. \u00abPens\u00e9 enseguida que ella ser\u00eda la protagonista perfecta de este <em>m\u00f6bius<\/em>, de esta canci\u00f3n que se vuelve como un mantra\u00bb, dice el m\u00fasico detr\u00e1s de <strong>Toro<\/strong>.<\/p>\n<p>\u00abHistoria circular\u00bb est\u00e1 disponible en las diferentes plataformas digitales junto con un video <em>live session<\/em> que acompa\u00f1a a este tercer sencillo.<\/p>\n<p>\u00a1Te gust\u00f3 la canci\u00f3n? Disfr\u00fatala junto con m\u00e1s m\u00fasica de <strong>Toro <\/strong>en vivo el jueves 25 de abril en <strong>El Barbiqui\u00fa<\/strong> (Tres Cruces 54, Coyoac\u00e1n, Distrito Federal, M\u00e9xico). Entrada libre, 20:00 horas.<\/p>\n<p>&nbsp;<\/p>\n<p>&nbsp;<\/p>\n","protected":false},"excerpt":{"rendered":"<p>Con un sonido basado en secuencias atmosf\u00e9ricas, un sintetizador siempre presente y el toque de guitarras suaves propio del rock pop, Toro nos presenta su nueva producci\u00f3n musical.<\/p>\n","protected":false},"author":3,"featured_media":82395,"comment_status":"open","ping_status":"open","sticky":false,"template":"","format":"standard","meta":{"footnotes":""},"categories":[1,18,17],"tags":[],"class_list":["post-82114","post","type-post","status-publish","format-standard","has-post-thumbnail","hentry","category-cultura","category-musica","category-principal"],"yoast_head":"<!-- This site is optimized with the Yoast SEO plugin v24.7 - https:\/\/yoast.com\/wordpress\/plugins\/seo\/ -->\n<title>Toro lanza nuevo sencillo con la colaboraci\u00f3n de Corina Lawrence &#171; Reconoce MX<\/title>\n<meta name=\"robots\" content=\"index, follow, max-snippet:-1, max-image-preview:large, max-video-preview:-1\" \/>\n<link rel=\"canonical\" href=\"https:\/\/www.reconoce.mx\/?p=82114\" \/>\n<meta property=\"og:locale\" content=\"es_ES\" \/>\n<meta property=\"og:type\" content=\"article\" \/>\n<meta property=\"og:title\" content=\"Toro lanza nuevo sencillo con la colaboraci\u00f3n de Corina Lawrence &#171; Reconoce MX\" \/>\n<meta property=\"og:description\" content=\"Con un sonido basado en secuencias atmosf\u00e9ricas, un sintetizador siempre presente y el toque de guitarras suaves propio del rock pop, Toro nos presenta su nueva producci\u00f3n musical.\" \/>\n<meta property=\"og:url\" content=\"https:\/\/www.reconoce.mx\/?p=82114\" \/>\n<meta property=\"og:site_name\" content=\"Reconoce MX\" \/>\n<meta property=\"article:publisher\" content=\"https:\/\/es-la.facebook.com\/ReconoceMX\/\" \/>\n<meta property=\"article:published_time\" content=\"2019-03-29T06:05:40+00:00\" \/>\n<meta property=\"article:modified_time\" content=\"2019-03-30T16:40:59+00:00\" \/>\n<meta property=\"og:image\" content=\"https:\/\/www.reconoce.mx\/wp-content\/uploads\/2019\/03\/toro-cover.jpg\" \/>\n\t<meta property=\"og:image:width\" content=\"590\" \/>\n\t<meta property=\"og:image:height\" content=\"380\" \/>\n\t<meta property=\"og:image:type\" content=\"image\/jpeg\" \/>\n<meta name=\"author\" content=\"Amaury Berdejo\" \/>\n<meta name=\"twitter:card\" content=\"summary_large_image\" \/>\n<meta name=\"twitter:creator\" content=\"@reconocemx\" \/>\n<meta name=\"twitter:site\" content=\"@reconocemx\" \/>\n<meta name=\"twitter:label1\" content=\"Escrito por\" \/>\n\t<meta name=\"twitter:data1\" content=\"Amaury Berdejo\" \/>\n\t<meta name=\"twitter:label2\" content=\"Tiempo de lectura\" \/>\n\t<meta name=\"twitter:data2\" content=\"2 minutos\" \/>\n<script type=\"application\/ld+json\" class=\"yoast-schema-graph\">{\"@context\":\"https:\/\/schema.org\",\"@graph\":[{\"@type\":\"Article\",\"@id\":\"https:\/\/www.reconoce.mx\/?p=82114#article\",\"isPartOf\":{\"@id\":\"https:\/\/www.reconoce.mx\/?p=82114\"},\"author\":{\"name\":\"Amaury Berdejo\",\"@id\":\"http:\/\/www.reconoce.mx\/#\/schema\/person\/85de76ea6d040cbd8e489ac321d1820c\"},\"headline\":\"Toro lanza nuevo sencillo con la colaboraci\u00f3n de Corina Lawrence\",\"datePublished\":\"2019-03-29T06:05:40+00:00\",\"dateModified\":\"2019-03-30T16:40:59+00:00\",\"mainEntityOfPage\":{\"@id\":\"https:\/\/www.reconoce.mx\/?p=82114\"},\"wordCount\":313,\"commentCount\":0,\"publisher\":{\"@id\":\"http:\/\/www.reconoce.mx\/#organization\"},\"image\":{\"@id\":\"https:\/\/www.reconoce.mx\/?p=82114#primaryimage\"},\"thumbnailUrl\":\"http:\/\/www.reconoce.mx\/wp-content\/uploads\/2019\/03\/toro-cover.jpg\",\"articleSection\":[\"Cultura\",\"M\u00fasica\",\"Principal\"],\"inLanguage\":\"es\",\"potentialAction\":[{\"@type\":\"CommentAction\",\"name\":\"Comment\",\"target\":[\"https:\/\/www.reconoce.mx\/?p=82114#respond\"]}]},{\"@type\":\"WebPage\",\"@id\":\"https:\/\/www.reconoce.mx\/?p=82114\",\"url\":\"https:\/\/www.reconoce.mx\/?p=82114\",\"name\":\"Toro lanza nuevo sencillo con la colaboraci\u00f3n de Corina Lawrence &#171; Reconoce MX\",\"isPartOf\":{\"@id\":\"http:\/\/www.reconoce.mx\/#website\"},\"primaryImageOfPage\":{\"@id\":\"https:\/\/www.reconoce.mx\/?p=82114#primaryimage\"},\"image\":{\"@id\":\"https:\/\/www.reconoce.mx\/?p=82114#primaryimage\"},\"thumbnailUrl\":\"http:\/\/www.reconoce.mx\/wp-content\/uploads\/2019\/03\/toro-cover.jpg\",\"datePublished\":\"2019-03-29T06:05:40+00:00\",\"dateModified\":\"2019-03-30T16:40:59+00:00\",\"breadcrumb\":{\"@id\":\"https:\/\/www.reconoce.mx\/?p=82114#breadcrumb\"},\"inLanguage\":\"es\",\"potentialAction\":[{\"@type\":\"ReadAction\",\"target\":[\"https:\/\/www.reconoce.mx\/?p=82114\"]}]},{\"@type\":\"ImageObject\",\"inLanguage\":\"es\",\"@id\":\"https:\/\/www.reconoce.mx\/?p=82114#primaryimage\",\"url\":\"http:\/\/www.reconoce.mx\/wp-content\/uploads\/2019\/03\/toro-cover.jpg\",\"contentUrl\":\"http:\/\/www.reconoce.mx\/wp-content\/uploads\/2019\/03\/toro-cover.jpg\",\"width\":590,\"height\":380},{\"@type\":\"BreadcrumbList\",\"@id\":\"https:\/\/www.reconoce.mx\/?p=82114#breadcrumb\",\"itemListElement\":[{\"@type\":\"ListItem\",\"position\":1,\"name\":\"Portada\",\"item\":\"http:\/\/www.reconoce.mx\/\"},{\"@type\":\"ListItem\",\"position\":2,\"name\":\"Toro lanza nuevo sencillo con la colaboraci\u00f3n de Corina Lawrence\"}]},{\"@type\":\"WebSite\",\"@id\":\"http:\/\/www.reconoce.mx\/#website\",\"url\":\"http:\/\/www.reconoce.mx\/\",\"name\":\"Reconoce MX\",\"description\":\"En Reconoce MX difundimos arte, cultura y conciencia social en M\u00e9xico. Tu ciudad en otra perspectiva.\",\"publisher\":{\"@id\":\"http:\/\/www.reconoce.mx\/#organization\"},\"potentialAction\":[{\"@type\":\"SearchAction\",\"target\":{\"@type\":\"EntryPoint\",\"urlTemplate\":\"http:\/\/www.reconoce.mx\/?s={search_term_string}\"},\"query-input\":{\"@type\":\"PropertyValueSpecification\",\"valueRequired\":true,\"valueName\":\"search_term_string\"}}],\"inLanguage\":\"es\"},{\"@type\":\"Organization\",\"@id\":\"http:\/\/www.reconoce.mx\/#organization\",\"name\":\"Reconoce MX\",\"url\":\"http:\/\/www.reconoce.mx\/\",\"logo\":{\"@type\":\"ImageObject\",\"inLanguage\":\"es\",\"@id\":\"http:\/\/www.reconoce.mx\/#\/schema\/logo\/image\/\",\"url\":\"https:\/\/www.reconoce.mx\/wp-content\/uploads\/2019\/03\/logorcmx-good-1.png\",\"contentUrl\":\"https:\/\/www.reconoce.mx\/wp-content\/uploads\/2019\/03\/logorcmx-good-1.png\",\"width\":280,\"height\":90,\"caption\":\"Reconoce MX\"},\"image\":{\"@id\":\"http:\/\/www.reconoce.mx\/#\/schema\/logo\/image\/\"},\"sameAs\":[\"https:\/\/es-la.facebook.com\/ReconoceMX\/\",\"https:\/\/x.com\/reconocemx\",\"http:\/\/@reconocemx\"]},{\"@type\":\"Person\",\"@id\":\"http:\/\/www.reconoce.mx\/#\/schema\/person\/85de76ea6d040cbd8e489ac321d1820c\",\"name\":\"Amaury Berdejo\",\"image\":{\"@type\":\"ImageObject\",\"inLanguage\":\"es\",\"@id\":\"http:\/\/www.reconoce.mx\/#\/schema\/person\/image\/\",\"url\":\"https:\/\/secure.gravatar.com\/avatar\/258e769c65e00a989a4fd4c4268f391af5853984f6d5cef16ebd4497d1f6a946?s=96&d=identicon&r=g\",\"contentUrl\":\"https:\/\/secure.gravatar.com\/avatar\/258e769c65e00a989a4fd4c4268f391af5853984f6d5cef16ebd4497d1f6a946?s=96&d=identicon&r=g\",\"caption\":\"Amaury Berdejo\"},\"url\":\"http:\/\/www.reconoce.mx\/?author=3\"}]}<\/script>\n<!-- \/ Yoast SEO plugin. -->","yoast_head_json":{"title":"Toro lanza nuevo sencillo con la colaboraci\u00f3n de Corina Lawrence &#171; Reconoce MX","robots":{"index":"index","follow":"follow","max-snippet":"max-snippet:-1","max-image-preview":"max-image-preview:large","max-video-preview":"max-video-preview:-1"},"canonical":"https:\/\/www.reconoce.mx\/?p=82114","og_locale":"es_ES","og_type":"article","og_title":"Toro lanza nuevo sencillo con la colaboraci\u00f3n de Corina Lawrence &#171; Reconoce MX","og_description":"Con un sonido basado en secuencias atmosf\u00e9ricas, un sintetizador siempre presente y el toque de guitarras suaves propio del rock pop, Toro nos presenta su nueva producci\u00f3n musical.","og_url":"https:\/\/www.reconoce.mx\/?p=82114","og_site_name":"Reconoce MX","article_publisher":"https:\/\/es-la.facebook.com\/ReconoceMX\/","article_published_time":"2019-03-29T06:05:40+00:00","article_modified_time":"2019-03-30T16:40:59+00:00","og_image":[{"width":590,"height":380,"url":"https:\/\/www.reconoce.mx\/wp-content\/uploads\/2019\/03\/toro-cover.jpg","type":"image\/jpeg"}],"author":"Amaury Berdejo","twitter_card":"summary_large_image","twitter_creator":"@reconocemx","twitter_site":"@reconocemx","twitter_misc":{"Escrito por":"Amaury Berdejo","Tiempo de lectura":"2 minutos"},"schema":{"@context":"https:\/\/schema.org","@graph":[{"@type":"Article","@id":"https:\/\/www.reconoce.mx\/?p=82114#article","isPartOf":{"@id":"https:\/\/www.reconoce.mx\/?p=82114"},"author":{"name":"Amaury Berdejo","@id":"http:\/\/www.reconoce.mx\/#\/schema\/person\/85de76ea6d040cbd8e489ac321d1820c"},"headline":"Toro lanza nuevo sencillo con la colaboraci\u00f3n de Corina Lawrence","datePublished":"2019-03-29T06:05:40+00:00","dateModified":"2019-03-30T16:40:59+00:00","mainEntityOfPage":{"@id":"https:\/\/www.reconoce.mx\/?p=82114"},"wordCount":313,"commentCount":0,"publisher":{"@id":"http:\/\/www.reconoce.mx\/#organization"},"image":{"@id":"https:\/\/www.reconoce.mx\/?p=82114#primaryimage"},"thumbnailUrl":"http:\/\/www.reconoce.mx\/wp-content\/uploads\/2019\/03\/toro-cover.jpg","articleSection":["Cultura","M\u00fasica","Principal"],"inLanguage":"es","potentialAction":[{"@type":"CommentAction","name":"Comment","target":["https:\/\/www.reconoce.mx\/?p=82114#respond"]}]},{"@type":"WebPage","@id":"https:\/\/www.reconoce.mx\/?p=82114","url":"https:\/\/www.reconoce.mx\/?p=82114","name":"Toro lanza nuevo sencillo con la colaboraci\u00f3n de Corina Lawrence &#171; Reconoce MX","isPartOf":{"@id":"http:\/\/www.reconoce.mx\/#website"},"primaryImageOfPage":{"@id":"https:\/\/www.reconoce.mx\/?p=82114#primaryimage"},"image":{"@id":"https:\/\/www.reconoce.mx\/?p=82114#primaryimage"},"thumbnailUrl":"http:\/\/www.reconoce.mx\/wp-content\/uploads\/2019\/03\/toro-cover.jpg","datePublished":"2019-03-29T06:05:40+00:00","dateModified":"2019-03-30T16:40:59+00:00","breadcrumb":{"@id":"https:\/\/www.reconoce.mx\/?p=82114#breadcrumb"},"inLanguage":"es","potentialAction":[{"@type":"ReadAction","target":["https:\/\/www.reconoce.mx\/?p=82114"]}]},{"@type":"ImageObject","inLanguage":"es","@id":"https:\/\/www.reconoce.mx\/?p=82114#primaryimage","url":"http:\/\/www.reconoce.mx\/wp-content\/uploads\/2019\/03\/toro-cover.jpg","contentUrl":"http:\/\/www.reconoce.mx\/wp-content\/uploads\/2019\/03\/toro-cover.jpg","width":590,"height":380},{"@type":"BreadcrumbList","@id":"https:\/\/www.reconoce.mx\/?p=82114#breadcrumb","itemListElement":[{"@type":"ListItem","position":1,"name":"Portada","item":"http:\/\/www.reconoce.mx\/"},{"@type":"ListItem","position":2,"name":"Toro lanza nuevo sencillo con la colaboraci\u00f3n de Corina Lawrence"}]},{"@type":"WebSite","@id":"http:\/\/www.reconoce.mx\/#website","url":"http:\/\/www.reconoce.mx\/","name":"Reconoce MX","description":"En Reconoce MX difundimos arte, cultura y conciencia social en M\u00e9xico. Tu ciudad en otra perspectiva.","publisher":{"@id":"http:\/\/www.reconoce.mx\/#organization"},"potentialAction":[{"@type":"SearchAction","target":{"@type":"EntryPoint","urlTemplate":"http:\/\/www.reconoce.mx\/?s={search_term_string}"},"query-input":{"@type":"PropertyValueSpecification","valueRequired":true,"valueName":"search_term_string"}}],"inLanguage":"es"},{"@type":"Organization","@id":"http:\/\/www.reconoce.mx\/#organization","name":"Reconoce MX","url":"http:\/\/www.reconoce.mx\/","logo":{"@type":"ImageObject","inLanguage":"es","@id":"http:\/\/www.reconoce.mx\/#\/schema\/logo\/image\/","url":"https:\/\/www.reconoce.mx\/wp-content\/uploads\/2019\/03\/logorcmx-good-1.png","contentUrl":"https:\/\/www.reconoce.mx\/wp-content\/uploads\/2019\/03\/logorcmx-good-1.png","width":280,"height":90,"caption":"Reconoce MX"},"image":{"@id":"http:\/\/www.reconoce.mx\/#\/schema\/logo\/image\/"},"sameAs":["https:\/\/es-la.facebook.com\/ReconoceMX\/","https:\/\/x.com\/reconocemx","http:\/\/@reconocemx"]},{"@type":"Person","@id":"http:\/\/www.reconoce.mx\/#\/schema\/person\/85de76ea6d040cbd8e489ac321d1820c","name":"Amaury Berdejo","image":{"@type":"ImageObject","inLanguage":"es","@id":"http:\/\/www.reconoce.mx\/#\/schema\/person\/image\/","url":"https:\/\/secure.gravatar.com\/avatar\/258e769c65e00a989a4fd4c4268f391af5853984f6d5cef16ebd4497d1f6a946?s=96&d=identicon&r=g","contentUrl":"https:\/\/secure.gravatar.com\/avatar\/258e769c65e00a989a4fd4c4268f391af5853984f6d5cef16ebd4497d1f6a946?s=96&d=identicon&r=g","caption":"Amaury Berdejo"},"url":"http:\/\/www.reconoce.mx\/?author=3"}]}},"_links":{"self":[{"href":"http:\/\/www.reconoce.mx\/index.php?rest_route=\/wp\/v2\/posts\/82114","targetHints":{"allow":["GET"]}}],"collection":[{"href":"http:\/\/www.reconoce.mx\/index.php?rest_route=\/wp\/v2\/posts"}],"about":[{"href":"http:\/\/www.reconoce.mx\/index.php?rest_route=\/wp\/v2\/types\/post"}],"author":[{"embeddable":true,"href":"http:\/\/www.reconoce.mx\/index.php?rest_route=\/wp\/v2\/users\/3"}],"replies":[{"embeddable":true,"href":"http:\/\/www.reconoce.mx\/index.php?rest_route=%2Fwp%2Fv2%2Fcomments&post=82114"}],"version-history":[{"count":7,"href":"http:\/\/www.reconoce.mx\/index.php?rest_route=\/wp\/v2\/posts\/82114\/revisions"}],"predecessor-version":[{"id":82400,"href":"http:\/\/www.reconoce.mx\/index.php?rest_route=\/wp\/v2\/posts\/82114\/revisions\/82400"}],"wp:featuredmedia":[{"embeddable":true,"href":"http:\/\/www.reconoce.mx\/index.php?rest_route=\/wp\/v2\/media\/82395"}],"wp:attachment":[{"href":"http:\/\/www.reconoce.mx\/index.php?rest_route=%2Fwp%2Fv2%2Fmedia&parent=82114"}],"wp:term":[{"taxonomy":"category","embeddable":true,"href":"http:\/\/www.reconoce.mx\/index.php?rest_route=%2Fwp%2Fv2%2Fcategories&post=82114"},{"taxonomy":"post_tag","embeddable":true,"href":"http:\/\/www.reconoce.mx\/index.php?rest_route=%2Fwp%2Fv2%2Ftags&post=82114"}],"curies":[{"name":"wp","href":"https:\/\/api.w.org\/{rel}","templated":true}]}}