{"id":82117,"date":"2019-03-26T00:04:56","date_gmt":"2019-03-26T06:04:56","guid":{"rendered":"http:\/\/www.reconoce.mx\/?p=82117"},"modified":"2019-03-25T23:24:36","modified_gmt":"2019-03-26T05:24:36","slug":"giff2019-celebrara-10-anos-de-identidad-y-pertenencia","status":"publish","type":"post","link":"http:\/\/www.reconoce.mx\/?p=82117","title":{"rendered":"#GIFF2019 celebrar\u00e1 10 a\u00f1os de \u00abIdentidad y pertenencia\u00bb"},"content":{"rendered":"<p><strong> Por <a title=\"@AsfaltosTweets\" href=\"http:\/\/twitter.com\/AsfaltosTweets\" target=\"_blank\" rel=\"noopener\">Asfaltos<\/a><\/strong>.<\/p>\n<p>El <strong>Festival Internacional de Cine de Guanajuato<\/strong> (GIFF) anunci\u00f3 los seis equipos que participar\u00e1n en la edici\u00f3n 10 del Concurso Universitario de Documentales \u00abIdentidad y pertenencia\u00bb. El concurso celebra as\u00ed la formaci\u00f3n de 660 realizadores guanajuatenses y 60 documentales que plasman las historias de Guanajuato.<\/p>\n<p><a href=\"http:\/\/www.reconoce.mx\/wp-content\/uploads\/2019\/03\/unnamed6.jpg\"><img loading=\"lazy\" decoding=\"async\" class=\"aligncenter size-full wp-image-82122\" src=\"http:\/\/www.reconoce.mx\/wp-content\/uploads\/2019\/03\/unnamed6.jpg\" alt=\"\" width=\"1024\" height=\"768\" srcset=\"http:\/\/www.reconoce.mx\/wp-content\/uploads\/2019\/03\/unnamed6.jpg 1024w, http:\/\/www.reconoce.mx\/wp-content\/uploads\/2019\/03\/unnamed6-300x225.jpg 300w, http:\/\/www.reconoce.mx\/wp-content\/uploads\/2019\/03\/unnamed6-768x576.jpg 768w, http:\/\/www.reconoce.mx\/wp-content\/uploads\/2019\/03\/unnamed6-150x113.jpg 150w, http:\/\/www.reconoce.mx\/wp-content\/uploads\/2019\/03\/unnamed6-700x525.jpg 700w, http:\/\/www.reconoce.mx\/wp-content\/uploads\/2019\/03\/unnamed6-658x494.jpg 658w\" sizes=\"auto, (max-width: 1024px) 100vw, 1024px\" \/><\/a><\/p>\n<p>60 j\u00f3venes forman parte ya de los 28 talleres en distintas ramas cinematogr\u00e1ficas que forman parte de la formaci\u00f3n educativa de \u00abIdentidad y pertenencia\u00bb. Todos los talleres son impartidos por profesionales de la industria con el objetivo de entregar herramientas para la filmaci\u00f3n de un documental de primera calidad que ser\u00e1 mostrado en la inauguraci\u00f3n de <strong>GIFF<\/strong> en Guanajuato capital.<\/p>\n<p>Los proyectos seleccionados para la edici\u00f3n 10 de \u00abIdentidad y pertenencia\u00bb son:<\/p>\n<p>\u201cEL LLANO\u201d de<strong> Yanet Estrada S\u00e1nchez<\/strong><br \/>\nUniversidad de Estudios Profesionales de Ciencias y Artes, EPCA.<br \/>\nLe\u00f3n, Gto.<\/p>\n<p>\u201cLE\u00d3N ES COMO LO PINTAN\u201d de <strong>Luz Valeria Fuentes \u00c1vila<\/strong><br \/>\nUniversidad De La Salle Baj\u00edo.<br \/>\nLe\u00f3n, Gto.<\/p>\n<p>\u201cFAROLES\u201d de <strong>Juan Pablo Hern\u00e1ndez Valdez<\/strong><br \/>\nDivisi\u00f3n de Ingenier\u00edas Campus Irapuato Salamanca DICIS Universidad de Guanajuato.<br \/>\nSalamanca, Gto.<\/p>\n<p>\u201cP\u00d3LVORA\u201d de <strong>Luis Ernesto P\u00e9rez Medina<\/strong><br \/>\nUniversidad de Celaya.<br \/>\nCelaya, Gto.<\/p>\n<p>\u201cTOCI\u201d de <strong>Andrea Alvarado S\u00e1nchez<\/strong><br \/>\nDivisi\u00f3n de Ingenier\u00edas Campus Irapuato Salamanca DICIS Universidad de Guanajuato.<br \/>\nSalamanca, Gto.<\/p>\n<p>\u201cMI HERENCIA\u201d de <strong>Arturo Zavala Frutus<\/strong><br \/>\nUniversidad Tecnol\u00f3gica del Suroeste de Guanajuato.<br \/>\nValle de Santiago, Gto.<\/p>\n<p>\u00abIdentidad y pertenencia\u00bb publicar\u00e1 adem\u00e1s un libro que documentar\u00e1 el impacto sociocultural y formativo de su concurso. El documento incluir\u00e1 entrevistas con personajes clave, considerando a fundadores, talleristas y ganadores del concurso, as\u00ed como la compilaci\u00f3n de las fichas t\u00e9cnicas de los 60 documentales realizados hasta esta edici\u00f3n 2019.<\/p>\n<p>El <strong>22\u00b0 Festival Internacional de Cine de Guanajuato<\/strong> (GIFF) se realizar\u00e1 del 19 al 28 de julio en San Miguel de Allende y Guanajuato capital. Para m\u00e1s informaci\u00f3n consulta el <a href=\"http:\/\/giff.mx\/\" target=\"_blank\" rel=\"noopener\">sitio oficial<\/a>.<\/p>\n<p style=\"text-align: right;\">Con informaci\u00f3n e im\u00e1genes cortes\u00eda del <strong>GIFF<\/strong>.<\/p>\n<p>&nbsp;<\/p>\n<p>&nbsp;<\/p>\n","protected":false},"excerpt":{"rendered":"<p>El Festival Internacional de Cine de Guanajuato (GIFF) anunci\u00f3 los seis equipos que participar\u00e1n en la edici\u00f3n 10 del Concurso Universitario de Documentales \u00abIdentidad y pertenencia\u00bb. <\/p>\n","protected":false},"author":2,"featured_media":82120,"comment_status":"open","ping_status":"open","sticky":false,"template":"","format":"standard","meta":{"footnotes":""},"categories":[24,1,17],"tags":[],"class_list":["post-82117","post","type-post","status-publish","format-standard","has-post-thumbnail","hentry","category-cine","category-cultura","category-principal"],"yoast_head":"<!-- This site is optimized with the Yoast SEO plugin v24.7 - https:\/\/yoast.com\/wordpress\/plugins\/seo\/ -->\n<title>#GIFF2019 celebrar\u00e1 10 a\u00f1os de &quot;Identidad y pertenencia&quot; &#171; Reconoce MX<\/title>\n<meta name=\"robots\" content=\"index, follow, max-snippet:-1, max-image-preview:large, max-video-preview:-1\" \/>\n<link rel=\"canonical\" href=\"https:\/\/www.reconoce.mx\/?p=82117\" \/>\n<meta property=\"og:locale\" content=\"es_ES\" \/>\n<meta property=\"og:type\" content=\"article\" \/>\n<meta property=\"og:title\" content=\"#GIFF2019 celebrar\u00e1 10 a\u00f1os de &quot;Identidad y pertenencia&quot; &#171; Reconoce MX\" \/>\n<meta property=\"og:description\" content=\"El Festival Internacional de Cine de Guanajuato (GIFF) anunci\u00f3 los seis equipos que participar\u00e1n en la edici\u00f3n 10 del Concurso Universitario de Documentales &quot;Identidad y pertenencia&quot;.\" \/>\n<meta property=\"og:url\" content=\"https:\/\/www.reconoce.mx\/?p=82117\" \/>\n<meta property=\"og:site_name\" content=\"Reconoce MX\" \/>\n<meta property=\"article:publisher\" content=\"https:\/\/es-la.facebook.com\/ReconoceMX\/\" \/>\n<meta property=\"article:published_time\" content=\"2019-03-26T06:04:56+00:00\" \/>\n<meta property=\"og:image\" content=\"https:\/\/www.reconoce.mx\/wp-content\/uploads\/2019\/03\/10mo-concurso-identidad-y-pertinencia.jpg\" \/>\n\t<meta property=\"og:image:width\" content=\"590\" \/>\n\t<meta property=\"og:image:height\" content=\"379\" \/>\n\t<meta property=\"og:image:type\" content=\"image\/jpeg\" \/>\n<meta name=\"author\" content=\"Reconoce MX\" \/>\n<meta name=\"twitter:card\" content=\"summary_large_image\" \/>\n<meta name=\"twitter:creator\" content=\"@reconocemx\" \/>\n<meta name=\"twitter:site\" content=\"@reconocemx\" \/>\n<meta name=\"twitter:label1\" content=\"Escrito por\" \/>\n\t<meta name=\"twitter:data1\" content=\"Reconoce MX\" \/>\n\t<meta name=\"twitter:label2\" content=\"Tiempo de lectura\" \/>\n\t<meta name=\"twitter:data2\" content=\"2 minutos\" \/>\n<script type=\"application\/ld+json\" class=\"yoast-schema-graph\">{\"@context\":\"https:\/\/schema.org\",\"@graph\":[{\"@type\":\"Article\",\"@id\":\"https:\/\/www.reconoce.mx\/?p=82117#article\",\"isPartOf\":{\"@id\":\"https:\/\/www.reconoce.mx\/?p=82117\"},\"author\":{\"name\":\"Reconoce MX\",\"@id\":\"https:\/\/www.reconoce.mx\/#\/schema\/person\/2117e997d7051dc15d6880eaf9bca0b2\"},\"headline\":\"#GIFF2019 celebrar\u00e1 10 a\u00f1os de \u00abIdentidad y pertenencia\u00bb\",\"datePublished\":\"2019-03-26T06:04:56+00:00\",\"mainEntityOfPage\":{\"@id\":\"https:\/\/www.reconoce.mx\/?p=82117\"},\"wordCount\":334,\"commentCount\":0,\"publisher\":{\"@id\":\"https:\/\/www.reconoce.mx\/#organization\"},\"image\":{\"@id\":\"https:\/\/www.reconoce.mx\/?p=82117#primaryimage\"},\"thumbnailUrl\":\"http:\/\/www.reconoce.mx\/wp-content\/uploads\/2019\/03\/10mo-concurso-identidad-y-pertinencia.jpg\",\"articleSection\":[\"Cine\",\"Cultura\",\"Principal\"],\"inLanguage\":\"es\",\"potentialAction\":[{\"@type\":\"CommentAction\",\"name\":\"Comment\",\"target\":[\"https:\/\/www.reconoce.mx\/?p=82117#respond\"]}]},{\"@type\":\"WebPage\",\"@id\":\"https:\/\/www.reconoce.mx\/?p=82117\",\"url\":\"https:\/\/www.reconoce.mx\/?p=82117\",\"name\":\"#GIFF2019 celebrar\u00e1 10 a\u00f1os de \\\"Identidad y pertenencia\\\" &#171; Reconoce MX\",\"isPartOf\":{\"@id\":\"https:\/\/www.reconoce.mx\/#website\"},\"primaryImageOfPage\":{\"@id\":\"https:\/\/www.reconoce.mx\/?p=82117#primaryimage\"},\"image\":{\"@id\":\"https:\/\/www.reconoce.mx\/?p=82117#primaryimage\"},\"thumbnailUrl\":\"http:\/\/www.reconoce.mx\/wp-content\/uploads\/2019\/03\/10mo-concurso-identidad-y-pertinencia.jpg\",\"datePublished\":\"2019-03-26T06:04:56+00:00\",\"breadcrumb\":{\"@id\":\"https:\/\/www.reconoce.mx\/?p=82117#breadcrumb\"},\"inLanguage\":\"es\",\"potentialAction\":[{\"@type\":\"ReadAction\",\"target\":[\"https:\/\/www.reconoce.mx\/?p=82117\"]}]},{\"@type\":\"ImageObject\",\"inLanguage\":\"es\",\"@id\":\"https:\/\/www.reconoce.mx\/?p=82117#primaryimage\",\"url\":\"http:\/\/www.reconoce.mx\/wp-content\/uploads\/2019\/03\/10mo-concurso-identidad-y-pertinencia.jpg\",\"contentUrl\":\"http:\/\/www.reconoce.mx\/wp-content\/uploads\/2019\/03\/10mo-concurso-identidad-y-pertinencia.jpg\",\"width\":590,\"height\":379},{\"@type\":\"BreadcrumbList\",\"@id\":\"https:\/\/www.reconoce.mx\/?p=82117#breadcrumb\",\"itemListElement\":[{\"@type\":\"ListItem\",\"position\":1,\"name\":\"Portada\",\"item\":\"https:\/\/www.reconoce.mx\/\"},{\"@type\":\"ListItem\",\"position\":2,\"name\":\"#GIFF2019 celebrar\u00e1 10 a\u00f1os de \u00abIdentidad y pertenencia\u00bb\"}]},{\"@type\":\"WebSite\",\"@id\":\"https:\/\/www.reconoce.mx\/#website\",\"url\":\"https:\/\/www.reconoce.mx\/\",\"name\":\"Reconoce MX\",\"description\":\"En Reconoce MX difundimos arte, cultura y conciencia social en M\u00e9xico. Tu ciudad en otra perspectiva.\",\"publisher\":{\"@id\":\"https:\/\/www.reconoce.mx\/#organization\"},\"potentialAction\":[{\"@type\":\"SearchAction\",\"target\":{\"@type\":\"EntryPoint\",\"urlTemplate\":\"https:\/\/www.reconoce.mx\/?s={search_term_string}\"},\"query-input\":{\"@type\":\"PropertyValueSpecification\",\"valueRequired\":true,\"valueName\":\"search_term_string\"}}],\"inLanguage\":\"es\"},{\"@type\":\"Organization\",\"@id\":\"https:\/\/www.reconoce.mx\/#organization\",\"name\":\"Reconoce MX\",\"url\":\"https:\/\/www.reconoce.mx\/\",\"logo\":{\"@type\":\"ImageObject\",\"inLanguage\":\"es\",\"@id\":\"https:\/\/www.reconoce.mx\/#\/schema\/logo\/image\/\",\"url\":\"https:\/\/www.reconoce.mx\/wp-content\/uploads\/2019\/03\/logorcmx-good-1.png\",\"contentUrl\":\"https:\/\/www.reconoce.mx\/wp-content\/uploads\/2019\/03\/logorcmx-good-1.png\",\"width\":280,\"height\":90,\"caption\":\"Reconoce MX\"},\"image\":{\"@id\":\"https:\/\/www.reconoce.mx\/#\/schema\/logo\/image\/\"},\"sameAs\":[\"https:\/\/es-la.facebook.com\/ReconoceMX\/\",\"https:\/\/x.com\/reconocemx\",\"http:\/\/@reconocemx\"]},{\"@type\":\"Person\",\"@id\":\"https:\/\/www.reconoce.mx\/#\/schema\/person\/2117e997d7051dc15d6880eaf9bca0b2\",\"name\":\"Reconoce MX\",\"image\":{\"@type\":\"ImageObject\",\"inLanguage\":\"es\",\"@id\":\"https:\/\/www.reconoce.mx\/#\/schema\/person\/image\/\",\"url\":\"https:\/\/secure.gravatar.com\/avatar\/6c8d4dc7569ca1c90c5fdcc349f839d5ddef6fe1e70b4337ead2ef1a4c43fc3a?s=96&d=identicon&r=g\",\"contentUrl\":\"https:\/\/secure.gravatar.com\/avatar\/6c8d4dc7569ca1c90c5fdcc349f839d5ddef6fe1e70b4337ead2ef1a4c43fc3a?s=96&d=identicon&r=g\",\"caption\":\"Reconoce MX\"},\"description\":\"Reconoce MX es un proyecto de difusi\u00f3n art\u00edstica, cultural y de conciencia social que est\u00e1 enfocado a difundir y fomentar el entretenimiento alternativo de calidad para todo el p\u00fablico que comparta el mismo entusiasmo.\",\"sameAs\":[\"http:\/\/www.reconoce.mx\"],\"url\":\"http:\/\/www.reconoce.mx\/?author=2\"}]}<\/script>\n<!-- \/ Yoast SEO plugin. -->","yoast_head_json":{"title":"#GIFF2019 celebrar\u00e1 10 a\u00f1os de \"Identidad y pertenencia\" &#171; Reconoce MX","robots":{"index":"index","follow":"follow","max-snippet":"max-snippet:-1","max-image-preview":"max-image-preview:large","max-video-preview":"max-video-preview:-1"},"canonical":"https:\/\/www.reconoce.mx\/?p=82117","og_locale":"es_ES","og_type":"article","og_title":"#GIFF2019 celebrar\u00e1 10 a\u00f1os de \"Identidad y pertenencia\" &#171; Reconoce MX","og_description":"El Festival Internacional de Cine de Guanajuato (GIFF) anunci\u00f3 los seis equipos que participar\u00e1n en la edici\u00f3n 10 del Concurso Universitario de Documentales \"Identidad y pertenencia\".","og_url":"https:\/\/www.reconoce.mx\/?p=82117","og_site_name":"Reconoce MX","article_publisher":"https:\/\/es-la.facebook.com\/ReconoceMX\/","article_published_time":"2019-03-26T06:04:56+00:00","og_image":[{"width":590,"height":379,"url":"https:\/\/www.reconoce.mx\/wp-content\/uploads\/2019\/03\/10mo-concurso-identidad-y-pertinencia.jpg","type":"image\/jpeg"}],"author":"Reconoce MX","twitter_card":"summary_large_image","twitter_creator":"@reconocemx","twitter_site":"@reconocemx","twitter_misc":{"Escrito por":"Reconoce MX","Tiempo de lectura":"2 minutos"},"schema":{"@context":"https:\/\/schema.org","@graph":[{"@type":"Article","@id":"https:\/\/www.reconoce.mx\/?p=82117#article","isPartOf":{"@id":"https:\/\/www.reconoce.mx\/?p=82117"},"author":{"name":"Reconoce MX","@id":"https:\/\/www.reconoce.mx\/#\/schema\/person\/2117e997d7051dc15d6880eaf9bca0b2"},"headline":"#GIFF2019 celebrar\u00e1 10 a\u00f1os de \u00abIdentidad y pertenencia\u00bb","datePublished":"2019-03-26T06:04:56+00:00","mainEntityOfPage":{"@id":"https:\/\/www.reconoce.mx\/?p=82117"},"wordCount":334,"commentCount":0,"publisher":{"@id":"https:\/\/www.reconoce.mx\/#organization"},"image":{"@id":"https:\/\/www.reconoce.mx\/?p=82117#primaryimage"},"thumbnailUrl":"http:\/\/www.reconoce.mx\/wp-content\/uploads\/2019\/03\/10mo-concurso-identidad-y-pertinencia.jpg","articleSection":["Cine","Cultura","Principal"],"inLanguage":"es","potentialAction":[{"@type":"CommentAction","name":"Comment","target":["https:\/\/www.reconoce.mx\/?p=82117#respond"]}]},{"@type":"WebPage","@id":"https:\/\/www.reconoce.mx\/?p=82117","url":"https:\/\/www.reconoce.mx\/?p=82117","name":"#GIFF2019 celebrar\u00e1 10 a\u00f1os de \"Identidad y pertenencia\" &#171; Reconoce MX","isPartOf":{"@id":"https:\/\/www.reconoce.mx\/#website"},"primaryImageOfPage":{"@id":"https:\/\/www.reconoce.mx\/?p=82117#primaryimage"},"image":{"@id":"https:\/\/www.reconoce.mx\/?p=82117#primaryimage"},"thumbnailUrl":"http:\/\/www.reconoce.mx\/wp-content\/uploads\/2019\/03\/10mo-concurso-identidad-y-pertinencia.jpg","datePublished":"2019-03-26T06:04:56+00:00","breadcrumb":{"@id":"https:\/\/www.reconoce.mx\/?p=82117#breadcrumb"},"inLanguage":"es","potentialAction":[{"@type":"ReadAction","target":["https:\/\/www.reconoce.mx\/?p=82117"]}]},{"@type":"ImageObject","inLanguage":"es","@id":"https:\/\/www.reconoce.mx\/?p=82117#primaryimage","url":"http:\/\/www.reconoce.mx\/wp-content\/uploads\/2019\/03\/10mo-concurso-identidad-y-pertinencia.jpg","contentUrl":"http:\/\/www.reconoce.mx\/wp-content\/uploads\/2019\/03\/10mo-concurso-identidad-y-pertinencia.jpg","width":590,"height":379},{"@type":"BreadcrumbList","@id":"https:\/\/www.reconoce.mx\/?p=82117#breadcrumb","itemListElement":[{"@type":"ListItem","position":1,"name":"Portada","item":"https:\/\/www.reconoce.mx\/"},{"@type":"ListItem","position":2,"name":"#GIFF2019 celebrar\u00e1 10 a\u00f1os de \u00abIdentidad y pertenencia\u00bb"}]},{"@type":"WebSite","@id":"https:\/\/www.reconoce.mx\/#website","url":"https:\/\/www.reconoce.mx\/","name":"Reconoce MX","description":"En Reconoce MX difundimos arte, cultura y conciencia social en M\u00e9xico. Tu ciudad en otra perspectiva.","publisher":{"@id":"https:\/\/www.reconoce.mx\/#organization"},"potentialAction":[{"@type":"SearchAction","target":{"@type":"EntryPoint","urlTemplate":"https:\/\/www.reconoce.mx\/?s={search_term_string}"},"query-input":{"@type":"PropertyValueSpecification","valueRequired":true,"valueName":"search_term_string"}}],"inLanguage":"es"},{"@type":"Organization","@id":"https:\/\/www.reconoce.mx\/#organization","name":"Reconoce MX","url":"https:\/\/www.reconoce.mx\/","logo":{"@type":"ImageObject","inLanguage":"es","@id":"https:\/\/www.reconoce.mx\/#\/schema\/logo\/image\/","url":"https:\/\/www.reconoce.mx\/wp-content\/uploads\/2019\/03\/logorcmx-good-1.png","contentUrl":"https:\/\/www.reconoce.mx\/wp-content\/uploads\/2019\/03\/logorcmx-good-1.png","width":280,"height":90,"caption":"Reconoce MX"},"image":{"@id":"https:\/\/www.reconoce.mx\/#\/schema\/logo\/image\/"},"sameAs":["https:\/\/es-la.facebook.com\/ReconoceMX\/","https:\/\/x.com\/reconocemx","http:\/\/@reconocemx"]},{"@type":"Person","@id":"https:\/\/www.reconoce.mx\/#\/schema\/person\/2117e997d7051dc15d6880eaf9bca0b2","name":"Reconoce MX","image":{"@type":"ImageObject","inLanguage":"es","@id":"https:\/\/www.reconoce.mx\/#\/schema\/person\/image\/","url":"https:\/\/secure.gravatar.com\/avatar\/6c8d4dc7569ca1c90c5fdcc349f839d5ddef6fe1e70b4337ead2ef1a4c43fc3a?s=96&d=identicon&r=g","contentUrl":"https:\/\/secure.gravatar.com\/avatar\/6c8d4dc7569ca1c90c5fdcc349f839d5ddef6fe1e70b4337ead2ef1a4c43fc3a?s=96&d=identicon&r=g","caption":"Reconoce MX"},"description":"Reconoce MX es un proyecto de difusi\u00f3n art\u00edstica, cultural y de conciencia social que est\u00e1 enfocado a difundir y fomentar el entretenimiento alternativo de calidad para todo el p\u00fablico que comparta el mismo entusiasmo.","sameAs":["http:\/\/www.reconoce.mx"],"url":"http:\/\/www.reconoce.mx\/?author=2"}]}},"_links":{"self":[{"href":"http:\/\/www.reconoce.mx\/index.php?rest_route=\/wp\/v2\/posts\/82117","targetHints":{"allow":["GET"]}}],"collection":[{"href":"http:\/\/www.reconoce.mx\/index.php?rest_route=\/wp\/v2\/posts"}],"about":[{"href":"http:\/\/www.reconoce.mx\/index.php?rest_route=\/wp\/v2\/types\/post"}],"author":[{"embeddable":true,"href":"http:\/\/www.reconoce.mx\/index.php?rest_route=\/wp\/v2\/users\/2"}],"replies":[{"embeddable":true,"href":"http:\/\/www.reconoce.mx\/index.php?rest_route=%2Fwp%2Fv2%2Fcomments&post=82117"}],"version-history":[{"count":3,"href":"http:\/\/www.reconoce.mx\/index.php?rest_route=\/wp\/v2\/posts\/82117\/revisions"}],"predecessor-version":[{"id":82133,"href":"http:\/\/www.reconoce.mx\/index.php?rest_route=\/wp\/v2\/posts\/82117\/revisions\/82133"}],"wp:featuredmedia":[{"embeddable":true,"href":"http:\/\/www.reconoce.mx\/index.php?rest_route=\/wp\/v2\/media\/82120"}],"wp:attachment":[{"href":"http:\/\/www.reconoce.mx\/index.php?rest_route=%2Fwp%2Fv2%2Fmedia&parent=82117"}],"wp:term":[{"taxonomy":"category","embeddable":true,"href":"http:\/\/www.reconoce.mx\/index.php?rest_route=%2Fwp%2Fv2%2Fcategories&post=82117"},{"taxonomy":"post_tag","embeddable":true,"href":"http:\/\/www.reconoce.mx\/index.php?rest_route=%2Fwp%2Fv2%2Ftags&post=82117"}],"curies":[{"name":"wp","href":"https:\/\/api.w.org\/{rel}","templated":true}]}}