{"id":82134,"date":"2019-03-29T00:02:21","date_gmt":"2019-03-29T06:02:21","guid":{"rendered":"http:\/\/www.reconoce.mx\/?p=82134"},"modified":"2019-03-29T07:03:21","modified_gmt":"2019-03-29T13:03:21","slug":"conoce-a-las-bandas-ganadoras-de-la-convocatoria-tubandaenfestivalmarvin","status":"publish","type":"post","link":"http:\/\/www.reconoce.mx\/?p=82134","title":{"rendered":"\u00a1Conoce a las bandas ganadoras de la convocatoria #TuBandaEnFestivalMarvin!"},"content":{"rendered":"<p><strong> Por <a title=\"@AsfaltosTweets\" href=\"http:\/\/twitter.com\/AsfaltosTweets\" target=\"_blank\" rel=\"noopener noreferrer\">Asfaltos<\/a><\/strong>.<\/p>\n<p>Como se anunci\u00f3 en conferencia de prensa, <a href=\"http:\/\/www.reconoce.mx\/festivalmarvin-9a-edicion-presento-cartel-de-lujo\/\" target=\"_blank\" rel=\"noopener noreferrer\">el <strong>#FestivalMarvin<\/strong> 9a edici\u00f3n abri\u00f3 una convocatoria para darle visibilidad al talento emergente de toda Latinoam\u00e9rica<\/a>. Bajo el nombre de <strong>#TuBandaEnFestivalMarvin<\/strong> se recibieron 600 propuestas de todos los g\u00e9neros. El concurso se realiz\u00f3 en conjunto con<strong> Firestone M\u00e9xico<\/strong>.<\/p>\n<p><a href=\"http:\/\/www.reconoce.mx\/wp-content\/uploads\/2019\/02\/unnamed2.jpg\"><img loading=\"lazy\" decoding=\"async\" class=\"aligncenter size-full wp-image-80808\" src=\"http:\/\/www.reconoce.mx\/wp-content\/uploads\/2019\/02\/unnamed2.jpg\" alt=\"\" width=\"1587\" height=\"2268\" srcset=\"http:\/\/www.reconoce.mx\/wp-content\/uploads\/2019\/02\/unnamed2.jpg 1587w, http:\/\/www.reconoce.mx\/wp-content\/uploads\/2019\/02\/unnamed2-210x300.jpg 210w, http:\/\/www.reconoce.mx\/wp-content\/uploads\/2019\/02\/unnamed2-768x1098.jpg 768w, http:\/\/www.reconoce.mx\/wp-content\/uploads\/2019\/02\/unnamed2-717x1024.jpg 717w, http:\/\/www.reconoce.mx\/wp-content\/uploads\/2019\/02\/unnamed2-150x214.jpg 150w, http:\/\/www.reconoce.mx\/wp-content\/uploads\/2019\/02\/unnamed2-700x1000.jpg 700w, http:\/\/www.reconoce.mx\/wp-content\/uploads\/2019\/02\/unnamed2-658x940.jpg 658w, http:\/\/www.reconoce.mx\/wp-content\/uploads\/2019\/02\/unnamed2-300x429.jpg 300w\" sizes=\"auto, (max-width: 1587px) 100vw, 1587px\" \/><\/a><\/p>\n<p>A continuaci\u00f3n las 5 bandas ganadoras:<\/p>\n<h2><strong>Mengers<\/strong><\/h2>\n<p>De Ciudad de M\u00e9xico, los <strong>Mengers<\/strong> son una de las bandas m\u00e1s interesantes en el circuito de psicodelia y <em>garage<\/em>. \u00bfAmantes de las distorsiones? <em>This is your call!<\/em><\/p>\n<style>.embed-container { position: relative; padding-bottom: 56.25%; height: 0; overflow: hidden; max-width: 100%; } .embed-container iframe, .embed-container object, .embed-container embed { position: absolute; top: 0; left: 0; width: 100%; height: 100%; }<\/style>\n<div class=\"embed-container\"><iframe src=\"https:\/\/www.youtube.com\/embed\/Fsp48O4RFIA\" frameborder=\"0\" allowfullscreen=\"allowfullscreen\"><\/iframe><\/div>\n<p>&nbsp;<\/p>\n<h2><strong>LaTorre<\/strong><\/h2>\n<p>Desde Ecuador llegar\u00e1 la m\u00fasica de <strong>LaTorre<\/strong>, proyecto encabezado por la talentosa <strong>Renata Nieto<\/strong>. \u00bfA qu\u00e9 suenan? Ritmos aut\u00e9nticamente ecuatorianos que rememoran a las ra\u00edces m\u00e1s ancestrales y naturales. \u00a1Tremenda voz la de Renata!<\/p>\n<style>.embed-container { position: relative; padding-bottom: 56.25%; height: 0; overflow: hidden; max-width: 100%; } .embed-container iframe, .embed-container object, .embed-container embed { position: absolute; top: 0; left: 0; width: 100%; height: 100%; }<\/style>\n<div class=\"embed-container\"><iframe src=\"https:\/\/www.youtube.com\/embed\/j5409BuBi1Q\" frameborder=\"0\" allowfullscreen=\"allowfullscreen\"><\/iframe><\/div>\n<p>&nbsp;<\/p>\n<h2><strong>Eternal<\/strong><\/h2>\n<p>Para quienes gustan de las propuestas de corte urbano, combinando hip hop, rap y trap, aterrizar\u00e1 en el <strong>Festival Marvin<\/strong> la m\u00fasica de <strong>Eternal<\/strong>. Preparen calzados, que el baile se pondr\u00e1 bueno.<\/p>\n<style>.embed-container { position: relative; padding-bottom: 56.25%; height: 0; overflow: hidden; max-width: 100%; } .embed-container iframe, .embed-container object, .embed-container embed { position: absolute; top: 0; left: 0; width: 100%; height: 100%; }<\/style>\n<div class=\"embed-container\"><iframe src=\"https:\/\/www.youtube.com\/embed\/3KO67Q0neVM\" frameborder=\"0\" allowfullscreen=\"allowfullscreen\"><\/iframe><\/div>\n<p>&nbsp;<\/p>\n<h2><strong>Old Wave<\/strong><\/h2>\n<p>Desde la ciudad de la \u00abeterna primavera\u00bb, Cuernavaca, llegar\u00e1 al <strong>Marvin<\/strong> una propuesta llena de guitarras. Los <strong>Old Wave<\/strong> hacen honor a su nombre con un sonido <em>vintage<\/em> que sacude como una ola en pleno mar..<\/p>\n<style>.embed-container { position: relative; padding-bottom: 56.25%; height: 0; overflow: hidden; max-width: 100%; } .embed-container iframe, .embed-container object, .embed-container embed { position: absolute; top: 0; left: 0; width: 100%; height: 100%; }<\/style>\n<div class=\"embed-container\"><iframe src=\"https:\/\/www.youtube.com\/embed\/Pp7TDlz3a7I\" frameborder=\"0\" allowfullscreen=\"allowfullscreen\"><\/iframe><\/div>\n<p>&nbsp;<\/p>\n<h2><strong>Commafuck!<\/strong><\/h2>\n<p>\u00bfCon ganas de algo m\u00e1s ruidoso? \u00bfM\u00e1s energ\u00e9tico? \u00bfUn buen slam, quiz\u00e1? \u00a1Los <strong>Commafuck!<\/strong> son un aut\u00e9ntico pu\u00f1etazo en la cara, su propuesta llena de punk y hardcore sacudir\u00e1 a quienes gustan de energ\u00eda pura. Su sonido, proveniente de M\u00e9rida, Yucat\u00e1n, promete sacudir hasta a los m\u00e1s duros.<\/p>\n<style>.embed-container { position: relative; padding-bottom: 56.25%; height: 0; overflow: hidden; max-width: 100%; } .embed-container iframe, .embed-container object, .embed-container embed { position: absolute; top: 0; left: 0; width: 100%; height: 100%; }<\/style>\n<div class=\"embed-container\"><iframe src=\"https:\/\/www.youtube.com\/embed\/UYquL8LSkOk\" frameborder=\"0\" allowfullscreen=\"allowfullscreen\"><\/iframe><\/div>\n<p>&nbsp;<\/p>\n<p><strong>Festival Marvin<\/strong> 9a edici\u00f3n se celebrar\u00e1 los d\u00edas 16, 17 y 18 de mayo de 2019 en el <strong>Circuito Condesa-Roma<\/strong> de Ciudad de M\u00e9xico. Para m\u00e1s informaci\u00f3n consulta el <a href=\"http:\/\/festival.marvin.com.mx\/\" target=\"_blank\" rel=\"noopener noreferrer\">sitio oficial<\/a>.<\/p>\n<p>&nbsp;<\/p>\n<p>&nbsp;<\/p>\n","protected":false},"excerpt":{"rendered":"<p>Como se anunci\u00f3 en conferencia de prensa, el #FestivalMarvin 9a edici\u00f3n abri\u00f3 una convocatoria para darle visibilidad al talento emergente de toda Latinoam\u00e9rica. Bajo el nombre de #TuBandaEnFestivalMarvin se recibieron 600 propuestas de todos los g\u00e9neros.<\/p>\n","protected":false},"author":2,"featured_media":82137,"comment_status":"open","ping_status":"open","sticky":false,"template":"","format":"standard","meta":{"footnotes":""},"categories":[1,18,17],"tags":[],"class_list":["post-82134","post","type-post","status-publish","format-standard","has-post-thumbnail","hentry","category-cultura","category-musica","category-principal"],"yoast_head":"<!-- This site is optimized with the Yoast SEO plugin v24.7 - https:\/\/yoast.com\/wordpress\/plugins\/seo\/ -->\n<title>\u00a1Conoce a las bandas ganadoras de la convocatoria #TuBandaEnFestivalMarvin! &#171; Reconoce MX<\/title>\n<meta name=\"robots\" content=\"index, follow, max-snippet:-1, max-image-preview:large, max-video-preview:-1\" \/>\n<link rel=\"canonical\" href=\"https:\/\/www.reconoce.mx\/?p=82134\" \/>\n<meta property=\"og:locale\" content=\"es_ES\" \/>\n<meta property=\"og:type\" content=\"article\" \/>\n<meta property=\"og:title\" content=\"\u00a1Conoce a las bandas ganadoras de la convocatoria #TuBandaEnFestivalMarvin! &#171; Reconoce MX\" \/>\n<meta property=\"og:description\" content=\"Como se anunci\u00f3 en conferencia de prensa, el #FestivalMarvin 9a edici\u00f3n abri\u00f3 una convocatoria para darle visibilidad al talento emergente de toda Latinoam\u00e9rica. Bajo el nombre de #TuBandaEnFestivalMarvin se recibieron 600 propuestas de todos los g\u00e9neros.\" \/>\n<meta property=\"og:url\" content=\"https:\/\/www.reconoce.mx\/?p=82134\" \/>\n<meta property=\"og:site_name\" content=\"Reconoce MX\" \/>\n<meta property=\"article:publisher\" content=\"https:\/\/es-la.facebook.com\/ReconoceMX\/\" \/>\n<meta property=\"article:published_time\" content=\"2019-03-29T06:02:21+00:00\" \/>\n<meta property=\"article:modified_time\" content=\"2019-03-29T13:03:21+00:00\" \/>\n<meta property=\"og:image\" content=\"https:\/\/www.reconoce.mx\/wp-content\/uploads\/2019\/03\/FESTIVAL-MARVIN-2019.jpg\" \/>\n\t<meta property=\"og:image:width\" content=\"588\" \/>\n\t<meta property=\"og:image:height\" content=\"380\" \/>\n\t<meta property=\"og:image:type\" content=\"image\/jpeg\" \/>\n<meta name=\"author\" content=\"Reconoce MX\" \/>\n<meta name=\"twitter:card\" content=\"summary_large_image\" \/>\n<meta name=\"twitter:creator\" content=\"@reconocemx\" \/>\n<meta name=\"twitter:site\" content=\"@reconocemx\" \/>\n<meta name=\"twitter:label1\" content=\"Escrito por\" \/>\n\t<meta name=\"twitter:data1\" content=\"Reconoce MX\" \/>\n\t<meta name=\"twitter:label2\" content=\"Tiempo de lectura\" \/>\n\t<meta name=\"twitter:data2\" content=\"1 minuto\" \/>\n<script type=\"application\/ld+json\" class=\"yoast-schema-graph\">{\"@context\":\"https:\/\/schema.org\",\"@graph\":[{\"@type\":\"Article\",\"@id\":\"https:\/\/www.reconoce.mx\/?p=82134#article\",\"isPartOf\":{\"@id\":\"https:\/\/www.reconoce.mx\/?p=82134\"},\"author\":{\"name\":\"Reconoce MX\",\"@id\":\"http:\/\/www.reconoce.mx\/#\/schema\/person\/2117e997d7051dc15d6880eaf9bca0b2\"},\"headline\":\"\u00a1Conoce a las bandas ganadoras de la convocatoria #TuBandaEnFestivalMarvin!\",\"datePublished\":\"2019-03-29T06:02:21+00:00\",\"dateModified\":\"2019-03-29T13:03:21+00:00\",\"mainEntityOfPage\":{\"@id\":\"https:\/\/www.reconoce.mx\/?p=82134\"},\"wordCount\":304,\"commentCount\":0,\"publisher\":{\"@id\":\"http:\/\/www.reconoce.mx\/#organization\"},\"image\":{\"@id\":\"https:\/\/www.reconoce.mx\/?p=82134#primaryimage\"},\"thumbnailUrl\":\"http:\/\/www.reconoce.mx\/wp-content\/uploads\/2019\/03\/FESTIVAL-MARVIN-2019.jpg\",\"articleSection\":[\"Cultura\",\"M\u00fasica\",\"Principal\"],\"inLanguage\":\"es\",\"potentialAction\":[{\"@type\":\"CommentAction\",\"name\":\"Comment\",\"target\":[\"https:\/\/www.reconoce.mx\/?p=82134#respond\"]}]},{\"@type\":\"WebPage\",\"@id\":\"https:\/\/www.reconoce.mx\/?p=82134\",\"url\":\"https:\/\/www.reconoce.mx\/?p=82134\",\"name\":\"\u00a1Conoce a las bandas ganadoras de la convocatoria #TuBandaEnFestivalMarvin! &#171; Reconoce MX\",\"isPartOf\":{\"@id\":\"http:\/\/www.reconoce.mx\/#website\"},\"primaryImageOfPage\":{\"@id\":\"https:\/\/www.reconoce.mx\/?p=82134#primaryimage\"},\"image\":{\"@id\":\"https:\/\/www.reconoce.mx\/?p=82134#primaryimage\"},\"thumbnailUrl\":\"http:\/\/www.reconoce.mx\/wp-content\/uploads\/2019\/03\/FESTIVAL-MARVIN-2019.jpg\",\"datePublished\":\"2019-03-29T06:02:21+00:00\",\"dateModified\":\"2019-03-29T13:03:21+00:00\",\"breadcrumb\":{\"@id\":\"https:\/\/www.reconoce.mx\/?p=82134#breadcrumb\"},\"inLanguage\":\"es\",\"potentialAction\":[{\"@type\":\"ReadAction\",\"target\":[\"https:\/\/www.reconoce.mx\/?p=82134\"]}]},{\"@type\":\"ImageObject\",\"inLanguage\":\"es\",\"@id\":\"https:\/\/www.reconoce.mx\/?p=82134#primaryimage\",\"url\":\"http:\/\/www.reconoce.mx\/wp-content\/uploads\/2019\/03\/FESTIVAL-MARVIN-2019.jpg\",\"contentUrl\":\"http:\/\/www.reconoce.mx\/wp-content\/uploads\/2019\/03\/FESTIVAL-MARVIN-2019.jpg\",\"width\":588,\"height\":380},{\"@type\":\"BreadcrumbList\",\"@id\":\"https:\/\/www.reconoce.mx\/?p=82134#breadcrumb\",\"itemListElement\":[{\"@type\":\"ListItem\",\"position\":1,\"name\":\"Portada\",\"item\":\"http:\/\/www.reconoce.mx\/\"},{\"@type\":\"ListItem\",\"position\":2,\"name\":\"\u00a1Conoce a las bandas ganadoras de la convocatoria #TuBandaEnFestivalMarvin!\"}]},{\"@type\":\"WebSite\",\"@id\":\"http:\/\/www.reconoce.mx\/#website\",\"url\":\"http:\/\/www.reconoce.mx\/\",\"name\":\"Reconoce MX\",\"description\":\"En Reconoce MX difundimos arte, cultura y conciencia social en M\u00e9xico. Tu ciudad en otra perspectiva.\",\"publisher\":{\"@id\":\"http:\/\/www.reconoce.mx\/#organization\"},\"potentialAction\":[{\"@type\":\"SearchAction\",\"target\":{\"@type\":\"EntryPoint\",\"urlTemplate\":\"http:\/\/www.reconoce.mx\/?s={search_term_string}\"},\"query-input\":{\"@type\":\"PropertyValueSpecification\",\"valueRequired\":true,\"valueName\":\"search_term_string\"}}],\"inLanguage\":\"es\"},{\"@type\":\"Organization\",\"@id\":\"http:\/\/www.reconoce.mx\/#organization\",\"name\":\"Reconoce MX\",\"url\":\"http:\/\/www.reconoce.mx\/\",\"logo\":{\"@type\":\"ImageObject\",\"inLanguage\":\"es\",\"@id\":\"http:\/\/www.reconoce.mx\/#\/schema\/logo\/image\/\",\"url\":\"https:\/\/www.reconoce.mx\/wp-content\/uploads\/2019\/03\/logorcmx-good-1.png\",\"contentUrl\":\"https:\/\/www.reconoce.mx\/wp-content\/uploads\/2019\/03\/logorcmx-good-1.png\",\"width\":280,\"height\":90,\"caption\":\"Reconoce MX\"},\"image\":{\"@id\":\"http:\/\/www.reconoce.mx\/#\/schema\/logo\/image\/\"},\"sameAs\":[\"https:\/\/es-la.facebook.com\/ReconoceMX\/\",\"https:\/\/x.com\/reconocemx\",\"http:\/\/@reconocemx\"]},{\"@type\":\"Person\",\"@id\":\"http:\/\/www.reconoce.mx\/#\/schema\/person\/2117e997d7051dc15d6880eaf9bca0b2\",\"name\":\"Reconoce MX\",\"image\":{\"@type\":\"ImageObject\",\"inLanguage\":\"es\",\"@id\":\"http:\/\/www.reconoce.mx\/#\/schema\/person\/image\/\",\"url\":\"https:\/\/secure.gravatar.com\/avatar\/6c8d4dc7569ca1c90c5fdcc349f839d5ddef6fe1e70b4337ead2ef1a4c43fc3a?s=96&d=identicon&r=g\",\"contentUrl\":\"https:\/\/secure.gravatar.com\/avatar\/6c8d4dc7569ca1c90c5fdcc349f839d5ddef6fe1e70b4337ead2ef1a4c43fc3a?s=96&d=identicon&r=g\",\"caption\":\"Reconoce MX\"},\"description\":\"Reconoce MX es un proyecto de difusi\u00f3n art\u00edstica, cultural y de conciencia social que est\u00e1 enfocado a difundir y fomentar el entretenimiento alternativo de calidad para todo el p\u00fablico que comparta el mismo entusiasmo.\",\"sameAs\":[\"http:\/\/www.reconoce.mx\"],\"url\":\"http:\/\/www.reconoce.mx\/?author=2\"}]}<\/script>\n<!-- \/ Yoast SEO plugin. -->","yoast_head_json":{"title":"\u00a1Conoce a las bandas ganadoras de la convocatoria #TuBandaEnFestivalMarvin! &#171; Reconoce MX","robots":{"index":"index","follow":"follow","max-snippet":"max-snippet:-1","max-image-preview":"max-image-preview:large","max-video-preview":"max-video-preview:-1"},"canonical":"https:\/\/www.reconoce.mx\/?p=82134","og_locale":"es_ES","og_type":"article","og_title":"\u00a1Conoce a las bandas ganadoras de la convocatoria #TuBandaEnFestivalMarvin! &#171; Reconoce MX","og_description":"Como se anunci\u00f3 en conferencia de prensa, el #FestivalMarvin 9a edici\u00f3n abri\u00f3 una convocatoria para darle visibilidad al talento emergente de toda Latinoam\u00e9rica. Bajo el nombre de #TuBandaEnFestivalMarvin se recibieron 600 propuestas de todos los g\u00e9neros.","og_url":"https:\/\/www.reconoce.mx\/?p=82134","og_site_name":"Reconoce MX","article_publisher":"https:\/\/es-la.facebook.com\/ReconoceMX\/","article_published_time":"2019-03-29T06:02:21+00:00","article_modified_time":"2019-03-29T13:03:21+00:00","og_image":[{"width":588,"height":380,"url":"https:\/\/www.reconoce.mx\/wp-content\/uploads\/2019\/03\/FESTIVAL-MARVIN-2019.jpg","type":"image\/jpeg"}],"author":"Reconoce MX","twitter_card":"summary_large_image","twitter_creator":"@reconocemx","twitter_site":"@reconocemx","twitter_misc":{"Escrito por":"Reconoce MX","Tiempo de lectura":"1 minuto"},"schema":{"@context":"https:\/\/schema.org","@graph":[{"@type":"Article","@id":"https:\/\/www.reconoce.mx\/?p=82134#article","isPartOf":{"@id":"https:\/\/www.reconoce.mx\/?p=82134"},"author":{"name":"Reconoce MX","@id":"http:\/\/www.reconoce.mx\/#\/schema\/person\/2117e997d7051dc15d6880eaf9bca0b2"},"headline":"\u00a1Conoce a las bandas ganadoras de la convocatoria #TuBandaEnFestivalMarvin!","datePublished":"2019-03-29T06:02:21+00:00","dateModified":"2019-03-29T13:03:21+00:00","mainEntityOfPage":{"@id":"https:\/\/www.reconoce.mx\/?p=82134"},"wordCount":304,"commentCount":0,"publisher":{"@id":"http:\/\/www.reconoce.mx\/#organization"},"image":{"@id":"https:\/\/www.reconoce.mx\/?p=82134#primaryimage"},"thumbnailUrl":"http:\/\/www.reconoce.mx\/wp-content\/uploads\/2019\/03\/FESTIVAL-MARVIN-2019.jpg","articleSection":["Cultura","M\u00fasica","Principal"],"inLanguage":"es","potentialAction":[{"@type":"CommentAction","name":"Comment","target":["https:\/\/www.reconoce.mx\/?p=82134#respond"]}]},{"@type":"WebPage","@id":"https:\/\/www.reconoce.mx\/?p=82134","url":"https:\/\/www.reconoce.mx\/?p=82134","name":"\u00a1Conoce a las bandas ganadoras de la convocatoria #TuBandaEnFestivalMarvin! &#171; Reconoce MX","isPartOf":{"@id":"http:\/\/www.reconoce.mx\/#website"},"primaryImageOfPage":{"@id":"https:\/\/www.reconoce.mx\/?p=82134#primaryimage"},"image":{"@id":"https:\/\/www.reconoce.mx\/?p=82134#primaryimage"},"thumbnailUrl":"http:\/\/www.reconoce.mx\/wp-content\/uploads\/2019\/03\/FESTIVAL-MARVIN-2019.jpg","datePublished":"2019-03-29T06:02:21+00:00","dateModified":"2019-03-29T13:03:21+00:00","breadcrumb":{"@id":"https:\/\/www.reconoce.mx\/?p=82134#breadcrumb"},"inLanguage":"es","potentialAction":[{"@type":"ReadAction","target":["https:\/\/www.reconoce.mx\/?p=82134"]}]},{"@type":"ImageObject","inLanguage":"es","@id":"https:\/\/www.reconoce.mx\/?p=82134#primaryimage","url":"http:\/\/www.reconoce.mx\/wp-content\/uploads\/2019\/03\/FESTIVAL-MARVIN-2019.jpg","contentUrl":"http:\/\/www.reconoce.mx\/wp-content\/uploads\/2019\/03\/FESTIVAL-MARVIN-2019.jpg","width":588,"height":380},{"@type":"BreadcrumbList","@id":"https:\/\/www.reconoce.mx\/?p=82134#breadcrumb","itemListElement":[{"@type":"ListItem","position":1,"name":"Portada","item":"http:\/\/www.reconoce.mx\/"},{"@type":"ListItem","position":2,"name":"\u00a1Conoce a las bandas ganadoras de la convocatoria #TuBandaEnFestivalMarvin!"}]},{"@type":"WebSite","@id":"http:\/\/www.reconoce.mx\/#website","url":"http:\/\/www.reconoce.mx\/","name":"Reconoce MX","description":"En Reconoce MX difundimos arte, cultura y conciencia social en M\u00e9xico. Tu ciudad en otra perspectiva.","publisher":{"@id":"http:\/\/www.reconoce.mx\/#organization"},"potentialAction":[{"@type":"SearchAction","target":{"@type":"EntryPoint","urlTemplate":"http:\/\/www.reconoce.mx\/?s={search_term_string}"},"query-input":{"@type":"PropertyValueSpecification","valueRequired":true,"valueName":"search_term_string"}}],"inLanguage":"es"},{"@type":"Organization","@id":"http:\/\/www.reconoce.mx\/#organization","name":"Reconoce MX","url":"http:\/\/www.reconoce.mx\/","logo":{"@type":"ImageObject","inLanguage":"es","@id":"http:\/\/www.reconoce.mx\/#\/schema\/logo\/image\/","url":"https:\/\/www.reconoce.mx\/wp-content\/uploads\/2019\/03\/logorcmx-good-1.png","contentUrl":"https:\/\/www.reconoce.mx\/wp-content\/uploads\/2019\/03\/logorcmx-good-1.png","width":280,"height":90,"caption":"Reconoce MX"},"image":{"@id":"http:\/\/www.reconoce.mx\/#\/schema\/logo\/image\/"},"sameAs":["https:\/\/es-la.facebook.com\/ReconoceMX\/","https:\/\/x.com\/reconocemx","http:\/\/@reconocemx"]},{"@type":"Person","@id":"http:\/\/www.reconoce.mx\/#\/schema\/person\/2117e997d7051dc15d6880eaf9bca0b2","name":"Reconoce MX","image":{"@type":"ImageObject","inLanguage":"es","@id":"http:\/\/www.reconoce.mx\/#\/schema\/person\/image\/","url":"https:\/\/secure.gravatar.com\/avatar\/6c8d4dc7569ca1c90c5fdcc349f839d5ddef6fe1e70b4337ead2ef1a4c43fc3a?s=96&d=identicon&r=g","contentUrl":"https:\/\/secure.gravatar.com\/avatar\/6c8d4dc7569ca1c90c5fdcc349f839d5ddef6fe1e70b4337ead2ef1a4c43fc3a?s=96&d=identicon&r=g","caption":"Reconoce MX"},"description":"Reconoce MX es un proyecto de difusi\u00f3n art\u00edstica, cultural y de conciencia social que est\u00e1 enfocado a difundir y fomentar el entretenimiento alternativo de calidad para todo el p\u00fablico que comparta el mismo entusiasmo.","sameAs":["http:\/\/www.reconoce.mx"],"url":"http:\/\/www.reconoce.mx\/?author=2"}]}},"_links":{"self":[{"href":"http:\/\/www.reconoce.mx\/index.php?rest_route=\/wp\/v2\/posts\/82134","targetHints":{"allow":["GET"]}}],"collection":[{"href":"http:\/\/www.reconoce.mx\/index.php?rest_route=\/wp\/v2\/posts"}],"about":[{"href":"http:\/\/www.reconoce.mx\/index.php?rest_route=\/wp\/v2\/types\/post"}],"author":[{"embeddable":true,"href":"http:\/\/www.reconoce.mx\/index.php?rest_route=\/wp\/v2\/users\/2"}],"replies":[{"embeddable":true,"href":"http:\/\/www.reconoce.mx\/index.php?rest_route=%2Fwp%2Fv2%2Fcomments&post=82134"}],"version-history":[{"count":3,"href":"http:\/\/www.reconoce.mx\/index.php?rest_route=\/wp\/v2\/posts\/82134\/revisions"}],"predecessor-version":[{"id":82358,"href":"http:\/\/www.reconoce.mx\/index.php?rest_route=\/wp\/v2\/posts\/82134\/revisions\/82358"}],"wp:featuredmedia":[{"embeddable":true,"href":"http:\/\/www.reconoce.mx\/index.php?rest_route=\/wp\/v2\/media\/82137"}],"wp:attachment":[{"href":"http:\/\/www.reconoce.mx\/index.php?rest_route=%2Fwp%2Fv2%2Fmedia&parent=82134"}],"wp:term":[{"taxonomy":"category","embeddable":true,"href":"http:\/\/www.reconoce.mx\/index.php?rest_route=%2Fwp%2Fv2%2Fcategories&post=82134"},{"taxonomy":"post_tag","embeddable":true,"href":"http:\/\/www.reconoce.mx\/index.php?rest_route=%2Fwp%2Fv2%2Ftags&post=82134"}],"curies":[{"name":"wp","href":"https:\/\/api.w.org\/{rel}","templated":true}]}}