{"id":82193,"date":"2019-03-29T00:01:28","date_gmt":"2019-03-29T06:01:28","guid":{"rendered":"http:\/\/www.reconoce.mx\/?p=82193"},"modified":"2019-03-29T07:03:36","modified_gmt":"2019-03-29T13:03:36","slug":"celebrara-la-maldita-vecindad-en-pleno-dia-de-muertos","status":"publish","type":"post","link":"http:\/\/www.reconoce.mx\/?p=82193","title":{"rendered":"Celebrar\u00e1 La Maldita Vecindad en pleno D\u00eda de Muertos"},"content":{"rendered":"<p><strong>Por <a href=\"https:\/\/twitter.com\/bere_alamo\" target=\"_blank\" rel=\"noopener noreferrer\">Berenice Alamilla Monta\u00f1o<\/a><\/strong>.<\/p>\n<p><strong>Maldita Vecindad y los Hijos del Quinto Patio<\/strong> es una banda de origen mexicano que nace en 1985, alternando distintos ritmos como el rock, el reggae y el punk, contando con fuertes influencias del danz\u00f3n y el bolero; lograron dar vida a un genero conocido como alterlatino o rock mestizo, de la mano de <strong>Los Fabulosos Cadillacs<\/strong> y <strong>Mano Negra<\/strong>.<\/p>\n<p><a href=\"http:\/\/www.reconoce.mx\/wp-content\/uploads\/2019\/03\/MVACDMX.jpeg\"><img loading=\"lazy\" decoding=\"async\" class=\"aligncenter size-full wp-image-82196\" src=\"http:\/\/www.reconoce.mx\/wp-content\/uploads\/2019\/03\/MVACDMX.jpeg\" alt=\"\" width=\"735\" height=\"1280\" srcset=\"http:\/\/www.reconoce.mx\/wp-content\/uploads\/2019\/03\/MVACDMX.jpeg 735w, http:\/\/www.reconoce.mx\/wp-content\/uploads\/2019\/03\/MVACDMX-172x300.jpeg 172w, http:\/\/www.reconoce.mx\/wp-content\/uploads\/2019\/03\/MVACDMX-588x1024.jpeg 588w, http:\/\/www.reconoce.mx\/wp-content\/uploads\/2019\/03\/MVACDMX-150x261.jpeg 150w, http:\/\/www.reconoce.mx\/wp-content\/uploads\/2019\/03\/MVACDMX-700x1219.jpeg 700w, http:\/\/www.reconoce.mx\/wp-content\/uploads\/2019\/03\/MVACDMX-658x1146.jpeg 658w, http:\/\/www.reconoce.mx\/wp-content\/uploads\/2019\/03\/MVACDMX-300x522.jpeg 300w\" sizes=\"auto, (max-width: 735px) 100vw, 735px\" \/><\/a><\/p>\n<p>Adem\u00e1s de las canciones pegajosas y llenas de ritmo que los dieron a conocer, tales como \u201cPachuco\u201d, \u201cKumbala\u201d, \u201cSol\u00edn\u201d y \u201cUn gran circo\u201d, por mencionar algunos de sus mayores \u00e9xitos, lo que hizo que destacara el estilo de<strong> La Maldita<\/strong> definitivamente fue la influencia chicana que reflejaban en su forma de vestir e incluso de presentarse, usando atuendos cl\u00e1sicos de \u201cpachucos\u201d que se caracterizaban por utilizar pantalones holgados y un paliacate en la frente, haciendo una referencia a la imagen mestiza, norteamericana y latina, que se gener\u00f3 entre los a\u00f1os 40 y 50.<\/p>\n<p>En la \u00e9poca donde surge el <strong>Rock en tu Idioma<\/strong>, por ah\u00ed de finales de los 80, llega a la escena musical <strong>Maldita Vecindad y los Hijos del Quinto Patio<\/strong>, quienes rinden un tributo al \u201cPachuco de Oro\u201d, <strong>Germ\u00e1n Vald\u00e9s<\/strong> mejor conocido como <strong>Tin Tan<\/strong> -uno de los actores m\u00e1s importantes de aquella \u00e9poca-, adem\u00e1s de ser la voz que introduce el sencillo m\u00e1s popular de la banda: \u201cPachuco\u201d.<\/p>\n<p>Por otro lado, <strong>La Maldita<\/strong> se ha caracterizado por tocar temas sociales y pol\u00edticos tanto en sus canciones como al momento de subirse al escenario. Un ejemplo de esto, data desde sus inicios, cuando en 1985 hicieron su primera aparici\u00f3n como banda consolidada, en pro de los damnificados del sismo de ese a\u00f1o. Adem\u00e1s de verse involucrados en diversas manifestaciones a lo largo de su carrera musical, sus letras tambi\u00e9n suelen estar cargadas de cr\u00edticas sociales, como uno de sus sencillos del disco \u201cMostros\u201d, el cual habla, como su nombre lo indica, del \u201c2 de octubre\u201d, \u00e9sto con la intenci\u00f3n de conmemorar los eventos ocurridos treinta a\u00f1os antes.<\/p>\n<p>La <strong>Maldita Vecindad y los Hijos del Quinto Patio<\/strong>, una de las bandas mexicanas m\u00e1s importantes del rock en espa\u00f1ol, vuelven al escenario, esta vez el 2 de noviembre para darle vida a una celebraci\u00f3n por el d\u00eda de muertos, un evento que se llevar\u00e1 a cabo en la <strong>Arena Ciudad de M\u00e9xico<\/strong>. Boletos, que van desde los $200 hasta los $650, ya a la venta a trav\u00e9s de <strong><a href=\"https:\/\/web.superboletos.com\/SuperBoletos\/CDMXYEDOMEX\/CONCIERTO\/MALDITA-VECINDAD-DIA-DE-MUERTOS-EN-LA-VECINDAD\/677sv9UTpskJHU1xVY4XiA\" target=\"_blank\" rel=\"noopener noreferrer\">S\u00faper Boletos<\/a><\/strong>.<\/p>\n<p>&nbsp;<\/p>\n<p>&nbsp;<\/p>\n","protected":false},"excerpt":{"rendered":"<p>Maldita Vecindad y los Hijos del Quinto Patio es una banda de origen mexicano que nace en 1985, alternando distintos ritmos como el rock, el reggae y el punk, contando con fuertes influencias del danz\u00f3n y el bolero.<\/p>\n","protected":false},"author":2,"featured_media":82195,"comment_status":"open","ping_status":"open","sticky":false,"template":"","format":"standard","meta":{"footnotes":""},"categories":[1,18,17],"tags":[],"class_list":["post-82193","post","type-post","status-publish","format-standard","has-post-thumbnail","hentry","category-cultura","category-musica","category-principal"],"yoast_head":"<!-- This site is optimized with the Yoast SEO plugin v24.7 - https:\/\/yoast.com\/wordpress\/plugins\/seo\/ -->\n<title>Celebrar\u00e1 La Maldita Vecindad en pleno D\u00eda de Muertos &#171; Reconoce MX<\/title>\n<meta name=\"robots\" content=\"index, follow, max-snippet:-1, max-image-preview:large, max-video-preview:-1\" \/>\n<link rel=\"canonical\" href=\"http:\/\/www.reconoce.mx\/?p=82193\" \/>\n<meta property=\"og:locale\" content=\"es_ES\" \/>\n<meta property=\"og:type\" content=\"article\" \/>\n<meta property=\"og:title\" content=\"Celebrar\u00e1 La Maldita Vecindad en pleno D\u00eda de Muertos &#171; Reconoce MX\" \/>\n<meta property=\"og:description\" content=\"Maldita Vecindad y los Hijos del Quinto Patio es una banda de origen mexicano que nace en 1985, alternando distintos ritmos como el rock, el reggae y el punk, contando con fuertes influencias del danz\u00f3n y el bolero.\" \/>\n<meta property=\"og:url\" content=\"http:\/\/www.reconoce.mx\/?p=82193\" \/>\n<meta property=\"og:site_name\" content=\"Reconoce MX\" \/>\n<meta property=\"article:publisher\" content=\"https:\/\/es-la.facebook.com\/ReconoceMX\/\" \/>\n<meta property=\"article:published_time\" content=\"2019-03-29T06:01:28+00:00\" \/>\n<meta property=\"article:modified_time\" content=\"2019-03-29T13:03:36+00:00\" \/>\n<meta property=\"og:image\" content=\"http:\/\/www.reconoce.mx\/wp-content\/uploads\/2019\/03\/d\u00eda-de-muertos-en-la-vecindad-cover.jpg\" \/>\n\t<meta property=\"og:image:width\" content=\"590\" \/>\n\t<meta property=\"og:image:height\" content=\"380\" \/>\n\t<meta property=\"og:image:type\" content=\"image\/jpeg\" \/>\n<meta name=\"author\" content=\"Reconoce MX\" \/>\n<meta name=\"twitter:card\" content=\"summary_large_image\" \/>\n<meta name=\"twitter:creator\" content=\"@reconocemx\" \/>\n<meta name=\"twitter:site\" content=\"@reconocemx\" \/>\n<meta name=\"twitter:label1\" content=\"Escrito por\" \/>\n\t<meta name=\"twitter:data1\" content=\"Reconoce MX\" \/>\n\t<meta name=\"twitter:label2\" content=\"Tiempo de lectura\" \/>\n\t<meta name=\"twitter:data2\" content=\"2 minutos\" \/>\n<script type=\"application\/ld+json\" class=\"yoast-schema-graph\">{\"@context\":\"https:\/\/schema.org\",\"@graph\":[{\"@type\":\"Article\",\"@id\":\"http:\/\/www.reconoce.mx\/?p=82193#article\",\"isPartOf\":{\"@id\":\"http:\/\/www.reconoce.mx\/?p=82193\"},\"author\":{\"name\":\"Reconoce MX\",\"@id\":\"http:\/\/www.reconoce.mx\/#\/schema\/person\/2117e997d7051dc15d6880eaf9bca0b2\"},\"headline\":\"Celebrar\u00e1 La Maldita Vecindad en pleno D\u00eda de Muertos\",\"datePublished\":\"2019-03-29T06:01:28+00:00\",\"dateModified\":\"2019-03-29T13:03:36+00:00\",\"mainEntityOfPage\":{\"@id\":\"http:\/\/www.reconoce.mx\/?p=82193\"},\"wordCount\":434,\"commentCount\":0,\"publisher\":{\"@id\":\"http:\/\/www.reconoce.mx\/#organization\"},\"image\":{\"@id\":\"http:\/\/www.reconoce.mx\/?p=82193#primaryimage\"},\"thumbnailUrl\":\"http:\/\/www.reconoce.mx\/wp-content\/uploads\/2019\/03\/d\u00eda-de-muertos-en-la-vecindad-cover.jpg\",\"articleSection\":[\"Cultura\",\"M\u00fasica\",\"Principal\"],\"inLanguage\":\"es\",\"potentialAction\":[{\"@type\":\"CommentAction\",\"name\":\"Comment\",\"target\":[\"http:\/\/www.reconoce.mx\/?p=82193#respond\"]}]},{\"@type\":\"WebPage\",\"@id\":\"http:\/\/www.reconoce.mx\/?p=82193\",\"url\":\"http:\/\/www.reconoce.mx\/?p=82193\",\"name\":\"Celebrar\u00e1 La Maldita Vecindad en pleno D\u00eda de Muertos &#171; Reconoce MX\",\"isPartOf\":{\"@id\":\"http:\/\/www.reconoce.mx\/#website\"},\"primaryImageOfPage\":{\"@id\":\"http:\/\/www.reconoce.mx\/?p=82193#primaryimage\"},\"image\":{\"@id\":\"http:\/\/www.reconoce.mx\/?p=82193#primaryimage\"},\"thumbnailUrl\":\"http:\/\/www.reconoce.mx\/wp-content\/uploads\/2019\/03\/d\u00eda-de-muertos-en-la-vecindad-cover.jpg\",\"datePublished\":\"2019-03-29T06:01:28+00:00\",\"dateModified\":\"2019-03-29T13:03:36+00:00\",\"breadcrumb\":{\"@id\":\"http:\/\/www.reconoce.mx\/?p=82193#breadcrumb\"},\"inLanguage\":\"es\",\"potentialAction\":[{\"@type\":\"ReadAction\",\"target\":[\"http:\/\/www.reconoce.mx\/?p=82193\"]}]},{\"@type\":\"ImageObject\",\"inLanguage\":\"es\",\"@id\":\"http:\/\/www.reconoce.mx\/?p=82193#primaryimage\",\"url\":\"http:\/\/www.reconoce.mx\/wp-content\/uploads\/2019\/03\/d\u00eda-de-muertos-en-la-vecindad-cover.jpg\",\"contentUrl\":\"http:\/\/www.reconoce.mx\/wp-content\/uploads\/2019\/03\/d\u00eda-de-muertos-en-la-vecindad-cover.jpg\",\"width\":590,\"height\":380},{\"@type\":\"BreadcrumbList\",\"@id\":\"http:\/\/www.reconoce.mx\/?p=82193#breadcrumb\",\"itemListElement\":[{\"@type\":\"ListItem\",\"position\":1,\"name\":\"Portada\",\"item\":\"http:\/\/www.reconoce.mx\/\"},{\"@type\":\"ListItem\",\"position\":2,\"name\":\"Celebrar\u00e1 La Maldita Vecindad en pleno D\u00eda de Muertos\"}]},{\"@type\":\"WebSite\",\"@id\":\"http:\/\/www.reconoce.mx\/#website\",\"url\":\"http:\/\/www.reconoce.mx\/\",\"name\":\"Reconoce MX\",\"description\":\"En Reconoce MX difundimos arte, cultura y conciencia social en M\u00e9xico. Tu ciudad en otra perspectiva.\",\"publisher\":{\"@id\":\"http:\/\/www.reconoce.mx\/#organization\"},\"potentialAction\":[{\"@type\":\"SearchAction\",\"target\":{\"@type\":\"EntryPoint\",\"urlTemplate\":\"http:\/\/www.reconoce.mx\/?s={search_term_string}\"},\"query-input\":{\"@type\":\"PropertyValueSpecification\",\"valueRequired\":true,\"valueName\":\"search_term_string\"}}],\"inLanguage\":\"es\"},{\"@type\":\"Organization\",\"@id\":\"http:\/\/www.reconoce.mx\/#organization\",\"name\":\"Reconoce MX\",\"url\":\"http:\/\/www.reconoce.mx\/\",\"logo\":{\"@type\":\"ImageObject\",\"inLanguage\":\"es\",\"@id\":\"http:\/\/www.reconoce.mx\/#\/schema\/logo\/image\/\",\"url\":\"https:\/\/www.reconoce.mx\/wp-content\/uploads\/2019\/03\/logorcmx-good-1.png\",\"contentUrl\":\"https:\/\/www.reconoce.mx\/wp-content\/uploads\/2019\/03\/logorcmx-good-1.png\",\"width\":280,\"height\":90,\"caption\":\"Reconoce MX\"},\"image\":{\"@id\":\"http:\/\/www.reconoce.mx\/#\/schema\/logo\/image\/\"},\"sameAs\":[\"https:\/\/es-la.facebook.com\/ReconoceMX\/\",\"https:\/\/x.com\/reconocemx\",\"http:\/\/@reconocemx\"]},{\"@type\":\"Person\",\"@id\":\"http:\/\/www.reconoce.mx\/#\/schema\/person\/2117e997d7051dc15d6880eaf9bca0b2\",\"name\":\"Reconoce MX\",\"image\":{\"@type\":\"ImageObject\",\"inLanguage\":\"es\",\"@id\":\"http:\/\/www.reconoce.mx\/#\/schema\/person\/image\/\",\"url\":\"https:\/\/secure.gravatar.com\/avatar\/6c8d4dc7569ca1c90c5fdcc349f839d5ddef6fe1e70b4337ead2ef1a4c43fc3a?s=96&d=identicon&r=g\",\"contentUrl\":\"https:\/\/secure.gravatar.com\/avatar\/6c8d4dc7569ca1c90c5fdcc349f839d5ddef6fe1e70b4337ead2ef1a4c43fc3a?s=96&d=identicon&r=g\",\"caption\":\"Reconoce MX\"},\"description\":\"Reconoce MX es un proyecto de difusi\u00f3n art\u00edstica, cultural y de conciencia social que est\u00e1 enfocado a difundir y fomentar el entretenimiento alternativo de calidad para todo el p\u00fablico que comparta el mismo entusiasmo.\",\"sameAs\":[\"http:\/\/www.reconoce.mx\"],\"url\":\"http:\/\/www.reconoce.mx\/?author=2\"}]}<\/script>\n<!-- \/ Yoast SEO plugin. -->","yoast_head_json":{"title":"Celebrar\u00e1 La Maldita Vecindad en pleno D\u00eda de Muertos &#171; Reconoce MX","robots":{"index":"index","follow":"follow","max-snippet":"max-snippet:-1","max-image-preview":"max-image-preview:large","max-video-preview":"max-video-preview:-1"},"canonical":"http:\/\/www.reconoce.mx\/?p=82193","og_locale":"es_ES","og_type":"article","og_title":"Celebrar\u00e1 La Maldita Vecindad en pleno D\u00eda de Muertos &#171; Reconoce MX","og_description":"Maldita Vecindad y los Hijos del Quinto Patio es una banda de origen mexicano que nace en 1985, alternando distintos ritmos como el rock, el reggae y el punk, contando con fuertes influencias del danz\u00f3n y el bolero.","og_url":"http:\/\/www.reconoce.mx\/?p=82193","og_site_name":"Reconoce MX","article_publisher":"https:\/\/es-la.facebook.com\/ReconoceMX\/","article_published_time":"2019-03-29T06:01:28+00:00","article_modified_time":"2019-03-29T13:03:36+00:00","og_image":[{"width":590,"height":380,"url":"http:\/\/www.reconoce.mx\/wp-content\/uploads\/2019\/03\/d\u00eda-de-muertos-en-la-vecindad-cover.jpg","type":"image\/jpeg"}],"author":"Reconoce MX","twitter_card":"summary_large_image","twitter_creator":"@reconocemx","twitter_site":"@reconocemx","twitter_misc":{"Escrito por":"Reconoce MX","Tiempo de lectura":"2 minutos"},"schema":{"@context":"https:\/\/schema.org","@graph":[{"@type":"Article","@id":"http:\/\/www.reconoce.mx\/?p=82193#article","isPartOf":{"@id":"http:\/\/www.reconoce.mx\/?p=82193"},"author":{"name":"Reconoce MX","@id":"http:\/\/www.reconoce.mx\/#\/schema\/person\/2117e997d7051dc15d6880eaf9bca0b2"},"headline":"Celebrar\u00e1 La Maldita Vecindad en pleno D\u00eda de Muertos","datePublished":"2019-03-29T06:01:28+00:00","dateModified":"2019-03-29T13:03:36+00:00","mainEntityOfPage":{"@id":"http:\/\/www.reconoce.mx\/?p=82193"},"wordCount":434,"commentCount":0,"publisher":{"@id":"http:\/\/www.reconoce.mx\/#organization"},"image":{"@id":"http:\/\/www.reconoce.mx\/?p=82193#primaryimage"},"thumbnailUrl":"http:\/\/www.reconoce.mx\/wp-content\/uploads\/2019\/03\/d\u00eda-de-muertos-en-la-vecindad-cover.jpg","articleSection":["Cultura","M\u00fasica","Principal"],"inLanguage":"es","potentialAction":[{"@type":"CommentAction","name":"Comment","target":["http:\/\/www.reconoce.mx\/?p=82193#respond"]}]},{"@type":"WebPage","@id":"http:\/\/www.reconoce.mx\/?p=82193","url":"http:\/\/www.reconoce.mx\/?p=82193","name":"Celebrar\u00e1 La Maldita Vecindad en pleno D\u00eda de Muertos &#171; Reconoce MX","isPartOf":{"@id":"http:\/\/www.reconoce.mx\/#website"},"primaryImageOfPage":{"@id":"http:\/\/www.reconoce.mx\/?p=82193#primaryimage"},"image":{"@id":"http:\/\/www.reconoce.mx\/?p=82193#primaryimage"},"thumbnailUrl":"http:\/\/www.reconoce.mx\/wp-content\/uploads\/2019\/03\/d\u00eda-de-muertos-en-la-vecindad-cover.jpg","datePublished":"2019-03-29T06:01:28+00:00","dateModified":"2019-03-29T13:03:36+00:00","breadcrumb":{"@id":"http:\/\/www.reconoce.mx\/?p=82193#breadcrumb"},"inLanguage":"es","potentialAction":[{"@type":"ReadAction","target":["http:\/\/www.reconoce.mx\/?p=82193"]}]},{"@type":"ImageObject","inLanguage":"es","@id":"http:\/\/www.reconoce.mx\/?p=82193#primaryimage","url":"http:\/\/www.reconoce.mx\/wp-content\/uploads\/2019\/03\/d\u00eda-de-muertos-en-la-vecindad-cover.jpg","contentUrl":"http:\/\/www.reconoce.mx\/wp-content\/uploads\/2019\/03\/d\u00eda-de-muertos-en-la-vecindad-cover.jpg","width":590,"height":380},{"@type":"BreadcrumbList","@id":"http:\/\/www.reconoce.mx\/?p=82193#breadcrumb","itemListElement":[{"@type":"ListItem","position":1,"name":"Portada","item":"http:\/\/www.reconoce.mx\/"},{"@type":"ListItem","position":2,"name":"Celebrar\u00e1 La Maldita Vecindad en pleno D\u00eda de Muertos"}]},{"@type":"WebSite","@id":"http:\/\/www.reconoce.mx\/#website","url":"http:\/\/www.reconoce.mx\/","name":"Reconoce MX","description":"En Reconoce MX difundimos arte, cultura y conciencia social en M\u00e9xico. Tu ciudad en otra perspectiva.","publisher":{"@id":"http:\/\/www.reconoce.mx\/#organization"},"potentialAction":[{"@type":"SearchAction","target":{"@type":"EntryPoint","urlTemplate":"http:\/\/www.reconoce.mx\/?s={search_term_string}"},"query-input":{"@type":"PropertyValueSpecification","valueRequired":true,"valueName":"search_term_string"}}],"inLanguage":"es"},{"@type":"Organization","@id":"http:\/\/www.reconoce.mx\/#organization","name":"Reconoce MX","url":"http:\/\/www.reconoce.mx\/","logo":{"@type":"ImageObject","inLanguage":"es","@id":"http:\/\/www.reconoce.mx\/#\/schema\/logo\/image\/","url":"https:\/\/www.reconoce.mx\/wp-content\/uploads\/2019\/03\/logorcmx-good-1.png","contentUrl":"https:\/\/www.reconoce.mx\/wp-content\/uploads\/2019\/03\/logorcmx-good-1.png","width":280,"height":90,"caption":"Reconoce MX"},"image":{"@id":"http:\/\/www.reconoce.mx\/#\/schema\/logo\/image\/"},"sameAs":["https:\/\/es-la.facebook.com\/ReconoceMX\/","https:\/\/x.com\/reconocemx","http:\/\/@reconocemx"]},{"@type":"Person","@id":"http:\/\/www.reconoce.mx\/#\/schema\/person\/2117e997d7051dc15d6880eaf9bca0b2","name":"Reconoce MX","image":{"@type":"ImageObject","inLanguage":"es","@id":"http:\/\/www.reconoce.mx\/#\/schema\/person\/image\/","url":"https:\/\/secure.gravatar.com\/avatar\/6c8d4dc7569ca1c90c5fdcc349f839d5ddef6fe1e70b4337ead2ef1a4c43fc3a?s=96&d=identicon&r=g","contentUrl":"https:\/\/secure.gravatar.com\/avatar\/6c8d4dc7569ca1c90c5fdcc349f839d5ddef6fe1e70b4337ead2ef1a4c43fc3a?s=96&d=identicon&r=g","caption":"Reconoce MX"},"description":"Reconoce MX es un proyecto de difusi\u00f3n art\u00edstica, cultural y de conciencia social que est\u00e1 enfocado a difundir y fomentar el entretenimiento alternativo de calidad para todo el p\u00fablico que comparta el mismo entusiasmo.","sameAs":["http:\/\/www.reconoce.mx"],"url":"http:\/\/www.reconoce.mx\/?author=2"}]}},"_links":{"self":[{"href":"http:\/\/www.reconoce.mx\/index.php?rest_route=\/wp\/v2\/posts\/82193","targetHints":{"allow":["GET"]}}],"collection":[{"href":"http:\/\/www.reconoce.mx\/index.php?rest_route=\/wp\/v2\/posts"}],"about":[{"href":"http:\/\/www.reconoce.mx\/index.php?rest_route=\/wp\/v2\/types\/post"}],"author":[{"embeddable":true,"href":"http:\/\/www.reconoce.mx\/index.php?rest_route=\/wp\/v2\/users\/2"}],"replies":[{"embeddable":true,"href":"http:\/\/www.reconoce.mx\/index.php?rest_route=%2Fwp%2Fv2%2Fcomments&post=82193"}],"version-history":[{"count":2,"href":"http:\/\/www.reconoce.mx\/index.php?rest_route=\/wp\/v2\/posts\/82193\/revisions"}],"predecessor-version":[{"id":82359,"href":"http:\/\/www.reconoce.mx\/index.php?rest_route=\/wp\/v2\/posts\/82193\/revisions\/82359"}],"wp:featuredmedia":[{"embeddable":true,"href":"http:\/\/www.reconoce.mx\/index.php?rest_route=\/wp\/v2\/media\/82195"}],"wp:attachment":[{"href":"http:\/\/www.reconoce.mx\/index.php?rest_route=%2Fwp%2Fv2%2Fmedia&parent=82193"}],"wp:term":[{"taxonomy":"category","embeddable":true,"href":"http:\/\/www.reconoce.mx\/index.php?rest_route=%2Fwp%2Fv2%2Fcategories&post=82193"},{"taxonomy":"post_tag","embeddable":true,"href":"http:\/\/www.reconoce.mx\/index.php?rest_route=%2Fwp%2Fv2%2Ftags&post=82193"}],"curies":[{"name":"wp","href":"https:\/\/api.w.org\/{rel}","templated":true}]}}