{"id":82276,"date":"2019-03-27T00:02:17","date_gmt":"2019-03-27T06:02:17","guid":{"rendered":"http:\/\/www.reconoce.mx\/?p=82276"},"modified":"2019-03-26T23:38:50","modified_gmt":"2019-03-27T05:38:50","slug":"bajate-los-calzones-de-las-insolitas-imagenes-de-aurora","status":"publish","type":"post","link":"http:\/\/www.reconoce.mx\/?p=82276","title":{"rendered":"&#8216;B\u00e1jate los calzones&#8217;, de Las Ins\u00f3litas Im\u00e1genes de Aurora"},"content":{"rendered":"<p><a href=\"http:\/\/www.reconoce.mx\/category\/cultura\/musica\/miercoles-nostalgico\/\"><img loading=\"lazy\" decoding=\"async\" class=\"aligncenter size-full wp-image-38360\" src=\"http:\/\/www.reconoce.mx\/wp-content\/uploads\/2015\/06\/Miercoles.png\" alt=\"Martes\" width=\"550\" height=\"70\" \/><\/a><strong><br \/>\nPor <a title=\"@AsfaltosTweets\" href=\"http:\/\/twitter.com\/AsfaltosTweets\" target=\"_blank\" rel=\"noopener\">Asfaltos<\/a><\/strong>.<\/p>\n<p>Antes de <strong>Caifanes<\/strong> existieron <strong>Las Ins\u00f3litas Im\u00e1genes de Aurora<\/strong>&#8230; Ahora que los <strong>Caifanes<\/strong> est\u00e1n de regreso con su nuevo sencillo \u00abHeridos\u00bb &#8211;<a href=\"http:\/\/www.reconoce.mx\/5rolasparalasemana-del-18-al-24-de-marzo-de-2019\/\" target=\"_blank\" rel=\"noopener\">del que ya les platiqu\u00e9 hace una semana<\/a>-, motivo por el cual me anim\u00e9 a escribir sobre sus inicios, sobre su g\u00e9nesis.<\/p>\n<style>.embed-container { position: relative; padding-bottom: 56.25%; height: 0; overflow: hidden; max-width: 100%; } .embed-container iframe, .embed-container object, .embed-container embed { position: absolute; top: 0; left: 0; width: 100%; height: 100%; }<\/style>\n<div class=\"embed-container\"><iframe src=\"https:\/\/www.youtube.com\/embed\/kjzbKGFj5NE\" frameborder=\"0\" allowfullscreen=\"allowfullscreen\"><\/iframe><\/div>\n<p>&nbsp;<\/p>\n<p>Fue hace 35 a\u00f1os cuando Alejandro Marcovich, impulsado por la intenci\u00f3n de ayudarle a su hermano Carlos a terminar su tesis, comenz\u00f3 un grupo que en su primer tocada se hizo llamar <strong>Frac<\/strong>. El grupo se integr\u00f3 en ese primer momento por los tambi\u00e9n m\u00fasicos Sa\u00fal Hern\u00e1ndez, Alfonso Andr\u00e9 y Leoncio Lara \u00abBon\u00bb. Despu\u00e9s de esa primera tocada, Alejandro volvi\u00f3 a contactar a Sa\u00fal y a Alfonso, y as\u00ed naci\u00f3 Las Ins\u00f3litas Im\u00e1genes de Aurora.<\/p>\n<p>En tiempos donde el rock no contaba con el apoyo del capital &#8211;, <strong>Las Ins\u00f3litas<\/strong> se fueron abriendo paso de forma clandestina.\u00a0La aventura les alcanz\u00f3 para grabar dos demos, uno de ellos en vivo que es del que les comparto su tema \u00abB\u00e1jate los calzones\u00bb.<\/p>\n<p>Lejos del tipo de m\u00fasica que ahora asociamos con <strong>Caifanes<\/strong>, no hay que olvidar que en tiempos de <strong>Las Ins\u00f3litas Im\u00e1genes de Aurora<\/strong> los m\u00fasicos contaban con veintitantos a\u00f1os de edad. S\u00ed, \u00abB\u00e1jate los calzones\u00bb se escucha precisamente como un tema escrito por chicos de su edad; s\u00ed, si me preguntan, un aut\u00e9ntico grito de batalla, jaja.<\/p>\n<p><strong>Las Ins\u00f3litas Im\u00e1genes de Aurora<\/strong> terminaron su recorrido en 1987. \u00bfAdivinan por qu\u00e9? Por roces entre <strong>Alejandro Marcovich<\/strong> y <strong>Sa\u00fal Hern\u00e1ndez<\/strong>. Tiempo despu\u00e9s el destino les volver\u00eda a unir ya en Caifanes -fundada por Sa\u00fal-, aunque como sabemos todos la historia les volver\u00eda a separar de forma definitiva&#8230; S\u00ed, en la nueva \u00abHeridas\u00bb de <strong>Caifanes<\/strong> el nombre de Alejandro Marcovich no figura.<\/p>\n<p>&nbsp;<\/p>\n<p>&nbsp;<\/p>\n","protected":false},"excerpt":{"rendered":"<p>Antes de Caifanes existieron Las Ins\u00f3litas Im\u00e1genes de Aurora\u2026 Ahora que los Caifanes est\u00e1n de regreso con su nuevo sencillo \u201cHeridos\u201d, motivo por el cual me anim\u00e9 a escribir sobre sus inicios, sobre su g\u00e9nesis.<\/p>\n","protected":false},"author":2,"featured_media":82280,"comment_status":"open","ping_status":"open","sticky":false,"template":"","format":"standard","meta":{"footnotes":""},"categories":[1,2580,18,17],"tags":[],"class_list":["post-82276","post","type-post","status-publish","format-standard","has-post-thumbnail","hentry","category-cultura","category-miercoles-nostalgico","category-musica","category-principal"],"yoast_head":"<!-- This site is optimized with the Yoast SEO plugin v24.7 - https:\/\/yoast.com\/wordpress\/plugins\/seo\/ -->\n<title>&#039;B\u00e1jate los calzones&#039;, de Las Ins\u00f3litas Im\u00e1genes de Aurora &#171; Reconoce MX<\/title>\n<meta name=\"robots\" content=\"index, follow, max-snippet:-1, max-image-preview:large, max-video-preview:-1\" \/>\n<link rel=\"canonical\" href=\"http:\/\/www.reconoce.mx\/?p=82276\" \/>\n<meta property=\"og:locale\" content=\"es_ES\" \/>\n<meta property=\"og:type\" content=\"article\" \/>\n<meta property=\"og:title\" content=\"&#039;B\u00e1jate los calzones&#039;, de Las Ins\u00f3litas Im\u00e1genes de Aurora &#171; Reconoce MX\" \/>\n<meta property=\"og:description\" content=\"Antes de Caifanes existieron Las Ins\u00f3litas Im\u00e1genes de Aurora\u2026 Ahora que los Caifanes est\u00e1n de regreso con su nuevo sencillo \u201cHeridos\u201d, motivo por el cual me anim\u00e9 a escribir sobre sus inicios, sobre su g\u00e9nesis.\" \/>\n<meta property=\"og:url\" content=\"http:\/\/www.reconoce.mx\/?p=82276\" \/>\n<meta property=\"og:site_name\" content=\"Reconoce MX\" \/>\n<meta property=\"article:publisher\" content=\"https:\/\/es-la.facebook.com\/ReconoceMX\/\" \/>\n<meta property=\"article:published_time\" content=\"2019-03-27T06:02:17+00:00\" \/>\n<meta property=\"og:image\" content=\"http:\/\/www.reconoce.mx\/wp-content\/uploads\/2019\/03\/las-ins\u00f3litas-im\u00e1genes-de-aurora-cover.jpg\" \/>\n\t<meta property=\"og:image:width\" content=\"590\" \/>\n\t<meta property=\"og:image:height\" content=\"380\" \/>\n\t<meta property=\"og:image:type\" content=\"image\/jpeg\" \/>\n<meta name=\"author\" content=\"Reconoce MX\" \/>\n<meta name=\"twitter:card\" content=\"summary_large_image\" \/>\n<meta name=\"twitter:creator\" content=\"@reconocemx\" \/>\n<meta name=\"twitter:site\" content=\"@reconocemx\" \/>\n<meta name=\"twitter:label1\" content=\"Escrito por\" \/>\n\t<meta name=\"twitter:data1\" content=\"Reconoce MX\" \/>\n\t<meta name=\"twitter:label2\" content=\"Tiempo de lectura\" \/>\n\t<meta name=\"twitter:data2\" content=\"2 minutos\" \/>\n<script type=\"application\/ld+json\" class=\"yoast-schema-graph\">{\"@context\":\"https:\/\/schema.org\",\"@graph\":[{\"@type\":\"Article\",\"@id\":\"http:\/\/www.reconoce.mx\/?p=82276#article\",\"isPartOf\":{\"@id\":\"http:\/\/www.reconoce.mx\/?p=82276\"},\"author\":{\"name\":\"Reconoce MX\",\"@id\":\"http:\/\/www.reconoce.mx\/#\/schema\/person\/2117e997d7051dc15d6880eaf9bca0b2\"},\"headline\":\"&#8216;B\u00e1jate los calzones&#8217;, de Las Ins\u00f3litas Im\u00e1genes de Aurora\",\"datePublished\":\"2019-03-27T06:02:17+00:00\",\"mainEntityOfPage\":{\"@id\":\"http:\/\/www.reconoce.mx\/?p=82276\"},\"wordCount\":329,\"commentCount\":0,\"publisher\":{\"@id\":\"http:\/\/www.reconoce.mx\/#organization\"},\"image\":{\"@id\":\"http:\/\/www.reconoce.mx\/?p=82276#primaryimage\"},\"thumbnailUrl\":\"http:\/\/www.reconoce.mx\/wp-content\/uploads\/2019\/03\/las-ins\u00f3litas-im\u00e1genes-de-aurora-cover.jpg\",\"articleSection\":[\"Cultura\",\"Mi\u00e9rcoles nost\u00e1lgico\",\"M\u00fasica\",\"Principal\"],\"inLanguage\":\"es\",\"potentialAction\":[{\"@type\":\"CommentAction\",\"name\":\"Comment\",\"target\":[\"http:\/\/www.reconoce.mx\/?p=82276#respond\"]}]},{\"@type\":\"WebPage\",\"@id\":\"http:\/\/www.reconoce.mx\/?p=82276\",\"url\":\"http:\/\/www.reconoce.mx\/?p=82276\",\"name\":\"'B\u00e1jate los calzones', de Las Ins\u00f3litas Im\u00e1genes de Aurora &#171; Reconoce MX\",\"isPartOf\":{\"@id\":\"http:\/\/www.reconoce.mx\/#website\"},\"primaryImageOfPage\":{\"@id\":\"http:\/\/www.reconoce.mx\/?p=82276#primaryimage\"},\"image\":{\"@id\":\"http:\/\/www.reconoce.mx\/?p=82276#primaryimage\"},\"thumbnailUrl\":\"http:\/\/www.reconoce.mx\/wp-content\/uploads\/2019\/03\/las-ins\u00f3litas-im\u00e1genes-de-aurora-cover.jpg\",\"datePublished\":\"2019-03-27T06:02:17+00:00\",\"breadcrumb\":{\"@id\":\"http:\/\/www.reconoce.mx\/?p=82276#breadcrumb\"},\"inLanguage\":\"es\",\"potentialAction\":[{\"@type\":\"ReadAction\",\"target\":[\"http:\/\/www.reconoce.mx\/?p=82276\"]}]},{\"@type\":\"ImageObject\",\"inLanguage\":\"es\",\"@id\":\"http:\/\/www.reconoce.mx\/?p=82276#primaryimage\",\"url\":\"http:\/\/www.reconoce.mx\/wp-content\/uploads\/2019\/03\/las-ins\u00f3litas-im\u00e1genes-de-aurora-cover.jpg\",\"contentUrl\":\"http:\/\/www.reconoce.mx\/wp-content\/uploads\/2019\/03\/las-ins\u00f3litas-im\u00e1genes-de-aurora-cover.jpg\",\"width\":590,\"height\":380},{\"@type\":\"BreadcrumbList\",\"@id\":\"http:\/\/www.reconoce.mx\/?p=82276#breadcrumb\",\"itemListElement\":[{\"@type\":\"ListItem\",\"position\":1,\"name\":\"Portada\",\"item\":\"http:\/\/www.reconoce.mx\/\"},{\"@type\":\"ListItem\",\"position\":2,\"name\":\"&#8216;B\u00e1jate los calzones&#8217;, de Las Ins\u00f3litas Im\u00e1genes de Aurora\"}]},{\"@type\":\"WebSite\",\"@id\":\"http:\/\/www.reconoce.mx\/#website\",\"url\":\"http:\/\/www.reconoce.mx\/\",\"name\":\"Reconoce MX\",\"description\":\"En Reconoce MX difundimos arte, cultura y conciencia social en M\u00e9xico. Tu ciudad en otra perspectiva.\",\"publisher\":{\"@id\":\"http:\/\/www.reconoce.mx\/#organization\"},\"potentialAction\":[{\"@type\":\"SearchAction\",\"target\":{\"@type\":\"EntryPoint\",\"urlTemplate\":\"http:\/\/www.reconoce.mx\/?s={search_term_string}\"},\"query-input\":{\"@type\":\"PropertyValueSpecification\",\"valueRequired\":true,\"valueName\":\"search_term_string\"}}],\"inLanguage\":\"es\"},{\"@type\":\"Organization\",\"@id\":\"http:\/\/www.reconoce.mx\/#organization\",\"name\":\"Reconoce MX\",\"url\":\"http:\/\/www.reconoce.mx\/\",\"logo\":{\"@type\":\"ImageObject\",\"inLanguage\":\"es\",\"@id\":\"http:\/\/www.reconoce.mx\/#\/schema\/logo\/image\/\",\"url\":\"https:\/\/www.reconoce.mx\/wp-content\/uploads\/2019\/03\/logorcmx-good-1.png\",\"contentUrl\":\"https:\/\/www.reconoce.mx\/wp-content\/uploads\/2019\/03\/logorcmx-good-1.png\",\"width\":280,\"height\":90,\"caption\":\"Reconoce MX\"},\"image\":{\"@id\":\"http:\/\/www.reconoce.mx\/#\/schema\/logo\/image\/\"},\"sameAs\":[\"https:\/\/es-la.facebook.com\/ReconoceMX\/\",\"https:\/\/x.com\/reconocemx\",\"http:\/\/@reconocemx\"]},{\"@type\":\"Person\",\"@id\":\"http:\/\/www.reconoce.mx\/#\/schema\/person\/2117e997d7051dc15d6880eaf9bca0b2\",\"name\":\"Reconoce MX\",\"image\":{\"@type\":\"ImageObject\",\"inLanguage\":\"es\",\"@id\":\"http:\/\/www.reconoce.mx\/#\/schema\/person\/image\/\",\"url\":\"https:\/\/secure.gravatar.com\/avatar\/6c8d4dc7569ca1c90c5fdcc349f839d5ddef6fe1e70b4337ead2ef1a4c43fc3a?s=96&d=identicon&r=g\",\"contentUrl\":\"https:\/\/secure.gravatar.com\/avatar\/6c8d4dc7569ca1c90c5fdcc349f839d5ddef6fe1e70b4337ead2ef1a4c43fc3a?s=96&d=identicon&r=g\",\"caption\":\"Reconoce MX\"},\"description\":\"Reconoce MX es un proyecto de difusi\u00f3n art\u00edstica, cultural y de conciencia social que est\u00e1 enfocado a difundir y fomentar el entretenimiento alternativo de calidad para todo el p\u00fablico que comparta el mismo entusiasmo.\",\"sameAs\":[\"http:\/\/www.reconoce.mx\"],\"url\":\"http:\/\/www.reconoce.mx\/?author=2\"}]}<\/script>\n<!-- \/ Yoast SEO plugin. -->","yoast_head_json":{"title":"'B\u00e1jate los calzones', de Las Ins\u00f3litas Im\u00e1genes de Aurora &#171; Reconoce MX","robots":{"index":"index","follow":"follow","max-snippet":"max-snippet:-1","max-image-preview":"max-image-preview:large","max-video-preview":"max-video-preview:-1"},"canonical":"http:\/\/www.reconoce.mx\/?p=82276","og_locale":"es_ES","og_type":"article","og_title":"'B\u00e1jate los calzones', de Las Ins\u00f3litas Im\u00e1genes de Aurora &#171; Reconoce MX","og_description":"Antes de Caifanes existieron Las Ins\u00f3litas Im\u00e1genes de Aurora\u2026 Ahora que los Caifanes est\u00e1n de regreso con su nuevo sencillo \u201cHeridos\u201d, motivo por el cual me anim\u00e9 a escribir sobre sus inicios, sobre su g\u00e9nesis.","og_url":"http:\/\/www.reconoce.mx\/?p=82276","og_site_name":"Reconoce MX","article_publisher":"https:\/\/es-la.facebook.com\/ReconoceMX\/","article_published_time":"2019-03-27T06:02:17+00:00","og_image":[{"width":590,"height":380,"url":"http:\/\/www.reconoce.mx\/wp-content\/uploads\/2019\/03\/las-ins\u00f3litas-im\u00e1genes-de-aurora-cover.jpg","type":"image\/jpeg"}],"author":"Reconoce MX","twitter_card":"summary_large_image","twitter_creator":"@reconocemx","twitter_site":"@reconocemx","twitter_misc":{"Escrito por":"Reconoce MX","Tiempo de lectura":"2 minutos"},"schema":{"@context":"https:\/\/schema.org","@graph":[{"@type":"Article","@id":"http:\/\/www.reconoce.mx\/?p=82276#article","isPartOf":{"@id":"http:\/\/www.reconoce.mx\/?p=82276"},"author":{"name":"Reconoce MX","@id":"http:\/\/www.reconoce.mx\/#\/schema\/person\/2117e997d7051dc15d6880eaf9bca0b2"},"headline":"&#8216;B\u00e1jate los calzones&#8217;, de Las Ins\u00f3litas Im\u00e1genes de Aurora","datePublished":"2019-03-27T06:02:17+00:00","mainEntityOfPage":{"@id":"http:\/\/www.reconoce.mx\/?p=82276"},"wordCount":329,"commentCount":0,"publisher":{"@id":"http:\/\/www.reconoce.mx\/#organization"},"image":{"@id":"http:\/\/www.reconoce.mx\/?p=82276#primaryimage"},"thumbnailUrl":"http:\/\/www.reconoce.mx\/wp-content\/uploads\/2019\/03\/las-ins\u00f3litas-im\u00e1genes-de-aurora-cover.jpg","articleSection":["Cultura","Mi\u00e9rcoles nost\u00e1lgico","M\u00fasica","Principal"],"inLanguage":"es","potentialAction":[{"@type":"CommentAction","name":"Comment","target":["http:\/\/www.reconoce.mx\/?p=82276#respond"]}]},{"@type":"WebPage","@id":"http:\/\/www.reconoce.mx\/?p=82276","url":"http:\/\/www.reconoce.mx\/?p=82276","name":"'B\u00e1jate los calzones', de Las Ins\u00f3litas Im\u00e1genes de Aurora &#171; Reconoce MX","isPartOf":{"@id":"http:\/\/www.reconoce.mx\/#website"},"primaryImageOfPage":{"@id":"http:\/\/www.reconoce.mx\/?p=82276#primaryimage"},"image":{"@id":"http:\/\/www.reconoce.mx\/?p=82276#primaryimage"},"thumbnailUrl":"http:\/\/www.reconoce.mx\/wp-content\/uploads\/2019\/03\/las-ins\u00f3litas-im\u00e1genes-de-aurora-cover.jpg","datePublished":"2019-03-27T06:02:17+00:00","breadcrumb":{"@id":"http:\/\/www.reconoce.mx\/?p=82276#breadcrumb"},"inLanguage":"es","potentialAction":[{"@type":"ReadAction","target":["http:\/\/www.reconoce.mx\/?p=82276"]}]},{"@type":"ImageObject","inLanguage":"es","@id":"http:\/\/www.reconoce.mx\/?p=82276#primaryimage","url":"http:\/\/www.reconoce.mx\/wp-content\/uploads\/2019\/03\/las-ins\u00f3litas-im\u00e1genes-de-aurora-cover.jpg","contentUrl":"http:\/\/www.reconoce.mx\/wp-content\/uploads\/2019\/03\/las-ins\u00f3litas-im\u00e1genes-de-aurora-cover.jpg","width":590,"height":380},{"@type":"BreadcrumbList","@id":"http:\/\/www.reconoce.mx\/?p=82276#breadcrumb","itemListElement":[{"@type":"ListItem","position":1,"name":"Portada","item":"http:\/\/www.reconoce.mx\/"},{"@type":"ListItem","position":2,"name":"&#8216;B\u00e1jate los calzones&#8217;, de Las Ins\u00f3litas Im\u00e1genes de Aurora"}]},{"@type":"WebSite","@id":"http:\/\/www.reconoce.mx\/#website","url":"http:\/\/www.reconoce.mx\/","name":"Reconoce MX","description":"En Reconoce MX difundimos arte, cultura y conciencia social en M\u00e9xico. Tu ciudad en otra perspectiva.","publisher":{"@id":"http:\/\/www.reconoce.mx\/#organization"},"potentialAction":[{"@type":"SearchAction","target":{"@type":"EntryPoint","urlTemplate":"http:\/\/www.reconoce.mx\/?s={search_term_string}"},"query-input":{"@type":"PropertyValueSpecification","valueRequired":true,"valueName":"search_term_string"}}],"inLanguage":"es"},{"@type":"Organization","@id":"http:\/\/www.reconoce.mx\/#organization","name":"Reconoce MX","url":"http:\/\/www.reconoce.mx\/","logo":{"@type":"ImageObject","inLanguage":"es","@id":"http:\/\/www.reconoce.mx\/#\/schema\/logo\/image\/","url":"https:\/\/www.reconoce.mx\/wp-content\/uploads\/2019\/03\/logorcmx-good-1.png","contentUrl":"https:\/\/www.reconoce.mx\/wp-content\/uploads\/2019\/03\/logorcmx-good-1.png","width":280,"height":90,"caption":"Reconoce MX"},"image":{"@id":"http:\/\/www.reconoce.mx\/#\/schema\/logo\/image\/"},"sameAs":["https:\/\/es-la.facebook.com\/ReconoceMX\/","https:\/\/x.com\/reconocemx","http:\/\/@reconocemx"]},{"@type":"Person","@id":"http:\/\/www.reconoce.mx\/#\/schema\/person\/2117e997d7051dc15d6880eaf9bca0b2","name":"Reconoce MX","image":{"@type":"ImageObject","inLanguage":"es","@id":"http:\/\/www.reconoce.mx\/#\/schema\/person\/image\/","url":"https:\/\/secure.gravatar.com\/avatar\/6c8d4dc7569ca1c90c5fdcc349f839d5ddef6fe1e70b4337ead2ef1a4c43fc3a?s=96&d=identicon&r=g","contentUrl":"https:\/\/secure.gravatar.com\/avatar\/6c8d4dc7569ca1c90c5fdcc349f839d5ddef6fe1e70b4337ead2ef1a4c43fc3a?s=96&d=identicon&r=g","caption":"Reconoce MX"},"description":"Reconoce MX es un proyecto de difusi\u00f3n art\u00edstica, cultural y de conciencia social que est\u00e1 enfocado a difundir y fomentar el entretenimiento alternativo de calidad para todo el p\u00fablico que comparta el mismo entusiasmo.","sameAs":["http:\/\/www.reconoce.mx"],"url":"http:\/\/www.reconoce.mx\/?author=2"}]}},"_links":{"self":[{"href":"http:\/\/www.reconoce.mx\/index.php?rest_route=\/wp\/v2\/posts\/82276","targetHints":{"allow":["GET"]}}],"collection":[{"href":"http:\/\/www.reconoce.mx\/index.php?rest_route=\/wp\/v2\/posts"}],"about":[{"href":"http:\/\/www.reconoce.mx\/index.php?rest_route=\/wp\/v2\/types\/post"}],"author":[{"embeddable":true,"href":"http:\/\/www.reconoce.mx\/index.php?rest_route=\/wp\/v2\/users\/2"}],"replies":[{"embeddable":true,"href":"http:\/\/www.reconoce.mx\/index.php?rest_route=%2Fwp%2Fv2%2Fcomments&post=82276"}],"version-history":[{"count":2,"href":"http:\/\/www.reconoce.mx\/index.php?rest_route=\/wp\/v2\/posts\/82276\/revisions"}],"predecessor-version":[{"id":82281,"href":"http:\/\/www.reconoce.mx\/index.php?rest_route=\/wp\/v2\/posts\/82276\/revisions\/82281"}],"wp:featuredmedia":[{"embeddable":true,"href":"http:\/\/www.reconoce.mx\/index.php?rest_route=\/wp\/v2\/media\/82280"}],"wp:attachment":[{"href":"http:\/\/www.reconoce.mx\/index.php?rest_route=%2Fwp%2Fv2%2Fmedia&parent=82276"}],"wp:term":[{"taxonomy":"category","embeddable":true,"href":"http:\/\/www.reconoce.mx\/index.php?rest_route=%2Fwp%2Fv2%2Fcategories&post=82276"},{"taxonomy":"post_tag","embeddable":true,"href":"http:\/\/www.reconoce.mx\/index.php?rest_route=%2Fwp%2Fv2%2Ftags&post=82276"}],"curies":[{"name":"wp","href":"https:\/\/api.w.org\/{rel}","templated":true}]}}