{"id":82282,"date":"2019-03-27T00:04:00","date_gmt":"2019-03-27T06:04:00","guid":{"rendered":"http:\/\/www.reconoce.mx\/?p=82282"},"modified":"2019-03-26T23:39:13","modified_gmt":"2019-03-27T05:39:13","slug":"algun-dia-de-siddhartha","status":"publish","type":"post","link":"http:\/\/www.reconoce.mx\/?p=82282","title":{"rendered":"&#8216;Alg\u00fan d\u00eda&#8217;, de Siddhartha"},"content":{"rendered":"<p><a href=\"http:\/\/www.reconoce.mx\/category\/cultura\/musica\/video-de-la-semana\/\"><img loading=\"lazy\" decoding=\"async\" class=\"aligncenter size-full wp-image-38360\" src=\"http:\/\/www.reconoce.mx\/wp-content\/uploads\/2015\/06\/videodelasemana.png\" alt=\"Martes\" width=\"550\" height=\"70\" \/><\/a><strong><br \/>\nPor <a title=\"@AsfaltosTweets\" href=\"http:\/\/twitter.com\/AsfaltosTweets\" target=\"_blank\" rel=\"noopener\">Asfaltos<\/a><\/strong>.<\/p>\n<p>Ya lo hab\u00eda manifestado yo el lunes pasado <a href=\"http:\/\/www.reconoce.mx\/5rolasparalasemana-del-25-al-31-de-marzo-de-2019\/\" target=\"_blank\" rel=\"noopener\">cuando me toc\u00f3 hablar del m\u00e1s reciente sencillo del m\u00fasico tapat\u00edo <strong>Siddhartha<\/strong><\/a>; \u00abAlg\u00fan d\u00eda\u00bb es uno de los temas m\u00e1s destacados que recientemente ha estrenado el m\u00fasico que se enfila as\u00ed ya rumbo a su quinto larga duraci\u00f3n dividido en dos partes: \u00abMemoria\u00bb y \u00abFuturo\u00bb. Pues bien, acompa\u00f1ado de un audiovisual, \u00abAlg\u00fan d\u00eda\u00bb es tambi\u00e9n nuestro <a href=\"http:\/\/www.reconoce.mx\/category\/cultura\/musica\/video-de-la-semana\/\" target=\"_blank\" rel=\"noopener\">Video de la semana<\/a>.<\/p>\n<style>.embed-container { position: relative; padding-bottom: 56.25%; height: 0; overflow: hidden; max-width: 100%; } .embed-container iframe, .embed-container object, .embed-container embed { position: absolute; top: 0; left: 0; width: 100%; height: 100%; }<\/style>\n<div class=\"embed-container\"><iframe src=\"https:\/\/www.youtube.com\/embed\/D5nv1nPKObM\" frameborder=\"0\" allowfullscreen=\"allowfullscreen\"><\/iframe><\/div>\n<p>&nbsp;<\/p>\n<p>Estrenado en pleno inicio de la primavera, \u00abAlg\u00fan d\u00eda\u00bb significa el inicio de una muy interesante campa\u00f1a promocional de la nueva m\u00fasica de <strong>Siddhartha<\/strong>. El video, que fue adelantado a partir de fragmentos en redes sociales de <strong>Siddhartha<\/strong>, se nos termin\u00f3 revelando como parte de un ambicioso proyecto conceptual que el m\u00fasico ha estado trabajando.<\/p>\n<p>Dirigido por <strong>Crist\u00f3bal Gonz\u00e1lez<\/strong> (Unlimited Films), <a href=\"http:\/\/www.reconoce.mx\/a-la-distancia-de-siddhartha\/\" target=\"_blank\" rel=\"noopener\">con quien <strong>Siddhartha<\/strong> ya trabaj\u00f3 ya en su pasado \u00e1lbum \u00ab\u00danicos\u00bb<\/a>, el video de \u00abAlg\u00fan d\u00eda\u00bb nos muestra a un hombre que como quien canta la canci\u00f3n nos revela que no est\u00e1 listo para dejar un amor que le quiere olvidar. Sin conocer mayores razones, y solo observando c\u00f3mo ese amor -o met\u00e1fora de- se le va escapando, notamos tambi\u00e9n que el hombre no dejar\u00e1 tan f\u00e1cilmente aquello por lo que tanto ha anhelado.<\/p>\n<p>Con una muy cuidada fotograf\u00eda, aprovechando paisajes naturales dignos de capturarse en video, \u00abAlg\u00fan d\u00eda\u00bb nos plantea de inicio la aventura de un hombre que luchar\u00e1 por lo que m\u00e1s ama. Ac\u00e1, y estoy especulando, iremos encontrando pistas del pasado de ese amor, pero sobre todo, del futuro que le espera a \u00e9ste: s\u00ed, \u00abMemoria\u00bb y \u00abFuturo\u00bb.<\/p>\n<p>Pues bien, no hay que escribirlo dos veces, la verdad es que lo nuevo de <strong>Siddhartha<\/strong> me entusiasma y mucho. eso s\u00ed, al tiempo que \u00e9ste es apenas el primer paso de una nueva aventura musical.<\/p>\n<p>&nbsp;<\/p>\n<p>&nbsp;<\/p>\n","protected":false},"excerpt":{"rendered":"<p>Ya lo hab\u00eda manifestado yo el lunes pasado cuando me toc\u00f3 hablar del m\u00e1s reciente sencillo del m\u00fasico tapat\u00edo Siddhartha; \u00abAlg\u00fan d\u00eda\u00bb es uno de los temas m\u00e1s destacados que recientemente ha estrenado el m\u00fasico que se enfila as\u00ed ya rumbo a su quinto larga duraci\u00f3n dividido en dos partes: \u00abMemoria\u00bb y \u00abFuturo\u00bb.<\/p>\n","protected":false},"author":2,"featured_media":82285,"comment_status":"open","ping_status":"open","sticky":false,"template":"","format":"standard","meta":{"footnotes":""},"categories":[1,18,17,2575],"tags":[],"class_list":["post-82282","post","type-post","status-publish","format-standard","has-post-thumbnail","hentry","category-cultura","category-musica","category-principal","category-video-de-la-semana"],"yoast_head":"<!-- This site is optimized with the Yoast SEO plugin v24.7 - https:\/\/yoast.com\/wordpress\/plugins\/seo\/ -->\n<title>&#039;Alg\u00fan d\u00eda&#039;, de Siddhartha &#171; Reconoce MX<\/title>\n<meta name=\"robots\" content=\"index, follow, max-snippet:-1, max-image-preview:large, max-video-preview:-1\" \/>\n<link rel=\"canonical\" href=\"https:\/\/www.reconoce.mx\/?p=82282\" \/>\n<meta property=\"og:locale\" content=\"es_ES\" \/>\n<meta property=\"og:type\" content=\"article\" \/>\n<meta property=\"og:title\" content=\"&#039;Alg\u00fan d\u00eda&#039;, de Siddhartha &#171; Reconoce MX\" \/>\n<meta property=\"og:description\" content=\"Ya lo hab\u00eda manifestado yo el lunes pasado cuando me toc\u00f3 hablar del m\u00e1s reciente sencillo del m\u00fasico tapat\u00edo Siddhartha; &quot;Alg\u00fan d\u00eda&quot; es uno de los temas m\u00e1s destacados que recientemente ha estrenado el m\u00fasico que se enfila as\u00ed ya rumbo a su quinto larga duraci\u00f3n dividido en dos partes: &quot;Memoria&quot; y &quot;Futuro&quot;.\" \/>\n<meta property=\"og:url\" content=\"https:\/\/www.reconoce.mx\/?p=82282\" \/>\n<meta property=\"og:site_name\" content=\"Reconoce MX\" \/>\n<meta property=\"article:publisher\" content=\"https:\/\/es-la.facebook.com\/ReconoceMX\/\" \/>\n<meta property=\"article:published_time\" content=\"2019-03-27T06:04:00+00:00\" \/>\n<meta property=\"og:image\" content=\"https:\/\/www.reconoce.mx\/wp-content\/uploads\/2019\/03\/algun-dia-siddhartha.jpg\" \/>\n\t<meta property=\"og:image:width\" content=\"590\" \/>\n\t<meta property=\"og:image:height\" content=\"380\" \/>\n\t<meta property=\"og:image:type\" content=\"image\/jpeg\" \/>\n<meta name=\"author\" content=\"Reconoce MX\" \/>\n<meta name=\"twitter:card\" content=\"summary_large_image\" \/>\n<meta name=\"twitter:creator\" content=\"@reconocemx\" \/>\n<meta name=\"twitter:site\" content=\"@reconocemx\" \/>\n<meta name=\"twitter:label1\" content=\"Escrito por\" \/>\n\t<meta name=\"twitter:data1\" content=\"Reconoce MX\" \/>\n\t<meta name=\"twitter:label2\" content=\"Tiempo de lectura\" \/>\n\t<meta name=\"twitter:data2\" content=\"2 minutos\" \/>\n<script type=\"application\/ld+json\" class=\"yoast-schema-graph\">{\"@context\":\"https:\/\/schema.org\",\"@graph\":[{\"@type\":\"Article\",\"@id\":\"https:\/\/www.reconoce.mx\/?p=82282#article\",\"isPartOf\":{\"@id\":\"https:\/\/www.reconoce.mx\/?p=82282\"},\"author\":{\"name\":\"Reconoce MX\",\"@id\":\"http:\/\/www.reconoce.mx\/#\/schema\/person\/2117e997d7051dc15d6880eaf9bca0b2\"},\"headline\":\"&#8216;Alg\u00fan d\u00eda&#8217;, de Siddhartha\",\"datePublished\":\"2019-03-27T06:04:00+00:00\",\"mainEntityOfPage\":{\"@id\":\"https:\/\/www.reconoce.mx\/?p=82282\"},\"wordCount\":338,\"commentCount\":0,\"publisher\":{\"@id\":\"http:\/\/www.reconoce.mx\/#organization\"},\"image\":{\"@id\":\"https:\/\/www.reconoce.mx\/?p=82282#primaryimage\"},\"thumbnailUrl\":\"http:\/\/www.reconoce.mx\/wp-content\/uploads\/2019\/03\/algun-dia-siddhartha.jpg\",\"articleSection\":[\"Cultura\",\"M\u00fasica\",\"Principal\",\"Video de la semana\"],\"inLanguage\":\"es\",\"potentialAction\":[{\"@type\":\"CommentAction\",\"name\":\"Comment\",\"target\":[\"https:\/\/www.reconoce.mx\/?p=82282#respond\"]}]},{\"@type\":\"WebPage\",\"@id\":\"https:\/\/www.reconoce.mx\/?p=82282\",\"url\":\"https:\/\/www.reconoce.mx\/?p=82282\",\"name\":\"'Alg\u00fan d\u00eda', de Siddhartha &#171; Reconoce MX\",\"isPartOf\":{\"@id\":\"http:\/\/www.reconoce.mx\/#website\"},\"primaryImageOfPage\":{\"@id\":\"https:\/\/www.reconoce.mx\/?p=82282#primaryimage\"},\"image\":{\"@id\":\"https:\/\/www.reconoce.mx\/?p=82282#primaryimage\"},\"thumbnailUrl\":\"http:\/\/www.reconoce.mx\/wp-content\/uploads\/2019\/03\/algun-dia-siddhartha.jpg\",\"datePublished\":\"2019-03-27T06:04:00+00:00\",\"breadcrumb\":{\"@id\":\"https:\/\/www.reconoce.mx\/?p=82282#breadcrumb\"},\"inLanguage\":\"es\",\"potentialAction\":[{\"@type\":\"ReadAction\",\"target\":[\"https:\/\/www.reconoce.mx\/?p=82282\"]}]},{\"@type\":\"ImageObject\",\"inLanguage\":\"es\",\"@id\":\"https:\/\/www.reconoce.mx\/?p=82282#primaryimage\",\"url\":\"http:\/\/www.reconoce.mx\/wp-content\/uploads\/2019\/03\/algun-dia-siddhartha.jpg\",\"contentUrl\":\"http:\/\/www.reconoce.mx\/wp-content\/uploads\/2019\/03\/algun-dia-siddhartha.jpg\",\"width\":590,\"height\":380},{\"@type\":\"BreadcrumbList\",\"@id\":\"https:\/\/www.reconoce.mx\/?p=82282#breadcrumb\",\"itemListElement\":[{\"@type\":\"ListItem\",\"position\":1,\"name\":\"Portada\",\"item\":\"http:\/\/www.reconoce.mx\/\"},{\"@type\":\"ListItem\",\"position\":2,\"name\":\"&#8216;Alg\u00fan d\u00eda&#8217;, de Siddhartha\"}]},{\"@type\":\"WebSite\",\"@id\":\"http:\/\/www.reconoce.mx\/#website\",\"url\":\"http:\/\/www.reconoce.mx\/\",\"name\":\"Reconoce MX\",\"description\":\"En Reconoce MX difundimos arte, cultura y conciencia social en M\u00e9xico. Tu ciudad en otra perspectiva.\",\"publisher\":{\"@id\":\"http:\/\/www.reconoce.mx\/#organization\"},\"potentialAction\":[{\"@type\":\"SearchAction\",\"target\":{\"@type\":\"EntryPoint\",\"urlTemplate\":\"http:\/\/www.reconoce.mx\/?s={search_term_string}\"},\"query-input\":{\"@type\":\"PropertyValueSpecification\",\"valueRequired\":true,\"valueName\":\"search_term_string\"}}],\"inLanguage\":\"es\"},{\"@type\":\"Organization\",\"@id\":\"http:\/\/www.reconoce.mx\/#organization\",\"name\":\"Reconoce MX\",\"url\":\"http:\/\/www.reconoce.mx\/\",\"logo\":{\"@type\":\"ImageObject\",\"inLanguage\":\"es\",\"@id\":\"http:\/\/www.reconoce.mx\/#\/schema\/logo\/image\/\",\"url\":\"https:\/\/www.reconoce.mx\/wp-content\/uploads\/2019\/03\/logorcmx-good-1.png\",\"contentUrl\":\"https:\/\/www.reconoce.mx\/wp-content\/uploads\/2019\/03\/logorcmx-good-1.png\",\"width\":280,\"height\":90,\"caption\":\"Reconoce MX\"},\"image\":{\"@id\":\"http:\/\/www.reconoce.mx\/#\/schema\/logo\/image\/\"},\"sameAs\":[\"https:\/\/es-la.facebook.com\/ReconoceMX\/\",\"https:\/\/x.com\/reconocemx\",\"http:\/\/@reconocemx\"]},{\"@type\":\"Person\",\"@id\":\"http:\/\/www.reconoce.mx\/#\/schema\/person\/2117e997d7051dc15d6880eaf9bca0b2\",\"name\":\"Reconoce MX\",\"image\":{\"@type\":\"ImageObject\",\"inLanguage\":\"es\",\"@id\":\"http:\/\/www.reconoce.mx\/#\/schema\/person\/image\/\",\"url\":\"https:\/\/secure.gravatar.com\/avatar\/6c8d4dc7569ca1c90c5fdcc349f839d5ddef6fe1e70b4337ead2ef1a4c43fc3a?s=96&d=identicon&r=g\",\"contentUrl\":\"https:\/\/secure.gravatar.com\/avatar\/6c8d4dc7569ca1c90c5fdcc349f839d5ddef6fe1e70b4337ead2ef1a4c43fc3a?s=96&d=identicon&r=g\",\"caption\":\"Reconoce MX\"},\"description\":\"Reconoce MX es un proyecto de difusi\u00f3n art\u00edstica, cultural y de conciencia social que est\u00e1 enfocado a difundir y fomentar el entretenimiento alternativo de calidad para todo el p\u00fablico que comparta el mismo entusiasmo.\",\"sameAs\":[\"http:\/\/www.reconoce.mx\"],\"url\":\"http:\/\/www.reconoce.mx\/?author=2\"}]}<\/script>\n<!-- \/ Yoast SEO plugin. -->","yoast_head_json":{"title":"'Alg\u00fan d\u00eda', de Siddhartha &#171; Reconoce MX","robots":{"index":"index","follow":"follow","max-snippet":"max-snippet:-1","max-image-preview":"max-image-preview:large","max-video-preview":"max-video-preview:-1"},"canonical":"https:\/\/www.reconoce.mx\/?p=82282","og_locale":"es_ES","og_type":"article","og_title":"'Alg\u00fan d\u00eda', de Siddhartha &#171; Reconoce MX","og_description":"Ya lo hab\u00eda manifestado yo el lunes pasado cuando me toc\u00f3 hablar del m\u00e1s reciente sencillo del m\u00fasico tapat\u00edo Siddhartha; \"Alg\u00fan d\u00eda\" es uno de los temas m\u00e1s destacados que recientemente ha estrenado el m\u00fasico que se enfila as\u00ed ya rumbo a su quinto larga duraci\u00f3n dividido en dos partes: \"Memoria\" y \"Futuro\".","og_url":"https:\/\/www.reconoce.mx\/?p=82282","og_site_name":"Reconoce MX","article_publisher":"https:\/\/es-la.facebook.com\/ReconoceMX\/","article_published_time":"2019-03-27T06:04:00+00:00","og_image":[{"width":590,"height":380,"url":"https:\/\/www.reconoce.mx\/wp-content\/uploads\/2019\/03\/algun-dia-siddhartha.jpg","type":"image\/jpeg"}],"author":"Reconoce MX","twitter_card":"summary_large_image","twitter_creator":"@reconocemx","twitter_site":"@reconocemx","twitter_misc":{"Escrito por":"Reconoce MX","Tiempo de lectura":"2 minutos"},"schema":{"@context":"https:\/\/schema.org","@graph":[{"@type":"Article","@id":"https:\/\/www.reconoce.mx\/?p=82282#article","isPartOf":{"@id":"https:\/\/www.reconoce.mx\/?p=82282"},"author":{"name":"Reconoce MX","@id":"http:\/\/www.reconoce.mx\/#\/schema\/person\/2117e997d7051dc15d6880eaf9bca0b2"},"headline":"&#8216;Alg\u00fan d\u00eda&#8217;, de Siddhartha","datePublished":"2019-03-27T06:04:00+00:00","mainEntityOfPage":{"@id":"https:\/\/www.reconoce.mx\/?p=82282"},"wordCount":338,"commentCount":0,"publisher":{"@id":"http:\/\/www.reconoce.mx\/#organization"},"image":{"@id":"https:\/\/www.reconoce.mx\/?p=82282#primaryimage"},"thumbnailUrl":"http:\/\/www.reconoce.mx\/wp-content\/uploads\/2019\/03\/algun-dia-siddhartha.jpg","articleSection":["Cultura","M\u00fasica","Principal","Video de la semana"],"inLanguage":"es","potentialAction":[{"@type":"CommentAction","name":"Comment","target":["https:\/\/www.reconoce.mx\/?p=82282#respond"]}]},{"@type":"WebPage","@id":"https:\/\/www.reconoce.mx\/?p=82282","url":"https:\/\/www.reconoce.mx\/?p=82282","name":"'Alg\u00fan d\u00eda', de Siddhartha &#171; Reconoce MX","isPartOf":{"@id":"http:\/\/www.reconoce.mx\/#website"},"primaryImageOfPage":{"@id":"https:\/\/www.reconoce.mx\/?p=82282#primaryimage"},"image":{"@id":"https:\/\/www.reconoce.mx\/?p=82282#primaryimage"},"thumbnailUrl":"http:\/\/www.reconoce.mx\/wp-content\/uploads\/2019\/03\/algun-dia-siddhartha.jpg","datePublished":"2019-03-27T06:04:00+00:00","breadcrumb":{"@id":"https:\/\/www.reconoce.mx\/?p=82282#breadcrumb"},"inLanguage":"es","potentialAction":[{"@type":"ReadAction","target":["https:\/\/www.reconoce.mx\/?p=82282"]}]},{"@type":"ImageObject","inLanguage":"es","@id":"https:\/\/www.reconoce.mx\/?p=82282#primaryimage","url":"http:\/\/www.reconoce.mx\/wp-content\/uploads\/2019\/03\/algun-dia-siddhartha.jpg","contentUrl":"http:\/\/www.reconoce.mx\/wp-content\/uploads\/2019\/03\/algun-dia-siddhartha.jpg","width":590,"height":380},{"@type":"BreadcrumbList","@id":"https:\/\/www.reconoce.mx\/?p=82282#breadcrumb","itemListElement":[{"@type":"ListItem","position":1,"name":"Portada","item":"http:\/\/www.reconoce.mx\/"},{"@type":"ListItem","position":2,"name":"&#8216;Alg\u00fan d\u00eda&#8217;, de Siddhartha"}]},{"@type":"WebSite","@id":"http:\/\/www.reconoce.mx\/#website","url":"http:\/\/www.reconoce.mx\/","name":"Reconoce MX","description":"En Reconoce MX difundimos arte, cultura y conciencia social en M\u00e9xico. Tu ciudad en otra perspectiva.","publisher":{"@id":"http:\/\/www.reconoce.mx\/#organization"},"potentialAction":[{"@type":"SearchAction","target":{"@type":"EntryPoint","urlTemplate":"http:\/\/www.reconoce.mx\/?s={search_term_string}"},"query-input":{"@type":"PropertyValueSpecification","valueRequired":true,"valueName":"search_term_string"}}],"inLanguage":"es"},{"@type":"Organization","@id":"http:\/\/www.reconoce.mx\/#organization","name":"Reconoce MX","url":"http:\/\/www.reconoce.mx\/","logo":{"@type":"ImageObject","inLanguage":"es","@id":"http:\/\/www.reconoce.mx\/#\/schema\/logo\/image\/","url":"https:\/\/www.reconoce.mx\/wp-content\/uploads\/2019\/03\/logorcmx-good-1.png","contentUrl":"https:\/\/www.reconoce.mx\/wp-content\/uploads\/2019\/03\/logorcmx-good-1.png","width":280,"height":90,"caption":"Reconoce MX"},"image":{"@id":"http:\/\/www.reconoce.mx\/#\/schema\/logo\/image\/"},"sameAs":["https:\/\/es-la.facebook.com\/ReconoceMX\/","https:\/\/x.com\/reconocemx","http:\/\/@reconocemx"]},{"@type":"Person","@id":"http:\/\/www.reconoce.mx\/#\/schema\/person\/2117e997d7051dc15d6880eaf9bca0b2","name":"Reconoce MX","image":{"@type":"ImageObject","inLanguage":"es","@id":"http:\/\/www.reconoce.mx\/#\/schema\/person\/image\/","url":"https:\/\/secure.gravatar.com\/avatar\/6c8d4dc7569ca1c90c5fdcc349f839d5ddef6fe1e70b4337ead2ef1a4c43fc3a?s=96&d=identicon&r=g","contentUrl":"https:\/\/secure.gravatar.com\/avatar\/6c8d4dc7569ca1c90c5fdcc349f839d5ddef6fe1e70b4337ead2ef1a4c43fc3a?s=96&d=identicon&r=g","caption":"Reconoce MX"},"description":"Reconoce MX es un proyecto de difusi\u00f3n art\u00edstica, cultural y de conciencia social que est\u00e1 enfocado a difundir y fomentar el entretenimiento alternativo de calidad para todo el p\u00fablico que comparta el mismo entusiasmo.","sameAs":["http:\/\/www.reconoce.mx"],"url":"http:\/\/www.reconoce.mx\/?author=2"}]}},"_links":{"self":[{"href":"http:\/\/www.reconoce.mx\/index.php?rest_route=\/wp\/v2\/posts\/82282","targetHints":{"allow":["GET"]}}],"collection":[{"href":"http:\/\/www.reconoce.mx\/index.php?rest_route=\/wp\/v2\/posts"}],"about":[{"href":"http:\/\/www.reconoce.mx\/index.php?rest_route=\/wp\/v2\/types\/post"}],"author":[{"embeddable":true,"href":"http:\/\/www.reconoce.mx\/index.php?rest_route=\/wp\/v2\/users\/2"}],"replies":[{"embeddable":true,"href":"http:\/\/www.reconoce.mx\/index.php?rest_route=%2Fwp%2Fv2%2Fcomments&post=82282"}],"version-history":[{"count":3,"href":"http:\/\/www.reconoce.mx\/index.php?rest_route=\/wp\/v2\/posts\/82282\/revisions"}],"predecessor-version":[{"id":82288,"href":"http:\/\/www.reconoce.mx\/index.php?rest_route=\/wp\/v2\/posts\/82282\/revisions\/82288"}],"wp:featuredmedia":[{"embeddable":true,"href":"http:\/\/www.reconoce.mx\/index.php?rest_route=\/wp\/v2\/media\/82285"}],"wp:attachment":[{"href":"http:\/\/www.reconoce.mx\/index.php?rest_route=%2Fwp%2Fv2%2Fmedia&parent=82282"}],"wp:term":[{"taxonomy":"category","embeddable":true,"href":"http:\/\/www.reconoce.mx\/index.php?rest_route=%2Fwp%2Fv2%2Fcategories&post=82282"},{"taxonomy":"post_tag","embeddable":true,"href":"http:\/\/www.reconoce.mx\/index.php?rest_route=%2Fwp%2Fv2%2Ftags&post=82282"}],"curies":[{"name":"wp","href":"https:\/\/api.w.org\/{rel}","templated":true}]}}