{"id":82347,"date":"2019-03-28T00:06:45","date_gmt":"2019-03-28T06:06:45","guid":{"rendered":"http:\/\/www.reconoce.mx\/?p=82347"},"modified":"2019-03-28T08:41:46","modified_gmt":"2019-03-28T14:41:46","slug":"semana-de-cine-canadiense-2019-las-dos-cassandras","status":"publish","type":"post","link":"http:\/\/www.reconoce.mx\/?p=82347","title":{"rendered":"Semana de Cine Canadiense 2019: \u00abLas dos Cassandras\u00bb"},"content":{"rendered":"<p><strong> Por <a title=\"@AsfaltosTweets\" href=\"http:\/\/twitter.com\/AsfaltosTweets\" target=\"_blank\" rel=\"noopener noreferrer\">Asfaltos<\/a><\/strong>.<\/p>\n<p>Tras 22 ediciones del exitoso <strong>Tour de Cine Franc\u00e9s<\/strong> que llegar\u00e1 una vez m\u00e1s a salas <strong>Cin\u00e9polis<\/strong> en el \u00faltimo cuarto del presente a\u00f1o, la distribuidora <strong>Nueva Era Films<\/strong> en colaboraci\u00f3n con <strong>Telefilm Canada<\/strong> apuesta por un ciclo m\u00e1s bajo el lema de \u00abUn cine diferente\u00bb. Se trata de la <strong>Semana de Cine Canadiense<\/strong> que este 2019 vivir\u00e1 su primera edici\u00f3n. En <span style=\"color: #a81f25;\"><strong>Reconoce MX<\/strong><\/span>, en el continuo \u00e1nimo de presentarles propuestas distintas, nos pusimos a revisar las 7 pel\u00edculas que componen esta nueva muestra, siendo \u00abLas dos Cassandras\u00bb la primera de ellas.<\/p>\n<p><a href=\"http:\/\/www.reconoce.mx\/wp-content\/uploads\/2019\/03\/las-dos-cassandras-p\u00f3ster.jpg\"><img loading=\"lazy\" decoding=\"async\" class=\"aligncenter size-full wp-image-82340\" src=\"http:\/\/www.reconoce.mx\/wp-content\/uploads\/2019\/03\/las-dos-cassandras-p\u00f3ster.jpg\" alt=\"\" width=\"880\" height=\"1254\" srcset=\"http:\/\/www.reconoce.mx\/wp-content\/uploads\/2019\/03\/las-dos-cassandras-p\u00f3ster.jpg 880w, http:\/\/www.reconoce.mx\/wp-content\/uploads\/2019\/03\/las-dos-cassandras-p\u00f3ster-211x300.jpg 211w, http:\/\/www.reconoce.mx\/wp-content\/uploads\/2019\/03\/las-dos-cassandras-p\u00f3ster-768x1094.jpg 768w, http:\/\/www.reconoce.mx\/wp-content\/uploads\/2019\/03\/las-dos-cassandras-p\u00f3ster-719x1024.jpg 719w, http:\/\/www.reconoce.mx\/wp-content\/uploads\/2019\/03\/las-dos-cassandras-p\u00f3ster-150x214.jpg 150w, http:\/\/www.reconoce.mx\/wp-content\/uploads\/2019\/03\/las-dos-cassandras-p\u00f3ster-700x998.jpg 700w, http:\/\/www.reconoce.mx\/wp-content\/uploads\/2019\/03\/las-dos-cassandras-p\u00f3ster-658x938.jpg 658w, http:\/\/www.reconoce.mx\/wp-content\/uploads\/2019\/03\/las-dos-cassandras-p\u00f3ster-300x428.jpg 300w\" sizes=\"auto, (max-width: 880px) 100vw, 880px\" \/><\/a><\/p>\n<p>Dirigida por la realizadora canadiense<strong> Patricia Rozema<\/strong>, parte de la corriente de cineastas de Toronto nacidos entre 1980 y 1990, \u00abLas dos Cassandras\u00bb es una cinta \u00edntima y femenina. La trama nos presenta a Cassandra (<strong>Amy Nostbakken<\/strong>\/<strong>Norah Sadava<\/strong>), una joven escritora que como cualquier joven pasa sus d\u00edas entre sus deberes y sus pasatiempos. Tras una noche de juerga, en donde la vemos departir con otra chica, Cassandra se despierta al d\u00eda siguiente para encontrarse con varias llamadas provenientes del celular de su madre. S\u00ed, la madre de Cassandra le marca antes de morir y ella no le pudo contestar.<\/p>\n<p>Reconocida por su \u00f3pera prima \u00abEn el bosque\u00bb, <strong>Patricia Rozema<\/strong> se ha destacado principalmente y desde hace ya varios a\u00f1os como una realizadora de televisi\u00f3n. Con \u00abLas dos Cassandras\u00bb la canadiense llega apenas a su segunda cinta, pero una que resulta muy interesante por los varios y diversos elementos que le componen. De entrada, el hecho que sin ganas de echarles a perder nada, nos encontremos precisamente frente a dos Cassandras.<\/p>\n<p><a href=\"http:\/\/www.reconoce.mx\/wp-content\/uploads\/2019\/03\/las-dos-cassandras-2.jpg\"><img loading=\"lazy\" decoding=\"async\" class=\"aligncenter size-full wp-image-82338\" src=\"http:\/\/www.reconoce.mx\/wp-content\/uploads\/2019\/03\/las-dos-cassandras-2.jpg\" alt=\"\" width=\"590\" height=\"380\" srcset=\"http:\/\/www.reconoce.mx\/wp-content\/uploads\/2019\/03\/las-dos-cassandras-2.jpg 590w, http:\/\/www.reconoce.mx\/wp-content\/uploads\/2019\/03\/las-dos-cassandras-2-300x193.jpg 300w, http:\/\/www.reconoce.mx\/wp-content\/uploads\/2019\/03\/las-dos-cassandras-2-150x97.jpg 150w\" sizes=\"auto, (max-width: 590px) 100vw, 590px\" \/><\/a><\/p>\n<p>Interpretada simult\u00e1neamente por<strong> Amy Nostbakken<\/strong> y <strong>Norah Sadava<\/strong>, observamos que la otra chica con la que notamos a Cassandra es Cassandra tambi\u00e9n; es decir, que hay en pantalla dos Cassandras que se plantean de manera muy interesante por parte de la directora y tambi\u00e9n guionista de la pel\u00edcula. Por momentos reflej\u00e1ndose como si de un espejo se tratara, imitando movimientos, repitiendo di\u00e1logos y replicando actitudes, Cassandra y Cassandra terminar\u00e1n siendo tambi\u00e9n diferenciadas y confrontadas. Observamos, entonces, que hay un rompimiento fuerte en Cassandra que termin\u00f3 replicando en esta compleja divisi\u00f3n.<\/p>\n<p>Ya una vez entr\u00e1ndole al juego propuesto por Rozema, resulta sencillo perderse en la serie de detalles que incluye ella a lo largo de la pel\u00edcula. Inclusive por ah\u00ed se asoma una divertida escena tipo musical que terminar\u00e1 por presentarnos la diversidad y complejidad de los dos personajes que terminan siendo uno. Si bien el ser humano es de por s\u00ed ya un ser complejo, con \u00abLas dos Cassandras\u00bb la realizadora ahonda m\u00e1s en es enrevesado tema para enriquecer su trama.<\/p>\n<p><a href=\"http:\/\/www.reconoce.mx\/wp-content\/uploads\/2019\/03\/las-dos-cassandras-3.jpg\"><img loading=\"lazy\" decoding=\"async\" class=\"aligncenter size-full wp-image-82339\" src=\"http:\/\/www.reconoce.mx\/wp-content\/uploads\/2019\/03\/las-dos-cassandras-3.jpg\" alt=\"\" width=\"590\" height=\"380\" srcset=\"http:\/\/www.reconoce.mx\/wp-content\/uploads\/2019\/03\/las-dos-cassandras-3.jpg 590w, http:\/\/www.reconoce.mx\/wp-content\/uploads\/2019\/03\/las-dos-cassandras-3-300x193.jpg 300w, http:\/\/www.reconoce.mx\/wp-content\/uploads\/2019\/03\/las-dos-cassandras-3-150x97.jpg 150w\" sizes=\"auto, (max-width: 590px) 100vw, 590px\" \/><\/a><\/p>\n<p>Entre las muchas herramientas que la directora utiliza para acompa\u00f1ar su pel\u00edcula, destaco la muy cuidada fotograf\u00eda a cargo de la tambi\u00e9n canadiense <strong>Catherine Lutes<\/strong>, quien juguetea con una paleta de colores que va de lo opaco a lo luminoso tipo ne\u00f3n, para ir representando a su vez la complejidad ya descrita de las dos Cassandras. Del mismo modo sucede con la banda sonora de <strong>Amy Nostbakken<\/strong> -s\u00ed, la misma quien act\u00faa y coescribe el guion-, quien se mete en la enmara\u00f1ada mente de su personaje para presentarnos de otra manera el dilema ya presentado.<\/p>\n<p>S\u00ed, como destaqu\u00e9 desde el inicio, \u00abLas dos Cassandras\u00bb es una pel\u00edcula que se siente femenina desde el principio. El motivo es por dem\u00e1s obvio, pues adem\u00e1s de tratar una historia que aborda una muy compleja relaci\u00f3n entre madre e hija, en la realizaci\u00f3n observamos al mando de la direcci\u00f3n, la producci\u00f3n, la m\u00fasica, la fotograf\u00eda y la edici\u00f3n, a un muy talentoso grupo de mujeres que toman la encomienda para llevarla finalmente y de manera exitosa a buen puerto. Este punto de vista, pocas veces observado en una cinta de gran presupuesto de esas que saturan las salas de cine comercial, es de entrada refrescante y de agradecerse.<\/p>\n<style>.embed-container { position: relative; padding-bottom: 56.25%; height: 0; overflow: hidden; max-width: 100%; } .embed-container iframe, .embed-container object, .embed-container embed { position: absolute; top: 0; left: 0; width: 100%; height: 100%; }<\/style>\n<div class=\"embed-container\"><iframe src=\"https:\/\/www.youtube.com\/embed\/C-eS1RHQ2d4\" frameborder=\"0\" allowfullscreen=\"allowfullscreen\"><\/iframe><\/div>\n<p>&nbsp;<\/p>\n<p>\u00abLas dos Cassandra\u00bb es entonces una cinta muy recomendable que permitir\u00e1 una reflexi\u00f3n posterior sobre la relaci\u00f3n entre madres e hijas, pero sobre todo y de manera primordial, sobre la mujer. No dir\u00e9 m\u00e1s porque ese es precisamente el meollo de una pel\u00edcula cuya que se disfruta ir descubriendo poco a poco gracias a la destreza de la realizadora. La invitaci\u00f3n, entonces, est\u00e1 sobre la mesa para que disfruten a partir de ma\u00f1ana de la <strong>Semana de Cine Canadiense 2019<\/strong>.<\/p>\n<p>La <strong>Semana de Cine Canadiense<\/strong> se exhibir\u00e1 en el espacio de <strong>Sala de Arte Cin\u00e9polis<\/strong> en Ciudad de M\u00e9xico, Guadalajara y Quer\u00e9taro del 29 de marzo al 4 de abril. Posteriormente comenzar\u00e1 su recorrido del 5 al 28 de abril dentro del circuito cultural por diversas ciudades como las propias Ciudad de M\u00e9xico, Guadalajara y Quer\u00e9taro, as\u00ed como por Monterrey, Aguascalientes, Cuernavaca, Durango, San Miguel de Allende, Tijuana, Zacatecas, Campeche, Tulancingo y Toluca. Para m\u00e1s informaci\u00f3n consulta el <a href=\"http:\/\/semanadecinecanadiense.com\/\" target=\"_blank\" rel=\"noopener\">sitio oficial<\/a>.<\/p>\n<p style=\"text-align: right;\">Con im\u00e1genes cortes\u00eda de la <strong>Nueva Era Films<\/strong>.<\/p>\n<p>&nbsp;<\/p>\n<p>&nbsp;<\/p>\n","protected":false},"excerpt":{"rendered":"<p>Tras 22 ediciones del exitoso Tour de Cine Franc\u00e9s que llegar\u00e1 una vez m\u00e1s a salas Cin\u00e9polis en el \u00faltimo cuarto del presente a\u00f1o, la distribuidora Nueva Era Films en colaboraci\u00f3n con Telefilm Canada apuesta por un ciclo m\u00e1s bajo el lema de \u00abUn cine diferente\u00bb. <\/p>\n","protected":false},"author":2,"featured_media":82337,"comment_status":"open","ping_status":"open","sticky":false,"template":"","format":"standard","meta":{"footnotes":""},"categories":[24,1,17],"tags":[],"class_list":["post-82347","post","type-post","status-publish","format-standard","has-post-thumbnail","hentry","category-cine","category-cultura","category-principal"],"yoast_head":"<!-- This site is optimized with the Yoast SEO plugin v24.7 - https:\/\/yoast.com\/wordpress\/plugins\/seo\/ -->\n<title>Semana de Cine Canadiense 2019: &quot;Las dos Cassandras&quot; &#171; Reconoce MX<\/title>\n<meta name=\"robots\" content=\"index, follow, max-snippet:-1, max-image-preview:large, max-video-preview:-1\" \/>\n<link rel=\"canonical\" href=\"http:\/\/www.reconoce.mx\/?p=82347\" \/>\n<meta property=\"og:locale\" content=\"es_ES\" \/>\n<meta property=\"og:type\" content=\"article\" \/>\n<meta property=\"og:title\" content=\"Semana de Cine Canadiense 2019: &quot;Las dos Cassandras&quot; &#171; Reconoce MX\" \/>\n<meta property=\"og:description\" content=\"Tras 22 ediciones del exitoso Tour de Cine Franc\u00e9s que llegar\u00e1 una vez m\u00e1s a salas Cin\u00e9polis en el \u00faltimo cuarto del presente a\u00f1o, la distribuidora Nueva Era Films en colaboraci\u00f3n con Telefilm Canada apuesta por un ciclo m\u00e1s bajo el lema de &quot;Un cine diferente&quot;.\" \/>\n<meta property=\"og:url\" content=\"http:\/\/www.reconoce.mx\/?p=82347\" \/>\n<meta property=\"og:site_name\" content=\"Reconoce MX\" \/>\n<meta property=\"article:publisher\" content=\"https:\/\/es-la.facebook.com\/ReconoceMX\/\" \/>\n<meta property=\"article:published_time\" content=\"2019-03-28T06:06:45+00:00\" \/>\n<meta property=\"article:modified_time\" content=\"2019-03-28T14:41:46+00:00\" \/>\n<meta property=\"og:image\" content=\"http:\/\/www.reconoce.mx\/wp-content\/uploads\/2019\/03\/las-dos-cassandras-1.jpg\" \/>\n\t<meta property=\"og:image:width\" content=\"590\" \/>\n\t<meta property=\"og:image:height\" content=\"380\" \/>\n\t<meta property=\"og:image:type\" content=\"image\/jpeg\" \/>\n<meta name=\"author\" content=\"Reconoce MX\" \/>\n<meta name=\"twitter:card\" content=\"summary_large_image\" \/>\n<meta name=\"twitter:creator\" content=\"@reconocemx\" \/>\n<meta name=\"twitter:site\" content=\"@reconocemx\" \/>\n<meta name=\"twitter:label1\" content=\"Escrito por\" \/>\n\t<meta name=\"twitter:data1\" content=\"Reconoce MX\" \/>\n\t<meta name=\"twitter:label2\" content=\"Tiempo de lectura\" \/>\n\t<meta name=\"twitter:data2\" content=\"4 minutos\" \/>\n<script type=\"application\/ld+json\" class=\"yoast-schema-graph\">{\"@context\":\"https:\/\/schema.org\",\"@graph\":[{\"@type\":\"Article\",\"@id\":\"http:\/\/www.reconoce.mx\/?p=82347#article\",\"isPartOf\":{\"@id\":\"http:\/\/www.reconoce.mx\/?p=82347\"},\"author\":{\"name\":\"Reconoce MX\",\"@id\":\"http:\/\/www.reconoce.mx\/#\/schema\/person\/2117e997d7051dc15d6880eaf9bca0b2\"},\"headline\":\"Semana de Cine Canadiense 2019: \u00abLas dos Cassandras\u00bb\",\"datePublished\":\"2019-03-28T06:06:45+00:00\",\"dateModified\":\"2019-03-28T14:41:46+00:00\",\"mainEntityOfPage\":{\"@id\":\"http:\/\/www.reconoce.mx\/?p=82347\"},\"wordCount\":865,\"commentCount\":0,\"publisher\":{\"@id\":\"http:\/\/www.reconoce.mx\/#organization\"},\"image\":{\"@id\":\"http:\/\/www.reconoce.mx\/?p=82347#primaryimage\"},\"thumbnailUrl\":\"http:\/\/www.reconoce.mx\/wp-content\/uploads\/2019\/03\/las-dos-cassandras-1.jpg\",\"articleSection\":[\"Cine\",\"Cultura\",\"Principal\"],\"inLanguage\":\"es\",\"potentialAction\":[{\"@type\":\"CommentAction\",\"name\":\"Comment\",\"target\":[\"http:\/\/www.reconoce.mx\/?p=82347#respond\"]}]},{\"@type\":\"WebPage\",\"@id\":\"http:\/\/www.reconoce.mx\/?p=82347\",\"url\":\"http:\/\/www.reconoce.mx\/?p=82347\",\"name\":\"Semana de Cine Canadiense 2019: \\\"Las dos Cassandras\\\" &#171; Reconoce MX\",\"isPartOf\":{\"@id\":\"http:\/\/www.reconoce.mx\/#website\"},\"primaryImageOfPage\":{\"@id\":\"http:\/\/www.reconoce.mx\/?p=82347#primaryimage\"},\"image\":{\"@id\":\"http:\/\/www.reconoce.mx\/?p=82347#primaryimage\"},\"thumbnailUrl\":\"http:\/\/www.reconoce.mx\/wp-content\/uploads\/2019\/03\/las-dos-cassandras-1.jpg\",\"datePublished\":\"2019-03-28T06:06:45+00:00\",\"dateModified\":\"2019-03-28T14:41:46+00:00\",\"breadcrumb\":{\"@id\":\"http:\/\/www.reconoce.mx\/?p=82347#breadcrumb\"},\"inLanguage\":\"es\",\"potentialAction\":[{\"@type\":\"ReadAction\",\"target\":[\"http:\/\/www.reconoce.mx\/?p=82347\"]}]},{\"@type\":\"ImageObject\",\"inLanguage\":\"es\",\"@id\":\"http:\/\/www.reconoce.mx\/?p=82347#primaryimage\",\"url\":\"http:\/\/www.reconoce.mx\/wp-content\/uploads\/2019\/03\/las-dos-cassandras-1.jpg\",\"contentUrl\":\"http:\/\/www.reconoce.mx\/wp-content\/uploads\/2019\/03\/las-dos-cassandras-1.jpg\",\"width\":590,\"height\":380},{\"@type\":\"BreadcrumbList\",\"@id\":\"http:\/\/www.reconoce.mx\/?p=82347#breadcrumb\",\"itemListElement\":[{\"@type\":\"ListItem\",\"position\":1,\"name\":\"Portada\",\"item\":\"http:\/\/www.reconoce.mx\/\"},{\"@type\":\"ListItem\",\"position\":2,\"name\":\"Semana de Cine Canadiense 2019: \u00abLas dos Cassandras\u00bb\"}]},{\"@type\":\"WebSite\",\"@id\":\"http:\/\/www.reconoce.mx\/#website\",\"url\":\"http:\/\/www.reconoce.mx\/\",\"name\":\"Reconoce MX\",\"description\":\"En Reconoce MX difundimos arte, cultura y conciencia social en M\u00e9xico. Tu ciudad en otra perspectiva.\",\"publisher\":{\"@id\":\"http:\/\/www.reconoce.mx\/#organization\"},\"potentialAction\":[{\"@type\":\"SearchAction\",\"target\":{\"@type\":\"EntryPoint\",\"urlTemplate\":\"http:\/\/www.reconoce.mx\/?s={search_term_string}\"},\"query-input\":{\"@type\":\"PropertyValueSpecification\",\"valueRequired\":true,\"valueName\":\"search_term_string\"}}],\"inLanguage\":\"es\"},{\"@type\":\"Organization\",\"@id\":\"http:\/\/www.reconoce.mx\/#organization\",\"name\":\"Reconoce MX\",\"url\":\"http:\/\/www.reconoce.mx\/\",\"logo\":{\"@type\":\"ImageObject\",\"inLanguage\":\"es\",\"@id\":\"http:\/\/www.reconoce.mx\/#\/schema\/logo\/image\/\",\"url\":\"https:\/\/www.reconoce.mx\/wp-content\/uploads\/2019\/03\/logorcmx-good-1.png\",\"contentUrl\":\"https:\/\/www.reconoce.mx\/wp-content\/uploads\/2019\/03\/logorcmx-good-1.png\",\"width\":280,\"height\":90,\"caption\":\"Reconoce MX\"},\"image\":{\"@id\":\"http:\/\/www.reconoce.mx\/#\/schema\/logo\/image\/\"},\"sameAs\":[\"https:\/\/es-la.facebook.com\/ReconoceMX\/\",\"https:\/\/x.com\/reconocemx\",\"http:\/\/@reconocemx\"]},{\"@type\":\"Person\",\"@id\":\"http:\/\/www.reconoce.mx\/#\/schema\/person\/2117e997d7051dc15d6880eaf9bca0b2\",\"name\":\"Reconoce MX\",\"image\":{\"@type\":\"ImageObject\",\"inLanguage\":\"es\",\"@id\":\"http:\/\/www.reconoce.mx\/#\/schema\/person\/image\/\",\"url\":\"https:\/\/secure.gravatar.com\/avatar\/6c8d4dc7569ca1c90c5fdcc349f839d5ddef6fe1e70b4337ead2ef1a4c43fc3a?s=96&d=identicon&r=g\",\"contentUrl\":\"https:\/\/secure.gravatar.com\/avatar\/6c8d4dc7569ca1c90c5fdcc349f839d5ddef6fe1e70b4337ead2ef1a4c43fc3a?s=96&d=identicon&r=g\",\"caption\":\"Reconoce MX\"},\"description\":\"Reconoce MX es un proyecto de difusi\u00f3n art\u00edstica, cultural y de conciencia social que est\u00e1 enfocado a difundir y fomentar el entretenimiento alternativo de calidad para todo el p\u00fablico que comparta el mismo entusiasmo.\",\"sameAs\":[\"http:\/\/www.reconoce.mx\"],\"url\":\"http:\/\/www.reconoce.mx\/?author=2\"}]}<\/script>\n<!-- \/ Yoast SEO plugin. -->","yoast_head_json":{"title":"Semana de Cine Canadiense 2019: \"Las dos Cassandras\" &#171; Reconoce MX","robots":{"index":"index","follow":"follow","max-snippet":"max-snippet:-1","max-image-preview":"max-image-preview:large","max-video-preview":"max-video-preview:-1"},"canonical":"http:\/\/www.reconoce.mx\/?p=82347","og_locale":"es_ES","og_type":"article","og_title":"Semana de Cine Canadiense 2019: \"Las dos Cassandras\" &#171; Reconoce MX","og_description":"Tras 22 ediciones del exitoso Tour de Cine Franc\u00e9s que llegar\u00e1 una vez m\u00e1s a salas Cin\u00e9polis en el \u00faltimo cuarto del presente a\u00f1o, la distribuidora Nueva Era Films en colaboraci\u00f3n con Telefilm Canada apuesta por un ciclo m\u00e1s bajo el lema de \"Un cine diferente\".","og_url":"http:\/\/www.reconoce.mx\/?p=82347","og_site_name":"Reconoce MX","article_publisher":"https:\/\/es-la.facebook.com\/ReconoceMX\/","article_published_time":"2019-03-28T06:06:45+00:00","article_modified_time":"2019-03-28T14:41:46+00:00","og_image":[{"width":590,"height":380,"url":"http:\/\/www.reconoce.mx\/wp-content\/uploads\/2019\/03\/las-dos-cassandras-1.jpg","type":"image\/jpeg"}],"author":"Reconoce MX","twitter_card":"summary_large_image","twitter_creator":"@reconocemx","twitter_site":"@reconocemx","twitter_misc":{"Escrito por":"Reconoce MX","Tiempo de lectura":"4 minutos"},"schema":{"@context":"https:\/\/schema.org","@graph":[{"@type":"Article","@id":"http:\/\/www.reconoce.mx\/?p=82347#article","isPartOf":{"@id":"http:\/\/www.reconoce.mx\/?p=82347"},"author":{"name":"Reconoce MX","@id":"http:\/\/www.reconoce.mx\/#\/schema\/person\/2117e997d7051dc15d6880eaf9bca0b2"},"headline":"Semana de Cine Canadiense 2019: \u00abLas dos Cassandras\u00bb","datePublished":"2019-03-28T06:06:45+00:00","dateModified":"2019-03-28T14:41:46+00:00","mainEntityOfPage":{"@id":"http:\/\/www.reconoce.mx\/?p=82347"},"wordCount":865,"commentCount":0,"publisher":{"@id":"http:\/\/www.reconoce.mx\/#organization"},"image":{"@id":"http:\/\/www.reconoce.mx\/?p=82347#primaryimage"},"thumbnailUrl":"http:\/\/www.reconoce.mx\/wp-content\/uploads\/2019\/03\/las-dos-cassandras-1.jpg","articleSection":["Cine","Cultura","Principal"],"inLanguage":"es","potentialAction":[{"@type":"CommentAction","name":"Comment","target":["http:\/\/www.reconoce.mx\/?p=82347#respond"]}]},{"@type":"WebPage","@id":"http:\/\/www.reconoce.mx\/?p=82347","url":"http:\/\/www.reconoce.mx\/?p=82347","name":"Semana de Cine Canadiense 2019: \"Las dos Cassandras\" &#171; Reconoce MX","isPartOf":{"@id":"http:\/\/www.reconoce.mx\/#website"},"primaryImageOfPage":{"@id":"http:\/\/www.reconoce.mx\/?p=82347#primaryimage"},"image":{"@id":"http:\/\/www.reconoce.mx\/?p=82347#primaryimage"},"thumbnailUrl":"http:\/\/www.reconoce.mx\/wp-content\/uploads\/2019\/03\/las-dos-cassandras-1.jpg","datePublished":"2019-03-28T06:06:45+00:00","dateModified":"2019-03-28T14:41:46+00:00","breadcrumb":{"@id":"http:\/\/www.reconoce.mx\/?p=82347#breadcrumb"},"inLanguage":"es","potentialAction":[{"@type":"ReadAction","target":["http:\/\/www.reconoce.mx\/?p=82347"]}]},{"@type":"ImageObject","inLanguage":"es","@id":"http:\/\/www.reconoce.mx\/?p=82347#primaryimage","url":"http:\/\/www.reconoce.mx\/wp-content\/uploads\/2019\/03\/las-dos-cassandras-1.jpg","contentUrl":"http:\/\/www.reconoce.mx\/wp-content\/uploads\/2019\/03\/las-dos-cassandras-1.jpg","width":590,"height":380},{"@type":"BreadcrumbList","@id":"http:\/\/www.reconoce.mx\/?p=82347#breadcrumb","itemListElement":[{"@type":"ListItem","position":1,"name":"Portada","item":"http:\/\/www.reconoce.mx\/"},{"@type":"ListItem","position":2,"name":"Semana de Cine Canadiense 2019: \u00abLas dos Cassandras\u00bb"}]},{"@type":"WebSite","@id":"http:\/\/www.reconoce.mx\/#website","url":"http:\/\/www.reconoce.mx\/","name":"Reconoce MX","description":"En Reconoce MX difundimos arte, cultura y conciencia social en M\u00e9xico. Tu ciudad en otra perspectiva.","publisher":{"@id":"http:\/\/www.reconoce.mx\/#organization"},"potentialAction":[{"@type":"SearchAction","target":{"@type":"EntryPoint","urlTemplate":"http:\/\/www.reconoce.mx\/?s={search_term_string}"},"query-input":{"@type":"PropertyValueSpecification","valueRequired":true,"valueName":"search_term_string"}}],"inLanguage":"es"},{"@type":"Organization","@id":"http:\/\/www.reconoce.mx\/#organization","name":"Reconoce MX","url":"http:\/\/www.reconoce.mx\/","logo":{"@type":"ImageObject","inLanguage":"es","@id":"http:\/\/www.reconoce.mx\/#\/schema\/logo\/image\/","url":"https:\/\/www.reconoce.mx\/wp-content\/uploads\/2019\/03\/logorcmx-good-1.png","contentUrl":"https:\/\/www.reconoce.mx\/wp-content\/uploads\/2019\/03\/logorcmx-good-1.png","width":280,"height":90,"caption":"Reconoce MX"},"image":{"@id":"http:\/\/www.reconoce.mx\/#\/schema\/logo\/image\/"},"sameAs":["https:\/\/es-la.facebook.com\/ReconoceMX\/","https:\/\/x.com\/reconocemx","http:\/\/@reconocemx"]},{"@type":"Person","@id":"http:\/\/www.reconoce.mx\/#\/schema\/person\/2117e997d7051dc15d6880eaf9bca0b2","name":"Reconoce MX","image":{"@type":"ImageObject","inLanguage":"es","@id":"http:\/\/www.reconoce.mx\/#\/schema\/person\/image\/","url":"https:\/\/secure.gravatar.com\/avatar\/6c8d4dc7569ca1c90c5fdcc349f839d5ddef6fe1e70b4337ead2ef1a4c43fc3a?s=96&d=identicon&r=g","contentUrl":"https:\/\/secure.gravatar.com\/avatar\/6c8d4dc7569ca1c90c5fdcc349f839d5ddef6fe1e70b4337ead2ef1a4c43fc3a?s=96&d=identicon&r=g","caption":"Reconoce MX"},"description":"Reconoce MX es un proyecto de difusi\u00f3n art\u00edstica, cultural y de conciencia social que est\u00e1 enfocado a difundir y fomentar el entretenimiento alternativo de calidad para todo el p\u00fablico que comparta el mismo entusiasmo.","sameAs":["http:\/\/www.reconoce.mx"],"url":"http:\/\/www.reconoce.mx\/?author=2"}]}},"_links":{"self":[{"href":"http:\/\/www.reconoce.mx\/index.php?rest_route=\/wp\/v2\/posts\/82347","targetHints":{"allow":["GET"]}}],"collection":[{"href":"http:\/\/www.reconoce.mx\/index.php?rest_route=\/wp\/v2\/posts"}],"about":[{"href":"http:\/\/www.reconoce.mx\/index.php?rest_route=\/wp\/v2\/types\/post"}],"author":[{"embeddable":true,"href":"http:\/\/www.reconoce.mx\/index.php?rest_route=\/wp\/v2\/users\/2"}],"replies":[{"embeddable":true,"href":"http:\/\/www.reconoce.mx\/index.php?rest_route=%2Fwp%2Fv2%2Fcomments&post=82347"}],"version-history":[{"count":1,"href":"http:\/\/www.reconoce.mx\/index.php?rest_route=\/wp\/v2\/posts\/82347\/revisions"}],"predecessor-version":[{"id":82349,"href":"http:\/\/www.reconoce.mx\/index.php?rest_route=\/wp\/v2\/posts\/82347\/revisions\/82349"}],"wp:featuredmedia":[{"embeddable":true,"href":"http:\/\/www.reconoce.mx\/index.php?rest_route=\/wp\/v2\/media\/82337"}],"wp:attachment":[{"href":"http:\/\/www.reconoce.mx\/index.php?rest_route=%2Fwp%2Fv2%2Fmedia&parent=82347"}],"wp:term":[{"taxonomy":"category","embeddable":true,"href":"http:\/\/www.reconoce.mx\/index.php?rest_route=%2Fwp%2Fv2%2Fcategories&post=82347"},{"taxonomy":"post_tag","embeddable":true,"href":"http:\/\/www.reconoce.mx\/index.php?rest_route=%2Fwp%2Fv2%2Ftags&post=82347"}],"curies":[{"name":"wp","href":"https:\/\/api.w.org\/{rel}","templated":true}]}}