{"id":82479,"date":"2019-04-02T00:03:29","date_gmt":"2019-04-02T06:03:29","guid":{"rendered":"http:\/\/www.reconoce.mx\/?p=82479"},"modified":"2019-04-02T18:40:50","modified_gmt":"2019-04-03T00:40:50","slug":"la-valona-de-la-conquista-de-botellita-de-jerez","status":"publish","type":"post","link":"http:\/\/www.reconoce.mx\/?p=82479","title":{"rendered":"&#8216;La valona de la conquista&#8217;, de Botellita de Jerez"},"content":{"rendered":"<p><a href=\"http:\/\/www.reconoce.mx\/category\/cultura\/musica\/martes-asfaltoso\/\"><img loading=\"lazy\" decoding=\"async\" class=\"aligncenter size-full wp-image-38360\" src=\"http:\/\/www.reconoce.mx\/wp-content\/uploads\/2015\/06\/Martes.png\" alt=\"Martes\" width=\"550\" height=\"70\" \/><\/a><strong><br \/>\nPor <a title=\"@AsfaltosTweets\" href=\"http:\/\/twitter.com\/AsfaltosTweets\" target=\"_blank\" rel=\"noopener noreferrer\">Asfaltos<\/a><\/strong>.<\/p>\n<p style=\"text-align: right;\"><em>Con cari\u00f1o para la familia y amigos de Armando Vega Gil. Con agradecimiento para Botellita de Jerez<\/em>.<\/p>\n<p>No pod\u00eda no subirme al barco provocado por la disculpa p\u00fablica que el presidente de M\u00e9xico, <strong>Andr\u00e9s Manuel L\u00f3pez Obrador<\/strong>, solicit\u00f3\u00a0 al reino de Espa\u00f1a y a la iglesia cat\u00f3lica por los agravios cometidos por sus antepasados en el territorio hoy conocido como M\u00e9xico. El tema, como era de suponerse, caus\u00f3 una serie de comentarios; <a href=\"http:\/\/www.reconoce.mx\/la-llorona-version-snowapple\/\" target=\"_blank\" rel=\"noopener noreferrer\">algunos, por cierto, bastante desafortunados<\/a>, de uno y otro espectro de la opini\u00f3n; pero a ver, antes de que los \u00e1nimos se caldeen todav\u00eda m\u00e1s, \u00bfqu\u00e9 es exactamente lo que se pidi\u00f3?<\/p>\n<style>.embed-container { position: relative; padding-bottom: 56.25%; height: 0; overflow: hidden; max-width: 100%; } .embed-container iframe, .embed-container object, .embed-container embed { position: absolute; top: 0; left: 0; width: 100%; height: 100%; }<\/style>\n<div class=\"embed-container\"><iframe src=\"https:\/\/www.youtube.com\/embed\/QtXhsg8ny1U\" frameborder=\"0\" allowfullscreen=\"allowfullscreen\"><\/iframe><\/div>\n<p>&nbsp;<\/p>\n<p>De acuerdo a <a href=\"https:\/\/www.sinembargo.mx\/29-03-2019\/3558136\" target=\"_blank\" rel=\"noopener noreferrer\">una carta filtrada al peri\u00f3dico <strong>Reforma<\/strong><\/a>, el gobierno de M\u00e9xico solicit\u00f3 lo siguiente al reino espa\u00f1ol: \u00abque se trabaje a la brevedad, y en forma bilateral, en un hoja de ruta para lograr el objetivo de realizar en 2021 una ceremonia conjunta al m\u00e1s alto nivel; que el Reino de Espa\u00f1a exprese de manera p\u00fablica y oficial el reconocimiento de los agravios causados y que ambos pa\u00edses acuerden y redacten un relato compartido, p\u00fablico y socializado de su historia com\u00fan, a fin de iniciar en nuestras relaciones una nueva etapa plenamente apegada a los principios que orientan en la actualidad a nuestros respectivos Estados y brindar a las pr\u00f3ximas generaciones de ambas orillas del Atl\u00e1ntico los cauces para una convivencia m\u00e1s estrecha, m\u00e1s fluida y m\u00e1s fraternal\u00bb.<\/p>\n<p>\u00bfEl razonamiento de lo anterior? En la misma carta se expresa: \u00abTanto en la conquista como en el proceso de colonizaci\u00f3n que sigui\u00f3 se cometieron incuantificables violaciones a las leyes entonces vigentes; entre las m\u00e1s p\u00fablicas y notorias, se vulner\u00f3 el principio del quinto real; se impuso la fe y se construyeron templos cat\u00f3licos sobre las antiguas pir\u00e1mides y con los materiales de \u00e9stas; se instauraron la esclavitud y las encomiendas; las tierras propiedad de los naturales fueron usurpadas y repartidas a colonizadores y a \u00f3rdenes religiosas; se realiz\u00f3 un sostenido saqueo de las riquezas naturales, particularmente por medio de la miner\u00eda; se implant\u00f3 un ordenamiento social basado en la segregaci\u00f3n de castas y razas; se impuso la lengua castellana y se emprendi\u00f3 la destrucci\u00f3n sistem\u00e1tica de las culturas mesoamericanas\u00bb.<\/p>\n<p>La disculpa solicitada, tiene para m\u00ed distintos significados. El principal, a mi parecer -y viniendo de un pol\u00edtico 24\/7 como lo es L\u00f3pez Obrador-, es pol\u00edtico. No hay que olvidar que 2021 ser\u00e1 un a\u00f1o de elecciones en M\u00e9xico; un a\u00f1o al que como siempre, con ayuda de la historia, se cargar\u00e1n simbolismos que servir\u00e1n para fines propios. Tambi\u00e9n en 2021 M\u00e9xico celebrar\u00e1 200 a\u00f1os como naci\u00f3n independiente. Otro elemento a destacar, es el es la presencia de <strong>Beatriz M\u00fcller<\/strong> como parte del anuncio de su esposo L\u00f3pez Obrador. M\u00fcller, doctora en literatura y experta en historia de M\u00e9xico, est\u00e1 a cargo de la <strong>Coordinaci\u00f3n Nacional de la Memoria Hist\u00f3rica y Cultural de M\u00e9xico<\/strong>, cuyo objetivo es brindar a la naci\u00f3n mexicana una nueva explicaci\u00f3n de s\u00ed misma \u00aba trav\u00e9s del espejo del pasado, el ojo que todo lo ve\u00bb, <a href=\"https:\/\/lopezobrador.org.mx\/2018\/11\/19\/presentacion-de-la-coordinacion-de-la-memoria-historica-y-cultural-de-mexico\/\" target=\"_blank\" rel=\"noopener noreferrer\">como ella mismo afirm\u00f3 en el anuncio inicial<\/a>.<\/p>\n<p>Ridiculizada la propuesta, para m\u00ed, hay ciertos elementos que valdr\u00eda poner sobre la mesa, sobre todo despu\u00e9s de los fallidos ejercicios de reflexi\u00f3n realizados en 2010 con motivo de la celebraci\u00f3n del inicio de la guerra de independencia de M\u00e9xico en 1810. Quiz\u00e1, y dejo muy marcado el \u00abquiz\u00e1\u00bb, el error para m\u00ed fue el haber solicitado al reino espa\u00f1ol y a la iglesia cat\u00f3lica la disculpa mencionada. Como ya vimos, por ejemplo en el lado espa\u00f1ol, hay muchos demonios que internamente deber\u00e1n resarcirse, justo como nosotros tendr\u00edamos que hacer con los propios. Y ah\u00ed voy con mi comentario final, por cierto, un tanto raro para el Martes asfaltoso; pero que prometo redondear de buena manera.<\/p>\n<p>Si como L\u00f3pez Obrador <a href=\"https:\/\/www.excelsior.com.mx\/nacional\/pedira-perdon-lopez-obrador-a-yaquis-mayas-chinos\/1303849\" target=\"_blank\" rel=\"noopener noreferrer\">afirm\u00f3 tambi\u00e9n que pedir\u00e1 disculpas por los agravios cometidos por M\u00e9xico ya como pa\u00eds contra los pueblos originarios<\/a>, es posible que todo el numerito tenga un fin que a mi parecer resulta bastante ben\u00e9fico. Replantear nuestra relaci\u00f3n con nuestro propio pasado, y sobre todo con nuestro presente, es para m\u00ed algo continuo y siempre relevante. Ah, eso s\u00ed y lo suelto como mera idea, \u00bfno ser\u00eda congruente que desde las acciones de su poder, el presidente de M\u00e9xico pensara mejor en los proyectos que impulsa afectando a los pueblos que dice defender? <a href=\"https:\/\/raichali.com\/2019\/03\/26\/explotacion-represion-despojo-y-desprecio-a-pueblos-indigenas-permite-la-tala-clandestina-marichuy\/\" target=\"_blank\" rel=\"noopener noreferrer\">As\u00ed lo expres\u00f3 <strong>Mar\u00eda de Jes\u00fas Patricio Mart\u00ednez \u00abMarichuy\u00bb<\/strong>, vocera del <strong>Congreso Nacional Ind\u00edgena<\/strong> (CNI)<\/a>.<\/p>\n<p>Pues bien, a ra\u00edz de todo lo anterior, y para que no se me vayan tan meditabundos, les dejo con un tema incluido en el \u00abForjando patria\u00bb del grupo chilango <strong>Botellita de Jerez<\/strong>. En la canci\u00f3n, incluida en el \u00faltimo \u00e1lbum de estudio antes de su primera separaci\u00f3n, el grupo reflexiona a su manera sobre los tan manoseados hechos hist\u00f3ricos de nuestro pa\u00eds.<\/p>\n<p>&nbsp;<\/p>\n<p>&nbsp;<\/p>\n","protected":false},"excerpt":{"rendered":"<p>No pod\u00eda no subirme al barco provocado por la disculpa p\u00fablica que el presidente de M\u00e9xico, Andr\u00e9s Manuel L\u00f3pez Obrador, solicit\u00f3\u00a0 al reino de Espa\u00f1a y a la iglesia cat\u00f3lica por los agravios cometidos por sus antepasados en el territorio hoy conocido como M\u00e9xico.<\/p>\n","protected":false},"author":2,"featured_media":82482,"comment_status":"open","ping_status":"open","sticky":false,"template":"","format":"standard","meta":{"footnotes":""},"categories":[1,2592,18,17],"tags":[],"class_list":["post-82479","post","type-post","status-publish","format-standard","has-post-thumbnail","hentry","category-cultura","category-martes-asfaltoso","category-musica","category-principal"],"yoast_head":"<!-- This site is optimized with the Yoast SEO plugin v24.7 - https:\/\/yoast.com\/wordpress\/plugins\/seo\/ -->\n<title>&#039;La valona de la conquista&#039;, de Botellita de Jerez &#171; Reconoce MX<\/title>\n<meta name=\"robots\" content=\"index, follow, max-snippet:-1, max-image-preview:large, max-video-preview:-1\" \/>\n<link rel=\"canonical\" href=\"https:\/\/www.reconoce.mx\/?p=82479\" \/>\n<meta property=\"og:locale\" content=\"es_ES\" \/>\n<meta property=\"og:type\" content=\"article\" \/>\n<meta property=\"og:title\" content=\"&#039;La valona de la conquista&#039;, de Botellita de Jerez &#171; Reconoce MX\" \/>\n<meta property=\"og:description\" content=\"No pod\u00eda no subirme al barco provocado por la disculpa p\u00fablica que el presidente de M\u00e9xico, Andr\u00e9s Manuel L\u00f3pez Obrador, solicit\u00f3\u00a0 al reino de Espa\u00f1a y a la iglesia cat\u00f3lica por los agravios cometidos por sus antepasados en el territorio hoy conocido como M\u00e9xico.\" \/>\n<meta property=\"og:url\" content=\"https:\/\/www.reconoce.mx\/?p=82479\" \/>\n<meta property=\"og:site_name\" content=\"Reconoce MX\" \/>\n<meta property=\"article:publisher\" content=\"https:\/\/es-la.facebook.com\/ReconoceMX\/\" \/>\n<meta property=\"article:published_time\" content=\"2019-04-02T06:03:29+00:00\" \/>\n<meta property=\"article:modified_time\" content=\"2019-04-03T00:40:50+00:00\" \/>\n<meta property=\"og:image\" content=\"https:\/\/www.reconoce.mx\/wp-content\/uploads\/2019\/03\/botellita-de-jerez-cover.jpg\" \/>\n\t<meta property=\"og:image:width\" content=\"590\" \/>\n\t<meta property=\"og:image:height\" content=\"380\" \/>\n\t<meta property=\"og:image:type\" content=\"image\/jpeg\" \/>\n<meta name=\"author\" content=\"Reconoce MX\" \/>\n<meta name=\"twitter:card\" content=\"summary_large_image\" \/>\n<meta name=\"twitter:creator\" content=\"@reconocemx\" \/>\n<meta name=\"twitter:site\" content=\"@reconocemx\" \/>\n<meta name=\"twitter:label1\" content=\"Escrito por\" \/>\n\t<meta name=\"twitter:data1\" content=\"Reconoce MX\" \/>\n\t<meta name=\"twitter:label2\" content=\"Tiempo de lectura\" \/>\n\t<meta name=\"twitter:data2\" content=\"4 minutos\" \/>\n<script type=\"application\/ld+json\" class=\"yoast-schema-graph\">{\"@context\":\"https:\/\/schema.org\",\"@graph\":[{\"@type\":\"Article\",\"@id\":\"https:\/\/www.reconoce.mx\/?p=82479#article\",\"isPartOf\":{\"@id\":\"https:\/\/www.reconoce.mx\/?p=82479\"},\"author\":{\"name\":\"Reconoce MX\",\"@id\":\"http:\/\/www.reconoce.mx\/#\/schema\/person\/2117e997d7051dc15d6880eaf9bca0b2\"},\"headline\":\"&#8216;La valona de la conquista&#8217;, de Botellita de Jerez\",\"datePublished\":\"2019-04-02T06:03:29+00:00\",\"dateModified\":\"2019-04-03T00:40:50+00:00\",\"mainEntityOfPage\":{\"@id\":\"https:\/\/www.reconoce.mx\/?p=82479\"},\"wordCount\":893,\"commentCount\":0,\"publisher\":{\"@id\":\"http:\/\/www.reconoce.mx\/#organization\"},\"image\":{\"@id\":\"https:\/\/www.reconoce.mx\/?p=82479#primaryimage\"},\"thumbnailUrl\":\"http:\/\/www.reconoce.mx\/wp-content\/uploads\/2019\/03\/botellita-de-jerez-cover.jpg\",\"articleSection\":[\"Cultura\",\"Martes asfaltoso\",\"M\u00fasica\",\"Principal\"],\"inLanguage\":\"es\",\"potentialAction\":[{\"@type\":\"CommentAction\",\"name\":\"Comment\",\"target\":[\"https:\/\/www.reconoce.mx\/?p=82479#respond\"]}]},{\"@type\":\"WebPage\",\"@id\":\"https:\/\/www.reconoce.mx\/?p=82479\",\"url\":\"https:\/\/www.reconoce.mx\/?p=82479\",\"name\":\"'La valona de la conquista', de Botellita de Jerez &#171; Reconoce MX\",\"isPartOf\":{\"@id\":\"http:\/\/www.reconoce.mx\/#website\"},\"primaryImageOfPage\":{\"@id\":\"https:\/\/www.reconoce.mx\/?p=82479#primaryimage\"},\"image\":{\"@id\":\"https:\/\/www.reconoce.mx\/?p=82479#primaryimage\"},\"thumbnailUrl\":\"http:\/\/www.reconoce.mx\/wp-content\/uploads\/2019\/03\/botellita-de-jerez-cover.jpg\",\"datePublished\":\"2019-04-02T06:03:29+00:00\",\"dateModified\":\"2019-04-03T00:40:50+00:00\",\"breadcrumb\":{\"@id\":\"https:\/\/www.reconoce.mx\/?p=82479#breadcrumb\"},\"inLanguage\":\"es\",\"potentialAction\":[{\"@type\":\"ReadAction\",\"target\":[\"https:\/\/www.reconoce.mx\/?p=82479\"]}]},{\"@type\":\"ImageObject\",\"inLanguage\":\"es\",\"@id\":\"https:\/\/www.reconoce.mx\/?p=82479#primaryimage\",\"url\":\"http:\/\/www.reconoce.mx\/wp-content\/uploads\/2019\/03\/botellita-de-jerez-cover.jpg\",\"contentUrl\":\"http:\/\/www.reconoce.mx\/wp-content\/uploads\/2019\/03\/botellita-de-jerez-cover.jpg\",\"width\":590,\"height\":380},{\"@type\":\"BreadcrumbList\",\"@id\":\"https:\/\/www.reconoce.mx\/?p=82479#breadcrumb\",\"itemListElement\":[{\"@type\":\"ListItem\",\"position\":1,\"name\":\"Portada\",\"item\":\"http:\/\/www.reconoce.mx\/\"},{\"@type\":\"ListItem\",\"position\":2,\"name\":\"&#8216;La valona de la conquista&#8217;, de Botellita de Jerez\"}]},{\"@type\":\"WebSite\",\"@id\":\"http:\/\/www.reconoce.mx\/#website\",\"url\":\"http:\/\/www.reconoce.mx\/\",\"name\":\"Reconoce MX\",\"description\":\"En Reconoce MX difundimos arte, cultura y conciencia social en M\u00e9xico. Tu ciudad en otra perspectiva.\",\"publisher\":{\"@id\":\"http:\/\/www.reconoce.mx\/#organization\"},\"potentialAction\":[{\"@type\":\"SearchAction\",\"target\":{\"@type\":\"EntryPoint\",\"urlTemplate\":\"http:\/\/www.reconoce.mx\/?s={search_term_string}\"},\"query-input\":{\"@type\":\"PropertyValueSpecification\",\"valueRequired\":true,\"valueName\":\"search_term_string\"}}],\"inLanguage\":\"es\"},{\"@type\":\"Organization\",\"@id\":\"http:\/\/www.reconoce.mx\/#organization\",\"name\":\"Reconoce MX\",\"url\":\"http:\/\/www.reconoce.mx\/\",\"logo\":{\"@type\":\"ImageObject\",\"inLanguage\":\"es\",\"@id\":\"http:\/\/www.reconoce.mx\/#\/schema\/logo\/image\/\",\"url\":\"https:\/\/www.reconoce.mx\/wp-content\/uploads\/2019\/03\/logorcmx-good-1.png\",\"contentUrl\":\"https:\/\/www.reconoce.mx\/wp-content\/uploads\/2019\/03\/logorcmx-good-1.png\",\"width\":280,\"height\":90,\"caption\":\"Reconoce MX\"},\"image\":{\"@id\":\"http:\/\/www.reconoce.mx\/#\/schema\/logo\/image\/\"},\"sameAs\":[\"https:\/\/es-la.facebook.com\/ReconoceMX\/\",\"https:\/\/x.com\/reconocemx\",\"http:\/\/@reconocemx\"]},{\"@type\":\"Person\",\"@id\":\"http:\/\/www.reconoce.mx\/#\/schema\/person\/2117e997d7051dc15d6880eaf9bca0b2\",\"name\":\"Reconoce MX\",\"image\":{\"@type\":\"ImageObject\",\"inLanguage\":\"es\",\"@id\":\"http:\/\/www.reconoce.mx\/#\/schema\/person\/image\/\",\"url\":\"https:\/\/secure.gravatar.com\/avatar\/6c8d4dc7569ca1c90c5fdcc349f839d5ddef6fe1e70b4337ead2ef1a4c43fc3a?s=96&d=identicon&r=g\",\"contentUrl\":\"https:\/\/secure.gravatar.com\/avatar\/6c8d4dc7569ca1c90c5fdcc349f839d5ddef6fe1e70b4337ead2ef1a4c43fc3a?s=96&d=identicon&r=g\",\"caption\":\"Reconoce MX\"},\"description\":\"Reconoce MX es un proyecto de difusi\u00f3n art\u00edstica, cultural y de conciencia social que est\u00e1 enfocado a difundir y fomentar el entretenimiento alternativo de calidad para todo el p\u00fablico que comparta el mismo entusiasmo.\",\"sameAs\":[\"http:\/\/www.reconoce.mx\"],\"url\":\"http:\/\/www.reconoce.mx\/?author=2\"}]}<\/script>\n<!-- \/ Yoast SEO plugin. -->","yoast_head_json":{"title":"'La valona de la conquista', de Botellita de Jerez &#171; Reconoce MX","robots":{"index":"index","follow":"follow","max-snippet":"max-snippet:-1","max-image-preview":"max-image-preview:large","max-video-preview":"max-video-preview:-1"},"canonical":"https:\/\/www.reconoce.mx\/?p=82479","og_locale":"es_ES","og_type":"article","og_title":"'La valona de la conquista', de Botellita de Jerez &#171; Reconoce MX","og_description":"No pod\u00eda no subirme al barco provocado por la disculpa p\u00fablica que el presidente de M\u00e9xico, Andr\u00e9s Manuel L\u00f3pez Obrador, solicit\u00f3\u00a0 al reino de Espa\u00f1a y a la iglesia cat\u00f3lica por los agravios cometidos por sus antepasados en el territorio hoy conocido como M\u00e9xico.","og_url":"https:\/\/www.reconoce.mx\/?p=82479","og_site_name":"Reconoce MX","article_publisher":"https:\/\/es-la.facebook.com\/ReconoceMX\/","article_published_time":"2019-04-02T06:03:29+00:00","article_modified_time":"2019-04-03T00:40:50+00:00","og_image":[{"width":590,"height":380,"url":"https:\/\/www.reconoce.mx\/wp-content\/uploads\/2019\/03\/botellita-de-jerez-cover.jpg","type":"image\/jpeg"}],"author":"Reconoce MX","twitter_card":"summary_large_image","twitter_creator":"@reconocemx","twitter_site":"@reconocemx","twitter_misc":{"Escrito por":"Reconoce MX","Tiempo de lectura":"4 minutos"},"schema":{"@context":"https:\/\/schema.org","@graph":[{"@type":"Article","@id":"https:\/\/www.reconoce.mx\/?p=82479#article","isPartOf":{"@id":"https:\/\/www.reconoce.mx\/?p=82479"},"author":{"name":"Reconoce MX","@id":"http:\/\/www.reconoce.mx\/#\/schema\/person\/2117e997d7051dc15d6880eaf9bca0b2"},"headline":"&#8216;La valona de la conquista&#8217;, de Botellita de Jerez","datePublished":"2019-04-02T06:03:29+00:00","dateModified":"2019-04-03T00:40:50+00:00","mainEntityOfPage":{"@id":"https:\/\/www.reconoce.mx\/?p=82479"},"wordCount":893,"commentCount":0,"publisher":{"@id":"http:\/\/www.reconoce.mx\/#organization"},"image":{"@id":"https:\/\/www.reconoce.mx\/?p=82479#primaryimage"},"thumbnailUrl":"http:\/\/www.reconoce.mx\/wp-content\/uploads\/2019\/03\/botellita-de-jerez-cover.jpg","articleSection":["Cultura","Martes asfaltoso","M\u00fasica","Principal"],"inLanguage":"es","potentialAction":[{"@type":"CommentAction","name":"Comment","target":["https:\/\/www.reconoce.mx\/?p=82479#respond"]}]},{"@type":"WebPage","@id":"https:\/\/www.reconoce.mx\/?p=82479","url":"https:\/\/www.reconoce.mx\/?p=82479","name":"'La valona de la conquista', de Botellita de Jerez &#171; Reconoce MX","isPartOf":{"@id":"http:\/\/www.reconoce.mx\/#website"},"primaryImageOfPage":{"@id":"https:\/\/www.reconoce.mx\/?p=82479#primaryimage"},"image":{"@id":"https:\/\/www.reconoce.mx\/?p=82479#primaryimage"},"thumbnailUrl":"http:\/\/www.reconoce.mx\/wp-content\/uploads\/2019\/03\/botellita-de-jerez-cover.jpg","datePublished":"2019-04-02T06:03:29+00:00","dateModified":"2019-04-03T00:40:50+00:00","breadcrumb":{"@id":"https:\/\/www.reconoce.mx\/?p=82479#breadcrumb"},"inLanguage":"es","potentialAction":[{"@type":"ReadAction","target":["https:\/\/www.reconoce.mx\/?p=82479"]}]},{"@type":"ImageObject","inLanguage":"es","@id":"https:\/\/www.reconoce.mx\/?p=82479#primaryimage","url":"http:\/\/www.reconoce.mx\/wp-content\/uploads\/2019\/03\/botellita-de-jerez-cover.jpg","contentUrl":"http:\/\/www.reconoce.mx\/wp-content\/uploads\/2019\/03\/botellita-de-jerez-cover.jpg","width":590,"height":380},{"@type":"BreadcrumbList","@id":"https:\/\/www.reconoce.mx\/?p=82479#breadcrumb","itemListElement":[{"@type":"ListItem","position":1,"name":"Portada","item":"http:\/\/www.reconoce.mx\/"},{"@type":"ListItem","position":2,"name":"&#8216;La valona de la conquista&#8217;, de Botellita de Jerez"}]},{"@type":"WebSite","@id":"http:\/\/www.reconoce.mx\/#website","url":"http:\/\/www.reconoce.mx\/","name":"Reconoce MX","description":"En Reconoce MX difundimos arte, cultura y conciencia social en M\u00e9xico. Tu ciudad en otra perspectiva.","publisher":{"@id":"http:\/\/www.reconoce.mx\/#organization"},"potentialAction":[{"@type":"SearchAction","target":{"@type":"EntryPoint","urlTemplate":"http:\/\/www.reconoce.mx\/?s={search_term_string}"},"query-input":{"@type":"PropertyValueSpecification","valueRequired":true,"valueName":"search_term_string"}}],"inLanguage":"es"},{"@type":"Organization","@id":"http:\/\/www.reconoce.mx\/#organization","name":"Reconoce MX","url":"http:\/\/www.reconoce.mx\/","logo":{"@type":"ImageObject","inLanguage":"es","@id":"http:\/\/www.reconoce.mx\/#\/schema\/logo\/image\/","url":"https:\/\/www.reconoce.mx\/wp-content\/uploads\/2019\/03\/logorcmx-good-1.png","contentUrl":"https:\/\/www.reconoce.mx\/wp-content\/uploads\/2019\/03\/logorcmx-good-1.png","width":280,"height":90,"caption":"Reconoce MX"},"image":{"@id":"http:\/\/www.reconoce.mx\/#\/schema\/logo\/image\/"},"sameAs":["https:\/\/es-la.facebook.com\/ReconoceMX\/","https:\/\/x.com\/reconocemx","http:\/\/@reconocemx"]},{"@type":"Person","@id":"http:\/\/www.reconoce.mx\/#\/schema\/person\/2117e997d7051dc15d6880eaf9bca0b2","name":"Reconoce MX","image":{"@type":"ImageObject","inLanguage":"es","@id":"http:\/\/www.reconoce.mx\/#\/schema\/person\/image\/","url":"https:\/\/secure.gravatar.com\/avatar\/6c8d4dc7569ca1c90c5fdcc349f839d5ddef6fe1e70b4337ead2ef1a4c43fc3a?s=96&d=identicon&r=g","contentUrl":"https:\/\/secure.gravatar.com\/avatar\/6c8d4dc7569ca1c90c5fdcc349f839d5ddef6fe1e70b4337ead2ef1a4c43fc3a?s=96&d=identicon&r=g","caption":"Reconoce MX"},"description":"Reconoce MX es un proyecto de difusi\u00f3n art\u00edstica, cultural y de conciencia social que est\u00e1 enfocado a difundir y fomentar el entretenimiento alternativo de calidad para todo el p\u00fablico que comparta el mismo entusiasmo.","sameAs":["http:\/\/www.reconoce.mx"],"url":"http:\/\/www.reconoce.mx\/?author=2"}]}},"_links":{"self":[{"href":"http:\/\/www.reconoce.mx\/index.php?rest_route=\/wp\/v2\/posts\/82479","targetHints":{"allow":["GET"]}}],"collection":[{"href":"http:\/\/www.reconoce.mx\/index.php?rest_route=\/wp\/v2\/posts"}],"about":[{"href":"http:\/\/www.reconoce.mx\/index.php?rest_route=\/wp\/v2\/types\/post"}],"author":[{"embeddable":true,"href":"http:\/\/www.reconoce.mx\/index.php?rest_route=\/wp\/v2\/users\/2"}],"replies":[{"embeddable":true,"href":"http:\/\/www.reconoce.mx\/index.php?rest_route=%2Fwp%2Fv2%2Fcomments&post=82479"}],"version-history":[{"count":3,"href":"http:\/\/www.reconoce.mx\/index.php?rest_route=\/wp\/v2\/posts\/82479\/revisions"}],"predecessor-version":[{"id":82545,"href":"http:\/\/www.reconoce.mx\/index.php?rest_route=\/wp\/v2\/posts\/82479\/revisions\/82545"}],"wp:featuredmedia":[{"embeddable":true,"href":"http:\/\/www.reconoce.mx\/index.php?rest_route=\/wp\/v2\/media\/82482"}],"wp:attachment":[{"href":"http:\/\/www.reconoce.mx\/index.php?rest_route=%2Fwp%2Fv2%2Fmedia&parent=82479"}],"wp:term":[{"taxonomy":"category","embeddable":true,"href":"http:\/\/www.reconoce.mx\/index.php?rest_route=%2Fwp%2Fv2%2Fcategories&post=82479"},{"taxonomy":"post_tag","embeddable":true,"href":"http:\/\/www.reconoce.mx\/index.php?rest_route=%2Fwp%2Fv2%2Ftags&post=82479"}],"curies":[{"name":"wp","href":"https:\/\/api.w.org\/{rel}","templated":true}]}}