{"id":82513,"date":"2019-04-01T00:05:58","date_gmt":"2019-04-01T06:05:58","guid":{"rendered":"http:\/\/www.reconoce.mx\/?p=82513"},"modified":"2019-04-02T19:08:03","modified_gmt":"2019-04-03T01:08:03","slug":"semana-de-cine-canadiense-2019-puntos-cardinales","status":"publish","type":"post","link":"http:\/\/www.reconoce.mx\/?p=82513","title":{"rendered":"Semana de Cine Canadiense 2019: \u00abPuntos cardinales\u00bb"},"content":{"rendered":"<p><strong> Por <a title=\"@AsfaltosTweets\" href=\"http:\/\/twitter.com\/AsfaltosTweets\" target=\"_blank\" rel=\"noopener noreferrer\">Asfaltos<\/a><\/strong>.<\/p>\n<p>Continuamos tom\u00e1ndole el pulso a la primera<strong> Semana de Cine Canadiense<\/strong> en M\u00e9xico, y lo hacemos con una de sus pel\u00edculas m\u00e1s interesantes. Dirigida por la dupla de realizadores <strong>Grayson Moore<\/strong> y <strong>Aidan Shipley<\/strong>, la pel\u00edcula es un thriller lleno de suspenso que agradar\u00e1 por su sencillez, pero que sorprender\u00e1 tambi\u00e9n por su efectividad. S\u00ed, esta pel\u00edcula es para quienes gustan estar al filo de la butaca.<\/p>\n<p><a href=\"http:\/\/www.reconoce.mx\/wp-content\/uploads\/2019\/03\/puntos-cardinales-p\u00f3ster.jpg\"><img loading=\"lazy\" decoding=\"async\" class=\"aligncenter size-full wp-image-82512\" src=\"http:\/\/www.reconoce.mx\/wp-content\/uploads\/2019\/03\/puntos-cardinales-p\u00f3ster.jpg\" alt=\"\" width=\"785\" height=\"1134\" srcset=\"http:\/\/www.reconoce.mx\/wp-content\/uploads\/2019\/03\/puntos-cardinales-p\u00f3ster.jpg 785w, http:\/\/www.reconoce.mx\/wp-content\/uploads\/2019\/03\/puntos-cardinales-p\u00f3ster-208x300.jpg 208w, http:\/\/www.reconoce.mx\/wp-content\/uploads\/2019\/03\/puntos-cardinales-p\u00f3ster-768x1109.jpg 768w, http:\/\/www.reconoce.mx\/wp-content\/uploads\/2019\/03\/puntos-cardinales-p\u00f3ster-709x1024.jpg 709w, http:\/\/www.reconoce.mx\/wp-content\/uploads\/2019\/03\/puntos-cardinales-p\u00f3ster-150x217.jpg 150w, http:\/\/www.reconoce.mx\/wp-content\/uploads\/2019\/03\/puntos-cardinales-p\u00f3ster-700x1011.jpg 700w, http:\/\/www.reconoce.mx\/wp-content\/uploads\/2019\/03\/puntos-cardinales-p\u00f3ster-658x951.jpg 658w, http:\/\/www.reconoce.mx\/wp-content\/uploads\/2019\/03\/puntos-cardinales-p\u00f3ster-300x433.jpg 300w\" sizes=\"auto, (max-width: 785px) 100vw, 785px\" \/><\/a><\/p>\n<p>Con un ritmo calmado y sin prisas, es como se nos van presentando poco a poco los elementos que dan forma a \u00abPuntos cardinales\u00bb. La pel\u00edcula nos presenta a Eleanor (<strong>Katie Boland<\/strong>) y Zoe Walker (<strong>Grace Glowicki<\/strong>), un par de hermanas que se re\u00fanen para recibir a su mam\u00e1 Valerie que apenas ha salido de prisi\u00f3n en libertad condicional. Con las dudas naturales que genera el recibirla varios a\u00f1os despu\u00e9s, pero siempre con ese amor de hijas, ambas ir\u00e1n acompa\u00f1ando a su madre en el dif\u00edcil momento de adaptaci\u00f3n a la vida cotidiana.<\/p>\n<p>Sin embargo el proceso no ser\u00e1 sencillo. Aunque Valerie disfruta la libertad, como lo demuestra un momento en el que emocionada pide una hamburguesa en un restaurante de comida r\u00e1pida, su entorno ir\u00e1 confirm\u00e1ndole que el tiempo no pasa en vano. Es as\u00ed que aunque Eleanor y Zoe hacen lo propio para hacerla sentir bienvenida, un buen d\u00eda un joven vecino empezar\u00e1 a acorralarla de tal modo que la har\u00e1 sentir inc\u00f3moda.<\/p>\n<p><a href=\"http:\/\/www.reconoce.mx\/wp-content\/uploads\/2019\/03\/puntos-cardinales-2.jpg\"><img loading=\"lazy\" decoding=\"async\" class=\"aligncenter size-full wp-image-82510\" src=\"http:\/\/www.reconoce.mx\/wp-content\/uploads\/2019\/03\/puntos-cardinales-2.jpg\" alt=\"\" width=\"590\" height=\"380\" srcset=\"http:\/\/www.reconoce.mx\/wp-content\/uploads\/2019\/03\/puntos-cardinales-2.jpg 590w, http:\/\/www.reconoce.mx\/wp-content\/uploads\/2019\/03\/puntos-cardinales-2-300x193.jpg 300w, http:\/\/www.reconoce.mx\/wp-content\/uploads\/2019\/03\/puntos-cardinales-2-150x97.jpg 150w\" sizes=\"auto, (max-width: 590px) 100vw, 590px\" \/><\/a><\/p>\n<p>Con una fotograf\u00eda sencilla, un planteamiento sin complicaciones y una intimidad casi asfixiante, \u00abPuntos cardinales\u00bb nos va presentando poco a poco los elementos que iremos necesitando para ir entendiendo la trama, pero sobre todo para sentirnos cercanos y c\u00f3mplices de ella. A diferencia de los thrillers a los que estamos acostumbrados en el cine comercial de los Estados Unidos, esta cinta canadiense de corte independiente consigue involucrarnos de manera concisa y muy bien pensada.<\/p>\n<p>Destaco sobre todo las actuaciones de<strong> Sheila McCarthy<\/strong> como Valerie Walker y de <strong>Peter Spence<\/strong> como Jonah Pastekh, \u00e9ste \u00fatlimo el joven chico que ir\u00e1 acorralando a la reci\u00e9n liberada. Sheila, reconocida y multipremiada actriz canadiense, ofrece un extraordinario papel de una mujer contenida que sabemos guarda m\u00e1s de lo que nos dice, pero que se mantiene fiel a s\u00ed misma; al mismo tiempo que Peter, un joven actor tambi\u00e9n de Canad\u00e1 que como opuesto al personaje de Valerie, ofrece tambi\u00e9n un personaje contenido pero que percibimos en cualquier momento podr\u00e1 explotar.<\/p>\n<p><a href=\"http:\/\/www.reconoce.mx\/wp-content\/uploads\/2019\/03\/puntos-cardinales-3.jpg\"><img loading=\"lazy\" decoding=\"async\" class=\"aligncenter size-full wp-image-82511\" src=\"http:\/\/www.reconoce.mx\/wp-content\/uploads\/2019\/03\/puntos-cardinales-3.jpg\" alt=\"\" width=\"590\" height=\"380\" srcset=\"http:\/\/www.reconoce.mx\/wp-content\/uploads\/2019\/03\/puntos-cardinales-3.jpg 590w, http:\/\/www.reconoce.mx\/wp-content\/uploads\/2019\/03\/puntos-cardinales-3-300x193.jpg 300w, http:\/\/www.reconoce.mx\/wp-content\/uploads\/2019\/03\/puntos-cardinales-3-150x97.jpg 150w\" sizes=\"auto, (max-width: 590px) 100vw, 590px\" \/><\/a><\/p>\n<p>Sobre los elementos que los realizadores utilizan para ir generando la tensi\u00f3n de la pel\u00edcula, destaco la presencia de un pueblo casi fantasma en el que el tiempo y la tranquilidad terminan por ser los elementos asfixiantes con los que tendr\u00e1n que lidiar los dos personajes ya anteriormente citados; as\u00ed como tambi\u00e9n el uso muy puntual y preciso de una puesta en escena cuidada, la sonorizaci\u00f3n de ciertos elementos muy precisos y sin duda un guion muy bien escrito que se contiene hasta que es pertinente. La secuencia que da cierre a la trama resulta un perfecto ejemplo de c\u00f3mo todo lo anterior se acumula para conseguir que en efecto nos sentemos al filo de nuestras butacas.<\/p>\n<p>\u00abPuntos cardinales\u00bb es una de las mejores opciones para esta <strong>Semana de Cine Canadiense<\/strong> que contiene una muy interesante oferta para todos y cada uno de los curiosos que permitan acerc\u00e1rsele. Es, adem\u00e1s, una muy interesante muestra de c\u00f3mo un thriller puede ser ejecutado de gran forma, y desde luego de c\u00f3mo puede atrapar nuestra atenci\u00f3n con tan pocos pero muy bien elegidos y presentados elementos.<\/p>\n<style>.embed-container { position: relative; padding-bottom: 56.25%; height: 0; overflow: hidden; max-width: 100%; } .embed-container iframe, .embed-container object, .embed-container embed { position: absolute; top: 0; left: 0; width: 100%; height: 100%; }<\/style>\n<div class=\"embed-container\"><iframe src=\"https:\/\/www.youtube.com\/embed\/S4yD10GdSkY\" frameborder=\"0\" allowfullscreen=\"allowfullscreen\"><\/iframe><\/div>\n<p>&nbsp;<\/p>\n<p>La <strong>Semana de Cine Canadiense<\/strong> se exhibir\u00e1 en el espacio de <strong>Sala de Arte Cin\u00e9polis<\/strong> en Ciudad de M\u00e9xico, Guadalajara y Quer\u00e9taro hasta el pr\u00f3ximo 4 de abril. Posteriormente comenzar\u00e1 su recorrido del 5 al 28 de abril dentro del circuito cultural por diversas ciudades como las propias Ciudad de M\u00e9xico, Guadalajara y Quer\u00e9taro, as\u00ed como por Monterrey, Aguascalientes, Cuernavaca, Durango, San Miguel de Allende, Tijuana, Zacatecas, Campeche, Tulancingo y Toluca. Para m\u00e1s informaci\u00f3n consulta el <a href=\"http:\/\/semanadecinecanadiense.com\/\" target=\"_blank\" rel=\"noopener noreferrer\">sitio oficial<\/a>.<\/p>\n<p style=\"text-align: right;\">Con im\u00e1genes cortes\u00eda de la <strong>Nueva Era Films<\/strong>.<\/p>\n<p>&nbsp;<\/p>\n<p>&nbsp;<\/p>\n","protected":false},"excerpt":{"rendered":"<p>Continuamos tom\u00e1ndole el pulso a la primera Semana de Cine Canadiense en M\u00e9xico, y lo hacemos con una de sus pel\u00edculas m\u00e1s interesantes.<\/p>\n","protected":false},"author":2,"featured_media":82509,"comment_status":"open","ping_status":"open","sticky":false,"template":"","format":"standard","meta":{"footnotes":""},"categories":[24,1,17],"tags":[],"class_list":["post-82513","post","type-post","status-publish","format-standard","has-post-thumbnail","hentry","category-cine","category-cultura","category-principal"],"yoast_head":"<!-- This site is optimized with the Yoast SEO plugin v24.7 - https:\/\/yoast.com\/wordpress\/plugins\/seo\/ -->\n<title>Semana de Cine Canadiense 2019: &quot;Puntos cardinales&quot; &#171; Reconoce MX<\/title>\n<meta name=\"robots\" content=\"index, follow, max-snippet:-1, max-image-preview:large, max-video-preview:-1\" \/>\n<link rel=\"canonical\" href=\"http:\/\/www.reconoce.mx\/?p=82513\" \/>\n<meta property=\"og:locale\" content=\"es_ES\" \/>\n<meta property=\"og:type\" content=\"article\" \/>\n<meta property=\"og:title\" content=\"Semana de Cine Canadiense 2019: &quot;Puntos cardinales&quot; &#171; Reconoce MX\" \/>\n<meta property=\"og:description\" content=\"Continuamos tom\u00e1ndole el pulso a la primera Semana de Cine Canadiense en M\u00e9xico, y lo hacemos con una de sus pel\u00edculas m\u00e1s interesantes.\" \/>\n<meta property=\"og:url\" content=\"http:\/\/www.reconoce.mx\/?p=82513\" \/>\n<meta property=\"og:site_name\" content=\"Reconoce MX\" \/>\n<meta property=\"article:publisher\" content=\"https:\/\/es-la.facebook.com\/ReconoceMX\/\" \/>\n<meta property=\"article:published_time\" content=\"2019-04-01T06:05:58+00:00\" \/>\n<meta property=\"article:modified_time\" content=\"2019-04-03T01:08:03+00:00\" \/>\n<meta property=\"og:image\" content=\"http:\/\/www.reconoce.mx\/wp-content\/uploads\/2019\/03\/puntos-cardinales-1.jpg\" \/>\n\t<meta property=\"og:image:width\" content=\"590\" \/>\n\t<meta property=\"og:image:height\" content=\"380\" \/>\n\t<meta property=\"og:image:type\" content=\"image\/jpeg\" \/>\n<meta name=\"author\" content=\"Reconoce MX\" \/>\n<meta name=\"twitter:card\" content=\"summary_large_image\" \/>\n<meta name=\"twitter:creator\" content=\"@reconocemx\" \/>\n<meta name=\"twitter:site\" content=\"@reconocemx\" \/>\n<meta name=\"twitter:label1\" content=\"Escrito por\" \/>\n\t<meta name=\"twitter:data1\" content=\"Reconoce MX\" \/>\n\t<meta name=\"twitter:label2\" content=\"Tiempo de lectura\" \/>\n\t<meta name=\"twitter:data2\" content=\"4 minutos\" \/>\n<script type=\"application\/ld+json\" class=\"yoast-schema-graph\">{\"@context\":\"https:\/\/schema.org\",\"@graph\":[{\"@type\":\"Article\",\"@id\":\"http:\/\/www.reconoce.mx\/?p=82513#article\",\"isPartOf\":{\"@id\":\"http:\/\/www.reconoce.mx\/?p=82513\"},\"author\":{\"name\":\"Reconoce MX\",\"@id\":\"http:\/\/www.reconoce.mx\/#\/schema\/person\/2117e997d7051dc15d6880eaf9bca0b2\"},\"headline\":\"Semana de Cine Canadiense 2019: \u00abPuntos cardinales\u00bb\",\"datePublished\":\"2019-04-01T06:05:58+00:00\",\"dateModified\":\"2019-04-03T01:08:03+00:00\",\"mainEntityOfPage\":{\"@id\":\"http:\/\/www.reconoce.mx\/?p=82513\"},\"wordCount\":722,\"commentCount\":0,\"publisher\":{\"@id\":\"http:\/\/www.reconoce.mx\/#organization\"},\"image\":{\"@id\":\"http:\/\/www.reconoce.mx\/?p=82513#primaryimage\"},\"thumbnailUrl\":\"http:\/\/www.reconoce.mx\/wp-content\/uploads\/2019\/03\/puntos-cardinales-1.jpg\",\"articleSection\":[\"Cine\",\"Cultura\",\"Principal\"],\"inLanguage\":\"es\",\"potentialAction\":[{\"@type\":\"CommentAction\",\"name\":\"Comment\",\"target\":[\"http:\/\/www.reconoce.mx\/?p=82513#respond\"]}]},{\"@type\":\"WebPage\",\"@id\":\"http:\/\/www.reconoce.mx\/?p=82513\",\"url\":\"http:\/\/www.reconoce.mx\/?p=82513\",\"name\":\"Semana de Cine Canadiense 2019: \\\"Puntos cardinales\\\" &#171; Reconoce MX\",\"isPartOf\":{\"@id\":\"http:\/\/www.reconoce.mx\/#website\"},\"primaryImageOfPage\":{\"@id\":\"http:\/\/www.reconoce.mx\/?p=82513#primaryimage\"},\"image\":{\"@id\":\"http:\/\/www.reconoce.mx\/?p=82513#primaryimage\"},\"thumbnailUrl\":\"http:\/\/www.reconoce.mx\/wp-content\/uploads\/2019\/03\/puntos-cardinales-1.jpg\",\"datePublished\":\"2019-04-01T06:05:58+00:00\",\"dateModified\":\"2019-04-03T01:08:03+00:00\",\"breadcrumb\":{\"@id\":\"http:\/\/www.reconoce.mx\/?p=82513#breadcrumb\"},\"inLanguage\":\"es\",\"potentialAction\":[{\"@type\":\"ReadAction\",\"target\":[\"http:\/\/www.reconoce.mx\/?p=82513\"]}]},{\"@type\":\"ImageObject\",\"inLanguage\":\"es\",\"@id\":\"http:\/\/www.reconoce.mx\/?p=82513#primaryimage\",\"url\":\"http:\/\/www.reconoce.mx\/wp-content\/uploads\/2019\/03\/puntos-cardinales-1.jpg\",\"contentUrl\":\"http:\/\/www.reconoce.mx\/wp-content\/uploads\/2019\/03\/puntos-cardinales-1.jpg\",\"width\":590,\"height\":380},{\"@type\":\"BreadcrumbList\",\"@id\":\"http:\/\/www.reconoce.mx\/?p=82513#breadcrumb\",\"itemListElement\":[{\"@type\":\"ListItem\",\"position\":1,\"name\":\"Portada\",\"item\":\"http:\/\/www.reconoce.mx\/\"},{\"@type\":\"ListItem\",\"position\":2,\"name\":\"Semana de Cine Canadiense 2019: \u00abPuntos cardinales\u00bb\"}]},{\"@type\":\"WebSite\",\"@id\":\"http:\/\/www.reconoce.mx\/#website\",\"url\":\"http:\/\/www.reconoce.mx\/\",\"name\":\"Reconoce MX\",\"description\":\"En Reconoce MX difundimos arte, cultura y conciencia social en M\u00e9xico. Tu ciudad en otra perspectiva.\",\"publisher\":{\"@id\":\"http:\/\/www.reconoce.mx\/#organization\"},\"potentialAction\":[{\"@type\":\"SearchAction\",\"target\":{\"@type\":\"EntryPoint\",\"urlTemplate\":\"http:\/\/www.reconoce.mx\/?s={search_term_string}\"},\"query-input\":{\"@type\":\"PropertyValueSpecification\",\"valueRequired\":true,\"valueName\":\"search_term_string\"}}],\"inLanguage\":\"es\"},{\"@type\":\"Organization\",\"@id\":\"http:\/\/www.reconoce.mx\/#organization\",\"name\":\"Reconoce MX\",\"url\":\"http:\/\/www.reconoce.mx\/\",\"logo\":{\"@type\":\"ImageObject\",\"inLanguage\":\"es\",\"@id\":\"http:\/\/www.reconoce.mx\/#\/schema\/logo\/image\/\",\"url\":\"https:\/\/www.reconoce.mx\/wp-content\/uploads\/2019\/03\/logorcmx-good-1.png\",\"contentUrl\":\"https:\/\/www.reconoce.mx\/wp-content\/uploads\/2019\/03\/logorcmx-good-1.png\",\"width\":280,\"height\":90,\"caption\":\"Reconoce MX\"},\"image\":{\"@id\":\"http:\/\/www.reconoce.mx\/#\/schema\/logo\/image\/\"},\"sameAs\":[\"https:\/\/es-la.facebook.com\/ReconoceMX\/\",\"https:\/\/x.com\/reconocemx\",\"http:\/\/@reconocemx\"]},{\"@type\":\"Person\",\"@id\":\"http:\/\/www.reconoce.mx\/#\/schema\/person\/2117e997d7051dc15d6880eaf9bca0b2\",\"name\":\"Reconoce MX\",\"image\":{\"@type\":\"ImageObject\",\"inLanguage\":\"es\",\"@id\":\"http:\/\/www.reconoce.mx\/#\/schema\/person\/image\/\",\"url\":\"https:\/\/secure.gravatar.com\/avatar\/6c8d4dc7569ca1c90c5fdcc349f839d5ddef6fe1e70b4337ead2ef1a4c43fc3a?s=96&d=identicon&r=g\",\"contentUrl\":\"https:\/\/secure.gravatar.com\/avatar\/6c8d4dc7569ca1c90c5fdcc349f839d5ddef6fe1e70b4337ead2ef1a4c43fc3a?s=96&d=identicon&r=g\",\"caption\":\"Reconoce MX\"},\"description\":\"Reconoce MX es un proyecto de difusi\u00f3n art\u00edstica, cultural y de conciencia social que est\u00e1 enfocado a difundir y fomentar el entretenimiento alternativo de calidad para todo el p\u00fablico que comparta el mismo entusiasmo.\",\"sameAs\":[\"http:\/\/www.reconoce.mx\"],\"url\":\"http:\/\/www.reconoce.mx\/?author=2\"}]}<\/script>\n<!-- \/ Yoast SEO plugin. -->","yoast_head_json":{"title":"Semana de Cine Canadiense 2019: \"Puntos cardinales\" &#171; Reconoce MX","robots":{"index":"index","follow":"follow","max-snippet":"max-snippet:-1","max-image-preview":"max-image-preview:large","max-video-preview":"max-video-preview:-1"},"canonical":"http:\/\/www.reconoce.mx\/?p=82513","og_locale":"es_ES","og_type":"article","og_title":"Semana de Cine Canadiense 2019: \"Puntos cardinales\" &#171; Reconoce MX","og_description":"Continuamos tom\u00e1ndole el pulso a la primera Semana de Cine Canadiense en M\u00e9xico, y lo hacemos con una de sus pel\u00edculas m\u00e1s interesantes.","og_url":"http:\/\/www.reconoce.mx\/?p=82513","og_site_name":"Reconoce MX","article_publisher":"https:\/\/es-la.facebook.com\/ReconoceMX\/","article_published_time":"2019-04-01T06:05:58+00:00","article_modified_time":"2019-04-03T01:08:03+00:00","og_image":[{"width":590,"height":380,"url":"http:\/\/www.reconoce.mx\/wp-content\/uploads\/2019\/03\/puntos-cardinales-1.jpg","type":"image\/jpeg"}],"author":"Reconoce MX","twitter_card":"summary_large_image","twitter_creator":"@reconocemx","twitter_site":"@reconocemx","twitter_misc":{"Escrito por":"Reconoce MX","Tiempo de lectura":"4 minutos"},"schema":{"@context":"https:\/\/schema.org","@graph":[{"@type":"Article","@id":"http:\/\/www.reconoce.mx\/?p=82513#article","isPartOf":{"@id":"http:\/\/www.reconoce.mx\/?p=82513"},"author":{"name":"Reconoce MX","@id":"http:\/\/www.reconoce.mx\/#\/schema\/person\/2117e997d7051dc15d6880eaf9bca0b2"},"headline":"Semana de Cine Canadiense 2019: \u00abPuntos cardinales\u00bb","datePublished":"2019-04-01T06:05:58+00:00","dateModified":"2019-04-03T01:08:03+00:00","mainEntityOfPage":{"@id":"http:\/\/www.reconoce.mx\/?p=82513"},"wordCount":722,"commentCount":0,"publisher":{"@id":"http:\/\/www.reconoce.mx\/#organization"},"image":{"@id":"http:\/\/www.reconoce.mx\/?p=82513#primaryimage"},"thumbnailUrl":"http:\/\/www.reconoce.mx\/wp-content\/uploads\/2019\/03\/puntos-cardinales-1.jpg","articleSection":["Cine","Cultura","Principal"],"inLanguage":"es","potentialAction":[{"@type":"CommentAction","name":"Comment","target":["http:\/\/www.reconoce.mx\/?p=82513#respond"]}]},{"@type":"WebPage","@id":"http:\/\/www.reconoce.mx\/?p=82513","url":"http:\/\/www.reconoce.mx\/?p=82513","name":"Semana de Cine Canadiense 2019: \"Puntos cardinales\" &#171; Reconoce MX","isPartOf":{"@id":"http:\/\/www.reconoce.mx\/#website"},"primaryImageOfPage":{"@id":"http:\/\/www.reconoce.mx\/?p=82513#primaryimage"},"image":{"@id":"http:\/\/www.reconoce.mx\/?p=82513#primaryimage"},"thumbnailUrl":"http:\/\/www.reconoce.mx\/wp-content\/uploads\/2019\/03\/puntos-cardinales-1.jpg","datePublished":"2019-04-01T06:05:58+00:00","dateModified":"2019-04-03T01:08:03+00:00","breadcrumb":{"@id":"http:\/\/www.reconoce.mx\/?p=82513#breadcrumb"},"inLanguage":"es","potentialAction":[{"@type":"ReadAction","target":["http:\/\/www.reconoce.mx\/?p=82513"]}]},{"@type":"ImageObject","inLanguage":"es","@id":"http:\/\/www.reconoce.mx\/?p=82513#primaryimage","url":"http:\/\/www.reconoce.mx\/wp-content\/uploads\/2019\/03\/puntos-cardinales-1.jpg","contentUrl":"http:\/\/www.reconoce.mx\/wp-content\/uploads\/2019\/03\/puntos-cardinales-1.jpg","width":590,"height":380},{"@type":"BreadcrumbList","@id":"http:\/\/www.reconoce.mx\/?p=82513#breadcrumb","itemListElement":[{"@type":"ListItem","position":1,"name":"Portada","item":"http:\/\/www.reconoce.mx\/"},{"@type":"ListItem","position":2,"name":"Semana de Cine Canadiense 2019: \u00abPuntos cardinales\u00bb"}]},{"@type":"WebSite","@id":"http:\/\/www.reconoce.mx\/#website","url":"http:\/\/www.reconoce.mx\/","name":"Reconoce MX","description":"En Reconoce MX difundimos arte, cultura y conciencia social en M\u00e9xico. Tu ciudad en otra perspectiva.","publisher":{"@id":"http:\/\/www.reconoce.mx\/#organization"},"potentialAction":[{"@type":"SearchAction","target":{"@type":"EntryPoint","urlTemplate":"http:\/\/www.reconoce.mx\/?s={search_term_string}"},"query-input":{"@type":"PropertyValueSpecification","valueRequired":true,"valueName":"search_term_string"}}],"inLanguage":"es"},{"@type":"Organization","@id":"http:\/\/www.reconoce.mx\/#organization","name":"Reconoce MX","url":"http:\/\/www.reconoce.mx\/","logo":{"@type":"ImageObject","inLanguage":"es","@id":"http:\/\/www.reconoce.mx\/#\/schema\/logo\/image\/","url":"https:\/\/www.reconoce.mx\/wp-content\/uploads\/2019\/03\/logorcmx-good-1.png","contentUrl":"https:\/\/www.reconoce.mx\/wp-content\/uploads\/2019\/03\/logorcmx-good-1.png","width":280,"height":90,"caption":"Reconoce MX"},"image":{"@id":"http:\/\/www.reconoce.mx\/#\/schema\/logo\/image\/"},"sameAs":["https:\/\/es-la.facebook.com\/ReconoceMX\/","https:\/\/x.com\/reconocemx","http:\/\/@reconocemx"]},{"@type":"Person","@id":"http:\/\/www.reconoce.mx\/#\/schema\/person\/2117e997d7051dc15d6880eaf9bca0b2","name":"Reconoce MX","image":{"@type":"ImageObject","inLanguage":"es","@id":"http:\/\/www.reconoce.mx\/#\/schema\/person\/image\/","url":"https:\/\/secure.gravatar.com\/avatar\/6c8d4dc7569ca1c90c5fdcc349f839d5ddef6fe1e70b4337ead2ef1a4c43fc3a?s=96&d=identicon&r=g","contentUrl":"https:\/\/secure.gravatar.com\/avatar\/6c8d4dc7569ca1c90c5fdcc349f839d5ddef6fe1e70b4337ead2ef1a4c43fc3a?s=96&d=identicon&r=g","caption":"Reconoce MX"},"description":"Reconoce MX es un proyecto de difusi\u00f3n art\u00edstica, cultural y de conciencia social que est\u00e1 enfocado a difundir y fomentar el entretenimiento alternativo de calidad para todo el p\u00fablico que comparta el mismo entusiasmo.","sameAs":["http:\/\/www.reconoce.mx"],"url":"http:\/\/www.reconoce.mx\/?author=2"}]}},"_links":{"self":[{"href":"http:\/\/www.reconoce.mx\/index.php?rest_route=\/wp\/v2\/posts\/82513","targetHints":{"allow":["GET"]}}],"collection":[{"href":"http:\/\/www.reconoce.mx\/index.php?rest_route=\/wp\/v2\/posts"}],"about":[{"href":"http:\/\/www.reconoce.mx\/index.php?rest_route=\/wp\/v2\/types\/post"}],"author":[{"embeddable":true,"href":"http:\/\/www.reconoce.mx\/index.php?rest_route=\/wp\/v2\/users\/2"}],"replies":[{"embeddable":true,"href":"http:\/\/www.reconoce.mx\/index.php?rest_route=%2Fwp%2Fv2%2Fcomments&post=82513"}],"version-history":[{"count":4,"href":"http:\/\/www.reconoce.mx\/index.php?rest_route=\/wp\/v2\/posts\/82513\/revisions"}],"predecessor-version":[{"id":82519,"href":"http:\/\/www.reconoce.mx\/index.php?rest_route=\/wp\/v2\/posts\/82513\/revisions\/82519"}],"wp:featuredmedia":[{"embeddable":true,"href":"http:\/\/www.reconoce.mx\/index.php?rest_route=\/wp\/v2\/media\/82509"}],"wp:attachment":[{"href":"http:\/\/www.reconoce.mx\/index.php?rest_route=%2Fwp%2Fv2%2Fmedia&parent=82513"}],"wp:term":[{"taxonomy":"category","embeddable":true,"href":"http:\/\/www.reconoce.mx\/index.php?rest_route=%2Fwp%2Fv2%2Fcategories&post=82513"},{"taxonomy":"post_tag","embeddable":true,"href":"http:\/\/www.reconoce.mx\/index.php?rest_route=%2Fwp%2Fv2%2Ftags&post=82513"}],"curies":[{"name":"wp","href":"https:\/\/api.w.org\/{rel}","templated":true}]}}