{"id":82724,"date":"2019-04-12T00:02:51","date_gmt":"2019-04-12T05:02:51","guid":{"rendered":"http:\/\/www.reconoce.mx\/?p=82724"},"modified":"2019-04-12T00:39:09","modified_gmt":"2019-04-12T05:39:09","slug":"semana-de-cine-canadiense-2019-los-grizzlies","status":"publish","type":"post","link":"http:\/\/www.reconoce.mx\/?p=82724","title":{"rendered":"Semana de Cine Canadiense 2019: \u00abLos Grizzlies\u00bb"},"content":{"rendered":"<p><strong> Por <a title=\"@AsfaltosTweets\" href=\"http:\/\/twitter.com\/AsfaltosTweets\" target=\"_blank\" rel=\"noopener noreferrer\">Asfaltos<\/a><\/strong>.<\/p>\n<p>Proyect\u00e1ndose ya en el circuito de salas culturales de varias ciudades del pa\u00eds, la <strong>Semana de Cine Canadiense 2019<\/strong> sigue atrapando espectadores \u00e1vidos de un cine diferente. Para que vayan preparando su fin de semana, y tambi\u00e9n se vayan encaminando rumbo l descanso de Semana Santa, continuamos con nuestro recorrido por las propuestas f\u00edlmicas. Toca ahora revisar la cinta \u00abLos Grizzlies\u00bb de <strong>Miranda de Pencier<\/strong>.<\/p>\n<p><a href=\"http:\/\/www.reconoce.mx\/wp-content\/uploads\/2019\/04\/los-grizzlies-p\u00f3ster.jpg\"><img loading=\"lazy\" decoding=\"async\" class=\"aligncenter size-full wp-image-82733\" src=\"http:\/\/www.reconoce.mx\/wp-content\/uploads\/2019\/04\/los-grizzlies-p\u00f3ster.jpg\" alt=\"\" width=\"784\" height=\"1161\" srcset=\"http:\/\/www.reconoce.mx\/wp-content\/uploads\/2019\/04\/los-grizzlies-p\u00f3ster.jpg 784w, http:\/\/www.reconoce.mx\/wp-content\/uploads\/2019\/04\/los-grizzlies-p\u00f3ster-203x300.jpg 203w, http:\/\/www.reconoce.mx\/wp-content\/uploads\/2019\/04\/los-grizzlies-p\u00f3ster-768x1137.jpg 768w, http:\/\/www.reconoce.mx\/wp-content\/uploads\/2019\/04\/los-grizzlies-p\u00f3ster-691x1024.jpg 691w, http:\/\/www.reconoce.mx\/wp-content\/uploads\/2019\/04\/los-grizzlies-p\u00f3ster-150x222.jpg 150w, http:\/\/www.reconoce.mx\/wp-content\/uploads\/2019\/04\/los-grizzlies-p\u00f3ster-700x1037.jpg 700w, http:\/\/www.reconoce.mx\/wp-content\/uploads\/2019\/04\/los-grizzlies-p\u00f3ster-658x974.jpg 658w, http:\/\/www.reconoce.mx\/wp-content\/uploads\/2019\/04\/los-grizzlies-p\u00f3ster-300x444.jpg 300w\" sizes=\"auto, (max-width: 784px) 100vw, 784px\" \/><\/a><\/p>\n<p>La pel\u00edcula nos presenta la historia de Russ Sheppar, un joven profesor de historia que llega a un inh\u00f3spito pueblo enlcavado en el \u00c1rtico canadiense. El sitio, con los nativos inuit como poblaci\u00f3n mayoritaria, le resultar\u00e1 un poco dif\u00edcil a Russ al momento de integrarse; la historia ha marcado justamente que los blancos como el joven profesor, poco o nada de inter\u00e9s tienen en la comunidad; los j\u00f3venes estudiantes le hacen sentir lo mismo.<\/p>\n<p>Sin \u00e1nimos de estropearles nada, pues tanto el avance como la sinopsis lo destacan, el camino para la comunicaci\u00f3n entre profesor y estudiantes terminar\u00e1 siendo el deporte. A trav\u00e9s del lacrosse, deporte de gran fama en Canad\u00e1, Russ ir\u00e1 hallando no solo el entendimiento con los j\u00f3venes a su cargo, sino tambi\u00e9n la profundidad de los dilemas con los que ellos lidian en el d\u00eda a d\u00eda.<\/p>\n<p><a href=\"http:\/\/www.reconoce.mx\/wp-content\/uploads\/2019\/04\/los-grizzlies-2.jpg\"><img loading=\"lazy\" decoding=\"async\" class=\"aligncenter size-full wp-image-82728\" src=\"http:\/\/www.reconoce.mx\/wp-content\/uploads\/2019\/04\/los-grizzlies-2.jpg\" alt=\"\" width=\"590\" height=\"380\" srcset=\"http:\/\/www.reconoce.mx\/wp-content\/uploads\/2019\/04\/los-grizzlies-2.jpg 590w, http:\/\/www.reconoce.mx\/wp-content\/uploads\/2019\/04\/los-grizzlies-2-300x193.jpg 300w, http:\/\/www.reconoce.mx\/wp-content\/uploads\/2019\/04\/los-grizzlies-2-150x97.jpg 150w\" sizes=\"auto, (max-width: 590px) 100vw, 590px\" \/><\/a><\/p>\n<p>Basada en hechos reales desarrollados en un pueblo donde el \u00edndice de suicidios era muy alto entre los j\u00f3venes, \u00abLos Grizzlies\u00bb es una cinta inspiracional que a pesar de la dureza de la tem\u00e1tica, puede ser sin problema disfrutada como una cinta familiar. El tono en el que se nos presenta, de hecho, invita a que sea justamente una cinta fresca para as\u00ed poder llegar a un p\u00fablico m\u00e1s amplio.<\/p>\n<p>Si bien la historia est\u00e1 basada en hechos reales, el que \u00e9sta se desarrolle de manera muy similar al de muchas otras pel\u00edculas de tipo deportivo, termina por convertirla en una cinta del g\u00e9nero m\u00e1s. Y es que reiterando que es una cinta basada en hechos reales, la forma en la que nos van presentando los sucesos terminan por anticiparnos el final de \u00e9stos, aunque aqu\u00ed bien podr\u00edan sorprendernos m\u00e1s.<\/p>\n<p><a href=\"http:\/\/www.reconoce.mx\/wp-content\/uploads\/2019\/04\/los-grizzlies-3.jpg\"><img loading=\"lazy\" decoding=\"async\" class=\"aligncenter size-full wp-image-82729\" src=\"http:\/\/www.reconoce.mx\/wp-content\/uploads\/2019\/04\/los-grizzlies-3.jpg\" alt=\"\" width=\"590\" height=\"380\" srcset=\"http:\/\/www.reconoce.mx\/wp-content\/uploads\/2019\/04\/los-grizzlies-3.jpg 590w, http:\/\/www.reconoce.mx\/wp-content\/uploads\/2019\/04\/los-grizzlies-3-300x193.jpg 300w, http:\/\/www.reconoce.mx\/wp-content\/uploads\/2019\/04\/los-grizzlies-3-150x97.jpg 150w\" sizes=\"auto, (max-width: 590px) 100vw, 590px\" \/><\/a><\/p>\n<p>A pesar de lo anterior, la distinta variedad de personajes -todos basados en los de la vida real- es sin duda un elemento que resulta de gran inter\u00e9s a lo largo de la pel\u00edcula. La personificaci\u00f3n que los actores hicieron de cada uno de ellos consigue que sus historias nos interesen. El guion es \u00e1gil, y si bien tambi\u00e9n resulta sencillo, cumple con todo lo necesario para mantenernos entretenidos.<\/p>\n<p>No les voy a mentir, la verdad es que me entretuve mucho viendo \u00abLos Grizzlies\u00bb, pero tambi\u00e9n acepto que si antes se ha visto cualquier otra pel\u00edcula con el deporte como centro, es posible que no sorprenda mucho. De cualquier modo ese quiz\u00e1 no era el objetivo de la cinta, pues con lo que cumple es con entretenernos y hacernos sentir bien a partir de una historia que a pesar de todo no me queda la menor duda de que val\u00eda la pena ser contada.<\/p>\n<style>.embed-container { position: relative; padding-bottom: 56.25%; height: 0; overflow: hidden; max-width: 100%; } .embed-container iframe, .embed-container object, .embed-container embed { position: absolute; top: 0; left: 0; width: 100%; height: 100%; }<\/style>\n<div class=\"embed-container\"><iframe src=\"https:\/\/www.youtube.com\/embed\/S_-HMim61K4\" frameborder=\"0\" allowfullscreen=\"allowfullscreen\"><\/iframe><\/div>\n<p>&nbsp;<\/p>\n<p>La <strong>Semana de Cine Canadiense<\/strong> se exhibe en el circuito cultural de diversas ciudades como Ciudad de M\u00e9xico, Guadalajara y Quer\u00e9taro; as\u00ed como por Monterrey, Aguascalientes, Cuernavaca, Durango, San Miguel de Allende, Tijuana, Zacatecas, Campeche, Tulancingo y Toluca. Para m\u00e1s informaci\u00f3n consulta el <a href=\"http:\/\/semanadecinecanadiense.com\/\" target=\"_blank\" rel=\"noopener noreferrer\">sitio oficial<\/a>.<\/p>\n<p style=\"text-align: right;\">Con im\u00e1genes cortes\u00eda de la <strong>Nueva Era Films<\/strong>.<\/p>\n<p>&nbsp;<\/p>\n<p>&nbsp;<\/p>\n","protected":false},"excerpt":{"rendered":"<p>Proyect\u00e1ndose ya en el circuito de salas culturales de varias ciudades del pa\u00eds, la Semana de Cine Canadiense 2019 sigue atrapando espectadores \u00e1vidos de un cine diferente. <\/p>\n","protected":false},"author":2,"featured_media":82730,"comment_status":"open","ping_status":"open","sticky":false,"template":"","format":"standard","meta":{"footnotes":""},"categories":[24,1,17],"tags":[],"class_list":["post-82724","post","type-post","status-publish","format-standard","has-post-thumbnail","hentry","category-cine","category-cultura","category-principal"],"yoast_head":"<!-- This site is optimized with the Yoast SEO plugin v24.7 - https:\/\/yoast.com\/wordpress\/plugins\/seo\/ -->\n<title>Semana de Cine Canadiense 2019: &quot;Los Grizzlies&quot; &#171; Reconoce MX<\/title>\n<meta name=\"robots\" content=\"index, follow, max-snippet:-1, max-image-preview:large, max-video-preview:-1\" \/>\n<link rel=\"canonical\" href=\"http:\/\/www.reconoce.mx\/?p=82724\" \/>\n<meta property=\"og:locale\" content=\"es_ES\" \/>\n<meta property=\"og:type\" content=\"article\" \/>\n<meta property=\"og:title\" content=\"Semana de Cine Canadiense 2019: &quot;Los Grizzlies&quot; &#171; Reconoce MX\" \/>\n<meta property=\"og:description\" content=\"Proyect\u00e1ndose ya en el circuito de salas culturales de varias ciudades del pa\u00eds, la Semana de Cine Canadiense 2019 sigue atrapando espectadores \u00e1vidos de un cine diferente.\" \/>\n<meta property=\"og:url\" content=\"http:\/\/www.reconoce.mx\/?p=82724\" \/>\n<meta property=\"og:site_name\" content=\"Reconoce MX\" \/>\n<meta property=\"article:publisher\" content=\"https:\/\/es-la.facebook.com\/ReconoceMX\/\" \/>\n<meta property=\"article:published_time\" content=\"2019-04-12T05:02:51+00:00\" \/>\n<meta property=\"article:modified_time\" content=\"2019-04-12T05:39:09+00:00\" \/>\n<meta property=\"og:image\" content=\"http:\/\/www.reconoce.mx\/wp-content\/uploads\/2019\/04\/los-grizzlies-cover.jpg\" \/>\n\t<meta property=\"og:image:width\" content=\"590\" \/>\n\t<meta property=\"og:image:height\" content=\"380\" \/>\n\t<meta property=\"og:image:type\" content=\"image\/jpeg\" \/>\n<meta name=\"author\" content=\"Reconoce MX\" \/>\n<meta name=\"twitter:card\" content=\"summary_large_image\" \/>\n<meta name=\"twitter:creator\" content=\"@reconocemx\" \/>\n<meta name=\"twitter:site\" content=\"@reconocemx\" \/>\n<meta name=\"twitter:label1\" content=\"Escrito por\" \/>\n\t<meta name=\"twitter:data1\" content=\"Reconoce MX\" \/>\n\t<meta name=\"twitter:label2\" content=\"Tiempo de lectura\" \/>\n\t<meta name=\"twitter:data2\" content=\"3 minutos\" \/>\n<script type=\"application\/ld+json\" class=\"yoast-schema-graph\">{\"@context\":\"https:\/\/schema.org\",\"@graph\":[{\"@type\":\"Article\",\"@id\":\"http:\/\/www.reconoce.mx\/?p=82724#article\",\"isPartOf\":{\"@id\":\"http:\/\/www.reconoce.mx\/?p=82724\"},\"author\":{\"name\":\"Reconoce MX\",\"@id\":\"http:\/\/www.reconoce.mx\/#\/schema\/person\/2117e997d7051dc15d6880eaf9bca0b2\"},\"headline\":\"Semana de Cine Canadiense 2019: \u00abLos Grizzlies\u00bb\",\"datePublished\":\"2019-04-12T05:02:51+00:00\",\"dateModified\":\"2019-04-12T05:39:09+00:00\",\"mainEntityOfPage\":{\"@id\":\"http:\/\/www.reconoce.mx\/?p=82724\"},\"wordCount\":601,\"commentCount\":0,\"publisher\":{\"@id\":\"http:\/\/www.reconoce.mx\/#organization\"},\"image\":{\"@id\":\"http:\/\/www.reconoce.mx\/?p=82724#primaryimage\"},\"thumbnailUrl\":\"http:\/\/www.reconoce.mx\/wp-content\/uploads\/2019\/04\/los-grizzlies-cover.jpg\",\"articleSection\":[\"Cine\",\"Cultura\",\"Principal\"],\"inLanguage\":\"es\",\"potentialAction\":[{\"@type\":\"CommentAction\",\"name\":\"Comment\",\"target\":[\"http:\/\/www.reconoce.mx\/?p=82724#respond\"]}]},{\"@type\":\"WebPage\",\"@id\":\"http:\/\/www.reconoce.mx\/?p=82724\",\"url\":\"http:\/\/www.reconoce.mx\/?p=82724\",\"name\":\"Semana de Cine Canadiense 2019: \\\"Los Grizzlies\\\" &#171; Reconoce MX\",\"isPartOf\":{\"@id\":\"http:\/\/www.reconoce.mx\/#website\"},\"primaryImageOfPage\":{\"@id\":\"http:\/\/www.reconoce.mx\/?p=82724#primaryimage\"},\"image\":{\"@id\":\"http:\/\/www.reconoce.mx\/?p=82724#primaryimage\"},\"thumbnailUrl\":\"http:\/\/www.reconoce.mx\/wp-content\/uploads\/2019\/04\/los-grizzlies-cover.jpg\",\"datePublished\":\"2019-04-12T05:02:51+00:00\",\"dateModified\":\"2019-04-12T05:39:09+00:00\",\"breadcrumb\":{\"@id\":\"http:\/\/www.reconoce.mx\/?p=82724#breadcrumb\"},\"inLanguage\":\"es\",\"potentialAction\":[{\"@type\":\"ReadAction\",\"target\":[\"http:\/\/www.reconoce.mx\/?p=82724\"]}]},{\"@type\":\"ImageObject\",\"inLanguage\":\"es\",\"@id\":\"http:\/\/www.reconoce.mx\/?p=82724#primaryimage\",\"url\":\"http:\/\/www.reconoce.mx\/wp-content\/uploads\/2019\/04\/los-grizzlies-cover.jpg\",\"contentUrl\":\"http:\/\/www.reconoce.mx\/wp-content\/uploads\/2019\/04\/los-grizzlies-cover.jpg\",\"width\":590,\"height\":380},{\"@type\":\"BreadcrumbList\",\"@id\":\"http:\/\/www.reconoce.mx\/?p=82724#breadcrumb\",\"itemListElement\":[{\"@type\":\"ListItem\",\"position\":1,\"name\":\"Portada\",\"item\":\"http:\/\/www.reconoce.mx\/\"},{\"@type\":\"ListItem\",\"position\":2,\"name\":\"Semana de Cine Canadiense 2019: \u00abLos Grizzlies\u00bb\"}]},{\"@type\":\"WebSite\",\"@id\":\"http:\/\/www.reconoce.mx\/#website\",\"url\":\"http:\/\/www.reconoce.mx\/\",\"name\":\"Reconoce MX\",\"description\":\"En Reconoce MX difundimos arte, cultura y conciencia social en M\u00e9xico. Tu ciudad en otra perspectiva.\",\"publisher\":{\"@id\":\"http:\/\/www.reconoce.mx\/#organization\"},\"potentialAction\":[{\"@type\":\"SearchAction\",\"target\":{\"@type\":\"EntryPoint\",\"urlTemplate\":\"http:\/\/www.reconoce.mx\/?s={search_term_string}\"},\"query-input\":{\"@type\":\"PropertyValueSpecification\",\"valueRequired\":true,\"valueName\":\"search_term_string\"}}],\"inLanguage\":\"es\"},{\"@type\":\"Organization\",\"@id\":\"http:\/\/www.reconoce.mx\/#organization\",\"name\":\"Reconoce MX\",\"url\":\"http:\/\/www.reconoce.mx\/\",\"logo\":{\"@type\":\"ImageObject\",\"inLanguage\":\"es\",\"@id\":\"http:\/\/www.reconoce.mx\/#\/schema\/logo\/image\/\",\"url\":\"https:\/\/www.reconoce.mx\/wp-content\/uploads\/2019\/03\/logorcmx-good-1.png\",\"contentUrl\":\"https:\/\/www.reconoce.mx\/wp-content\/uploads\/2019\/03\/logorcmx-good-1.png\",\"width\":280,\"height\":90,\"caption\":\"Reconoce MX\"},\"image\":{\"@id\":\"http:\/\/www.reconoce.mx\/#\/schema\/logo\/image\/\"},\"sameAs\":[\"https:\/\/es-la.facebook.com\/ReconoceMX\/\",\"https:\/\/x.com\/reconocemx\",\"http:\/\/@reconocemx\"]},{\"@type\":\"Person\",\"@id\":\"http:\/\/www.reconoce.mx\/#\/schema\/person\/2117e997d7051dc15d6880eaf9bca0b2\",\"name\":\"Reconoce MX\",\"image\":{\"@type\":\"ImageObject\",\"inLanguage\":\"es\",\"@id\":\"http:\/\/www.reconoce.mx\/#\/schema\/person\/image\/\",\"url\":\"https:\/\/secure.gravatar.com\/avatar\/6c8d4dc7569ca1c90c5fdcc349f839d5ddef6fe1e70b4337ead2ef1a4c43fc3a?s=96&d=identicon&r=g\",\"contentUrl\":\"https:\/\/secure.gravatar.com\/avatar\/6c8d4dc7569ca1c90c5fdcc349f839d5ddef6fe1e70b4337ead2ef1a4c43fc3a?s=96&d=identicon&r=g\",\"caption\":\"Reconoce MX\"},\"description\":\"Reconoce MX es un proyecto de difusi\u00f3n art\u00edstica, cultural y de conciencia social que est\u00e1 enfocado a difundir y fomentar el entretenimiento alternativo de calidad para todo el p\u00fablico que comparta el mismo entusiasmo.\",\"sameAs\":[\"http:\/\/www.reconoce.mx\"],\"url\":\"http:\/\/www.reconoce.mx\/?author=2\"}]}<\/script>\n<!-- \/ Yoast SEO plugin. -->","yoast_head_json":{"title":"Semana de Cine Canadiense 2019: \"Los Grizzlies\" &#171; Reconoce MX","robots":{"index":"index","follow":"follow","max-snippet":"max-snippet:-1","max-image-preview":"max-image-preview:large","max-video-preview":"max-video-preview:-1"},"canonical":"http:\/\/www.reconoce.mx\/?p=82724","og_locale":"es_ES","og_type":"article","og_title":"Semana de Cine Canadiense 2019: \"Los Grizzlies\" &#171; Reconoce MX","og_description":"Proyect\u00e1ndose ya en el circuito de salas culturales de varias ciudades del pa\u00eds, la Semana de Cine Canadiense 2019 sigue atrapando espectadores \u00e1vidos de un cine diferente.","og_url":"http:\/\/www.reconoce.mx\/?p=82724","og_site_name":"Reconoce MX","article_publisher":"https:\/\/es-la.facebook.com\/ReconoceMX\/","article_published_time":"2019-04-12T05:02:51+00:00","article_modified_time":"2019-04-12T05:39:09+00:00","og_image":[{"width":590,"height":380,"url":"http:\/\/www.reconoce.mx\/wp-content\/uploads\/2019\/04\/los-grizzlies-cover.jpg","type":"image\/jpeg"}],"author":"Reconoce MX","twitter_card":"summary_large_image","twitter_creator":"@reconocemx","twitter_site":"@reconocemx","twitter_misc":{"Escrito por":"Reconoce MX","Tiempo de lectura":"3 minutos"},"schema":{"@context":"https:\/\/schema.org","@graph":[{"@type":"Article","@id":"http:\/\/www.reconoce.mx\/?p=82724#article","isPartOf":{"@id":"http:\/\/www.reconoce.mx\/?p=82724"},"author":{"name":"Reconoce MX","@id":"http:\/\/www.reconoce.mx\/#\/schema\/person\/2117e997d7051dc15d6880eaf9bca0b2"},"headline":"Semana de Cine Canadiense 2019: \u00abLos Grizzlies\u00bb","datePublished":"2019-04-12T05:02:51+00:00","dateModified":"2019-04-12T05:39:09+00:00","mainEntityOfPage":{"@id":"http:\/\/www.reconoce.mx\/?p=82724"},"wordCount":601,"commentCount":0,"publisher":{"@id":"http:\/\/www.reconoce.mx\/#organization"},"image":{"@id":"http:\/\/www.reconoce.mx\/?p=82724#primaryimage"},"thumbnailUrl":"http:\/\/www.reconoce.mx\/wp-content\/uploads\/2019\/04\/los-grizzlies-cover.jpg","articleSection":["Cine","Cultura","Principal"],"inLanguage":"es","potentialAction":[{"@type":"CommentAction","name":"Comment","target":["http:\/\/www.reconoce.mx\/?p=82724#respond"]}]},{"@type":"WebPage","@id":"http:\/\/www.reconoce.mx\/?p=82724","url":"http:\/\/www.reconoce.mx\/?p=82724","name":"Semana de Cine Canadiense 2019: \"Los Grizzlies\" &#171; Reconoce MX","isPartOf":{"@id":"http:\/\/www.reconoce.mx\/#website"},"primaryImageOfPage":{"@id":"http:\/\/www.reconoce.mx\/?p=82724#primaryimage"},"image":{"@id":"http:\/\/www.reconoce.mx\/?p=82724#primaryimage"},"thumbnailUrl":"http:\/\/www.reconoce.mx\/wp-content\/uploads\/2019\/04\/los-grizzlies-cover.jpg","datePublished":"2019-04-12T05:02:51+00:00","dateModified":"2019-04-12T05:39:09+00:00","breadcrumb":{"@id":"http:\/\/www.reconoce.mx\/?p=82724#breadcrumb"},"inLanguage":"es","potentialAction":[{"@type":"ReadAction","target":["http:\/\/www.reconoce.mx\/?p=82724"]}]},{"@type":"ImageObject","inLanguage":"es","@id":"http:\/\/www.reconoce.mx\/?p=82724#primaryimage","url":"http:\/\/www.reconoce.mx\/wp-content\/uploads\/2019\/04\/los-grizzlies-cover.jpg","contentUrl":"http:\/\/www.reconoce.mx\/wp-content\/uploads\/2019\/04\/los-grizzlies-cover.jpg","width":590,"height":380},{"@type":"BreadcrumbList","@id":"http:\/\/www.reconoce.mx\/?p=82724#breadcrumb","itemListElement":[{"@type":"ListItem","position":1,"name":"Portada","item":"http:\/\/www.reconoce.mx\/"},{"@type":"ListItem","position":2,"name":"Semana de Cine Canadiense 2019: \u00abLos Grizzlies\u00bb"}]},{"@type":"WebSite","@id":"http:\/\/www.reconoce.mx\/#website","url":"http:\/\/www.reconoce.mx\/","name":"Reconoce MX","description":"En Reconoce MX difundimos arte, cultura y conciencia social en M\u00e9xico. Tu ciudad en otra perspectiva.","publisher":{"@id":"http:\/\/www.reconoce.mx\/#organization"},"potentialAction":[{"@type":"SearchAction","target":{"@type":"EntryPoint","urlTemplate":"http:\/\/www.reconoce.mx\/?s={search_term_string}"},"query-input":{"@type":"PropertyValueSpecification","valueRequired":true,"valueName":"search_term_string"}}],"inLanguage":"es"},{"@type":"Organization","@id":"http:\/\/www.reconoce.mx\/#organization","name":"Reconoce MX","url":"http:\/\/www.reconoce.mx\/","logo":{"@type":"ImageObject","inLanguage":"es","@id":"http:\/\/www.reconoce.mx\/#\/schema\/logo\/image\/","url":"https:\/\/www.reconoce.mx\/wp-content\/uploads\/2019\/03\/logorcmx-good-1.png","contentUrl":"https:\/\/www.reconoce.mx\/wp-content\/uploads\/2019\/03\/logorcmx-good-1.png","width":280,"height":90,"caption":"Reconoce MX"},"image":{"@id":"http:\/\/www.reconoce.mx\/#\/schema\/logo\/image\/"},"sameAs":["https:\/\/es-la.facebook.com\/ReconoceMX\/","https:\/\/x.com\/reconocemx","http:\/\/@reconocemx"]},{"@type":"Person","@id":"http:\/\/www.reconoce.mx\/#\/schema\/person\/2117e997d7051dc15d6880eaf9bca0b2","name":"Reconoce MX","image":{"@type":"ImageObject","inLanguage":"es","@id":"http:\/\/www.reconoce.mx\/#\/schema\/person\/image\/","url":"https:\/\/secure.gravatar.com\/avatar\/6c8d4dc7569ca1c90c5fdcc349f839d5ddef6fe1e70b4337ead2ef1a4c43fc3a?s=96&d=identicon&r=g","contentUrl":"https:\/\/secure.gravatar.com\/avatar\/6c8d4dc7569ca1c90c5fdcc349f839d5ddef6fe1e70b4337ead2ef1a4c43fc3a?s=96&d=identicon&r=g","caption":"Reconoce MX"},"description":"Reconoce MX es un proyecto de difusi\u00f3n art\u00edstica, cultural y de conciencia social que est\u00e1 enfocado a difundir y fomentar el entretenimiento alternativo de calidad para todo el p\u00fablico que comparta el mismo entusiasmo.","sameAs":["http:\/\/www.reconoce.mx"],"url":"http:\/\/www.reconoce.mx\/?author=2"}]}},"_links":{"self":[{"href":"http:\/\/www.reconoce.mx\/index.php?rest_route=\/wp\/v2\/posts\/82724","targetHints":{"allow":["GET"]}}],"collection":[{"href":"http:\/\/www.reconoce.mx\/index.php?rest_route=\/wp\/v2\/posts"}],"about":[{"href":"http:\/\/www.reconoce.mx\/index.php?rest_route=\/wp\/v2\/types\/post"}],"author":[{"embeddable":true,"href":"http:\/\/www.reconoce.mx\/index.php?rest_route=\/wp\/v2\/users\/2"}],"replies":[{"embeddable":true,"href":"http:\/\/www.reconoce.mx\/index.php?rest_route=%2Fwp%2Fv2%2Fcomments&post=82724"}],"version-history":[{"count":4,"href":"http:\/\/www.reconoce.mx\/index.php?rest_route=\/wp\/v2\/posts\/82724\/revisions"}],"predecessor-version":[{"id":82735,"href":"http:\/\/www.reconoce.mx\/index.php?rest_route=\/wp\/v2\/posts\/82724\/revisions\/82735"}],"wp:featuredmedia":[{"embeddable":true,"href":"http:\/\/www.reconoce.mx\/index.php?rest_route=\/wp\/v2\/media\/82730"}],"wp:attachment":[{"href":"http:\/\/www.reconoce.mx\/index.php?rest_route=%2Fwp%2Fv2%2Fmedia&parent=82724"}],"wp:term":[{"taxonomy":"category","embeddable":true,"href":"http:\/\/www.reconoce.mx\/index.php?rest_route=%2Fwp%2Fv2%2Fcategories&post=82724"},{"taxonomy":"post_tag","embeddable":true,"href":"http:\/\/www.reconoce.mx\/index.php?rest_route=%2Fwp%2Fv2%2Ftags&post=82724"}],"curies":[{"name":"wp","href":"https:\/\/api.w.org\/{rel}","templated":true}]}}