{"id":82851,"date":"2019-04-18T00:03:01","date_gmt":"2019-04-18T05:03:01","guid":{"rendered":"http:\/\/www.reconoce.mx\/?p=82851"},"modified":"2019-04-18T09:40:00","modified_gmt":"2019-04-18T14:40:00","slug":"viacrucis-nacional-o-como-sobrevivir-a-una-semana-santa-en-acapulco","status":"publish","type":"post","link":"http:\/\/www.reconoce.mx\/?p=82851","title":{"rendered":"\u00abViacrucis nacional\u00bb, o c\u00f3mo sobrevivir a una \u00abSemana Santa en Acapulco\u00bb"},"content":{"rendered":"<p><strong>Por <a title=\"@AsfaltosTweets\" href=\"http:\/\/twitter.com\/AsfaltosTweets\" target=\"_blank\" rel=\"noopener noreferrer\">Asfaltos<\/a><\/strong>.<\/p>\n<p style=\"text-align: right;\"><em>Para Charlie, que tus vacaciones resulten todo menos un viacrucis&#8230;<\/em><\/p>\n<p>Jueves santo, que para algunos significa descanso, y para otros&#8230; \u00bf\u00bbViacrucis nacional\u00bb? Estrenada el 3 de diciembre de 1981, dirigida y escrita por el realizador mexicano de origen espa\u00f1ol <strong>Luis Alcoriza<\/strong>, \u00abViacrucis nacional\u00bb (1981) -tambi\u00e9n conocida como \u00abSemana Santa en Acapulco\u00bb- es una comedia que ajusta perfectamente para quienes se han aventurado a pasar las vacaciones en familia en estas \u00absantas fechas\u00bb. Y ojo, que no es por la ardidez de no salir de la \u00abcapirucha\u00bb, o quiz\u00e1 s\u00ed&#8230; vaya ust\u00e9 a saber.<\/p>\n<p><a href=\"http:\/\/www.reconoce.mx\/wp-content\/uploads\/2019\/04\/Semana_santa_en_Acapulco_Viacrucis_nacional-424780301-large.jpg\"><img loading=\"lazy\" decoding=\"async\" class=\"aligncenter size-full wp-image-82861\" src=\"http:\/\/www.reconoce.mx\/wp-content\/uploads\/2019\/04\/Semana_santa_en_Acapulco_Viacrucis_nacional-424780301-large.jpg\" alt=\"\" width=\"292\" height=\"390\" srcset=\"http:\/\/www.reconoce.mx\/wp-content\/uploads\/2019\/04\/Semana_santa_en_Acapulco_Viacrucis_nacional-424780301-large.jpg 292w, http:\/\/www.reconoce.mx\/wp-content\/uploads\/2019\/04\/Semana_santa_en_Acapulco_Viacrucis_nacional-424780301-large-225x300.jpg 225w, http:\/\/www.reconoce.mx\/wp-content\/uploads\/2019\/04\/Semana_santa_en_Acapulco_Viacrucis_nacional-424780301-large-150x200.jpg 150w\" sizes=\"auto, (max-width: 292px) 100vw, 292px\" \/><\/a><\/p>\n<p>La trama nos presenta la historia de un padre de familia, su esposa, su hijo, su cu\u00f1ada y su cu\u00f1ado, quienes juntos emprenden de manera enjundiosa el tan anhelado viaje con motivo de la Semana Santa. Interpretado por el actor y cantante <strong>David Reynoso<\/strong>, el patriarca gu\u00eda a su familia entre tr\u00e1nsito, aglomeraciones y sobre todo, muy altos precios. La mam\u00e1, una <strong>Lucha Villa<\/strong> en plenitud, le acompa\u00f1a sumisa como la beneficiaria del \u00abtraegastos\u00bb, como ella llama a su marido.<\/p>\n<p>Entre los cu\u00f1ados destaca \u00abBenito\u00bb, un \u00abmanos f\u00e1ciles\u00bb quien durante la pel\u00edcula arde m\u00e1s que un boiler en escandaloso deseo por su novia; mientras entre todos ellos y a su modo, brilla el peque\u00f1o de la familia, callado pero siempre ingenioso.<\/p>\n<p><a href=\"http:\/\/www.reconoce.mx\/wp-content\/uploads\/2019\/04\/viacrucis-nacional-3.jpg\"><img loading=\"lazy\" decoding=\"async\" class=\"aligncenter size-full wp-image-82856\" src=\"http:\/\/www.reconoce.mx\/wp-content\/uploads\/2019\/04\/viacrucis-nacional-3.jpg\" alt=\"\" width=\"701\" height=\"540\" srcset=\"http:\/\/www.reconoce.mx\/wp-content\/uploads\/2019\/04\/viacrucis-nacional-3.jpg 701w, http:\/\/www.reconoce.mx\/wp-content\/uploads\/2019\/04\/viacrucis-nacional-3-300x231.jpg 300w, http:\/\/www.reconoce.mx\/wp-content\/uploads\/2019\/04\/viacrucis-nacional-3-150x116.jpg 150w, http:\/\/www.reconoce.mx\/wp-content\/uploads\/2019\/04\/viacrucis-nacional-3-700x539.jpg 700w, http:\/\/www.reconoce.mx\/wp-content\/uploads\/2019\/04\/viacrucis-nacional-3-658x507.jpg 658w\" sizes=\"auto, (max-width: 701px) 100vw, 701px\" \/><\/a><\/p>\n<p>Si bien la pel\u00edcula es claramente una comedia, desde el primer incidente se nos marca tambi\u00e9n un tono de cierto drama cotidiano. Varados en la carretera por varias horas y sin nadie que se detenga para ayudarles, el pap\u00e1 se lamenta extra\u00f1ado por la poca solidaridad de los dem\u00e1s vacacionistas: \u00ab\u00bfqu\u00e9 nos est\u00e1 pasando?\u00bb, se pregunta, \u00abpobre pa\u00eds\u00bb, exclama. El drama, sin embargo, apenas comienza.<\/p>\n<p>Es el M\u00e9xico de 1981, en el gobierno de <strong>Jos\u00e9 L\u00f3pez Portillo<\/strong>, justo despu\u00e9s de la crisis petrolera de 1979. El pa\u00eds estaba brutalmente desestabilizado, las restricciones que la pol\u00edtica monetaria estadounidense le hab\u00edan impuesto, eran la antesala de la crisis que un a\u00f1o despu\u00e9s terminar\u00eda por noquear la econom\u00eda y \u00e1nimos nacionales. Esa realidad se plasma ya en \u00abViacrucis nacional\u00bb, donde nuestra familia a pesar de su entusiasmo, se topa contra la barrera de los d\u00f3lares: \u00abtodo lo quieren en d\u00f3lares, sobre todo despu\u00e9s de la pinche devaluaci\u00f3n\u00bb, se lamenta el pap\u00e1.<\/p>\n<p><a href=\"http:\/\/www.reconoce.mx\/wp-content\/uploads\/2019\/04\/viacrucis-nacional-6.jpg\"><img loading=\"lazy\" decoding=\"async\" class=\"aligncenter size-full wp-image-82859\" src=\"http:\/\/www.reconoce.mx\/wp-content\/uploads\/2019\/04\/viacrucis-nacional-6.jpg\" alt=\"\" width=\"701\" height=\"540\" srcset=\"http:\/\/www.reconoce.mx\/wp-content\/uploads\/2019\/04\/viacrucis-nacional-6.jpg 701w, http:\/\/www.reconoce.mx\/wp-content\/uploads\/2019\/04\/viacrucis-nacional-6-300x231.jpg 300w, http:\/\/www.reconoce.mx\/wp-content\/uploads\/2019\/04\/viacrucis-nacional-6-150x116.jpg 150w, http:\/\/www.reconoce.mx\/wp-content\/uploads\/2019\/04\/viacrucis-nacional-6-700x539.jpg 700w, http:\/\/www.reconoce.mx\/wp-content\/uploads\/2019\/04\/viacrucis-nacional-6-658x507.jpg 658w\" sizes=\"auto, (max-width: 701px) 100vw, 701px\" \/><\/a><\/p>\n<p>Adem\u00e1s de la dificultad econ\u00f3mica, se presentan tambi\u00e9n la discriminaci\u00f3n de los nacionales en favor de los extranjeros, as\u00ed como el clasismo de los m\u00e1s acomodados -una mujer, en una breve aparici\u00f3n exclama, \u00abl\u00e1stima que por aqu\u00ed hay pura chusma-, y s\u00ed, desde luego que tambi\u00e9n un poco de la corrupci\u00f3n reinante. El nacionalismo del sexenio de JOLOPO hace tambi\u00e9n su aparici\u00f3n, quiz\u00e1 como el \u00faltimo reducto de las esperanzas de quienes sufren las vacaciones anheladas.<\/p>\n<p>Filmada en el puerto de Acapulco, \u00abViacrucis nacional\u00bb est\u00e1 tambi\u00e9n llena de momentos que plasman perfectamente no solo a las clases populares de aquellos a\u00f1os, sino tambi\u00e9n a las actuales. La precaria situaci\u00f3n econ\u00f3mica contra el important\u00edsimo fervor por pasar unos d\u00edas de descanso, chocan para entregarnos una pel\u00edcula sencilla, llena del cal\u00f3 de la \u00e9poca y con muchos detalles que tristemente nos hacen pensar que el tiempo se ha detenido en nuestro pa\u00eds.<\/p>\n<p><a href=\"http:\/\/www.reconoce.mx\/wp-content\/uploads\/2019\/04\/viacrucis-nacional-7.jpg\"><img loading=\"lazy\" decoding=\"async\" class=\"aligncenter size-full wp-image-82860\" src=\"http:\/\/www.reconoce.mx\/wp-content\/uploads\/2019\/04\/viacrucis-nacional-7.jpg\" alt=\"\" width=\"704\" height=\"539\" srcset=\"http:\/\/www.reconoce.mx\/wp-content\/uploads\/2019\/04\/viacrucis-nacional-7.jpg 704w, http:\/\/www.reconoce.mx\/wp-content\/uploads\/2019\/04\/viacrucis-nacional-7-300x230.jpg 300w, http:\/\/www.reconoce.mx\/wp-content\/uploads\/2019\/04\/viacrucis-nacional-7-150x115.jpg 150w, http:\/\/www.reconoce.mx\/wp-content\/uploads\/2019\/04\/viacrucis-nacional-7-700x536.jpg 700w, http:\/\/www.reconoce.mx\/wp-content\/uploads\/2019\/04\/viacrucis-nacional-7-658x504.jpg 658w\" sizes=\"auto, (max-width: 704px) 100vw, 704px\" \/><\/a><\/p>\n<p>Es cierto que la pel\u00edcula decae en ritmo de manera muy importante en el \u00faltimo tercio, donde los personajes se separan para continuar con sus dramas personales; sin embargo, por lo interesante que resulta sumergirse en un retrato vivo de aquella \u00e9poca, \u00abViacrucis nacional\u00bb no deja de ser entretenida. S\u00ed, claro que <strong>David Reynoso<\/strong> y <strong>Lucha Villa<\/strong> tienen sus momentos musicales. Es m\u00e1s, tambi\u00e9n el joven <strong>Gabriel Gonz\u00e1lez<\/strong> (el hijo), quien literalemente \u00abno canta mal las rancheras\u00bb.<\/p>\n<p>\u00abViacrucis nacional \/ Semana Santa en Acapulco\u00bb es una pel\u00edcula que pueden ver de vez en vez en canales de televisi\u00f3n de paga como <strong>De Pel\u00edcula<\/strong>; y seg\u00fan -pues la verdad es que no soy mucho de la tele-, pueden agarrarla tambi\u00e9n en los canales de la televisi\u00f3n abierta. Acuda, eso s\u00ed, con una mirada muy abierta y sobre todo, con las ganas de entretenerse un rato con el drama nacional&#8230;<\/p>\n<style>.embed-container { position: relative; padding-bottom: 56.25%; height: 0; overflow: hidden; max-width: 100%; } .embed-container iframe, .embed-container object, .embed-container embed { position: absolute; top: 0; left: 0; width: 100%; height: 100%; }<\/style>\n<div class=\"embed-container\"><iframe src=\"https:\/\/www.youtube.com\/embed\/Y8VlrP3eBiY\" frameborder=\"0\" allowfullscreen=\"allowfullscreen\"><\/iframe><\/div>\n<p>&nbsp;<\/p>\n<p>\u00ab\u00bfSabe cu\u00f1ao? Una vez le\u00ed en un peri\u00f3dico que los mexicanos en el fondo somos paganos. [&#8230;] Porque en estas fiestas santas, en lugar de quedarnos en nuestras casas meditando, nos venimos a Acapulco, a las playas, al relajo&#8230; \u00bfPero sabe por qu\u00e9 lo hacemos? [&#8230;] Porque es la mejor manera de sentir lo que le pas\u00f3 a nuestro se\u00f1or Jesucristo en el calvario, puro viacrucis&#8230; Sal\u00fa g\u00fcero\u00bb.<\/p>\n<p>&nbsp;<\/p>\n<p>&nbsp;<\/p>\n","protected":false},"excerpt":{"rendered":"<p>Jueves santo, que para algunos significa descanso, y para otros&#8230; \u00bf\u00bbViacrucis nacional\u00bb? <\/p>\n","protected":false},"author":2,"featured_media":82864,"comment_status":"open","ping_status":"open","sticky":false,"template":"","format":"standard","meta":{"footnotes":""},"categories":[24,1,17],"tags":[],"class_list":["post-82851","post","type-post","status-publish","format-standard","has-post-thumbnail","hentry","category-cine","category-cultura","category-principal"],"yoast_head":"<!-- This site is optimized with the Yoast SEO plugin v24.7 - https:\/\/yoast.com\/wordpress\/plugins\/seo\/ -->\n<title>&quot;Viacrucis nacional&quot;, o c\u00f3mo sobrevivir a una &quot;Semana Santa en Acapulco&quot; &#171; Reconoce MX<\/title>\n<meta name=\"robots\" content=\"index, follow, max-snippet:-1, max-image-preview:large, max-video-preview:-1\" \/>\n<link rel=\"canonical\" href=\"http:\/\/www.reconoce.mx\/?p=82851\" \/>\n<meta property=\"og:locale\" content=\"es_ES\" \/>\n<meta property=\"og:type\" content=\"article\" \/>\n<meta property=\"og:title\" content=\"&quot;Viacrucis nacional&quot;, o c\u00f3mo sobrevivir a una &quot;Semana Santa en Acapulco&quot; &#171; Reconoce MX\" \/>\n<meta property=\"og:description\" content=\"Jueves santo, que para algunos significa descanso, y para otros... \u00bf&quot;Viacrucis nacional&quot;?\" \/>\n<meta property=\"og:url\" content=\"http:\/\/www.reconoce.mx\/?p=82851\" \/>\n<meta property=\"og:site_name\" content=\"Reconoce MX\" \/>\n<meta property=\"article:publisher\" content=\"https:\/\/es-la.facebook.com\/ReconoceMX\/\" \/>\n<meta property=\"article:published_time\" content=\"2019-04-18T05:03:01+00:00\" \/>\n<meta property=\"article:modified_time\" content=\"2019-04-18T14:40:00+00:00\" \/>\n<meta property=\"og:image\" content=\"http:\/\/www.reconoce.mx\/wp-content\/uploads\/2019\/04\/viaicrucis-cover.jpg\" \/>\n\t<meta property=\"og:image:width\" content=\"590\" \/>\n\t<meta property=\"og:image:height\" content=\"380\" \/>\n\t<meta property=\"og:image:type\" content=\"image\/jpeg\" \/>\n<meta name=\"author\" content=\"Reconoce MX\" \/>\n<meta name=\"twitter:card\" content=\"summary_large_image\" \/>\n<meta name=\"twitter:creator\" content=\"@reconocemx\" \/>\n<meta name=\"twitter:site\" content=\"@reconocemx\" \/>\n<meta name=\"twitter:label1\" content=\"Escrito por\" \/>\n\t<meta name=\"twitter:data1\" content=\"Reconoce MX\" \/>\n\t<meta name=\"twitter:label2\" content=\"Tiempo de lectura\" \/>\n\t<meta name=\"twitter:data2\" content=\"4 minutos\" \/>\n<script type=\"application\/ld+json\" class=\"yoast-schema-graph\">{\"@context\":\"https:\/\/schema.org\",\"@graph\":[{\"@type\":\"Article\",\"@id\":\"http:\/\/www.reconoce.mx\/?p=82851#article\",\"isPartOf\":{\"@id\":\"http:\/\/www.reconoce.mx\/?p=82851\"},\"author\":{\"name\":\"Reconoce MX\",\"@id\":\"http:\/\/www.reconoce.mx\/#\/schema\/person\/2117e997d7051dc15d6880eaf9bca0b2\"},\"headline\":\"\u00abViacrucis nacional\u00bb, o c\u00f3mo sobrevivir a una \u00abSemana Santa en Acapulco\u00bb\",\"datePublished\":\"2019-04-18T05:03:01+00:00\",\"dateModified\":\"2019-04-18T14:40:00+00:00\",\"mainEntityOfPage\":{\"@id\":\"http:\/\/www.reconoce.mx\/?p=82851\"},\"wordCount\":813,\"commentCount\":0,\"publisher\":{\"@id\":\"http:\/\/www.reconoce.mx\/#organization\"},\"image\":{\"@id\":\"http:\/\/www.reconoce.mx\/?p=82851#primaryimage\"},\"thumbnailUrl\":\"http:\/\/www.reconoce.mx\/wp-content\/uploads\/2019\/04\/viaicrucis-cover.jpg\",\"articleSection\":[\"Cine\",\"Cultura\",\"Principal\"],\"inLanguage\":\"es\",\"potentialAction\":[{\"@type\":\"CommentAction\",\"name\":\"Comment\",\"target\":[\"http:\/\/www.reconoce.mx\/?p=82851#respond\"]}]},{\"@type\":\"WebPage\",\"@id\":\"http:\/\/www.reconoce.mx\/?p=82851\",\"url\":\"http:\/\/www.reconoce.mx\/?p=82851\",\"name\":\"\\\"Viacrucis nacional\\\", o c\u00f3mo sobrevivir a una \\\"Semana Santa en Acapulco\\\" &#171; Reconoce MX\",\"isPartOf\":{\"@id\":\"http:\/\/www.reconoce.mx\/#website\"},\"primaryImageOfPage\":{\"@id\":\"http:\/\/www.reconoce.mx\/?p=82851#primaryimage\"},\"image\":{\"@id\":\"http:\/\/www.reconoce.mx\/?p=82851#primaryimage\"},\"thumbnailUrl\":\"http:\/\/www.reconoce.mx\/wp-content\/uploads\/2019\/04\/viaicrucis-cover.jpg\",\"datePublished\":\"2019-04-18T05:03:01+00:00\",\"dateModified\":\"2019-04-18T14:40:00+00:00\",\"breadcrumb\":{\"@id\":\"http:\/\/www.reconoce.mx\/?p=82851#breadcrumb\"},\"inLanguage\":\"es\",\"potentialAction\":[{\"@type\":\"ReadAction\",\"target\":[\"http:\/\/www.reconoce.mx\/?p=82851\"]}]},{\"@type\":\"ImageObject\",\"inLanguage\":\"es\",\"@id\":\"http:\/\/www.reconoce.mx\/?p=82851#primaryimage\",\"url\":\"http:\/\/www.reconoce.mx\/wp-content\/uploads\/2019\/04\/viaicrucis-cover.jpg\",\"contentUrl\":\"http:\/\/www.reconoce.mx\/wp-content\/uploads\/2019\/04\/viaicrucis-cover.jpg\",\"width\":590,\"height\":380},{\"@type\":\"BreadcrumbList\",\"@id\":\"http:\/\/www.reconoce.mx\/?p=82851#breadcrumb\",\"itemListElement\":[{\"@type\":\"ListItem\",\"position\":1,\"name\":\"Portada\",\"item\":\"http:\/\/www.reconoce.mx\/\"},{\"@type\":\"ListItem\",\"position\":2,\"name\":\"\u00abViacrucis nacional\u00bb, o c\u00f3mo sobrevivir a una \u00abSemana Santa en Acapulco\u00bb\"}]},{\"@type\":\"WebSite\",\"@id\":\"http:\/\/www.reconoce.mx\/#website\",\"url\":\"http:\/\/www.reconoce.mx\/\",\"name\":\"Reconoce MX\",\"description\":\"En Reconoce MX difundimos arte, cultura y conciencia social en M\u00e9xico. Tu ciudad en otra perspectiva.\",\"publisher\":{\"@id\":\"http:\/\/www.reconoce.mx\/#organization\"},\"potentialAction\":[{\"@type\":\"SearchAction\",\"target\":{\"@type\":\"EntryPoint\",\"urlTemplate\":\"http:\/\/www.reconoce.mx\/?s={search_term_string}\"},\"query-input\":{\"@type\":\"PropertyValueSpecification\",\"valueRequired\":true,\"valueName\":\"search_term_string\"}}],\"inLanguage\":\"es\"},{\"@type\":\"Organization\",\"@id\":\"http:\/\/www.reconoce.mx\/#organization\",\"name\":\"Reconoce MX\",\"url\":\"http:\/\/www.reconoce.mx\/\",\"logo\":{\"@type\":\"ImageObject\",\"inLanguage\":\"es\",\"@id\":\"http:\/\/www.reconoce.mx\/#\/schema\/logo\/image\/\",\"url\":\"https:\/\/www.reconoce.mx\/wp-content\/uploads\/2019\/03\/logorcmx-good-1.png\",\"contentUrl\":\"https:\/\/www.reconoce.mx\/wp-content\/uploads\/2019\/03\/logorcmx-good-1.png\",\"width\":280,\"height\":90,\"caption\":\"Reconoce MX\"},\"image\":{\"@id\":\"http:\/\/www.reconoce.mx\/#\/schema\/logo\/image\/\"},\"sameAs\":[\"https:\/\/es-la.facebook.com\/ReconoceMX\/\",\"https:\/\/x.com\/reconocemx\",\"http:\/\/@reconocemx\"]},{\"@type\":\"Person\",\"@id\":\"http:\/\/www.reconoce.mx\/#\/schema\/person\/2117e997d7051dc15d6880eaf9bca0b2\",\"name\":\"Reconoce MX\",\"image\":{\"@type\":\"ImageObject\",\"inLanguage\":\"es\",\"@id\":\"http:\/\/www.reconoce.mx\/#\/schema\/person\/image\/\",\"url\":\"https:\/\/secure.gravatar.com\/avatar\/6c8d4dc7569ca1c90c5fdcc349f839d5ddef6fe1e70b4337ead2ef1a4c43fc3a?s=96&d=identicon&r=g\",\"contentUrl\":\"https:\/\/secure.gravatar.com\/avatar\/6c8d4dc7569ca1c90c5fdcc349f839d5ddef6fe1e70b4337ead2ef1a4c43fc3a?s=96&d=identicon&r=g\",\"caption\":\"Reconoce MX\"},\"description\":\"Reconoce MX es un proyecto de difusi\u00f3n art\u00edstica, cultural y de conciencia social que est\u00e1 enfocado a difundir y fomentar el entretenimiento alternativo de calidad para todo el p\u00fablico que comparta el mismo entusiasmo.\",\"sameAs\":[\"http:\/\/www.reconoce.mx\"],\"url\":\"http:\/\/www.reconoce.mx\/?author=2\"}]}<\/script>\n<!-- \/ Yoast SEO plugin. -->","yoast_head_json":{"title":"\"Viacrucis nacional\", o c\u00f3mo sobrevivir a una \"Semana Santa en Acapulco\" &#171; Reconoce MX","robots":{"index":"index","follow":"follow","max-snippet":"max-snippet:-1","max-image-preview":"max-image-preview:large","max-video-preview":"max-video-preview:-1"},"canonical":"http:\/\/www.reconoce.mx\/?p=82851","og_locale":"es_ES","og_type":"article","og_title":"\"Viacrucis nacional\", o c\u00f3mo sobrevivir a una \"Semana Santa en Acapulco\" &#171; Reconoce MX","og_description":"Jueves santo, que para algunos significa descanso, y para otros... \u00bf\"Viacrucis nacional\"?","og_url":"http:\/\/www.reconoce.mx\/?p=82851","og_site_name":"Reconoce MX","article_publisher":"https:\/\/es-la.facebook.com\/ReconoceMX\/","article_published_time":"2019-04-18T05:03:01+00:00","article_modified_time":"2019-04-18T14:40:00+00:00","og_image":[{"width":590,"height":380,"url":"http:\/\/www.reconoce.mx\/wp-content\/uploads\/2019\/04\/viaicrucis-cover.jpg","type":"image\/jpeg"}],"author":"Reconoce MX","twitter_card":"summary_large_image","twitter_creator":"@reconocemx","twitter_site":"@reconocemx","twitter_misc":{"Escrito por":"Reconoce MX","Tiempo de lectura":"4 minutos"},"schema":{"@context":"https:\/\/schema.org","@graph":[{"@type":"Article","@id":"http:\/\/www.reconoce.mx\/?p=82851#article","isPartOf":{"@id":"http:\/\/www.reconoce.mx\/?p=82851"},"author":{"name":"Reconoce MX","@id":"http:\/\/www.reconoce.mx\/#\/schema\/person\/2117e997d7051dc15d6880eaf9bca0b2"},"headline":"\u00abViacrucis nacional\u00bb, o c\u00f3mo sobrevivir a una \u00abSemana Santa en Acapulco\u00bb","datePublished":"2019-04-18T05:03:01+00:00","dateModified":"2019-04-18T14:40:00+00:00","mainEntityOfPage":{"@id":"http:\/\/www.reconoce.mx\/?p=82851"},"wordCount":813,"commentCount":0,"publisher":{"@id":"http:\/\/www.reconoce.mx\/#organization"},"image":{"@id":"http:\/\/www.reconoce.mx\/?p=82851#primaryimage"},"thumbnailUrl":"http:\/\/www.reconoce.mx\/wp-content\/uploads\/2019\/04\/viaicrucis-cover.jpg","articleSection":["Cine","Cultura","Principal"],"inLanguage":"es","potentialAction":[{"@type":"CommentAction","name":"Comment","target":["http:\/\/www.reconoce.mx\/?p=82851#respond"]}]},{"@type":"WebPage","@id":"http:\/\/www.reconoce.mx\/?p=82851","url":"http:\/\/www.reconoce.mx\/?p=82851","name":"\"Viacrucis nacional\", o c\u00f3mo sobrevivir a una \"Semana Santa en Acapulco\" &#171; Reconoce MX","isPartOf":{"@id":"http:\/\/www.reconoce.mx\/#website"},"primaryImageOfPage":{"@id":"http:\/\/www.reconoce.mx\/?p=82851#primaryimage"},"image":{"@id":"http:\/\/www.reconoce.mx\/?p=82851#primaryimage"},"thumbnailUrl":"http:\/\/www.reconoce.mx\/wp-content\/uploads\/2019\/04\/viaicrucis-cover.jpg","datePublished":"2019-04-18T05:03:01+00:00","dateModified":"2019-04-18T14:40:00+00:00","breadcrumb":{"@id":"http:\/\/www.reconoce.mx\/?p=82851#breadcrumb"},"inLanguage":"es","potentialAction":[{"@type":"ReadAction","target":["http:\/\/www.reconoce.mx\/?p=82851"]}]},{"@type":"ImageObject","inLanguage":"es","@id":"http:\/\/www.reconoce.mx\/?p=82851#primaryimage","url":"http:\/\/www.reconoce.mx\/wp-content\/uploads\/2019\/04\/viaicrucis-cover.jpg","contentUrl":"http:\/\/www.reconoce.mx\/wp-content\/uploads\/2019\/04\/viaicrucis-cover.jpg","width":590,"height":380},{"@type":"BreadcrumbList","@id":"http:\/\/www.reconoce.mx\/?p=82851#breadcrumb","itemListElement":[{"@type":"ListItem","position":1,"name":"Portada","item":"http:\/\/www.reconoce.mx\/"},{"@type":"ListItem","position":2,"name":"\u00abViacrucis nacional\u00bb, o c\u00f3mo sobrevivir a una \u00abSemana Santa en Acapulco\u00bb"}]},{"@type":"WebSite","@id":"http:\/\/www.reconoce.mx\/#website","url":"http:\/\/www.reconoce.mx\/","name":"Reconoce MX","description":"En Reconoce MX difundimos arte, cultura y conciencia social en M\u00e9xico. Tu ciudad en otra perspectiva.","publisher":{"@id":"http:\/\/www.reconoce.mx\/#organization"},"potentialAction":[{"@type":"SearchAction","target":{"@type":"EntryPoint","urlTemplate":"http:\/\/www.reconoce.mx\/?s={search_term_string}"},"query-input":{"@type":"PropertyValueSpecification","valueRequired":true,"valueName":"search_term_string"}}],"inLanguage":"es"},{"@type":"Organization","@id":"http:\/\/www.reconoce.mx\/#organization","name":"Reconoce MX","url":"http:\/\/www.reconoce.mx\/","logo":{"@type":"ImageObject","inLanguage":"es","@id":"http:\/\/www.reconoce.mx\/#\/schema\/logo\/image\/","url":"https:\/\/www.reconoce.mx\/wp-content\/uploads\/2019\/03\/logorcmx-good-1.png","contentUrl":"https:\/\/www.reconoce.mx\/wp-content\/uploads\/2019\/03\/logorcmx-good-1.png","width":280,"height":90,"caption":"Reconoce MX"},"image":{"@id":"http:\/\/www.reconoce.mx\/#\/schema\/logo\/image\/"},"sameAs":["https:\/\/es-la.facebook.com\/ReconoceMX\/","https:\/\/x.com\/reconocemx","http:\/\/@reconocemx"]},{"@type":"Person","@id":"http:\/\/www.reconoce.mx\/#\/schema\/person\/2117e997d7051dc15d6880eaf9bca0b2","name":"Reconoce MX","image":{"@type":"ImageObject","inLanguage":"es","@id":"http:\/\/www.reconoce.mx\/#\/schema\/person\/image\/","url":"https:\/\/secure.gravatar.com\/avatar\/6c8d4dc7569ca1c90c5fdcc349f839d5ddef6fe1e70b4337ead2ef1a4c43fc3a?s=96&d=identicon&r=g","contentUrl":"https:\/\/secure.gravatar.com\/avatar\/6c8d4dc7569ca1c90c5fdcc349f839d5ddef6fe1e70b4337ead2ef1a4c43fc3a?s=96&d=identicon&r=g","caption":"Reconoce MX"},"description":"Reconoce MX es un proyecto de difusi\u00f3n art\u00edstica, cultural y de conciencia social que est\u00e1 enfocado a difundir y fomentar el entretenimiento alternativo de calidad para todo el p\u00fablico que comparta el mismo entusiasmo.","sameAs":["http:\/\/www.reconoce.mx"],"url":"http:\/\/www.reconoce.mx\/?author=2"}]}},"_links":{"self":[{"href":"http:\/\/www.reconoce.mx\/index.php?rest_route=\/wp\/v2\/posts\/82851","targetHints":{"allow":["GET"]}}],"collection":[{"href":"http:\/\/www.reconoce.mx\/index.php?rest_route=\/wp\/v2\/posts"}],"about":[{"href":"http:\/\/www.reconoce.mx\/index.php?rest_route=\/wp\/v2\/types\/post"}],"author":[{"embeddable":true,"href":"http:\/\/www.reconoce.mx\/index.php?rest_route=\/wp\/v2\/users\/2"}],"replies":[{"embeddable":true,"href":"http:\/\/www.reconoce.mx\/index.php?rest_route=%2Fwp%2Fv2%2Fcomments&post=82851"}],"version-history":[{"count":7,"href":"http:\/\/www.reconoce.mx\/index.php?rest_route=\/wp\/v2\/posts\/82851\/revisions"}],"predecessor-version":[{"id":82921,"href":"http:\/\/www.reconoce.mx\/index.php?rest_route=\/wp\/v2\/posts\/82851\/revisions\/82921"}],"wp:featuredmedia":[{"embeddable":true,"href":"http:\/\/www.reconoce.mx\/index.php?rest_route=\/wp\/v2\/media\/82864"}],"wp:attachment":[{"href":"http:\/\/www.reconoce.mx\/index.php?rest_route=%2Fwp%2Fv2%2Fmedia&parent=82851"}],"wp:term":[{"taxonomy":"category","embeddable":true,"href":"http:\/\/www.reconoce.mx\/index.php?rest_route=%2Fwp%2Fv2%2Fcategories&post=82851"},{"taxonomy":"post_tag","embeddable":true,"href":"http:\/\/www.reconoce.mx\/index.php?rest_route=%2Fwp%2Fv2%2Ftags&post=82851"}],"curies":[{"name":"wp","href":"https:\/\/api.w.org\/{rel}","templated":true}]}}