{"id":82893,"date":"2019-04-19T00:02:25","date_gmt":"2019-04-19T05:02:25","guid":{"rendered":"http:\/\/www.reconoce.mx\/?p=82893"},"modified":"2019-04-18T22:59:23","modified_gmt":"2019-04-19T03:59:23","slug":"llueve-en-semana-santa-version-nadeus","status":"publish","type":"post","link":"http:\/\/www.reconoce.mx\/?p=82893","title":{"rendered":"&#8216;Llueve en Semana Santa&#8217;, versi\u00f3n Nade\u00fcs"},"content":{"rendered":"<p><a href=\"http:\/\/www.reconoce.mx\/category\/cultura\/musica\/viernes-versionado\/\"><img loading=\"lazy\" decoding=\"async\" class=\"aligncenter size-full wp-image-38362\" src=\"http:\/\/www.reconoce.mx\/wp-content\/uploads\/2015\/06\/Viernes.png\" sizes=\"auto, (max-width: 550px) 100vw, 550px\" srcset=\"http:\/\/www.reconoce.mx\/wp-content\/uploads\/2015\/06\/Viernes.png 550w, http:\/\/www.reconoce.mx\/wp-content\/uploads\/2015\/06\/Viernes-300x38.png 300w, http:\/\/www.reconoce.mx\/wp-content\/uploads\/2015\/06\/Viernes-150x19.png 150w\" alt=\"Viernes\" width=\"550\" height=\"70\" \/><\/a><strong><br \/>\nPor <a title=\"@AsfaltosTweets\" href=\"http:\/\/twitter.com\/AsfaltosTweets\" target=\"_blank\" rel=\"noopener noreferrer\" data-slimstat-type=\"0\" data-slimstat-callback=\"false\" data-slimstat-tracking=\"true\">Asfaltos<\/a><\/strong>.<\/p>\n<p>El lunes pasado amanecimos de este lado del planeta con la noticia del incendio de la catedral parisina de <strong>Notre Dame<\/strong>. El accidente, doloroso por tratarse de una obra de arte, empez\u00f3 a generar distintas reacciones. La iglesia, y sobre todo la cat\u00f3lica, genera siempre comentarios encontrados. Llena de poder y llena de esc\u00e1ndalos, la iglesia cat\u00f3lica ha ca\u00eddo en desgracia para muchos.<\/p>\n<style>.embed-container { position: relative; padding-bottom: 56.25%; height: 0; overflow: hidden; max-width: 100%; } .embed-container iframe, .embed-container object, .embed-container embed { position: absolute; top: 0; left: 0; width: 100%; height: 100%; }<\/style>\n<div class=\"embed-container\"><iframe src=\"https:\/\/www.youtube.com\/embed\/_37MH7I7io8\" frameborder=\"0\" allowfullscreen=\"allowfullscreen\"><\/iframe><\/div>\n<p>&nbsp;<\/p>\n<p>A m\u00ed me gusta la historia que se narra en estos d\u00edas de un Jes\u00fas que fue enviado a la Tierra para morir por nuestros pecados, como un acto de amor de su padre; pero tambi\u00e9n he de aceptar que la instituci\u00f3n tiene una enorme carga hist\u00f3rica negativa que ponen en duda su misi\u00f3n en el plano terrenal.<\/p>\n<p>En el marco del incendio de <strong>Notre Dame<\/strong>, <a href=\"https:\/\/www.jornada.com.mx\/ultimas\/2019\/04\/16\/vaticano-ofrece-ayuda-tecnica-para-notre-dame-no-dinero-3702.html\" target=\"_blank\" rel=\"noopener noreferrer\">el <strong>Vaticano<\/strong> mismo ofreci\u00f3 ayuda t\u00e9cnica, mas no dinero<\/a>&#8230; Me dec\u00eda un amigo: \u00abqu\u00e9 caraduras\u00bb, pensando que la iglesia, si algo tiene, es dinero. \u00bfEl argumento? Que <strong>Notre Dame<\/strong> pertenece al estado franc\u00e9s&#8230; \u00bfQu\u00e9 no es tambi\u00e9n la casa de Dios? \u00bfO ser\u00e1 del Dios versi\u00f3n francesa? Ay iglesia cat\u00f3lica, est\u00e1s viendo y no ves.<\/p>\n<p>Una de las canciones que mejor ejemplifica la poca gracia que genera la instituci\u00f3n cat\u00f3lica, es cortes\u00eda del grupo de Gand\u00eda, Espa\u00f1a, <strong>La Ra\u00edz<\/strong>. En el tema los peninsulares no dudan en criticar a toda la estructura de la iglesia; y miren que hacerlo en Espa\u00f1a tiene su chiste. Criticando lo endeble del \u00abnegocio\u00bb cat\u00f3lico, <strong>La Ra\u00edz<\/strong> nos regalan un tema divertido, pero tambi\u00e9n poderoso.<\/p>\n<p>\u00abTen\u00e9is buena intenci\u00f3n, quer\u00e9is que siga el juego, siglo tras siglo, vendi\u00e9ndonos el cielo. Y otra vez, otra vez, llueve en Semana Santa. No, no nos vender\u00e1n esos castillos en el aire, no, no nos vender\u00e1n que bebamos su sangre. Ya no quedan santos, ni dios, ni dios, ni dios que os aguante. Con el tiempo advert\u00ed que el diablo est\u00e1 dentro de cardenales obispos y reyes, que quieren que cumplas las leyes que asustan al pueblo.\u00bb<\/p>\n<p>La versi\u00f3n que les dejo hoy de \u00abLlueve en Semana Santa\u00bb es del joven grupo argento <strong>Nade\u00fcs<\/strong>, quienes en su estilo nos regalan esta melod\u00eda que combina metal, rock y hasta hip hop. \u00bfQu\u00e9 onda? \u00bfLes gust\u00f3? \u00bfQu\u00e9 piensan ustedes de estos d\u00edas? \u00bfQu\u00e9 piensan de la pol\u00e9mica iglesia cat\u00f3lica?<\/p>\n<p style=\"text-align: right;\">Imagen tomada del sitio en Facebook de la banda.<\/p>\n<p>&nbsp;<\/p>\n<p>&nbsp;<\/p>\n","protected":false},"excerpt":{"rendered":"<p>El lunes pasado amanecimos de este lado del planeta con la noticia del incendio de la catedral parisina de Notre Dame. <\/p>\n","protected":false},"author":2,"featured_media":82895,"comment_status":"open","ping_status":"open","sticky":false,"template":"","format":"standard","meta":{"footnotes":""},"categories":[1,18,17,1454],"tags":[],"class_list":["post-82893","post","type-post","status-publish","format-standard","has-post-thumbnail","hentry","category-cultura","category-musica","category-principal","category-viernes-versionado"],"yoast_head":"<!-- This site is optimized with the Yoast SEO plugin v24.7 - https:\/\/yoast.com\/wordpress\/plugins\/seo\/ -->\n<title>&#039;Llueve en Semana Santa&#039;, versi\u00f3n Nade\u00fcs &#171; Reconoce MX<\/title>\n<meta name=\"robots\" content=\"index, follow, max-snippet:-1, max-image-preview:large, max-video-preview:-1\" \/>\n<link rel=\"canonical\" href=\"http:\/\/www.reconoce.mx\/?p=82893\" \/>\n<meta property=\"og:locale\" content=\"es_ES\" \/>\n<meta property=\"og:type\" content=\"article\" \/>\n<meta property=\"og:title\" content=\"&#039;Llueve en Semana Santa&#039;, versi\u00f3n Nade\u00fcs &#171; Reconoce MX\" \/>\n<meta property=\"og:description\" content=\"El lunes pasado amanecimos de este lado del planeta con la noticia del incendio de la catedral parisina de Notre Dame.\" \/>\n<meta property=\"og:url\" content=\"http:\/\/www.reconoce.mx\/?p=82893\" \/>\n<meta property=\"og:site_name\" content=\"Reconoce MX\" \/>\n<meta property=\"article:publisher\" content=\"https:\/\/es-la.facebook.com\/ReconoceMX\/\" \/>\n<meta property=\"article:published_time\" content=\"2019-04-19T05:02:25+00:00\" \/>\n<meta property=\"og:image\" content=\"http:\/\/www.reconoce.mx\/wp-content\/uploads\/2019\/04\/nade\u00fcs-cover.jpg\" \/>\n\t<meta property=\"og:image:width\" content=\"590\" \/>\n\t<meta property=\"og:image:height\" content=\"380\" \/>\n\t<meta property=\"og:image:type\" content=\"image\/jpeg\" \/>\n<meta name=\"author\" content=\"Reconoce MX\" \/>\n<meta name=\"twitter:card\" content=\"summary_large_image\" \/>\n<meta name=\"twitter:creator\" content=\"@reconocemx\" \/>\n<meta name=\"twitter:site\" content=\"@reconocemx\" \/>\n<meta name=\"twitter:label1\" content=\"Escrito por\" \/>\n\t<meta name=\"twitter:data1\" content=\"Reconoce MX\" \/>\n\t<meta name=\"twitter:label2\" content=\"Tiempo de lectura\" \/>\n\t<meta name=\"twitter:data2\" content=\"2 minutos\" \/>\n<script type=\"application\/ld+json\" class=\"yoast-schema-graph\">{\"@context\":\"https:\/\/schema.org\",\"@graph\":[{\"@type\":\"Article\",\"@id\":\"http:\/\/www.reconoce.mx\/?p=82893#article\",\"isPartOf\":{\"@id\":\"http:\/\/www.reconoce.mx\/?p=82893\"},\"author\":{\"name\":\"Reconoce MX\",\"@id\":\"http:\/\/www.reconoce.mx\/#\/schema\/person\/2117e997d7051dc15d6880eaf9bca0b2\"},\"headline\":\"&#8216;Llueve en Semana Santa&#8217;, versi\u00f3n Nade\u00fcs\",\"datePublished\":\"2019-04-19T05:02:25+00:00\",\"mainEntityOfPage\":{\"@id\":\"http:\/\/www.reconoce.mx\/?p=82893\"},\"wordCount\":437,\"commentCount\":0,\"publisher\":{\"@id\":\"http:\/\/www.reconoce.mx\/#organization\"},\"image\":{\"@id\":\"http:\/\/www.reconoce.mx\/?p=82893#primaryimage\"},\"thumbnailUrl\":\"http:\/\/www.reconoce.mx\/wp-content\/uploads\/2019\/04\/nade\u00fcs-cover.jpg\",\"articleSection\":[\"Cultura\",\"M\u00fasica\",\"Principal\",\"Viernes versionado\"],\"inLanguage\":\"es\",\"potentialAction\":[{\"@type\":\"CommentAction\",\"name\":\"Comment\",\"target\":[\"http:\/\/www.reconoce.mx\/?p=82893#respond\"]}]},{\"@type\":\"WebPage\",\"@id\":\"http:\/\/www.reconoce.mx\/?p=82893\",\"url\":\"http:\/\/www.reconoce.mx\/?p=82893\",\"name\":\"'Llueve en Semana Santa', versi\u00f3n Nade\u00fcs &#171; Reconoce MX\",\"isPartOf\":{\"@id\":\"http:\/\/www.reconoce.mx\/#website\"},\"primaryImageOfPage\":{\"@id\":\"http:\/\/www.reconoce.mx\/?p=82893#primaryimage\"},\"image\":{\"@id\":\"http:\/\/www.reconoce.mx\/?p=82893#primaryimage\"},\"thumbnailUrl\":\"http:\/\/www.reconoce.mx\/wp-content\/uploads\/2019\/04\/nade\u00fcs-cover.jpg\",\"datePublished\":\"2019-04-19T05:02:25+00:00\",\"breadcrumb\":{\"@id\":\"http:\/\/www.reconoce.mx\/?p=82893#breadcrumb\"},\"inLanguage\":\"es\",\"potentialAction\":[{\"@type\":\"ReadAction\",\"target\":[\"http:\/\/www.reconoce.mx\/?p=82893\"]}]},{\"@type\":\"ImageObject\",\"inLanguage\":\"es\",\"@id\":\"http:\/\/www.reconoce.mx\/?p=82893#primaryimage\",\"url\":\"http:\/\/www.reconoce.mx\/wp-content\/uploads\/2019\/04\/nade\u00fcs-cover.jpg\",\"contentUrl\":\"http:\/\/www.reconoce.mx\/wp-content\/uploads\/2019\/04\/nade\u00fcs-cover.jpg\",\"width\":590,\"height\":380},{\"@type\":\"BreadcrumbList\",\"@id\":\"http:\/\/www.reconoce.mx\/?p=82893#breadcrumb\",\"itemListElement\":[{\"@type\":\"ListItem\",\"position\":1,\"name\":\"Portada\",\"item\":\"http:\/\/www.reconoce.mx\/\"},{\"@type\":\"ListItem\",\"position\":2,\"name\":\"&#8216;Llueve en Semana Santa&#8217;, versi\u00f3n Nade\u00fcs\"}]},{\"@type\":\"WebSite\",\"@id\":\"http:\/\/www.reconoce.mx\/#website\",\"url\":\"http:\/\/www.reconoce.mx\/\",\"name\":\"Reconoce MX\",\"description\":\"En Reconoce MX difundimos arte, cultura y conciencia social en M\u00e9xico. Tu ciudad en otra perspectiva.\",\"publisher\":{\"@id\":\"http:\/\/www.reconoce.mx\/#organization\"},\"potentialAction\":[{\"@type\":\"SearchAction\",\"target\":{\"@type\":\"EntryPoint\",\"urlTemplate\":\"http:\/\/www.reconoce.mx\/?s={search_term_string}\"},\"query-input\":{\"@type\":\"PropertyValueSpecification\",\"valueRequired\":true,\"valueName\":\"search_term_string\"}}],\"inLanguage\":\"es\"},{\"@type\":\"Organization\",\"@id\":\"http:\/\/www.reconoce.mx\/#organization\",\"name\":\"Reconoce MX\",\"url\":\"http:\/\/www.reconoce.mx\/\",\"logo\":{\"@type\":\"ImageObject\",\"inLanguage\":\"es\",\"@id\":\"http:\/\/www.reconoce.mx\/#\/schema\/logo\/image\/\",\"url\":\"https:\/\/www.reconoce.mx\/wp-content\/uploads\/2019\/03\/logorcmx-good-1.png\",\"contentUrl\":\"https:\/\/www.reconoce.mx\/wp-content\/uploads\/2019\/03\/logorcmx-good-1.png\",\"width\":280,\"height\":90,\"caption\":\"Reconoce MX\"},\"image\":{\"@id\":\"http:\/\/www.reconoce.mx\/#\/schema\/logo\/image\/\"},\"sameAs\":[\"https:\/\/es-la.facebook.com\/ReconoceMX\/\",\"https:\/\/x.com\/reconocemx\",\"http:\/\/@reconocemx\"]},{\"@type\":\"Person\",\"@id\":\"http:\/\/www.reconoce.mx\/#\/schema\/person\/2117e997d7051dc15d6880eaf9bca0b2\",\"name\":\"Reconoce MX\",\"image\":{\"@type\":\"ImageObject\",\"inLanguage\":\"es\",\"@id\":\"http:\/\/www.reconoce.mx\/#\/schema\/person\/image\/\",\"url\":\"https:\/\/secure.gravatar.com\/avatar\/6c8d4dc7569ca1c90c5fdcc349f839d5ddef6fe1e70b4337ead2ef1a4c43fc3a?s=96&d=identicon&r=g\",\"contentUrl\":\"https:\/\/secure.gravatar.com\/avatar\/6c8d4dc7569ca1c90c5fdcc349f839d5ddef6fe1e70b4337ead2ef1a4c43fc3a?s=96&d=identicon&r=g\",\"caption\":\"Reconoce MX\"},\"description\":\"Reconoce MX es un proyecto de difusi\u00f3n art\u00edstica, cultural y de conciencia social que est\u00e1 enfocado a difundir y fomentar el entretenimiento alternativo de calidad para todo el p\u00fablico que comparta el mismo entusiasmo.\",\"sameAs\":[\"http:\/\/www.reconoce.mx\"],\"url\":\"http:\/\/www.reconoce.mx\/?author=2\"}]}<\/script>\n<!-- \/ Yoast SEO plugin. -->","yoast_head_json":{"title":"'Llueve en Semana Santa', versi\u00f3n Nade\u00fcs &#171; Reconoce MX","robots":{"index":"index","follow":"follow","max-snippet":"max-snippet:-1","max-image-preview":"max-image-preview:large","max-video-preview":"max-video-preview:-1"},"canonical":"http:\/\/www.reconoce.mx\/?p=82893","og_locale":"es_ES","og_type":"article","og_title":"'Llueve en Semana Santa', versi\u00f3n Nade\u00fcs &#171; Reconoce MX","og_description":"El lunes pasado amanecimos de este lado del planeta con la noticia del incendio de la catedral parisina de Notre Dame.","og_url":"http:\/\/www.reconoce.mx\/?p=82893","og_site_name":"Reconoce MX","article_publisher":"https:\/\/es-la.facebook.com\/ReconoceMX\/","article_published_time":"2019-04-19T05:02:25+00:00","og_image":[{"width":590,"height":380,"url":"http:\/\/www.reconoce.mx\/wp-content\/uploads\/2019\/04\/nade\u00fcs-cover.jpg","type":"image\/jpeg"}],"author":"Reconoce MX","twitter_card":"summary_large_image","twitter_creator":"@reconocemx","twitter_site":"@reconocemx","twitter_misc":{"Escrito por":"Reconoce MX","Tiempo de lectura":"2 minutos"},"schema":{"@context":"https:\/\/schema.org","@graph":[{"@type":"Article","@id":"http:\/\/www.reconoce.mx\/?p=82893#article","isPartOf":{"@id":"http:\/\/www.reconoce.mx\/?p=82893"},"author":{"name":"Reconoce MX","@id":"http:\/\/www.reconoce.mx\/#\/schema\/person\/2117e997d7051dc15d6880eaf9bca0b2"},"headline":"&#8216;Llueve en Semana Santa&#8217;, versi\u00f3n Nade\u00fcs","datePublished":"2019-04-19T05:02:25+00:00","mainEntityOfPage":{"@id":"http:\/\/www.reconoce.mx\/?p=82893"},"wordCount":437,"commentCount":0,"publisher":{"@id":"http:\/\/www.reconoce.mx\/#organization"},"image":{"@id":"http:\/\/www.reconoce.mx\/?p=82893#primaryimage"},"thumbnailUrl":"http:\/\/www.reconoce.mx\/wp-content\/uploads\/2019\/04\/nade\u00fcs-cover.jpg","articleSection":["Cultura","M\u00fasica","Principal","Viernes versionado"],"inLanguage":"es","potentialAction":[{"@type":"CommentAction","name":"Comment","target":["http:\/\/www.reconoce.mx\/?p=82893#respond"]}]},{"@type":"WebPage","@id":"http:\/\/www.reconoce.mx\/?p=82893","url":"http:\/\/www.reconoce.mx\/?p=82893","name":"'Llueve en Semana Santa', versi\u00f3n Nade\u00fcs &#171; Reconoce MX","isPartOf":{"@id":"http:\/\/www.reconoce.mx\/#website"},"primaryImageOfPage":{"@id":"http:\/\/www.reconoce.mx\/?p=82893#primaryimage"},"image":{"@id":"http:\/\/www.reconoce.mx\/?p=82893#primaryimage"},"thumbnailUrl":"http:\/\/www.reconoce.mx\/wp-content\/uploads\/2019\/04\/nade\u00fcs-cover.jpg","datePublished":"2019-04-19T05:02:25+00:00","breadcrumb":{"@id":"http:\/\/www.reconoce.mx\/?p=82893#breadcrumb"},"inLanguage":"es","potentialAction":[{"@type":"ReadAction","target":["http:\/\/www.reconoce.mx\/?p=82893"]}]},{"@type":"ImageObject","inLanguage":"es","@id":"http:\/\/www.reconoce.mx\/?p=82893#primaryimage","url":"http:\/\/www.reconoce.mx\/wp-content\/uploads\/2019\/04\/nade\u00fcs-cover.jpg","contentUrl":"http:\/\/www.reconoce.mx\/wp-content\/uploads\/2019\/04\/nade\u00fcs-cover.jpg","width":590,"height":380},{"@type":"BreadcrumbList","@id":"http:\/\/www.reconoce.mx\/?p=82893#breadcrumb","itemListElement":[{"@type":"ListItem","position":1,"name":"Portada","item":"http:\/\/www.reconoce.mx\/"},{"@type":"ListItem","position":2,"name":"&#8216;Llueve en Semana Santa&#8217;, versi\u00f3n Nade\u00fcs"}]},{"@type":"WebSite","@id":"http:\/\/www.reconoce.mx\/#website","url":"http:\/\/www.reconoce.mx\/","name":"Reconoce MX","description":"En Reconoce MX difundimos arte, cultura y conciencia social en M\u00e9xico. Tu ciudad en otra perspectiva.","publisher":{"@id":"http:\/\/www.reconoce.mx\/#organization"},"potentialAction":[{"@type":"SearchAction","target":{"@type":"EntryPoint","urlTemplate":"http:\/\/www.reconoce.mx\/?s={search_term_string}"},"query-input":{"@type":"PropertyValueSpecification","valueRequired":true,"valueName":"search_term_string"}}],"inLanguage":"es"},{"@type":"Organization","@id":"http:\/\/www.reconoce.mx\/#organization","name":"Reconoce MX","url":"http:\/\/www.reconoce.mx\/","logo":{"@type":"ImageObject","inLanguage":"es","@id":"http:\/\/www.reconoce.mx\/#\/schema\/logo\/image\/","url":"https:\/\/www.reconoce.mx\/wp-content\/uploads\/2019\/03\/logorcmx-good-1.png","contentUrl":"https:\/\/www.reconoce.mx\/wp-content\/uploads\/2019\/03\/logorcmx-good-1.png","width":280,"height":90,"caption":"Reconoce MX"},"image":{"@id":"http:\/\/www.reconoce.mx\/#\/schema\/logo\/image\/"},"sameAs":["https:\/\/es-la.facebook.com\/ReconoceMX\/","https:\/\/x.com\/reconocemx","http:\/\/@reconocemx"]},{"@type":"Person","@id":"http:\/\/www.reconoce.mx\/#\/schema\/person\/2117e997d7051dc15d6880eaf9bca0b2","name":"Reconoce MX","image":{"@type":"ImageObject","inLanguage":"es","@id":"http:\/\/www.reconoce.mx\/#\/schema\/person\/image\/","url":"https:\/\/secure.gravatar.com\/avatar\/6c8d4dc7569ca1c90c5fdcc349f839d5ddef6fe1e70b4337ead2ef1a4c43fc3a?s=96&d=identicon&r=g","contentUrl":"https:\/\/secure.gravatar.com\/avatar\/6c8d4dc7569ca1c90c5fdcc349f839d5ddef6fe1e70b4337ead2ef1a4c43fc3a?s=96&d=identicon&r=g","caption":"Reconoce MX"},"description":"Reconoce MX es un proyecto de difusi\u00f3n art\u00edstica, cultural y de conciencia social que est\u00e1 enfocado a difundir y fomentar el entretenimiento alternativo de calidad para todo el p\u00fablico que comparta el mismo entusiasmo.","sameAs":["http:\/\/www.reconoce.mx"],"url":"http:\/\/www.reconoce.mx\/?author=2"}]}},"_links":{"self":[{"href":"http:\/\/www.reconoce.mx\/index.php?rest_route=\/wp\/v2\/posts\/82893","targetHints":{"allow":["GET"]}}],"collection":[{"href":"http:\/\/www.reconoce.mx\/index.php?rest_route=\/wp\/v2\/posts"}],"about":[{"href":"http:\/\/www.reconoce.mx\/index.php?rest_route=\/wp\/v2\/types\/post"}],"author":[{"embeddable":true,"href":"http:\/\/www.reconoce.mx\/index.php?rest_route=\/wp\/v2\/users\/2"}],"replies":[{"embeddable":true,"href":"http:\/\/www.reconoce.mx\/index.php?rest_route=%2Fwp%2Fv2%2Fcomments&post=82893"}],"version-history":[{"count":4,"href":"http:\/\/www.reconoce.mx\/index.php?rest_route=\/wp\/v2\/posts\/82893\/revisions"}],"predecessor-version":[{"id":82899,"href":"http:\/\/www.reconoce.mx\/index.php?rest_route=\/wp\/v2\/posts\/82893\/revisions\/82899"}],"wp:featuredmedia":[{"embeddable":true,"href":"http:\/\/www.reconoce.mx\/index.php?rest_route=\/wp\/v2\/media\/82895"}],"wp:attachment":[{"href":"http:\/\/www.reconoce.mx\/index.php?rest_route=%2Fwp%2Fv2%2Fmedia&parent=82893"}],"wp:term":[{"taxonomy":"category","embeddable":true,"href":"http:\/\/www.reconoce.mx\/index.php?rest_route=%2Fwp%2Fv2%2Fcategories&post=82893"},{"taxonomy":"post_tag","embeddable":true,"href":"http:\/\/www.reconoce.mx\/index.php?rest_route=%2Fwp%2Fv2%2Ftags&post=82893"}],"curies":[{"name":"wp","href":"https:\/\/api.w.org\/{rel}","templated":true}]}}