{"id":82914,"date":"2019-04-19T00:01:03","date_gmt":"2019-04-19T05:01:03","guid":{"rendered":"http:\/\/www.reconoce.mx\/?p=82914"},"modified":"2019-04-18T22:59:37","modified_gmt":"2019-04-19T03:59:37","slug":"la-jugada-perfecta","status":"publish","type":"post","link":"http:\/\/www.reconoce.mx\/?p=82914","title":{"rendered":"La jugada perfecta"},"content":{"rendered":"<p><a href=\"http:\/\/www.reconoce.mx\/category\/conciencia\/\"><img loading=\"lazy\" decoding=\"async\" class=\"aligncenter size-full wp-image-40651\" src=\"http:\/\/www.reconoce.mx\/wp-content\/uploads\/2019\/02\/ConcienciaRCMX.png\" alt=\"Conciencia\" width=\"570\" height=\"70\" \/><\/a><\/p>\n<p><strong>Por <a href=\"https:\/\/twitter.com\/mf_pac\" target=\"_blank\" rel=\"noopener noreferrer\">Fernanda Pazar\u00e1n<\/a><\/strong>.<\/p>\n<p>Las palabras mueven, pero las acciones arrasan. Una vez un profesor en la secundaria nos dijo esa frase y desde entonces creo que son nuestras acciones las \u00fanicas que cuentan, y justo por eso es importante mantener la coherencia entre el pensamiento, las palabras y las acciones. El problema de los pol\u00edticos es que es muy f\u00e1cil hablar, pero la pr\u00e1ctica es mucho m\u00e1s dif\u00edcil.<\/p>\n<p><a href=\"http:\/\/www.reconoce.mx\/wp-content\/uploads\/2019\/04\/amlo-2.jpg\"><img loading=\"lazy\" decoding=\"async\" class=\"aligncenter size-full wp-image-82918\" src=\"http:\/\/www.reconoce.mx\/wp-content\/uploads\/2019\/04\/amlo-2.jpg\" alt=\"\" width=\"590\" height=\"380\" srcset=\"http:\/\/www.reconoce.mx\/wp-content\/uploads\/2019\/04\/amlo-2.jpg 590w, http:\/\/www.reconoce.mx\/wp-content\/uploads\/2019\/04\/amlo-2-300x193.jpg 300w, http:\/\/www.reconoce.mx\/wp-content\/uploads\/2019\/04\/amlo-2-150x97.jpg 150w\" sizes=\"auto, (max-width: 590px) 100vw, 590px\" \/><\/a><\/p>\n<p>Hay cosas que <strong>Andr\u00e9s Manuel L\u00f3pez Obrador<\/strong> est\u00e1 haciendo y que no las mencion\u00f3 durante la campa\u00f1a; lo malo es que se contradicen. La <strong>4ta Transformaci\u00f3n<\/strong> est\u00e1 mostrando que cumplir las promesas de campa\u00f1a viene con efectos colaterales. Sab\u00edamos que combatir la corrupci\u00f3n era la prioridad de su administraci\u00f3n, pero no se esperaba que fuera de una manera desordenada.<\/p>\n<p>En tiempos electorales todo parece ser m\u00e1s f\u00e1cil, porque los pol\u00edticos alimentan nuestras ilusiones con muchas promesas. Hay dos problemas graves que el presidente est\u00e1 realizando con el combate a la corrupci\u00f3n. El primero, no se ha hecho justicia, \u201cel olvido\u201d mantiene a los corruptos disfrutando de lo que alguna vez robaron. Y la segunda, lo que est\u00e1 haciendo es cerrar lo que estaba corrompido, pero no se detiene a corregir los errores; al final el gasto de tiempo y dinero ser\u00e1 mayor.<\/p>\n<p>Los precios de absolutamente todo siguen subiendo, de alguna manera los empresarios deb\u00edan recuperar el dinero puesto en la subida de salarios. Por lo tanto, los \u00edndices de violencia seguir\u00e1n arriba. Los programas sociales no fueron hechos como deber\u00edan, hacer pol\u00edticas p\u00fablicas es dif\u00edcil y m\u00e1s cuando quieres abarcar a muchos sectores de la poblaci\u00f3n. Pero las cosas se hacen bien, o no se hacen.<\/p>\n<p>Poco a poco los problemas est\u00e1n saliendo a la luz, ser candidato y ser presidente son cosas totalmente diferentes y <strong>L\u00f3pez Obrador<\/strong> deber\u00eda estar atento a las cr\u00edticas, porque un gran problema es que si la gente no comparte su opini\u00f3n, entonces ellos son los que est\u00e1n mal. Debemos recordar que la sociedad civil es muy importante para empoderar a los sectores vulnerables de la poblaci\u00f3n y el presidente deber\u00eda mantener el di\u00e1logo abierto, puesto que vivimos en una democracia. Los periodistas forman parte de esa sociedad civil y ya van tres asesinados en lo que va del a\u00f1o.<\/p>\n<p>Las promesas de campa\u00f1a fueron perfectamente hechas para la sociedad que tiene hambre de cambio, de justicia, de oportunidades. Admitir errores en los planes est\u00e1 bien, se mantendr\u00e1 el apoyo a las <strong>Estancias Infantiles<\/strong> y al parecer el <strong>Aeropuerto de Texcoco<\/strong> volver\u00e1 a considerarse como la mejor opci\u00f3n. Ahora falta que se retracte sobre los programas de la <strong>Iglesia Cat\u00f3lica<\/strong> en radio y televisi\u00f3n, que solo sean especulaciones lo de la creaci\u00f3n de nuevos impuestos y que haya una firmeza respecto a las relaciones con Estados Unidos.<\/p>\n<p>El presidente tambi\u00e9n deber\u00eda tener en cuenta algunos otros problemas que afectan a la sociedad como los problemas ambientales y la inseguridad. Tambi\u00e9n deber\u00eda asegurar la transparencia en todas las decisiones que se toman, porque los recursos \u201cahorrados\u201d por la cancelaci\u00f3n de programas sociales son invertidos en otras necesidades, \u00bfpero cu\u00e1les? S\u00f3lo espero que el sexenio no se convierta en una historia \u00aborwelliana\u00bb, las acciones deben estar encaminadas para que los mexicanos empecemos a sentir el cambio prometido a como pasan los d\u00edas, no al final del sexenio.<\/p>\n<p>Todav\u00eda no podemos juzgar si est\u00e1 haciendo un buen o mal trabajo, pero hay ciertas acciones que crean alertas. La jugada perfecta del <strong>AMLO<\/strong> fue apartarse de los partidos pol\u00edticos y crear un \u201cmovimiento\u201d que uniera a diferentes sectores de la sociedad, ganar con un discurso que satisfac\u00eda el hambre de cambio y hacer peque\u00f1as acciones correctas que aseguraban una democracia y un estado de derecho. Gobernar no debe ser cosa f\u00e1cil y mucho menos en un pa\u00eds tan grande como lo es M\u00e9xico, espero que al final, los mexicanos nos sintamos satisfechos porque vivimos mejor el d\u00eda a d\u00eda.<\/p>\n<p>Al final, somos nosotros como ciudadanos los que tenemos la capacidad de exigir una mejor gobernanza. Hay mucha gente brillante por toda la sociedad que aportan su granito de arena para cambiar el rumbo del pa\u00eds. Tenemos que mantenernos alerta y actuar en la medida de lo posible para tener un mejor M\u00e9xico.<\/p>\n<p style=\"text-align: right;\">Im\u00e1genes tomadas del sitio oficial de <strong>Andr\u00e9s Manuel L\u00f3pez Obrador<\/strong>.<\/p>\n<blockquote><p><a href=\"http:\/\/www.reconoce.mx\/wp-content\/uploads\/2019\/02\/fer-pazaran-e1550977850855.jpg\" rel=\"lightbox[49198]\"><img loading=\"lazy\" decoding=\"async\" class=\"alignleft size-thumbnail wp-image-39872\" src=\"http:\/\/www.reconoce.mx\/wp-content\/uploads\/2019\/02\/fer-pazaran-e1550977850855.jpg\" alt=\"IMG_5743\" width=\"150\" height=\"150\" \/><\/a><strong>Fernanda Pazar\u00e1n \/ #ConcienciaRCMX<\/strong>. Soy estudiante de Relaciones Internacionales. Soy ambientalista, con una ideolog\u00eda liberal y de izquierda. Estoy convencida de que el mundo puede mejorar y que el cambio lo hacemos cada uno de nosotros. Me gusta escribir de todo tipo de temas, pero tengo una preferencia mayor por los temas pol\u00edticos tanto nacionales como globales. Siempre hay un elefante en la habitaci\u00f3n del que se tiene que hablar. He participado en diferentes eventos diplom\u00e1ticos y pol\u00edticos.<\/p><\/blockquote>\n<p>&nbsp;<\/p>\n<p>&nbsp;<\/p>\n","protected":false},"excerpt":{"rendered":"<p>Las palabras mueven, pero las acciones arrasan. Una vez un profesor en la secundaria nos dijo esa frase y desde entonces creo que son nuestras acciones las \u00fanicas que cuentan, y justo por eso es importante mantener la coherencia entre el pensamiento, las palabras y las acciones.<\/p>\n","protected":false},"author":2,"featured_media":82917,"comment_status":"open","ping_status":"open","sticky":false,"template":"","format":"standard","meta":{"footnotes":""},"categories":[43,169,17],"tags":[],"class_list":["post-82914","post","type-post","status-publish","format-standard","has-post-thumbnail","hentry","category-conciencia","category-politica-entorno","category-principal"],"yoast_head":"<!-- This site is optimized with the Yoast SEO plugin v24.7 - https:\/\/yoast.com\/wordpress\/plugins\/seo\/ -->\n<title>La jugada perfecta &#171; Reconoce MX<\/title>\n<meta name=\"robots\" content=\"index, follow, max-snippet:-1, max-image-preview:large, max-video-preview:-1\" \/>\n<link rel=\"canonical\" href=\"http:\/\/www.reconoce.mx\/?p=82914\" \/>\n<meta property=\"og:locale\" content=\"es_ES\" \/>\n<meta property=\"og:type\" content=\"article\" \/>\n<meta property=\"og:title\" content=\"La jugada perfecta &#171; Reconoce MX\" \/>\n<meta property=\"og:description\" content=\"Las palabras mueven, pero las acciones arrasan. Una vez un profesor en la secundaria nos dijo esa frase y desde entonces creo que son nuestras acciones las \u00fanicas que cuentan, y justo por eso es importante mantener la coherencia entre el pensamiento, las palabras y las acciones.\" \/>\n<meta property=\"og:url\" content=\"http:\/\/www.reconoce.mx\/?p=82914\" \/>\n<meta property=\"og:site_name\" content=\"Reconoce MX\" \/>\n<meta property=\"article:publisher\" content=\"https:\/\/es-la.facebook.com\/ReconoceMX\/\" \/>\n<meta property=\"article:published_time\" content=\"2019-04-19T05:01:03+00:00\" \/>\n<meta property=\"og:image\" content=\"http:\/\/www.reconoce.mx\/wp-content\/uploads\/2019\/04\/amlo-1.jpg\" \/>\n\t<meta property=\"og:image:width\" content=\"590\" \/>\n\t<meta property=\"og:image:height\" content=\"380\" \/>\n\t<meta property=\"og:image:type\" content=\"image\/jpeg\" \/>\n<meta name=\"author\" content=\"Reconoce MX\" \/>\n<meta name=\"twitter:card\" content=\"summary_large_image\" \/>\n<meta name=\"twitter:creator\" content=\"@reconocemx\" \/>\n<meta name=\"twitter:site\" content=\"@reconocemx\" \/>\n<meta name=\"twitter:label1\" content=\"Escrito por\" \/>\n\t<meta name=\"twitter:data1\" content=\"Reconoce MX\" \/>\n\t<meta name=\"twitter:label2\" content=\"Tiempo de lectura\" \/>\n\t<meta name=\"twitter:data2\" content=\"4 minutos\" \/>\n<script type=\"application\/ld+json\" class=\"yoast-schema-graph\">{\"@context\":\"https:\/\/schema.org\",\"@graph\":[{\"@type\":\"Article\",\"@id\":\"http:\/\/www.reconoce.mx\/?p=82914#article\",\"isPartOf\":{\"@id\":\"http:\/\/www.reconoce.mx\/?p=82914\"},\"author\":{\"name\":\"Reconoce MX\",\"@id\":\"http:\/\/www.reconoce.mx\/#\/schema\/person\/2117e997d7051dc15d6880eaf9bca0b2\"},\"headline\":\"La jugada perfecta\",\"datePublished\":\"2019-04-19T05:01:03+00:00\",\"mainEntityOfPage\":{\"@id\":\"http:\/\/www.reconoce.mx\/?p=82914\"},\"wordCount\":863,\"commentCount\":0,\"publisher\":{\"@id\":\"http:\/\/www.reconoce.mx\/#organization\"},\"image\":{\"@id\":\"http:\/\/www.reconoce.mx\/?p=82914#primaryimage\"},\"thumbnailUrl\":\"http:\/\/www.reconoce.mx\/wp-content\/uploads\/2019\/04\/amlo-1.jpg\",\"articleSection\":[\"Conciencia\",\"Pol\u00edtica\",\"Principal\"],\"inLanguage\":\"es\",\"potentialAction\":[{\"@type\":\"CommentAction\",\"name\":\"Comment\",\"target\":[\"http:\/\/www.reconoce.mx\/?p=82914#respond\"]}]},{\"@type\":\"WebPage\",\"@id\":\"http:\/\/www.reconoce.mx\/?p=82914\",\"url\":\"http:\/\/www.reconoce.mx\/?p=82914\",\"name\":\"La jugada perfecta &#171; Reconoce MX\",\"isPartOf\":{\"@id\":\"http:\/\/www.reconoce.mx\/#website\"},\"primaryImageOfPage\":{\"@id\":\"http:\/\/www.reconoce.mx\/?p=82914#primaryimage\"},\"image\":{\"@id\":\"http:\/\/www.reconoce.mx\/?p=82914#primaryimage\"},\"thumbnailUrl\":\"http:\/\/www.reconoce.mx\/wp-content\/uploads\/2019\/04\/amlo-1.jpg\",\"datePublished\":\"2019-04-19T05:01:03+00:00\",\"breadcrumb\":{\"@id\":\"http:\/\/www.reconoce.mx\/?p=82914#breadcrumb\"},\"inLanguage\":\"es\",\"potentialAction\":[{\"@type\":\"ReadAction\",\"target\":[\"http:\/\/www.reconoce.mx\/?p=82914\"]}]},{\"@type\":\"ImageObject\",\"inLanguage\":\"es\",\"@id\":\"http:\/\/www.reconoce.mx\/?p=82914#primaryimage\",\"url\":\"http:\/\/www.reconoce.mx\/wp-content\/uploads\/2019\/04\/amlo-1.jpg\",\"contentUrl\":\"http:\/\/www.reconoce.mx\/wp-content\/uploads\/2019\/04\/amlo-1.jpg\",\"width\":590,\"height\":380},{\"@type\":\"BreadcrumbList\",\"@id\":\"http:\/\/www.reconoce.mx\/?p=82914#breadcrumb\",\"itemListElement\":[{\"@type\":\"ListItem\",\"position\":1,\"name\":\"Portada\",\"item\":\"http:\/\/www.reconoce.mx\/\"},{\"@type\":\"ListItem\",\"position\":2,\"name\":\"La jugada perfecta\"}]},{\"@type\":\"WebSite\",\"@id\":\"http:\/\/www.reconoce.mx\/#website\",\"url\":\"http:\/\/www.reconoce.mx\/\",\"name\":\"Reconoce MX\",\"description\":\"En Reconoce MX difundimos arte, cultura y conciencia social en M\u00e9xico. Tu ciudad en otra perspectiva.\",\"publisher\":{\"@id\":\"http:\/\/www.reconoce.mx\/#organization\"},\"potentialAction\":[{\"@type\":\"SearchAction\",\"target\":{\"@type\":\"EntryPoint\",\"urlTemplate\":\"http:\/\/www.reconoce.mx\/?s={search_term_string}\"},\"query-input\":{\"@type\":\"PropertyValueSpecification\",\"valueRequired\":true,\"valueName\":\"search_term_string\"}}],\"inLanguage\":\"es\"},{\"@type\":\"Organization\",\"@id\":\"http:\/\/www.reconoce.mx\/#organization\",\"name\":\"Reconoce MX\",\"url\":\"http:\/\/www.reconoce.mx\/\",\"logo\":{\"@type\":\"ImageObject\",\"inLanguage\":\"es\",\"@id\":\"http:\/\/www.reconoce.mx\/#\/schema\/logo\/image\/\",\"url\":\"https:\/\/www.reconoce.mx\/wp-content\/uploads\/2019\/03\/logorcmx-good-1.png\",\"contentUrl\":\"https:\/\/www.reconoce.mx\/wp-content\/uploads\/2019\/03\/logorcmx-good-1.png\",\"width\":280,\"height\":90,\"caption\":\"Reconoce MX\"},\"image\":{\"@id\":\"http:\/\/www.reconoce.mx\/#\/schema\/logo\/image\/\"},\"sameAs\":[\"https:\/\/es-la.facebook.com\/ReconoceMX\/\",\"https:\/\/x.com\/reconocemx\",\"http:\/\/@reconocemx\"]},{\"@type\":\"Person\",\"@id\":\"http:\/\/www.reconoce.mx\/#\/schema\/person\/2117e997d7051dc15d6880eaf9bca0b2\",\"name\":\"Reconoce MX\",\"image\":{\"@type\":\"ImageObject\",\"inLanguage\":\"es\",\"@id\":\"http:\/\/www.reconoce.mx\/#\/schema\/person\/image\/\",\"url\":\"https:\/\/secure.gravatar.com\/avatar\/6c8d4dc7569ca1c90c5fdcc349f839d5ddef6fe1e70b4337ead2ef1a4c43fc3a?s=96&d=identicon&r=g\",\"contentUrl\":\"https:\/\/secure.gravatar.com\/avatar\/6c8d4dc7569ca1c90c5fdcc349f839d5ddef6fe1e70b4337ead2ef1a4c43fc3a?s=96&d=identicon&r=g\",\"caption\":\"Reconoce MX\"},\"description\":\"Reconoce MX es un proyecto de difusi\u00f3n art\u00edstica, cultural y de conciencia social que est\u00e1 enfocado a difundir y fomentar el entretenimiento alternativo de calidad para todo el p\u00fablico que comparta el mismo entusiasmo.\",\"sameAs\":[\"http:\/\/www.reconoce.mx\"],\"url\":\"http:\/\/www.reconoce.mx\/?author=2\"}]}<\/script>\n<!-- \/ Yoast SEO plugin. -->","yoast_head_json":{"title":"La jugada perfecta &#171; Reconoce MX","robots":{"index":"index","follow":"follow","max-snippet":"max-snippet:-1","max-image-preview":"max-image-preview:large","max-video-preview":"max-video-preview:-1"},"canonical":"http:\/\/www.reconoce.mx\/?p=82914","og_locale":"es_ES","og_type":"article","og_title":"La jugada perfecta &#171; Reconoce MX","og_description":"Las palabras mueven, pero las acciones arrasan. Una vez un profesor en la secundaria nos dijo esa frase y desde entonces creo que son nuestras acciones las \u00fanicas que cuentan, y justo por eso es importante mantener la coherencia entre el pensamiento, las palabras y las acciones.","og_url":"http:\/\/www.reconoce.mx\/?p=82914","og_site_name":"Reconoce MX","article_publisher":"https:\/\/es-la.facebook.com\/ReconoceMX\/","article_published_time":"2019-04-19T05:01:03+00:00","og_image":[{"width":590,"height":380,"url":"http:\/\/www.reconoce.mx\/wp-content\/uploads\/2019\/04\/amlo-1.jpg","type":"image\/jpeg"}],"author":"Reconoce MX","twitter_card":"summary_large_image","twitter_creator":"@reconocemx","twitter_site":"@reconocemx","twitter_misc":{"Escrito por":"Reconoce MX","Tiempo de lectura":"4 minutos"},"schema":{"@context":"https:\/\/schema.org","@graph":[{"@type":"Article","@id":"http:\/\/www.reconoce.mx\/?p=82914#article","isPartOf":{"@id":"http:\/\/www.reconoce.mx\/?p=82914"},"author":{"name":"Reconoce MX","@id":"http:\/\/www.reconoce.mx\/#\/schema\/person\/2117e997d7051dc15d6880eaf9bca0b2"},"headline":"La jugada perfecta","datePublished":"2019-04-19T05:01:03+00:00","mainEntityOfPage":{"@id":"http:\/\/www.reconoce.mx\/?p=82914"},"wordCount":863,"commentCount":0,"publisher":{"@id":"http:\/\/www.reconoce.mx\/#organization"},"image":{"@id":"http:\/\/www.reconoce.mx\/?p=82914#primaryimage"},"thumbnailUrl":"http:\/\/www.reconoce.mx\/wp-content\/uploads\/2019\/04\/amlo-1.jpg","articleSection":["Conciencia","Pol\u00edtica","Principal"],"inLanguage":"es","potentialAction":[{"@type":"CommentAction","name":"Comment","target":["http:\/\/www.reconoce.mx\/?p=82914#respond"]}]},{"@type":"WebPage","@id":"http:\/\/www.reconoce.mx\/?p=82914","url":"http:\/\/www.reconoce.mx\/?p=82914","name":"La jugada perfecta &#171; Reconoce MX","isPartOf":{"@id":"http:\/\/www.reconoce.mx\/#website"},"primaryImageOfPage":{"@id":"http:\/\/www.reconoce.mx\/?p=82914#primaryimage"},"image":{"@id":"http:\/\/www.reconoce.mx\/?p=82914#primaryimage"},"thumbnailUrl":"http:\/\/www.reconoce.mx\/wp-content\/uploads\/2019\/04\/amlo-1.jpg","datePublished":"2019-04-19T05:01:03+00:00","breadcrumb":{"@id":"http:\/\/www.reconoce.mx\/?p=82914#breadcrumb"},"inLanguage":"es","potentialAction":[{"@type":"ReadAction","target":["http:\/\/www.reconoce.mx\/?p=82914"]}]},{"@type":"ImageObject","inLanguage":"es","@id":"http:\/\/www.reconoce.mx\/?p=82914#primaryimage","url":"http:\/\/www.reconoce.mx\/wp-content\/uploads\/2019\/04\/amlo-1.jpg","contentUrl":"http:\/\/www.reconoce.mx\/wp-content\/uploads\/2019\/04\/amlo-1.jpg","width":590,"height":380},{"@type":"BreadcrumbList","@id":"http:\/\/www.reconoce.mx\/?p=82914#breadcrumb","itemListElement":[{"@type":"ListItem","position":1,"name":"Portada","item":"http:\/\/www.reconoce.mx\/"},{"@type":"ListItem","position":2,"name":"La jugada perfecta"}]},{"@type":"WebSite","@id":"http:\/\/www.reconoce.mx\/#website","url":"http:\/\/www.reconoce.mx\/","name":"Reconoce MX","description":"En Reconoce MX difundimos arte, cultura y conciencia social en M\u00e9xico. Tu ciudad en otra perspectiva.","publisher":{"@id":"http:\/\/www.reconoce.mx\/#organization"},"potentialAction":[{"@type":"SearchAction","target":{"@type":"EntryPoint","urlTemplate":"http:\/\/www.reconoce.mx\/?s={search_term_string}"},"query-input":{"@type":"PropertyValueSpecification","valueRequired":true,"valueName":"search_term_string"}}],"inLanguage":"es"},{"@type":"Organization","@id":"http:\/\/www.reconoce.mx\/#organization","name":"Reconoce MX","url":"http:\/\/www.reconoce.mx\/","logo":{"@type":"ImageObject","inLanguage":"es","@id":"http:\/\/www.reconoce.mx\/#\/schema\/logo\/image\/","url":"https:\/\/www.reconoce.mx\/wp-content\/uploads\/2019\/03\/logorcmx-good-1.png","contentUrl":"https:\/\/www.reconoce.mx\/wp-content\/uploads\/2019\/03\/logorcmx-good-1.png","width":280,"height":90,"caption":"Reconoce MX"},"image":{"@id":"http:\/\/www.reconoce.mx\/#\/schema\/logo\/image\/"},"sameAs":["https:\/\/es-la.facebook.com\/ReconoceMX\/","https:\/\/x.com\/reconocemx","http:\/\/@reconocemx"]},{"@type":"Person","@id":"http:\/\/www.reconoce.mx\/#\/schema\/person\/2117e997d7051dc15d6880eaf9bca0b2","name":"Reconoce MX","image":{"@type":"ImageObject","inLanguage":"es","@id":"http:\/\/www.reconoce.mx\/#\/schema\/person\/image\/","url":"https:\/\/secure.gravatar.com\/avatar\/6c8d4dc7569ca1c90c5fdcc349f839d5ddef6fe1e70b4337ead2ef1a4c43fc3a?s=96&d=identicon&r=g","contentUrl":"https:\/\/secure.gravatar.com\/avatar\/6c8d4dc7569ca1c90c5fdcc349f839d5ddef6fe1e70b4337ead2ef1a4c43fc3a?s=96&d=identicon&r=g","caption":"Reconoce MX"},"description":"Reconoce MX es un proyecto de difusi\u00f3n art\u00edstica, cultural y de conciencia social que est\u00e1 enfocado a difundir y fomentar el entretenimiento alternativo de calidad para todo el p\u00fablico que comparta el mismo entusiasmo.","sameAs":["http:\/\/www.reconoce.mx"],"url":"http:\/\/www.reconoce.mx\/?author=2"}]}},"_links":{"self":[{"href":"http:\/\/www.reconoce.mx\/index.php?rest_route=\/wp\/v2\/posts\/82914","targetHints":{"allow":["GET"]}}],"collection":[{"href":"http:\/\/www.reconoce.mx\/index.php?rest_route=\/wp\/v2\/posts"}],"about":[{"href":"http:\/\/www.reconoce.mx\/index.php?rest_route=\/wp\/v2\/types\/post"}],"author":[{"embeddable":true,"href":"http:\/\/www.reconoce.mx\/index.php?rest_route=\/wp\/v2\/users\/2"}],"replies":[{"embeddable":true,"href":"http:\/\/www.reconoce.mx\/index.php?rest_route=%2Fwp%2Fv2%2Fcomments&post=82914"}],"version-history":[{"count":1,"href":"http:\/\/www.reconoce.mx\/index.php?rest_route=\/wp\/v2\/posts\/82914\/revisions"}],"predecessor-version":[{"id":82919,"href":"http:\/\/www.reconoce.mx\/index.php?rest_route=\/wp\/v2\/posts\/82914\/revisions\/82919"}],"wp:featuredmedia":[{"embeddable":true,"href":"http:\/\/www.reconoce.mx\/index.php?rest_route=\/wp\/v2\/media\/82917"}],"wp:attachment":[{"href":"http:\/\/www.reconoce.mx\/index.php?rest_route=%2Fwp%2Fv2%2Fmedia&parent=82914"}],"wp:term":[{"taxonomy":"category","embeddable":true,"href":"http:\/\/www.reconoce.mx\/index.php?rest_route=%2Fwp%2Fv2%2Fcategories&post=82914"},{"taxonomy":"post_tag","embeddable":true,"href":"http:\/\/www.reconoce.mx\/index.php?rest_route=%2Fwp%2Fv2%2Ftags&post=82914"}],"curies":[{"name":"wp","href":"https:\/\/api.w.org\/{rel}","templated":true}]}}