{"id":83103,"date":"2019-05-03T00:02:15","date_gmt":"2019-05-03T05:02:15","guid":{"rendered":"http:\/\/www.reconoce.mx\/?p=83103"},"modified":"2019-05-05T23:11:53","modified_gmt":"2019-05-06T04:11:53","slug":"cien-anos-de-el-muchacho-de-los-ojos-tristes","status":"publish","type":"post","link":"http:\/\/www.reconoce.mx\/?p=83103","title":{"rendered":"&#8216;Cien a\u00f1os&#8217;, de El Muchacho de los Ojos Tristes"},"content":{"rendered":"<p><a href=\"http:\/\/www.reconoce.mx\/category\/cultura\/musica\/viernes-versionado\/\"><img loading=\"lazy\" decoding=\"async\" class=\"aligncenter size-full wp-image-38362\" src=\"http:\/\/www.reconoce.mx\/wp-content\/uploads\/2015\/06\/Viernes.png\" sizes=\"auto, (max-width: 550px) 100vw, 550px\" srcset=\"http:\/\/www.reconoce.mx\/wp-content\/uploads\/2015\/06\/Viernes.png 550w, http:\/\/www.reconoce.mx\/wp-content\/uploads\/2015\/06\/Viernes-300x38.png 300w, http:\/\/www.reconoce.mx\/wp-content\/uploads\/2015\/06\/Viernes-150x19.png 150w\" alt=\"Viernes\" width=\"550\" height=\"70\" \/><\/a><strong><br \/>\nPor <a title=\"@AsfaltosTweets\" href=\"http:\/\/twitter.com\/AsfaltosTweets\" target=\"_blank\" rel=\"noopener noreferrer\" data-slimstat-type=\"0\" data-slimstat-callback=\"false\" data-slimstat-tracking=\"true\">Asfaltos<\/a><\/strong>.<\/p>\n<p>Una de las versiones m\u00e1s c\u00e9lebres del cl\u00e1sico \u00abCien a\u00f1os\u00bb -popularizado por <strong>Pedro Infante<\/strong>-, es sin duda la de la cantante mexicoamericana <strong>Selena<\/strong>. <strong>Selena<\/strong>, fallecida en marzo 31 de 1995, nos regal\u00f3 una de las versiones m\u00e1s c\u00e9lebres, pero eso no quita que pueda haber m\u00e1s&#8230; \u00bfSe acuerdan de Abel Bucio, se acuerdan de <strong>El Muchacho de los Ojos Tristes<\/strong>?<\/p>\n<p><iframe style=\"border: 0; width: 100%; height: 120px;\" src=\"https:\/\/bandcamp.com\/EmbeddedPlayer\/track=1466305093\/size=large\/bgcol=ffffff\/linkcol=0687f5\/tracklist=false\/artwork=small\/transparent=true\/\" seamless=\"\"><a href=\"http:\/\/elmuchachotriste.bandcamp.com\/track\/cien-a-os\">Cien A\u00f1os by El Muchacho de los Ojos Tristes<\/a><\/iframe><\/p>\n<p>Popularizada por <strong>Pedro Infante<\/strong> gracias a su pel\u00edcula \u00abCuidado con el amor\u00bb (1954) -con la bell\u00edsima <strong>Elsa Aguirre<\/strong>, por cierto-, \u00abCien a\u00f1os\u00bb es quiz\u00e1 una de las canciones m\u00e1s bellas en la historia del cine mexicano. El tema, un coqueteo con cierto dejo de tristeza, se antoja para dedic\u00e1rsela a quien m\u00e1s se les antoje&#8230; Yo ya visualic\u00e9 por lo menos a alguna morra por ah\u00ed.<\/p>\n<p>Pues bien, recientemente <strong>El Muchacho de los Ojos Tristes<\/strong> se lanz\u00f3 a brindarle tributo a este delicioso tema, eso s\u00ed con su muy particular estilo musical. Sin dejar de ser una balada rom\u00e1ntica, <strong>El Muchacho de los Ojos Tristes<\/strong> traslada \u00abCien a\u00f1o\u00bb a su sonido de rock indie que es complementado por una atm\u00f3sfera muy particular.<\/p>\n<p>El tema fue producido por Andr\u00e9s Arzate y Andrea Franz, quienes son <strong>Lucerna Records<\/strong>. A <strong>El Muchacho de Los Ojos Tristes<\/strong> lo complementan Juan Maldonado, Eric del Rey y Wa Guerrero. <strong>El Muchacho de Los Ojos Tristes<\/strong> prometen material su primer larga duraci\u00f3n para este a\u00f1o, por lo que habr\u00e1 que estar atentos.<\/p>\n<p>&nbsp;<\/p>\n<p>&nbsp;<\/p>\n","protected":false},"excerpt":{"rendered":"<p>Una de las versiones m\u00e1s c\u00e9lebres del cl\u00e1sico \u00abCien a\u00f1os\u00bb -popularizado por Pedro Infante-, es sin duda la de la cantante mexicoamericana Selena. Selena, fallecida en marzo 31 de 1995, nos regal\u00f3 una de las versiones m\u00e1s c\u00e9lebres, pero eso no quita que pueda haber m\u00e1s&#8230;<\/p>\n","protected":false},"author":2,"featured_media":83106,"comment_status":"open","ping_status":"open","sticky":false,"template":"","format":"standard","meta":{"footnotes":""},"categories":[18,17,1454],"tags":[],"class_list":["post-83103","post","type-post","status-publish","format-standard","has-post-thumbnail","hentry","category-musica","category-principal","category-viernes-versionado"],"yoast_head":"<!-- This site is optimized with the Yoast SEO plugin v24.7 - https:\/\/yoast.com\/wordpress\/plugins\/seo\/ -->\n<title>&#039;Cien a\u00f1os&#039;, de El Muchacho de los Ojos Tristes &#171; Reconoce MX<\/title>\n<meta name=\"robots\" content=\"index, follow, max-snippet:-1, max-image-preview:large, max-video-preview:-1\" \/>\n<link rel=\"canonical\" href=\"http:\/\/www.reconoce.mx\/?p=83103\" \/>\n<meta property=\"og:locale\" content=\"es_ES\" \/>\n<meta property=\"og:type\" content=\"article\" \/>\n<meta property=\"og:title\" content=\"&#039;Cien a\u00f1os&#039;, de El Muchacho de los Ojos Tristes &#171; Reconoce MX\" \/>\n<meta property=\"og:description\" content=\"Una de las versiones m\u00e1s c\u00e9lebres del cl\u00e1sico &quot;Cien a\u00f1os&quot; -popularizado por Pedro Infante-, es sin duda la de la cantante mexicoamericana Selena. Selena, fallecida en marzo 31 de 1995, nos regal\u00f3 una de las versiones m\u00e1s c\u00e9lebres, pero eso no quita que pueda haber m\u00e1s...\" \/>\n<meta property=\"og:url\" content=\"http:\/\/www.reconoce.mx\/?p=83103\" \/>\n<meta property=\"og:site_name\" content=\"Reconoce MX\" \/>\n<meta property=\"article:publisher\" content=\"https:\/\/es-la.facebook.com\/ReconoceMX\/\" \/>\n<meta property=\"article:published_time\" content=\"2019-05-03T05:02:15+00:00\" \/>\n<meta property=\"article:modified_time\" content=\"2019-05-06T04:11:53+00:00\" \/>\n<meta property=\"og:image\" content=\"http:\/\/www.reconoce.mx\/wp-content\/uploads\/2019\/04\/muchacho-de-los-ojos-tristes-cien-a\u00f1os-cover.jpg\" \/>\n\t<meta property=\"og:image:width\" content=\"590\" \/>\n\t<meta property=\"og:image:height\" content=\"380\" \/>\n\t<meta property=\"og:image:type\" content=\"image\/jpeg\" \/>\n<meta name=\"author\" content=\"Reconoce MX\" \/>\n<meta name=\"twitter:card\" content=\"summary_large_image\" \/>\n<meta name=\"twitter:creator\" content=\"@reconocemx\" \/>\n<meta name=\"twitter:site\" content=\"@reconocemx\" \/>\n<meta name=\"twitter:label1\" content=\"Escrito por\" \/>\n\t<meta name=\"twitter:data1\" content=\"Reconoce MX\" \/>\n\t<meta name=\"twitter:label2\" content=\"Tiempo de lectura\" \/>\n\t<meta name=\"twitter:data2\" content=\"1 minuto\" \/>\n<script type=\"application\/ld+json\" class=\"yoast-schema-graph\">{\"@context\":\"https:\/\/schema.org\",\"@graph\":[{\"@type\":\"Article\",\"@id\":\"http:\/\/www.reconoce.mx\/?p=83103#article\",\"isPartOf\":{\"@id\":\"http:\/\/www.reconoce.mx\/?p=83103\"},\"author\":{\"name\":\"Reconoce MX\",\"@id\":\"http:\/\/www.reconoce.mx\/#\/schema\/person\/2117e997d7051dc15d6880eaf9bca0b2\"},\"headline\":\"&#8216;Cien a\u00f1os&#8217;, de El Muchacho de los Ojos Tristes\",\"datePublished\":\"2019-05-03T05:02:15+00:00\",\"dateModified\":\"2019-05-06T04:11:53+00:00\",\"mainEntityOfPage\":{\"@id\":\"http:\/\/www.reconoce.mx\/?p=83103\"},\"wordCount\":275,\"commentCount\":0,\"publisher\":{\"@id\":\"http:\/\/www.reconoce.mx\/#organization\"},\"image\":{\"@id\":\"http:\/\/www.reconoce.mx\/?p=83103#primaryimage\"},\"thumbnailUrl\":\"http:\/\/www.reconoce.mx\/wp-content\/uploads\/2019\/04\/muchacho-de-los-ojos-tristes-cien-a\u00f1os-cover.jpg\",\"articleSection\":[\"M\u00fasica\",\"Principal\",\"Viernes versionado\"],\"inLanguage\":\"es\",\"potentialAction\":[{\"@type\":\"CommentAction\",\"name\":\"Comment\",\"target\":[\"http:\/\/www.reconoce.mx\/?p=83103#respond\"]}]},{\"@type\":\"WebPage\",\"@id\":\"http:\/\/www.reconoce.mx\/?p=83103\",\"url\":\"http:\/\/www.reconoce.mx\/?p=83103\",\"name\":\"'Cien a\u00f1os', de El Muchacho de los Ojos Tristes &#171; Reconoce MX\",\"isPartOf\":{\"@id\":\"http:\/\/www.reconoce.mx\/#website\"},\"primaryImageOfPage\":{\"@id\":\"http:\/\/www.reconoce.mx\/?p=83103#primaryimage\"},\"image\":{\"@id\":\"http:\/\/www.reconoce.mx\/?p=83103#primaryimage\"},\"thumbnailUrl\":\"http:\/\/www.reconoce.mx\/wp-content\/uploads\/2019\/04\/muchacho-de-los-ojos-tristes-cien-a\u00f1os-cover.jpg\",\"datePublished\":\"2019-05-03T05:02:15+00:00\",\"dateModified\":\"2019-05-06T04:11:53+00:00\",\"breadcrumb\":{\"@id\":\"http:\/\/www.reconoce.mx\/?p=83103#breadcrumb\"},\"inLanguage\":\"es\",\"potentialAction\":[{\"@type\":\"ReadAction\",\"target\":[\"http:\/\/www.reconoce.mx\/?p=83103\"]}]},{\"@type\":\"ImageObject\",\"inLanguage\":\"es\",\"@id\":\"http:\/\/www.reconoce.mx\/?p=83103#primaryimage\",\"url\":\"http:\/\/www.reconoce.mx\/wp-content\/uploads\/2019\/04\/muchacho-de-los-ojos-tristes-cien-a\u00f1os-cover.jpg\",\"contentUrl\":\"http:\/\/www.reconoce.mx\/wp-content\/uploads\/2019\/04\/muchacho-de-los-ojos-tristes-cien-a\u00f1os-cover.jpg\",\"width\":590,\"height\":380},{\"@type\":\"BreadcrumbList\",\"@id\":\"http:\/\/www.reconoce.mx\/?p=83103#breadcrumb\",\"itemListElement\":[{\"@type\":\"ListItem\",\"position\":1,\"name\":\"Portada\",\"item\":\"http:\/\/www.reconoce.mx\/\"},{\"@type\":\"ListItem\",\"position\":2,\"name\":\"&#8216;Cien a\u00f1os&#8217;, de El Muchacho de los Ojos Tristes\"}]},{\"@type\":\"WebSite\",\"@id\":\"http:\/\/www.reconoce.mx\/#website\",\"url\":\"http:\/\/www.reconoce.mx\/\",\"name\":\"Reconoce MX\",\"description\":\"En Reconoce MX difundimos arte, cultura y conciencia social en M\u00e9xico. Tu ciudad en otra perspectiva.\",\"publisher\":{\"@id\":\"http:\/\/www.reconoce.mx\/#organization\"},\"potentialAction\":[{\"@type\":\"SearchAction\",\"target\":{\"@type\":\"EntryPoint\",\"urlTemplate\":\"http:\/\/www.reconoce.mx\/?s={search_term_string}\"},\"query-input\":{\"@type\":\"PropertyValueSpecification\",\"valueRequired\":true,\"valueName\":\"search_term_string\"}}],\"inLanguage\":\"es\"},{\"@type\":\"Organization\",\"@id\":\"http:\/\/www.reconoce.mx\/#organization\",\"name\":\"Reconoce MX\",\"url\":\"http:\/\/www.reconoce.mx\/\",\"logo\":{\"@type\":\"ImageObject\",\"inLanguage\":\"es\",\"@id\":\"http:\/\/www.reconoce.mx\/#\/schema\/logo\/image\/\",\"url\":\"https:\/\/www.reconoce.mx\/wp-content\/uploads\/2019\/03\/logorcmx-good-1.png\",\"contentUrl\":\"https:\/\/www.reconoce.mx\/wp-content\/uploads\/2019\/03\/logorcmx-good-1.png\",\"width\":280,\"height\":90,\"caption\":\"Reconoce MX\"},\"image\":{\"@id\":\"http:\/\/www.reconoce.mx\/#\/schema\/logo\/image\/\"},\"sameAs\":[\"https:\/\/es-la.facebook.com\/ReconoceMX\/\",\"https:\/\/x.com\/reconocemx\",\"http:\/\/@reconocemx\"]},{\"@type\":\"Person\",\"@id\":\"http:\/\/www.reconoce.mx\/#\/schema\/person\/2117e997d7051dc15d6880eaf9bca0b2\",\"name\":\"Reconoce MX\",\"image\":{\"@type\":\"ImageObject\",\"inLanguage\":\"es\",\"@id\":\"http:\/\/www.reconoce.mx\/#\/schema\/person\/image\/\",\"url\":\"https:\/\/secure.gravatar.com\/avatar\/6c8d4dc7569ca1c90c5fdcc349f839d5ddef6fe1e70b4337ead2ef1a4c43fc3a?s=96&d=identicon&r=g\",\"contentUrl\":\"https:\/\/secure.gravatar.com\/avatar\/6c8d4dc7569ca1c90c5fdcc349f839d5ddef6fe1e70b4337ead2ef1a4c43fc3a?s=96&d=identicon&r=g\",\"caption\":\"Reconoce MX\"},\"description\":\"Reconoce MX es un proyecto de difusi\u00f3n art\u00edstica, cultural y de conciencia social que est\u00e1 enfocado a difundir y fomentar el entretenimiento alternativo de calidad para todo el p\u00fablico que comparta el mismo entusiasmo.\",\"sameAs\":[\"http:\/\/www.reconoce.mx\"],\"url\":\"http:\/\/www.reconoce.mx\/?author=2\"}]}<\/script>\n<!-- \/ Yoast SEO plugin. -->","yoast_head_json":{"title":"'Cien a\u00f1os', de El Muchacho de los Ojos Tristes &#171; Reconoce MX","robots":{"index":"index","follow":"follow","max-snippet":"max-snippet:-1","max-image-preview":"max-image-preview:large","max-video-preview":"max-video-preview:-1"},"canonical":"http:\/\/www.reconoce.mx\/?p=83103","og_locale":"es_ES","og_type":"article","og_title":"'Cien a\u00f1os', de El Muchacho de los Ojos Tristes &#171; Reconoce MX","og_description":"Una de las versiones m\u00e1s c\u00e9lebres del cl\u00e1sico \"Cien a\u00f1os\" -popularizado por Pedro Infante-, es sin duda la de la cantante mexicoamericana Selena. Selena, fallecida en marzo 31 de 1995, nos regal\u00f3 una de las versiones m\u00e1s c\u00e9lebres, pero eso no quita que pueda haber m\u00e1s...","og_url":"http:\/\/www.reconoce.mx\/?p=83103","og_site_name":"Reconoce MX","article_publisher":"https:\/\/es-la.facebook.com\/ReconoceMX\/","article_published_time":"2019-05-03T05:02:15+00:00","article_modified_time":"2019-05-06T04:11:53+00:00","og_image":[{"width":590,"height":380,"url":"http:\/\/www.reconoce.mx\/wp-content\/uploads\/2019\/04\/muchacho-de-los-ojos-tristes-cien-a\u00f1os-cover.jpg","type":"image\/jpeg"}],"author":"Reconoce MX","twitter_card":"summary_large_image","twitter_creator":"@reconocemx","twitter_site":"@reconocemx","twitter_misc":{"Escrito por":"Reconoce MX","Tiempo de lectura":"1 minuto"},"schema":{"@context":"https:\/\/schema.org","@graph":[{"@type":"Article","@id":"http:\/\/www.reconoce.mx\/?p=83103#article","isPartOf":{"@id":"http:\/\/www.reconoce.mx\/?p=83103"},"author":{"name":"Reconoce MX","@id":"http:\/\/www.reconoce.mx\/#\/schema\/person\/2117e997d7051dc15d6880eaf9bca0b2"},"headline":"&#8216;Cien a\u00f1os&#8217;, de El Muchacho de los Ojos Tristes","datePublished":"2019-05-03T05:02:15+00:00","dateModified":"2019-05-06T04:11:53+00:00","mainEntityOfPage":{"@id":"http:\/\/www.reconoce.mx\/?p=83103"},"wordCount":275,"commentCount":0,"publisher":{"@id":"http:\/\/www.reconoce.mx\/#organization"},"image":{"@id":"http:\/\/www.reconoce.mx\/?p=83103#primaryimage"},"thumbnailUrl":"http:\/\/www.reconoce.mx\/wp-content\/uploads\/2019\/04\/muchacho-de-los-ojos-tristes-cien-a\u00f1os-cover.jpg","articleSection":["M\u00fasica","Principal","Viernes versionado"],"inLanguage":"es","potentialAction":[{"@type":"CommentAction","name":"Comment","target":["http:\/\/www.reconoce.mx\/?p=83103#respond"]}]},{"@type":"WebPage","@id":"http:\/\/www.reconoce.mx\/?p=83103","url":"http:\/\/www.reconoce.mx\/?p=83103","name":"'Cien a\u00f1os', de El Muchacho de los Ojos Tristes &#171; Reconoce MX","isPartOf":{"@id":"http:\/\/www.reconoce.mx\/#website"},"primaryImageOfPage":{"@id":"http:\/\/www.reconoce.mx\/?p=83103#primaryimage"},"image":{"@id":"http:\/\/www.reconoce.mx\/?p=83103#primaryimage"},"thumbnailUrl":"http:\/\/www.reconoce.mx\/wp-content\/uploads\/2019\/04\/muchacho-de-los-ojos-tristes-cien-a\u00f1os-cover.jpg","datePublished":"2019-05-03T05:02:15+00:00","dateModified":"2019-05-06T04:11:53+00:00","breadcrumb":{"@id":"http:\/\/www.reconoce.mx\/?p=83103#breadcrumb"},"inLanguage":"es","potentialAction":[{"@type":"ReadAction","target":["http:\/\/www.reconoce.mx\/?p=83103"]}]},{"@type":"ImageObject","inLanguage":"es","@id":"http:\/\/www.reconoce.mx\/?p=83103#primaryimage","url":"http:\/\/www.reconoce.mx\/wp-content\/uploads\/2019\/04\/muchacho-de-los-ojos-tristes-cien-a\u00f1os-cover.jpg","contentUrl":"http:\/\/www.reconoce.mx\/wp-content\/uploads\/2019\/04\/muchacho-de-los-ojos-tristes-cien-a\u00f1os-cover.jpg","width":590,"height":380},{"@type":"BreadcrumbList","@id":"http:\/\/www.reconoce.mx\/?p=83103#breadcrumb","itemListElement":[{"@type":"ListItem","position":1,"name":"Portada","item":"http:\/\/www.reconoce.mx\/"},{"@type":"ListItem","position":2,"name":"&#8216;Cien a\u00f1os&#8217;, de El Muchacho de los Ojos Tristes"}]},{"@type":"WebSite","@id":"http:\/\/www.reconoce.mx\/#website","url":"http:\/\/www.reconoce.mx\/","name":"Reconoce MX","description":"En Reconoce MX difundimos arte, cultura y conciencia social en M\u00e9xico. Tu ciudad en otra perspectiva.","publisher":{"@id":"http:\/\/www.reconoce.mx\/#organization"},"potentialAction":[{"@type":"SearchAction","target":{"@type":"EntryPoint","urlTemplate":"http:\/\/www.reconoce.mx\/?s={search_term_string}"},"query-input":{"@type":"PropertyValueSpecification","valueRequired":true,"valueName":"search_term_string"}}],"inLanguage":"es"},{"@type":"Organization","@id":"http:\/\/www.reconoce.mx\/#organization","name":"Reconoce MX","url":"http:\/\/www.reconoce.mx\/","logo":{"@type":"ImageObject","inLanguage":"es","@id":"http:\/\/www.reconoce.mx\/#\/schema\/logo\/image\/","url":"https:\/\/www.reconoce.mx\/wp-content\/uploads\/2019\/03\/logorcmx-good-1.png","contentUrl":"https:\/\/www.reconoce.mx\/wp-content\/uploads\/2019\/03\/logorcmx-good-1.png","width":280,"height":90,"caption":"Reconoce MX"},"image":{"@id":"http:\/\/www.reconoce.mx\/#\/schema\/logo\/image\/"},"sameAs":["https:\/\/es-la.facebook.com\/ReconoceMX\/","https:\/\/x.com\/reconocemx","http:\/\/@reconocemx"]},{"@type":"Person","@id":"http:\/\/www.reconoce.mx\/#\/schema\/person\/2117e997d7051dc15d6880eaf9bca0b2","name":"Reconoce MX","image":{"@type":"ImageObject","inLanguage":"es","@id":"http:\/\/www.reconoce.mx\/#\/schema\/person\/image\/","url":"https:\/\/secure.gravatar.com\/avatar\/6c8d4dc7569ca1c90c5fdcc349f839d5ddef6fe1e70b4337ead2ef1a4c43fc3a?s=96&d=identicon&r=g","contentUrl":"https:\/\/secure.gravatar.com\/avatar\/6c8d4dc7569ca1c90c5fdcc349f839d5ddef6fe1e70b4337ead2ef1a4c43fc3a?s=96&d=identicon&r=g","caption":"Reconoce MX"},"description":"Reconoce MX es un proyecto de difusi\u00f3n art\u00edstica, cultural y de conciencia social que est\u00e1 enfocado a difundir y fomentar el entretenimiento alternativo de calidad para todo el p\u00fablico que comparta el mismo entusiasmo.","sameAs":["http:\/\/www.reconoce.mx"],"url":"http:\/\/www.reconoce.mx\/?author=2"}]}},"_links":{"self":[{"href":"http:\/\/www.reconoce.mx\/index.php?rest_route=\/wp\/v2\/posts\/83103","targetHints":{"allow":["GET"]}}],"collection":[{"href":"http:\/\/www.reconoce.mx\/index.php?rest_route=\/wp\/v2\/posts"}],"about":[{"href":"http:\/\/www.reconoce.mx\/index.php?rest_route=\/wp\/v2\/types\/post"}],"author":[{"embeddable":true,"href":"http:\/\/www.reconoce.mx\/index.php?rest_route=\/wp\/v2\/users\/2"}],"replies":[{"embeddable":true,"href":"http:\/\/www.reconoce.mx\/index.php?rest_route=%2Fwp%2Fv2%2Fcomments&post=83103"}],"version-history":[{"count":4,"href":"http:\/\/www.reconoce.mx\/index.php?rest_route=\/wp\/v2\/posts\/83103\/revisions"}],"predecessor-version":[{"id":83280,"href":"http:\/\/www.reconoce.mx\/index.php?rest_route=\/wp\/v2\/posts\/83103\/revisions\/83280"}],"wp:featuredmedia":[{"embeddable":true,"href":"http:\/\/www.reconoce.mx\/index.php?rest_route=\/wp\/v2\/media\/83106"}],"wp:attachment":[{"href":"http:\/\/www.reconoce.mx\/index.php?rest_route=%2Fwp%2Fv2%2Fmedia&parent=83103"}],"wp:term":[{"taxonomy":"category","embeddable":true,"href":"http:\/\/www.reconoce.mx\/index.php?rest_route=%2Fwp%2Fv2%2Fcategories&post=83103"},{"taxonomy":"post_tag","embeddable":true,"href":"http:\/\/www.reconoce.mx\/index.php?rest_route=%2Fwp%2Fv2%2Ftags&post=83103"}],"curies":[{"name":"wp","href":"https:\/\/api.w.org\/{rel}","templated":true}]}}