{"id":83146,"date":"2019-05-03T00:01:14","date_gmt":"2019-05-03T05:01:14","guid":{"rendered":"http:\/\/www.reconoce.mx\/?p=83146"},"modified":"2019-05-03T08:18:18","modified_gmt":"2019-05-03T13:18:18","slug":"impeachment-a-trump","status":"publish","type":"post","link":"http:\/\/www.reconoce.mx\/?p=83146","title":{"rendered":"\u00bf&#8217;Impeachment&#8217; a Trump?"},"content":{"rendered":"<div class=\"entry\">\n<p><a href=\"http:\/\/www.reconoce.mx\/category\/conciencia\/\"><img loading=\"lazy\" decoding=\"async\" class=\"aligncenter size-full wp-image-40651\" src=\"http:\/\/www.reconoce.mx\/wp-content\/uploads\/2019\/02\/ConcienciaRCMX.png\" alt=\"Conciencia\" width=\"570\" height=\"70\" \/><\/a><\/p>\n<p><strong>Por <a href=\"https:\/\/twitter.com\/mf_pac\" target=\"_blank\" rel=\"noopener noreferrer\">Fernanda Pazar\u00e1n<\/a><\/strong>.<\/p>\n<p>El proceso de destituci\u00f3n es el recurso que utilizan los gobiernos para que se pueda hacer un juicio a un pol\u00edtico. En Estados Unidos se ha iniciado el proceso con tres presidentes, pero s\u00f3lo uno (<strong>Richard Nixon<\/strong>) estuvo a punto de ser enjuiciado. Ahora, la esfera pol\u00edtica norteamericana puede comenzar a exigir que el proceso inicie para el presidente <strong>Donald Trump<\/strong>.<\/p>\n<p>M\u00e1s all\u00e1 de su pol\u00edtica cerrada que ha da\u00f1ado la imagen de Estados Unidos en el sistema internacional, es el da\u00f1o que ha hecho a la democracia lo que puede llevarlo a la corte. Hace unas semanas se revel\u00f3 la investigaci\u00f3n de <strong>Robert Muller<\/strong> en donde fue demostrada la conexi\u00f3n que se tuvo con Rusia en el periodo electoral de 2016. No s\u00f3lo de Trump, sino de todos sus allegados.<\/p>\n<p>El proceso de juicio pol\u00edtico est\u00e1 garantizado en el Art\u00edculo 1 de la <strong>Constituci\u00f3n de Estados Unidos<\/strong>; se inicia el proceso en el Congreso y el Senado es quien se encarga del juicio. Se necesitan dos terceras partes de los votos de los senadores para la condena que procede con su destituci\u00f3n y se inhabilita su derecho a ejercer otros cargos p\u00fablicos.<\/p>\n<p>Andrew Johnson, Bill Clinton y Richard Nixon fueron los presidentes que han sido juzgados. Johnson en 1867 destituy\u00f3 al Secretario de Guerra, Edwin M. Stanton, y lo reemplaz\u00f3 por Ulysses S. Grant qui\u00e9n dimiti\u00f3 y el Congreso apoy\u00f3 esa postura para regresar a Staton. Como esto demostr\u00f3 las ganas de Johnson de sobreponer su autoridad, el Senado inici\u00f3 el proceso para enjuiciarlo. Por cuesti\u00f3n de un voto, no procedi\u00f3, pero el poder del presidente fue disminuido.<\/p>\n<p>En el caso de Clinton, los esc\u00e1ndalos sobre su relaci\u00f3n extramatrimonial con Monica Lewinsky comenzaron a hacer mucho ruido y el expresidente lo neg\u00f3 en una declaraci\u00f3n jurada; ella lo acept\u00f3 y el fiscal acus\u00f3 al presidente para iniciar el proceso a\u00f1adi\u00e9ndole los delitos de perjurio, abuso de poder y obstrucci\u00f3n de justicia. Clinton admiti\u00f3 la relaci\u00f3n pero neg\u00f3 el perjurio; al final lo declararon no culpable en 1999.<\/p>\n<p>El esc\u00e1ndalo pol\u00edtico de <strong>Watergate<\/strong> fue lo que conden\u00f3 la presidencia de Nixon. En 1972 fueron robados unos documentos de Watergate, las oficinas del <strong>Partido Dem\u00f3crata<\/strong> en Washington D.C.; la administraci\u00f3n de Nixon protegi\u00f3 a los responsables. Adem\u00e1s, se comenz\u00f3 a percibir un acoso hacia pol\u00edticos opositores, lo que se tradujo en un abuso de poder, porque para ello se necesit\u00f3 la ayuda del <strong>FBI<\/strong> y la <strong>CIA<\/strong>. Se inici\u00f3 el proceso para enjuiciar a Nixon, pero \u00e9l renunci\u00f3 al cargo en 1974. Se comprob\u00f3 el desv\u00edo de recursos para la reelecci\u00f3n de Nixon; cintas de grabaci\u00f3n en donde demostraba la implicaci\u00f3n de Nixon con <strong>Watergate<\/strong>.<\/p>\n<p>En 2016 le lleg\u00f3 un sobre a<strong> Barack Obama<\/strong> en donde Rusia le advirti\u00f3 sobre su intervenci\u00f3n en las elecciones presidenciales. Se ha demostrado que s\u00ed hubo una campa\u00f1a de ataque a Hillary Clinton, pero tambi\u00e9n se ha comprobado la relaci\u00f3n del c\u00edrculo m\u00e1s cercano de Trump con los rusos cercanos al Kremlin. Esto demuestra que la democracia norteamericana fue vulnerable y que el actual presidente fue el responsable de que esto sucediera. Al final, Estados Unidos simboliza la democracia y por lo tanto, es bastante ir\u00f3nico que el personaje nacionalista fue el principal violador de este principio que caracteriza a su pa\u00eds.<\/p>\n<p>La campa\u00f1a de Trump recib\u00eda dinero de los rusos y ellos pretend\u00edan que en agradecimiento, Trump dejar\u00eda que Crimea fuera parte de Rusia sin ninguna objeci\u00f3n. A\u00fan as\u00ed, el hecho de que los rusos tengan el poder de intervenir en las elecciones de su rival hist\u00f3rico, no es cosa que deba tomarse a la ligera. Ahora es el momento indicado por las elecciones de medio t\u00e9rmino y la investigaci\u00f3n de Muller.<\/p>\n<p>Los dem\u00f3cratas no hab\u00edan querido usar el juicio pol\u00edtico como la alternativa que parar\u00eda a Trump, porque prefieren hablar sobre otros temas m\u00e1s importantes. Analizando esto, la pol\u00edtica y el gobierno est\u00e1n fragmentados y un <em>impeachment<\/em> ser\u00eda un esc\u00e1ndalo que a ambos partidos les costar\u00eda, porque dividir\u00eda a\u00fan m\u00e1s a la poblaci\u00f3n. Aunque si no comienza a tomarse en serio el juicio a Trump, el ideal norteamericano dejar\u00e1 de existir, si el mismo gobierno de Estados Unidos no asegura su valor democr\u00e1tico, se perder\u00e1 la legitimidad del poder legislativo y judicial.<\/p>\n<p>La investigaci\u00f3n de <strong>Robert Muller<\/strong> acusa directamente a Trump de haber estado conectado con los rusos; todas las pruebas est\u00e1n hechas para iniciar el proceso y que resulte afirmativo. Se necesita el voto de 67 de los 100 senadores. El <strong>FBI<\/strong>, el <strong>Departamento de Seguridad Nacional<\/strong>, los dem\u00f3cratas, periodistas y las c\u00e1maras deber\u00edan presionar para hacer el juicio. Todas las acciones de Trump como presidente han sido medi\u00e1ticas, los ciudadanos depositaron sus esperanzas en \u00e9l por el cambio que promet\u00eda, m\u00e1s all\u00e1 de una frontera cerrada. Hay mucho que cuestionar sobre la administraci\u00f3n.<\/p>\n<p style=\"text-align: right;\">Foto:\u00a0<strong>Gage Skidmore<\/strong>.<\/p>\n<blockquote><p><a href=\"http:\/\/www.reconoce.mx\/wp-content\/uploads\/2019\/02\/fer-pazaran-e1550977850855.jpg\" rel=\"lightbox[49198]\"><img loading=\"lazy\" decoding=\"async\" class=\"alignleft size-thumbnail wp-image-39872\" src=\"http:\/\/www.reconoce.mx\/wp-content\/uploads\/2019\/02\/fer-pazaran-e1550977850855.jpg\" alt=\"IMG_5743\" width=\"150\" height=\"150\" \/><\/a><strong>Fernanda Pazar\u00e1n \/ #ConcienciaRCMX<\/strong>. Soy estudiante de Relaciones Internacionales. Soy ambientalista, con una ideolog\u00eda liberal y de izquierda. Estoy convencida de que el mundo puede mejorar y que el cambio lo hacemos cada uno de nosotros. Me gusta escribir de todo tipo de temas, pero tengo una preferencia mayor por los temas pol\u00edticos tanto nacionales como globales. Siempre hay un elefante en la habitaci\u00f3n del que se tiene que hablar. He participado en diferentes eventos diplom\u00e1ticos y pol\u00edticos.<\/p><\/blockquote>\n<p>&nbsp;<\/p>\n<p>&nbsp;<\/p>\n<\/div>\n","protected":false},"excerpt":{"rendered":"<p>El proceso de destituci\u00f3n es el recurso que utilizan los gobiernos para que se pueda hacer un juicio a un pol\u00edtico. En Estados Unidos se ha iniciado el proceso con tres presidentes, pero s\u00f3lo uno (Richard Nixon) estuvo a punto de ser enjuiciado. <\/p>\n","protected":false},"author":2,"featured_media":83150,"comment_status":"open","ping_status":"open","sticky":false,"template":"","format":"standard","meta":{"footnotes":""},"categories":[43,169,17],"tags":[],"class_list":["post-83146","post","type-post","status-publish","format-standard","has-post-thumbnail","hentry","category-conciencia","category-politica-entorno","category-principal"],"yoast_head":"<!-- This site is optimized with the Yoast SEO plugin v24.7 - https:\/\/yoast.com\/wordpress\/plugins\/seo\/ -->\n<title>\u00bf&#039;Impeachment&#039; a Trump? &#171; Reconoce MX<\/title>\n<meta name=\"robots\" content=\"index, follow, max-snippet:-1, max-image-preview:large, max-video-preview:-1\" \/>\n<link rel=\"canonical\" href=\"http:\/\/www.reconoce.mx\/?p=83146\" \/>\n<meta property=\"og:locale\" content=\"es_ES\" \/>\n<meta property=\"og:type\" content=\"article\" \/>\n<meta property=\"og:title\" content=\"\u00bf&#039;Impeachment&#039; a Trump? &#171; Reconoce MX\" \/>\n<meta property=\"og:description\" content=\"El proceso de destituci\u00f3n es el recurso que utilizan los gobiernos para que se pueda hacer un juicio a un pol\u00edtico. En Estados Unidos se ha iniciado el proceso con tres presidentes, pero s\u00f3lo uno (Richard Nixon) estuvo a punto de ser enjuiciado.\" \/>\n<meta property=\"og:url\" content=\"http:\/\/www.reconoce.mx\/?p=83146\" \/>\n<meta property=\"og:site_name\" content=\"Reconoce MX\" \/>\n<meta property=\"article:publisher\" content=\"https:\/\/es-la.facebook.com\/ReconoceMX\/\" \/>\n<meta property=\"article:published_time\" content=\"2019-05-03T05:01:14+00:00\" \/>\n<meta property=\"article:modified_time\" content=\"2019-05-03T13:18:18+00:00\" \/>\n<meta property=\"og:image\" content=\"http:\/\/www.reconoce.mx\/wp-content\/uploads\/2019\/04\/donald-trump-cover.jpg\" \/>\n\t<meta property=\"og:image:width\" content=\"590\" \/>\n\t<meta property=\"og:image:height\" content=\"380\" \/>\n\t<meta property=\"og:image:type\" content=\"image\/jpeg\" \/>\n<meta name=\"author\" content=\"Reconoce MX\" \/>\n<meta name=\"twitter:card\" content=\"summary_large_image\" \/>\n<meta name=\"twitter:creator\" content=\"@reconocemx\" \/>\n<meta name=\"twitter:site\" content=\"@reconocemx\" \/>\n<meta name=\"twitter:label1\" content=\"Escrito por\" \/>\n\t<meta name=\"twitter:data1\" content=\"Reconoce MX\" \/>\n\t<meta name=\"twitter:label2\" content=\"Tiempo de lectura\" \/>\n\t<meta name=\"twitter:data2\" content=\"5 minutos\" \/>\n<script type=\"application\/ld+json\" class=\"yoast-schema-graph\">{\"@context\":\"https:\/\/schema.org\",\"@graph\":[{\"@type\":\"Article\",\"@id\":\"http:\/\/www.reconoce.mx\/?p=83146#article\",\"isPartOf\":{\"@id\":\"http:\/\/www.reconoce.mx\/?p=83146\"},\"author\":{\"name\":\"Reconoce MX\",\"@id\":\"http:\/\/www.reconoce.mx\/#\/schema\/person\/2117e997d7051dc15d6880eaf9bca0b2\"},\"headline\":\"\u00bf&#8217;Impeachment&#8217; a Trump?\",\"datePublished\":\"2019-05-03T05:01:14+00:00\",\"dateModified\":\"2019-05-03T13:18:18+00:00\",\"mainEntityOfPage\":{\"@id\":\"http:\/\/www.reconoce.mx\/?p=83146\"},\"wordCount\":965,\"commentCount\":0,\"publisher\":{\"@id\":\"http:\/\/www.reconoce.mx\/#organization\"},\"image\":{\"@id\":\"http:\/\/www.reconoce.mx\/?p=83146#primaryimage\"},\"thumbnailUrl\":\"http:\/\/www.reconoce.mx\/wp-content\/uploads\/2019\/04\/donald-trump-cover.jpg\",\"articleSection\":[\"Conciencia\",\"Pol\u00edtica\",\"Principal\"],\"inLanguage\":\"es\",\"potentialAction\":[{\"@type\":\"CommentAction\",\"name\":\"Comment\",\"target\":[\"http:\/\/www.reconoce.mx\/?p=83146#respond\"]}]},{\"@type\":\"WebPage\",\"@id\":\"http:\/\/www.reconoce.mx\/?p=83146\",\"url\":\"http:\/\/www.reconoce.mx\/?p=83146\",\"name\":\"\u00bf'Impeachment' a Trump? &#171; Reconoce MX\",\"isPartOf\":{\"@id\":\"http:\/\/www.reconoce.mx\/#website\"},\"primaryImageOfPage\":{\"@id\":\"http:\/\/www.reconoce.mx\/?p=83146#primaryimage\"},\"image\":{\"@id\":\"http:\/\/www.reconoce.mx\/?p=83146#primaryimage\"},\"thumbnailUrl\":\"http:\/\/www.reconoce.mx\/wp-content\/uploads\/2019\/04\/donald-trump-cover.jpg\",\"datePublished\":\"2019-05-03T05:01:14+00:00\",\"dateModified\":\"2019-05-03T13:18:18+00:00\",\"breadcrumb\":{\"@id\":\"http:\/\/www.reconoce.mx\/?p=83146#breadcrumb\"},\"inLanguage\":\"es\",\"potentialAction\":[{\"@type\":\"ReadAction\",\"target\":[\"http:\/\/www.reconoce.mx\/?p=83146\"]}]},{\"@type\":\"ImageObject\",\"inLanguage\":\"es\",\"@id\":\"http:\/\/www.reconoce.mx\/?p=83146#primaryimage\",\"url\":\"http:\/\/www.reconoce.mx\/wp-content\/uploads\/2019\/04\/donald-trump-cover.jpg\",\"contentUrl\":\"http:\/\/www.reconoce.mx\/wp-content\/uploads\/2019\/04\/donald-trump-cover.jpg\",\"width\":590,\"height\":380},{\"@type\":\"BreadcrumbList\",\"@id\":\"http:\/\/www.reconoce.mx\/?p=83146#breadcrumb\",\"itemListElement\":[{\"@type\":\"ListItem\",\"position\":1,\"name\":\"Portada\",\"item\":\"http:\/\/www.reconoce.mx\/\"},{\"@type\":\"ListItem\",\"position\":2,\"name\":\"\u00bf&#8217;Impeachment&#8217; a Trump?\"}]},{\"@type\":\"WebSite\",\"@id\":\"http:\/\/www.reconoce.mx\/#website\",\"url\":\"http:\/\/www.reconoce.mx\/\",\"name\":\"Reconoce MX\",\"description\":\"En Reconoce MX difundimos arte, cultura y conciencia social en M\u00e9xico. Tu ciudad en otra perspectiva.\",\"publisher\":{\"@id\":\"http:\/\/www.reconoce.mx\/#organization\"},\"potentialAction\":[{\"@type\":\"SearchAction\",\"target\":{\"@type\":\"EntryPoint\",\"urlTemplate\":\"http:\/\/www.reconoce.mx\/?s={search_term_string}\"},\"query-input\":{\"@type\":\"PropertyValueSpecification\",\"valueRequired\":true,\"valueName\":\"search_term_string\"}}],\"inLanguage\":\"es\"},{\"@type\":\"Organization\",\"@id\":\"http:\/\/www.reconoce.mx\/#organization\",\"name\":\"Reconoce MX\",\"url\":\"http:\/\/www.reconoce.mx\/\",\"logo\":{\"@type\":\"ImageObject\",\"inLanguage\":\"es\",\"@id\":\"http:\/\/www.reconoce.mx\/#\/schema\/logo\/image\/\",\"url\":\"https:\/\/www.reconoce.mx\/wp-content\/uploads\/2019\/03\/logorcmx-good-1.png\",\"contentUrl\":\"https:\/\/www.reconoce.mx\/wp-content\/uploads\/2019\/03\/logorcmx-good-1.png\",\"width\":280,\"height\":90,\"caption\":\"Reconoce MX\"},\"image\":{\"@id\":\"http:\/\/www.reconoce.mx\/#\/schema\/logo\/image\/\"},\"sameAs\":[\"https:\/\/es-la.facebook.com\/ReconoceMX\/\",\"https:\/\/x.com\/reconocemx\",\"http:\/\/@reconocemx\"]},{\"@type\":\"Person\",\"@id\":\"http:\/\/www.reconoce.mx\/#\/schema\/person\/2117e997d7051dc15d6880eaf9bca0b2\",\"name\":\"Reconoce MX\",\"image\":{\"@type\":\"ImageObject\",\"inLanguage\":\"es\",\"@id\":\"http:\/\/www.reconoce.mx\/#\/schema\/person\/image\/\",\"url\":\"https:\/\/secure.gravatar.com\/avatar\/6c8d4dc7569ca1c90c5fdcc349f839d5ddef6fe1e70b4337ead2ef1a4c43fc3a?s=96&d=identicon&r=g\",\"contentUrl\":\"https:\/\/secure.gravatar.com\/avatar\/6c8d4dc7569ca1c90c5fdcc349f839d5ddef6fe1e70b4337ead2ef1a4c43fc3a?s=96&d=identicon&r=g\",\"caption\":\"Reconoce MX\"},\"description\":\"Reconoce MX es un proyecto de difusi\u00f3n art\u00edstica, cultural y de conciencia social que est\u00e1 enfocado a difundir y fomentar el entretenimiento alternativo de calidad para todo el p\u00fablico que comparta el mismo entusiasmo.\",\"sameAs\":[\"http:\/\/www.reconoce.mx\"],\"url\":\"http:\/\/www.reconoce.mx\/?author=2\"}]}<\/script>\n<!-- \/ Yoast SEO plugin. -->","yoast_head_json":{"title":"\u00bf'Impeachment' a Trump? &#171; Reconoce MX","robots":{"index":"index","follow":"follow","max-snippet":"max-snippet:-1","max-image-preview":"max-image-preview:large","max-video-preview":"max-video-preview:-1"},"canonical":"http:\/\/www.reconoce.mx\/?p=83146","og_locale":"es_ES","og_type":"article","og_title":"\u00bf'Impeachment' a Trump? &#171; Reconoce MX","og_description":"El proceso de destituci\u00f3n es el recurso que utilizan los gobiernos para que se pueda hacer un juicio a un pol\u00edtico. En Estados Unidos se ha iniciado el proceso con tres presidentes, pero s\u00f3lo uno (Richard Nixon) estuvo a punto de ser enjuiciado.","og_url":"http:\/\/www.reconoce.mx\/?p=83146","og_site_name":"Reconoce MX","article_publisher":"https:\/\/es-la.facebook.com\/ReconoceMX\/","article_published_time":"2019-05-03T05:01:14+00:00","article_modified_time":"2019-05-03T13:18:18+00:00","og_image":[{"width":590,"height":380,"url":"http:\/\/www.reconoce.mx\/wp-content\/uploads\/2019\/04\/donald-trump-cover.jpg","type":"image\/jpeg"}],"author":"Reconoce MX","twitter_card":"summary_large_image","twitter_creator":"@reconocemx","twitter_site":"@reconocemx","twitter_misc":{"Escrito por":"Reconoce MX","Tiempo de lectura":"5 minutos"},"schema":{"@context":"https:\/\/schema.org","@graph":[{"@type":"Article","@id":"http:\/\/www.reconoce.mx\/?p=83146#article","isPartOf":{"@id":"http:\/\/www.reconoce.mx\/?p=83146"},"author":{"name":"Reconoce MX","@id":"http:\/\/www.reconoce.mx\/#\/schema\/person\/2117e997d7051dc15d6880eaf9bca0b2"},"headline":"\u00bf&#8217;Impeachment&#8217; a Trump?","datePublished":"2019-05-03T05:01:14+00:00","dateModified":"2019-05-03T13:18:18+00:00","mainEntityOfPage":{"@id":"http:\/\/www.reconoce.mx\/?p=83146"},"wordCount":965,"commentCount":0,"publisher":{"@id":"http:\/\/www.reconoce.mx\/#organization"},"image":{"@id":"http:\/\/www.reconoce.mx\/?p=83146#primaryimage"},"thumbnailUrl":"http:\/\/www.reconoce.mx\/wp-content\/uploads\/2019\/04\/donald-trump-cover.jpg","articleSection":["Conciencia","Pol\u00edtica","Principal"],"inLanguage":"es","potentialAction":[{"@type":"CommentAction","name":"Comment","target":["http:\/\/www.reconoce.mx\/?p=83146#respond"]}]},{"@type":"WebPage","@id":"http:\/\/www.reconoce.mx\/?p=83146","url":"http:\/\/www.reconoce.mx\/?p=83146","name":"\u00bf'Impeachment' a Trump? &#171; Reconoce MX","isPartOf":{"@id":"http:\/\/www.reconoce.mx\/#website"},"primaryImageOfPage":{"@id":"http:\/\/www.reconoce.mx\/?p=83146#primaryimage"},"image":{"@id":"http:\/\/www.reconoce.mx\/?p=83146#primaryimage"},"thumbnailUrl":"http:\/\/www.reconoce.mx\/wp-content\/uploads\/2019\/04\/donald-trump-cover.jpg","datePublished":"2019-05-03T05:01:14+00:00","dateModified":"2019-05-03T13:18:18+00:00","breadcrumb":{"@id":"http:\/\/www.reconoce.mx\/?p=83146#breadcrumb"},"inLanguage":"es","potentialAction":[{"@type":"ReadAction","target":["http:\/\/www.reconoce.mx\/?p=83146"]}]},{"@type":"ImageObject","inLanguage":"es","@id":"http:\/\/www.reconoce.mx\/?p=83146#primaryimage","url":"http:\/\/www.reconoce.mx\/wp-content\/uploads\/2019\/04\/donald-trump-cover.jpg","contentUrl":"http:\/\/www.reconoce.mx\/wp-content\/uploads\/2019\/04\/donald-trump-cover.jpg","width":590,"height":380},{"@type":"BreadcrumbList","@id":"http:\/\/www.reconoce.mx\/?p=83146#breadcrumb","itemListElement":[{"@type":"ListItem","position":1,"name":"Portada","item":"http:\/\/www.reconoce.mx\/"},{"@type":"ListItem","position":2,"name":"\u00bf&#8217;Impeachment&#8217; a Trump?"}]},{"@type":"WebSite","@id":"http:\/\/www.reconoce.mx\/#website","url":"http:\/\/www.reconoce.mx\/","name":"Reconoce MX","description":"En Reconoce MX difundimos arte, cultura y conciencia social en M\u00e9xico. Tu ciudad en otra perspectiva.","publisher":{"@id":"http:\/\/www.reconoce.mx\/#organization"},"potentialAction":[{"@type":"SearchAction","target":{"@type":"EntryPoint","urlTemplate":"http:\/\/www.reconoce.mx\/?s={search_term_string}"},"query-input":{"@type":"PropertyValueSpecification","valueRequired":true,"valueName":"search_term_string"}}],"inLanguage":"es"},{"@type":"Organization","@id":"http:\/\/www.reconoce.mx\/#organization","name":"Reconoce MX","url":"http:\/\/www.reconoce.mx\/","logo":{"@type":"ImageObject","inLanguage":"es","@id":"http:\/\/www.reconoce.mx\/#\/schema\/logo\/image\/","url":"https:\/\/www.reconoce.mx\/wp-content\/uploads\/2019\/03\/logorcmx-good-1.png","contentUrl":"https:\/\/www.reconoce.mx\/wp-content\/uploads\/2019\/03\/logorcmx-good-1.png","width":280,"height":90,"caption":"Reconoce MX"},"image":{"@id":"http:\/\/www.reconoce.mx\/#\/schema\/logo\/image\/"},"sameAs":["https:\/\/es-la.facebook.com\/ReconoceMX\/","https:\/\/x.com\/reconocemx","http:\/\/@reconocemx"]},{"@type":"Person","@id":"http:\/\/www.reconoce.mx\/#\/schema\/person\/2117e997d7051dc15d6880eaf9bca0b2","name":"Reconoce MX","image":{"@type":"ImageObject","inLanguage":"es","@id":"http:\/\/www.reconoce.mx\/#\/schema\/person\/image\/","url":"https:\/\/secure.gravatar.com\/avatar\/6c8d4dc7569ca1c90c5fdcc349f839d5ddef6fe1e70b4337ead2ef1a4c43fc3a?s=96&d=identicon&r=g","contentUrl":"https:\/\/secure.gravatar.com\/avatar\/6c8d4dc7569ca1c90c5fdcc349f839d5ddef6fe1e70b4337ead2ef1a4c43fc3a?s=96&d=identicon&r=g","caption":"Reconoce MX"},"description":"Reconoce MX es un proyecto de difusi\u00f3n art\u00edstica, cultural y de conciencia social que est\u00e1 enfocado a difundir y fomentar el entretenimiento alternativo de calidad para todo el p\u00fablico que comparta el mismo entusiasmo.","sameAs":["http:\/\/www.reconoce.mx"],"url":"http:\/\/www.reconoce.mx\/?author=2"}]}},"_links":{"self":[{"href":"http:\/\/www.reconoce.mx\/index.php?rest_route=\/wp\/v2\/posts\/83146","targetHints":{"allow":["GET"]}}],"collection":[{"href":"http:\/\/www.reconoce.mx\/index.php?rest_route=\/wp\/v2\/posts"}],"about":[{"href":"http:\/\/www.reconoce.mx\/index.php?rest_route=\/wp\/v2\/types\/post"}],"author":[{"embeddable":true,"href":"http:\/\/www.reconoce.mx\/index.php?rest_route=\/wp\/v2\/users\/2"}],"replies":[{"embeddable":true,"href":"http:\/\/www.reconoce.mx\/index.php?rest_route=%2Fwp%2Fv2%2Fcomments&post=83146"}],"version-history":[{"count":2,"href":"http:\/\/www.reconoce.mx\/index.php?rest_route=\/wp\/v2\/posts\/83146\/revisions"}],"predecessor-version":[{"id":83151,"href":"http:\/\/www.reconoce.mx\/index.php?rest_route=\/wp\/v2\/posts\/83146\/revisions\/83151"}],"wp:featuredmedia":[{"embeddable":true,"href":"http:\/\/www.reconoce.mx\/index.php?rest_route=\/wp\/v2\/media\/83150"}],"wp:attachment":[{"href":"http:\/\/www.reconoce.mx\/index.php?rest_route=%2Fwp%2Fv2%2Fmedia&parent=83146"}],"wp:term":[{"taxonomy":"category","embeddable":true,"href":"http:\/\/www.reconoce.mx\/index.php?rest_route=%2Fwp%2Fv2%2Fcategories&post=83146"},{"taxonomy":"post_tag","embeddable":true,"href":"http:\/\/www.reconoce.mx\/index.php?rest_route=%2Fwp%2Fv2%2Ftags&post=83146"}],"curies":[{"name":"wp","href":"https:\/\/api.w.org\/{rel}","templated":true}]}}