{"id":83194,"date":"2019-05-02T00:03:35","date_gmt":"2019-05-02T05:03:35","guid":{"rendered":"http:\/\/www.reconoce.mx\/?p=83194"},"modified":"2019-05-01T22:30:00","modified_gmt":"2019-05-02T03:30:00","slug":"en-los-90-la-dificil-busqueda-de-pertenecer-a-algun-lado","status":"publish","type":"post","link":"http:\/\/www.reconoce.mx\/?p=83194","title":{"rendered":"\u00abEn los 90\u00bb: la dif\u00edcil b\u00fasqueda de pertenecer a alg\u00fan lado"},"content":{"rendered":"<p><strong> Por <a title=\"@AsfaltosTweets\" href=\"http:\/\/twitter.com\/AsfaltosTweets\" target=\"_blank\" rel=\"noopener noreferrer\">Asfaltos<\/a><\/strong>.<\/p>\n<p>Reconocido por su trabajo como actor en pel\u00edculas como \u00abS\u00faper cool\u00bb (2007), \u00bb El juego de la fortuna\u00bb (2011), \u00abEl lobo de Wall Street\u00bb (2013) y \u00abAmigos de armas\u00bb (2016), entre otras, <strong>Jonah Hill<\/strong> se estrena ahora como realizador de la que es ya su primera producci\u00f3n \u00abEn los 90\u00bb. La cinta, que tambi\u00e9n escribe y produce, es uno de los lanzamientos m\u00e1s relevantes en cines este fin de semana. \u00bfQue no han visto \u00ab<a href=\"http:\/\/www.reconoce.mx\/avengers-endgame-el-cierre-suficiente-de-toda-una-epoca\/\" target=\"_blank\" rel=\"noopener noreferrer\">Avengers: Endgame<\/a>\u00ab? Aguanten y corran a ver \u00abEn los 90\u00bb, que la cinta de los superh\u00e9roes durar\u00e1 muchas semanas m\u00e1s en taquilla.<\/p>\n<p><a href=\"http:\/\/www.reconoce.mx\/wp-content\/uploads\/2019\/05\/en-los-90-p\u00f3ster.jpg\"><img loading=\"lazy\" decoding=\"async\" class=\"aligncenter size-full wp-image-83179\" src=\"http:\/\/www.reconoce.mx\/wp-content\/uploads\/2019\/05\/en-los-90-p\u00f3ster.jpg\" alt=\"\" width=\"677\" height=\"960\" srcset=\"http:\/\/www.reconoce.mx\/wp-content\/uploads\/2019\/05\/en-los-90-p\u00f3ster.jpg 677w, http:\/\/www.reconoce.mx\/wp-content\/uploads\/2019\/05\/en-los-90-p\u00f3ster-212x300.jpg 212w, http:\/\/www.reconoce.mx\/wp-content\/uploads\/2019\/05\/en-los-90-p\u00f3ster-150x213.jpg 150w, http:\/\/www.reconoce.mx\/wp-content\/uploads\/2019\/05\/en-los-90-p\u00f3ster-658x933.jpg 658w, http:\/\/www.reconoce.mx\/wp-content\/uploads\/2019\/05\/en-los-90-p\u00f3ster-300x425.jpg 300w\" sizes=\"auto, (max-width: 677px) 100vw, 677px\" \/><\/a><\/p>\n<p>A pesar del poco afortunado cartel que acompa\u00f1a a la pel\u00edcula, \u00abEn los 90\u00bb es un trabajo verdaderamente interesante que vale la pena permitirse ver. La cinta nos presenta la historia de Stevie (<strong>Sunny Suljic<\/strong>), un chico que se encuentra en esa muy delgada l\u00ednea entre lo que es la infancia y la pubertad. Viviendo junto a su madre y a su hermano, Stevie es sujeto de dos fuerzas tremendas que le har\u00e1n buscarse un propio lugar en esa nueva etapa que est\u00e1 por vivir.<\/p>\n<p>Por un lado, y mostr\u00e1ndosenos de manera muy violenta en los primeros minutos, observamos la fuerza representada por su hermano mayor Ian (<strong>Lucas Hedges<\/strong>), quien lo sacude y tunde a pu\u00f1etazos secos. Por otro lado, y en el extremo opuesto, Stevie es tambi\u00e9n merecedor del amor caluroso de su madre, con quien le une una muy fuerte conexi\u00f3n hasta que \u00e9ste decide cambiar. Buscando su propio lugar, Stevie tomar\u00e1 una decisi\u00f3n que le afectar\u00e1 para siempre en su futuro.<\/p>\n<p><a href=\"http:\/\/www.reconoce.mx\/wp-content\/uploads\/2019\/05\/en-los-90-2.jpg\"><img loading=\"lazy\" decoding=\"async\" class=\"aligncenter size-full wp-image-83176\" src=\"http:\/\/www.reconoce.mx\/wp-content\/uploads\/2019\/05\/en-los-90-2.jpg\" alt=\"\" width=\"590\" height=\"380\" srcset=\"http:\/\/www.reconoce.mx\/wp-content\/uploads\/2019\/05\/en-los-90-2.jpg 590w, http:\/\/www.reconoce.mx\/wp-content\/uploads\/2019\/05\/en-los-90-2-300x193.jpg 300w, http:\/\/www.reconoce.mx\/wp-content\/uploads\/2019\/05\/en-los-90-2-150x97.jpg 150w\" sizes=\"auto, (max-width: 590px) 100vw, 590px\" \/><\/a><\/p>\n<p>Sorprenden, de entrada, los aspectos visuales de la pel\u00edcula. Filmada en un formato de 4:3, y con una textura que recuerda a las cintas caseras de precisamente \u00ablos a\u00f1os 90\u00bb, <strong>Jonah Hill<\/strong> se permite varias licencias para experimentar en la que es su primera pel\u00edcula detr\u00e1s de las c\u00e1maras. Se aprecian tambi\u00e9n, y de manera muy cuidadosamente seleccionados, elementos sonoros, como uno muy espec\u00edfico en una escena fundamental de la pel\u00edcula; as\u00ed como tambi\u00e9n jugueteos visuales que hablan de un gusto por otro narrativa m\u00e1s all\u00e1 de la convencional.<\/p>\n<p>Stevie, para abrirse camino entre lo que vive en su casa, se topa con un grupo de chicos mayores que pasan sus d\u00edas en una tienda de patinetas; ellos son <em>skaters<\/em> y Stevie los admira y aspira a ser como ellos. Ruben (<strong>Gio Galicia<\/strong>) es el m\u00e1s cercano en edad a Stevie, y quien terminar\u00e1 introduci\u00e9ndolo con los mayores Fourth Grade (<strong>Ryder McLaughlin<\/strong>), Fuckshit (<strong>Olan Prenatt<\/strong>) y Ray (<strong>Na-Kel Smith<\/strong>). Cada uno, con personalidades distintas, forman parte de un grupo compacto que si bien bromea, observaremos tambi\u00e9n se cuida.<\/p>\n<p><a href=\"http:\/\/www.reconoce.mx\/wp-content\/uploads\/2019\/05\/en-los-90-3.jpg\"><img loading=\"lazy\" decoding=\"async\" class=\"aligncenter size-full wp-image-83177\" src=\"http:\/\/www.reconoce.mx\/wp-content\/uploads\/2019\/05\/en-los-90-3.jpg\" alt=\"\" width=\"590\" height=\"380\" srcset=\"http:\/\/www.reconoce.mx\/wp-content\/uploads\/2019\/05\/en-los-90-3.jpg 590w, http:\/\/www.reconoce.mx\/wp-content\/uploads\/2019\/05\/en-los-90-3-300x193.jpg 300w, http:\/\/www.reconoce.mx\/wp-content\/uploads\/2019\/05\/en-los-90-3-150x97.jpg 150w\" sizes=\"auto, (max-width: 590px) 100vw, 590px\" \/><\/a><\/p>\n<p>\u00abEn los 90\u00bb es entonces una pel\u00edcula de <em>coming-of-age<\/em> en toda la forma. Observaremos el camino que Stevie ir\u00e1 construyendo para ir encontrando su propia identidad, a partir de instantes espec\u00edficos que terminar\u00e1n marc\u00e1ndole en todos los aspectos posibles. Hay momentos muy bien logrados, en los que <strong>Jonah Hill<\/strong> consigue atraparnos con im\u00e1genes sencillas para redondear a lo que quiere llegar. Tres escenas en particular me parecieron de una fuerza tremenda: una en la que observamos el atardecer mientras los chicos patinan a la mitad de una avenida, y la siguiente la rima visual que le acompa\u00f1a; y finalmente y sin querer decir m\u00e1s, otra que es el momento m\u00e1s m\u00edstico de la cinta y en el que Hill no mete palabra alguna.<\/p>\n<p>Por cierto, ahora que menciono los sonidos una vez m\u00e1s, es imposible no destacar el tremendo trabajo musical que se incluye en la pel\u00edcula. Para empezar la m\u00fasica original es cortes\u00eda del combo <strong>Trent Reznor<\/strong> y <strong>Atticus Ross<\/strong>, quienes lograron con un trabajo muy atmosf\u00e9rico, darle la voz a Stevie y al mundo que le rodea. Para complementarlo, <strong>Jonah Hill<\/strong> decidi\u00f3 irse por una selecci\u00f3n tremenda que incluye a <strong>The Pixies<\/strong>, <strong>Morrissey<\/strong>, <strong>Nirvana<\/strong>, <strong>The Misfits<\/strong>, <strong>Herbie Hancock<\/strong> y un muy bien seleccionado grupo de raperos que atrapar\u00e1n muy seguramente sus o\u00eddos. S\u00ed, toda la m\u00fasica se justifica y forma parte tambi\u00e9n de la narrativa.<\/p>\n<style>.embed-container { position: relative; padding-bottom: 56.25%; height: 0; overflow: hidden; max-width: 100%; } .embed-container iframe, .embed-container object, .embed-container embed { position: absolute; top: 0; left: 0; width: 100%; height: 100%; }<\/style>\n<div class=\"embed-container\"><iframe src=\"https:\/\/www.youtube.com\/embed\/OEEJ6JWCPw0\" frameborder=\"0\" allowfullscreen=\"allowfullscreen\"><\/iframe><\/div>\n<p>&nbsp;<\/p>\n<p>\u00abEn los 90\u00bb es entonces una pel\u00edcula llena de coraz\u00f3n. <strong>Jonah Hill<\/strong>, ahora a su manera, vuelve a tocar temas de amistad como los que ha abordado ya en su carrera como actor. Aqu\u00ed, adem\u00e1s, incluye un tema central que es el de la pertenencia. Las actuaciones resultan muy disfrutables, gracias a lo que fue sin duda un muy buen proceso de casting y sin duda tambi\u00e9n a la labor de los int\u00e9rpretes. No dir\u00e9 m\u00e1s, la pel\u00edcula, es conmovedora; definitivamente es una cinta que les recomiendo correr a ver este fin de semana.<\/p>\n<p>\u00abEn los 90\u00bb estrenar\u00e1 ma\u00f1ana viernes 3 de mayo en cines nacionales. El lanzamiento ser\u00e1 con pocas copias, por lo que la recomendaci\u00f3n en este caso es correr a verla este fin de semana para no perd\u00e9rsela. \u00bfSi la ven la comentan conmigo?<\/p>\n<p>&nbsp;<\/p>\n<p>&nbsp;<\/p>\n","protected":false},"excerpt":{"rendered":"<p>Reconocido por su trabajo como actor en pel\u00edculas como \u00abS\u00faper cool\u00bb (2007), \u00bb El juego de la fortuna\u00bb (2011), \u00abEl lobo de Wall Street\u00bb (2013) y \u00abAmigos de armas\u00bb (2016), entre otras, Jonah Hill se estrena ahora como realizador de la que es ya su primera producci\u00f3n \u00abEn los 90\u00bb.<\/p>\n","protected":false},"author":2,"featured_media":83178,"comment_status":"open","ping_status":"open","sticky":false,"template":"","format":"standard","meta":{"footnotes":""},"categories":[24,1,17],"tags":[],"class_list":["post-83194","post","type-post","status-publish","format-standard","has-post-thumbnail","hentry","category-cine","category-cultura","category-principal"],"yoast_head":"<!-- This site is optimized with the Yoast SEO plugin v24.7 - https:\/\/yoast.com\/wordpress\/plugins\/seo\/ -->\n<title>&quot;En los 90&quot;: la dif\u00edcil b\u00fasqueda de pertenecer a alg\u00fan lado &#171; Reconoce MX<\/title>\n<meta name=\"robots\" content=\"index, follow, max-snippet:-1, max-image-preview:large, max-video-preview:-1\" \/>\n<link rel=\"canonical\" href=\"https:\/\/www.reconoce.mx\/?p=83194\" \/>\n<meta property=\"og:locale\" content=\"es_ES\" \/>\n<meta property=\"og:type\" content=\"article\" \/>\n<meta property=\"og:title\" content=\"&quot;En los 90&quot;: la dif\u00edcil b\u00fasqueda de pertenecer a alg\u00fan lado &#171; Reconoce MX\" \/>\n<meta property=\"og:description\" content=\"Reconocido por su trabajo como actor en pel\u00edculas como &quot;S\u00faper cool&quot; (2007), &quot; El juego de la fortuna&quot; (2011), &quot;El lobo de Wall Street&quot; (2013) y &quot;Amigos de armas&quot; (2016), entre otras, Jonah Hill se estrena ahora como realizador de la que es ya su primera producci\u00f3n &quot;En los 90&quot;.\" \/>\n<meta property=\"og:url\" content=\"https:\/\/www.reconoce.mx\/?p=83194\" \/>\n<meta property=\"og:site_name\" content=\"Reconoce MX\" \/>\n<meta property=\"article:publisher\" content=\"https:\/\/es-la.facebook.com\/ReconoceMX\/\" \/>\n<meta property=\"article:published_time\" content=\"2019-05-02T05:03:35+00:00\" \/>\n<meta property=\"og:image\" content=\"https:\/\/www.reconoce.mx\/wp-content\/uploads\/2019\/05\/en-los-90-cover.jpg\" \/>\n\t<meta property=\"og:image:width\" content=\"590\" \/>\n\t<meta property=\"og:image:height\" content=\"380\" \/>\n\t<meta property=\"og:image:type\" content=\"image\/jpeg\" \/>\n<meta name=\"author\" content=\"Reconoce MX\" \/>\n<meta name=\"twitter:card\" content=\"summary_large_image\" \/>\n<meta name=\"twitter:creator\" content=\"@reconocemx\" \/>\n<meta name=\"twitter:site\" content=\"@reconocemx\" \/>\n<meta name=\"twitter:label1\" content=\"Escrito por\" \/>\n\t<meta name=\"twitter:data1\" content=\"Reconoce MX\" \/>\n\t<meta name=\"twitter:label2\" content=\"Tiempo de lectura\" \/>\n\t<meta name=\"twitter:data2\" content=\"4 minutos\" \/>\n<script type=\"application\/ld+json\" class=\"yoast-schema-graph\">{\"@context\":\"https:\/\/schema.org\",\"@graph\":[{\"@type\":\"Article\",\"@id\":\"https:\/\/www.reconoce.mx\/?p=83194#article\",\"isPartOf\":{\"@id\":\"https:\/\/www.reconoce.mx\/?p=83194\"},\"author\":{\"name\":\"Reconoce MX\",\"@id\":\"http:\/\/www.reconoce.mx\/#\/schema\/person\/2117e997d7051dc15d6880eaf9bca0b2\"},\"headline\":\"\u00abEn los 90\u00bb: la dif\u00edcil b\u00fasqueda de pertenecer a alg\u00fan lado\",\"datePublished\":\"2019-05-02T05:03:35+00:00\",\"mainEntityOfPage\":{\"@id\":\"https:\/\/www.reconoce.mx\/?p=83194\"},\"wordCount\":865,\"commentCount\":0,\"publisher\":{\"@id\":\"http:\/\/www.reconoce.mx\/#organization\"},\"image\":{\"@id\":\"https:\/\/www.reconoce.mx\/?p=83194#primaryimage\"},\"thumbnailUrl\":\"http:\/\/www.reconoce.mx\/wp-content\/uploads\/2019\/05\/en-los-90-cover.jpg\",\"articleSection\":[\"Cine\",\"Cultura\",\"Principal\"],\"inLanguage\":\"es\",\"potentialAction\":[{\"@type\":\"CommentAction\",\"name\":\"Comment\",\"target\":[\"https:\/\/www.reconoce.mx\/?p=83194#respond\"]}]},{\"@type\":\"WebPage\",\"@id\":\"https:\/\/www.reconoce.mx\/?p=83194\",\"url\":\"https:\/\/www.reconoce.mx\/?p=83194\",\"name\":\"\\\"En los 90\\\": la dif\u00edcil b\u00fasqueda de pertenecer a alg\u00fan lado &#171; Reconoce MX\",\"isPartOf\":{\"@id\":\"http:\/\/www.reconoce.mx\/#website\"},\"primaryImageOfPage\":{\"@id\":\"https:\/\/www.reconoce.mx\/?p=83194#primaryimage\"},\"image\":{\"@id\":\"https:\/\/www.reconoce.mx\/?p=83194#primaryimage\"},\"thumbnailUrl\":\"http:\/\/www.reconoce.mx\/wp-content\/uploads\/2019\/05\/en-los-90-cover.jpg\",\"datePublished\":\"2019-05-02T05:03:35+00:00\",\"breadcrumb\":{\"@id\":\"https:\/\/www.reconoce.mx\/?p=83194#breadcrumb\"},\"inLanguage\":\"es\",\"potentialAction\":[{\"@type\":\"ReadAction\",\"target\":[\"https:\/\/www.reconoce.mx\/?p=83194\"]}]},{\"@type\":\"ImageObject\",\"inLanguage\":\"es\",\"@id\":\"https:\/\/www.reconoce.mx\/?p=83194#primaryimage\",\"url\":\"http:\/\/www.reconoce.mx\/wp-content\/uploads\/2019\/05\/en-los-90-cover.jpg\",\"contentUrl\":\"http:\/\/www.reconoce.mx\/wp-content\/uploads\/2019\/05\/en-los-90-cover.jpg\",\"width\":590,\"height\":380},{\"@type\":\"BreadcrumbList\",\"@id\":\"https:\/\/www.reconoce.mx\/?p=83194#breadcrumb\",\"itemListElement\":[{\"@type\":\"ListItem\",\"position\":1,\"name\":\"Portada\",\"item\":\"http:\/\/www.reconoce.mx\/\"},{\"@type\":\"ListItem\",\"position\":2,\"name\":\"\u00abEn los 90\u00bb: la dif\u00edcil b\u00fasqueda de pertenecer a alg\u00fan lado\"}]},{\"@type\":\"WebSite\",\"@id\":\"http:\/\/www.reconoce.mx\/#website\",\"url\":\"http:\/\/www.reconoce.mx\/\",\"name\":\"Reconoce MX\",\"description\":\"En Reconoce MX difundimos arte, cultura y conciencia social en M\u00e9xico. Tu ciudad en otra perspectiva.\",\"publisher\":{\"@id\":\"http:\/\/www.reconoce.mx\/#organization\"},\"potentialAction\":[{\"@type\":\"SearchAction\",\"target\":{\"@type\":\"EntryPoint\",\"urlTemplate\":\"http:\/\/www.reconoce.mx\/?s={search_term_string}\"},\"query-input\":{\"@type\":\"PropertyValueSpecification\",\"valueRequired\":true,\"valueName\":\"search_term_string\"}}],\"inLanguage\":\"es\"},{\"@type\":\"Organization\",\"@id\":\"http:\/\/www.reconoce.mx\/#organization\",\"name\":\"Reconoce MX\",\"url\":\"http:\/\/www.reconoce.mx\/\",\"logo\":{\"@type\":\"ImageObject\",\"inLanguage\":\"es\",\"@id\":\"http:\/\/www.reconoce.mx\/#\/schema\/logo\/image\/\",\"url\":\"https:\/\/www.reconoce.mx\/wp-content\/uploads\/2019\/03\/logorcmx-good-1.png\",\"contentUrl\":\"https:\/\/www.reconoce.mx\/wp-content\/uploads\/2019\/03\/logorcmx-good-1.png\",\"width\":280,\"height\":90,\"caption\":\"Reconoce MX\"},\"image\":{\"@id\":\"http:\/\/www.reconoce.mx\/#\/schema\/logo\/image\/\"},\"sameAs\":[\"https:\/\/es-la.facebook.com\/ReconoceMX\/\",\"https:\/\/x.com\/reconocemx\",\"http:\/\/@reconocemx\"]},{\"@type\":\"Person\",\"@id\":\"http:\/\/www.reconoce.mx\/#\/schema\/person\/2117e997d7051dc15d6880eaf9bca0b2\",\"name\":\"Reconoce MX\",\"image\":{\"@type\":\"ImageObject\",\"inLanguage\":\"es\",\"@id\":\"http:\/\/www.reconoce.mx\/#\/schema\/person\/image\/\",\"url\":\"https:\/\/secure.gravatar.com\/avatar\/6c8d4dc7569ca1c90c5fdcc349f839d5ddef6fe1e70b4337ead2ef1a4c43fc3a?s=96&d=identicon&r=g\",\"contentUrl\":\"https:\/\/secure.gravatar.com\/avatar\/6c8d4dc7569ca1c90c5fdcc349f839d5ddef6fe1e70b4337ead2ef1a4c43fc3a?s=96&d=identicon&r=g\",\"caption\":\"Reconoce MX\"},\"description\":\"Reconoce MX es un proyecto de difusi\u00f3n art\u00edstica, cultural y de conciencia social que est\u00e1 enfocado a difundir y fomentar el entretenimiento alternativo de calidad para todo el p\u00fablico que comparta el mismo entusiasmo.\",\"sameAs\":[\"http:\/\/www.reconoce.mx\"],\"url\":\"http:\/\/www.reconoce.mx\/?author=2\"}]}<\/script>\n<!-- \/ Yoast SEO plugin. -->","yoast_head_json":{"title":"\"En los 90\": la dif\u00edcil b\u00fasqueda de pertenecer a alg\u00fan lado &#171; Reconoce MX","robots":{"index":"index","follow":"follow","max-snippet":"max-snippet:-1","max-image-preview":"max-image-preview:large","max-video-preview":"max-video-preview:-1"},"canonical":"https:\/\/www.reconoce.mx\/?p=83194","og_locale":"es_ES","og_type":"article","og_title":"\"En los 90\": la dif\u00edcil b\u00fasqueda de pertenecer a alg\u00fan lado &#171; Reconoce MX","og_description":"Reconocido por su trabajo como actor en pel\u00edculas como \"S\u00faper cool\" (2007), \" El juego de la fortuna\" (2011), \"El lobo de Wall Street\" (2013) y \"Amigos de armas\" (2016), entre otras, Jonah Hill se estrena ahora como realizador de la que es ya su primera producci\u00f3n \"En los 90\".","og_url":"https:\/\/www.reconoce.mx\/?p=83194","og_site_name":"Reconoce MX","article_publisher":"https:\/\/es-la.facebook.com\/ReconoceMX\/","article_published_time":"2019-05-02T05:03:35+00:00","og_image":[{"width":590,"height":380,"url":"https:\/\/www.reconoce.mx\/wp-content\/uploads\/2019\/05\/en-los-90-cover.jpg","type":"image\/jpeg"}],"author":"Reconoce MX","twitter_card":"summary_large_image","twitter_creator":"@reconocemx","twitter_site":"@reconocemx","twitter_misc":{"Escrito por":"Reconoce MX","Tiempo de lectura":"4 minutos"},"schema":{"@context":"https:\/\/schema.org","@graph":[{"@type":"Article","@id":"https:\/\/www.reconoce.mx\/?p=83194#article","isPartOf":{"@id":"https:\/\/www.reconoce.mx\/?p=83194"},"author":{"name":"Reconoce MX","@id":"http:\/\/www.reconoce.mx\/#\/schema\/person\/2117e997d7051dc15d6880eaf9bca0b2"},"headline":"\u00abEn los 90\u00bb: la dif\u00edcil b\u00fasqueda de pertenecer a alg\u00fan lado","datePublished":"2019-05-02T05:03:35+00:00","mainEntityOfPage":{"@id":"https:\/\/www.reconoce.mx\/?p=83194"},"wordCount":865,"commentCount":0,"publisher":{"@id":"http:\/\/www.reconoce.mx\/#organization"},"image":{"@id":"https:\/\/www.reconoce.mx\/?p=83194#primaryimage"},"thumbnailUrl":"http:\/\/www.reconoce.mx\/wp-content\/uploads\/2019\/05\/en-los-90-cover.jpg","articleSection":["Cine","Cultura","Principal"],"inLanguage":"es","potentialAction":[{"@type":"CommentAction","name":"Comment","target":["https:\/\/www.reconoce.mx\/?p=83194#respond"]}]},{"@type":"WebPage","@id":"https:\/\/www.reconoce.mx\/?p=83194","url":"https:\/\/www.reconoce.mx\/?p=83194","name":"\"En los 90\": la dif\u00edcil b\u00fasqueda de pertenecer a alg\u00fan lado &#171; Reconoce MX","isPartOf":{"@id":"http:\/\/www.reconoce.mx\/#website"},"primaryImageOfPage":{"@id":"https:\/\/www.reconoce.mx\/?p=83194#primaryimage"},"image":{"@id":"https:\/\/www.reconoce.mx\/?p=83194#primaryimage"},"thumbnailUrl":"http:\/\/www.reconoce.mx\/wp-content\/uploads\/2019\/05\/en-los-90-cover.jpg","datePublished":"2019-05-02T05:03:35+00:00","breadcrumb":{"@id":"https:\/\/www.reconoce.mx\/?p=83194#breadcrumb"},"inLanguage":"es","potentialAction":[{"@type":"ReadAction","target":["https:\/\/www.reconoce.mx\/?p=83194"]}]},{"@type":"ImageObject","inLanguage":"es","@id":"https:\/\/www.reconoce.mx\/?p=83194#primaryimage","url":"http:\/\/www.reconoce.mx\/wp-content\/uploads\/2019\/05\/en-los-90-cover.jpg","contentUrl":"http:\/\/www.reconoce.mx\/wp-content\/uploads\/2019\/05\/en-los-90-cover.jpg","width":590,"height":380},{"@type":"BreadcrumbList","@id":"https:\/\/www.reconoce.mx\/?p=83194#breadcrumb","itemListElement":[{"@type":"ListItem","position":1,"name":"Portada","item":"http:\/\/www.reconoce.mx\/"},{"@type":"ListItem","position":2,"name":"\u00abEn los 90\u00bb: la dif\u00edcil b\u00fasqueda de pertenecer a alg\u00fan lado"}]},{"@type":"WebSite","@id":"http:\/\/www.reconoce.mx\/#website","url":"http:\/\/www.reconoce.mx\/","name":"Reconoce MX","description":"En Reconoce MX difundimos arte, cultura y conciencia social en M\u00e9xico. Tu ciudad en otra perspectiva.","publisher":{"@id":"http:\/\/www.reconoce.mx\/#organization"},"potentialAction":[{"@type":"SearchAction","target":{"@type":"EntryPoint","urlTemplate":"http:\/\/www.reconoce.mx\/?s={search_term_string}"},"query-input":{"@type":"PropertyValueSpecification","valueRequired":true,"valueName":"search_term_string"}}],"inLanguage":"es"},{"@type":"Organization","@id":"http:\/\/www.reconoce.mx\/#organization","name":"Reconoce MX","url":"http:\/\/www.reconoce.mx\/","logo":{"@type":"ImageObject","inLanguage":"es","@id":"http:\/\/www.reconoce.mx\/#\/schema\/logo\/image\/","url":"https:\/\/www.reconoce.mx\/wp-content\/uploads\/2019\/03\/logorcmx-good-1.png","contentUrl":"https:\/\/www.reconoce.mx\/wp-content\/uploads\/2019\/03\/logorcmx-good-1.png","width":280,"height":90,"caption":"Reconoce MX"},"image":{"@id":"http:\/\/www.reconoce.mx\/#\/schema\/logo\/image\/"},"sameAs":["https:\/\/es-la.facebook.com\/ReconoceMX\/","https:\/\/x.com\/reconocemx","http:\/\/@reconocemx"]},{"@type":"Person","@id":"http:\/\/www.reconoce.mx\/#\/schema\/person\/2117e997d7051dc15d6880eaf9bca0b2","name":"Reconoce MX","image":{"@type":"ImageObject","inLanguage":"es","@id":"http:\/\/www.reconoce.mx\/#\/schema\/person\/image\/","url":"https:\/\/secure.gravatar.com\/avatar\/6c8d4dc7569ca1c90c5fdcc349f839d5ddef6fe1e70b4337ead2ef1a4c43fc3a?s=96&d=identicon&r=g","contentUrl":"https:\/\/secure.gravatar.com\/avatar\/6c8d4dc7569ca1c90c5fdcc349f839d5ddef6fe1e70b4337ead2ef1a4c43fc3a?s=96&d=identicon&r=g","caption":"Reconoce MX"},"description":"Reconoce MX es un proyecto de difusi\u00f3n art\u00edstica, cultural y de conciencia social que est\u00e1 enfocado a difundir y fomentar el entretenimiento alternativo de calidad para todo el p\u00fablico que comparta el mismo entusiasmo.","sameAs":["http:\/\/www.reconoce.mx"],"url":"http:\/\/www.reconoce.mx\/?author=2"}]}},"_links":{"self":[{"href":"http:\/\/www.reconoce.mx\/index.php?rest_route=\/wp\/v2\/posts\/83194","targetHints":{"allow":["GET"]}}],"collection":[{"href":"http:\/\/www.reconoce.mx\/index.php?rest_route=\/wp\/v2\/posts"}],"about":[{"href":"http:\/\/www.reconoce.mx\/index.php?rest_route=\/wp\/v2\/types\/post"}],"author":[{"embeddable":true,"href":"http:\/\/www.reconoce.mx\/index.php?rest_route=\/wp\/v2\/users\/2"}],"replies":[{"embeddable":true,"href":"http:\/\/www.reconoce.mx\/index.php?rest_route=%2Fwp%2Fv2%2Fcomments&post=83194"}],"version-history":[{"count":4,"href":"http:\/\/www.reconoce.mx\/index.php?rest_route=\/wp\/v2\/posts\/83194\/revisions"}],"predecessor-version":[{"id":83200,"href":"http:\/\/www.reconoce.mx\/index.php?rest_route=\/wp\/v2\/posts\/83194\/revisions\/83200"}],"wp:featuredmedia":[{"embeddable":true,"href":"http:\/\/www.reconoce.mx\/index.php?rest_route=\/wp\/v2\/media\/83178"}],"wp:attachment":[{"href":"http:\/\/www.reconoce.mx\/index.php?rest_route=%2Fwp%2Fv2%2Fmedia&parent=83194"}],"wp:term":[{"taxonomy":"category","embeddable":true,"href":"http:\/\/www.reconoce.mx\/index.php?rest_route=%2Fwp%2Fv2%2Fcategories&post=83194"},{"taxonomy":"post_tag","embeddable":true,"href":"http:\/\/www.reconoce.mx\/index.php?rest_route=%2Fwp%2Fv2%2Ftags&post=83194"}],"curies":[{"name":"wp","href":"https:\/\/api.w.org\/{rel}","templated":true}]}}