{"id":83201,"date":"2019-05-02T00:04:26","date_gmt":"2019-05-02T05:04:26","guid":{"rendered":"http:\/\/www.reconoce.mx\/?p=83201"},"modified":"2019-05-02T07:22:24","modified_gmt":"2019-05-02T12:22:24","slug":"nosotros-el-lado-oscuro-de-ellos-somos-nosotros","status":"publish","type":"post","link":"http:\/\/www.reconoce.mx\/?p=83201","title":{"rendered":"\u00abNosotros\u00bb: el lado oscuro de ellos, somos nosotros"},"content":{"rendered":"<p><strong> Por <a title=\"@AsfaltosTweets\" href=\"http:\/\/twitter.com\/AsfaltosTweets\" target=\"_blank\" rel=\"noopener noreferrer\">Asfaltos<\/a><\/strong>.<\/p>\n<p>Una de las pel\u00edculas m\u00e1s esperadas este 2019, es sin duda la m\u00e1s reciente producci\u00f3n de <strong>Jordan Peele<\/strong>, \u00abNosotros\u00bb. El realizador estadounidense que sorprendi\u00f3 al mundo con su debut como realizador \u00ab<a href=\"http:\/\/www.reconoce.mx\/huye-cuando-no-seas-bienvenido\/\" target=\"_blank\" rel=\"noopener noreferrer\">\u00a1Huye!<\/a>\u00bb (2017) -mismo que le llev\u00f3 a los premios <strong>\u00d3scar<\/strong>-, est\u00e1 de regreso con una pel\u00edcula que agradar\u00e1 a quienes ya le conocen, y que sorprender\u00e1 a quienes por primera vez se atrevan a ver su trabajo. La cinta, por cierto, es una vez m\u00e1s impulsada por Blumhouse Productions, quienes son ya para muchos sello de calidad en el cine de g\u00e9nero.<\/p>\n<p><a href=\"http:\/\/www.reconoce.mx\/wp-content\/uploads\/2019\/05\/nosotros-p\u00f3ster.jpg\"><img loading=\"lazy\" decoding=\"async\" class=\"aligncenter size-full wp-image-83187\" src=\"http:\/\/www.reconoce.mx\/wp-content\/uploads\/2019\/05\/nosotros-p\u00f3ster.jpg\" alt=\"\" width=\"778\" height=\"1102\" srcset=\"http:\/\/www.reconoce.mx\/wp-content\/uploads\/2019\/05\/nosotros-p\u00f3ster.jpg 778w, http:\/\/www.reconoce.mx\/wp-content\/uploads\/2019\/05\/nosotros-p\u00f3ster-212x300.jpg 212w, http:\/\/www.reconoce.mx\/wp-content\/uploads\/2019\/05\/nosotros-p\u00f3ster-768x1088.jpg 768w, http:\/\/www.reconoce.mx\/wp-content\/uploads\/2019\/05\/nosotros-p\u00f3ster-723x1024.jpg 723w, http:\/\/www.reconoce.mx\/wp-content\/uploads\/2019\/05\/nosotros-p\u00f3ster-150x212.jpg 150w, http:\/\/www.reconoce.mx\/wp-content\/uploads\/2019\/05\/nosotros-p\u00f3ster-700x992.jpg 700w, http:\/\/www.reconoce.mx\/wp-content\/uploads\/2019\/05\/nosotros-p\u00f3ster-658x932.jpg 658w, http:\/\/www.reconoce.mx\/wp-content\/uploads\/2019\/05\/nosotros-p\u00f3ster-300x425.jpg 300w\" sizes=\"auto, (max-width: 778px) 100vw, 778px\" \/><\/a><\/p>\n<p>La pel\u00edcula nos coloca treinta a\u00f1os atr\u00e1s, con una joven Adelaide Wilson quien acude junto a sus pap\u00e1s a una feria a orillas del mar californiano. En aquel sitio, que guarda una serie de secretos que se nos dejan ver de manera muy cuidadosa, observamos que Adelaide se pierde para terminar asustada de algo que a nosotros tampoco nos queda claro desde un principio. Ah\u00ed comienza un momento de recuperaci\u00f3n para la joven, quien literalmente se ha quedado sin habla.<\/p>\n<p>30 a\u00f1os despu\u00e9s, en Santa Cruz, California, cerca de aquella playa donde se perdi\u00f3, regresa una ya adulta Adelaide (<strong>Lupita Nyong&#8217;o<\/strong>), quien acude ahora junto a su familia conformada por su esposo \u00abGabe\u00bb Wilson (<strong>Winston Duke<\/strong>), y sus dos hijos Zora (<strong>Shahadi Wright Joseph<\/strong>) y Jason (<strong>Evan Alex<\/strong>). En aparente tranquilidad, los fantasmas de aquel suceso inexplicable, terminar\u00e1n por tomar protagonismo una vez m\u00e1s de Adelaide. Una noche, sin esperarlo, una familia muy similar a la Wilson amenaza la tranquilidad vacacional: \u00abson ellos, somos nosotros\u00bb.<\/p>\n<p><a href=\"http:\/\/www.reconoce.mx\/wp-content\/uploads\/2019\/05\/nosotros-2.jpg\"><img loading=\"lazy\" decoding=\"async\" class=\"aligncenter size-full wp-image-83184\" src=\"http:\/\/www.reconoce.mx\/wp-content\/uploads\/2019\/05\/nosotros-2.jpg\" alt=\"\" width=\"590\" height=\"380\" srcset=\"http:\/\/www.reconoce.mx\/wp-content\/uploads\/2019\/05\/nosotros-2.jpg 590w, http:\/\/www.reconoce.mx\/wp-content\/uploads\/2019\/05\/nosotros-2-300x193.jpg 300w, http:\/\/www.reconoce.mx\/wp-content\/uploads\/2019\/05\/nosotros-2-150x97.jpg 150w\" sizes=\"auto, (max-width: 590px) 100vw, 590px\" \/><\/a><\/p>\n<p><strong>Jordan Peele<\/strong> se ha ganado muy bien -y muy pronto- su sitio como un realizador de g\u00e9nero con una voz particular. Para esta nueva pel\u00edcula se apoya una vez m\u00e1s en su muy bien cuidada cinematograf\u00eda, as\u00ed como tambi\u00e9n en una historia llena de secretos y un muy bien elegido elenco.<\/p>\n<p>Las im\u00e1genes que va construyendo el autor nos van contando una historia que se nos va descubriendo poco a poco hasta su contundente y muy alocado final. La cinta se lleva a cabo en su mayor parte en la oscuridad, ya sea porque es de noche o porque hay espacios cerrados, casi claustrof\u00f3bicos. Peele logra que este elemento sea explotado de gran manera para ir generando dudas sobre los misteriosos invasores. Adem\u00e1s el elemento sonoro es tambi\u00e9n vital, para empezar porque la otra familia no usa palabras, sino gemidos.<\/p>\n<p><a href=\"http:\/\/www.reconoce.mx\/wp-content\/uploads\/2019\/05\/nosotros-3.jpg\"><img loading=\"lazy\" decoding=\"async\" class=\"aligncenter size-full wp-image-83185\" src=\"http:\/\/www.reconoce.mx\/wp-content\/uploads\/2019\/05\/nosotros-3.jpg\" alt=\"\" width=\"590\" height=\"380\" srcset=\"http:\/\/www.reconoce.mx\/wp-content\/uploads\/2019\/05\/nosotros-3.jpg 590w, http:\/\/www.reconoce.mx\/wp-content\/uploads\/2019\/05\/nosotros-3-300x193.jpg 300w, http:\/\/www.reconoce.mx\/wp-content\/uploads\/2019\/05\/nosotros-3-150x97.jpg 150w\" sizes=\"auto, (max-width: 590px) 100vw, 590px\" \/><\/a><\/p>\n<p>El aspecto actoral es sobresaliente, y s\u00ed, la verdad es que lo disfrut\u00e9 tremendamente. Empezar\u00eda por <strong>Lupita Nyong&#8217;o<\/strong>, quien lidera la mayor parte de la trama. Sin entrar en estropeos, es sorprendente la capacidad que tuvo ella misma para interpretar a dos personajes tan diametralmente opuestos. La Adelaide que conocimos al principio, es una mujer llena de miedo, pero tambi\u00e9n llena de fuerza; la otra, la Adelaide que viste de rojo, es una fuerza imparable tambi\u00e9n, pero llena de odio, de resentimiento, de locura&#8230; Vean, tan solo, los ojos de ambos personajes interpretados por la misma actriz.Los dem\u00e1s actores, con sus personajes, consiguen lo mismo con gran eficacia.<\/p>\n<p>Tras ver \u00abNosotros\u00bb, no voy a mentirles, me qued\u00e9 con muchas ganas de volverla a ver. Y es que si bien por s\u00ed misma resulta ya muy entretenida, resulta casi inevitable querer volver a ella por los muchos elementos que el realizador incluy\u00f3 para podernos explicar el entramado mensaje que desde el inicio mismo nos plante\u00f3. La cinta tiene un mensaje muy profundo que obedece tambi\u00e9n a los tiempos en los que se realiza y se estrena.<\/p>\n<style>.embed-container { position: relative; padding-bottom: 56.25%; height: 0; overflow: hidden; max-width: 100%; } .embed-container iframe, .embed-container object, .embed-container embed { position: absolute; top: 0; left: 0; width: 100%; height: 100%; }<\/style>\n<div class=\"embed-container\"><iframe src=\"https:\/\/www.youtube.com\/embed\/UTb50SZisMo\" frameborder=\"0\" allowfullscreen=\"allowfullscreen\"><\/iframe><\/div>\n<p>&nbsp;<\/p>\n<p>\u00bfRecomendable? Absolutamente. S\u00ed, hay quienes la comparan inevitablemente con \u00ab\u00a1Huye!\u00bb, pero creo que que \u00abNosotros\u00bb tiene una voz propia que vale mucho la pena revisar. La pel\u00edcula estrena ma\u00f1ana viernes 3 de mayo en cines nacionales. Vayan a verla, y la comentamos, \u00bfles late?<\/p>\n<p style=\"text-align: right;\">Im\u00e1genes cortes\u00eda de <strong>Universal Pictures M\u00e9xico<\/strong>.<\/p>\n<p>&nbsp;<\/p>\n<p>&nbsp;<\/p>\n","protected":false},"excerpt":{"rendered":"<p>Una de las pel\u00edculas m\u00e1s esperadas este 2019, es sin duda la m\u00e1s reciente producci\u00f3n de Jordan Peele, \u00abNosotros\u00bb.<\/p>\n","protected":false},"author":2,"featured_media":83186,"comment_status":"open","ping_status":"open","sticky":false,"template":"","format":"standard","meta":{"footnotes":""},"categories":[24,1,17],"tags":[],"class_list":["post-83201","post","type-post","status-publish","format-standard","has-post-thumbnail","hentry","category-cine","category-cultura","category-principal"],"yoast_head":"<!-- This site is optimized with the Yoast SEO plugin v24.7 - https:\/\/yoast.com\/wordpress\/plugins\/seo\/ -->\n<title>&quot;Nosotros&quot;: el lado oscuro de ellos, somos nosotros &#171; Reconoce MX<\/title>\n<meta name=\"robots\" content=\"index, follow, max-snippet:-1, max-image-preview:large, max-video-preview:-1\" \/>\n<link rel=\"canonical\" href=\"http:\/\/www.reconoce.mx\/?p=83201\" \/>\n<meta property=\"og:locale\" content=\"es_ES\" \/>\n<meta property=\"og:type\" content=\"article\" \/>\n<meta property=\"og:title\" content=\"&quot;Nosotros&quot;: el lado oscuro de ellos, somos nosotros &#171; Reconoce MX\" \/>\n<meta property=\"og:description\" content=\"Una de las pel\u00edculas m\u00e1s esperadas este 2019, es sin duda la m\u00e1s reciente producci\u00f3n de Jordan Peele, \u00abNosotros\u00bb.\" \/>\n<meta property=\"og:url\" content=\"http:\/\/www.reconoce.mx\/?p=83201\" \/>\n<meta property=\"og:site_name\" content=\"Reconoce MX\" \/>\n<meta property=\"article:publisher\" content=\"https:\/\/es-la.facebook.com\/ReconoceMX\/\" \/>\n<meta property=\"article:published_time\" content=\"2019-05-02T05:04:26+00:00\" \/>\n<meta property=\"article:modified_time\" content=\"2019-05-02T12:22:24+00:00\" \/>\n<meta property=\"og:image\" content=\"http:\/\/www.reconoce.mx\/wp-content\/uploads\/2019\/05\/nosotros-cover.jpg\" \/>\n\t<meta property=\"og:image:width\" content=\"590\" \/>\n\t<meta property=\"og:image:height\" content=\"380\" \/>\n\t<meta property=\"og:image:type\" content=\"image\/jpeg\" \/>\n<meta name=\"author\" content=\"Reconoce MX\" \/>\n<meta name=\"twitter:card\" content=\"summary_large_image\" \/>\n<meta name=\"twitter:creator\" content=\"@reconocemx\" \/>\n<meta name=\"twitter:site\" content=\"@reconocemx\" \/>\n<meta name=\"twitter:label1\" content=\"Escrito por\" \/>\n\t<meta name=\"twitter:data1\" content=\"Reconoce MX\" \/>\n\t<meta name=\"twitter:label2\" content=\"Tiempo de lectura\" \/>\n\t<meta name=\"twitter:data2\" content=\"3 minutos\" \/>\n<script type=\"application\/ld+json\" class=\"yoast-schema-graph\">{\"@context\":\"https:\/\/schema.org\",\"@graph\":[{\"@type\":\"Article\",\"@id\":\"http:\/\/www.reconoce.mx\/?p=83201#article\",\"isPartOf\":{\"@id\":\"http:\/\/www.reconoce.mx\/?p=83201\"},\"author\":{\"name\":\"Reconoce MX\",\"@id\":\"http:\/\/www.reconoce.mx\/#\/schema\/person\/2117e997d7051dc15d6880eaf9bca0b2\"},\"headline\":\"\u00abNosotros\u00bb: el lado oscuro de ellos, somos nosotros\",\"datePublished\":\"2019-05-02T05:04:26+00:00\",\"dateModified\":\"2019-05-02T12:22:24+00:00\",\"mainEntityOfPage\":{\"@id\":\"http:\/\/www.reconoce.mx\/?p=83201\"},\"wordCount\":678,\"commentCount\":0,\"publisher\":{\"@id\":\"http:\/\/www.reconoce.mx\/#organization\"},\"image\":{\"@id\":\"http:\/\/www.reconoce.mx\/?p=83201#primaryimage\"},\"thumbnailUrl\":\"http:\/\/www.reconoce.mx\/wp-content\/uploads\/2019\/05\/nosotros-cover.jpg\",\"articleSection\":[\"Cine\",\"Cultura\",\"Principal\"],\"inLanguage\":\"es\",\"potentialAction\":[{\"@type\":\"CommentAction\",\"name\":\"Comment\",\"target\":[\"http:\/\/www.reconoce.mx\/?p=83201#respond\"]}]},{\"@type\":\"WebPage\",\"@id\":\"http:\/\/www.reconoce.mx\/?p=83201\",\"url\":\"http:\/\/www.reconoce.mx\/?p=83201\",\"name\":\"\\\"Nosotros\\\": el lado oscuro de ellos, somos nosotros &#171; Reconoce MX\",\"isPartOf\":{\"@id\":\"http:\/\/www.reconoce.mx\/#website\"},\"primaryImageOfPage\":{\"@id\":\"http:\/\/www.reconoce.mx\/?p=83201#primaryimage\"},\"image\":{\"@id\":\"http:\/\/www.reconoce.mx\/?p=83201#primaryimage\"},\"thumbnailUrl\":\"http:\/\/www.reconoce.mx\/wp-content\/uploads\/2019\/05\/nosotros-cover.jpg\",\"datePublished\":\"2019-05-02T05:04:26+00:00\",\"dateModified\":\"2019-05-02T12:22:24+00:00\",\"breadcrumb\":{\"@id\":\"http:\/\/www.reconoce.mx\/?p=83201#breadcrumb\"},\"inLanguage\":\"es\",\"potentialAction\":[{\"@type\":\"ReadAction\",\"target\":[\"http:\/\/www.reconoce.mx\/?p=83201\"]}]},{\"@type\":\"ImageObject\",\"inLanguage\":\"es\",\"@id\":\"http:\/\/www.reconoce.mx\/?p=83201#primaryimage\",\"url\":\"http:\/\/www.reconoce.mx\/wp-content\/uploads\/2019\/05\/nosotros-cover.jpg\",\"contentUrl\":\"http:\/\/www.reconoce.mx\/wp-content\/uploads\/2019\/05\/nosotros-cover.jpg\",\"width\":590,\"height\":380},{\"@type\":\"BreadcrumbList\",\"@id\":\"http:\/\/www.reconoce.mx\/?p=83201#breadcrumb\",\"itemListElement\":[{\"@type\":\"ListItem\",\"position\":1,\"name\":\"Portada\",\"item\":\"http:\/\/www.reconoce.mx\/\"},{\"@type\":\"ListItem\",\"position\":2,\"name\":\"\u00abNosotros\u00bb: el lado oscuro de ellos, somos nosotros\"}]},{\"@type\":\"WebSite\",\"@id\":\"http:\/\/www.reconoce.mx\/#website\",\"url\":\"http:\/\/www.reconoce.mx\/\",\"name\":\"Reconoce MX\",\"description\":\"En Reconoce MX difundimos arte, cultura y conciencia social en M\u00e9xico. Tu ciudad en otra perspectiva.\",\"publisher\":{\"@id\":\"http:\/\/www.reconoce.mx\/#organization\"},\"potentialAction\":[{\"@type\":\"SearchAction\",\"target\":{\"@type\":\"EntryPoint\",\"urlTemplate\":\"http:\/\/www.reconoce.mx\/?s={search_term_string}\"},\"query-input\":{\"@type\":\"PropertyValueSpecification\",\"valueRequired\":true,\"valueName\":\"search_term_string\"}}],\"inLanguage\":\"es\"},{\"@type\":\"Organization\",\"@id\":\"http:\/\/www.reconoce.mx\/#organization\",\"name\":\"Reconoce MX\",\"url\":\"http:\/\/www.reconoce.mx\/\",\"logo\":{\"@type\":\"ImageObject\",\"inLanguage\":\"es\",\"@id\":\"http:\/\/www.reconoce.mx\/#\/schema\/logo\/image\/\",\"url\":\"https:\/\/www.reconoce.mx\/wp-content\/uploads\/2019\/03\/logorcmx-good-1.png\",\"contentUrl\":\"https:\/\/www.reconoce.mx\/wp-content\/uploads\/2019\/03\/logorcmx-good-1.png\",\"width\":280,\"height\":90,\"caption\":\"Reconoce MX\"},\"image\":{\"@id\":\"http:\/\/www.reconoce.mx\/#\/schema\/logo\/image\/\"},\"sameAs\":[\"https:\/\/es-la.facebook.com\/ReconoceMX\/\",\"https:\/\/x.com\/reconocemx\",\"http:\/\/@reconocemx\"]},{\"@type\":\"Person\",\"@id\":\"http:\/\/www.reconoce.mx\/#\/schema\/person\/2117e997d7051dc15d6880eaf9bca0b2\",\"name\":\"Reconoce MX\",\"image\":{\"@type\":\"ImageObject\",\"inLanguage\":\"es\",\"@id\":\"http:\/\/www.reconoce.mx\/#\/schema\/person\/image\/\",\"url\":\"https:\/\/secure.gravatar.com\/avatar\/6c8d4dc7569ca1c90c5fdcc349f839d5ddef6fe1e70b4337ead2ef1a4c43fc3a?s=96&d=identicon&r=g\",\"contentUrl\":\"https:\/\/secure.gravatar.com\/avatar\/6c8d4dc7569ca1c90c5fdcc349f839d5ddef6fe1e70b4337ead2ef1a4c43fc3a?s=96&d=identicon&r=g\",\"caption\":\"Reconoce MX\"},\"description\":\"Reconoce MX es un proyecto de difusi\u00f3n art\u00edstica, cultural y de conciencia social que est\u00e1 enfocado a difundir y fomentar el entretenimiento alternativo de calidad para todo el p\u00fablico que comparta el mismo entusiasmo.\",\"sameAs\":[\"http:\/\/www.reconoce.mx\"],\"url\":\"http:\/\/www.reconoce.mx\/?author=2\"}]}<\/script>\n<!-- \/ Yoast SEO plugin. -->","yoast_head_json":{"title":"\"Nosotros\": el lado oscuro de ellos, somos nosotros &#171; Reconoce MX","robots":{"index":"index","follow":"follow","max-snippet":"max-snippet:-1","max-image-preview":"max-image-preview:large","max-video-preview":"max-video-preview:-1"},"canonical":"http:\/\/www.reconoce.mx\/?p=83201","og_locale":"es_ES","og_type":"article","og_title":"\"Nosotros\": el lado oscuro de ellos, somos nosotros &#171; Reconoce MX","og_description":"Una de las pel\u00edculas m\u00e1s esperadas este 2019, es sin duda la m\u00e1s reciente producci\u00f3n de Jordan Peele, \u00abNosotros\u00bb.","og_url":"http:\/\/www.reconoce.mx\/?p=83201","og_site_name":"Reconoce MX","article_publisher":"https:\/\/es-la.facebook.com\/ReconoceMX\/","article_published_time":"2019-05-02T05:04:26+00:00","article_modified_time":"2019-05-02T12:22:24+00:00","og_image":[{"width":590,"height":380,"url":"http:\/\/www.reconoce.mx\/wp-content\/uploads\/2019\/05\/nosotros-cover.jpg","type":"image\/jpeg"}],"author":"Reconoce MX","twitter_card":"summary_large_image","twitter_creator":"@reconocemx","twitter_site":"@reconocemx","twitter_misc":{"Escrito por":"Reconoce MX","Tiempo de lectura":"3 minutos"},"schema":{"@context":"https:\/\/schema.org","@graph":[{"@type":"Article","@id":"http:\/\/www.reconoce.mx\/?p=83201#article","isPartOf":{"@id":"http:\/\/www.reconoce.mx\/?p=83201"},"author":{"name":"Reconoce MX","@id":"http:\/\/www.reconoce.mx\/#\/schema\/person\/2117e997d7051dc15d6880eaf9bca0b2"},"headline":"\u00abNosotros\u00bb: el lado oscuro de ellos, somos nosotros","datePublished":"2019-05-02T05:04:26+00:00","dateModified":"2019-05-02T12:22:24+00:00","mainEntityOfPage":{"@id":"http:\/\/www.reconoce.mx\/?p=83201"},"wordCount":678,"commentCount":0,"publisher":{"@id":"http:\/\/www.reconoce.mx\/#organization"},"image":{"@id":"http:\/\/www.reconoce.mx\/?p=83201#primaryimage"},"thumbnailUrl":"http:\/\/www.reconoce.mx\/wp-content\/uploads\/2019\/05\/nosotros-cover.jpg","articleSection":["Cine","Cultura","Principal"],"inLanguage":"es","potentialAction":[{"@type":"CommentAction","name":"Comment","target":["http:\/\/www.reconoce.mx\/?p=83201#respond"]}]},{"@type":"WebPage","@id":"http:\/\/www.reconoce.mx\/?p=83201","url":"http:\/\/www.reconoce.mx\/?p=83201","name":"\"Nosotros\": el lado oscuro de ellos, somos nosotros &#171; Reconoce MX","isPartOf":{"@id":"http:\/\/www.reconoce.mx\/#website"},"primaryImageOfPage":{"@id":"http:\/\/www.reconoce.mx\/?p=83201#primaryimage"},"image":{"@id":"http:\/\/www.reconoce.mx\/?p=83201#primaryimage"},"thumbnailUrl":"http:\/\/www.reconoce.mx\/wp-content\/uploads\/2019\/05\/nosotros-cover.jpg","datePublished":"2019-05-02T05:04:26+00:00","dateModified":"2019-05-02T12:22:24+00:00","breadcrumb":{"@id":"http:\/\/www.reconoce.mx\/?p=83201#breadcrumb"},"inLanguage":"es","potentialAction":[{"@type":"ReadAction","target":["http:\/\/www.reconoce.mx\/?p=83201"]}]},{"@type":"ImageObject","inLanguage":"es","@id":"http:\/\/www.reconoce.mx\/?p=83201#primaryimage","url":"http:\/\/www.reconoce.mx\/wp-content\/uploads\/2019\/05\/nosotros-cover.jpg","contentUrl":"http:\/\/www.reconoce.mx\/wp-content\/uploads\/2019\/05\/nosotros-cover.jpg","width":590,"height":380},{"@type":"BreadcrumbList","@id":"http:\/\/www.reconoce.mx\/?p=83201#breadcrumb","itemListElement":[{"@type":"ListItem","position":1,"name":"Portada","item":"http:\/\/www.reconoce.mx\/"},{"@type":"ListItem","position":2,"name":"\u00abNosotros\u00bb: el lado oscuro de ellos, somos nosotros"}]},{"@type":"WebSite","@id":"http:\/\/www.reconoce.mx\/#website","url":"http:\/\/www.reconoce.mx\/","name":"Reconoce MX","description":"En Reconoce MX difundimos arte, cultura y conciencia social en M\u00e9xico. Tu ciudad en otra perspectiva.","publisher":{"@id":"http:\/\/www.reconoce.mx\/#organization"},"potentialAction":[{"@type":"SearchAction","target":{"@type":"EntryPoint","urlTemplate":"http:\/\/www.reconoce.mx\/?s={search_term_string}"},"query-input":{"@type":"PropertyValueSpecification","valueRequired":true,"valueName":"search_term_string"}}],"inLanguage":"es"},{"@type":"Organization","@id":"http:\/\/www.reconoce.mx\/#organization","name":"Reconoce MX","url":"http:\/\/www.reconoce.mx\/","logo":{"@type":"ImageObject","inLanguage":"es","@id":"http:\/\/www.reconoce.mx\/#\/schema\/logo\/image\/","url":"https:\/\/www.reconoce.mx\/wp-content\/uploads\/2019\/03\/logorcmx-good-1.png","contentUrl":"https:\/\/www.reconoce.mx\/wp-content\/uploads\/2019\/03\/logorcmx-good-1.png","width":280,"height":90,"caption":"Reconoce MX"},"image":{"@id":"http:\/\/www.reconoce.mx\/#\/schema\/logo\/image\/"},"sameAs":["https:\/\/es-la.facebook.com\/ReconoceMX\/","https:\/\/x.com\/reconocemx","http:\/\/@reconocemx"]},{"@type":"Person","@id":"http:\/\/www.reconoce.mx\/#\/schema\/person\/2117e997d7051dc15d6880eaf9bca0b2","name":"Reconoce MX","image":{"@type":"ImageObject","inLanguage":"es","@id":"http:\/\/www.reconoce.mx\/#\/schema\/person\/image\/","url":"https:\/\/secure.gravatar.com\/avatar\/6c8d4dc7569ca1c90c5fdcc349f839d5ddef6fe1e70b4337ead2ef1a4c43fc3a?s=96&d=identicon&r=g","contentUrl":"https:\/\/secure.gravatar.com\/avatar\/6c8d4dc7569ca1c90c5fdcc349f839d5ddef6fe1e70b4337ead2ef1a4c43fc3a?s=96&d=identicon&r=g","caption":"Reconoce MX"},"description":"Reconoce MX es un proyecto de difusi\u00f3n art\u00edstica, cultural y de conciencia social que est\u00e1 enfocado a difundir y fomentar el entretenimiento alternativo de calidad para todo el p\u00fablico que comparta el mismo entusiasmo.","sameAs":["http:\/\/www.reconoce.mx"],"url":"http:\/\/www.reconoce.mx\/?author=2"}]}},"_links":{"self":[{"href":"http:\/\/www.reconoce.mx\/index.php?rest_route=\/wp\/v2\/posts\/83201","targetHints":{"allow":["GET"]}}],"collection":[{"href":"http:\/\/www.reconoce.mx\/index.php?rest_route=\/wp\/v2\/posts"}],"about":[{"href":"http:\/\/www.reconoce.mx\/index.php?rest_route=\/wp\/v2\/types\/post"}],"author":[{"embeddable":true,"href":"http:\/\/www.reconoce.mx\/index.php?rest_route=\/wp\/v2\/users\/2"}],"replies":[{"embeddable":true,"href":"http:\/\/www.reconoce.mx\/index.php?rest_route=%2Fwp%2Fv2%2Fcomments&post=83201"}],"version-history":[{"count":3,"href":"http:\/\/www.reconoce.mx\/index.php?rest_route=\/wp\/v2\/posts\/83201\/revisions"}],"predecessor-version":[{"id":83206,"href":"http:\/\/www.reconoce.mx\/index.php?rest_route=\/wp\/v2\/posts\/83201\/revisions\/83206"}],"wp:featuredmedia":[{"embeddable":true,"href":"http:\/\/www.reconoce.mx\/index.php?rest_route=\/wp\/v2\/media\/83186"}],"wp:attachment":[{"href":"http:\/\/www.reconoce.mx\/index.php?rest_route=%2Fwp%2Fv2%2Fmedia&parent=83201"}],"wp:term":[{"taxonomy":"category","embeddable":true,"href":"http:\/\/www.reconoce.mx\/index.php?rest_route=%2Fwp%2Fv2%2Fcategories&post=83201"},{"taxonomy":"post_tag","embeddable":true,"href":"http:\/\/www.reconoce.mx\/index.php?rest_route=%2Fwp%2Fv2%2Ftags&post=83201"}],"curies":[{"name":"wp","href":"https:\/\/api.w.org\/{rel}","templated":true}]}}