{"id":83413,"date":"2019-05-13T00:03:17","date_gmt":"2019-05-13T05:03:17","guid":{"rendered":"http:\/\/www.reconoce.mx\/?p=83413"},"modified":"2019-05-13T09:55:42","modified_gmt":"2019-05-13T14:55:42","slug":"rumbo-al-festivalmarvin-2019-rebel-cats","status":"publish","type":"post","link":"http:\/\/www.reconoce.mx\/?p=83413","title":{"rendered":"Rumbo al #FestivalMarvin 2019: Rebel Cats"},"content":{"rendered":"<p><strong>Texto y fotos por\u00a0<a href=\"https:\/\/twitter.com\/halexxz\" target=\"_blank\" rel=\"noopener noreferrer\">Alejandra Alavez Garc\u00eda<\/a><\/strong>.<\/p>\n<p>La reconocida banda de rockabilly mexicana, <strong>Rebel Cats<\/strong>, llegan a la novena edici\u00f3n del <strong>Festival Marvin<\/strong>, por ello ofrecieron una conferencia de prensa para comentarnos que su presentaci\u00f3n en dicho festival estar\u00e1 lleno de muchas sorpresas.<\/p>\n<p><img loading=\"lazy\" decoding=\"async\" src=\"https:\/\/live.staticflickr.com\/65535\/33956479918_da8b48b0bc_k.jpg\" width=\"2048\" height=\"1363\" class=\"alignnone size-full\" \/><\/p>\n<p><strong><em>&gt;&gt;<a href=\"https:\/\/www.flickr.com\/photos\/reconocemx\/albums\/72157708546370114\" target=\"_blank\" rel=\"noopener noreferrer\">Disfruta nuestra galer\u00eda de Rebel Cats rumbo al #FestivalMarvin 2019<\/a>&lt;&lt;<\/em><\/strong><\/p>\n<p>Actualmente se encuentran promocionando su single \u201cEl duelo\u201d, track que pertenecer\u00e1 a su nuevo \u00e1lbum \u201cPuro ca\u00f1onazo\u201d el cual re\u00fane tributos al rock en espa\u00f1ol de los a\u00f1os 90 pero muy al estilo de los 50 con su inconfundible rockabilly.<\/p>\n<p>El<strong> Festival Marvin<\/strong> ser\u00e1 una fecha especial para la agrupaci\u00f3n, pues lo presentar\u00e1n con propios y extra\u00f1os. Cabe mencionar que dicho \u00e1lbum corri\u00f3 bajo la producci\u00f3n de <strong>Jay de la Cueva<\/strong>; con \u00e9l hicieron todos los arreglos y contaron con la participaci\u00f3n de <strong>Javier de la Cueva<\/strong> (pap\u00e1 de Jay), uno de los pioneros del <strong>rock and roll<\/strong> en M\u00e9xico.<\/p>\n<p><img loading=\"lazy\" decoding=\"async\" src=\"https:\/\/live.staticflickr.com\/65535\/33956483768_61f3e31302_k.jpg\" width=\"1365\" height=\"2048\" class=\"alignnone size-full\" \/><\/p>\n<p><strong><em>&gt;&gt;<a href=\"https:\/\/www.flickr.com\/photos\/reconocemx\/albums\/72157708546370114\" target=\"_blank\" rel=\"noopener noreferrer\">Disfruta nuestra galer\u00eda de Rebel Cats rumbo al #FestivalMarvin 2019<\/a>&lt;&lt;<\/em><\/strong><\/p>\n<p>Vince, vocalista de la agrupaci\u00f3n nos comparti\u00f3 sus distinguidas participaciones en el <strong>Festival Marvin<\/strong>, recuerda perfectamente que la primera vez fue en el bar <strong>Caradura<\/strong> y les toc\u00f3 compartir escenario con <strong>Carla Morrison<\/strong>; la segunda vez fue en el<strong> Parque Espa\u00f1<\/strong>a, un formato diferente al de su primer show, en un lugar abierto y con una gran oportunidad para que se acercara la gente de todas las edades. En esta edici\u00f3n les tocar\u00e1 a cerrar las presentaciones del <strong>Foro Bizarro<\/strong>, \u00abser\u00e1 nuestra primera vez y estar\u00eda muy genial verlos por ah\u00ed\u00bb, comparti\u00f3.<\/p>\n<p>Muchas sorpresas nos esperan en este festival, no puedes perderte la oportunidad de ver el acto en vivo de los <strong>Rebel Cats<\/strong>, ser\u00e1 una experiencia muy grata.<\/p>\n<p><img loading=\"lazy\" decoding=\"async\" src=\"https:\/\/live.staticflickr.com\/65535\/33956481348_a9c264a614_k.jpg\" width=\"2048\" height=\"1363\" class=\"alignnone size-full\" \/><\/p>\n<p><strong><em>&gt;&gt;<a href=\"https:\/\/www.flickr.com\/photos\/reconocemx\/albums\/72157708546370114\" target=\"_blank\" rel=\"noopener noreferrer\">Disfruta nuestra galer\u00eda de Rebel Cats rumbo al #FestivalMarvin 2019<\/a>&lt;&lt;<\/em><\/strong><\/p>\n<p><b>Rebel Cats <\/b>se presentar\u00e1 en el marco del <strong>Festival Marvin<\/strong>\u00a09a edici\u00f3n que se celebrar\u00e1 los d\u00edas 16, 17 y 18 de mayo de 2019 en el\u00a0<strong>Circuito Condesa-Roma<\/strong>\u00a0de Ciudad de M\u00e9xico. Para m\u00e1s informaci\u00f3n consulta el\u00a0<a href=\"http:\/\/festival.marvin.com.mx\/\" target=\"_blank\" rel=\"noopener noreferrer\">sitio oficial<\/a>.<\/p>\n<p>&nbsp;<\/p>\n<p>&nbsp;<\/p>\n","protected":false},"excerpt":{"rendered":"<p>La reconocida banda de rockabilly mexicana, Rebel Cats, llegan a la novena edici\u00f3n del Festival Marvin, por ello ofrecieron una conferencia de prensa para comentarnos que su presentaci\u00f3n en dicho festival estar\u00e1 lleno de muchas sorpresas.<\/p>\n","protected":false},"author":2,"featured_media":83416,"comment_status":"open","ping_status":"open","sticky":false,"template":"","format":"standard","meta":{"footnotes":""},"categories":[1,18,17],"tags":[],"class_list":["post-83413","post","type-post","status-publish","format-standard","has-post-thumbnail","hentry","category-cultura","category-musica","category-principal"],"yoast_head":"<!-- This site is optimized with the Yoast SEO plugin v24.7 - https:\/\/yoast.com\/wordpress\/plugins\/seo\/ -->\n<title>Rumbo al #FestivalMarvin 2019: Rebel Cats &#171; Reconoce MX<\/title>\n<meta name=\"robots\" content=\"index, follow, max-snippet:-1, max-image-preview:large, max-video-preview:-1\" \/>\n<link rel=\"canonical\" href=\"https:\/\/www.reconoce.mx\/?p=83413\" \/>\n<meta property=\"og:locale\" content=\"es_ES\" \/>\n<meta property=\"og:type\" content=\"article\" \/>\n<meta property=\"og:title\" content=\"Rumbo al #FestivalMarvin 2019: Rebel Cats &#171; Reconoce MX\" \/>\n<meta property=\"og:description\" content=\"La reconocida banda de rockabilly mexicana, Rebel Cats, llegan a la novena edici\u00f3n del Festival Marvin, por ello ofrecieron una conferencia de prensa para comentarnos que su presentaci\u00f3n en dicho festival estar\u00e1 lleno de muchas sorpresas.\" \/>\n<meta property=\"og:url\" content=\"https:\/\/www.reconoce.mx\/?p=83413\" \/>\n<meta property=\"og:site_name\" content=\"Reconoce MX\" \/>\n<meta property=\"article:publisher\" content=\"https:\/\/es-la.facebook.com\/ReconoceMX\/\" \/>\n<meta property=\"article:published_time\" content=\"2019-05-13T05:03:17+00:00\" \/>\n<meta property=\"article:modified_time\" content=\"2019-05-13T14:55:42+00:00\" \/>\n<meta property=\"og:image\" content=\"https:\/\/www.reconoce.mx\/wp-content\/uploads\/2019\/05\/rebel-cats-cover.jpg\" \/>\n\t<meta property=\"og:image:width\" content=\"590\" \/>\n\t<meta property=\"og:image:height\" content=\"380\" \/>\n\t<meta property=\"og:image:type\" content=\"image\/jpeg\" \/>\n<meta name=\"author\" content=\"Reconoce MX\" \/>\n<meta name=\"twitter:card\" content=\"summary_large_image\" \/>\n<meta name=\"twitter:creator\" content=\"@reconocemx\" \/>\n<meta name=\"twitter:site\" content=\"@reconocemx\" \/>\n<meta name=\"twitter:label1\" content=\"Escrito por\" \/>\n\t<meta name=\"twitter:data1\" content=\"Reconoce MX\" \/>\n\t<meta name=\"twitter:label2\" content=\"Tiempo de lectura\" \/>\n\t<meta name=\"twitter:data2\" content=\"2 minutos\" \/>\n<script type=\"application\/ld+json\" class=\"yoast-schema-graph\">{\"@context\":\"https:\/\/schema.org\",\"@graph\":[{\"@type\":\"Article\",\"@id\":\"https:\/\/www.reconoce.mx\/?p=83413#article\",\"isPartOf\":{\"@id\":\"https:\/\/www.reconoce.mx\/?p=83413\"},\"author\":{\"name\":\"Reconoce MX\",\"@id\":\"http:\/\/www.reconoce.mx\/#\/schema\/person\/2117e997d7051dc15d6880eaf9bca0b2\"},\"headline\":\"Rumbo al #FestivalMarvin 2019: Rebel Cats\",\"datePublished\":\"2019-05-13T05:03:17+00:00\",\"dateModified\":\"2019-05-13T14:55:42+00:00\",\"mainEntityOfPage\":{\"@id\":\"https:\/\/www.reconoce.mx\/?p=83413\"},\"wordCount\":367,\"commentCount\":0,\"publisher\":{\"@id\":\"http:\/\/www.reconoce.mx\/#organization\"},\"image\":{\"@id\":\"https:\/\/www.reconoce.mx\/?p=83413#primaryimage\"},\"thumbnailUrl\":\"http:\/\/www.reconoce.mx\/wp-content\/uploads\/2019\/05\/rebel-cats-cover.jpg\",\"articleSection\":[\"Cultura\",\"M\u00fasica\",\"Principal\"],\"inLanguage\":\"es\",\"potentialAction\":[{\"@type\":\"CommentAction\",\"name\":\"Comment\",\"target\":[\"https:\/\/www.reconoce.mx\/?p=83413#respond\"]}]},{\"@type\":\"WebPage\",\"@id\":\"https:\/\/www.reconoce.mx\/?p=83413\",\"url\":\"https:\/\/www.reconoce.mx\/?p=83413\",\"name\":\"Rumbo al #FestivalMarvin 2019: Rebel Cats &#171; Reconoce MX\",\"isPartOf\":{\"@id\":\"http:\/\/www.reconoce.mx\/#website\"},\"primaryImageOfPage\":{\"@id\":\"https:\/\/www.reconoce.mx\/?p=83413#primaryimage\"},\"image\":{\"@id\":\"https:\/\/www.reconoce.mx\/?p=83413#primaryimage\"},\"thumbnailUrl\":\"http:\/\/www.reconoce.mx\/wp-content\/uploads\/2019\/05\/rebel-cats-cover.jpg\",\"datePublished\":\"2019-05-13T05:03:17+00:00\",\"dateModified\":\"2019-05-13T14:55:42+00:00\",\"breadcrumb\":{\"@id\":\"https:\/\/www.reconoce.mx\/?p=83413#breadcrumb\"},\"inLanguage\":\"es\",\"potentialAction\":[{\"@type\":\"ReadAction\",\"target\":[\"https:\/\/www.reconoce.mx\/?p=83413\"]}]},{\"@type\":\"ImageObject\",\"inLanguage\":\"es\",\"@id\":\"https:\/\/www.reconoce.mx\/?p=83413#primaryimage\",\"url\":\"http:\/\/www.reconoce.mx\/wp-content\/uploads\/2019\/05\/rebel-cats-cover.jpg\",\"contentUrl\":\"http:\/\/www.reconoce.mx\/wp-content\/uploads\/2019\/05\/rebel-cats-cover.jpg\",\"width\":590,\"height\":380},{\"@type\":\"BreadcrumbList\",\"@id\":\"https:\/\/www.reconoce.mx\/?p=83413#breadcrumb\",\"itemListElement\":[{\"@type\":\"ListItem\",\"position\":1,\"name\":\"Portada\",\"item\":\"http:\/\/www.reconoce.mx\/\"},{\"@type\":\"ListItem\",\"position\":2,\"name\":\"Rumbo al #FestivalMarvin 2019: Rebel Cats\"}]},{\"@type\":\"WebSite\",\"@id\":\"http:\/\/www.reconoce.mx\/#website\",\"url\":\"http:\/\/www.reconoce.mx\/\",\"name\":\"Reconoce MX\",\"description\":\"En Reconoce MX difundimos arte, cultura y conciencia social en M\u00e9xico. Tu ciudad en otra perspectiva.\",\"publisher\":{\"@id\":\"http:\/\/www.reconoce.mx\/#organization\"},\"potentialAction\":[{\"@type\":\"SearchAction\",\"target\":{\"@type\":\"EntryPoint\",\"urlTemplate\":\"http:\/\/www.reconoce.mx\/?s={search_term_string}\"},\"query-input\":{\"@type\":\"PropertyValueSpecification\",\"valueRequired\":true,\"valueName\":\"search_term_string\"}}],\"inLanguage\":\"es\"},{\"@type\":\"Organization\",\"@id\":\"http:\/\/www.reconoce.mx\/#organization\",\"name\":\"Reconoce MX\",\"url\":\"http:\/\/www.reconoce.mx\/\",\"logo\":{\"@type\":\"ImageObject\",\"inLanguage\":\"es\",\"@id\":\"http:\/\/www.reconoce.mx\/#\/schema\/logo\/image\/\",\"url\":\"https:\/\/www.reconoce.mx\/wp-content\/uploads\/2019\/03\/logorcmx-good-1.png\",\"contentUrl\":\"https:\/\/www.reconoce.mx\/wp-content\/uploads\/2019\/03\/logorcmx-good-1.png\",\"width\":280,\"height\":90,\"caption\":\"Reconoce MX\"},\"image\":{\"@id\":\"http:\/\/www.reconoce.mx\/#\/schema\/logo\/image\/\"},\"sameAs\":[\"https:\/\/es-la.facebook.com\/ReconoceMX\/\",\"https:\/\/x.com\/reconocemx\",\"http:\/\/@reconocemx\"]},{\"@type\":\"Person\",\"@id\":\"http:\/\/www.reconoce.mx\/#\/schema\/person\/2117e997d7051dc15d6880eaf9bca0b2\",\"name\":\"Reconoce MX\",\"image\":{\"@type\":\"ImageObject\",\"inLanguage\":\"es\",\"@id\":\"http:\/\/www.reconoce.mx\/#\/schema\/person\/image\/\",\"url\":\"https:\/\/secure.gravatar.com\/avatar\/6c8d4dc7569ca1c90c5fdcc349f839d5ddef6fe1e70b4337ead2ef1a4c43fc3a?s=96&d=identicon&r=g\",\"contentUrl\":\"https:\/\/secure.gravatar.com\/avatar\/6c8d4dc7569ca1c90c5fdcc349f839d5ddef6fe1e70b4337ead2ef1a4c43fc3a?s=96&d=identicon&r=g\",\"caption\":\"Reconoce MX\"},\"description\":\"Reconoce MX es un proyecto de difusi\u00f3n art\u00edstica, cultural y de conciencia social que est\u00e1 enfocado a difundir y fomentar el entretenimiento alternativo de calidad para todo el p\u00fablico que comparta el mismo entusiasmo.\",\"sameAs\":[\"http:\/\/www.reconoce.mx\"],\"url\":\"http:\/\/www.reconoce.mx\/?author=2\"}]}<\/script>\n<!-- \/ Yoast SEO plugin. -->","yoast_head_json":{"title":"Rumbo al #FestivalMarvin 2019: Rebel Cats &#171; Reconoce MX","robots":{"index":"index","follow":"follow","max-snippet":"max-snippet:-1","max-image-preview":"max-image-preview:large","max-video-preview":"max-video-preview:-1"},"canonical":"https:\/\/www.reconoce.mx\/?p=83413","og_locale":"es_ES","og_type":"article","og_title":"Rumbo al #FestivalMarvin 2019: Rebel Cats &#171; Reconoce MX","og_description":"La reconocida banda de rockabilly mexicana, Rebel Cats, llegan a la novena edici\u00f3n del Festival Marvin, por ello ofrecieron una conferencia de prensa para comentarnos que su presentaci\u00f3n en dicho festival estar\u00e1 lleno de muchas sorpresas.","og_url":"https:\/\/www.reconoce.mx\/?p=83413","og_site_name":"Reconoce MX","article_publisher":"https:\/\/es-la.facebook.com\/ReconoceMX\/","article_published_time":"2019-05-13T05:03:17+00:00","article_modified_time":"2019-05-13T14:55:42+00:00","og_image":[{"width":590,"height":380,"url":"https:\/\/www.reconoce.mx\/wp-content\/uploads\/2019\/05\/rebel-cats-cover.jpg","type":"image\/jpeg"}],"author":"Reconoce MX","twitter_card":"summary_large_image","twitter_creator":"@reconocemx","twitter_site":"@reconocemx","twitter_misc":{"Escrito por":"Reconoce MX","Tiempo de lectura":"2 minutos"},"schema":{"@context":"https:\/\/schema.org","@graph":[{"@type":"Article","@id":"https:\/\/www.reconoce.mx\/?p=83413#article","isPartOf":{"@id":"https:\/\/www.reconoce.mx\/?p=83413"},"author":{"name":"Reconoce MX","@id":"http:\/\/www.reconoce.mx\/#\/schema\/person\/2117e997d7051dc15d6880eaf9bca0b2"},"headline":"Rumbo al #FestivalMarvin 2019: Rebel Cats","datePublished":"2019-05-13T05:03:17+00:00","dateModified":"2019-05-13T14:55:42+00:00","mainEntityOfPage":{"@id":"https:\/\/www.reconoce.mx\/?p=83413"},"wordCount":367,"commentCount":0,"publisher":{"@id":"http:\/\/www.reconoce.mx\/#organization"},"image":{"@id":"https:\/\/www.reconoce.mx\/?p=83413#primaryimage"},"thumbnailUrl":"http:\/\/www.reconoce.mx\/wp-content\/uploads\/2019\/05\/rebel-cats-cover.jpg","articleSection":["Cultura","M\u00fasica","Principal"],"inLanguage":"es","potentialAction":[{"@type":"CommentAction","name":"Comment","target":["https:\/\/www.reconoce.mx\/?p=83413#respond"]}]},{"@type":"WebPage","@id":"https:\/\/www.reconoce.mx\/?p=83413","url":"https:\/\/www.reconoce.mx\/?p=83413","name":"Rumbo al #FestivalMarvin 2019: Rebel Cats &#171; Reconoce MX","isPartOf":{"@id":"http:\/\/www.reconoce.mx\/#website"},"primaryImageOfPage":{"@id":"https:\/\/www.reconoce.mx\/?p=83413#primaryimage"},"image":{"@id":"https:\/\/www.reconoce.mx\/?p=83413#primaryimage"},"thumbnailUrl":"http:\/\/www.reconoce.mx\/wp-content\/uploads\/2019\/05\/rebel-cats-cover.jpg","datePublished":"2019-05-13T05:03:17+00:00","dateModified":"2019-05-13T14:55:42+00:00","breadcrumb":{"@id":"https:\/\/www.reconoce.mx\/?p=83413#breadcrumb"},"inLanguage":"es","potentialAction":[{"@type":"ReadAction","target":["https:\/\/www.reconoce.mx\/?p=83413"]}]},{"@type":"ImageObject","inLanguage":"es","@id":"https:\/\/www.reconoce.mx\/?p=83413#primaryimage","url":"http:\/\/www.reconoce.mx\/wp-content\/uploads\/2019\/05\/rebel-cats-cover.jpg","contentUrl":"http:\/\/www.reconoce.mx\/wp-content\/uploads\/2019\/05\/rebel-cats-cover.jpg","width":590,"height":380},{"@type":"BreadcrumbList","@id":"https:\/\/www.reconoce.mx\/?p=83413#breadcrumb","itemListElement":[{"@type":"ListItem","position":1,"name":"Portada","item":"http:\/\/www.reconoce.mx\/"},{"@type":"ListItem","position":2,"name":"Rumbo al #FestivalMarvin 2019: Rebel Cats"}]},{"@type":"WebSite","@id":"http:\/\/www.reconoce.mx\/#website","url":"http:\/\/www.reconoce.mx\/","name":"Reconoce MX","description":"En Reconoce MX difundimos arte, cultura y conciencia social en M\u00e9xico. Tu ciudad en otra perspectiva.","publisher":{"@id":"http:\/\/www.reconoce.mx\/#organization"},"potentialAction":[{"@type":"SearchAction","target":{"@type":"EntryPoint","urlTemplate":"http:\/\/www.reconoce.mx\/?s={search_term_string}"},"query-input":{"@type":"PropertyValueSpecification","valueRequired":true,"valueName":"search_term_string"}}],"inLanguage":"es"},{"@type":"Organization","@id":"http:\/\/www.reconoce.mx\/#organization","name":"Reconoce MX","url":"http:\/\/www.reconoce.mx\/","logo":{"@type":"ImageObject","inLanguage":"es","@id":"http:\/\/www.reconoce.mx\/#\/schema\/logo\/image\/","url":"https:\/\/www.reconoce.mx\/wp-content\/uploads\/2019\/03\/logorcmx-good-1.png","contentUrl":"https:\/\/www.reconoce.mx\/wp-content\/uploads\/2019\/03\/logorcmx-good-1.png","width":280,"height":90,"caption":"Reconoce MX"},"image":{"@id":"http:\/\/www.reconoce.mx\/#\/schema\/logo\/image\/"},"sameAs":["https:\/\/es-la.facebook.com\/ReconoceMX\/","https:\/\/x.com\/reconocemx","http:\/\/@reconocemx"]},{"@type":"Person","@id":"http:\/\/www.reconoce.mx\/#\/schema\/person\/2117e997d7051dc15d6880eaf9bca0b2","name":"Reconoce MX","image":{"@type":"ImageObject","inLanguage":"es","@id":"http:\/\/www.reconoce.mx\/#\/schema\/person\/image\/","url":"https:\/\/secure.gravatar.com\/avatar\/6c8d4dc7569ca1c90c5fdcc349f839d5ddef6fe1e70b4337ead2ef1a4c43fc3a?s=96&d=identicon&r=g","contentUrl":"https:\/\/secure.gravatar.com\/avatar\/6c8d4dc7569ca1c90c5fdcc349f839d5ddef6fe1e70b4337ead2ef1a4c43fc3a?s=96&d=identicon&r=g","caption":"Reconoce MX"},"description":"Reconoce MX es un proyecto de difusi\u00f3n art\u00edstica, cultural y de conciencia social que est\u00e1 enfocado a difundir y fomentar el entretenimiento alternativo de calidad para todo el p\u00fablico que comparta el mismo entusiasmo.","sameAs":["http:\/\/www.reconoce.mx"],"url":"http:\/\/www.reconoce.mx\/?author=2"}]}},"_links":{"self":[{"href":"http:\/\/www.reconoce.mx\/index.php?rest_route=\/wp\/v2\/posts\/83413","targetHints":{"allow":["GET"]}}],"collection":[{"href":"http:\/\/www.reconoce.mx\/index.php?rest_route=\/wp\/v2\/posts"}],"about":[{"href":"http:\/\/www.reconoce.mx\/index.php?rest_route=\/wp\/v2\/types\/post"}],"author":[{"embeddable":true,"href":"http:\/\/www.reconoce.mx\/index.php?rest_route=\/wp\/v2\/users\/2"}],"replies":[{"embeddable":true,"href":"http:\/\/www.reconoce.mx\/index.php?rest_route=%2Fwp%2Fv2%2Fcomments&post=83413"}],"version-history":[{"count":3,"href":"http:\/\/www.reconoce.mx\/index.php?rest_route=\/wp\/v2\/posts\/83413\/revisions"}],"predecessor-version":[{"id":83418,"href":"http:\/\/www.reconoce.mx\/index.php?rest_route=\/wp\/v2\/posts\/83413\/revisions\/83418"}],"wp:featuredmedia":[{"embeddable":true,"href":"http:\/\/www.reconoce.mx\/index.php?rest_route=\/wp\/v2\/media\/83416"}],"wp:attachment":[{"href":"http:\/\/www.reconoce.mx\/index.php?rest_route=%2Fwp%2Fv2%2Fmedia&parent=83413"}],"wp:term":[{"taxonomy":"category","embeddable":true,"href":"http:\/\/www.reconoce.mx\/index.php?rest_route=%2Fwp%2Fv2%2Fcategories&post=83413"},{"taxonomy":"post_tag","embeddable":true,"href":"http:\/\/www.reconoce.mx\/index.php?rest_route=%2Fwp%2Fv2%2Ftags&post=83413"}],"curies":[{"name":"wp","href":"https:\/\/api.w.org\/{rel}","templated":true}]}}