{"id":83435,"date":"2019-05-14T00:02:36","date_gmt":"2019-05-14T05:02:36","guid":{"rendered":"http:\/\/www.reconoce.mx\/?p=83435"},"modified":"2019-05-14T07:27:08","modified_gmt":"2019-05-14T12:27:08","slug":"todo-listo-para-cinema-planeta-2019","status":"publish","type":"post","link":"http:\/\/www.reconoce.mx\/?p=83435","title":{"rendered":"\u00a1Todo listo para Cinema Planeta 2019!"},"content":{"rendered":"<p><strong>Por\u00a0<a href=\"https:\/\/www.instagram.com\/alexcfranco\/\" target=\"_blank\" rel=\"noopener noreferrer\">Alexandra Careaga Franco<\/a><\/strong>.<\/p>\n<p>El s\u00e9ptimo arte siempre ha tenido la habilidad de mostrarnos otra cara de varias situaciones, de cultivarnos, de educarnos y en esta ocasi\u00f3n, de concientizarnos. Se viene la edici\u00f3n 11 del festival <strong>Cinema Planeta<\/strong> que busca mostrarnos las consecuencias de la mano del hombre sobre \u00e9ste sitio que llamamos hogar, la Tierra.<\/p>\n<p><a href=\"http:\/\/www.reconoce.mx\/wp-content\/uploads\/2019\/05\/cinema-planeta-11-p\u00f3ster.jpg\"><img loading=\"lazy\" decoding=\"async\" class=\"aligncenter size-full wp-image-83438\" src=\"http:\/\/www.reconoce.mx\/wp-content\/uploads\/2019\/05\/cinema-planeta-11-p\u00f3ster.jpg\" alt=\"\" width=\"849\" height=\"1136\" srcset=\"http:\/\/www.reconoce.mx\/wp-content\/uploads\/2019\/05\/cinema-planeta-11-p\u00f3ster.jpg 849w, http:\/\/www.reconoce.mx\/wp-content\/uploads\/2019\/05\/cinema-planeta-11-p\u00f3ster-224x300.jpg 224w, http:\/\/www.reconoce.mx\/wp-content\/uploads\/2019\/05\/cinema-planeta-11-p\u00f3ster-768x1028.jpg 768w, http:\/\/www.reconoce.mx\/wp-content\/uploads\/2019\/05\/cinema-planeta-11-p\u00f3ster-765x1024.jpg 765w, http:\/\/www.reconoce.mx\/wp-content\/uploads\/2019\/05\/cinema-planeta-11-p\u00f3ster-150x201.jpg 150w, http:\/\/www.reconoce.mx\/wp-content\/uploads\/2019\/05\/cinema-planeta-11-p\u00f3ster-700x937.jpg 700w, http:\/\/www.reconoce.mx\/wp-content\/uploads\/2019\/05\/cinema-planeta-11-p\u00f3ster-658x880.jpg 658w, http:\/\/www.reconoce.mx\/wp-content\/uploads\/2019\/05\/cinema-planeta-11-p\u00f3ster-300x401.jpg 300w\" sizes=\"auto, (max-width: 849px) 100vw, 849px\" \/><\/a><\/p>\n<p>Como tema este a\u00f1o se ha elegido alejarse un poco de nuestro planeta e irnos hacia el espacio, ya que el cielo y la Tierra van juntos y esto nos ayudar\u00e1 a tener una mayor perspectiva no s\u00f3lo como habitantes, sino como viajeros. Tambi\u00e9n buscan enfocarse en c\u00f3mo el ser humano se ha preocupado m\u00e1s por encontrar una nueva casa en alg\u00fan otro sitio perdido en el inmenso y hostil universo, que en buscar sanar la que ya tenemos, aquella que nos ha soportado durante milenios<\/p>\n<p>En esta ocasi\u00f3n el festival cuenta como fiel aliado y colaborador a Austria y tendr\u00e1n un gran enfoque en incentivar a mujeres a participar y as\u00ed crear contenido que transmita mensajes de paz. El festival invita al espectador a preguntarse \u00bfy yo que puedo hacer? e incentivar a tomar acci\u00f3n por salvar la Tierra.<\/p>\n<p>El festival cuenta con diversas secciones en las que ya cuentan con diversas pel\u00edculas internacionales (provenientes de los 4 continentes) y nacionales seleccionadas.<\/p>\n<style>.embed-container { position: relative; padding-bottom: 56.25%; height: 0; overflow: hidden; max-width: 100%; } .embed-container iframe, .embed-container object, .embed-container embed { position: absolute; top: 0; left: 0; width: 100%; height: 100%; }<\/style>\n<div class=\"embed-container\"><iframe src=\"https:\/\/www.youtube.com\/embed\/sugQNIXT9aw\" frameborder=\"0\" allowfullscreen=\"allowfullscreen\"><\/iframe><\/div>\n<p>&nbsp;<\/p>\n<p><strong>Cinema Planeta 2019<\/strong> se realizar\u00e1 del 21 al 26 de mayo en Cuernavaca; podremos ver algunas producciones seleccionadas en Ciudad de M\u00e9xico del 31 de mayo al 9 de junio en <strong>Cineteca Nacional<\/strong>. Se nos invit\u00f3 a participar en la manifestaci\u00f3n silenciosa inspirada en la activista adolescente <strong>Greta Thunberg<\/strong> que se llevar\u00e1 a cabo el 24 de mayo en punto de las 14:00 horas.<\/p>\n<p>&nbsp;<\/p>\n<p>&nbsp;<\/p>\n","protected":false},"excerpt":{"rendered":"<p>El s\u00e9ptimo arte siempre ha tenido la habilidad de mostrarnos otra cara de varias situaciones, de cultivarnos, de educarnos y en esta ocasi\u00f3n, de concientizarnos.<\/p>\n","protected":false},"author":2,"featured_media":83437,"comment_status":"open","ping_status":"open","sticky":false,"template":"","format":"standard","meta":{"footnotes":""},"categories":[24,1,17],"tags":[],"class_list":["post-83435","post","type-post","status-publish","format-standard","has-post-thumbnail","hentry","category-cine","category-cultura","category-principal"],"yoast_head":"<!-- This site is optimized with the Yoast SEO plugin v24.7 - https:\/\/yoast.com\/wordpress\/plugins\/seo\/ -->\n<title>\u00a1Todo listo para Cinema Planeta 2019! &#171; Reconoce MX<\/title>\n<meta name=\"robots\" content=\"index, follow, max-snippet:-1, max-image-preview:large, max-video-preview:-1\" \/>\n<link rel=\"canonical\" href=\"http:\/\/www.reconoce.mx\/?p=83435\" \/>\n<meta property=\"og:locale\" content=\"es_ES\" \/>\n<meta property=\"og:type\" content=\"article\" \/>\n<meta property=\"og:title\" content=\"\u00a1Todo listo para Cinema Planeta 2019! &#171; Reconoce MX\" \/>\n<meta property=\"og:description\" content=\"El s\u00e9ptimo arte siempre ha tenido la habilidad de mostrarnos otra cara de varias situaciones, de cultivarnos, de educarnos y en esta ocasi\u00f3n, de concientizarnos.\" \/>\n<meta property=\"og:url\" content=\"http:\/\/www.reconoce.mx\/?p=83435\" \/>\n<meta property=\"og:site_name\" content=\"Reconoce MX\" \/>\n<meta property=\"article:publisher\" content=\"https:\/\/es-la.facebook.com\/ReconoceMX\/\" \/>\n<meta property=\"article:published_time\" content=\"2019-05-14T05:02:36+00:00\" \/>\n<meta property=\"article:modified_time\" content=\"2019-05-14T12:27:08+00:00\" \/>\n<meta property=\"og:image\" content=\"http:\/\/www.reconoce.mx\/wp-content\/uploads\/2019\/05\/cinema-planeta-11-cover.jpg\" \/>\n\t<meta property=\"og:image:width\" content=\"590\" \/>\n\t<meta property=\"og:image:height\" content=\"380\" \/>\n\t<meta property=\"og:image:type\" content=\"image\/jpeg\" \/>\n<meta name=\"author\" content=\"Reconoce MX\" \/>\n<meta name=\"twitter:card\" content=\"summary_large_image\" \/>\n<meta name=\"twitter:creator\" content=\"@reconocemx\" \/>\n<meta name=\"twitter:site\" content=\"@reconocemx\" \/>\n<meta name=\"twitter:label1\" content=\"Escrito por\" \/>\n\t<meta name=\"twitter:data1\" content=\"Reconoce MX\" \/>\n\t<meta name=\"twitter:label2\" content=\"Tiempo de lectura\" \/>\n\t<meta name=\"twitter:data2\" content=\"1 minuto\" \/>\n<script type=\"application\/ld+json\" class=\"yoast-schema-graph\">{\"@context\":\"https:\/\/schema.org\",\"@graph\":[{\"@type\":\"Article\",\"@id\":\"http:\/\/www.reconoce.mx\/?p=83435#article\",\"isPartOf\":{\"@id\":\"http:\/\/www.reconoce.mx\/?p=83435\"},\"author\":{\"name\":\"Reconoce MX\",\"@id\":\"http:\/\/www.reconoce.mx\/#\/schema\/person\/2117e997d7051dc15d6880eaf9bca0b2\"},\"headline\":\"\u00a1Todo listo para Cinema Planeta 2019!\",\"datePublished\":\"2019-05-14T05:02:36+00:00\",\"dateModified\":\"2019-05-14T12:27:08+00:00\",\"mainEntityOfPage\":{\"@id\":\"http:\/\/www.reconoce.mx\/?p=83435\"},\"wordCount\":297,\"commentCount\":0,\"publisher\":{\"@id\":\"http:\/\/www.reconoce.mx\/#organization\"},\"image\":{\"@id\":\"http:\/\/www.reconoce.mx\/?p=83435#primaryimage\"},\"thumbnailUrl\":\"http:\/\/www.reconoce.mx\/wp-content\/uploads\/2019\/05\/cinema-planeta-11-cover.jpg\",\"articleSection\":[\"Cine\",\"Cultura\",\"Principal\"],\"inLanguage\":\"es\",\"potentialAction\":[{\"@type\":\"CommentAction\",\"name\":\"Comment\",\"target\":[\"http:\/\/www.reconoce.mx\/?p=83435#respond\"]}]},{\"@type\":\"WebPage\",\"@id\":\"http:\/\/www.reconoce.mx\/?p=83435\",\"url\":\"http:\/\/www.reconoce.mx\/?p=83435\",\"name\":\"\u00a1Todo listo para Cinema Planeta 2019! &#171; Reconoce MX\",\"isPartOf\":{\"@id\":\"http:\/\/www.reconoce.mx\/#website\"},\"primaryImageOfPage\":{\"@id\":\"http:\/\/www.reconoce.mx\/?p=83435#primaryimage\"},\"image\":{\"@id\":\"http:\/\/www.reconoce.mx\/?p=83435#primaryimage\"},\"thumbnailUrl\":\"http:\/\/www.reconoce.mx\/wp-content\/uploads\/2019\/05\/cinema-planeta-11-cover.jpg\",\"datePublished\":\"2019-05-14T05:02:36+00:00\",\"dateModified\":\"2019-05-14T12:27:08+00:00\",\"breadcrumb\":{\"@id\":\"http:\/\/www.reconoce.mx\/?p=83435#breadcrumb\"},\"inLanguage\":\"es\",\"potentialAction\":[{\"@type\":\"ReadAction\",\"target\":[\"http:\/\/www.reconoce.mx\/?p=83435\"]}]},{\"@type\":\"ImageObject\",\"inLanguage\":\"es\",\"@id\":\"http:\/\/www.reconoce.mx\/?p=83435#primaryimage\",\"url\":\"http:\/\/www.reconoce.mx\/wp-content\/uploads\/2019\/05\/cinema-planeta-11-cover.jpg\",\"contentUrl\":\"http:\/\/www.reconoce.mx\/wp-content\/uploads\/2019\/05\/cinema-planeta-11-cover.jpg\",\"width\":590,\"height\":380},{\"@type\":\"BreadcrumbList\",\"@id\":\"http:\/\/www.reconoce.mx\/?p=83435#breadcrumb\",\"itemListElement\":[{\"@type\":\"ListItem\",\"position\":1,\"name\":\"Portada\",\"item\":\"http:\/\/www.reconoce.mx\/\"},{\"@type\":\"ListItem\",\"position\":2,\"name\":\"\u00a1Todo listo para Cinema Planeta 2019!\"}]},{\"@type\":\"WebSite\",\"@id\":\"http:\/\/www.reconoce.mx\/#website\",\"url\":\"http:\/\/www.reconoce.mx\/\",\"name\":\"Reconoce MX\",\"description\":\"En Reconoce MX difundimos arte, cultura y conciencia social en M\u00e9xico. Tu ciudad en otra perspectiva.\",\"publisher\":{\"@id\":\"http:\/\/www.reconoce.mx\/#organization\"},\"potentialAction\":[{\"@type\":\"SearchAction\",\"target\":{\"@type\":\"EntryPoint\",\"urlTemplate\":\"http:\/\/www.reconoce.mx\/?s={search_term_string}\"},\"query-input\":{\"@type\":\"PropertyValueSpecification\",\"valueRequired\":true,\"valueName\":\"search_term_string\"}}],\"inLanguage\":\"es\"},{\"@type\":\"Organization\",\"@id\":\"http:\/\/www.reconoce.mx\/#organization\",\"name\":\"Reconoce MX\",\"url\":\"http:\/\/www.reconoce.mx\/\",\"logo\":{\"@type\":\"ImageObject\",\"inLanguage\":\"es\",\"@id\":\"http:\/\/www.reconoce.mx\/#\/schema\/logo\/image\/\",\"url\":\"https:\/\/www.reconoce.mx\/wp-content\/uploads\/2019\/03\/logorcmx-good-1.png\",\"contentUrl\":\"https:\/\/www.reconoce.mx\/wp-content\/uploads\/2019\/03\/logorcmx-good-1.png\",\"width\":280,\"height\":90,\"caption\":\"Reconoce MX\"},\"image\":{\"@id\":\"http:\/\/www.reconoce.mx\/#\/schema\/logo\/image\/\"},\"sameAs\":[\"https:\/\/es-la.facebook.com\/ReconoceMX\/\",\"https:\/\/x.com\/reconocemx\",\"http:\/\/@reconocemx\"]},{\"@type\":\"Person\",\"@id\":\"http:\/\/www.reconoce.mx\/#\/schema\/person\/2117e997d7051dc15d6880eaf9bca0b2\",\"name\":\"Reconoce MX\",\"image\":{\"@type\":\"ImageObject\",\"inLanguage\":\"es\",\"@id\":\"http:\/\/www.reconoce.mx\/#\/schema\/person\/image\/\",\"url\":\"https:\/\/secure.gravatar.com\/avatar\/6c8d4dc7569ca1c90c5fdcc349f839d5ddef6fe1e70b4337ead2ef1a4c43fc3a?s=96&d=identicon&r=g\",\"contentUrl\":\"https:\/\/secure.gravatar.com\/avatar\/6c8d4dc7569ca1c90c5fdcc349f839d5ddef6fe1e70b4337ead2ef1a4c43fc3a?s=96&d=identicon&r=g\",\"caption\":\"Reconoce MX\"},\"description\":\"Reconoce MX es un proyecto de difusi\u00f3n art\u00edstica, cultural y de conciencia social que est\u00e1 enfocado a difundir y fomentar el entretenimiento alternativo de calidad para todo el p\u00fablico que comparta el mismo entusiasmo.\",\"sameAs\":[\"http:\/\/www.reconoce.mx\"],\"url\":\"http:\/\/www.reconoce.mx\/?author=2\"}]}<\/script>\n<!-- \/ Yoast SEO plugin. -->","yoast_head_json":{"title":"\u00a1Todo listo para Cinema Planeta 2019! &#171; Reconoce MX","robots":{"index":"index","follow":"follow","max-snippet":"max-snippet:-1","max-image-preview":"max-image-preview:large","max-video-preview":"max-video-preview:-1"},"canonical":"http:\/\/www.reconoce.mx\/?p=83435","og_locale":"es_ES","og_type":"article","og_title":"\u00a1Todo listo para Cinema Planeta 2019! &#171; Reconoce MX","og_description":"El s\u00e9ptimo arte siempre ha tenido la habilidad de mostrarnos otra cara de varias situaciones, de cultivarnos, de educarnos y en esta ocasi\u00f3n, de concientizarnos.","og_url":"http:\/\/www.reconoce.mx\/?p=83435","og_site_name":"Reconoce MX","article_publisher":"https:\/\/es-la.facebook.com\/ReconoceMX\/","article_published_time":"2019-05-14T05:02:36+00:00","article_modified_time":"2019-05-14T12:27:08+00:00","og_image":[{"width":590,"height":380,"url":"http:\/\/www.reconoce.mx\/wp-content\/uploads\/2019\/05\/cinema-planeta-11-cover.jpg","type":"image\/jpeg"}],"author":"Reconoce MX","twitter_card":"summary_large_image","twitter_creator":"@reconocemx","twitter_site":"@reconocemx","twitter_misc":{"Escrito por":"Reconoce MX","Tiempo de lectura":"1 minuto"},"schema":{"@context":"https:\/\/schema.org","@graph":[{"@type":"Article","@id":"http:\/\/www.reconoce.mx\/?p=83435#article","isPartOf":{"@id":"http:\/\/www.reconoce.mx\/?p=83435"},"author":{"name":"Reconoce MX","@id":"http:\/\/www.reconoce.mx\/#\/schema\/person\/2117e997d7051dc15d6880eaf9bca0b2"},"headline":"\u00a1Todo listo para Cinema Planeta 2019!","datePublished":"2019-05-14T05:02:36+00:00","dateModified":"2019-05-14T12:27:08+00:00","mainEntityOfPage":{"@id":"http:\/\/www.reconoce.mx\/?p=83435"},"wordCount":297,"commentCount":0,"publisher":{"@id":"http:\/\/www.reconoce.mx\/#organization"},"image":{"@id":"http:\/\/www.reconoce.mx\/?p=83435#primaryimage"},"thumbnailUrl":"http:\/\/www.reconoce.mx\/wp-content\/uploads\/2019\/05\/cinema-planeta-11-cover.jpg","articleSection":["Cine","Cultura","Principal"],"inLanguage":"es","potentialAction":[{"@type":"CommentAction","name":"Comment","target":["http:\/\/www.reconoce.mx\/?p=83435#respond"]}]},{"@type":"WebPage","@id":"http:\/\/www.reconoce.mx\/?p=83435","url":"http:\/\/www.reconoce.mx\/?p=83435","name":"\u00a1Todo listo para Cinema Planeta 2019! &#171; Reconoce MX","isPartOf":{"@id":"http:\/\/www.reconoce.mx\/#website"},"primaryImageOfPage":{"@id":"http:\/\/www.reconoce.mx\/?p=83435#primaryimage"},"image":{"@id":"http:\/\/www.reconoce.mx\/?p=83435#primaryimage"},"thumbnailUrl":"http:\/\/www.reconoce.mx\/wp-content\/uploads\/2019\/05\/cinema-planeta-11-cover.jpg","datePublished":"2019-05-14T05:02:36+00:00","dateModified":"2019-05-14T12:27:08+00:00","breadcrumb":{"@id":"http:\/\/www.reconoce.mx\/?p=83435#breadcrumb"},"inLanguage":"es","potentialAction":[{"@type":"ReadAction","target":["http:\/\/www.reconoce.mx\/?p=83435"]}]},{"@type":"ImageObject","inLanguage":"es","@id":"http:\/\/www.reconoce.mx\/?p=83435#primaryimage","url":"http:\/\/www.reconoce.mx\/wp-content\/uploads\/2019\/05\/cinema-planeta-11-cover.jpg","contentUrl":"http:\/\/www.reconoce.mx\/wp-content\/uploads\/2019\/05\/cinema-planeta-11-cover.jpg","width":590,"height":380},{"@type":"BreadcrumbList","@id":"http:\/\/www.reconoce.mx\/?p=83435#breadcrumb","itemListElement":[{"@type":"ListItem","position":1,"name":"Portada","item":"http:\/\/www.reconoce.mx\/"},{"@type":"ListItem","position":2,"name":"\u00a1Todo listo para Cinema Planeta 2019!"}]},{"@type":"WebSite","@id":"http:\/\/www.reconoce.mx\/#website","url":"http:\/\/www.reconoce.mx\/","name":"Reconoce MX","description":"En Reconoce MX difundimos arte, cultura y conciencia social en M\u00e9xico. Tu ciudad en otra perspectiva.","publisher":{"@id":"http:\/\/www.reconoce.mx\/#organization"},"potentialAction":[{"@type":"SearchAction","target":{"@type":"EntryPoint","urlTemplate":"http:\/\/www.reconoce.mx\/?s={search_term_string}"},"query-input":{"@type":"PropertyValueSpecification","valueRequired":true,"valueName":"search_term_string"}}],"inLanguage":"es"},{"@type":"Organization","@id":"http:\/\/www.reconoce.mx\/#organization","name":"Reconoce MX","url":"http:\/\/www.reconoce.mx\/","logo":{"@type":"ImageObject","inLanguage":"es","@id":"http:\/\/www.reconoce.mx\/#\/schema\/logo\/image\/","url":"https:\/\/www.reconoce.mx\/wp-content\/uploads\/2019\/03\/logorcmx-good-1.png","contentUrl":"https:\/\/www.reconoce.mx\/wp-content\/uploads\/2019\/03\/logorcmx-good-1.png","width":280,"height":90,"caption":"Reconoce MX"},"image":{"@id":"http:\/\/www.reconoce.mx\/#\/schema\/logo\/image\/"},"sameAs":["https:\/\/es-la.facebook.com\/ReconoceMX\/","https:\/\/x.com\/reconocemx","http:\/\/@reconocemx"]},{"@type":"Person","@id":"http:\/\/www.reconoce.mx\/#\/schema\/person\/2117e997d7051dc15d6880eaf9bca0b2","name":"Reconoce MX","image":{"@type":"ImageObject","inLanguage":"es","@id":"http:\/\/www.reconoce.mx\/#\/schema\/person\/image\/","url":"https:\/\/secure.gravatar.com\/avatar\/6c8d4dc7569ca1c90c5fdcc349f839d5ddef6fe1e70b4337ead2ef1a4c43fc3a?s=96&d=identicon&r=g","contentUrl":"https:\/\/secure.gravatar.com\/avatar\/6c8d4dc7569ca1c90c5fdcc349f839d5ddef6fe1e70b4337ead2ef1a4c43fc3a?s=96&d=identicon&r=g","caption":"Reconoce MX"},"description":"Reconoce MX es un proyecto de difusi\u00f3n art\u00edstica, cultural y de conciencia social que est\u00e1 enfocado a difundir y fomentar el entretenimiento alternativo de calidad para todo el p\u00fablico que comparta el mismo entusiasmo.","sameAs":["http:\/\/www.reconoce.mx"],"url":"http:\/\/www.reconoce.mx\/?author=2"}]}},"_links":{"self":[{"href":"http:\/\/www.reconoce.mx\/index.php?rest_route=\/wp\/v2\/posts\/83435","targetHints":{"allow":["GET"]}}],"collection":[{"href":"http:\/\/www.reconoce.mx\/index.php?rest_route=\/wp\/v2\/posts"}],"about":[{"href":"http:\/\/www.reconoce.mx\/index.php?rest_route=\/wp\/v2\/types\/post"}],"author":[{"embeddable":true,"href":"http:\/\/www.reconoce.mx\/index.php?rest_route=\/wp\/v2\/users\/2"}],"replies":[{"embeddable":true,"href":"http:\/\/www.reconoce.mx\/index.php?rest_route=%2Fwp%2Fv2%2Fcomments&post=83435"}],"version-history":[{"count":3,"href":"http:\/\/www.reconoce.mx\/index.php?rest_route=\/wp\/v2\/posts\/83435\/revisions"}],"predecessor-version":[{"id":83441,"href":"http:\/\/www.reconoce.mx\/index.php?rest_route=\/wp\/v2\/posts\/83435\/revisions\/83441"}],"wp:featuredmedia":[{"embeddable":true,"href":"http:\/\/www.reconoce.mx\/index.php?rest_route=\/wp\/v2\/media\/83437"}],"wp:attachment":[{"href":"http:\/\/www.reconoce.mx\/index.php?rest_route=%2Fwp%2Fv2%2Fmedia&parent=83435"}],"wp:term":[{"taxonomy":"category","embeddable":true,"href":"http:\/\/www.reconoce.mx\/index.php?rest_route=%2Fwp%2Fv2%2Fcategories&post=83435"},{"taxonomy":"post_tag","embeddable":true,"href":"http:\/\/www.reconoce.mx\/index.php?rest_route=%2Fwp%2Fv2%2Ftags&post=83435"}],"curies":[{"name":"wp","href":"https:\/\/api.w.org\/{rel}","templated":true}]}}