{"id":83478,"date":"2019-05-14T00:04:42","date_gmt":"2019-05-14T05:04:42","guid":{"rendered":"http:\/\/www.reconoce.mx\/?p=83478"},"modified":"2019-05-14T22:29:18","modified_gmt":"2019-05-15T03:29:18","slug":"rumbo-al-festivalmarvin-2019-los-nastys","status":"publish","type":"post","link":"http:\/\/www.reconoce.mx\/?p=83478","title":{"rendered":"Rumbo al #FestivalMarvin 2019: Los Nastys"},"content":{"rendered":"<p><strong>Por <a title=\"@AsfaltosTweets\" href=\"http:\/\/twitter.com\/AsfaltosTweets\" target=\"_blank\" rel=\"noopener noreferrer\">Asfaltos<\/a><\/strong>.<\/p>\n<p><strong>Los Nastys<\/strong>, grupo madrile\u00f1o con m\u00e1s de una d\u00e9cada de acci\u00f3n, afirman en su bandcamp que \u00aba las p\u00e1ginas web les mola mucho copiar nuestra biograf\u00eda para describirnos\u00bb. S\u00ed, puede ser que les mole, pero tambi\u00e9n puede pereza, falta de rigor profesional o de plano incomprensi\u00f3n de la m\u00fasica de <strong>Los Nastys<\/strong>. Yo creo que no hay que ser genios para encontrar en<strong> Los Nastys<\/strong> influencias de punk y de rock. Tampoco para encontrar su predilecci\u00f3n por el caos, romper con la indiferencia y sin duda una muy buena dosis de humor.<\/p>\n<p><iframe style=\"border: 0; width: 350px; height: 470px;\" src=\"https:\/\/bandcamp.com\/EmbeddedPlayer\/album=3275577317\/size=large\/bgcol=333333\/linkcol=e32c14\/tracklist=false\/transparent=true\/\" seamless=\"\"><a href=\"http:\/\/losnastys.bandcamp.com\/album\/m-sica-para-el-amor-y-la-guerra\">M\u00fasica Para El Amor y La Guerra by Los Nastys<\/a><\/iframe><\/p>\n<p>Para indagar directamente sobre la m\u00fasica de <strong>Los Nastys<\/strong>, quienes se presentar\u00e1n este s\u00e1bado en el marco del <strong>Festival Marvin<\/strong>, tuve la oportunidad con uno de los fundadores del grupo: <strong>Luis Basilio<\/strong>. S\u00ed, \u00e9sto fue lo que conversamos.<\/p>\n<p><span style=\"color: #a81f25;\"><strong>Reconoce MX<\/strong><\/span>: Luis, antes que nada me gustar\u00eda saber qu\u00e9 significa para ti, en espec\u00edfico, hacer m\u00fasica.<\/p>\n<p><span style=\"color: #0aa050;\"><strong>Luis Basilio<\/strong><\/span>: Para m\u00ed en espec\u00edfico&#8230; Pues soy una persona que ha llegado a un punto de su vida en el que ya no me puedo comunicar tan f\u00e1cilmente con las personas; con mis amigos o con mi propia novia, todo es ya a trav\u00e9s de la m\u00fasica. As\u00ed que cuando quieras expresar algo que sea alegr\u00eda o sea tristeza, pues utilizas la canci\u00f3n de alguien o una tuya para decir las cosas.<\/p>\n<p><strong><span style=\"color: #a81f25;\">RCMX<\/span><\/strong>: \u00bfTe acuerdas de ese instante en el que te diste cuenta de eso? \u00bfDe que la m\u00fasica era algo m\u00e1s que \u00absolo m\u00fasica\u00bb?<\/p>\n<p><strong><span style=\"color: #0aa050;\">LB<\/span><\/strong>: Tendr\u00eda yo como 6 a\u00f1os. Me acuerdo que ten\u00eda un primo mayor que quer\u00eda mucho y que me empezaba a traer cada vez que lo ve\u00eda, que era en verano o en Navidad, casetes con m\u00fasica que escuchaba. Me acuerdo muy bien que me regal\u00f3 dos cintas de Oasis; yo no ten\u00eda ni idea de lo que era Oasis, \u00bfsabes?, yo conoc\u00eda a \u00abLos Pitufos\u00bb y poco m\u00e1s. Y entonces escuch\u00e9 a Oasis y ah\u00ed de repente me dije: \u00ab\u00bfqu\u00e9 co\u00f1o es esto?\u00bb, y me volv\u00ed loco. Y pues ya partir de ah\u00ed empec\u00e9 a devorar m\u00fasica. Al principio era m\u00e1s dif\u00edcil, porque a esa edad no <strong>YouTube<\/strong>, ni <strong>Napster<\/strong>. Yo me compraba discos a muerte.<\/p>\n<p><span style=\"color: #a81f25;\"><strong>RCMX<\/strong><\/span>: \u00bfY tu sonido? \u00bfLo que fuiste descubriendo de m\u00fasica por tu propia cuenta?<\/p>\n<p><span style=\"color: #0aa050;\"><strong>LB<\/strong><\/span>: Recuerdo que el primer disco que me compr\u00e9 con mi propio dinero fue uno de <strong>Nirvana<\/strong>, el \u00abIncesticide\u00bb, ese fue uno de los primeros que me encontr\u00e9. Luego mi madre me regal\u00f3 uno tambi\u00e9n de <strong>Metallica<\/strong>, y a partir de ah\u00ed pues lo que s\u00ed me cambi\u00f3 un poco ya mis inquietudes musicales, fue el hecho de descubrir bandas como <strong>The Velvet Underground<\/strong>. A partir de ah\u00ed se me abri\u00f3 otro camino y luego como a mucha gente le ha pasado, cuando aparecieron <strong>The Strokes<\/strong> y <strong>The Libertnes<\/strong>, pues ah\u00ed ya fue cuando me atrap\u00f3 el boom de las guitarras.<\/p>\n<style>.embed-container { position: relative; padding-bottom: 56.25%; height: 0; overflow: hidden; max-width: 100%; } .embed-container iframe, .embed-container object, .embed-container embed { position: absolute; top: 0; left: 0; width: 100%; height: 100%; }<\/style>\n<div class=\"embed-container\"><iframe src=\"https:\/\/www.youtube.com\/embed\/bmCgkToCM00\" frameborder=\"0\" allowfullscreen=\"allowfullscreen\"><\/iframe><\/div>\n<p>&nbsp;<\/p>\n<p><span style=\"color: #a81f25;\"><strong>RCMX<\/strong><\/span>: Sus influencias sonoras son diversas. \u00bfC\u00f3mo elegir las que mejor les acomoda?<\/p>\n<p><span style=\"color: #0aa050;\"><strong>LB<\/strong><\/span>: La verdad que nunca lo hemos pensado, simplemente a los 4 nos gustaba m\u00e1s o menos la misma m\u00fasica y simplemente nos juntamos a tocar. Dio la casualidad que de que todos ten\u00edamos algo que decir de alguna manera, ya fuera escribiendo letras o simplemente tocando instrumentos; nos juntamos y las cosas empezaron a salir como solas. No sabr\u00eda explicarte, sali\u00f3 todo rodado, sabes, y la verdad que es un gusto. Por ejemplo tenemos ah\u00ed a Omar, que es de Per\u00fa y toca el bajo y siempre en sus influencias tiene algo as\u00ed como de chicha, como funkie; tambi\u00e9n es muy colgado de esa m\u00fasica, la mezcla. Mi hermano que toca la guitarra, le gustan mucho sus solos de guitarra que se mezclan muy bien con el resto de la m\u00fasica. Yo soy m\u00e1s cl\u00e1sico, de guitarra sucia y que suene a todo volumen. Al final as\u00ed nacimos <strong>Los Nastys<\/strong>.<\/p>\n<p><span style=\"color: #a81f25;\"><strong>RCMX<\/strong><\/span>: El humor en su m\u00fasica es importante. A uno como escucha nos refresca y nos hace poner atenci\u00f3n en su propuesta.<\/p>\n<p><span style=\"color: #0aa050;\"><strong>LB<\/strong><\/span>: A m\u00ed me parece que el sentido del humor es como un arma de doble filo que hay en la vida. No s\u00e9 qui\u00e9n dijo alguna vez que cuando alguien dice algo con sentido del humor lo est\u00e1 diciendo m\u00e1s en serio que como si lo dijera seriamente. As\u00ed entran las cosas, como peque\u00f1os pu\u00f1ales que vas clavando.<\/p>\n<p><span style=\"color: #a81f25;\"><strong>RCMX<\/strong><\/span>: Le\u00eda en una entrevista que afirmaban que \u00abla m\u00fasica debe servir para algo\u00bb. Escuchamos en la radio mucha m\u00fasica que creemos no tiene un sentido, y quiz\u00e1 ese sea su sentido, evadirnos&#8230; \u00bfC\u00f3mo luchar contra ese ruido que nos imponen ahora en distintos medios?<\/p>\n<p><span style=\"color: #0aa050;\"><strong>LB<\/strong><\/span>: Creo que es una crisis de identidad a niveles masivos. Creo que al final como todos tenemos acceso a vernos a unos, empezamos a admirar, a envidiar o a querer a ser algo; como que todo mundo se siente protegido dentro de una gran masa y lo que falta, yo creo, es car\u00e1cter y personalidad propia. Nosotros con la m\u00fasica que hacemos buscamos que la gente se sienta cada una como individuo, que se sienta alguien importante. Porque la importancia se la da uno mismo a uno mismo. Tampoco puedes esperar que te reconozcan por ah\u00ed, porque yo creo que todo eso hace que aceptemos que en el d\u00eda a d\u00eda estemos llenos de m\u00fasica de mierda por todas partes. Te vas a cualquier sitio o inclusive a cenar y la m\u00fasica que suena es una mierda. No s\u00e9 no s\u00e9 c\u00f3mo explicarte que la gente se siente a escuchar m\u00fasica de mierda; le pega a uno en los cojones. Pero bueno, los j\u00f3venes escuchan tambi\u00e9n la m\u00fasica de puta madre, gente que dice algo. Se trata de intentar buscar mensajes en la m\u00fasica y no escuchar como el hilo musical. Aqu\u00ed en Espa\u00f1a por ejemplo en televisi\u00f3n no hay ning\u00fan programa de referencia para escuchar; en radio tampoco, s\u00f3lo tenemos <strong>Radio 3<\/strong>, pero el resto son <strong>Los 40 Principales<\/strong> y cosas as\u00ed que saturan el mercado. No quiero decir que por ejemplo el reguet\u00f3n es una mierda como dice mucha gente, pero s\u00ed que al final escuchas a un artista de reguet\u00f3n sea quien sea, y m\u00e1s o menos que es lo mismo; para m\u00ed me son todos iguales.<\/p>\n<style>.embed-container { position: relative; padding-bottom: 56.25%; height: 0; overflow: hidden; max-width: 100%; } .embed-container iframe, .embed-container object, .embed-container embed { position: absolute; top: 0; left: 0; width: 100%; height: 100%; }<\/style>\n<div class=\"embed-container\"><iframe src=\"https:\/\/www.youtube.com\/embed\/7l8AI_KBq3s\" frameborder=\"0\" allowfullscreen=\"allowfullscreen\"><\/iframe><\/div>\n<p>&nbsp;<\/p>\n<p><span style=\"color: #a81f25;\"><strong>RCMX<\/strong><\/span>: Claro, yo siempre defiendo la tesis de que la famosa \u00abDespacito\u00bb fue el triunfo del capitalismo sobre un sonido como el reguet\u00f3n que alguna vez fue an\u00e1rquico.<\/p>\n<p><span style=\"color: #0aa050;\"><strong>LB<\/strong><\/span>: Yo creo que tambi\u00e9n ha llegado a pasar lo mismo en el<em> rock and roll<\/em>; al final tambi\u00e9n se ha capitalizado y al final salen artistas que supuestamente tocan ese g\u00e9nero y que cuando los escuchas pues dices, bueno OK. Grupos referentes en la historia como <strong>The Rolling Stones<\/strong> o <strong>The Beatles<\/strong> que son los cl\u00e1sicos, cl\u00e1sicos, acabaron convirtiendo el rock como si fuera una especie de parque tem\u00e1tico. El rock no ha estado libre de esa capitalizaci\u00f3n de la que hablas.<\/p>\n<p><span style=\"color: #a81f25;\"><strong>RCMX<\/strong><\/span>: Regresan a M\u00e9xico despu\u00e9s de aproximadamente 2 a\u00f1os de no estar por ac\u00e1. \u00bfC\u00f3mo se sienten de su pr\u00f3xima visita?<\/p>\n<p><span style=\"color: #0aa050;\"><strong>LB<\/strong><\/span>: La verdad que a m\u00ed personalmente me encantar\u00eda quedarme a vivir una temporada en M\u00e9xico. Te juro que me parece el mejor pa\u00eds del mundo. Tan intenso todo lo que vuelve a M\u00e9xico que ya lo sab\u00e9is vosotros y lo sabemos nosotros, tanto las cosas buenas como las cosas malas. Como que todo eso le da a M\u00e9xico ese car\u00e1cter. Yo creo que de toda la gente que yo he conocido, siempre me qued\u00e9 como esa sensaci\u00f3n de que el mexicano no le tiene miedo a nada. All\u00e1 nadie le tiene miedo a la muerte, la gente vive intensamente. Estamos ilusionados por volver a ver amigos, pero sobre todo deseamos tocar, porque es la verdad que cuando hemos ido a M\u00e9xico es como vivir un sue\u00f1o de puro rock; de tocar en un concierto lleno de gente loqu\u00edsima. Vamos con una sorpresa para all\u00e1, para el d\u00eda del <strong>Marvin<\/strong>. Sacaremos un cover de <strong>Luis Miguel<\/strong>.<\/p>\n<p><span style=\"color: #a81f25;\"><strong>RCMX<\/strong><\/span>: Jajajaja&#8230; Qu\u00e9 ching\u00f3n lo del cover. Seguro eso va a ser una locura. Pues Luis, antes de irnos, \u00bfalgo que quieras agregar?<\/p>\n<p><span style=\"color: #0aa050;\"><strong>LB<\/strong><\/span>: Nada, que espero que nos reciban de puta madre como lo haremos nosotros que nos morimos por tocar a 200 km\/h en el concierto. Y s\u00ed, que esperamos que disfruten mucho cuando saquemos ah\u00ed el cover de <strong>Luis Miguel<\/strong>.<\/p>\n<p><strong>Los Nastys<\/strong> se presentar\u00e1n en el marco del <strong>Festival Marvin<\/strong> 9a edici\u00f3n que se celebrar\u00e1 los d\u00edas 16, 17 y 18 de mayo de 2019 en el <strong>Circuito Condesa-Roma<\/strong> de Ciudad de M\u00e9xico. Para m\u00e1s informaci\u00f3n consulta el <a href=\"http:\/\/festival.marvin.com.mx\/\" target=\"_blank\" rel=\"noopener noreferrer\">sitio oficial<\/a>.<\/p>\n<p style=\"text-align: right;\">Foto de portada: <strong>Enrique Villaluenga Grac\u00eda<\/strong>.<\/p>\n<p>&nbsp;<\/p>\n<p>&nbsp;<\/p>\n","protected":false},"excerpt":{"rendered":"<p>Para indagar directamente sobre la m\u00fasica de Los Nastys, quienes se presentar\u00e1n este s\u00e1bado en el marco del Festival Marvin, tuve la oportunidad con uno de los fundadores del grupo: Luis Basilio. S\u00ed, \u00e9sto fue lo que conversamos.<\/p>\n","protected":false},"author":2,"featured_media":83483,"comment_status":"open","ping_status":"open","sticky":false,"template":"","format":"standard","meta":{"footnotes":""},"categories":[1,18,17],"tags":[],"class_list":["post-83478","post","type-post","status-publish","format-standard","has-post-thumbnail","hentry","category-cultura","category-musica","category-principal"],"yoast_head":"<!-- This site is optimized with the Yoast SEO plugin v24.7 - https:\/\/yoast.com\/wordpress\/plugins\/seo\/ -->\n<title>Rumbo al #FestivalMarvin 2019: Los Nastys &#171; Reconoce MX<\/title>\n<meta name=\"robots\" content=\"index, follow, max-snippet:-1, max-image-preview:large, max-video-preview:-1\" \/>\n<link rel=\"canonical\" href=\"http:\/\/www.reconoce.mx\/?p=83478\" \/>\n<meta property=\"og:locale\" content=\"es_ES\" \/>\n<meta property=\"og:type\" content=\"article\" \/>\n<meta property=\"og:title\" content=\"Rumbo al #FestivalMarvin 2019: Los Nastys &#171; Reconoce MX\" \/>\n<meta property=\"og:description\" content=\"Para indagar directamente sobre la m\u00fasica de Los Nastys, quienes se presentar\u00e1n este s\u00e1bado en el marco del Festival Marvin, tuve la oportunidad con uno de los fundadores del grupo: Luis Basilio. S\u00ed, \u00e9sto fue lo que conversamos.\" \/>\n<meta property=\"og:url\" content=\"http:\/\/www.reconoce.mx\/?p=83478\" \/>\n<meta property=\"og:site_name\" content=\"Reconoce MX\" \/>\n<meta property=\"article:publisher\" content=\"https:\/\/es-la.facebook.com\/ReconoceMX\/\" \/>\n<meta property=\"article:published_time\" content=\"2019-05-14T05:04:42+00:00\" \/>\n<meta property=\"article:modified_time\" content=\"2019-05-15T03:29:18+00:00\" \/>\n<meta property=\"og:image\" content=\"http:\/\/www.reconoce.mx\/wp-content\/uploads\/2019\/05\/los-nastys-cover.jpg\" \/>\n\t<meta property=\"og:image:width\" content=\"590\" \/>\n\t<meta property=\"og:image:height\" content=\"380\" \/>\n\t<meta property=\"og:image:type\" content=\"image\/jpeg\" \/>\n<meta name=\"author\" content=\"Reconoce MX\" \/>\n<meta name=\"twitter:card\" content=\"summary_large_image\" \/>\n<meta name=\"twitter:creator\" content=\"@reconocemx\" \/>\n<meta name=\"twitter:site\" content=\"@reconocemx\" \/>\n<meta name=\"twitter:label1\" content=\"Escrito por\" \/>\n\t<meta name=\"twitter:data1\" content=\"Reconoce MX\" \/>\n\t<meta name=\"twitter:label2\" content=\"Tiempo de lectura\" \/>\n\t<meta name=\"twitter:data2\" content=\"8 minutos\" \/>\n<script type=\"application\/ld+json\" class=\"yoast-schema-graph\">{\"@context\":\"https:\/\/schema.org\",\"@graph\":[{\"@type\":\"Article\",\"@id\":\"http:\/\/www.reconoce.mx\/?p=83478#article\",\"isPartOf\":{\"@id\":\"http:\/\/www.reconoce.mx\/?p=83478\"},\"author\":{\"name\":\"Reconoce MX\",\"@id\":\"http:\/\/www.reconoce.mx\/#\/schema\/person\/2117e997d7051dc15d6880eaf9bca0b2\"},\"headline\":\"Rumbo al #FestivalMarvin 2019: Los Nastys\",\"datePublished\":\"2019-05-14T05:04:42+00:00\",\"dateModified\":\"2019-05-15T03:29:18+00:00\",\"mainEntityOfPage\":{\"@id\":\"http:\/\/www.reconoce.mx\/?p=83478\"},\"wordCount\":1560,\"commentCount\":0,\"publisher\":{\"@id\":\"http:\/\/www.reconoce.mx\/#organization\"},\"image\":{\"@id\":\"http:\/\/www.reconoce.mx\/?p=83478#primaryimage\"},\"thumbnailUrl\":\"http:\/\/www.reconoce.mx\/wp-content\/uploads\/2019\/05\/los-nastys-cover.jpg\",\"articleSection\":[\"Cultura\",\"M\u00fasica\",\"Principal\"],\"inLanguage\":\"es\",\"potentialAction\":[{\"@type\":\"CommentAction\",\"name\":\"Comment\",\"target\":[\"http:\/\/www.reconoce.mx\/?p=83478#respond\"]}]},{\"@type\":\"WebPage\",\"@id\":\"http:\/\/www.reconoce.mx\/?p=83478\",\"url\":\"http:\/\/www.reconoce.mx\/?p=83478\",\"name\":\"Rumbo al #FestivalMarvin 2019: Los Nastys &#171; Reconoce MX\",\"isPartOf\":{\"@id\":\"http:\/\/www.reconoce.mx\/#website\"},\"primaryImageOfPage\":{\"@id\":\"http:\/\/www.reconoce.mx\/?p=83478#primaryimage\"},\"image\":{\"@id\":\"http:\/\/www.reconoce.mx\/?p=83478#primaryimage\"},\"thumbnailUrl\":\"http:\/\/www.reconoce.mx\/wp-content\/uploads\/2019\/05\/los-nastys-cover.jpg\",\"datePublished\":\"2019-05-14T05:04:42+00:00\",\"dateModified\":\"2019-05-15T03:29:18+00:00\",\"breadcrumb\":{\"@id\":\"http:\/\/www.reconoce.mx\/?p=83478#breadcrumb\"},\"inLanguage\":\"es\",\"potentialAction\":[{\"@type\":\"ReadAction\",\"target\":[\"http:\/\/www.reconoce.mx\/?p=83478\"]}]},{\"@type\":\"ImageObject\",\"inLanguage\":\"es\",\"@id\":\"http:\/\/www.reconoce.mx\/?p=83478#primaryimage\",\"url\":\"http:\/\/www.reconoce.mx\/wp-content\/uploads\/2019\/05\/los-nastys-cover.jpg\",\"contentUrl\":\"http:\/\/www.reconoce.mx\/wp-content\/uploads\/2019\/05\/los-nastys-cover.jpg\",\"width\":590,\"height\":380},{\"@type\":\"BreadcrumbList\",\"@id\":\"http:\/\/www.reconoce.mx\/?p=83478#breadcrumb\",\"itemListElement\":[{\"@type\":\"ListItem\",\"position\":1,\"name\":\"Portada\",\"item\":\"http:\/\/www.reconoce.mx\/\"},{\"@type\":\"ListItem\",\"position\":2,\"name\":\"Rumbo al #FestivalMarvin 2019: Los Nastys\"}]},{\"@type\":\"WebSite\",\"@id\":\"http:\/\/www.reconoce.mx\/#website\",\"url\":\"http:\/\/www.reconoce.mx\/\",\"name\":\"Reconoce MX\",\"description\":\"En Reconoce MX difundimos arte, cultura y conciencia social en M\u00e9xico. Tu ciudad en otra perspectiva.\",\"publisher\":{\"@id\":\"http:\/\/www.reconoce.mx\/#organization\"},\"potentialAction\":[{\"@type\":\"SearchAction\",\"target\":{\"@type\":\"EntryPoint\",\"urlTemplate\":\"http:\/\/www.reconoce.mx\/?s={search_term_string}\"},\"query-input\":{\"@type\":\"PropertyValueSpecification\",\"valueRequired\":true,\"valueName\":\"search_term_string\"}}],\"inLanguage\":\"es\"},{\"@type\":\"Organization\",\"@id\":\"http:\/\/www.reconoce.mx\/#organization\",\"name\":\"Reconoce MX\",\"url\":\"http:\/\/www.reconoce.mx\/\",\"logo\":{\"@type\":\"ImageObject\",\"inLanguage\":\"es\",\"@id\":\"http:\/\/www.reconoce.mx\/#\/schema\/logo\/image\/\",\"url\":\"https:\/\/www.reconoce.mx\/wp-content\/uploads\/2019\/03\/logorcmx-good-1.png\",\"contentUrl\":\"https:\/\/www.reconoce.mx\/wp-content\/uploads\/2019\/03\/logorcmx-good-1.png\",\"width\":280,\"height\":90,\"caption\":\"Reconoce MX\"},\"image\":{\"@id\":\"http:\/\/www.reconoce.mx\/#\/schema\/logo\/image\/\"},\"sameAs\":[\"https:\/\/es-la.facebook.com\/ReconoceMX\/\",\"https:\/\/x.com\/reconocemx\",\"http:\/\/@reconocemx\"]},{\"@type\":\"Person\",\"@id\":\"http:\/\/www.reconoce.mx\/#\/schema\/person\/2117e997d7051dc15d6880eaf9bca0b2\",\"name\":\"Reconoce MX\",\"image\":{\"@type\":\"ImageObject\",\"inLanguage\":\"es\",\"@id\":\"http:\/\/www.reconoce.mx\/#\/schema\/person\/image\/\",\"url\":\"https:\/\/secure.gravatar.com\/avatar\/6c8d4dc7569ca1c90c5fdcc349f839d5ddef6fe1e70b4337ead2ef1a4c43fc3a?s=96&d=identicon&r=g\",\"contentUrl\":\"https:\/\/secure.gravatar.com\/avatar\/6c8d4dc7569ca1c90c5fdcc349f839d5ddef6fe1e70b4337ead2ef1a4c43fc3a?s=96&d=identicon&r=g\",\"caption\":\"Reconoce MX\"},\"description\":\"Reconoce MX es un proyecto de difusi\u00f3n art\u00edstica, cultural y de conciencia social que est\u00e1 enfocado a difundir y fomentar el entretenimiento alternativo de calidad para todo el p\u00fablico que comparta el mismo entusiasmo.\",\"sameAs\":[\"http:\/\/www.reconoce.mx\"],\"url\":\"http:\/\/www.reconoce.mx\/?author=2\"}]}<\/script>\n<!-- \/ Yoast SEO plugin. -->","yoast_head_json":{"title":"Rumbo al #FestivalMarvin 2019: Los Nastys &#171; Reconoce MX","robots":{"index":"index","follow":"follow","max-snippet":"max-snippet:-1","max-image-preview":"max-image-preview:large","max-video-preview":"max-video-preview:-1"},"canonical":"http:\/\/www.reconoce.mx\/?p=83478","og_locale":"es_ES","og_type":"article","og_title":"Rumbo al #FestivalMarvin 2019: Los Nastys &#171; Reconoce MX","og_description":"Para indagar directamente sobre la m\u00fasica de Los Nastys, quienes se presentar\u00e1n este s\u00e1bado en el marco del Festival Marvin, tuve la oportunidad con uno de los fundadores del grupo: Luis Basilio. S\u00ed, \u00e9sto fue lo que conversamos.","og_url":"http:\/\/www.reconoce.mx\/?p=83478","og_site_name":"Reconoce MX","article_publisher":"https:\/\/es-la.facebook.com\/ReconoceMX\/","article_published_time":"2019-05-14T05:04:42+00:00","article_modified_time":"2019-05-15T03:29:18+00:00","og_image":[{"width":590,"height":380,"url":"http:\/\/www.reconoce.mx\/wp-content\/uploads\/2019\/05\/los-nastys-cover.jpg","type":"image\/jpeg"}],"author":"Reconoce MX","twitter_card":"summary_large_image","twitter_creator":"@reconocemx","twitter_site":"@reconocemx","twitter_misc":{"Escrito por":"Reconoce MX","Tiempo de lectura":"8 minutos"},"schema":{"@context":"https:\/\/schema.org","@graph":[{"@type":"Article","@id":"http:\/\/www.reconoce.mx\/?p=83478#article","isPartOf":{"@id":"http:\/\/www.reconoce.mx\/?p=83478"},"author":{"name":"Reconoce MX","@id":"http:\/\/www.reconoce.mx\/#\/schema\/person\/2117e997d7051dc15d6880eaf9bca0b2"},"headline":"Rumbo al #FestivalMarvin 2019: Los Nastys","datePublished":"2019-05-14T05:04:42+00:00","dateModified":"2019-05-15T03:29:18+00:00","mainEntityOfPage":{"@id":"http:\/\/www.reconoce.mx\/?p=83478"},"wordCount":1560,"commentCount":0,"publisher":{"@id":"http:\/\/www.reconoce.mx\/#organization"},"image":{"@id":"http:\/\/www.reconoce.mx\/?p=83478#primaryimage"},"thumbnailUrl":"http:\/\/www.reconoce.mx\/wp-content\/uploads\/2019\/05\/los-nastys-cover.jpg","articleSection":["Cultura","M\u00fasica","Principal"],"inLanguage":"es","potentialAction":[{"@type":"CommentAction","name":"Comment","target":["http:\/\/www.reconoce.mx\/?p=83478#respond"]}]},{"@type":"WebPage","@id":"http:\/\/www.reconoce.mx\/?p=83478","url":"http:\/\/www.reconoce.mx\/?p=83478","name":"Rumbo al #FestivalMarvin 2019: Los Nastys &#171; Reconoce MX","isPartOf":{"@id":"http:\/\/www.reconoce.mx\/#website"},"primaryImageOfPage":{"@id":"http:\/\/www.reconoce.mx\/?p=83478#primaryimage"},"image":{"@id":"http:\/\/www.reconoce.mx\/?p=83478#primaryimage"},"thumbnailUrl":"http:\/\/www.reconoce.mx\/wp-content\/uploads\/2019\/05\/los-nastys-cover.jpg","datePublished":"2019-05-14T05:04:42+00:00","dateModified":"2019-05-15T03:29:18+00:00","breadcrumb":{"@id":"http:\/\/www.reconoce.mx\/?p=83478#breadcrumb"},"inLanguage":"es","potentialAction":[{"@type":"ReadAction","target":["http:\/\/www.reconoce.mx\/?p=83478"]}]},{"@type":"ImageObject","inLanguage":"es","@id":"http:\/\/www.reconoce.mx\/?p=83478#primaryimage","url":"http:\/\/www.reconoce.mx\/wp-content\/uploads\/2019\/05\/los-nastys-cover.jpg","contentUrl":"http:\/\/www.reconoce.mx\/wp-content\/uploads\/2019\/05\/los-nastys-cover.jpg","width":590,"height":380},{"@type":"BreadcrumbList","@id":"http:\/\/www.reconoce.mx\/?p=83478#breadcrumb","itemListElement":[{"@type":"ListItem","position":1,"name":"Portada","item":"http:\/\/www.reconoce.mx\/"},{"@type":"ListItem","position":2,"name":"Rumbo al #FestivalMarvin 2019: Los Nastys"}]},{"@type":"WebSite","@id":"http:\/\/www.reconoce.mx\/#website","url":"http:\/\/www.reconoce.mx\/","name":"Reconoce MX","description":"En Reconoce MX difundimos arte, cultura y conciencia social en M\u00e9xico. Tu ciudad en otra perspectiva.","publisher":{"@id":"http:\/\/www.reconoce.mx\/#organization"},"potentialAction":[{"@type":"SearchAction","target":{"@type":"EntryPoint","urlTemplate":"http:\/\/www.reconoce.mx\/?s={search_term_string}"},"query-input":{"@type":"PropertyValueSpecification","valueRequired":true,"valueName":"search_term_string"}}],"inLanguage":"es"},{"@type":"Organization","@id":"http:\/\/www.reconoce.mx\/#organization","name":"Reconoce MX","url":"http:\/\/www.reconoce.mx\/","logo":{"@type":"ImageObject","inLanguage":"es","@id":"http:\/\/www.reconoce.mx\/#\/schema\/logo\/image\/","url":"https:\/\/www.reconoce.mx\/wp-content\/uploads\/2019\/03\/logorcmx-good-1.png","contentUrl":"https:\/\/www.reconoce.mx\/wp-content\/uploads\/2019\/03\/logorcmx-good-1.png","width":280,"height":90,"caption":"Reconoce MX"},"image":{"@id":"http:\/\/www.reconoce.mx\/#\/schema\/logo\/image\/"},"sameAs":["https:\/\/es-la.facebook.com\/ReconoceMX\/","https:\/\/x.com\/reconocemx","http:\/\/@reconocemx"]},{"@type":"Person","@id":"http:\/\/www.reconoce.mx\/#\/schema\/person\/2117e997d7051dc15d6880eaf9bca0b2","name":"Reconoce MX","image":{"@type":"ImageObject","inLanguage":"es","@id":"http:\/\/www.reconoce.mx\/#\/schema\/person\/image\/","url":"https:\/\/secure.gravatar.com\/avatar\/6c8d4dc7569ca1c90c5fdcc349f839d5ddef6fe1e70b4337ead2ef1a4c43fc3a?s=96&d=identicon&r=g","contentUrl":"https:\/\/secure.gravatar.com\/avatar\/6c8d4dc7569ca1c90c5fdcc349f839d5ddef6fe1e70b4337ead2ef1a4c43fc3a?s=96&d=identicon&r=g","caption":"Reconoce MX"},"description":"Reconoce MX es un proyecto de difusi\u00f3n art\u00edstica, cultural y de conciencia social que est\u00e1 enfocado a difundir y fomentar el entretenimiento alternativo de calidad para todo el p\u00fablico que comparta el mismo entusiasmo.","sameAs":["http:\/\/www.reconoce.mx"],"url":"http:\/\/www.reconoce.mx\/?author=2"}]}},"_links":{"self":[{"href":"http:\/\/www.reconoce.mx\/index.php?rest_route=\/wp\/v2\/posts\/83478","targetHints":{"allow":["GET"]}}],"collection":[{"href":"http:\/\/www.reconoce.mx\/index.php?rest_route=\/wp\/v2\/posts"}],"about":[{"href":"http:\/\/www.reconoce.mx\/index.php?rest_route=\/wp\/v2\/types\/post"}],"author":[{"embeddable":true,"href":"http:\/\/www.reconoce.mx\/index.php?rest_route=\/wp\/v2\/users\/2"}],"replies":[{"embeddable":true,"href":"http:\/\/www.reconoce.mx\/index.php?rest_route=%2Fwp%2Fv2%2Fcomments&post=83478"}],"version-history":[{"count":4,"href":"http:\/\/www.reconoce.mx\/index.php?rest_route=\/wp\/v2\/posts\/83478\/revisions"}],"predecessor-version":[{"id":83485,"href":"http:\/\/www.reconoce.mx\/index.php?rest_route=\/wp\/v2\/posts\/83478\/revisions\/83485"}],"wp:featuredmedia":[{"embeddable":true,"href":"http:\/\/www.reconoce.mx\/index.php?rest_route=\/wp\/v2\/media\/83483"}],"wp:attachment":[{"href":"http:\/\/www.reconoce.mx\/index.php?rest_route=%2Fwp%2Fv2%2Fmedia&parent=83478"}],"wp:term":[{"taxonomy":"category","embeddable":true,"href":"http:\/\/www.reconoce.mx\/index.php?rest_route=%2Fwp%2Fv2%2Fcategories&post=83478"},{"taxonomy":"post_tag","embeddable":true,"href":"http:\/\/www.reconoce.mx\/index.php?rest_route=%2Fwp%2Fv2%2Ftags&post=83478"}],"curies":[{"name":"wp","href":"https:\/\/api.w.org\/{rel}","templated":true}]}}