{"id":83654,"date":"2019-06-06T00:02:55","date_gmt":"2019-06-06T05:02:55","guid":{"rendered":"http:\/\/www.reconoce.mx\/?p=83654"},"modified":"2019-06-06T12:22:11","modified_gmt":"2019-06-06T17:22:11","slug":"semanair-2019-entrevista-wet-baes","status":"publish","type":"post","link":"http:\/\/www.reconoce.mx\/?p=83654","title":{"rendered":"#SemanaIR 2019: Entrevista Wet Baes"},"content":{"rendered":"<p><strong>Texto y fotos por <a href=\"https:\/\/twitter.com\/bere_alamo\" target=\"_blank\" rel=\"noopener noreferrer\">Berenice Alamilla Monta\u00f1o<\/a><\/strong>.<\/p>\n<p>Para cerrar con broche de oro la <strong>Semana IR!<\/strong>, tendremos a dos j\u00f3venes talentosos en el escenario que traen una onda que mezcla de todo un poco, desde trap, hasta pop y jazz.<\/p>\n<p><a href=\"http:\/\/www.reconoce.mx\/wp-content\/uploads\/2019\/06\/unnamed.jpg\"><img loading=\"lazy\" decoding=\"async\" class=\"aligncenter size-full wp-image-83670\" src=\"http:\/\/www.reconoce.mx\/wp-content\/uploads\/2019\/06\/unnamed.jpg\" alt=\"\" width=\"1428\" height=\"2048\" srcset=\"http:\/\/www.reconoce.mx\/wp-content\/uploads\/2019\/06\/unnamed.jpg 1428w, http:\/\/www.reconoce.mx\/wp-content\/uploads\/2019\/06\/unnamed-209x300.jpg 209w, http:\/\/www.reconoce.mx\/wp-content\/uploads\/2019\/06\/unnamed-768x1101.jpg 768w, http:\/\/www.reconoce.mx\/wp-content\/uploads\/2019\/06\/unnamed-714x1024.jpg 714w, http:\/\/www.reconoce.mx\/wp-content\/uploads\/2019\/06\/unnamed-150x215.jpg 150w, http:\/\/www.reconoce.mx\/wp-content\/uploads\/2019\/06\/unnamed-700x1004.jpg 700w, http:\/\/www.reconoce.mx\/wp-content\/uploads\/2019\/06\/unnamed-658x944.jpg 658w, http:\/\/www.reconoce.mx\/wp-content\/uploads\/2019\/06\/unnamed-300x430.jpg 300w\" sizes=\"auto, (max-width: 1428px) 100vw, 1428px\" \/><\/a><\/p>\n<p>El estelar de la noche ser\u00e1 Omar Banos, mejor conocido como <strong>Cuco;<\/strong> el joven chicano que se ha convertido en un fen\u00f3meno gracias a internet. En su gira promocional de su nuevo material, visitar\u00e1 Ciudad de M\u00e9xico por primera vez este a\u00f1o y compartir\u00e1 escenario con <strong>Wet Baes<\/strong>, el proyecto solista de Andr\u00e9s Jaime; un joven mexicano que mezcla un trip ochentero con<em> vaporwave.<\/em><\/p>\n<p>Previo a su presentaci\u00f3n en la <strong>Semana Indie Rocks!<\/strong>, tuvimos la oportunidad de platicar con \u00e9l, quien nos dijo que a pesar de no conocer en persona a <strong>Cuco<\/strong>, s\u00ed conoce a su manager y ha tenido un contacto lejano con su equipo. Mencion\u00f3 que se siente honrado de que entre las otras opciones que le dieron al joven chicano, \u00e9l lo haya elegido para formar parte de esta presentaci\u00f3n.<\/p>\n<p>Para Andr\u00e9s, <strong>Cuco<\/strong> representa un fen\u00f3meno musical que le da visibilidad a la m\u00fasica latina, sin ser cumbia o rap, rompiendo mas bien los estigmas que se ten\u00edan de la cultura latina en general.<\/p>\n<p>\u201cEs chido formar parte de este evento, porque un d\u00eda los de <strong>Indie Rocks!<\/strong> me hablaron y me dijeron que le hab\u00edan dado una lista a <strong>Cuco<\/strong>, y aunque hubiera escuchado mi m\u00fasica o no, me tom\u00f3 en consideraci\u00f3n y lo agradezco. Siempre he metido en un lugar muy especial de mi coraz\u00f3n musical a la gente que le da una oportunidad a mi m\u00fasica\u00bb, dijo Andr\u00e9s sobre ser el espect\u00e1culo de apertura de este evento.<\/p>\n<p><a href=\"http:\/\/www.reconoce.mx\/wp-content\/uploads\/2019\/06\/61581818_2768200886528851_6159666998696476672_n.jpg\"><img loading=\"lazy\" decoding=\"async\" class=\"aligncenter size-full wp-image-83702\" src=\"http:\/\/www.reconoce.mx\/wp-content\/uploads\/2019\/06\/61581818_2768200886528851_6159666998696476672_n.jpg\" alt=\"\" width=\"2048\" height=\"1536\" srcset=\"http:\/\/www.reconoce.mx\/wp-content\/uploads\/2019\/06\/61581818_2768200886528851_6159666998696476672_n.jpg 2048w, http:\/\/www.reconoce.mx\/wp-content\/uploads\/2019\/06\/61581818_2768200886528851_6159666998696476672_n-300x225.jpg 300w, http:\/\/www.reconoce.mx\/wp-content\/uploads\/2019\/06\/61581818_2768200886528851_6159666998696476672_n-768x576.jpg 768w, http:\/\/www.reconoce.mx\/wp-content\/uploads\/2019\/06\/61581818_2768200886528851_6159666998696476672_n-1024x768.jpg 1024w, http:\/\/www.reconoce.mx\/wp-content\/uploads\/2019\/06\/61581818_2768200886528851_6159666998696476672_n-150x113.jpg 150w, http:\/\/www.reconoce.mx\/wp-content\/uploads\/2019\/06\/61581818_2768200886528851_6159666998696476672_n-700x525.jpg 700w, http:\/\/www.reconoce.mx\/wp-content\/uploads\/2019\/06\/61581818_2768200886528851_6159666998696476672_n-658x494.jpg 658w\" sizes=\"auto, (max-width: 2048px) 100vw, 2048px\" \/><\/a><\/p>\n<p><strong>Wet Baes<\/strong> ha ido cambiando con el paso del tiempo; lo que ha buscado con este proyecto es encontrar una l\u00ednea intermedia entre lo actual y la inspiraci\u00f3n original, que fue la m\u00fasica ochentera. Nos coment\u00f3 que le gustar\u00eda colaborar con artistas que van iniciando como Arthur, que va acorde con la m\u00fasica que est\u00e1 creando en este momento. <strong>Wet Baes<\/strong> es un proyecto que est\u00e1 en constante cambio y eso est\u00e1 \u201cchido\u201d, fue lo que nos dijo Andr\u00e9s.<\/p>\n<p>Al preguntar sobre sus metas y sue\u00f1os, el m\u00fasico nos mencion\u00f3 que le gustar\u00eda \u201cser un proyecto que incentive al mundo a ver a M\u00e9xico, y pensar en las grandes ciudades como Nueva York o Par\u00eds, que vemos all\u00e1 fuera a nivel de producci\u00f3n musical\u201d; tambi\u00e9n menciono que si tuviera que so\u00f1ar m\u00e1s descabellado, dir\u00eda que le gustar\u00eda ser el primer mexicano en hacer m\u00fasica en la Luna.<\/p>\n<p><strong>Wet Baes<\/strong> y <strong>Cuco<\/strong> son la muestra de que no hace falta ser parte de la escena musical con contactos, sino que con el simple talento y el impulso de internet se puede llegar lejos. Sin duda, esta edici\u00f3n de la <strong>Semana Indie Rocks!<\/strong> cerrar\u00e1 con broche de oro este fin de semana.<\/p>\n<p><iframe style=\"border: 0; width: 350px; height: 442px;\" src=\"https:\/\/bandcamp.com\/EmbeddedPlayer\/track=2740876687\/size=large\/bgcol=ffffff\/linkcol=0687f5\/tracklist=false\/transparent=true\/\" seamless=\"\"><a href=\"http:\/\/wetbaes.bandcamp.com\/track\/secret-love-song\">Secret (Love Song) by Wet Baes<\/a><\/iframe><\/p>\n<p>La<strong> Semana Indie Rocks!<\/strong> se celebra del 3 al 9 de junio de 2019 en el <strong>Foro Indie Rocks!<\/strong>. Boletos a la venta a trav\u00e9s de <a href=\"https:\/\/boletia.com\/eventos\/semanair\" target=\"_blank\" rel=\"noopener noreferrer\">Boletia<\/a>.<\/p>\n<p>&nbsp;<\/p>\n<p>&nbsp;<\/p>\n","protected":false},"excerpt":{"rendered":"<p>Para cerrar con broche de oro la Semana IR!, tendremos a dos j\u00f3venes talentosos en el escenario que traen una onda que mezcla de todo un poco, desde trap, hasta pop y jazz.<\/p>\n","protected":false},"author":5,"featured_media":83703,"comment_status":"open","ping_status":"open","sticky":false,"template":"","format":"standard","meta":{"footnotes":""},"categories":[1,18,17],"tags":[],"class_list":["post-83654","post","type-post","status-publish","format-standard","has-post-thumbnail","hentry","category-cultura","category-musica","category-principal"],"yoast_head":"<!-- This site is optimized with the Yoast SEO plugin v24.7 - https:\/\/yoast.com\/wordpress\/plugins\/seo\/ -->\n<title>#SemanaIR 2019: Entrevista Wet Baes &#171; Reconoce MX<\/title>\n<meta name=\"robots\" content=\"index, follow, max-snippet:-1, max-image-preview:large, max-video-preview:-1\" \/>\n<link rel=\"canonical\" href=\"https:\/\/www.reconoce.mx\/?p=83654\" \/>\n<meta property=\"og:locale\" content=\"es_ES\" \/>\n<meta property=\"og:type\" content=\"article\" \/>\n<meta property=\"og:title\" content=\"#SemanaIR 2019: Entrevista Wet Baes &#171; Reconoce MX\" \/>\n<meta property=\"og:description\" content=\"Para cerrar con broche de oro la Semana IR!, tendremos a dos j\u00f3venes talentosos en el escenario que traen una onda que mezcla de todo un poco, desde trap, hasta pop y jazz.\" \/>\n<meta property=\"og:url\" content=\"https:\/\/www.reconoce.mx\/?p=83654\" \/>\n<meta property=\"og:site_name\" content=\"Reconoce MX\" \/>\n<meta property=\"article:publisher\" content=\"https:\/\/es-la.facebook.com\/ReconoceMX\/\" \/>\n<meta property=\"article:published_time\" content=\"2019-06-06T05:02:55+00:00\" \/>\n<meta property=\"article:modified_time\" content=\"2019-06-06T17:22:11+00:00\" \/>\n<meta property=\"og:image\" content=\"https:\/\/www.reconoce.mx\/wp-content\/uploads\/2019\/06\/wet-baes-cover.jpg\" \/>\n\t<meta property=\"og:image:width\" content=\"590\" \/>\n\t<meta property=\"og:image:height\" content=\"380\" \/>\n\t<meta property=\"og:image:type\" content=\"image\/jpeg\" \/>\n<meta name=\"author\" content=\"Alicia Avila\" \/>\n<meta name=\"twitter:card\" content=\"summary_large_image\" \/>\n<meta name=\"twitter:creator\" content=\"@reconocemx\" \/>\n<meta name=\"twitter:site\" content=\"@reconocemx\" \/>\n<meta name=\"twitter:label1\" content=\"Escrito por\" \/>\n\t<meta name=\"twitter:data1\" content=\"Alicia Avila\" \/>\n\t<meta name=\"twitter:label2\" content=\"Tiempo de lectura\" \/>\n\t<meta name=\"twitter:data2\" content=\"3 minutos\" \/>\n<script type=\"application\/ld+json\" class=\"yoast-schema-graph\">{\"@context\":\"https:\/\/schema.org\",\"@graph\":[{\"@type\":\"Article\",\"@id\":\"https:\/\/www.reconoce.mx\/?p=83654#article\",\"isPartOf\":{\"@id\":\"https:\/\/www.reconoce.mx\/?p=83654\"},\"author\":{\"name\":\"Alicia Avila\",\"@id\":\"http:\/\/www.reconoce.mx\/#\/schema\/person\/13140c419a0109493a28e609b5c2c027\"},\"headline\":\"#SemanaIR 2019: Entrevista Wet Baes\",\"datePublished\":\"2019-06-06T05:02:55+00:00\",\"dateModified\":\"2019-06-06T17:22:11+00:00\",\"mainEntityOfPage\":{\"@id\":\"https:\/\/www.reconoce.mx\/?p=83654\"},\"wordCount\":560,\"commentCount\":0,\"publisher\":{\"@id\":\"http:\/\/www.reconoce.mx\/#organization\"},\"image\":{\"@id\":\"https:\/\/www.reconoce.mx\/?p=83654#primaryimage\"},\"thumbnailUrl\":\"http:\/\/www.reconoce.mx\/wp-content\/uploads\/2019\/06\/wet-baes-cover.jpg\",\"articleSection\":[\"Cultura\",\"M\u00fasica\",\"Principal\"],\"inLanguage\":\"es\",\"potentialAction\":[{\"@type\":\"CommentAction\",\"name\":\"Comment\",\"target\":[\"https:\/\/www.reconoce.mx\/?p=83654#respond\"]}]},{\"@type\":\"WebPage\",\"@id\":\"https:\/\/www.reconoce.mx\/?p=83654\",\"url\":\"https:\/\/www.reconoce.mx\/?p=83654\",\"name\":\"#SemanaIR 2019: Entrevista Wet Baes &#171; Reconoce MX\",\"isPartOf\":{\"@id\":\"http:\/\/www.reconoce.mx\/#website\"},\"primaryImageOfPage\":{\"@id\":\"https:\/\/www.reconoce.mx\/?p=83654#primaryimage\"},\"image\":{\"@id\":\"https:\/\/www.reconoce.mx\/?p=83654#primaryimage\"},\"thumbnailUrl\":\"http:\/\/www.reconoce.mx\/wp-content\/uploads\/2019\/06\/wet-baes-cover.jpg\",\"datePublished\":\"2019-06-06T05:02:55+00:00\",\"dateModified\":\"2019-06-06T17:22:11+00:00\",\"breadcrumb\":{\"@id\":\"https:\/\/www.reconoce.mx\/?p=83654#breadcrumb\"},\"inLanguage\":\"es\",\"potentialAction\":[{\"@type\":\"ReadAction\",\"target\":[\"https:\/\/www.reconoce.mx\/?p=83654\"]}]},{\"@type\":\"ImageObject\",\"inLanguage\":\"es\",\"@id\":\"https:\/\/www.reconoce.mx\/?p=83654#primaryimage\",\"url\":\"http:\/\/www.reconoce.mx\/wp-content\/uploads\/2019\/06\/wet-baes-cover.jpg\",\"contentUrl\":\"http:\/\/www.reconoce.mx\/wp-content\/uploads\/2019\/06\/wet-baes-cover.jpg\",\"width\":590,\"height\":380},{\"@type\":\"BreadcrumbList\",\"@id\":\"https:\/\/www.reconoce.mx\/?p=83654#breadcrumb\",\"itemListElement\":[{\"@type\":\"ListItem\",\"position\":1,\"name\":\"Portada\",\"item\":\"http:\/\/www.reconoce.mx\/\"},{\"@type\":\"ListItem\",\"position\":2,\"name\":\"#SemanaIR 2019: Entrevista Wet Baes\"}]},{\"@type\":\"WebSite\",\"@id\":\"http:\/\/www.reconoce.mx\/#website\",\"url\":\"http:\/\/www.reconoce.mx\/\",\"name\":\"Reconoce MX\",\"description\":\"En Reconoce MX difundimos arte, cultura y conciencia social en M\u00e9xico. Tu ciudad en otra perspectiva.\",\"publisher\":{\"@id\":\"http:\/\/www.reconoce.mx\/#organization\"},\"potentialAction\":[{\"@type\":\"SearchAction\",\"target\":{\"@type\":\"EntryPoint\",\"urlTemplate\":\"http:\/\/www.reconoce.mx\/?s={search_term_string}\"},\"query-input\":{\"@type\":\"PropertyValueSpecification\",\"valueRequired\":true,\"valueName\":\"search_term_string\"}}],\"inLanguage\":\"es\"},{\"@type\":\"Organization\",\"@id\":\"http:\/\/www.reconoce.mx\/#organization\",\"name\":\"Reconoce MX\",\"url\":\"http:\/\/www.reconoce.mx\/\",\"logo\":{\"@type\":\"ImageObject\",\"inLanguage\":\"es\",\"@id\":\"http:\/\/www.reconoce.mx\/#\/schema\/logo\/image\/\",\"url\":\"https:\/\/www.reconoce.mx\/wp-content\/uploads\/2019\/03\/logorcmx-good-1.png\",\"contentUrl\":\"https:\/\/www.reconoce.mx\/wp-content\/uploads\/2019\/03\/logorcmx-good-1.png\",\"width\":280,\"height\":90,\"caption\":\"Reconoce MX\"},\"image\":{\"@id\":\"http:\/\/www.reconoce.mx\/#\/schema\/logo\/image\/\"},\"sameAs\":[\"https:\/\/es-la.facebook.com\/ReconoceMX\/\",\"https:\/\/x.com\/reconocemx\",\"http:\/\/@reconocemx\"]},{\"@type\":\"Person\",\"@id\":\"http:\/\/www.reconoce.mx\/#\/schema\/person\/13140c419a0109493a28e609b5c2c027\",\"name\":\"Alicia Avila\",\"image\":{\"@type\":\"ImageObject\",\"inLanguage\":\"es\",\"@id\":\"http:\/\/www.reconoce.mx\/#\/schema\/person\/image\/\",\"url\":\"https:\/\/secure.gravatar.com\/avatar\/a3fee4f62440f99c279011988c0f31e8facd4737f434d902b4e177fe7c3ef931?s=96&d=identicon&r=g\",\"contentUrl\":\"https:\/\/secure.gravatar.com\/avatar\/a3fee4f62440f99c279011988c0f31e8facd4737f434d902b4e177fe7c3ef931?s=96&d=identicon&r=g\",\"caption\":\"Alicia Avila\"},\"url\":\"http:\/\/www.reconoce.mx\/?author=5\"}]}<\/script>\n<!-- \/ Yoast SEO plugin. -->","yoast_head_json":{"title":"#SemanaIR 2019: Entrevista Wet Baes &#171; Reconoce MX","robots":{"index":"index","follow":"follow","max-snippet":"max-snippet:-1","max-image-preview":"max-image-preview:large","max-video-preview":"max-video-preview:-1"},"canonical":"https:\/\/www.reconoce.mx\/?p=83654","og_locale":"es_ES","og_type":"article","og_title":"#SemanaIR 2019: Entrevista Wet Baes &#171; Reconoce MX","og_description":"Para cerrar con broche de oro la Semana IR!, tendremos a dos j\u00f3venes talentosos en el escenario que traen una onda que mezcla de todo un poco, desde trap, hasta pop y jazz.","og_url":"https:\/\/www.reconoce.mx\/?p=83654","og_site_name":"Reconoce MX","article_publisher":"https:\/\/es-la.facebook.com\/ReconoceMX\/","article_published_time":"2019-06-06T05:02:55+00:00","article_modified_time":"2019-06-06T17:22:11+00:00","og_image":[{"width":590,"height":380,"url":"https:\/\/www.reconoce.mx\/wp-content\/uploads\/2019\/06\/wet-baes-cover.jpg","type":"image\/jpeg"}],"author":"Alicia Avila","twitter_card":"summary_large_image","twitter_creator":"@reconocemx","twitter_site":"@reconocemx","twitter_misc":{"Escrito por":"Alicia Avila","Tiempo de lectura":"3 minutos"},"schema":{"@context":"https:\/\/schema.org","@graph":[{"@type":"Article","@id":"https:\/\/www.reconoce.mx\/?p=83654#article","isPartOf":{"@id":"https:\/\/www.reconoce.mx\/?p=83654"},"author":{"name":"Alicia Avila","@id":"http:\/\/www.reconoce.mx\/#\/schema\/person\/13140c419a0109493a28e609b5c2c027"},"headline":"#SemanaIR 2019: Entrevista Wet Baes","datePublished":"2019-06-06T05:02:55+00:00","dateModified":"2019-06-06T17:22:11+00:00","mainEntityOfPage":{"@id":"https:\/\/www.reconoce.mx\/?p=83654"},"wordCount":560,"commentCount":0,"publisher":{"@id":"http:\/\/www.reconoce.mx\/#organization"},"image":{"@id":"https:\/\/www.reconoce.mx\/?p=83654#primaryimage"},"thumbnailUrl":"http:\/\/www.reconoce.mx\/wp-content\/uploads\/2019\/06\/wet-baes-cover.jpg","articleSection":["Cultura","M\u00fasica","Principal"],"inLanguage":"es","potentialAction":[{"@type":"CommentAction","name":"Comment","target":["https:\/\/www.reconoce.mx\/?p=83654#respond"]}]},{"@type":"WebPage","@id":"https:\/\/www.reconoce.mx\/?p=83654","url":"https:\/\/www.reconoce.mx\/?p=83654","name":"#SemanaIR 2019: Entrevista Wet Baes &#171; Reconoce MX","isPartOf":{"@id":"http:\/\/www.reconoce.mx\/#website"},"primaryImageOfPage":{"@id":"https:\/\/www.reconoce.mx\/?p=83654#primaryimage"},"image":{"@id":"https:\/\/www.reconoce.mx\/?p=83654#primaryimage"},"thumbnailUrl":"http:\/\/www.reconoce.mx\/wp-content\/uploads\/2019\/06\/wet-baes-cover.jpg","datePublished":"2019-06-06T05:02:55+00:00","dateModified":"2019-06-06T17:22:11+00:00","breadcrumb":{"@id":"https:\/\/www.reconoce.mx\/?p=83654#breadcrumb"},"inLanguage":"es","potentialAction":[{"@type":"ReadAction","target":["https:\/\/www.reconoce.mx\/?p=83654"]}]},{"@type":"ImageObject","inLanguage":"es","@id":"https:\/\/www.reconoce.mx\/?p=83654#primaryimage","url":"http:\/\/www.reconoce.mx\/wp-content\/uploads\/2019\/06\/wet-baes-cover.jpg","contentUrl":"http:\/\/www.reconoce.mx\/wp-content\/uploads\/2019\/06\/wet-baes-cover.jpg","width":590,"height":380},{"@type":"BreadcrumbList","@id":"https:\/\/www.reconoce.mx\/?p=83654#breadcrumb","itemListElement":[{"@type":"ListItem","position":1,"name":"Portada","item":"http:\/\/www.reconoce.mx\/"},{"@type":"ListItem","position":2,"name":"#SemanaIR 2019: Entrevista Wet Baes"}]},{"@type":"WebSite","@id":"http:\/\/www.reconoce.mx\/#website","url":"http:\/\/www.reconoce.mx\/","name":"Reconoce MX","description":"En Reconoce MX difundimos arte, cultura y conciencia social en M\u00e9xico. Tu ciudad en otra perspectiva.","publisher":{"@id":"http:\/\/www.reconoce.mx\/#organization"},"potentialAction":[{"@type":"SearchAction","target":{"@type":"EntryPoint","urlTemplate":"http:\/\/www.reconoce.mx\/?s={search_term_string}"},"query-input":{"@type":"PropertyValueSpecification","valueRequired":true,"valueName":"search_term_string"}}],"inLanguage":"es"},{"@type":"Organization","@id":"http:\/\/www.reconoce.mx\/#organization","name":"Reconoce MX","url":"http:\/\/www.reconoce.mx\/","logo":{"@type":"ImageObject","inLanguage":"es","@id":"http:\/\/www.reconoce.mx\/#\/schema\/logo\/image\/","url":"https:\/\/www.reconoce.mx\/wp-content\/uploads\/2019\/03\/logorcmx-good-1.png","contentUrl":"https:\/\/www.reconoce.mx\/wp-content\/uploads\/2019\/03\/logorcmx-good-1.png","width":280,"height":90,"caption":"Reconoce MX"},"image":{"@id":"http:\/\/www.reconoce.mx\/#\/schema\/logo\/image\/"},"sameAs":["https:\/\/es-la.facebook.com\/ReconoceMX\/","https:\/\/x.com\/reconocemx","http:\/\/@reconocemx"]},{"@type":"Person","@id":"http:\/\/www.reconoce.mx\/#\/schema\/person\/13140c419a0109493a28e609b5c2c027","name":"Alicia Avila","image":{"@type":"ImageObject","inLanguage":"es","@id":"http:\/\/www.reconoce.mx\/#\/schema\/person\/image\/","url":"https:\/\/secure.gravatar.com\/avatar\/a3fee4f62440f99c279011988c0f31e8facd4737f434d902b4e177fe7c3ef931?s=96&d=identicon&r=g","contentUrl":"https:\/\/secure.gravatar.com\/avatar\/a3fee4f62440f99c279011988c0f31e8facd4737f434d902b4e177fe7c3ef931?s=96&d=identicon&r=g","caption":"Alicia Avila"},"url":"http:\/\/www.reconoce.mx\/?author=5"}]}},"_links":{"self":[{"href":"http:\/\/www.reconoce.mx\/index.php?rest_route=\/wp\/v2\/posts\/83654","targetHints":{"allow":["GET"]}}],"collection":[{"href":"http:\/\/www.reconoce.mx\/index.php?rest_route=\/wp\/v2\/posts"}],"about":[{"href":"http:\/\/www.reconoce.mx\/index.php?rest_route=\/wp\/v2\/types\/post"}],"author":[{"embeddable":true,"href":"http:\/\/www.reconoce.mx\/index.php?rest_route=\/wp\/v2\/users\/5"}],"replies":[{"embeddable":true,"href":"http:\/\/www.reconoce.mx\/index.php?rest_route=%2Fwp%2Fv2%2Fcomments&post=83654"}],"version-history":[{"count":4,"href":"http:\/\/www.reconoce.mx\/index.php?rest_route=\/wp\/v2\/posts\/83654\/revisions"}],"predecessor-version":[{"id":83704,"href":"http:\/\/www.reconoce.mx\/index.php?rest_route=\/wp\/v2\/posts\/83654\/revisions\/83704"}],"wp:featuredmedia":[{"embeddable":true,"href":"http:\/\/www.reconoce.mx\/index.php?rest_route=\/wp\/v2\/media\/83703"}],"wp:attachment":[{"href":"http:\/\/www.reconoce.mx\/index.php?rest_route=%2Fwp%2Fv2%2Fmedia&parent=83654"}],"wp:term":[{"taxonomy":"category","embeddable":true,"href":"http:\/\/www.reconoce.mx\/index.php?rest_route=%2Fwp%2Fv2%2Fcategories&post=83654"},{"taxonomy":"post_tag","embeddable":true,"href":"http:\/\/www.reconoce.mx\/index.php?rest_route=%2Fwp%2Fv2%2Ftags&post=83654"}],"curies":[{"name":"wp","href":"https:\/\/api.w.org\/{rel}","templated":true}]}}