{"id":83777,"date":"2019-06-11T00:02:25","date_gmt":"2019-06-11T05:02:25","guid":{"rendered":"http:\/\/www.reconoce.mx\/?p=83777"},"modified":"2019-06-09T22:44:03","modified_gmt":"2019-06-10T03:44:03","slug":"cloud-nothings-en-la-semanair-de-indie-rocks","status":"publish","type":"post","link":"http:\/\/www.reconoce.mx\/?p=83777","title":{"rendered":"Cloud Nothings en la #SemanaIR de Indie Rocks!"},"content":{"rendered":"<p><strong>Texto por <a href=\"https:\/\/www.instagram.com\/miriam_alavez\/\" target=\"_blank\" rel=\"noopener noreferrer\">Miriam Alavez Garc\u00eda<\/a>.<br \/>\nFotos por <a href=\"https:\/\/twitter.com\/halexxz\" target=\"_blank\" rel=\"noopener noreferrer\">Alejandra Alavez Garc\u00eda<\/a>.<\/strong><\/p>\n<p>La lluvia del pasado jueves 6 de junio no impidi\u00f3 que nuestros o\u00eddos se apoderaran de los grandes <em>riffs<\/em> de <strong>Cloud Nothings<\/strong>, banda californiana que se present\u00f3 en la <strong>Semana Indie Rocks!<\/strong> en su versi\u00f3n 2019.<\/p>\n<p><img loading=\"lazy\" decoding=\"async\" class=\"alignnone size-full\" src=\"https:\/\/live.staticflickr.com\/65535\/48030942408_41c9222991_k.jpg\" width=\"2048\" height=\"1475\" \/><\/p>\n<p><em><strong>&gt;&gt;<a href=\"https:\/\/www.flickr.com\/photos\/reconocemx\/albums\/72157709003733003\/with\/48030902306\/\" target=\"_blank\" rel=\"noopener noreferrer\">Disfruta de nuestra galer\u00eda completa de Cloud Nothings en Semana IR!<\/a>&lt;&lt;<\/strong><\/em><\/p>\n<p>La noche transcurr\u00eda y el p\u00fablico se daba cita en el rinconcito m\u00e1s rockero de la colonia Roma: el <strong>Foro Indie Rocks!<\/strong>. As\u00ed continuaba sus festejos de la #SemanaIR.<\/p>\n<p>A pesar del retraso en el evento debido a la lluvia en la ciudad, la espera vali\u00f3 la pena, pues los encargados en abrir el show fueron nada m\u00e1s y nada menos que <strong>El Shirota<\/strong>; una banda bastante energ\u00e9tica, caracterizada por su gran rock instrumental pero con mucho <em>power<\/em> que hizo del los asistentes tremenda fiesta. Son 100% mexicanos y su presentaci\u00f3n fue lo m\u00e1ximo.<\/p>\n<p><img loading=\"lazy\" decoding=\"async\" class=\"alignnone size-full\" src=\"https:\/\/live.staticflickr.com\/65535\/48031040477_f2f9a616bd_k.jpg\" width=\"2048\" height=\"1365\" \/><\/p>\n<p><em><strong>&gt;&gt;<a href=\"https:\/\/www.flickr.com\/photos\/reconocemx\/albums\/72157709003784718\/with\/48031040477\/\" target=\"_blank\" rel=\"noopener noreferrer\">Disfruta de nuestra galer\u00eda completa de El Shirota en Semana IR!<\/a>&lt;&lt;<\/strong><\/em><\/p>\n<p>Al t\u00e9rmino de <strong>El Shirota<\/strong>, <strong>Dylan Baldi<\/strong> y compa\u00f1\u00eda subieron al entarimado para consentir a propios y extra\u00f1os; ya se escuchaban los primeros acordes de <em>\u201cEnter Entirely\u201d<\/em>, track que cautiv\u00f3 demasiado a los fan\u00e1ticos. Al t\u00e9rmino de esta primer canci\u00f3n agradecieron y continuaron con <em>\u201cLeave Him Now\u201d, \u201cModern Act\u201d<\/em> y <em>\u201cAnother Way of Life\u201d. <\/em><\/p>\n<p>La banda se mantuvo un sonido bastante potente; muchos <em>riffs<\/em>, golpes en la bater\u00eda que alocaban a la gente, pues los gritos y el <em>slam<\/em> le dieron plus al momento; fue una conexi\u00f3n gradual para hacer explotar el l\u00edmite de intensidad.<\/p>\n<p><img loading=\"lazy\" decoding=\"async\" class=\"alignnone size-full\" src=\"https:\/\/live.staticflickr.com\/65535\/48031007322_1c44e505ce_k.jpg\" width=\"2048\" height=\"1365\" \/><\/p>\n<p><em><strong>&gt;&gt;<a href=\"https:\/\/www.flickr.com\/photos\/reconocemx\/albums\/72157709003733003\/with\/48030902306\/\" target=\"_blank\" rel=\"noopener noreferrer\">Disfruta de nuestra galer\u00eda completa de Cloud Nothings en Semana IR!<\/a>&lt;&lt;<\/strong><\/em><\/p>\n<p><em>\u201cSo Right So Clean\u201d<\/em> rompe relativamente con la lluvia fren\u00e9tica y cuando son\u00f3 <em>\u201cI\u2019m Not Part of Me\u201d,<\/em> se volvi\u00f3 una odisea de adrenalina<em>. <\/em>Con este \u00faltimo tema llegaron a su fin.<\/p>\n<p>La velada pas\u00f3 muy r\u00e1pida, nunca imaginamos que el show de <strong>Cloud Nothings<\/strong> fuera maravilloso, es una agrupaci\u00f3n que vale mucho la pena ver en vivo y a todo color.<\/p>\n<p><img loading=\"lazy\" decoding=\"async\" class=\"alignnone size-full\" src=\"https:\/\/live.staticflickr.com\/65535\/48031006687_23a6c024f6_k.jpg\" width=\"2048\" height=\"1365\" \/><\/p>\n<p><em><strong>&gt;&gt;<a href=\"https:\/\/www.flickr.com\/photos\/reconocemx\/albums\/72157709003733003\/with\/48030902306\/\" target=\"_blank\" rel=\"noopener noreferrer\">Disfruta de nuestra galer\u00eda completa de Cloud Nothings en Semana IR!<\/a>&lt;&lt;<\/strong><\/em><\/p>\n<p>Una vez m\u00e1s la #SemanaIR se luci\u00f3.<\/p>\n<p>&nbsp;<\/p>\n<p>&nbsp;<\/p>\n","protected":false},"excerpt":{"rendered":"<p>Texto por Miriam Alavez Garc\u00eda. Fotos por Alejandra Alavez Garc\u00eda. La lluvia del pasado jueves 6 de junio no impidi\u00f3 que nuestros o\u00eddos se apoderaran de los grandes riffs de Cloud Nothings, banda californiana que se present\u00f3 en la Semana Indie Rocks! en su versi\u00f3n 2019. &gt;&gt;Disfruta de nuestra galer\u00eda completa de Cloud Nothings en [&hellip;]<\/p>\n","protected":false},"author":5,"featured_media":83808,"comment_status":"open","ping_status":"open","sticky":false,"template":"","format":"standard","meta":{"footnotes":""},"categories":[1,18,17],"tags":[],"class_list":["post-83777","post","type-post","status-publish","format-standard","has-post-thumbnail","hentry","category-cultura","category-musica","category-principal"],"yoast_head":"<!-- This site is optimized with the Yoast SEO plugin v24.7 - https:\/\/yoast.com\/wordpress\/plugins\/seo\/ -->\n<title>Cloud Nothings en la #SemanaIR de Indie Rocks! &#171; Reconoce MX<\/title>\n<meta name=\"robots\" content=\"index, follow, max-snippet:-1, max-image-preview:large, max-video-preview:-1\" \/>\n<link rel=\"canonical\" href=\"http:\/\/www.reconoce.mx\/?p=83777\" \/>\n<meta property=\"og:locale\" content=\"es_ES\" \/>\n<meta property=\"og:type\" content=\"article\" \/>\n<meta property=\"og:title\" content=\"Cloud Nothings en la #SemanaIR de Indie Rocks! &#171; Reconoce MX\" \/>\n<meta property=\"og:description\" content=\"Texto por Miriam Alavez Garc\u00eda. Fotos por Alejandra Alavez Garc\u00eda. La lluvia del pasado jueves 6 de junio no impidi\u00f3 que nuestros o\u00eddos se apoderaran de los grandes riffs de Cloud Nothings, banda californiana que se present\u00f3 en la Semana Indie Rocks! en su versi\u00f3n 2019. &gt;&gt;Disfruta de nuestra galer\u00eda completa de Cloud Nothings en [&hellip;]\" \/>\n<meta property=\"og:url\" content=\"http:\/\/www.reconoce.mx\/?p=83777\" \/>\n<meta property=\"og:site_name\" content=\"Reconoce MX\" \/>\n<meta property=\"article:publisher\" content=\"https:\/\/es-la.facebook.com\/ReconoceMX\/\" \/>\n<meta property=\"article:published_time\" content=\"2019-06-11T05:02:25+00:00\" \/>\n<meta property=\"og:image\" content=\"http:\/\/www.reconoce.mx\/wp-content\/uploads\/2019\/06\/cloud-nothings-cover.jpg\" \/>\n\t<meta property=\"og:image:width\" content=\"590\" \/>\n\t<meta property=\"og:image:height\" content=\"380\" \/>\n\t<meta property=\"og:image:type\" content=\"image\/jpeg\" \/>\n<meta name=\"author\" content=\"Alicia Avila\" \/>\n<meta name=\"twitter:card\" content=\"summary_large_image\" \/>\n<meta name=\"twitter:creator\" content=\"@reconocemx\" \/>\n<meta name=\"twitter:site\" content=\"@reconocemx\" \/>\n<meta name=\"twitter:label1\" content=\"Escrito por\" \/>\n\t<meta name=\"twitter:data1\" content=\"Alicia Avila\" \/>\n\t<meta name=\"twitter:label2\" content=\"Tiempo de lectura\" \/>\n\t<meta name=\"twitter:data2\" content=\"2 minutos\" \/>\n<script type=\"application\/ld+json\" class=\"yoast-schema-graph\">{\"@context\":\"https:\/\/schema.org\",\"@graph\":[{\"@type\":\"Article\",\"@id\":\"http:\/\/www.reconoce.mx\/?p=83777#article\",\"isPartOf\":{\"@id\":\"http:\/\/www.reconoce.mx\/?p=83777\"},\"author\":{\"name\":\"Alicia Avila\",\"@id\":\"http:\/\/www.reconoce.mx\/#\/schema\/person\/13140c419a0109493a28e609b5c2c027\"},\"headline\":\"Cloud Nothings en la #SemanaIR de Indie Rocks!\",\"datePublished\":\"2019-06-11T05:02:25+00:00\",\"mainEntityOfPage\":{\"@id\":\"http:\/\/www.reconoce.mx\/?p=83777\"},\"wordCount\":400,\"commentCount\":0,\"publisher\":{\"@id\":\"http:\/\/www.reconoce.mx\/#organization\"},\"image\":{\"@id\":\"http:\/\/www.reconoce.mx\/?p=83777#primaryimage\"},\"thumbnailUrl\":\"http:\/\/www.reconoce.mx\/wp-content\/uploads\/2019\/06\/cloud-nothings-cover.jpg\",\"articleSection\":[\"Cultura\",\"M\u00fasica\",\"Principal\"],\"inLanguage\":\"es\",\"potentialAction\":[{\"@type\":\"CommentAction\",\"name\":\"Comment\",\"target\":[\"http:\/\/www.reconoce.mx\/?p=83777#respond\"]}]},{\"@type\":\"WebPage\",\"@id\":\"http:\/\/www.reconoce.mx\/?p=83777\",\"url\":\"http:\/\/www.reconoce.mx\/?p=83777\",\"name\":\"Cloud Nothings en la #SemanaIR de Indie Rocks! &#171; Reconoce MX\",\"isPartOf\":{\"@id\":\"http:\/\/www.reconoce.mx\/#website\"},\"primaryImageOfPage\":{\"@id\":\"http:\/\/www.reconoce.mx\/?p=83777#primaryimage\"},\"image\":{\"@id\":\"http:\/\/www.reconoce.mx\/?p=83777#primaryimage\"},\"thumbnailUrl\":\"http:\/\/www.reconoce.mx\/wp-content\/uploads\/2019\/06\/cloud-nothings-cover.jpg\",\"datePublished\":\"2019-06-11T05:02:25+00:00\",\"breadcrumb\":{\"@id\":\"http:\/\/www.reconoce.mx\/?p=83777#breadcrumb\"},\"inLanguage\":\"es\",\"potentialAction\":[{\"@type\":\"ReadAction\",\"target\":[\"http:\/\/www.reconoce.mx\/?p=83777\"]}]},{\"@type\":\"ImageObject\",\"inLanguage\":\"es\",\"@id\":\"http:\/\/www.reconoce.mx\/?p=83777#primaryimage\",\"url\":\"http:\/\/www.reconoce.mx\/wp-content\/uploads\/2019\/06\/cloud-nothings-cover.jpg\",\"contentUrl\":\"http:\/\/www.reconoce.mx\/wp-content\/uploads\/2019\/06\/cloud-nothings-cover.jpg\",\"width\":590,\"height\":380},{\"@type\":\"BreadcrumbList\",\"@id\":\"http:\/\/www.reconoce.mx\/?p=83777#breadcrumb\",\"itemListElement\":[{\"@type\":\"ListItem\",\"position\":1,\"name\":\"Portada\",\"item\":\"http:\/\/www.reconoce.mx\/\"},{\"@type\":\"ListItem\",\"position\":2,\"name\":\"Cloud Nothings en la #SemanaIR de Indie Rocks!\"}]},{\"@type\":\"WebSite\",\"@id\":\"http:\/\/www.reconoce.mx\/#website\",\"url\":\"http:\/\/www.reconoce.mx\/\",\"name\":\"Reconoce MX\",\"description\":\"En Reconoce MX difundimos arte, cultura y conciencia social en M\u00e9xico. Tu ciudad en otra perspectiva.\",\"publisher\":{\"@id\":\"http:\/\/www.reconoce.mx\/#organization\"},\"potentialAction\":[{\"@type\":\"SearchAction\",\"target\":{\"@type\":\"EntryPoint\",\"urlTemplate\":\"http:\/\/www.reconoce.mx\/?s={search_term_string}\"},\"query-input\":{\"@type\":\"PropertyValueSpecification\",\"valueRequired\":true,\"valueName\":\"search_term_string\"}}],\"inLanguage\":\"es\"},{\"@type\":\"Organization\",\"@id\":\"http:\/\/www.reconoce.mx\/#organization\",\"name\":\"Reconoce MX\",\"url\":\"http:\/\/www.reconoce.mx\/\",\"logo\":{\"@type\":\"ImageObject\",\"inLanguage\":\"es\",\"@id\":\"http:\/\/www.reconoce.mx\/#\/schema\/logo\/image\/\",\"url\":\"https:\/\/www.reconoce.mx\/wp-content\/uploads\/2019\/03\/logorcmx-good-1.png\",\"contentUrl\":\"https:\/\/www.reconoce.mx\/wp-content\/uploads\/2019\/03\/logorcmx-good-1.png\",\"width\":280,\"height\":90,\"caption\":\"Reconoce MX\"},\"image\":{\"@id\":\"http:\/\/www.reconoce.mx\/#\/schema\/logo\/image\/\"},\"sameAs\":[\"https:\/\/es-la.facebook.com\/ReconoceMX\/\",\"https:\/\/x.com\/reconocemx\",\"http:\/\/@reconocemx\"]},{\"@type\":\"Person\",\"@id\":\"http:\/\/www.reconoce.mx\/#\/schema\/person\/13140c419a0109493a28e609b5c2c027\",\"name\":\"Alicia Avila\",\"image\":{\"@type\":\"ImageObject\",\"inLanguage\":\"es\",\"@id\":\"http:\/\/www.reconoce.mx\/#\/schema\/person\/image\/\",\"url\":\"https:\/\/secure.gravatar.com\/avatar\/a3fee4f62440f99c279011988c0f31e8facd4737f434d902b4e177fe7c3ef931?s=96&d=identicon&r=g\",\"contentUrl\":\"https:\/\/secure.gravatar.com\/avatar\/a3fee4f62440f99c279011988c0f31e8facd4737f434d902b4e177fe7c3ef931?s=96&d=identicon&r=g\",\"caption\":\"Alicia Avila\"},\"url\":\"http:\/\/www.reconoce.mx\/?author=5\"}]}<\/script>\n<!-- \/ Yoast SEO plugin. -->","yoast_head_json":{"title":"Cloud Nothings en la #SemanaIR de Indie Rocks! &#171; Reconoce MX","robots":{"index":"index","follow":"follow","max-snippet":"max-snippet:-1","max-image-preview":"max-image-preview:large","max-video-preview":"max-video-preview:-1"},"canonical":"http:\/\/www.reconoce.mx\/?p=83777","og_locale":"es_ES","og_type":"article","og_title":"Cloud Nothings en la #SemanaIR de Indie Rocks! &#171; Reconoce MX","og_description":"Texto por Miriam Alavez Garc\u00eda. Fotos por Alejandra Alavez Garc\u00eda. La lluvia del pasado jueves 6 de junio no impidi\u00f3 que nuestros o\u00eddos se apoderaran de los grandes riffs de Cloud Nothings, banda californiana que se present\u00f3 en la Semana Indie Rocks! en su versi\u00f3n 2019. &gt;&gt;Disfruta de nuestra galer\u00eda completa de Cloud Nothings en [&hellip;]","og_url":"http:\/\/www.reconoce.mx\/?p=83777","og_site_name":"Reconoce MX","article_publisher":"https:\/\/es-la.facebook.com\/ReconoceMX\/","article_published_time":"2019-06-11T05:02:25+00:00","og_image":[{"width":590,"height":380,"url":"http:\/\/www.reconoce.mx\/wp-content\/uploads\/2019\/06\/cloud-nothings-cover.jpg","type":"image\/jpeg"}],"author":"Alicia Avila","twitter_card":"summary_large_image","twitter_creator":"@reconocemx","twitter_site":"@reconocemx","twitter_misc":{"Escrito por":"Alicia Avila","Tiempo de lectura":"2 minutos"},"schema":{"@context":"https:\/\/schema.org","@graph":[{"@type":"Article","@id":"http:\/\/www.reconoce.mx\/?p=83777#article","isPartOf":{"@id":"http:\/\/www.reconoce.mx\/?p=83777"},"author":{"name":"Alicia Avila","@id":"http:\/\/www.reconoce.mx\/#\/schema\/person\/13140c419a0109493a28e609b5c2c027"},"headline":"Cloud Nothings en la #SemanaIR de Indie Rocks!","datePublished":"2019-06-11T05:02:25+00:00","mainEntityOfPage":{"@id":"http:\/\/www.reconoce.mx\/?p=83777"},"wordCount":400,"commentCount":0,"publisher":{"@id":"http:\/\/www.reconoce.mx\/#organization"},"image":{"@id":"http:\/\/www.reconoce.mx\/?p=83777#primaryimage"},"thumbnailUrl":"http:\/\/www.reconoce.mx\/wp-content\/uploads\/2019\/06\/cloud-nothings-cover.jpg","articleSection":["Cultura","M\u00fasica","Principal"],"inLanguage":"es","potentialAction":[{"@type":"CommentAction","name":"Comment","target":["http:\/\/www.reconoce.mx\/?p=83777#respond"]}]},{"@type":"WebPage","@id":"http:\/\/www.reconoce.mx\/?p=83777","url":"http:\/\/www.reconoce.mx\/?p=83777","name":"Cloud Nothings en la #SemanaIR de Indie Rocks! &#171; Reconoce MX","isPartOf":{"@id":"http:\/\/www.reconoce.mx\/#website"},"primaryImageOfPage":{"@id":"http:\/\/www.reconoce.mx\/?p=83777#primaryimage"},"image":{"@id":"http:\/\/www.reconoce.mx\/?p=83777#primaryimage"},"thumbnailUrl":"http:\/\/www.reconoce.mx\/wp-content\/uploads\/2019\/06\/cloud-nothings-cover.jpg","datePublished":"2019-06-11T05:02:25+00:00","breadcrumb":{"@id":"http:\/\/www.reconoce.mx\/?p=83777#breadcrumb"},"inLanguage":"es","potentialAction":[{"@type":"ReadAction","target":["http:\/\/www.reconoce.mx\/?p=83777"]}]},{"@type":"ImageObject","inLanguage":"es","@id":"http:\/\/www.reconoce.mx\/?p=83777#primaryimage","url":"http:\/\/www.reconoce.mx\/wp-content\/uploads\/2019\/06\/cloud-nothings-cover.jpg","contentUrl":"http:\/\/www.reconoce.mx\/wp-content\/uploads\/2019\/06\/cloud-nothings-cover.jpg","width":590,"height":380},{"@type":"BreadcrumbList","@id":"http:\/\/www.reconoce.mx\/?p=83777#breadcrumb","itemListElement":[{"@type":"ListItem","position":1,"name":"Portada","item":"http:\/\/www.reconoce.mx\/"},{"@type":"ListItem","position":2,"name":"Cloud Nothings en la #SemanaIR de Indie Rocks!"}]},{"@type":"WebSite","@id":"http:\/\/www.reconoce.mx\/#website","url":"http:\/\/www.reconoce.mx\/","name":"Reconoce MX","description":"En Reconoce MX difundimos arte, cultura y conciencia social en M\u00e9xico. Tu ciudad en otra perspectiva.","publisher":{"@id":"http:\/\/www.reconoce.mx\/#organization"},"potentialAction":[{"@type":"SearchAction","target":{"@type":"EntryPoint","urlTemplate":"http:\/\/www.reconoce.mx\/?s={search_term_string}"},"query-input":{"@type":"PropertyValueSpecification","valueRequired":true,"valueName":"search_term_string"}}],"inLanguage":"es"},{"@type":"Organization","@id":"http:\/\/www.reconoce.mx\/#organization","name":"Reconoce MX","url":"http:\/\/www.reconoce.mx\/","logo":{"@type":"ImageObject","inLanguage":"es","@id":"http:\/\/www.reconoce.mx\/#\/schema\/logo\/image\/","url":"https:\/\/www.reconoce.mx\/wp-content\/uploads\/2019\/03\/logorcmx-good-1.png","contentUrl":"https:\/\/www.reconoce.mx\/wp-content\/uploads\/2019\/03\/logorcmx-good-1.png","width":280,"height":90,"caption":"Reconoce MX"},"image":{"@id":"http:\/\/www.reconoce.mx\/#\/schema\/logo\/image\/"},"sameAs":["https:\/\/es-la.facebook.com\/ReconoceMX\/","https:\/\/x.com\/reconocemx","http:\/\/@reconocemx"]},{"@type":"Person","@id":"http:\/\/www.reconoce.mx\/#\/schema\/person\/13140c419a0109493a28e609b5c2c027","name":"Alicia Avila","image":{"@type":"ImageObject","inLanguage":"es","@id":"http:\/\/www.reconoce.mx\/#\/schema\/person\/image\/","url":"https:\/\/secure.gravatar.com\/avatar\/a3fee4f62440f99c279011988c0f31e8facd4737f434d902b4e177fe7c3ef931?s=96&d=identicon&r=g","contentUrl":"https:\/\/secure.gravatar.com\/avatar\/a3fee4f62440f99c279011988c0f31e8facd4737f434d902b4e177fe7c3ef931?s=96&d=identicon&r=g","caption":"Alicia Avila"},"url":"http:\/\/www.reconoce.mx\/?author=5"}]}},"_links":{"self":[{"href":"http:\/\/www.reconoce.mx\/index.php?rest_route=\/wp\/v2\/posts\/83777","targetHints":{"allow":["GET"]}}],"collection":[{"href":"http:\/\/www.reconoce.mx\/index.php?rest_route=\/wp\/v2\/posts"}],"about":[{"href":"http:\/\/www.reconoce.mx\/index.php?rest_route=\/wp\/v2\/types\/post"}],"author":[{"embeddable":true,"href":"http:\/\/www.reconoce.mx\/index.php?rest_route=\/wp\/v2\/users\/5"}],"replies":[{"embeddable":true,"href":"http:\/\/www.reconoce.mx\/index.php?rest_route=%2Fwp%2Fv2%2Fcomments&post=83777"}],"version-history":[{"count":6,"href":"http:\/\/www.reconoce.mx\/index.php?rest_route=\/wp\/v2\/posts\/83777\/revisions"}],"predecessor-version":[{"id":83810,"href":"http:\/\/www.reconoce.mx\/index.php?rest_route=\/wp\/v2\/posts\/83777\/revisions\/83810"}],"wp:featuredmedia":[{"embeddable":true,"href":"http:\/\/www.reconoce.mx\/index.php?rest_route=\/wp\/v2\/media\/83808"}],"wp:attachment":[{"href":"http:\/\/www.reconoce.mx\/index.php?rest_route=%2Fwp%2Fv2%2Fmedia&parent=83777"}],"wp:term":[{"taxonomy":"category","embeddable":true,"href":"http:\/\/www.reconoce.mx\/index.php?rest_route=%2Fwp%2Fv2%2Fcategories&post=83777"},{"taxonomy":"post_tag","embeddable":true,"href":"http:\/\/www.reconoce.mx\/index.php?rest_route=%2Fwp%2Fv2%2Ftags&post=83777"}],"curies":[{"name":"wp","href":"https:\/\/api.w.org\/{rel}","templated":true}]}}