{"id":83815,"date":"2019-06-14T00:03:04","date_gmt":"2019-06-14T05:03:04","guid":{"rendered":"http:\/\/www.reconoce.mx\/?p=83815"},"modified":"2019-06-17T10:20:36","modified_gmt":"2019-06-17T15:20:36","slug":"inner-wave-buena-vibra-desde-la-en-el-foro-indie-rocks","status":"publish","type":"post","link":"http:\/\/www.reconoce.mx\/?p=83815","title":{"rendered":"Inner Wave: buena vibra desde LA en el Foro Indie Rocks!"},"content":{"rendered":"<p><strong>Texto por <span class=\"st\"> <a href=\"https:\/\/twitter.com\/Amauryshow\" target=\"_blank\" rel=\"noopener noreferrer\">Amaury Berdejo Ju\u00e1rez<\/a><\/span>.<br \/>\nFotos por <a href=\"https:\/\/twitter.com\/monceymrh\" target=\"_blank\" rel=\"noopener noreferrer\">Yamileth Moncerrat Ram\u00edrez Hern\u00e1ndez<\/a><\/strong>.<\/p>\n<p>La <strong>Semana IR 2019<\/strong> nos ha dejado un gran sabor de boca gracias a la curadur\u00eda de los shows que siempre busca traer artistas que dif\u00edcilmente vendr\u00edan a otros recintos, pero que representan la voz viva de varias generaciones de m\u00fasicos que siguen sorprendiendo a sus fans.<\/p>\n<p><img loading=\"lazy\" decoding=\"async\" class=\"alignnone size-full\" src=\"https:\/\/live.staticflickr.com\/65535\/48074862776_205dc82c3d_k.jpg\" width=\"2048\" height=\"1365\" \/><\/p>\n<p><em><strong>&gt;&gt;<a href=\"https:\/\/www.flickr.com\/photos\/reconocemx\/albums\/72157709113094012\" target=\"_blank\" rel=\"noopener noreferrer\">Disfruta de nuestra galer\u00eda completa de Inner Wave en Semana IR!<\/a>&lt;&lt;<\/strong><\/em><\/p>\n<p>En esta ocasi\u00f3n, asistimos al show de <strong>Inner Wave<\/strong> (el mi\u00e9rcoles 5 de junio), quienes con una vibra muy ligera y emp\u00e1tica con el p\u00fablico, interpretaron las canciones que los est\u00e1n llevando de gira por varios continentes.<\/p>\n<p>La noche comenz\u00f3 con la banda mexicana <strong>Boson de Higgs<\/strong>, quienes poco a poco buscan formar su propio nombre en la escena musical nacional con una propuesta basada en <em>new wave<\/em> con l\u00edricas que nos remiten a esa \u00e9poca de nuestras vidas donde la rebeld\u00eda es la consigna que nos hace embarcarnos en diversas aventuras. Con un discurso honesto, los originarios de Ciudad de M\u00e9xico fueron los teloneros ideales para el show principal.<\/p>\n<p><img loading=\"lazy\" decoding=\"async\" class=\"alignnone size-full\" src=\"https:\/\/live.staticflickr.com\/65535\/48074903413_4bd1581c5b_c.jpg\" width=\"799\" height=\"533\" \/><\/p>\n<p><em><strong>&gt;&gt;<a href=\"https:\/\/www.flickr.com\/photos\/reconocemx\/albums\/72157709113094012\" target=\"_blank\" rel=\"noopener noreferrer\">Disfruta de nuestra galer\u00eda completa de Inner Wave en Semana IR!<\/a>&lt;&lt;<\/strong><\/em><\/p>\n<p>Despu\u00e9s, con una marcada sencillez apareci\u00f3 <strong>Inner Wave<\/strong>, con un caracter\u00edstico estilo sonoro que plantea juventud en s\u00ed misma, letras sencillas sobre experiencias cotidianas directo desde Los \u00c1ngeles.<\/p>\n<p>Canciones como \u00abWhy&#8217;d You Have to Act Like That Though\u00bb y \u00abMushroom\u00bb, dejaron ver que la banda est\u00e1 formada por amigos en breves interacciones por parte de los integrantes, quienes han tocado juntos desde los 13 a\u00f1os (ahora tienen en promedio 24).<\/p>\n<p><img loading=\"lazy\" decoding=\"async\" class=\"alignnone size-full\" src=\"https:\/\/live.staticflickr.com\/65535\/48074861661_a493cd3dff_b.jpg\" width=\"1024\" height=\"845\" \/><\/p>\n<p><em><strong>&gt;&gt;<a href=\"https:\/\/www.flickr.com\/photos\/reconocemx\/albums\/72157709113094012\" target=\"_blank\" rel=\"noopener noreferrer\">Disfruta de nuestra galer\u00eda completa de Inner Wave en Semana IR!<\/a>&lt;&lt;<\/strong><\/em><\/p>\n<p>Con \u00abDiamond Eyes\u00bb, \u00abInterstellar Me\u00bb y \u00abSong 3\u00bb, la banda consigui\u00f3 una total captura del p\u00fablico para esta banda, cuyas emociones se vieron reflejadas en un vaiv\u00e9n que oscilaba entre temas para bailar y piezas m\u00e1s tranquilas para disfrutar de la noche.<\/p>\n<p>La banda se despidi\u00f3 con las esperadas \u00ab1 4 2\u00bb y \u00abEclipse\u00bb, con las que concluyeron su show para cerrar la tercera jornada de la <strong>Semana IR 2019<\/strong>.<\/p>\n<p>&nbsp;<\/p>\n<p>&nbsp;<\/p>\n","protected":false},"excerpt":{"rendered":"<p>La Semana IR 2019 nos ha dejado un gran sabor de boca gracias a la curadur\u00eda de los shows que siempre busca traer artistas que dif\u00edcilmente vendr\u00edan a otros recintos, pero que representan la voz viva de varias generaciones de m\u00fasicos que siguen sorprendiendo a sus fans.<\/p>\n","protected":false},"author":3,"featured_media":83848,"comment_status":"open","ping_status":"open","sticky":false,"template":"","format":"standard","meta":{"footnotes":""},"categories":[1,18,17],"tags":[],"class_list":["post-83815","post","type-post","status-publish","format-standard","has-post-thumbnail","hentry","category-cultura","category-musica","category-principal"],"yoast_head":"<!-- This site is optimized with the Yoast SEO plugin v24.7 - https:\/\/yoast.com\/wordpress\/plugins\/seo\/ -->\n<title>Inner Wave: buena vibra desde LA en el Foro Indie Rocks! &#171; Reconoce MX<\/title>\n<meta name=\"robots\" content=\"index, follow, max-snippet:-1, max-image-preview:large, max-video-preview:-1\" \/>\n<link rel=\"canonical\" href=\"http:\/\/www.reconoce.mx\/?p=83815\" \/>\n<meta property=\"og:locale\" content=\"es_ES\" \/>\n<meta property=\"og:type\" content=\"article\" \/>\n<meta property=\"og:title\" content=\"Inner Wave: buena vibra desde LA en el Foro Indie Rocks! &#171; Reconoce MX\" \/>\n<meta property=\"og:description\" content=\"La Semana IR 2019 nos ha dejado un gran sabor de boca gracias a la curadur\u00eda de los shows que siempre busca traer artistas que dif\u00edcilmente vendr\u00edan a otros recintos, pero que representan la voz viva de varias generaciones de m\u00fasicos que siguen sorprendiendo a sus fans.\" \/>\n<meta property=\"og:url\" content=\"http:\/\/www.reconoce.mx\/?p=83815\" \/>\n<meta property=\"og:site_name\" content=\"Reconoce MX\" \/>\n<meta property=\"article:publisher\" content=\"https:\/\/es-la.facebook.com\/ReconoceMX\/\" \/>\n<meta property=\"article:published_time\" content=\"2019-06-14T05:03:04+00:00\" \/>\n<meta property=\"article:modified_time\" content=\"2019-06-17T15:20:36+00:00\" \/>\n<meta property=\"og:image\" content=\"http:\/\/www.reconoce.mx\/wp-content\/uploads\/2019\/06\/inner-wave-cover.jpg\" \/>\n\t<meta property=\"og:image:width\" content=\"590\" \/>\n\t<meta property=\"og:image:height\" content=\"380\" \/>\n\t<meta property=\"og:image:type\" content=\"image\/jpeg\" \/>\n<meta name=\"author\" content=\"Amaury Berdejo\" \/>\n<meta name=\"twitter:card\" content=\"summary_large_image\" \/>\n<meta name=\"twitter:creator\" content=\"@reconocemx\" \/>\n<meta name=\"twitter:site\" content=\"@reconocemx\" \/>\n<meta name=\"twitter:label1\" content=\"Escrito por\" \/>\n\t<meta name=\"twitter:data1\" content=\"Amaury Berdejo\" \/>\n\t<meta name=\"twitter:label2\" content=\"Tiempo de lectura\" \/>\n\t<meta name=\"twitter:data2\" content=\"2 minutos\" \/>\n<script type=\"application\/ld+json\" class=\"yoast-schema-graph\">{\"@context\":\"https:\/\/schema.org\",\"@graph\":[{\"@type\":\"Article\",\"@id\":\"http:\/\/www.reconoce.mx\/?p=83815#article\",\"isPartOf\":{\"@id\":\"http:\/\/www.reconoce.mx\/?p=83815\"},\"author\":{\"name\":\"Amaury Berdejo\",\"@id\":\"http:\/\/www.reconoce.mx\/#\/schema\/person\/85de76ea6d040cbd8e489ac321d1820c\"},\"headline\":\"Inner Wave: buena vibra desde LA en el Foro Indie Rocks!\",\"datePublished\":\"2019-06-14T05:03:04+00:00\",\"dateModified\":\"2019-06-17T15:20:36+00:00\",\"mainEntityOfPage\":{\"@id\":\"http:\/\/www.reconoce.mx\/?p=83815\"},\"wordCount\":381,\"commentCount\":0,\"publisher\":{\"@id\":\"http:\/\/www.reconoce.mx\/#organization\"},\"image\":{\"@id\":\"http:\/\/www.reconoce.mx\/?p=83815#primaryimage\"},\"thumbnailUrl\":\"http:\/\/www.reconoce.mx\/wp-content\/uploads\/2019\/06\/inner-wave-cover.jpg\",\"articleSection\":[\"Cultura\",\"M\u00fasica\",\"Principal\"],\"inLanguage\":\"es\",\"potentialAction\":[{\"@type\":\"CommentAction\",\"name\":\"Comment\",\"target\":[\"http:\/\/www.reconoce.mx\/?p=83815#respond\"]}]},{\"@type\":\"WebPage\",\"@id\":\"http:\/\/www.reconoce.mx\/?p=83815\",\"url\":\"http:\/\/www.reconoce.mx\/?p=83815\",\"name\":\"Inner Wave: buena vibra desde LA en el Foro Indie Rocks! &#171; Reconoce MX\",\"isPartOf\":{\"@id\":\"http:\/\/www.reconoce.mx\/#website\"},\"primaryImageOfPage\":{\"@id\":\"http:\/\/www.reconoce.mx\/?p=83815#primaryimage\"},\"image\":{\"@id\":\"http:\/\/www.reconoce.mx\/?p=83815#primaryimage\"},\"thumbnailUrl\":\"http:\/\/www.reconoce.mx\/wp-content\/uploads\/2019\/06\/inner-wave-cover.jpg\",\"datePublished\":\"2019-06-14T05:03:04+00:00\",\"dateModified\":\"2019-06-17T15:20:36+00:00\",\"breadcrumb\":{\"@id\":\"http:\/\/www.reconoce.mx\/?p=83815#breadcrumb\"},\"inLanguage\":\"es\",\"potentialAction\":[{\"@type\":\"ReadAction\",\"target\":[\"http:\/\/www.reconoce.mx\/?p=83815\"]}]},{\"@type\":\"ImageObject\",\"inLanguage\":\"es\",\"@id\":\"http:\/\/www.reconoce.mx\/?p=83815#primaryimage\",\"url\":\"http:\/\/www.reconoce.mx\/wp-content\/uploads\/2019\/06\/inner-wave-cover.jpg\",\"contentUrl\":\"http:\/\/www.reconoce.mx\/wp-content\/uploads\/2019\/06\/inner-wave-cover.jpg\",\"width\":590,\"height\":380},{\"@type\":\"BreadcrumbList\",\"@id\":\"http:\/\/www.reconoce.mx\/?p=83815#breadcrumb\",\"itemListElement\":[{\"@type\":\"ListItem\",\"position\":1,\"name\":\"Portada\",\"item\":\"http:\/\/www.reconoce.mx\/\"},{\"@type\":\"ListItem\",\"position\":2,\"name\":\"Inner Wave: buena vibra desde LA en el Foro Indie Rocks!\"}]},{\"@type\":\"WebSite\",\"@id\":\"http:\/\/www.reconoce.mx\/#website\",\"url\":\"http:\/\/www.reconoce.mx\/\",\"name\":\"Reconoce MX\",\"description\":\"En Reconoce MX difundimos arte, cultura y conciencia social en M\u00e9xico. Tu ciudad en otra perspectiva.\",\"publisher\":{\"@id\":\"http:\/\/www.reconoce.mx\/#organization\"},\"potentialAction\":[{\"@type\":\"SearchAction\",\"target\":{\"@type\":\"EntryPoint\",\"urlTemplate\":\"http:\/\/www.reconoce.mx\/?s={search_term_string}\"},\"query-input\":{\"@type\":\"PropertyValueSpecification\",\"valueRequired\":true,\"valueName\":\"search_term_string\"}}],\"inLanguage\":\"es\"},{\"@type\":\"Organization\",\"@id\":\"http:\/\/www.reconoce.mx\/#organization\",\"name\":\"Reconoce MX\",\"url\":\"http:\/\/www.reconoce.mx\/\",\"logo\":{\"@type\":\"ImageObject\",\"inLanguage\":\"es\",\"@id\":\"http:\/\/www.reconoce.mx\/#\/schema\/logo\/image\/\",\"url\":\"https:\/\/www.reconoce.mx\/wp-content\/uploads\/2019\/03\/logorcmx-good-1.png\",\"contentUrl\":\"https:\/\/www.reconoce.mx\/wp-content\/uploads\/2019\/03\/logorcmx-good-1.png\",\"width\":280,\"height\":90,\"caption\":\"Reconoce MX\"},\"image\":{\"@id\":\"http:\/\/www.reconoce.mx\/#\/schema\/logo\/image\/\"},\"sameAs\":[\"https:\/\/es-la.facebook.com\/ReconoceMX\/\",\"https:\/\/x.com\/reconocemx\",\"http:\/\/@reconocemx\"]},{\"@type\":\"Person\",\"@id\":\"http:\/\/www.reconoce.mx\/#\/schema\/person\/85de76ea6d040cbd8e489ac321d1820c\",\"name\":\"Amaury Berdejo\",\"image\":{\"@type\":\"ImageObject\",\"inLanguage\":\"es\",\"@id\":\"http:\/\/www.reconoce.mx\/#\/schema\/person\/image\/\",\"url\":\"https:\/\/secure.gravatar.com\/avatar\/258e769c65e00a989a4fd4c4268f391af5853984f6d5cef16ebd4497d1f6a946?s=96&d=identicon&r=g\",\"contentUrl\":\"https:\/\/secure.gravatar.com\/avatar\/258e769c65e00a989a4fd4c4268f391af5853984f6d5cef16ebd4497d1f6a946?s=96&d=identicon&r=g\",\"caption\":\"Amaury Berdejo\"},\"url\":\"http:\/\/www.reconoce.mx\/?author=3\"}]}<\/script>\n<!-- \/ Yoast SEO plugin. -->","yoast_head_json":{"title":"Inner Wave: buena vibra desde LA en el Foro Indie Rocks! &#171; Reconoce MX","robots":{"index":"index","follow":"follow","max-snippet":"max-snippet:-1","max-image-preview":"max-image-preview:large","max-video-preview":"max-video-preview:-1"},"canonical":"http:\/\/www.reconoce.mx\/?p=83815","og_locale":"es_ES","og_type":"article","og_title":"Inner Wave: buena vibra desde LA en el Foro Indie Rocks! &#171; Reconoce MX","og_description":"La Semana IR 2019 nos ha dejado un gran sabor de boca gracias a la curadur\u00eda de los shows que siempre busca traer artistas que dif\u00edcilmente vendr\u00edan a otros recintos, pero que representan la voz viva de varias generaciones de m\u00fasicos que siguen sorprendiendo a sus fans.","og_url":"http:\/\/www.reconoce.mx\/?p=83815","og_site_name":"Reconoce MX","article_publisher":"https:\/\/es-la.facebook.com\/ReconoceMX\/","article_published_time":"2019-06-14T05:03:04+00:00","article_modified_time":"2019-06-17T15:20:36+00:00","og_image":[{"width":590,"height":380,"url":"http:\/\/www.reconoce.mx\/wp-content\/uploads\/2019\/06\/inner-wave-cover.jpg","type":"image\/jpeg"}],"author":"Amaury Berdejo","twitter_card":"summary_large_image","twitter_creator":"@reconocemx","twitter_site":"@reconocemx","twitter_misc":{"Escrito por":"Amaury Berdejo","Tiempo de lectura":"2 minutos"},"schema":{"@context":"https:\/\/schema.org","@graph":[{"@type":"Article","@id":"http:\/\/www.reconoce.mx\/?p=83815#article","isPartOf":{"@id":"http:\/\/www.reconoce.mx\/?p=83815"},"author":{"name":"Amaury Berdejo","@id":"http:\/\/www.reconoce.mx\/#\/schema\/person\/85de76ea6d040cbd8e489ac321d1820c"},"headline":"Inner Wave: buena vibra desde LA en el Foro Indie Rocks!","datePublished":"2019-06-14T05:03:04+00:00","dateModified":"2019-06-17T15:20:36+00:00","mainEntityOfPage":{"@id":"http:\/\/www.reconoce.mx\/?p=83815"},"wordCount":381,"commentCount":0,"publisher":{"@id":"http:\/\/www.reconoce.mx\/#organization"},"image":{"@id":"http:\/\/www.reconoce.mx\/?p=83815#primaryimage"},"thumbnailUrl":"http:\/\/www.reconoce.mx\/wp-content\/uploads\/2019\/06\/inner-wave-cover.jpg","articleSection":["Cultura","M\u00fasica","Principal"],"inLanguage":"es","potentialAction":[{"@type":"CommentAction","name":"Comment","target":["http:\/\/www.reconoce.mx\/?p=83815#respond"]}]},{"@type":"WebPage","@id":"http:\/\/www.reconoce.mx\/?p=83815","url":"http:\/\/www.reconoce.mx\/?p=83815","name":"Inner Wave: buena vibra desde LA en el Foro Indie Rocks! &#171; Reconoce MX","isPartOf":{"@id":"http:\/\/www.reconoce.mx\/#website"},"primaryImageOfPage":{"@id":"http:\/\/www.reconoce.mx\/?p=83815#primaryimage"},"image":{"@id":"http:\/\/www.reconoce.mx\/?p=83815#primaryimage"},"thumbnailUrl":"http:\/\/www.reconoce.mx\/wp-content\/uploads\/2019\/06\/inner-wave-cover.jpg","datePublished":"2019-06-14T05:03:04+00:00","dateModified":"2019-06-17T15:20:36+00:00","breadcrumb":{"@id":"http:\/\/www.reconoce.mx\/?p=83815#breadcrumb"},"inLanguage":"es","potentialAction":[{"@type":"ReadAction","target":["http:\/\/www.reconoce.mx\/?p=83815"]}]},{"@type":"ImageObject","inLanguage":"es","@id":"http:\/\/www.reconoce.mx\/?p=83815#primaryimage","url":"http:\/\/www.reconoce.mx\/wp-content\/uploads\/2019\/06\/inner-wave-cover.jpg","contentUrl":"http:\/\/www.reconoce.mx\/wp-content\/uploads\/2019\/06\/inner-wave-cover.jpg","width":590,"height":380},{"@type":"BreadcrumbList","@id":"http:\/\/www.reconoce.mx\/?p=83815#breadcrumb","itemListElement":[{"@type":"ListItem","position":1,"name":"Portada","item":"http:\/\/www.reconoce.mx\/"},{"@type":"ListItem","position":2,"name":"Inner Wave: buena vibra desde LA en el Foro Indie Rocks!"}]},{"@type":"WebSite","@id":"http:\/\/www.reconoce.mx\/#website","url":"http:\/\/www.reconoce.mx\/","name":"Reconoce MX","description":"En Reconoce MX difundimos arte, cultura y conciencia social en M\u00e9xico. Tu ciudad en otra perspectiva.","publisher":{"@id":"http:\/\/www.reconoce.mx\/#organization"},"potentialAction":[{"@type":"SearchAction","target":{"@type":"EntryPoint","urlTemplate":"http:\/\/www.reconoce.mx\/?s={search_term_string}"},"query-input":{"@type":"PropertyValueSpecification","valueRequired":true,"valueName":"search_term_string"}}],"inLanguage":"es"},{"@type":"Organization","@id":"http:\/\/www.reconoce.mx\/#organization","name":"Reconoce MX","url":"http:\/\/www.reconoce.mx\/","logo":{"@type":"ImageObject","inLanguage":"es","@id":"http:\/\/www.reconoce.mx\/#\/schema\/logo\/image\/","url":"https:\/\/www.reconoce.mx\/wp-content\/uploads\/2019\/03\/logorcmx-good-1.png","contentUrl":"https:\/\/www.reconoce.mx\/wp-content\/uploads\/2019\/03\/logorcmx-good-1.png","width":280,"height":90,"caption":"Reconoce MX"},"image":{"@id":"http:\/\/www.reconoce.mx\/#\/schema\/logo\/image\/"},"sameAs":["https:\/\/es-la.facebook.com\/ReconoceMX\/","https:\/\/x.com\/reconocemx","http:\/\/@reconocemx"]},{"@type":"Person","@id":"http:\/\/www.reconoce.mx\/#\/schema\/person\/85de76ea6d040cbd8e489ac321d1820c","name":"Amaury Berdejo","image":{"@type":"ImageObject","inLanguage":"es","@id":"http:\/\/www.reconoce.mx\/#\/schema\/person\/image\/","url":"https:\/\/secure.gravatar.com\/avatar\/258e769c65e00a989a4fd4c4268f391af5853984f6d5cef16ebd4497d1f6a946?s=96&d=identicon&r=g","contentUrl":"https:\/\/secure.gravatar.com\/avatar\/258e769c65e00a989a4fd4c4268f391af5853984f6d5cef16ebd4497d1f6a946?s=96&d=identicon&r=g","caption":"Amaury Berdejo"},"url":"http:\/\/www.reconoce.mx\/?author=3"}]}},"_links":{"self":[{"href":"http:\/\/www.reconoce.mx\/index.php?rest_route=\/wp\/v2\/posts\/83815","targetHints":{"allow":["GET"]}}],"collection":[{"href":"http:\/\/www.reconoce.mx\/index.php?rest_route=\/wp\/v2\/posts"}],"about":[{"href":"http:\/\/www.reconoce.mx\/index.php?rest_route=\/wp\/v2\/types\/post"}],"author":[{"embeddable":true,"href":"http:\/\/www.reconoce.mx\/index.php?rest_route=\/wp\/v2\/users\/3"}],"replies":[{"embeddable":true,"href":"http:\/\/www.reconoce.mx\/index.php?rest_route=%2Fwp%2Fv2%2Fcomments&post=83815"}],"version-history":[{"count":9,"href":"http:\/\/www.reconoce.mx\/index.php?rest_route=\/wp\/v2\/posts\/83815\/revisions"}],"predecessor-version":[{"id":83852,"href":"http:\/\/www.reconoce.mx\/index.php?rest_route=\/wp\/v2\/posts\/83815\/revisions\/83852"}],"wp:featuredmedia":[{"embeddable":true,"href":"http:\/\/www.reconoce.mx\/index.php?rest_route=\/wp\/v2\/media\/83848"}],"wp:attachment":[{"href":"http:\/\/www.reconoce.mx\/index.php?rest_route=%2Fwp%2Fv2%2Fmedia&parent=83815"}],"wp:term":[{"taxonomy":"category","embeddable":true,"href":"http:\/\/www.reconoce.mx\/index.php?rest_route=%2Fwp%2Fv2%2Fcategories&post=83815"},{"taxonomy":"post_tag","embeddable":true,"href":"http:\/\/www.reconoce.mx\/index.php?rest_route=%2Fwp%2Fv2%2Ftags&post=83815"}],"curies":[{"name":"wp","href":"https:\/\/api.w.org\/{rel}","templated":true}]}}