{"id":83854,"date":"2019-06-18T00:02:39","date_gmt":"2019-06-18T05:02:39","guid":{"rendered":"http:\/\/www.reconoce.mx\/?p=83854"},"modified":"2019-07-29T11:33:04","modified_gmt":"2019-07-29T16:33:04","slug":"hombres-de-negro-internacional-una-promesa-sin-cumplir","status":"publish","type":"post","link":"http:\/\/www.reconoce.mx\/?p=83854","title":{"rendered":"\u00abHombres de Negro: Internacional\u00bb: una promesa sin cumplir"},"content":{"rendered":"<p><strong>Por <a href=\"https:\/\/twitter.com\/alfonsom7\" target=\"_blank\" rel=\"noopener noreferrer\">Alfonso Mireles Jacobo<\/a><\/strong>.<\/p>\n<p>Los hombres de negro est\u00e1n de vuelta. En esta ocasi\u00f3n cuentan la historia de Molly (<strong>Tessa Thompson<\/strong>), quien por un evento en su ni\u00f1ez se obsesiona con encontrar e ingresar a la agencia de control alien\u00edgena m\u00e1s restringida del planeta Tierra. Ella debe viajar a la rama ubicada en Inglaterra, y junto con el heroico y reconocido agente H (<strong>Chris Hemsworth<\/strong>) tendr\u00e1n que enfrentar una nueva amenaza, cuyo origen podr\u00eda ser el que menos esperan.<\/p>\n<p><a href=\"http:\/\/www.reconoce.mx\/wp-content\/uploads\/2019\/06\/hombres-de-negro-internacional-poster.jpg\"><img loading=\"lazy\" decoding=\"async\" class=\"aligncenter size-full wp-image-83858\" src=\"http:\/\/www.reconoce.mx\/wp-content\/uploads\/2019\/06\/hombres-de-negro-internacional-poster.jpg\" alt=\"\" width=\"735\" height=\"1102\" srcset=\"http:\/\/www.reconoce.mx\/wp-content\/uploads\/2019\/06\/hombres-de-negro-internacional-poster.jpg 735w, http:\/\/www.reconoce.mx\/wp-content\/uploads\/2019\/06\/hombres-de-negro-internacional-poster-200x300.jpg 200w, http:\/\/www.reconoce.mx\/wp-content\/uploads\/2019\/06\/hombres-de-negro-internacional-poster-683x1024.jpg 683w, http:\/\/www.reconoce.mx\/wp-content\/uploads\/2019\/06\/hombres-de-negro-internacional-poster-150x225.jpg 150w, http:\/\/www.reconoce.mx\/wp-content\/uploads\/2019\/06\/hombres-de-negro-internacional-poster-700x1050.jpg 700w, http:\/\/www.reconoce.mx\/wp-content\/uploads\/2019\/06\/hombres-de-negro-internacional-poster-658x987.jpg 658w, http:\/\/www.reconoce.mx\/wp-content\/uploads\/2019\/06\/hombres-de-negro-internacional-poster-300x450.jpg 300w\" sizes=\"auto, (max-width: 735px) 100vw, 735px\" \/><\/a><\/p>\n<p>Desde el inicio, la pel\u00edcula plantea la introducci\u00f3n de sus nuevos personajes en escenas cortas, directas y a veces inconexas. Da por hecho que el espectador ya entiende quienes son los Hombres de Negro, y nos arrebata de golpe la nostalgia que pudi\u00e9ramos sentir por revisitar de una forma m\u00e1s pausada la agencia de control alien\u00edgena. No por esto, la presentaci\u00f3n de la agente Molly deja de ser emocionante, y su entrenamiento, a pesar de ser apresurado, nos permite recordar el glorioso ingreso del agente J (<strong>Will Smith<\/strong>) en entregas pasadas.<\/p>\n<p>Podr\u00eda pensarse a partir del trailer de la pel\u00edcula, que la colaboraci\u00f3n entre el personaje de <strong>Tessa Thompson<\/strong> y <strong>Chris Hemsworth<\/strong> ser\u00eda \u00fanica, pero no se logra la memorable qu\u00edmica que alcanzaron con \u00ab<a href=\"http:\/\/www.reconoce.mx\/thor-ragnarok-entretenida-y-relajada-aventura\/\" target=\"_blank\" rel=\"noopener noreferrer\">Thor: Ragnarok<\/a>\u00ab. Esto se debe a que las motivaciones que llevan a colaborar a sus personajes carecen de valor emocional, pareciendo oportunistas y espont\u00e1neas. Lo mismo sucede con los agentes C (<strong>Rafe Spall<\/strong>) y High T (<strong>Liam Neeson<\/strong>), cuyas apariciones son breves y casi insignificantes.<\/p>\n<p><a href=\"http:\/\/www.reconoce.mx\/wp-content\/uploads\/2019\/06\/hombres-de-negro-internacional-1.jpg\"><img loading=\"lazy\" decoding=\"async\" class=\"aligncenter size-full wp-image-83856\" src=\"http:\/\/www.reconoce.mx\/wp-content\/uploads\/2019\/06\/hombres-de-negro-internacional-1.jpg\" alt=\"\" width=\"590\" height=\"380\" srcset=\"http:\/\/www.reconoce.mx\/wp-content\/uploads\/2019\/06\/hombres-de-negro-internacional-1.jpg 590w, http:\/\/www.reconoce.mx\/wp-content\/uploads\/2019\/06\/hombres-de-negro-internacional-1-300x193.jpg 300w, http:\/\/www.reconoce.mx\/wp-content\/uploads\/2019\/06\/hombres-de-negro-internacional-1-150x97.jpg 150w\" sizes=\"auto, (max-width: 590px) 100vw, 590px\" \/><\/a><\/p>\n<p>La comedia en la saga, a pesar de ser uno de sus emblemas principales, decae demasiado en toda la pel\u00edcula. Es quiz\u00e1 por el personaje de Pawny, un alien\u00edgena aliado a los hombres de negro interpretado por <strong>Kumail Nanjiani<\/strong>, que este elemento no se ausenta por completo y se logra un tono ligeramente c\u00f3mico sin llegar a ser forzado y que tiene sus momentos.<\/p>\n<p>En cuanto a la acci\u00f3n, hay suficientes batallas y persecuciones alien\u00edgenas. Sin embargo duran poco, con efectos especiales poco elaborados que se sienten repetitivos, y que hasta provocan que los personajes parezcan ajenos al escenario en que se encuentran. Estas escenas se acompa\u00f1an de la m\u00fasica de <strong>Danny Elfman<\/strong>, que engalana de nueva cuenta esta entrega. Aunque s\u00ed se extra\u00f1a un tema principal que acompa\u00f1e al lanzamiento de la pel\u00edcula, como en su momento fueron \u201cMen In Black\u201d y \u201cBlack Suits Comin\u2019\u201d interpretados por <strong>Will Smith<\/strong>.<\/p>\n<style>.embed-container { position: relative; padding-bottom: 56.25%; height: 0; overflow: hidden; max-width: 100%; } .embed-container iframe, .embed-container object, .embed-container embed { position: absolute; top: 0; left: 0; width: 100%; height: 100%; }<\/style>\n<div class='embed-container'><iframe src='https:\/\/www.youtube.com\/embed\/HxH95rKJbc8' frameborder='0' allowfullscreen><\/iframe><\/div>\n<p>&nbsp;<\/p>\n<p>\u00abHombres de Negro: Internacional\u00bb se convierte en una promesa sin cumplir. Con una trama predecible, y sin intenci\u00f3n de ser un punto de partida para otras entregas, el espectador puede esperar una pel\u00edcula que lo entretenga un rato, y que quiz\u00e1 lo invite a volver a ver la saga desde el inicio.<\/p>\n<p>\u00abHombres de Negro: Internacional\u00bb se encuentra actualmente en cines nacionales.<\/p>\n<p style=\"text-align: right;\">Con im\u00e1genes cortes\u00eda de <strong>Sony Pictures Entertainment | Mexico<\/strong>.<\/p>\n<p>&nbsp;<\/p>\n<p>&nbsp;<\/p>\n","protected":false},"excerpt":{"rendered":"<p>Los hombres de negro est\u00e1n de vuelta. En esta ocasi\u00f3n cuentan la historia de Molly (Tessa Thompson), quien por un evento en su ni\u00f1ez se obsesiona con encontrar e ingresar a la agencia de control alien\u00edgena m\u00e1s restringida del planeta Tierra.<\/p>\n","protected":false},"author":2,"featured_media":83857,"comment_status":"open","ping_status":"open","sticky":false,"template":"","format":"standard","meta":{"footnotes":""},"categories":[24,1,17],"tags":[],"class_list":["post-83854","post","type-post","status-publish","format-standard","has-post-thumbnail","hentry","category-cine","category-cultura","category-principal"],"yoast_head":"<!-- This site is optimized with the Yoast SEO plugin v24.7 - https:\/\/yoast.com\/wordpress\/plugins\/seo\/ -->\n<title>&quot;Hombres de Negro: Internacional&quot;: una promesa sin cumplir &#171; Reconoce MX<\/title>\n<meta name=\"robots\" content=\"index, follow, max-snippet:-1, max-image-preview:large, max-video-preview:-1\" \/>\n<link rel=\"canonical\" href=\"http:\/\/www.reconoce.mx\/?p=83854\" \/>\n<meta property=\"og:locale\" content=\"es_ES\" \/>\n<meta property=\"og:type\" content=\"article\" \/>\n<meta property=\"og:title\" content=\"&quot;Hombres de Negro: Internacional&quot;: una promesa sin cumplir &#171; Reconoce MX\" \/>\n<meta property=\"og:description\" content=\"Los hombres de negro est\u00e1n de vuelta. En esta ocasi\u00f3n cuentan la historia de Molly (Tessa Thompson), quien por un evento en su ni\u00f1ez se obsesiona con encontrar e ingresar a la agencia de control alien\u00edgena m\u00e1s restringida del planeta Tierra.\" \/>\n<meta property=\"og:url\" content=\"http:\/\/www.reconoce.mx\/?p=83854\" \/>\n<meta property=\"og:site_name\" content=\"Reconoce MX\" \/>\n<meta property=\"article:publisher\" content=\"https:\/\/es-la.facebook.com\/ReconoceMX\/\" \/>\n<meta property=\"article:published_time\" content=\"2019-06-18T05:02:39+00:00\" \/>\n<meta property=\"article:modified_time\" content=\"2019-07-29T16:33:04+00:00\" \/>\n<meta property=\"og:image\" content=\"http:\/\/www.reconoce.mx\/wp-content\/uploads\/2019\/06\/hombres-de-negro-internacional-cover.jpg\" \/>\n\t<meta property=\"og:image:width\" content=\"590\" \/>\n\t<meta property=\"og:image:height\" content=\"380\" \/>\n\t<meta property=\"og:image:type\" content=\"image\/jpeg\" \/>\n<meta name=\"author\" content=\"Reconoce MX\" \/>\n<meta name=\"twitter:card\" content=\"summary_large_image\" \/>\n<meta name=\"twitter:creator\" content=\"@reconocemx\" \/>\n<meta name=\"twitter:site\" content=\"@reconocemx\" \/>\n<meta name=\"twitter:label1\" content=\"Escrito por\" \/>\n\t<meta name=\"twitter:data1\" content=\"Reconoce MX\" \/>\n\t<meta name=\"twitter:label2\" content=\"Tiempo de lectura\" \/>\n\t<meta name=\"twitter:data2\" content=\"3 minutos\" \/>\n<script type=\"application\/ld+json\" class=\"yoast-schema-graph\">{\"@context\":\"https:\/\/schema.org\",\"@graph\":[{\"@type\":\"Article\",\"@id\":\"http:\/\/www.reconoce.mx\/?p=83854#article\",\"isPartOf\":{\"@id\":\"http:\/\/www.reconoce.mx\/?p=83854\"},\"author\":{\"name\":\"Reconoce MX\",\"@id\":\"http:\/\/www.reconoce.mx\/#\/schema\/person\/2117e997d7051dc15d6880eaf9bca0b2\"},\"headline\":\"\u00abHombres de Negro: Internacional\u00bb: una promesa sin cumplir\",\"datePublished\":\"2019-06-18T05:02:39+00:00\",\"dateModified\":\"2019-07-29T16:33:04+00:00\",\"mainEntityOfPage\":{\"@id\":\"http:\/\/www.reconoce.mx\/?p=83854\"},\"wordCount\":512,\"commentCount\":0,\"publisher\":{\"@id\":\"http:\/\/www.reconoce.mx\/#organization\"},\"image\":{\"@id\":\"http:\/\/www.reconoce.mx\/?p=83854#primaryimage\"},\"thumbnailUrl\":\"http:\/\/www.reconoce.mx\/wp-content\/uploads\/2019\/06\/hombres-de-negro-internacional-cover.jpg\",\"articleSection\":[\"Cine\",\"Cultura\",\"Principal\"],\"inLanguage\":\"es\",\"potentialAction\":[{\"@type\":\"CommentAction\",\"name\":\"Comment\",\"target\":[\"http:\/\/www.reconoce.mx\/?p=83854#respond\"]}]},{\"@type\":\"WebPage\",\"@id\":\"http:\/\/www.reconoce.mx\/?p=83854\",\"url\":\"http:\/\/www.reconoce.mx\/?p=83854\",\"name\":\"\\\"Hombres de Negro: Internacional\\\": una promesa sin cumplir &#171; Reconoce MX\",\"isPartOf\":{\"@id\":\"http:\/\/www.reconoce.mx\/#website\"},\"primaryImageOfPage\":{\"@id\":\"http:\/\/www.reconoce.mx\/?p=83854#primaryimage\"},\"image\":{\"@id\":\"http:\/\/www.reconoce.mx\/?p=83854#primaryimage\"},\"thumbnailUrl\":\"http:\/\/www.reconoce.mx\/wp-content\/uploads\/2019\/06\/hombres-de-negro-internacional-cover.jpg\",\"datePublished\":\"2019-06-18T05:02:39+00:00\",\"dateModified\":\"2019-07-29T16:33:04+00:00\",\"breadcrumb\":{\"@id\":\"http:\/\/www.reconoce.mx\/?p=83854#breadcrumb\"},\"inLanguage\":\"es\",\"potentialAction\":[{\"@type\":\"ReadAction\",\"target\":[\"http:\/\/www.reconoce.mx\/?p=83854\"]}]},{\"@type\":\"ImageObject\",\"inLanguage\":\"es\",\"@id\":\"http:\/\/www.reconoce.mx\/?p=83854#primaryimage\",\"url\":\"http:\/\/www.reconoce.mx\/wp-content\/uploads\/2019\/06\/hombres-de-negro-internacional-cover.jpg\",\"contentUrl\":\"http:\/\/www.reconoce.mx\/wp-content\/uploads\/2019\/06\/hombres-de-negro-internacional-cover.jpg\",\"width\":590,\"height\":380},{\"@type\":\"BreadcrumbList\",\"@id\":\"http:\/\/www.reconoce.mx\/?p=83854#breadcrumb\",\"itemListElement\":[{\"@type\":\"ListItem\",\"position\":1,\"name\":\"Portada\",\"item\":\"http:\/\/www.reconoce.mx\/\"},{\"@type\":\"ListItem\",\"position\":2,\"name\":\"\u00abHombres de Negro: Internacional\u00bb: una promesa sin cumplir\"}]},{\"@type\":\"WebSite\",\"@id\":\"http:\/\/www.reconoce.mx\/#website\",\"url\":\"http:\/\/www.reconoce.mx\/\",\"name\":\"Reconoce MX\",\"description\":\"En Reconoce MX difundimos arte, cultura y conciencia social en M\u00e9xico. Tu ciudad en otra perspectiva.\",\"publisher\":{\"@id\":\"http:\/\/www.reconoce.mx\/#organization\"},\"potentialAction\":[{\"@type\":\"SearchAction\",\"target\":{\"@type\":\"EntryPoint\",\"urlTemplate\":\"http:\/\/www.reconoce.mx\/?s={search_term_string}\"},\"query-input\":{\"@type\":\"PropertyValueSpecification\",\"valueRequired\":true,\"valueName\":\"search_term_string\"}}],\"inLanguage\":\"es\"},{\"@type\":\"Organization\",\"@id\":\"http:\/\/www.reconoce.mx\/#organization\",\"name\":\"Reconoce MX\",\"url\":\"http:\/\/www.reconoce.mx\/\",\"logo\":{\"@type\":\"ImageObject\",\"inLanguage\":\"es\",\"@id\":\"http:\/\/www.reconoce.mx\/#\/schema\/logo\/image\/\",\"url\":\"https:\/\/www.reconoce.mx\/wp-content\/uploads\/2019\/03\/logorcmx-good-1.png\",\"contentUrl\":\"https:\/\/www.reconoce.mx\/wp-content\/uploads\/2019\/03\/logorcmx-good-1.png\",\"width\":280,\"height\":90,\"caption\":\"Reconoce MX\"},\"image\":{\"@id\":\"http:\/\/www.reconoce.mx\/#\/schema\/logo\/image\/\"},\"sameAs\":[\"https:\/\/es-la.facebook.com\/ReconoceMX\/\",\"https:\/\/x.com\/reconocemx\",\"http:\/\/@reconocemx\"]},{\"@type\":\"Person\",\"@id\":\"http:\/\/www.reconoce.mx\/#\/schema\/person\/2117e997d7051dc15d6880eaf9bca0b2\",\"name\":\"Reconoce MX\",\"image\":{\"@type\":\"ImageObject\",\"inLanguage\":\"es\",\"@id\":\"http:\/\/www.reconoce.mx\/#\/schema\/person\/image\/\",\"url\":\"https:\/\/secure.gravatar.com\/avatar\/6c8d4dc7569ca1c90c5fdcc349f839d5ddef6fe1e70b4337ead2ef1a4c43fc3a?s=96&d=identicon&r=g\",\"contentUrl\":\"https:\/\/secure.gravatar.com\/avatar\/6c8d4dc7569ca1c90c5fdcc349f839d5ddef6fe1e70b4337ead2ef1a4c43fc3a?s=96&d=identicon&r=g\",\"caption\":\"Reconoce MX\"},\"description\":\"Reconoce MX es un proyecto de difusi\u00f3n art\u00edstica, cultural y de conciencia social que est\u00e1 enfocado a difundir y fomentar el entretenimiento alternativo de calidad para todo el p\u00fablico que comparta el mismo entusiasmo.\",\"sameAs\":[\"http:\/\/www.reconoce.mx\"],\"url\":\"http:\/\/www.reconoce.mx\/?author=2\"}]}<\/script>\n<!-- \/ Yoast SEO plugin. -->","yoast_head_json":{"title":"\"Hombres de Negro: Internacional\": una promesa sin cumplir &#171; Reconoce MX","robots":{"index":"index","follow":"follow","max-snippet":"max-snippet:-1","max-image-preview":"max-image-preview:large","max-video-preview":"max-video-preview:-1"},"canonical":"http:\/\/www.reconoce.mx\/?p=83854","og_locale":"es_ES","og_type":"article","og_title":"\"Hombres de Negro: Internacional\": una promesa sin cumplir &#171; Reconoce MX","og_description":"Los hombres de negro est\u00e1n de vuelta. En esta ocasi\u00f3n cuentan la historia de Molly (Tessa Thompson), quien por un evento en su ni\u00f1ez se obsesiona con encontrar e ingresar a la agencia de control alien\u00edgena m\u00e1s restringida del planeta Tierra.","og_url":"http:\/\/www.reconoce.mx\/?p=83854","og_site_name":"Reconoce MX","article_publisher":"https:\/\/es-la.facebook.com\/ReconoceMX\/","article_published_time":"2019-06-18T05:02:39+00:00","article_modified_time":"2019-07-29T16:33:04+00:00","og_image":[{"width":590,"height":380,"url":"http:\/\/www.reconoce.mx\/wp-content\/uploads\/2019\/06\/hombres-de-negro-internacional-cover.jpg","type":"image\/jpeg"}],"author":"Reconoce MX","twitter_card":"summary_large_image","twitter_creator":"@reconocemx","twitter_site":"@reconocemx","twitter_misc":{"Escrito por":"Reconoce MX","Tiempo de lectura":"3 minutos"},"schema":{"@context":"https:\/\/schema.org","@graph":[{"@type":"Article","@id":"http:\/\/www.reconoce.mx\/?p=83854#article","isPartOf":{"@id":"http:\/\/www.reconoce.mx\/?p=83854"},"author":{"name":"Reconoce MX","@id":"http:\/\/www.reconoce.mx\/#\/schema\/person\/2117e997d7051dc15d6880eaf9bca0b2"},"headline":"\u00abHombres de Negro: Internacional\u00bb: una promesa sin cumplir","datePublished":"2019-06-18T05:02:39+00:00","dateModified":"2019-07-29T16:33:04+00:00","mainEntityOfPage":{"@id":"http:\/\/www.reconoce.mx\/?p=83854"},"wordCount":512,"commentCount":0,"publisher":{"@id":"http:\/\/www.reconoce.mx\/#organization"},"image":{"@id":"http:\/\/www.reconoce.mx\/?p=83854#primaryimage"},"thumbnailUrl":"http:\/\/www.reconoce.mx\/wp-content\/uploads\/2019\/06\/hombres-de-negro-internacional-cover.jpg","articleSection":["Cine","Cultura","Principal"],"inLanguage":"es","potentialAction":[{"@type":"CommentAction","name":"Comment","target":["http:\/\/www.reconoce.mx\/?p=83854#respond"]}]},{"@type":"WebPage","@id":"http:\/\/www.reconoce.mx\/?p=83854","url":"http:\/\/www.reconoce.mx\/?p=83854","name":"\"Hombres de Negro: Internacional\": una promesa sin cumplir &#171; Reconoce MX","isPartOf":{"@id":"http:\/\/www.reconoce.mx\/#website"},"primaryImageOfPage":{"@id":"http:\/\/www.reconoce.mx\/?p=83854#primaryimage"},"image":{"@id":"http:\/\/www.reconoce.mx\/?p=83854#primaryimage"},"thumbnailUrl":"http:\/\/www.reconoce.mx\/wp-content\/uploads\/2019\/06\/hombres-de-negro-internacional-cover.jpg","datePublished":"2019-06-18T05:02:39+00:00","dateModified":"2019-07-29T16:33:04+00:00","breadcrumb":{"@id":"http:\/\/www.reconoce.mx\/?p=83854#breadcrumb"},"inLanguage":"es","potentialAction":[{"@type":"ReadAction","target":["http:\/\/www.reconoce.mx\/?p=83854"]}]},{"@type":"ImageObject","inLanguage":"es","@id":"http:\/\/www.reconoce.mx\/?p=83854#primaryimage","url":"http:\/\/www.reconoce.mx\/wp-content\/uploads\/2019\/06\/hombres-de-negro-internacional-cover.jpg","contentUrl":"http:\/\/www.reconoce.mx\/wp-content\/uploads\/2019\/06\/hombres-de-negro-internacional-cover.jpg","width":590,"height":380},{"@type":"BreadcrumbList","@id":"http:\/\/www.reconoce.mx\/?p=83854#breadcrumb","itemListElement":[{"@type":"ListItem","position":1,"name":"Portada","item":"http:\/\/www.reconoce.mx\/"},{"@type":"ListItem","position":2,"name":"\u00abHombres de Negro: Internacional\u00bb: una promesa sin cumplir"}]},{"@type":"WebSite","@id":"http:\/\/www.reconoce.mx\/#website","url":"http:\/\/www.reconoce.mx\/","name":"Reconoce MX","description":"En Reconoce MX difundimos arte, cultura y conciencia social en M\u00e9xico. Tu ciudad en otra perspectiva.","publisher":{"@id":"http:\/\/www.reconoce.mx\/#organization"},"potentialAction":[{"@type":"SearchAction","target":{"@type":"EntryPoint","urlTemplate":"http:\/\/www.reconoce.mx\/?s={search_term_string}"},"query-input":{"@type":"PropertyValueSpecification","valueRequired":true,"valueName":"search_term_string"}}],"inLanguage":"es"},{"@type":"Organization","@id":"http:\/\/www.reconoce.mx\/#organization","name":"Reconoce MX","url":"http:\/\/www.reconoce.mx\/","logo":{"@type":"ImageObject","inLanguage":"es","@id":"http:\/\/www.reconoce.mx\/#\/schema\/logo\/image\/","url":"https:\/\/www.reconoce.mx\/wp-content\/uploads\/2019\/03\/logorcmx-good-1.png","contentUrl":"https:\/\/www.reconoce.mx\/wp-content\/uploads\/2019\/03\/logorcmx-good-1.png","width":280,"height":90,"caption":"Reconoce MX"},"image":{"@id":"http:\/\/www.reconoce.mx\/#\/schema\/logo\/image\/"},"sameAs":["https:\/\/es-la.facebook.com\/ReconoceMX\/","https:\/\/x.com\/reconocemx","http:\/\/@reconocemx"]},{"@type":"Person","@id":"http:\/\/www.reconoce.mx\/#\/schema\/person\/2117e997d7051dc15d6880eaf9bca0b2","name":"Reconoce MX","image":{"@type":"ImageObject","inLanguage":"es","@id":"http:\/\/www.reconoce.mx\/#\/schema\/person\/image\/","url":"https:\/\/secure.gravatar.com\/avatar\/6c8d4dc7569ca1c90c5fdcc349f839d5ddef6fe1e70b4337ead2ef1a4c43fc3a?s=96&d=identicon&r=g","contentUrl":"https:\/\/secure.gravatar.com\/avatar\/6c8d4dc7569ca1c90c5fdcc349f839d5ddef6fe1e70b4337ead2ef1a4c43fc3a?s=96&d=identicon&r=g","caption":"Reconoce MX"},"description":"Reconoce MX es un proyecto de difusi\u00f3n art\u00edstica, cultural y de conciencia social que est\u00e1 enfocado a difundir y fomentar el entretenimiento alternativo de calidad para todo el p\u00fablico que comparta el mismo entusiasmo.","sameAs":["http:\/\/www.reconoce.mx"],"url":"http:\/\/www.reconoce.mx\/?author=2"}]}},"_links":{"self":[{"href":"http:\/\/www.reconoce.mx\/index.php?rest_route=\/wp\/v2\/posts\/83854","targetHints":{"allow":["GET"]}}],"collection":[{"href":"http:\/\/www.reconoce.mx\/index.php?rest_route=\/wp\/v2\/posts"}],"about":[{"href":"http:\/\/www.reconoce.mx\/index.php?rest_route=\/wp\/v2\/types\/post"}],"author":[{"embeddable":true,"href":"http:\/\/www.reconoce.mx\/index.php?rest_route=\/wp\/v2\/users\/2"}],"replies":[{"embeddable":true,"href":"http:\/\/www.reconoce.mx\/index.php?rest_route=%2Fwp%2Fv2%2Fcomments&post=83854"}],"version-history":[{"count":2,"href":"http:\/\/www.reconoce.mx\/index.php?rest_route=\/wp\/v2\/posts\/83854\/revisions"}],"predecessor-version":[{"id":83860,"href":"http:\/\/www.reconoce.mx\/index.php?rest_route=\/wp\/v2\/posts\/83854\/revisions\/83860"}],"wp:featuredmedia":[{"embeddable":true,"href":"http:\/\/www.reconoce.mx\/index.php?rest_route=\/wp\/v2\/media\/83857"}],"wp:attachment":[{"href":"http:\/\/www.reconoce.mx\/index.php?rest_route=%2Fwp%2Fv2%2Fmedia&parent=83854"}],"wp:term":[{"taxonomy":"category","embeddable":true,"href":"http:\/\/www.reconoce.mx\/index.php?rest_route=%2Fwp%2Fv2%2Fcategories&post=83854"},{"taxonomy":"post_tag","embeddable":true,"href":"http:\/\/www.reconoce.mx\/index.php?rest_route=%2Fwp%2Fv2%2Ftags&post=83854"}],"curies":[{"name":"wp","href":"https:\/\/api.w.org\/{rel}","templated":true}]}}