{"id":83874,"date":"2019-06-19T00:02:47","date_gmt":"2019-06-19T05:02:47","guid":{"rendered":"http:\/\/www.reconoce.mx\/?p=83874"},"modified":"2019-06-19T10:21:33","modified_gmt":"2019-06-19T15:21:33","slug":"el-cancer-del-metal","status":"publish","type":"post","link":"http:\/\/www.reconoce.mx\/?p=83874","title":{"rendered":"El c\u00e1ncer del metal"},"content":{"rendered":"<p><a href=\"http:\/\/www.reconoce.mx\/category\/columnistas\/\"><img loading=\"lazy\" decoding=\"async\" class=\"aligncenter size-full wp-image-40651\" src=\"http:\/\/www.reconoce.mx\/wp-content\/uploads\/2015\/09\/ColumnistaRCMX.png\" alt=\"Columnistainvitado\" width=\"570\" height=\"70\" \/><\/a><\/p>\n<p><strong>Por <a title=\"@DemoniaRomantik\" href=\"https:\/\/twitter.com\/DemoniaRomantik\" target=\"_blank\" rel=\"noopener noreferrer\">Ady\u2019e Rueda<\/a><\/strong>.<\/p>\n<p style=\"text-align: right;\">\u00abI\u2019ve been diagnosed with throat cancer. It\u2019s clearly something to be respected and faced head on &#8211; but I\u2019ve faced obstacles before.\u00bb (<strong>Dave Mustaine<\/strong>)<\/p>\n<p>Uno de los estandartes del<em> trash metal<\/em> dio una triste noticia hace un par de d\u00edas: <strong>Dave Mustaine<\/strong> tiene c\u00e1ncer de garganta. Terrible situaci\u00f3n para la salud del m\u00fasico, la moral de su familia y amigos y, desde luego, para las ilusiones de los fans que lo esperaban en una serie de presentaciones.<\/p>\n<style>.embed-container { position: relative; padding-bottom: 56.25%; height: 0; overflow: hidden; max-width: 100%; } .embed-container iframe, .embed-container object, .embed-container embed { position: absolute; top: 0; left: 0; width: 100%; height: 100%; }<\/style>\n<div class='embed-container'><iframe src='https:\/\/www.youtube.com\/embed\/6AJYusGcF5M' frameborder='0' allowfullscreen><\/iframe><\/div>\n<p>&nbsp;<\/p>\n<p>Mustaine desde el d\u00eda uno de su aparici\u00f3n en la escena del metal, fue reconocido como talentoso y prodigioso adem\u00e1s, claro, de considerarse uno de los personajes m\u00e1s pol\u00e9micos y controversiales por sus creencias religiosas y sus posturas ideol\u00f3gicas.<\/p>\n<p>Nadie creer\u00eda que se volver\u00eda igual de famoso que la banda que lo expuls\u00f3 por su abuso de drogas; pero, como ave f\u00e9nix, renaci\u00f3 de las cenizas y con su objetivo en mente (\u201cser mejor y m\u00e1s r\u00e1pido que <strong>Metallica<\/strong>\u201d) cre\u00f3 <strong>Megadeath<\/strong>, banda ic\u00f3nica del g\u00e9nero con la misma cantidad de seguidores que la agrupaci\u00f3n de Lars Ulrich. Fue tal la fama que incluso Kerry King pas\u00f3 por las filas de <strong>Megadeath<\/strong>; lo bueno es que no dur\u00f3 mucho y regal\u00f3 al mundo, me atrevo a decir, a la mejor formaci\u00f3n de <em>death\/trash metal<\/em> de la historia: <strong>Slayer<\/strong>.<\/p>\n<p>La llegada del c\u00e1ncer a su garganta es tr\u00e1gica y un recordatorio de que si no se es cuidadoso con el estilo de vida del rock puede pasar una factura, y una muy cara. Tal como le pas\u00f3 al mejor <em>frontman<\/em> de la historia del metal <strong>Bruce Dickinson<\/strong> quien gan\u00f3 la batalla en 2015 y contin\u00faa sobre los escenarios (cuyo concierto espero con ans\u00edas en nuestra ciudad el pr\u00f3ximo 30 de septiembre), piloteando su avi\u00f3n privado, dirigiendo su cervecera y viajando por el mundo dando charlas sobre emprendimiento y \u00e9xito.<\/p>\n<p>Otro grande afectado por el c\u00e1ncer fue<strong> Chuck Billy<\/strong>, vocalista de otra escuela de <em>trash metal<\/em> <strong>Testament<\/strong> que en 2001 luch\u00f3 contra la enfermedad y sali\u00f3 triunfal gracias al apoyo de amigos m\u00fasicos que reunieron recursos con el concierto \u00abThrash Of The Titans\u00bb en el que participaron <strong>Exodus<\/strong>, <strong>Anthrax<\/strong> y <strong>S.O.D.<\/strong>, entre otros bestiales \u00abtrasheros\u00bb.<\/p>\n<p>Dave en esta etapa de su vida deja una lecci\u00f3n muy importante para todos los amantes de su m\u00fasica: no importa que tan sobrecogedoras se muestren las cosas, ya hemos enfrentado obst\u00e1culos antes y podremos enfrentarlos ahora. Tuve la invaluable fortuna de disfrutar de Mustaine y su banda en el <strong>Corona Hell &amp; Heaven Metal Fest 2018<\/strong> en M\u00e9xico y espero fervientemente que el legendario bajista se recupere y pueda continuar con su sinfon\u00eda de la destrucci\u00f3n.<\/p>\n<blockquote><p><a href=\"http:\/\/www.reconoce.mx\/wp-content\/uploads\/2019\/01\/IMG-20190129-WA0020-e1548826666778.jpg\" rel=\"lightbox[49198]\"><img loading=\"lazy\" decoding=\"async\" class=\"alignleft size-thumbnail wp-image-39872\" src=\"http:\/\/www.reconoce.mx\/wp-content\/uploads\/2019\/01\/IMG-20190129-WA0020-e1548826666778.jpg\" alt=\"IMG_5743\" width=\"150\" height=\"150\" \/><\/a><strong>Ady\u2019e Rueda \/ Mara\u00f1as negras<\/strong>. Comunic\u00f3loga, cuentista y danzarina. Creyente de la UNAM a quien le debo todo. Amante del metal, el terror y los a\u00f1os ochenta. Luciferina estudiosa del arte, el erotismo y la posmodernidad. Fan\u00e1tica de los perros, el mar y lo <em>goth<\/em>. Exc\u00e9ntrica, cin\u00e9fila, mel\u00f3mana y bibli\u00f3fila. Tambi\u00e9n creo que debe haber islas, all\u00e1, al sur de las cosas.<\/p><\/blockquote>\n<p>&nbsp;<\/p>\n<p>&nbsp;<\/p>\n","protected":false},"excerpt":{"rendered":"<p>Uno de los estandartes del trash metal dio una triste noticia hace un par de d\u00edas: Dave Mustaine tiene c\u00e1ncer de garganta. Terrible situaci\u00f3n para la salud del m\u00fasico, la moral de su familia y amigos y, desde luego, para las ilusiones de los fans que lo esperaban en una serie de presentaciones.<\/p>\n","protected":false},"author":2,"featured_media":83877,"comment_status":"open","ping_status":"open","sticky":false,"template":"","format":"standard","meta":{"footnotes":""},"categories":[16,2673,17],"tags":[],"class_list":["post-83874","post","type-post","status-publish","format-standard","has-post-thumbnail","hentry","category-columnistas","category-maranas-negras","category-principal"],"yoast_head":"<!-- This site is optimized with the Yoast SEO plugin v24.7 - https:\/\/yoast.com\/wordpress\/plugins\/seo\/ -->\n<title>El c\u00e1ncer del metal &#171; Reconoce MX<\/title>\n<meta name=\"robots\" content=\"index, follow, max-snippet:-1, max-image-preview:large, max-video-preview:-1\" \/>\n<link rel=\"canonical\" href=\"http:\/\/www.reconoce.mx\/?p=83874\" \/>\n<meta property=\"og:locale\" content=\"es_ES\" \/>\n<meta property=\"og:type\" content=\"article\" \/>\n<meta property=\"og:title\" content=\"El c\u00e1ncer del metal &#171; Reconoce MX\" \/>\n<meta property=\"og:description\" content=\"Uno de los estandartes del trash metal dio una triste noticia hace un par de d\u00edas: Dave Mustaine tiene c\u00e1ncer de garganta. Terrible situaci\u00f3n para la salud del m\u00fasico, la moral de su familia y amigos y, desde luego, para las ilusiones de los fans que lo esperaban en una serie de presentaciones.\" \/>\n<meta property=\"og:url\" content=\"http:\/\/www.reconoce.mx\/?p=83874\" \/>\n<meta property=\"og:site_name\" content=\"Reconoce MX\" \/>\n<meta property=\"article:publisher\" content=\"https:\/\/es-la.facebook.com\/ReconoceMX\/\" \/>\n<meta property=\"article:published_time\" content=\"2019-06-19T05:02:47+00:00\" \/>\n<meta property=\"article:modified_time\" content=\"2019-06-19T15:21:33+00:00\" \/>\n<meta property=\"og:image\" content=\"http:\/\/www.reconoce.mx\/wp-content\/uploads\/2019\/06\/dave-mustaine-cover.jpg\" \/>\n\t<meta property=\"og:image:width\" content=\"590\" \/>\n\t<meta property=\"og:image:height\" content=\"380\" \/>\n\t<meta property=\"og:image:type\" content=\"image\/jpeg\" \/>\n<meta name=\"author\" content=\"Reconoce MX\" \/>\n<meta name=\"twitter:card\" content=\"summary_large_image\" \/>\n<meta name=\"twitter:creator\" content=\"@reconocemx\" \/>\n<meta name=\"twitter:site\" content=\"@reconocemx\" \/>\n<meta name=\"twitter:label1\" content=\"Escrito por\" \/>\n\t<meta name=\"twitter:data1\" content=\"Reconoce MX\" \/>\n\t<meta name=\"twitter:label2\" content=\"Tiempo de lectura\" \/>\n\t<meta name=\"twitter:data2\" content=\"3 minutos\" \/>\n<script type=\"application\/ld+json\" class=\"yoast-schema-graph\">{\"@context\":\"https:\/\/schema.org\",\"@graph\":[{\"@type\":\"Article\",\"@id\":\"http:\/\/www.reconoce.mx\/?p=83874#article\",\"isPartOf\":{\"@id\":\"http:\/\/www.reconoce.mx\/?p=83874\"},\"author\":{\"name\":\"Reconoce MX\",\"@id\":\"http:\/\/www.reconoce.mx\/#\/schema\/person\/2117e997d7051dc15d6880eaf9bca0b2\"},\"headline\":\"El c\u00e1ncer del metal\",\"datePublished\":\"2019-06-19T05:02:47+00:00\",\"dateModified\":\"2019-06-19T15:21:33+00:00\",\"mainEntityOfPage\":{\"@id\":\"http:\/\/www.reconoce.mx\/?p=83874\"},\"wordCount\":554,\"commentCount\":0,\"publisher\":{\"@id\":\"http:\/\/www.reconoce.mx\/#organization\"},\"image\":{\"@id\":\"http:\/\/www.reconoce.mx\/?p=83874#primaryimage\"},\"thumbnailUrl\":\"http:\/\/www.reconoce.mx\/wp-content\/uploads\/2019\/06\/dave-mustaine-cover.jpg\",\"articleSection\":[\"Columnistas\",\"Mara\u00f1as negras\",\"Principal\"],\"inLanguage\":\"es\",\"potentialAction\":[{\"@type\":\"CommentAction\",\"name\":\"Comment\",\"target\":[\"http:\/\/www.reconoce.mx\/?p=83874#respond\"]}]},{\"@type\":\"WebPage\",\"@id\":\"http:\/\/www.reconoce.mx\/?p=83874\",\"url\":\"http:\/\/www.reconoce.mx\/?p=83874\",\"name\":\"El c\u00e1ncer del metal &#171; Reconoce MX\",\"isPartOf\":{\"@id\":\"http:\/\/www.reconoce.mx\/#website\"},\"primaryImageOfPage\":{\"@id\":\"http:\/\/www.reconoce.mx\/?p=83874#primaryimage\"},\"image\":{\"@id\":\"http:\/\/www.reconoce.mx\/?p=83874#primaryimage\"},\"thumbnailUrl\":\"http:\/\/www.reconoce.mx\/wp-content\/uploads\/2019\/06\/dave-mustaine-cover.jpg\",\"datePublished\":\"2019-06-19T05:02:47+00:00\",\"dateModified\":\"2019-06-19T15:21:33+00:00\",\"breadcrumb\":{\"@id\":\"http:\/\/www.reconoce.mx\/?p=83874#breadcrumb\"},\"inLanguage\":\"es\",\"potentialAction\":[{\"@type\":\"ReadAction\",\"target\":[\"http:\/\/www.reconoce.mx\/?p=83874\"]}]},{\"@type\":\"ImageObject\",\"inLanguage\":\"es\",\"@id\":\"http:\/\/www.reconoce.mx\/?p=83874#primaryimage\",\"url\":\"http:\/\/www.reconoce.mx\/wp-content\/uploads\/2019\/06\/dave-mustaine-cover.jpg\",\"contentUrl\":\"http:\/\/www.reconoce.mx\/wp-content\/uploads\/2019\/06\/dave-mustaine-cover.jpg\",\"width\":590,\"height\":380},{\"@type\":\"BreadcrumbList\",\"@id\":\"http:\/\/www.reconoce.mx\/?p=83874#breadcrumb\",\"itemListElement\":[{\"@type\":\"ListItem\",\"position\":1,\"name\":\"Portada\",\"item\":\"http:\/\/www.reconoce.mx\/\"},{\"@type\":\"ListItem\",\"position\":2,\"name\":\"El c\u00e1ncer del metal\"}]},{\"@type\":\"WebSite\",\"@id\":\"http:\/\/www.reconoce.mx\/#website\",\"url\":\"http:\/\/www.reconoce.mx\/\",\"name\":\"Reconoce MX\",\"description\":\"En Reconoce MX difundimos arte, cultura y conciencia social en M\u00e9xico. Tu ciudad en otra perspectiva.\",\"publisher\":{\"@id\":\"http:\/\/www.reconoce.mx\/#organization\"},\"potentialAction\":[{\"@type\":\"SearchAction\",\"target\":{\"@type\":\"EntryPoint\",\"urlTemplate\":\"http:\/\/www.reconoce.mx\/?s={search_term_string}\"},\"query-input\":{\"@type\":\"PropertyValueSpecification\",\"valueRequired\":true,\"valueName\":\"search_term_string\"}}],\"inLanguage\":\"es\"},{\"@type\":\"Organization\",\"@id\":\"http:\/\/www.reconoce.mx\/#organization\",\"name\":\"Reconoce MX\",\"url\":\"http:\/\/www.reconoce.mx\/\",\"logo\":{\"@type\":\"ImageObject\",\"inLanguage\":\"es\",\"@id\":\"http:\/\/www.reconoce.mx\/#\/schema\/logo\/image\/\",\"url\":\"https:\/\/www.reconoce.mx\/wp-content\/uploads\/2019\/03\/logorcmx-good-1.png\",\"contentUrl\":\"https:\/\/www.reconoce.mx\/wp-content\/uploads\/2019\/03\/logorcmx-good-1.png\",\"width\":280,\"height\":90,\"caption\":\"Reconoce MX\"},\"image\":{\"@id\":\"http:\/\/www.reconoce.mx\/#\/schema\/logo\/image\/\"},\"sameAs\":[\"https:\/\/es-la.facebook.com\/ReconoceMX\/\",\"https:\/\/x.com\/reconocemx\",\"http:\/\/@reconocemx\"]},{\"@type\":\"Person\",\"@id\":\"http:\/\/www.reconoce.mx\/#\/schema\/person\/2117e997d7051dc15d6880eaf9bca0b2\",\"name\":\"Reconoce MX\",\"image\":{\"@type\":\"ImageObject\",\"inLanguage\":\"es\",\"@id\":\"http:\/\/www.reconoce.mx\/#\/schema\/person\/image\/\",\"url\":\"https:\/\/secure.gravatar.com\/avatar\/6c8d4dc7569ca1c90c5fdcc349f839d5ddef6fe1e70b4337ead2ef1a4c43fc3a?s=96&d=identicon&r=g\",\"contentUrl\":\"https:\/\/secure.gravatar.com\/avatar\/6c8d4dc7569ca1c90c5fdcc349f839d5ddef6fe1e70b4337ead2ef1a4c43fc3a?s=96&d=identicon&r=g\",\"caption\":\"Reconoce MX\"},\"description\":\"Reconoce MX es un proyecto de difusi\u00f3n art\u00edstica, cultural y de conciencia social que est\u00e1 enfocado a difundir y fomentar el entretenimiento alternativo de calidad para todo el p\u00fablico que comparta el mismo entusiasmo.\",\"sameAs\":[\"http:\/\/www.reconoce.mx\"],\"url\":\"http:\/\/www.reconoce.mx\/?author=2\"}]}<\/script>\n<!-- \/ Yoast SEO plugin. -->","yoast_head_json":{"title":"El c\u00e1ncer del metal &#171; Reconoce MX","robots":{"index":"index","follow":"follow","max-snippet":"max-snippet:-1","max-image-preview":"max-image-preview:large","max-video-preview":"max-video-preview:-1"},"canonical":"http:\/\/www.reconoce.mx\/?p=83874","og_locale":"es_ES","og_type":"article","og_title":"El c\u00e1ncer del metal &#171; Reconoce MX","og_description":"Uno de los estandartes del trash metal dio una triste noticia hace un par de d\u00edas: Dave Mustaine tiene c\u00e1ncer de garganta. Terrible situaci\u00f3n para la salud del m\u00fasico, la moral de su familia y amigos y, desde luego, para las ilusiones de los fans que lo esperaban en una serie de presentaciones.","og_url":"http:\/\/www.reconoce.mx\/?p=83874","og_site_name":"Reconoce MX","article_publisher":"https:\/\/es-la.facebook.com\/ReconoceMX\/","article_published_time":"2019-06-19T05:02:47+00:00","article_modified_time":"2019-06-19T15:21:33+00:00","og_image":[{"width":590,"height":380,"url":"http:\/\/www.reconoce.mx\/wp-content\/uploads\/2019\/06\/dave-mustaine-cover.jpg","type":"image\/jpeg"}],"author":"Reconoce MX","twitter_card":"summary_large_image","twitter_creator":"@reconocemx","twitter_site":"@reconocemx","twitter_misc":{"Escrito por":"Reconoce MX","Tiempo de lectura":"3 minutos"},"schema":{"@context":"https:\/\/schema.org","@graph":[{"@type":"Article","@id":"http:\/\/www.reconoce.mx\/?p=83874#article","isPartOf":{"@id":"http:\/\/www.reconoce.mx\/?p=83874"},"author":{"name":"Reconoce MX","@id":"http:\/\/www.reconoce.mx\/#\/schema\/person\/2117e997d7051dc15d6880eaf9bca0b2"},"headline":"El c\u00e1ncer del metal","datePublished":"2019-06-19T05:02:47+00:00","dateModified":"2019-06-19T15:21:33+00:00","mainEntityOfPage":{"@id":"http:\/\/www.reconoce.mx\/?p=83874"},"wordCount":554,"commentCount":0,"publisher":{"@id":"http:\/\/www.reconoce.mx\/#organization"},"image":{"@id":"http:\/\/www.reconoce.mx\/?p=83874#primaryimage"},"thumbnailUrl":"http:\/\/www.reconoce.mx\/wp-content\/uploads\/2019\/06\/dave-mustaine-cover.jpg","articleSection":["Columnistas","Mara\u00f1as negras","Principal"],"inLanguage":"es","potentialAction":[{"@type":"CommentAction","name":"Comment","target":["http:\/\/www.reconoce.mx\/?p=83874#respond"]}]},{"@type":"WebPage","@id":"http:\/\/www.reconoce.mx\/?p=83874","url":"http:\/\/www.reconoce.mx\/?p=83874","name":"El c\u00e1ncer del metal &#171; Reconoce MX","isPartOf":{"@id":"http:\/\/www.reconoce.mx\/#website"},"primaryImageOfPage":{"@id":"http:\/\/www.reconoce.mx\/?p=83874#primaryimage"},"image":{"@id":"http:\/\/www.reconoce.mx\/?p=83874#primaryimage"},"thumbnailUrl":"http:\/\/www.reconoce.mx\/wp-content\/uploads\/2019\/06\/dave-mustaine-cover.jpg","datePublished":"2019-06-19T05:02:47+00:00","dateModified":"2019-06-19T15:21:33+00:00","breadcrumb":{"@id":"http:\/\/www.reconoce.mx\/?p=83874#breadcrumb"},"inLanguage":"es","potentialAction":[{"@type":"ReadAction","target":["http:\/\/www.reconoce.mx\/?p=83874"]}]},{"@type":"ImageObject","inLanguage":"es","@id":"http:\/\/www.reconoce.mx\/?p=83874#primaryimage","url":"http:\/\/www.reconoce.mx\/wp-content\/uploads\/2019\/06\/dave-mustaine-cover.jpg","contentUrl":"http:\/\/www.reconoce.mx\/wp-content\/uploads\/2019\/06\/dave-mustaine-cover.jpg","width":590,"height":380},{"@type":"BreadcrumbList","@id":"http:\/\/www.reconoce.mx\/?p=83874#breadcrumb","itemListElement":[{"@type":"ListItem","position":1,"name":"Portada","item":"http:\/\/www.reconoce.mx\/"},{"@type":"ListItem","position":2,"name":"El c\u00e1ncer del metal"}]},{"@type":"WebSite","@id":"http:\/\/www.reconoce.mx\/#website","url":"http:\/\/www.reconoce.mx\/","name":"Reconoce MX","description":"En Reconoce MX difundimos arte, cultura y conciencia social en M\u00e9xico. Tu ciudad en otra perspectiva.","publisher":{"@id":"http:\/\/www.reconoce.mx\/#organization"},"potentialAction":[{"@type":"SearchAction","target":{"@type":"EntryPoint","urlTemplate":"http:\/\/www.reconoce.mx\/?s={search_term_string}"},"query-input":{"@type":"PropertyValueSpecification","valueRequired":true,"valueName":"search_term_string"}}],"inLanguage":"es"},{"@type":"Organization","@id":"http:\/\/www.reconoce.mx\/#organization","name":"Reconoce MX","url":"http:\/\/www.reconoce.mx\/","logo":{"@type":"ImageObject","inLanguage":"es","@id":"http:\/\/www.reconoce.mx\/#\/schema\/logo\/image\/","url":"https:\/\/www.reconoce.mx\/wp-content\/uploads\/2019\/03\/logorcmx-good-1.png","contentUrl":"https:\/\/www.reconoce.mx\/wp-content\/uploads\/2019\/03\/logorcmx-good-1.png","width":280,"height":90,"caption":"Reconoce MX"},"image":{"@id":"http:\/\/www.reconoce.mx\/#\/schema\/logo\/image\/"},"sameAs":["https:\/\/es-la.facebook.com\/ReconoceMX\/","https:\/\/x.com\/reconocemx","http:\/\/@reconocemx"]},{"@type":"Person","@id":"http:\/\/www.reconoce.mx\/#\/schema\/person\/2117e997d7051dc15d6880eaf9bca0b2","name":"Reconoce MX","image":{"@type":"ImageObject","inLanguage":"es","@id":"http:\/\/www.reconoce.mx\/#\/schema\/person\/image\/","url":"https:\/\/secure.gravatar.com\/avatar\/6c8d4dc7569ca1c90c5fdcc349f839d5ddef6fe1e70b4337ead2ef1a4c43fc3a?s=96&d=identicon&r=g","contentUrl":"https:\/\/secure.gravatar.com\/avatar\/6c8d4dc7569ca1c90c5fdcc349f839d5ddef6fe1e70b4337ead2ef1a4c43fc3a?s=96&d=identicon&r=g","caption":"Reconoce MX"},"description":"Reconoce MX es un proyecto de difusi\u00f3n art\u00edstica, cultural y de conciencia social que est\u00e1 enfocado a difundir y fomentar el entretenimiento alternativo de calidad para todo el p\u00fablico que comparta el mismo entusiasmo.","sameAs":["http:\/\/www.reconoce.mx"],"url":"http:\/\/www.reconoce.mx\/?author=2"}]}},"_links":{"self":[{"href":"http:\/\/www.reconoce.mx\/index.php?rest_route=\/wp\/v2\/posts\/83874","targetHints":{"allow":["GET"]}}],"collection":[{"href":"http:\/\/www.reconoce.mx\/index.php?rest_route=\/wp\/v2\/posts"}],"about":[{"href":"http:\/\/www.reconoce.mx\/index.php?rest_route=\/wp\/v2\/types\/post"}],"author":[{"embeddable":true,"href":"http:\/\/www.reconoce.mx\/index.php?rest_route=\/wp\/v2\/users\/2"}],"replies":[{"embeddable":true,"href":"http:\/\/www.reconoce.mx\/index.php?rest_route=%2Fwp%2Fv2%2Fcomments&post=83874"}],"version-history":[{"count":4,"href":"http:\/\/www.reconoce.mx\/index.php?rest_route=\/wp\/v2\/posts\/83874\/revisions"}],"predecessor-version":[{"id":83881,"href":"http:\/\/www.reconoce.mx\/index.php?rest_route=\/wp\/v2\/posts\/83874\/revisions\/83881"}],"wp:featuredmedia":[{"embeddable":true,"href":"http:\/\/www.reconoce.mx\/index.php?rest_route=\/wp\/v2\/media\/83877"}],"wp:attachment":[{"href":"http:\/\/www.reconoce.mx\/index.php?rest_route=%2Fwp%2Fv2%2Fmedia&parent=83874"}],"wp:term":[{"taxonomy":"category","embeddable":true,"href":"http:\/\/www.reconoce.mx\/index.php?rest_route=%2Fwp%2Fv2%2Fcategories&post=83874"},{"taxonomy":"post_tag","embeddable":true,"href":"http:\/\/www.reconoce.mx\/index.php?rest_route=%2Fwp%2Fv2%2Ftags&post=83874"}],"curies":[{"name":"wp","href":"https:\/\/api.w.org\/{rel}","templated":true}]}}