{"id":84033,"date":"2019-06-27T00:02:05","date_gmt":"2019-06-27T05:02:05","guid":{"rendered":"http:\/\/www.reconoce.mx\/?p=84033"},"modified":"2019-06-29T14:53:47","modified_gmt":"2019-06-29T19:53:47","slug":"chicuarotes-y-la-lejania-de-su-autoproclamada-poesia-colectiva","status":"publish","type":"post","link":"http:\/\/www.reconoce.mx\/?p=84033","title":{"rendered":"\u00abChicuarotes\u00bb y la lejan\u00eda de su autoproclamada \u00abpoes\u00eda colectiva\u00bb"},"content":{"rendered":"<p><strong>Por <a title=\"@AsfaltosTweets\" href=\"http:\/\/twitter.com\/AsfaltosTweets\" target=\"_blank\" rel=\"noopener noreferrer\">Asfaltos<\/a><\/strong>.<\/p>\n<p>Al sur, pr\u00e1cticamente en las afueras un tanto -o un mucho- olvidadas de la capital mexicana, se encuentra la comunidad de San Gregorio Atlapulco, sitio azotado por la enorme marginaci\u00f3n que priva en varios puntos de la \u00abcosmopolita\u00bb Ciudad de M\u00e9xico. En ese sitio, atrapados y sin aparente salida, sobreviven a su manera dos adolescentes a los que apodan \u00abCagalera\u00bb y \u00abMoloteco\u00bb. En la primera escena observamos que la \u00abhacen de payasos\u00bb para ganarse unas monedas, hasta que motivado por la indiferencia de los dem\u00e1s, es el \u00abCagalera\u00bb quien toma un arma y les amenaza.<\/p>\n<p><a href=\"http:\/\/www.reconoce.mx\/wp-content\/uploads\/2019\/06\/Chicuarotes_ESP-e1561830206604.jpg\"><img loading=\"lazy\" decoding=\"async\" class=\"aligncenter size-full wp-image-84039\" src=\"http:\/\/www.reconoce.mx\/wp-content\/uploads\/2019\/06\/Chicuarotes_ESP-e1561830206604.jpg\" alt=\"\" width=\"800\" height=\"1230\" \/><\/a><\/p>\n<p>Inspirado en el d\u00eda a d\u00eda de un pa\u00eds en donde las diferencias sociales son marcadas y sin duda ofensivas, el actor <strong>Gael Garc\u00eda Bernal<\/strong> se puso por segunda ocasi\u00f3n detr\u00e1s de las c\u00e1maras de un largometraje con \u00abChicuarotes\u00bb. \u00abChicuarotes\u00bb, como tambi\u00e9n se les denomina a los oriundos de San Gregorio Atlapulco, es una cinta que profundiza en las dificultades de sus dos personajes principales por progresar; y s\u00ed, el camino lleno de trampas y peligros por los que han decidido transitar.<\/p>\n<p>\u00abCagalera\u00bb, interpretado de manera muy fresca por <strong>Benny Emmanuel<\/strong> -reciente ganador del <strong>61\u00b0 Ariel<\/strong> como \u00abMejor revelaci\u00f3n actoral\u00bb-, es un joven quien vive junto a sus dos hermanos (una ni\u00f1a y un joven), su amorosa madre y su alcoh\u00f3lico padre. Su d\u00eda a d\u00eda lo pasa junto al \u00abMoloteco\u00bb, y en parte tambi\u00e9n, junto a su dulce novia Sugheili. En medio de un caldo de cultivo que termina por ser hostil y violento, \u00abCagalera\u00bb ve pocas luces hacia el final del camino, en contraste con lo que sucede con todos los dem\u00e1s personajes de la cinta.<\/p>\n<p><a href=\"http:\/\/www.reconoce.mx\/wp-content\/uploads\/2019\/06\/chicuarotes-2.jpg\"><img loading=\"lazy\" decoding=\"async\" class=\"aligncenter size-full wp-image-84037\" src=\"http:\/\/www.reconoce.mx\/wp-content\/uploads\/2019\/06\/chicuarotes-2.jpg\" alt=\"\" width=\"590\" height=\"380\" srcset=\"http:\/\/www.reconoce.mx\/wp-content\/uploads\/2019\/06\/chicuarotes-2.jpg 590w, http:\/\/www.reconoce.mx\/wp-content\/uploads\/2019\/06\/chicuarotes-2-300x193.jpg 300w, http:\/\/www.reconoce.mx\/wp-content\/uploads\/2019\/06\/chicuarotes-2-150x97.jpg 150w\" sizes=\"auto, (max-width: 590px) 100vw, 590px\" \/><\/a><\/p>\n<p>La intenci\u00f3n de <strong>Gael Garc\u00eda Bernal<\/strong>, en sus propias palabras y a lo largo del reciente tour de medios para promocionar \u00abChicuarotes\u00bb, era \u00abdarle una vuelta a &#8216;Los Olvidados'\u00bb. A la aseveraci\u00f3n, le suma en una entrevista con el cr\u00edtico de cine <strong>Silvestre L\u00f3pez Portillo<\/strong>: \u00ab&#8216;Chicuarotes&#8217; es un poema colectivo\u00bb. La ambici\u00f3n de Garc\u00eda Bernal por el resultado de su pel\u00edcula no deja de ser evidente al momento de observarla. Su drama est\u00e1 construido para resultar precisamente ese \u00abpoema\u00bb que tanto pregona&#8230; sin embargo, la poes\u00eda, a mi entender, no es mas que la sublimaci\u00f3n de un arte; y no, \u00abChicuarotes\u00bb no es la sublimaci\u00f3n del cine.<\/p>\n<p>La falta de amor hacia el personaje de \u00abCagalera\u00bb es la que termina por llevarlo hacia la resbaladilla sin fondo por la que terminar\u00e1 tir\u00e1ndose con toda la intenci\u00f3n. Sin embargo, esa supuesta falta de amor, no queda del todo clara en la pel\u00edcula. Su madre, si bien pasiva frente a su padre, le ama; lo mismo su hermana y su hermano tambi\u00e9n. Ni hablar del \u00abMoloteco\u00bb, su fiel amigo y escudero; tambi\u00e9n la inocente Sugheili, voz de la raz\u00f3n y quien nunca termina por revelarle algo que por lo menos, llegamos a suponer -y que s\u00ed, bien podr\u00eda haber cambiado la trama de la historia-. El reclamo no est\u00e1 en lo que <strong>Gael Garc\u00eda Bernal<\/strong> nos quer\u00eda contar, sino en la forma en la que finalmente lo realiza; como por ejemplo dejando a un lado los elementos anteriores.<\/p>\n<p><a href=\"http:\/\/www.reconoce.mx\/wp-content\/uploads\/2019\/06\/chicuarotes-3.jpg\"><img loading=\"lazy\" decoding=\"async\" class=\"aligncenter size-full wp-image-84038\" src=\"http:\/\/www.reconoce.mx\/wp-content\/uploads\/2019\/06\/chicuarotes-3.jpg\" alt=\"\" width=\"590\" height=\"380\" srcset=\"http:\/\/www.reconoce.mx\/wp-content\/uploads\/2019\/06\/chicuarotes-3.jpg 590w, http:\/\/www.reconoce.mx\/wp-content\/uploads\/2019\/06\/chicuarotes-3-300x193.jpg 300w, http:\/\/www.reconoce.mx\/wp-content\/uploads\/2019\/06\/chicuarotes-3-150x97.jpg 150w\" sizes=\"auto, (max-width: 590px) 100vw, 590px\" \/><\/a><\/p>\n<p>Usando el g\u00e9nero melodram\u00e1ticos sin la sutileza, pericia y hasta \u00abhumor\u00bb del propio<strong> Luis Bu\u00f1uel<\/strong> de \u00abLos olvidados\u00bb -con el que \u00e9l realizador de \u00abChicuarotes\u00bb se compara-,<strong> Gael Garc\u00eda Bernal<\/strong> termina por entregar un trabajo que se percibe un tanto forzado y por lo mismo tambi\u00e9n un poco falso. Es cierto que como parte de la trama el director no deja de meter algo del humor que le conocemos inclusive como parte de su carrera actoral, pero todo se siente metido con calzador. Son, elementos, que terminan por resultar m\u00e1s al servicio de la pretensi\u00f3n que de la historia misma. Parece m\u00e1s un melodrama de televisi\u00f3n, de esos que se han vuelto tan populares y comerciales, que una pel\u00edcula cercana a esa mencionada \u00abpoes\u00eda colectiva\u00bb.<\/p>\n<p>No desde\u00f1o sin embargo las actuaciones del elenco juvenil encabezado por el ya mencionado <strong>Benny Emmanuel<\/strong>, y complementado por <strong>Gabriel Carbajal<\/strong> como \u00abMoloteco\u00bb y <strong>Leidi Guti\u00e9rrez<\/strong> como Sugheili. El trabajo que <strong>Gael Garc\u00eda Bernal<\/strong> ejecuta con estos j\u00f3venes es de lo m\u00e1s destacado de la pel\u00edcula. Sobre todo lo de Carbajal y Guti\u00e9rrez, quienes complementan sus actuaciones con silencios y miradas, m\u00e1s all\u00e1 de los di\u00e1logos que tambi\u00e9n les toca decir frente a la pantalla.<\/p>\n<style>.embed-container { position: relative; padding-bottom: 56.25%; height: 0; overflow: hidden; max-width: 100%; } .embed-container iframe, .embed-container object, .embed-container embed { position: absolute; top: 0; left: 0; width: 100%; height: 100%; }<\/style>\n<div class=\"embed-container\"><iframe src=\"https:\/\/www.youtube.com\/embed\/d37xycwqPzs\" frameborder=\"0\" allowfullscreen=\"allowfullscreen\"><\/iframe><\/div>\n<p>&nbsp;<\/p>\n<p>\u00abChicuarotes\u00bb a mi parecer no es un desastre de pel\u00edcula, pero s\u00ed queda a medio camino precisamente -e ir\u00f3nicamente tambi\u00e9n- por las ambiciones planteadas. Hubiera sido interesante encontrar un camino en el que sin pretender reinterpretar a \u00abLos olvidados\u00bb ni llegar a esa \u00abpoes\u00eda colectiva\u00bb, el realizador redondeara una cinta que fuera m\u00e1s cercana a ese cine que admira, en lugar de los melodramas televisivos que seguro no resultan de su predilecci\u00f3n.<\/p>\n<p>\u00abChicuarotes\u00bb estrena hoy jueves 27 de junio en cines nacionales de Ciudad de M\u00e9xico y \u00c1rea Metropolitana, en los complejos <strong>Cin\u00e9polis<\/strong> y <strong>Cinemex<\/strong>; as\u00ed como en las salas de <strong>Cine Tonal\u00e1<\/strong>, <strong>Cineman\u00eda Loreto<\/strong>, <strong>Cineteca Nacional<\/strong> y <strong>Movie Company<\/strong>. Ya lo saben, la \u00faltima palabra no deja de ser la suya.<\/p>\n<p style=\"text-align: right;\">Con im\u00e1genes cortes\u00eda de <strong>Cin\u00e9polis Distribuci\u00f3n<\/strong>.<\/p>\n<p>&nbsp;<\/p>\n<p>&nbsp;<\/p>\n","protected":false},"excerpt":{"rendered":"<p>Al sur, pr\u00e1cticamente en las afueras un tanto -o un mucho- olvidadas de la capital mexicana, se encuentra la comunidad de San Gregorio Atlapulco, sitio azotado por la enorme marginaci\u00f3n que priva en varios puntos de la \u00abcosmopolita\u00bb Ciudad de M\u00e9xico. <\/p>\n","protected":false},"author":2,"featured_media":84036,"comment_status":"open","ping_status":"open","sticky":false,"template":"","format":"standard","meta":{"footnotes":""},"categories":[24,1,17],"tags":[],"class_list":["post-84033","post","type-post","status-publish","format-standard","has-post-thumbnail","hentry","category-cine","category-cultura","category-principal"],"yoast_head":"<!-- This site is optimized with the Yoast SEO plugin v24.7 - https:\/\/yoast.com\/wordpress\/plugins\/seo\/ -->\n<title>&quot;Chicuarotes&quot; y la lejan\u00eda de su autoproclamada &quot;poes\u00eda colectiva&quot; &#171; Reconoce MX<\/title>\n<meta name=\"robots\" content=\"index, follow, max-snippet:-1, max-image-preview:large, max-video-preview:-1\" \/>\n<link rel=\"canonical\" href=\"https:\/\/www.reconoce.mx\/?p=84033\" \/>\n<meta property=\"og:locale\" content=\"es_ES\" \/>\n<meta property=\"og:type\" content=\"article\" \/>\n<meta property=\"og:title\" content=\"&quot;Chicuarotes&quot; y la lejan\u00eda de su autoproclamada &quot;poes\u00eda colectiva&quot; &#171; Reconoce MX\" \/>\n<meta property=\"og:description\" content=\"Al sur, pr\u00e1cticamente en las afueras un tanto -o un mucho- olvidadas de la capital mexicana, se encuentra la comunidad de San Gregorio Atlapulco, sitio azotado por la enorme marginaci\u00f3n que priva en varios puntos de la &quot;cosmopolita&quot; Ciudad de M\u00e9xico.\" \/>\n<meta property=\"og:url\" content=\"https:\/\/www.reconoce.mx\/?p=84033\" \/>\n<meta property=\"og:site_name\" content=\"Reconoce MX\" \/>\n<meta property=\"article:publisher\" content=\"https:\/\/es-la.facebook.com\/ReconoceMX\/\" \/>\n<meta property=\"article:published_time\" content=\"2019-06-27T05:02:05+00:00\" \/>\n<meta property=\"article:modified_time\" content=\"2019-06-29T19:53:47+00:00\" \/>\n<meta property=\"og:image\" content=\"https:\/\/www.reconoce.mx\/wp-content\/uploads\/2019\/06\/chicuarotes-1.jpg\" \/>\n\t<meta property=\"og:image:width\" content=\"590\" \/>\n\t<meta property=\"og:image:height\" content=\"380\" \/>\n\t<meta property=\"og:image:type\" content=\"image\/jpeg\" \/>\n<meta name=\"author\" content=\"Reconoce MX\" \/>\n<meta name=\"twitter:card\" content=\"summary_large_image\" \/>\n<meta name=\"twitter:creator\" content=\"@reconocemx\" \/>\n<meta name=\"twitter:site\" content=\"@reconocemx\" \/>\n<meta name=\"twitter:label1\" content=\"Escrito por\" \/>\n\t<meta name=\"twitter:data1\" content=\"Reconoce MX\" \/>\n\t<meta name=\"twitter:label2\" content=\"Tiempo de lectura\" \/>\n\t<meta name=\"twitter:data2\" content=\"5 minutos\" \/>\n<script type=\"application\/ld+json\" class=\"yoast-schema-graph\">{\"@context\":\"https:\/\/schema.org\",\"@graph\":[{\"@type\":\"Article\",\"@id\":\"https:\/\/www.reconoce.mx\/?p=84033#article\",\"isPartOf\":{\"@id\":\"https:\/\/www.reconoce.mx\/?p=84033\"},\"author\":{\"name\":\"Reconoce MX\",\"@id\":\"http:\/\/www.reconoce.mx\/#\/schema\/person\/2117e997d7051dc15d6880eaf9bca0b2\"},\"headline\":\"\u00abChicuarotes\u00bb y la lejan\u00eda de su autoproclamada \u00abpoes\u00eda colectiva\u00bb\",\"datePublished\":\"2019-06-27T05:02:05+00:00\",\"dateModified\":\"2019-06-29T19:53:47+00:00\",\"mainEntityOfPage\":{\"@id\":\"https:\/\/www.reconoce.mx\/?p=84033\"},\"wordCount\":935,\"commentCount\":0,\"publisher\":{\"@id\":\"http:\/\/www.reconoce.mx\/#organization\"},\"image\":{\"@id\":\"https:\/\/www.reconoce.mx\/?p=84033#primaryimage\"},\"thumbnailUrl\":\"http:\/\/www.reconoce.mx\/wp-content\/uploads\/2019\/06\/chicuarotes-1.jpg\",\"articleSection\":[\"Cine\",\"Cultura\",\"Principal\"],\"inLanguage\":\"es\",\"potentialAction\":[{\"@type\":\"CommentAction\",\"name\":\"Comment\",\"target\":[\"https:\/\/www.reconoce.mx\/?p=84033#respond\"]}]},{\"@type\":\"WebPage\",\"@id\":\"https:\/\/www.reconoce.mx\/?p=84033\",\"url\":\"https:\/\/www.reconoce.mx\/?p=84033\",\"name\":\"\\\"Chicuarotes\\\" y la lejan\u00eda de su autoproclamada \\\"poes\u00eda colectiva\\\" &#171; Reconoce MX\",\"isPartOf\":{\"@id\":\"http:\/\/www.reconoce.mx\/#website\"},\"primaryImageOfPage\":{\"@id\":\"https:\/\/www.reconoce.mx\/?p=84033#primaryimage\"},\"image\":{\"@id\":\"https:\/\/www.reconoce.mx\/?p=84033#primaryimage\"},\"thumbnailUrl\":\"http:\/\/www.reconoce.mx\/wp-content\/uploads\/2019\/06\/chicuarotes-1.jpg\",\"datePublished\":\"2019-06-27T05:02:05+00:00\",\"dateModified\":\"2019-06-29T19:53:47+00:00\",\"breadcrumb\":{\"@id\":\"https:\/\/www.reconoce.mx\/?p=84033#breadcrumb\"},\"inLanguage\":\"es\",\"potentialAction\":[{\"@type\":\"ReadAction\",\"target\":[\"https:\/\/www.reconoce.mx\/?p=84033\"]}]},{\"@type\":\"ImageObject\",\"inLanguage\":\"es\",\"@id\":\"https:\/\/www.reconoce.mx\/?p=84033#primaryimage\",\"url\":\"http:\/\/www.reconoce.mx\/wp-content\/uploads\/2019\/06\/chicuarotes-1.jpg\",\"contentUrl\":\"http:\/\/www.reconoce.mx\/wp-content\/uploads\/2019\/06\/chicuarotes-1.jpg\",\"width\":590,\"height\":380},{\"@type\":\"BreadcrumbList\",\"@id\":\"https:\/\/www.reconoce.mx\/?p=84033#breadcrumb\",\"itemListElement\":[{\"@type\":\"ListItem\",\"position\":1,\"name\":\"Portada\",\"item\":\"http:\/\/www.reconoce.mx\/\"},{\"@type\":\"ListItem\",\"position\":2,\"name\":\"\u00abChicuarotes\u00bb y la lejan\u00eda de su autoproclamada \u00abpoes\u00eda colectiva\u00bb\"}]},{\"@type\":\"WebSite\",\"@id\":\"http:\/\/www.reconoce.mx\/#website\",\"url\":\"http:\/\/www.reconoce.mx\/\",\"name\":\"Reconoce MX\",\"description\":\"En Reconoce MX difundimos arte, cultura y conciencia social en M\u00e9xico. Tu ciudad en otra perspectiva.\",\"publisher\":{\"@id\":\"http:\/\/www.reconoce.mx\/#organization\"},\"potentialAction\":[{\"@type\":\"SearchAction\",\"target\":{\"@type\":\"EntryPoint\",\"urlTemplate\":\"http:\/\/www.reconoce.mx\/?s={search_term_string}\"},\"query-input\":{\"@type\":\"PropertyValueSpecification\",\"valueRequired\":true,\"valueName\":\"search_term_string\"}}],\"inLanguage\":\"es\"},{\"@type\":\"Organization\",\"@id\":\"http:\/\/www.reconoce.mx\/#organization\",\"name\":\"Reconoce MX\",\"url\":\"http:\/\/www.reconoce.mx\/\",\"logo\":{\"@type\":\"ImageObject\",\"inLanguage\":\"es\",\"@id\":\"http:\/\/www.reconoce.mx\/#\/schema\/logo\/image\/\",\"url\":\"https:\/\/www.reconoce.mx\/wp-content\/uploads\/2019\/03\/logorcmx-good-1.png\",\"contentUrl\":\"https:\/\/www.reconoce.mx\/wp-content\/uploads\/2019\/03\/logorcmx-good-1.png\",\"width\":280,\"height\":90,\"caption\":\"Reconoce MX\"},\"image\":{\"@id\":\"http:\/\/www.reconoce.mx\/#\/schema\/logo\/image\/\"},\"sameAs\":[\"https:\/\/es-la.facebook.com\/ReconoceMX\/\",\"https:\/\/x.com\/reconocemx\",\"http:\/\/@reconocemx\"]},{\"@type\":\"Person\",\"@id\":\"http:\/\/www.reconoce.mx\/#\/schema\/person\/2117e997d7051dc15d6880eaf9bca0b2\",\"name\":\"Reconoce MX\",\"image\":{\"@type\":\"ImageObject\",\"inLanguage\":\"es\",\"@id\":\"http:\/\/www.reconoce.mx\/#\/schema\/person\/image\/\",\"url\":\"https:\/\/secure.gravatar.com\/avatar\/6c8d4dc7569ca1c90c5fdcc349f839d5ddef6fe1e70b4337ead2ef1a4c43fc3a?s=96&d=identicon&r=g\",\"contentUrl\":\"https:\/\/secure.gravatar.com\/avatar\/6c8d4dc7569ca1c90c5fdcc349f839d5ddef6fe1e70b4337ead2ef1a4c43fc3a?s=96&d=identicon&r=g\",\"caption\":\"Reconoce MX\"},\"description\":\"Reconoce MX es un proyecto de difusi\u00f3n art\u00edstica, cultural y de conciencia social que est\u00e1 enfocado a difundir y fomentar el entretenimiento alternativo de calidad para todo el p\u00fablico que comparta el mismo entusiasmo.\",\"sameAs\":[\"http:\/\/www.reconoce.mx\"],\"url\":\"http:\/\/www.reconoce.mx\/?author=2\"}]}<\/script>\n<!-- \/ Yoast SEO plugin. -->","yoast_head_json":{"title":"\"Chicuarotes\" y la lejan\u00eda de su autoproclamada \"poes\u00eda colectiva\" &#171; Reconoce MX","robots":{"index":"index","follow":"follow","max-snippet":"max-snippet:-1","max-image-preview":"max-image-preview:large","max-video-preview":"max-video-preview:-1"},"canonical":"https:\/\/www.reconoce.mx\/?p=84033","og_locale":"es_ES","og_type":"article","og_title":"\"Chicuarotes\" y la lejan\u00eda de su autoproclamada \"poes\u00eda colectiva\" &#171; Reconoce MX","og_description":"Al sur, pr\u00e1cticamente en las afueras un tanto -o un mucho- olvidadas de la capital mexicana, se encuentra la comunidad de San Gregorio Atlapulco, sitio azotado por la enorme marginaci\u00f3n que priva en varios puntos de la \"cosmopolita\" Ciudad de M\u00e9xico.","og_url":"https:\/\/www.reconoce.mx\/?p=84033","og_site_name":"Reconoce MX","article_publisher":"https:\/\/es-la.facebook.com\/ReconoceMX\/","article_published_time":"2019-06-27T05:02:05+00:00","article_modified_time":"2019-06-29T19:53:47+00:00","og_image":[{"width":590,"height":380,"url":"https:\/\/www.reconoce.mx\/wp-content\/uploads\/2019\/06\/chicuarotes-1.jpg","type":"image\/jpeg"}],"author":"Reconoce MX","twitter_card":"summary_large_image","twitter_creator":"@reconocemx","twitter_site":"@reconocemx","twitter_misc":{"Escrito por":"Reconoce MX","Tiempo de lectura":"5 minutos"},"schema":{"@context":"https:\/\/schema.org","@graph":[{"@type":"Article","@id":"https:\/\/www.reconoce.mx\/?p=84033#article","isPartOf":{"@id":"https:\/\/www.reconoce.mx\/?p=84033"},"author":{"name":"Reconoce MX","@id":"http:\/\/www.reconoce.mx\/#\/schema\/person\/2117e997d7051dc15d6880eaf9bca0b2"},"headline":"\u00abChicuarotes\u00bb y la lejan\u00eda de su autoproclamada \u00abpoes\u00eda colectiva\u00bb","datePublished":"2019-06-27T05:02:05+00:00","dateModified":"2019-06-29T19:53:47+00:00","mainEntityOfPage":{"@id":"https:\/\/www.reconoce.mx\/?p=84033"},"wordCount":935,"commentCount":0,"publisher":{"@id":"http:\/\/www.reconoce.mx\/#organization"},"image":{"@id":"https:\/\/www.reconoce.mx\/?p=84033#primaryimage"},"thumbnailUrl":"http:\/\/www.reconoce.mx\/wp-content\/uploads\/2019\/06\/chicuarotes-1.jpg","articleSection":["Cine","Cultura","Principal"],"inLanguage":"es","potentialAction":[{"@type":"CommentAction","name":"Comment","target":["https:\/\/www.reconoce.mx\/?p=84033#respond"]}]},{"@type":"WebPage","@id":"https:\/\/www.reconoce.mx\/?p=84033","url":"https:\/\/www.reconoce.mx\/?p=84033","name":"\"Chicuarotes\" y la lejan\u00eda de su autoproclamada \"poes\u00eda colectiva\" &#171; Reconoce MX","isPartOf":{"@id":"http:\/\/www.reconoce.mx\/#website"},"primaryImageOfPage":{"@id":"https:\/\/www.reconoce.mx\/?p=84033#primaryimage"},"image":{"@id":"https:\/\/www.reconoce.mx\/?p=84033#primaryimage"},"thumbnailUrl":"http:\/\/www.reconoce.mx\/wp-content\/uploads\/2019\/06\/chicuarotes-1.jpg","datePublished":"2019-06-27T05:02:05+00:00","dateModified":"2019-06-29T19:53:47+00:00","breadcrumb":{"@id":"https:\/\/www.reconoce.mx\/?p=84033#breadcrumb"},"inLanguage":"es","potentialAction":[{"@type":"ReadAction","target":["https:\/\/www.reconoce.mx\/?p=84033"]}]},{"@type":"ImageObject","inLanguage":"es","@id":"https:\/\/www.reconoce.mx\/?p=84033#primaryimage","url":"http:\/\/www.reconoce.mx\/wp-content\/uploads\/2019\/06\/chicuarotes-1.jpg","contentUrl":"http:\/\/www.reconoce.mx\/wp-content\/uploads\/2019\/06\/chicuarotes-1.jpg","width":590,"height":380},{"@type":"BreadcrumbList","@id":"https:\/\/www.reconoce.mx\/?p=84033#breadcrumb","itemListElement":[{"@type":"ListItem","position":1,"name":"Portada","item":"http:\/\/www.reconoce.mx\/"},{"@type":"ListItem","position":2,"name":"\u00abChicuarotes\u00bb y la lejan\u00eda de su autoproclamada \u00abpoes\u00eda colectiva\u00bb"}]},{"@type":"WebSite","@id":"http:\/\/www.reconoce.mx\/#website","url":"http:\/\/www.reconoce.mx\/","name":"Reconoce MX","description":"En Reconoce MX difundimos arte, cultura y conciencia social en M\u00e9xico. Tu ciudad en otra perspectiva.","publisher":{"@id":"http:\/\/www.reconoce.mx\/#organization"},"potentialAction":[{"@type":"SearchAction","target":{"@type":"EntryPoint","urlTemplate":"http:\/\/www.reconoce.mx\/?s={search_term_string}"},"query-input":{"@type":"PropertyValueSpecification","valueRequired":true,"valueName":"search_term_string"}}],"inLanguage":"es"},{"@type":"Organization","@id":"http:\/\/www.reconoce.mx\/#organization","name":"Reconoce MX","url":"http:\/\/www.reconoce.mx\/","logo":{"@type":"ImageObject","inLanguage":"es","@id":"http:\/\/www.reconoce.mx\/#\/schema\/logo\/image\/","url":"https:\/\/www.reconoce.mx\/wp-content\/uploads\/2019\/03\/logorcmx-good-1.png","contentUrl":"https:\/\/www.reconoce.mx\/wp-content\/uploads\/2019\/03\/logorcmx-good-1.png","width":280,"height":90,"caption":"Reconoce MX"},"image":{"@id":"http:\/\/www.reconoce.mx\/#\/schema\/logo\/image\/"},"sameAs":["https:\/\/es-la.facebook.com\/ReconoceMX\/","https:\/\/x.com\/reconocemx","http:\/\/@reconocemx"]},{"@type":"Person","@id":"http:\/\/www.reconoce.mx\/#\/schema\/person\/2117e997d7051dc15d6880eaf9bca0b2","name":"Reconoce MX","image":{"@type":"ImageObject","inLanguage":"es","@id":"http:\/\/www.reconoce.mx\/#\/schema\/person\/image\/","url":"https:\/\/secure.gravatar.com\/avatar\/6c8d4dc7569ca1c90c5fdcc349f839d5ddef6fe1e70b4337ead2ef1a4c43fc3a?s=96&d=identicon&r=g","contentUrl":"https:\/\/secure.gravatar.com\/avatar\/6c8d4dc7569ca1c90c5fdcc349f839d5ddef6fe1e70b4337ead2ef1a4c43fc3a?s=96&d=identicon&r=g","caption":"Reconoce MX"},"description":"Reconoce MX es un proyecto de difusi\u00f3n art\u00edstica, cultural y de conciencia social que est\u00e1 enfocado a difundir y fomentar el entretenimiento alternativo de calidad para todo el p\u00fablico que comparta el mismo entusiasmo.","sameAs":["http:\/\/www.reconoce.mx"],"url":"http:\/\/www.reconoce.mx\/?author=2"}]}},"_links":{"self":[{"href":"http:\/\/www.reconoce.mx\/index.php?rest_route=\/wp\/v2\/posts\/84033","targetHints":{"allow":["GET"]}}],"collection":[{"href":"http:\/\/www.reconoce.mx\/index.php?rest_route=\/wp\/v2\/posts"}],"about":[{"href":"http:\/\/www.reconoce.mx\/index.php?rest_route=\/wp\/v2\/types\/post"}],"author":[{"embeddable":true,"href":"http:\/\/www.reconoce.mx\/index.php?rest_route=\/wp\/v2\/users\/2"}],"replies":[{"embeddable":true,"href":"http:\/\/www.reconoce.mx\/index.php?rest_route=%2Fwp%2Fv2%2Fcomments&post=84033"}],"version-history":[{"count":3,"href":"http:\/\/www.reconoce.mx\/index.php?rest_route=\/wp\/v2\/posts\/84033\/revisions"}],"predecessor-version":[{"id":84042,"href":"http:\/\/www.reconoce.mx\/index.php?rest_route=\/wp\/v2\/posts\/84033\/revisions\/84042"}],"wp:featuredmedia":[{"embeddable":true,"href":"http:\/\/www.reconoce.mx\/index.php?rest_route=\/wp\/v2\/media\/84036"}],"wp:attachment":[{"href":"http:\/\/www.reconoce.mx\/index.php?rest_route=%2Fwp%2Fv2%2Fmedia&parent=84033"}],"wp:term":[{"taxonomy":"category","embeddable":true,"href":"http:\/\/www.reconoce.mx\/index.php?rest_route=%2Fwp%2Fv2%2Fcategories&post=84033"},{"taxonomy":"post_tag","embeddable":true,"href":"http:\/\/www.reconoce.mx\/index.php?rest_route=%2Fwp%2Fv2%2Ftags&post=84033"}],"curies":[{"name":"wp","href":"https:\/\/api.w.org\/{rel}","templated":true}]}}