{"id":13304,"date":"2012-10-29T02:00:48","date_gmt":"2012-10-29T08:00:48","guid":{"rendered":"http:\/\/www.reconoce.mx\/?p=13304"},"modified":"2012-11-01T20:08:30","modified_gmt":"2012-11-02T02:08:30","slug":"viernes-versionado-vuela-vuela-version-tony-gallardo-ii-feat-matilda-manzana","status":"publish","type":"post","link":"https:\/\/www.reconoce.mx\/?p=13304","title":{"rendered":"Viernes versionado: &#8216;Vuela Vuela&#8217;, versi\u00f3n Tony Gallardo II feat. Matilda Manzana"},"content":{"rendered":"<ul id=\"botones-home\">\n<li><script type=\"text\/javascript\" src=\"https:\/\/apis.google.com\/js\/plusone.js\"><\/script><g:plusone width=\"55\" height=\"20\" href=\"http:\/\/www.reconoce.mx\/viernes-versionado-vuela-vuela-version-tony-gallardo-ii-feat-matilda-manzana\/\"><\/g:plusone><\/li>\n<li><a href=\"http:\/\/twitter.com\/share\" class=\"twitter-share-button\" data-url=\"http:\/\/www.reconoce.mx\/viernes-versionado-vuela-vuela-version-tony-gallardo-ii-feat-matilda-manzana\/\" data-count=\"horizontal\" data-via=\"reconocemx\" data-lang=\"es\">Tweet<\/a><script type=\"text\/javascript\" src=\"http:\/\/platform.twitter.com\/widgets.js\"><\/script><\/li>\n<div class=\"fb-like\" data-href=\"http:\/\/www.reconoce.mx\/viernes-versionado-vuela-vuela-version-tony-gallardo-ii-feat-matilda-manzana\/\" data-send=\"true\" data-width=\"450\" data-show-faces=\"true\"><\/div>\n<p><strong>Por <a title=\"@AsfaltosTweets\" href=\"http:\/\/twitter.com\/#%21\/AsfaltosTweets\" target=\"_blank\">Asfaltos<\/a><\/strong>.<\/p>\n<p>Y que los chicos de Reconoce MX no dejan de explotarme&#8230; literal. Bueno, bueno, la verdad es que les ped\u00ed un espacio m\u00e1s en viernes para uno de esos g\u00e9neros pol\u00e9micos; as\u00ed es, se trata de los covers. <strong>Cada viernes, en este espacio, ser\u00e1 <em>Viernes versionado<\/em><\/strong>. Y para empezar con todas las pilas puestas, se me antoj\u00f3 traerles algo que me trae recuerdos, quiz\u00e1 no de los que est\u00e9 m\u00e1s orgulloso, pero vamos, \u00bfalguien no se puso a bailar con <em>Vuela Vuela<\/em> de Magneto?<\/p>\n<p><iframe loading=\"lazy\" width=\"100%\" height=\"166\" scrolling=\"no\" frameborder=\"no\" src=\"http:\/\/w.soundcloud.com\/player\/?url=http%3A%2F%2Fapi.soundcloud.com%2Ftracks%2F47155036&amp;auto_play=false&amp;show_artwork=true&amp;color=ff0016\"><\/iframe><\/p>\n<p><!--more--><div id=\"attachment_13305\" style=\"width: 610px\" class=\"wp-caption aligncenter\"><a href=\"http:\/\/www.reconoce.mx\/wp-content\/uploads\/tony-gallardo-ii.png\"><img loading=\"lazy\" decoding=\"async\" aria-describedby=\"caption-attachment-13305\" src=\"http:\/\/www.reconoce.mx\/wp-content\/uploads\/tony-gallardo-ii.png\" alt=\"Viernes versionado: &#039;Vuela Vuela&#039;, versi\u00f3n Tony Gallardo II feat. Matilda Manzana.\" title=\"Viernes versionado: &#039;Vuela Vuela&#039;, versi\u00f3n Tony Gallardo II feat. Matilda Manzana.\" width=\"600\" height=\"275\" class=\"size-full wp-image-13305\" \/><\/a><p id=\"caption-attachment-13305\" class=\"wp-caption-text\">Viernes versionado: &#039;Vuela Vuela&#039;, versi\u00f3n Tony Gallardo II feat. Matilda Manzana.<\/p><\/div><\/p>\n<p>Primero, y antes que nada, vale la pena aclarar que<strong><em> Vuela Vuela<\/em> es ya un cover del cl\u00e1sico ochentero <a title=\"Desireless - Voyage Voyage \" href=\"http:\/\/www.youtube.com\/watch?v=6PDmZnG8KsM\" target=\"_blank\"><em>Voyage Voyag<\/em>e<\/a> franc\u00e9s de Desireless<\/strong>. As\u00ed es, podemos escuchar en bonito franc\u00e9s una versi\u00f3n que no dejar\u00e1 de ponerles de buenas. Sin embargo, y haciendo honor a su <em>Vuela Vuela<\/em>, los Magneto la usaron para su disco de 1991 del mismo nombre. \u00bfAlguien recuerda alguna otra rola de esta <em>mexican boy band<\/em>?<\/p>\n<p>Bueno, pues en medio de todos estos recuerdos que provocan melancol\u00eda, y la verdad bastantes risas,<strong> les dejo una versi\u00f3n m\u00e1s moderna de <em>Vuela Vuela<\/em> a cargo de <a title=\"Lunes musical: \u2018L\u00edder juvenil\u2019, de Tony Gallardo II\" href=\"http:\/\/www.reconoce.mx\/lunes-musical-%e2%80%98lider-juvenil%e2%80%99-de-tony-gallardo-ii\/\" target=\"_blank\">Tony Gallardo II<\/a> en complicidad con <a title=\"Lunes musical: \u2018Pez Espada\u2019, de Matilda Manzana\" href=\"http:\/\/www.reconoce.mx\/lunes-musical-pez-espada-de-matilda-manzana\/\" target=\"_blank\">Matilda Manzana<\/a><\/strong>. \u00bfA poco no suena incre\u00edble? Lamentablemente Matilda Manzana (quien le pone voz a la canci\u00f3n) ha aclarado que no interpretar\u00e1 esta canci\u00f3n en vivo; aunque quien sabe, igual y en una de esas&#8230;<\/p>\n<p>Sin m\u00e1s les deseo un buen viernes, y<strong> si tienen alg\u00fan cover que compartir, \u00a1no dejen de enviarlo a <span style=\"color: #0000ff;\">info@reconoce.mx<\/span>!<\/strong> Los muchachos de Reconoce saben explotar a este su humilde y asfaltoso servidor jaja.<\/p>\n<p>&nbsp;<\/p>\n<p>&nbsp;<\/p>\n","protected":false},"excerpt":{"rendered":"<p>Y que los chicos de Reconoce MX no dejan de explotarme\u2026 literal. Bueno, bueno, la verdad es que les ped\u00ed un espacio m\u00e1s en viernes para uno de esos g\u00e9neros pol\u00e9micos.<\/p>\n","protected":false},"author":2,"featured_media":13305,"comment_status":"open","ping_status":"open","sticky":false,"template":"","format":"standard","meta":{"footnotes":""},"categories":[1,18,1454],"tags":[1483,2611,1484,2632],"class_list":["post-13304","post","type-post","status-publish","format-standard","has-post-thumbnail","hentry","category-cultura","category-musica","category-viernes-versionado","tag-cover","tag-musica","tag-tony-gallardo","tag-viernes-versionado"],"yoast_head":"<!-- This site is optimized with the Yoast SEO plugin v24.7 - https:\/\/yoast.com\/wordpress\/plugins\/seo\/ -->\n<title>Viernes versionado: &#039;Vuela Vuela&#039;, versi\u00f3n Tony Gallardo II feat. Matilda Manzana &#171; Reconoce MX<\/title>\n<meta name=\"robots\" content=\"index, follow, max-snippet:-1, max-image-preview:large, max-video-preview:-1\" \/>\n<link rel=\"canonical\" href=\"https:\/\/www.reconoce.mx\/?p=13304\" \/>\n<meta property=\"og:locale\" content=\"es_ES\" \/>\n<meta property=\"og:type\" content=\"article\" \/>\n<meta property=\"og:title\" content=\"Viernes versionado: &#039;Vuela Vuela&#039;, versi\u00f3n Tony Gallardo II feat. Matilda Manzana &#171; Reconoce MX\" \/>\n<meta property=\"og:description\" content=\"Y que los chicos de Reconoce MX no dejan de explotarme\u2026 literal. Bueno, bueno, la verdad es que les ped\u00ed un espacio m\u00e1s en viernes para uno de esos g\u00e9neros pol\u00e9micos.\" \/>\n<meta property=\"og:url\" content=\"https:\/\/www.reconoce.mx\/?p=13304\" \/>\n<meta property=\"og:site_name\" content=\"Reconoce MX\" \/>\n<meta property=\"article:publisher\" content=\"https:\/\/es-la.facebook.com\/ReconoceMX\/\" \/>\n<meta property=\"article:published_time\" content=\"2012-10-29T08:00:48+00:00\" \/>\n<meta property=\"article:modified_time\" content=\"2012-11-02T02:08:30+00:00\" \/>\n<meta property=\"og:image\" content=\"https:\/\/www.reconoce.mx\/wp-content\/uploads\/tony-gallardo-ii.png\" \/>\n\t<meta property=\"og:image:width\" content=\"649\" \/>\n\t<meta property=\"og:image:height\" content=\"301\" \/>\n\t<meta property=\"og:image:type\" content=\"image\/png\" \/>\n<meta name=\"author\" content=\"Reconoce MX\" \/>\n<meta name=\"twitter:card\" content=\"summary_large_image\" \/>\n<meta name=\"twitter:creator\" content=\"@reconocemx\" \/>\n<meta name=\"twitter:site\" content=\"@reconocemx\" \/>\n<meta name=\"twitter:label1\" content=\"Escrito por\" \/>\n\t<meta name=\"twitter:data1\" content=\"Reconoce MX\" \/>\n\t<meta name=\"twitter:label2\" content=\"Tiempo de lectura\" \/>\n\t<meta name=\"twitter:data2\" content=\"2 minutos\" \/>\n<script type=\"application\/ld+json\" class=\"yoast-schema-graph\">{\"@context\":\"https:\/\/schema.org\",\"@graph\":[{\"@type\":\"Article\",\"@id\":\"https:\/\/www.reconoce.mx\/?p=13304#article\",\"isPartOf\":{\"@id\":\"https:\/\/www.reconoce.mx\/?p=13304\"},\"author\":{\"name\":\"Reconoce MX\",\"@id\":\"http:\/\/www.reconoce.mx\/#\/schema\/person\/2117e997d7051dc15d6880eaf9bca0b2\"},\"headline\":\"Viernes versionado: &#8216;Vuela Vuela&#8217;, versi\u00f3n Tony Gallardo II feat. Matilda Manzana\",\"datePublished\":\"2012-10-29T08:00:48+00:00\",\"dateModified\":\"2012-11-02T02:08:30+00:00\",\"mainEntityOfPage\":{\"@id\":\"https:\/\/www.reconoce.mx\/?p=13304\"},\"wordCount\":312,\"commentCount\":0,\"publisher\":{\"@id\":\"http:\/\/www.reconoce.mx\/#organization\"},\"image\":{\"@id\":\"https:\/\/www.reconoce.mx\/?p=13304#primaryimage\"},\"thumbnailUrl\":\"https:\/\/www.reconoce.mx\/wp-content\/uploads\/tony-gallardo-ii.png\",\"keywords\":[\"cover\",\"M\u00fasica\",\"Tony Gallardo\",\"Viernes versionado\"],\"articleSection\":[\"Cultura\",\"M\u00fasica\",\"Viernes versionado\"],\"inLanguage\":\"es\",\"potentialAction\":[{\"@type\":\"CommentAction\",\"name\":\"Comment\",\"target\":[\"https:\/\/www.reconoce.mx\/?p=13304#respond\"]}]},{\"@type\":\"WebPage\",\"@id\":\"https:\/\/www.reconoce.mx\/?p=13304\",\"url\":\"https:\/\/www.reconoce.mx\/?p=13304\",\"name\":\"Viernes versionado: 'Vuela Vuela', versi\u00f3n Tony Gallardo II feat. Matilda Manzana &#171; Reconoce MX\",\"isPartOf\":{\"@id\":\"http:\/\/www.reconoce.mx\/#website\"},\"primaryImageOfPage\":{\"@id\":\"https:\/\/www.reconoce.mx\/?p=13304#primaryimage\"},\"image\":{\"@id\":\"https:\/\/www.reconoce.mx\/?p=13304#primaryimage\"},\"thumbnailUrl\":\"https:\/\/www.reconoce.mx\/wp-content\/uploads\/tony-gallardo-ii.png\",\"datePublished\":\"2012-10-29T08:00:48+00:00\",\"dateModified\":\"2012-11-02T02:08:30+00:00\",\"breadcrumb\":{\"@id\":\"https:\/\/www.reconoce.mx\/?p=13304#breadcrumb\"},\"inLanguage\":\"es\",\"potentialAction\":[{\"@type\":\"ReadAction\",\"target\":[\"https:\/\/www.reconoce.mx\/?p=13304\"]}]},{\"@type\":\"ImageObject\",\"inLanguage\":\"es\",\"@id\":\"https:\/\/www.reconoce.mx\/?p=13304#primaryimage\",\"url\":\"https:\/\/www.reconoce.mx\/wp-content\/uploads\/tony-gallardo-ii.png\",\"contentUrl\":\"https:\/\/www.reconoce.mx\/wp-content\/uploads\/tony-gallardo-ii.png\",\"width\":649,\"height\":301,\"caption\":\"Viernes versionado: 'Vuela Vuela', versi\u00f3n Tony Gallardo II feat. Matilda Manzana.\"},{\"@type\":\"BreadcrumbList\",\"@id\":\"https:\/\/www.reconoce.mx\/?p=13304#breadcrumb\",\"itemListElement\":[{\"@type\":\"ListItem\",\"position\":1,\"name\":\"Portada\",\"item\":\"http:\/\/www.reconoce.mx\/\"},{\"@type\":\"ListItem\",\"position\":2,\"name\":\"Viernes versionado: &#8216;Vuela Vuela&#8217;, versi\u00f3n Tony Gallardo II feat. Matilda Manzana\"}]},{\"@type\":\"WebSite\",\"@id\":\"http:\/\/www.reconoce.mx\/#website\",\"url\":\"http:\/\/www.reconoce.mx\/\",\"name\":\"Reconoce MX\",\"description\":\"En Reconoce MX difundimos arte, cultura y conciencia social en M\u00e9xico. Tu ciudad en otra perspectiva.\",\"publisher\":{\"@id\":\"http:\/\/www.reconoce.mx\/#organization\"},\"potentialAction\":[{\"@type\":\"SearchAction\",\"target\":{\"@type\":\"EntryPoint\",\"urlTemplate\":\"http:\/\/www.reconoce.mx\/?s={search_term_string}\"},\"query-input\":{\"@type\":\"PropertyValueSpecification\",\"valueRequired\":true,\"valueName\":\"search_term_string\"}}],\"inLanguage\":\"es\"},{\"@type\":\"Organization\",\"@id\":\"http:\/\/www.reconoce.mx\/#organization\",\"name\":\"Reconoce MX\",\"url\":\"http:\/\/www.reconoce.mx\/\",\"logo\":{\"@type\":\"ImageObject\",\"inLanguage\":\"es\",\"@id\":\"http:\/\/www.reconoce.mx\/#\/schema\/logo\/image\/\",\"url\":\"https:\/\/www.reconoce.mx\/wp-content\/uploads\/2019\/03\/logorcmx-good-1.png\",\"contentUrl\":\"https:\/\/www.reconoce.mx\/wp-content\/uploads\/2019\/03\/logorcmx-good-1.png\",\"width\":280,\"height\":90,\"caption\":\"Reconoce MX\"},\"image\":{\"@id\":\"http:\/\/www.reconoce.mx\/#\/schema\/logo\/image\/\"},\"sameAs\":[\"https:\/\/es-la.facebook.com\/ReconoceMX\/\",\"https:\/\/x.com\/reconocemx\",\"http:\/\/@reconocemx\"]},{\"@type\":\"Person\",\"@id\":\"http:\/\/www.reconoce.mx\/#\/schema\/person\/2117e997d7051dc15d6880eaf9bca0b2\",\"name\":\"Reconoce MX\",\"image\":{\"@type\":\"ImageObject\",\"inLanguage\":\"es\",\"@id\":\"http:\/\/www.reconoce.mx\/#\/schema\/person\/image\/\",\"url\":\"https:\/\/secure.gravatar.com\/avatar\/6c8d4dc7569ca1c90c5fdcc349f839d5ddef6fe1e70b4337ead2ef1a4c43fc3a?s=96&d=identicon&r=g\",\"contentUrl\":\"https:\/\/secure.gravatar.com\/avatar\/6c8d4dc7569ca1c90c5fdcc349f839d5ddef6fe1e70b4337ead2ef1a4c43fc3a?s=96&d=identicon&r=g\",\"caption\":\"Reconoce MX\"},\"description\":\"Reconoce MX es un proyecto de difusi\u00f3n art\u00edstica, cultural y de conciencia social que est\u00e1 enfocado a difundir y fomentar el entretenimiento alternativo de calidad para todo el p\u00fablico que comparta el mismo entusiasmo.\",\"sameAs\":[\"http:\/\/www.reconoce.mx\"],\"url\":\"https:\/\/www.reconoce.mx\/?author=2\"}]}<\/script>\n<!-- \/ Yoast SEO plugin. -->","yoast_head_json":{"title":"Viernes versionado: 'Vuela Vuela', versi\u00f3n Tony Gallardo II feat. Matilda Manzana &#171; Reconoce MX","robots":{"index":"index","follow":"follow","max-snippet":"max-snippet:-1","max-image-preview":"max-image-preview:large","max-video-preview":"max-video-preview:-1"},"canonical":"https:\/\/www.reconoce.mx\/?p=13304","og_locale":"es_ES","og_type":"article","og_title":"Viernes versionado: 'Vuela Vuela', versi\u00f3n Tony Gallardo II feat. Matilda Manzana &#171; Reconoce MX","og_description":"Y que los chicos de Reconoce MX no dejan de explotarme\u2026 literal. Bueno, bueno, la verdad es que les ped\u00ed un espacio m\u00e1s en viernes para uno de esos g\u00e9neros pol\u00e9micos.","og_url":"https:\/\/www.reconoce.mx\/?p=13304","og_site_name":"Reconoce MX","article_publisher":"https:\/\/es-la.facebook.com\/ReconoceMX\/","article_published_time":"2012-10-29T08:00:48+00:00","article_modified_time":"2012-11-02T02:08:30+00:00","og_image":[{"width":649,"height":301,"url":"https:\/\/www.reconoce.mx\/wp-content\/uploads\/tony-gallardo-ii.png","type":"image\/png"}],"author":"Reconoce MX","twitter_card":"summary_large_image","twitter_creator":"@reconocemx","twitter_site":"@reconocemx","twitter_misc":{"Escrito por":"Reconoce MX","Tiempo de lectura":"2 minutos"},"schema":{"@context":"https:\/\/schema.org","@graph":[{"@type":"Article","@id":"https:\/\/www.reconoce.mx\/?p=13304#article","isPartOf":{"@id":"https:\/\/www.reconoce.mx\/?p=13304"},"author":{"name":"Reconoce MX","@id":"http:\/\/www.reconoce.mx\/#\/schema\/person\/2117e997d7051dc15d6880eaf9bca0b2"},"headline":"Viernes versionado: &#8216;Vuela Vuela&#8217;, versi\u00f3n Tony Gallardo II feat. Matilda Manzana","datePublished":"2012-10-29T08:00:48+00:00","dateModified":"2012-11-02T02:08:30+00:00","mainEntityOfPage":{"@id":"https:\/\/www.reconoce.mx\/?p=13304"},"wordCount":312,"commentCount":0,"publisher":{"@id":"http:\/\/www.reconoce.mx\/#organization"},"image":{"@id":"https:\/\/www.reconoce.mx\/?p=13304#primaryimage"},"thumbnailUrl":"https:\/\/www.reconoce.mx\/wp-content\/uploads\/tony-gallardo-ii.png","keywords":["cover","M\u00fasica","Tony Gallardo","Viernes versionado"],"articleSection":["Cultura","M\u00fasica","Viernes versionado"],"inLanguage":"es","potentialAction":[{"@type":"CommentAction","name":"Comment","target":["https:\/\/www.reconoce.mx\/?p=13304#respond"]}]},{"@type":"WebPage","@id":"https:\/\/www.reconoce.mx\/?p=13304","url":"https:\/\/www.reconoce.mx\/?p=13304","name":"Viernes versionado: 'Vuela Vuela', versi\u00f3n Tony Gallardo II feat. Matilda Manzana &#171; Reconoce MX","isPartOf":{"@id":"http:\/\/www.reconoce.mx\/#website"},"primaryImageOfPage":{"@id":"https:\/\/www.reconoce.mx\/?p=13304#primaryimage"},"image":{"@id":"https:\/\/www.reconoce.mx\/?p=13304#primaryimage"},"thumbnailUrl":"https:\/\/www.reconoce.mx\/wp-content\/uploads\/tony-gallardo-ii.png","datePublished":"2012-10-29T08:00:48+00:00","dateModified":"2012-11-02T02:08:30+00:00","breadcrumb":{"@id":"https:\/\/www.reconoce.mx\/?p=13304#breadcrumb"},"inLanguage":"es","potentialAction":[{"@type":"ReadAction","target":["https:\/\/www.reconoce.mx\/?p=13304"]}]},{"@type":"ImageObject","inLanguage":"es","@id":"https:\/\/www.reconoce.mx\/?p=13304#primaryimage","url":"https:\/\/www.reconoce.mx\/wp-content\/uploads\/tony-gallardo-ii.png","contentUrl":"https:\/\/www.reconoce.mx\/wp-content\/uploads\/tony-gallardo-ii.png","width":649,"height":301,"caption":"Viernes versionado: 'Vuela Vuela', versi\u00f3n Tony Gallardo II feat. Matilda Manzana."},{"@type":"BreadcrumbList","@id":"https:\/\/www.reconoce.mx\/?p=13304#breadcrumb","itemListElement":[{"@type":"ListItem","position":1,"name":"Portada","item":"http:\/\/www.reconoce.mx\/"},{"@type":"ListItem","position":2,"name":"Viernes versionado: &#8216;Vuela Vuela&#8217;, versi\u00f3n Tony Gallardo II feat. Matilda Manzana"}]},{"@type":"WebSite","@id":"http:\/\/www.reconoce.mx\/#website","url":"http:\/\/www.reconoce.mx\/","name":"Reconoce MX","description":"En Reconoce MX difundimos arte, cultura y conciencia social en M\u00e9xico. Tu ciudad en otra perspectiva.","publisher":{"@id":"http:\/\/www.reconoce.mx\/#organization"},"potentialAction":[{"@type":"SearchAction","target":{"@type":"EntryPoint","urlTemplate":"http:\/\/www.reconoce.mx\/?s={search_term_string}"},"query-input":{"@type":"PropertyValueSpecification","valueRequired":true,"valueName":"search_term_string"}}],"inLanguage":"es"},{"@type":"Organization","@id":"http:\/\/www.reconoce.mx\/#organization","name":"Reconoce MX","url":"http:\/\/www.reconoce.mx\/","logo":{"@type":"ImageObject","inLanguage":"es","@id":"http:\/\/www.reconoce.mx\/#\/schema\/logo\/image\/","url":"https:\/\/www.reconoce.mx\/wp-content\/uploads\/2019\/03\/logorcmx-good-1.png","contentUrl":"https:\/\/www.reconoce.mx\/wp-content\/uploads\/2019\/03\/logorcmx-good-1.png","width":280,"height":90,"caption":"Reconoce MX"},"image":{"@id":"http:\/\/www.reconoce.mx\/#\/schema\/logo\/image\/"},"sameAs":["https:\/\/es-la.facebook.com\/ReconoceMX\/","https:\/\/x.com\/reconocemx","http:\/\/@reconocemx"]},{"@type":"Person","@id":"http:\/\/www.reconoce.mx\/#\/schema\/person\/2117e997d7051dc15d6880eaf9bca0b2","name":"Reconoce MX","image":{"@type":"ImageObject","inLanguage":"es","@id":"http:\/\/www.reconoce.mx\/#\/schema\/person\/image\/","url":"https:\/\/secure.gravatar.com\/avatar\/6c8d4dc7569ca1c90c5fdcc349f839d5ddef6fe1e70b4337ead2ef1a4c43fc3a?s=96&d=identicon&r=g","contentUrl":"https:\/\/secure.gravatar.com\/avatar\/6c8d4dc7569ca1c90c5fdcc349f839d5ddef6fe1e70b4337ead2ef1a4c43fc3a?s=96&d=identicon&r=g","caption":"Reconoce MX"},"description":"Reconoce MX es un proyecto de difusi\u00f3n art\u00edstica, cultural y de conciencia social que est\u00e1 enfocado a difundir y fomentar el entretenimiento alternativo de calidad para todo el p\u00fablico que comparta el mismo entusiasmo.","sameAs":["http:\/\/www.reconoce.mx"],"url":"https:\/\/www.reconoce.mx\/?author=2"}]}},"_links":{"self":[{"href":"https:\/\/www.reconoce.mx\/index.php?rest_route=\/wp\/v2\/posts\/13304","targetHints":{"allow":["GET"]}}],"collection":[{"href":"https:\/\/www.reconoce.mx\/index.php?rest_route=\/wp\/v2\/posts"}],"about":[{"href":"https:\/\/www.reconoce.mx\/index.php?rest_route=\/wp\/v2\/types\/post"}],"author":[{"embeddable":true,"href":"https:\/\/www.reconoce.mx\/index.php?rest_route=\/wp\/v2\/users\/2"}],"replies":[{"embeddable":true,"href":"https:\/\/www.reconoce.mx\/index.php?rest_route=%2Fwp%2Fv2%2Fcomments&post=13304"}],"version-history":[{"count":16,"href":"https:\/\/www.reconoce.mx\/index.php?rest_route=\/wp\/v2\/posts\/13304\/revisions"}],"predecessor-version":[{"id":13735,"href":"https:\/\/www.reconoce.mx\/index.php?rest_route=\/wp\/v2\/posts\/13304\/revisions\/13735"}],"wp:featuredmedia":[{"embeddable":true,"href":"https:\/\/www.reconoce.mx\/index.php?rest_route=\/wp\/v2\/media\/13305"}],"wp:attachment":[{"href":"https:\/\/www.reconoce.mx\/index.php?rest_route=%2Fwp%2Fv2%2Fmedia&parent=13304"}],"wp:term":[{"taxonomy":"category","embeddable":true,"href":"https:\/\/www.reconoce.mx\/index.php?rest_route=%2Fwp%2Fv2%2Fcategories&post=13304"},{"taxonomy":"post_tag","embeddable":true,"href":"https:\/\/www.reconoce.mx\/index.php?rest_route=%2Fwp%2Fv2%2Ftags&post=13304"}],"curies":[{"name":"wp","href":"https:\/\/api.w.org\/{rel}","templated":true}]}}