{"id":14307,"date":"2012-11-12T01:00:22","date_gmt":"2012-11-12T07:00:22","guid":{"rendered":"http:\/\/www.reconoce.mx\/?p=14307"},"modified":"2012-11-12T22:29:13","modified_gmt":"2012-11-13T04:29:13","slug":"en-dos-meses-el-mundo-habra-desaparecido","status":"publish","type":"post","link":"https:\/\/www.reconoce.mx\/?p=14307","title":{"rendered":"En dos meses el mundo habr\u00e1 desaparecido"},"content":{"rendered":"<ul id=\"botones-home\">\n<li><script type=\"text\/javascript\" src=\"https:\/\/apis.google.com\/js\/plusone.js\"><\/script><g:plusone width=\"55\" height=\"20\" href=\"http:\/\/www.reconoce.mx\/en-dos-meses-el-mundo-habra-desaparecido\/\"><\/g:plusone><\/li>\n<li><a href=\"http:\/\/twitter.com\/share\" class=\"twitter-share-button\" data-url=\"http:\/\/www.reconoce.mx\/en-dos-meses-el-mundo-habra-desaparecido\/\" data-count=\"horizontal\" data-via=\"reconocemx\" data-lang=\"es\">Tweet<\/a><script type=\"text\/javascript\" src=\"http:\/\/platform.twitter.com\/widgets.js\"><\/script><\/li>\n<div class=\"fb-like\" data-href=\"http:\/\/www.reconoce.mx\/en-dos-meses-el-mundo-habra-desaparecido\/\" data-send=\"true\" data-width=\"450\" data-show-faces=\"true\"><\/div>\n<p><strong>Por <a title=\"@ligiaele\" href=\"https:\/\/twitter.com\/ligiaele\/\" target=\"_blank\">Ligiaele<\/a><\/strong>.<\/p>\n<p><strong>Guillermo del Toro<\/strong>, autor de la trilog\u00eda literaria <strong>&#8216;The Strain&#8217;,<\/strong> lanz\u00f3 el 14 de Diciembre de 2011 en c\u00f3mic los relatos derivados de sus novelas en conjunto con Chuck Hogan.<\/p>\n<div id=\"attachment_14373\" style=\"width: 659px\" class=\"wp-caption aligncenter\"><a href=\"http:\/\/www.reconoce.mx\/wp-content\/uploads\/thestrain.png\"><img loading=\"lazy\" decoding=\"async\" aria-describedby=\"caption-attachment-14373\" src=\"http:\/\/www.reconoce.mx\/wp-content\/uploads\/thestrain.png\" alt=\"En dos meses el mundo habr\u00e1 desaparecido.\" title=\"En dos meses el mundo habr\u00e1 desaparecido.\" width=\"649\" height=\"301\" class=\"size-full wp-image-14373\" srcset=\"https:\/\/www.reconoce.mx\/wp-content\/uploads\/thestrain.png 649w, https:\/\/www.reconoce.mx\/wp-content\/uploads\/thestrain-300x139.png 300w\" sizes=\"auto, (max-width: 649px) 100vw, 649px\" \/><\/a><p id=\"caption-attachment-14373\" class=\"wp-caption-text\">En dos meses el mundo habr\u00e1 desaparecido.<\/p><\/div>\n<p><!--more-->El primero de los libros que le da el nombre a la trilog\u00eda sali\u00f3 a la venta en 2009, seguido por <strong>&#8216;The fall&#8217;<\/strong> en 2010 y <strong>&#8216;The Nigh Eternal&#8217;<\/strong> en octubre de 2011.<\/p>\n<p>En este n\u00famero se narra brevemente la leyenda de <strong>\u201cSardu\u201d<\/strong> uno de los personajes clave de esta serie, es v\u00edctima de un desagradable suceso al tratar de encontrar la cura para la enfermedad de su hijo.<\/p>\n<p><strong>Una cuarentena en el aeropuerto JFK<\/strong>, la p\u00e9rdida de comunicaci\u00f3n con el vuelo 753 y las investigaciones de un grupo de cient\u00edficos acerca de la extra\u00f1a muerte de los pasajeros son parte del inicio de esta escalofriante novela gr\u00e1fica.<\/p>\n<p><strong>Guillermo del Toro<\/strong> a trav\u00e9s de sus pel\u00edculas a presentado diferentes monstruos como Hellboy, Blade, etc\u2026 Y tambi\u00e9n que gusta de narrar historias oscuras. Y el c\u00f3mic no se salva de esto. En nuestra \u00e9poca moderna surge una pandemia, un virus que al alojarse en el cuerpo humano deforma el pensamiento del ser humano al grado de perder la raz\u00f3n y ser un ente irracional deseoso de beber sangre.<\/p>\n<p><strong>El gui\u00f3n fue escrito por David Lapham y Mike Huddleston<\/strong> es el dibujante de las novelas gr\u00e1ficas. Se tiene planeado crear 8 c\u00f3mics por libro.<\/p>\n<p>Yo lo descubr\u00ed un poco tarde ya que actualmente se han publicado 10 n\u00fameros y un compilado de los primeros 6, parte del primer libro. Se pueden adquirir en sus versiones digitales desde la p\u00e1gina de Dark Horse.<\/p>\n<p style=\"text-align: right;\"><strong><em>Cr\u00e9ditos<\/em><br \/>\n<\/strong>Escritores: David Lapham, Guillero del Toro, Chuck Hogan<br \/>\nDibujante: Mike Huddleston<br \/>\nTintas: Dan Jackson<br \/>\nPortada: Mike Huddleston<br \/>\nG\u00e9nero: Horror<br \/>\nFecha de publicaci\u00f3n: 14 de diciembre de 2011<br \/>\nEditorial: <a href=\"http:\/\/www.darkhorse.com\/Comics\/\">Dark Horse Comics<\/a><br \/>\n<a href=\"http:\/\/www.darkhorse.com\/Blog\/1123\/strain-motion-comic\">Blog del c\u00f3mic<\/a><\/p>\n<p>&nbsp;<\/p>\n<p>&nbsp;<\/p>\n","protected":false},"excerpt":{"rendered":"<p>Guillermo del Toro, autor de la trilog\u00eda literaria \u201cThe Strain\u201d, lanz\u00f3 el 14 de Diciembre de 2011, en c\u00f3mic, los relatos derivados de sus novelas en conjunto con Chuck Hogan.<\/p>\n","protected":false},"author":2,"featured_media":14373,"comment_status":"open","ping_status":"open","sticky":false,"template":"","format":"standard","meta":{"footnotes":""},"categories":[1139,1],"tags":[1566,81,314,1565,1564],"class_list":["post-14307","post","type-post","status-publish","format-standard","has-post-thumbnail","hentry","category-comics-cultura","category-cultura","tag-chuck-hogan","tag-comics","tag-fin-del-mundo","tag-guillermo-del-toro","tag-the-strain"],"yoast_head":"<!-- This site is optimized with the Yoast SEO plugin v24.7 - https:\/\/yoast.com\/wordpress\/plugins\/seo\/ -->\n<title>En dos meses el mundo habr\u00e1 desaparecido &#171; Reconoce MX<\/title>\n<meta name=\"robots\" content=\"index, follow, max-snippet:-1, max-image-preview:large, max-video-preview:-1\" \/>\n<link rel=\"canonical\" href=\"http:\/\/www.reconoce.mx\/?p=14307\" \/>\n<meta property=\"og:locale\" content=\"es_ES\" \/>\n<meta property=\"og:type\" content=\"article\" \/>\n<meta property=\"og:title\" content=\"En dos meses el mundo habr\u00e1 desaparecido &#171; Reconoce MX\" \/>\n<meta property=\"og:description\" content=\"Guillermo del Toro, autor de la trilog\u00eda literaria \u201cThe Strain\u201d, lanz\u00f3 el 14 de Diciembre de 2011, en c\u00f3mic, los relatos derivados de sus novelas en conjunto con Chuck Hogan.\" \/>\n<meta property=\"og:url\" content=\"http:\/\/www.reconoce.mx\/?p=14307\" \/>\n<meta property=\"og:site_name\" content=\"Reconoce MX\" \/>\n<meta property=\"article:publisher\" content=\"https:\/\/es-la.facebook.com\/ReconoceMX\/\" \/>\n<meta property=\"article:published_time\" content=\"2012-11-12T07:00:22+00:00\" \/>\n<meta property=\"article:modified_time\" content=\"2012-11-13T04:29:13+00:00\" \/>\n<meta property=\"og:image\" content=\"http:\/\/www.reconoce.mx\/wp-content\/uploads\/thestrain.png\" \/>\n\t<meta property=\"og:image:width\" content=\"649\" \/>\n\t<meta property=\"og:image:height\" content=\"301\" \/>\n\t<meta property=\"og:image:type\" content=\"image\/png\" \/>\n<meta name=\"author\" content=\"Reconoce MX\" \/>\n<meta name=\"twitter:card\" content=\"summary_large_image\" \/>\n<meta name=\"twitter:creator\" content=\"@reconocemx\" \/>\n<meta name=\"twitter:site\" content=\"@reconocemx\" \/>\n<meta name=\"twitter:label1\" content=\"Escrito por\" \/>\n\t<meta name=\"twitter:data1\" content=\"Reconoce MX\" \/>\n\t<meta name=\"twitter:label2\" content=\"Tiempo de lectura\" \/>\n\t<meta name=\"twitter:data2\" content=\"2 minutos\" \/>\n<script type=\"application\/ld+json\" class=\"yoast-schema-graph\">{\"@context\":\"https:\/\/schema.org\",\"@graph\":[{\"@type\":\"Article\",\"@id\":\"http:\/\/www.reconoce.mx\/?p=14307#article\",\"isPartOf\":{\"@id\":\"http:\/\/www.reconoce.mx\/?p=14307\"},\"author\":{\"name\":\"Reconoce MX\",\"@id\":\"http:\/\/www.reconoce.mx\/#\/schema\/person\/2117e997d7051dc15d6880eaf9bca0b2\"},\"headline\":\"En dos meses el mundo habr\u00e1 desaparecido\",\"datePublished\":\"2012-11-12T07:00:22+00:00\",\"dateModified\":\"2012-11-13T04:29:13+00:00\",\"mainEntityOfPage\":{\"@id\":\"http:\/\/www.reconoce.mx\/?p=14307\"},\"wordCount\":345,\"commentCount\":0,\"publisher\":{\"@id\":\"http:\/\/www.reconoce.mx\/#organization\"},\"image\":{\"@id\":\"http:\/\/www.reconoce.mx\/?p=14307#primaryimage\"},\"thumbnailUrl\":\"https:\/\/www.reconoce.mx\/wp-content\/uploads\/thestrain.png\",\"keywords\":[\"Chuck Hogan\",\"c\u00f3mics\",\"Fin del mundo\",\"Guillermo del Toro\",\"The Strain\"],\"articleSection\":[\"C\u00f3mics\",\"Cultura\"],\"inLanguage\":\"es\",\"potentialAction\":[{\"@type\":\"CommentAction\",\"name\":\"Comment\",\"target\":[\"http:\/\/www.reconoce.mx\/?p=14307#respond\"]}]},{\"@type\":\"WebPage\",\"@id\":\"http:\/\/www.reconoce.mx\/?p=14307\",\"url\":\"http:\/\/www.reconoce.mx\/?p=14307\",\"name\":\"En dos meses el mundo habr\u00e1 desaparecido &#171; Reconoce MX\",\"isPartOf\":{\"@id\":\"http:\/\/www.reconoce.mx\/#website\"},\"primaryImageOfPage\":{\"@id\":\"http:\/\/www.reconoce.mx\/?p=14307#primaryimage\"},\"image\":{\"@id\":\"http:\/\/www.reconoce.mx\/?p=14307#primaryimage\"},\"thumbnailUrl\":\"https:\/\/www.reconoce.mx\/wp-content\/uploads\/thestrain.png\",\"datePublished\":\"2012-11-12T07:00:22+00:00\",\"dateModified\":\"2012-11-13T04:29:13+00:00\",\"breadcrumb\":{\"@id\":\"http:\/\/www.reconoce.mx\/?p=14307#breadcrumb\"},\"inLanguage\":\"es\",\"potentialAction\":[{\"@type\":\"ReadAction\",\"target\":[\"http:\/\/www.reconoce.mx\/?p=14307\"]}]},{\"@type\":\"ImageObject\",\"inLanguage\":\"es\",\"@id\":\"http:\/\/www.reconoce.mx\/?p=14307#primaryimage\",\"url\":\"https:\/\/www.reconoce.mx\/wp-content\/uploads\/thestrain.png\",\"contentUrl\":\"https:\/\/www.reconoce.mx\/wp-content\/uploads\/thestrain.png\",\"width\":649,\"height\":301,\"caption\":\"En dos meses el mundo habr\u00e1 desaparecido.\"},{\"@type\":\"BreadcrumbList\",\"@id\":\"http:\/\/www.reconoce.mx\/?p=14307#breadcrumb\",\"itemListElement\":[{\"@type\":\"ListItem\",\"position\":1,\"name\":\"Portada\",\"item\":\"http:\/\/www.reconoce.mx\/\"},{\"@type\":\"ListItem\",\"position\":2,\"name\":\"En dos meses el mundo habr\u00e1 desaparecido\"}]},{\"@type\":\"WebSite\",\"@id\":\"http:\/\/www.reconoce.mx\/#website\",\"url\":\"http:\/\/www.reconoce.mx\/\",\"name\":\"Reconoce MX\",\"description\":\"En Reconoce MX difundimos arte, cultura y conciencia social en M\u00e9xico. Tu ciudad en otra perspectiva.\",\"publisher\":{\"@id\":\"http:\/\/www.reconoce.mx\/#organization\"},\"potentialAction\":[{\"@type\":\"SearchAction\",\"target\":{\"@type\":\"EntryPoint\",\"urlTemplate\":\"http:\/\/www.reconoce.mx\/?s={search_term_string}\"},\"query-input\":{\"@type\":\"PropertyValueSpecification\",\"valueRequired\":true,\"valueName\":\"search_term_string\"}}],\"inLanguage\":\"es\"},{\"@type\":\"Organization\",\"@id\":\"http:\/\/www.reconoce.mx\/#organization\",\"name\":\"Reconoce MX\",\"url\":\"http:\/\/www.reconoce.mx\/\",\"logo\":{\"@type\":\"ImageObject\",\"inLanguage\":\"es\",\"@id\":\"http:\/\/www.reconoce.mx\/#\/schema\/logo\/image\/\",\"url\":\"https:\/\/www.reconoce.mx\/wp-content\/uploads\/2019\/03\/logorcmx-good-1.png\",\"contentUrl\":\"https:\/\/www.reconoce.mx\/wp-content\/uploads\/2019\/03\/logorcmx-good-1.png\",\"width\":280,\"height\":90,\"caption\":\"Reconoce MX\"},\"image\":{\"@id\":\"http:\/\/www.reconoce.mx\/#\/schema\/logo\/image\/\"},\"sameAs\":[\"https:\/\/es-la.facebook.com\/ReconoceMX\/\",\"https:\/\/x.com\/reconocemx\",\"http:\/\/@reconocemx\"]},{\"@type\":\"Person\",\"@id\":\"http:\/\/www.reconoce.mx\/#\/schema\/person\/2117e997d7051dc15d6880eaf9bca0b2\",\"name\":\"Reconoce MX\",\"image\":{\"@type\":\"ImageObject\",\"inLanguage\":\"es\",\"@id\":\"http:\/\/www.reconoce.mx\/#\/schema\/person\/image\/\",\"url\":\"https:\/\/secure.gravatar.com\/avatar\/6c8d4dc7569ca1c90c5fdcc349f839d5ddef6fe1e70b4337ead2ef1a4c43fc3a?s=96&d=identicon&r=g\",\"contentUrl\":\"https:\/\/secure.gravatar.com\/avatar\/6c8d4dc7569ca1c90c5fdcc349f839d5ddef6fe1e70b4337ead2ef1a4c43fc3a?s=96&d=identicon&r=g\",\"caption\":\"Reconoce MX\"},\"description\":\"Reconoce MX es un proyecto de difusi\u00f3n art\u00edstica, cultural y de conciencia social que est\u00e1 enfocado a difundir y fomentar el entretenimiento alternativo de calidad para todo el p\u00fablico que comparta el mismo entusiasmo.\",\"sameAs\":[\"http:\/\/www.reconoce.mx\"],\"url\":\"https:\/\/www.reconoce.mx\/?author=2\"}]}<\/script>\n<!-- \/ Yoast SEO plugin. -->","yoast_head_json":{"title":"En dos meses el mundo habr\u00e1 desaparecido &#171; Reconoce MX","robots":{"index":"index","follow":"follow","max-snippet":"max-snippet:-1","max-image-preview":"max-image-preview:large","max-video-preview":"max-video-preview:-1"},"canonical":"http:\/\/www.reconoce.mx\/?p=14307","og_locale":"es_ES","og_type":"article","og_title":"En dos meses el mundo habr\u00e1 desaparecido &#171; Reconoce MX","og_description":"Guillermo del Toro, autor de la trilog\u00eda literaria \u201cThe Strain\u201d, lanz\u00f3 el 14 de Diciembre de 2011, en c\u00f3mic, los relatos derivados de sus novelas en conjunto con Chuck Hogan.","og_url":"http:\/\/www.reconoce.mx\/?p=14307","og_site_name":"Reconoce MX","article_publisher":"https:\/\/es-la.facebook.com\/ReconoceMX\/","article_published_time":"2012-11-12T07:00:22+00:00","article_modified_time":"2012-11-13T04:29:13+00:00","og_image":[{"width":649,"height":301,"url":"http:\/\/www.reconoce.mx\/wp-content\/uploads\/thestrain.png","type":"image\/png"}],"author":"Reconoce MX","twitter_card":"summary_large_image","twitter_creator":"@reconocemx","twitter_site":"@reconocemx","twitter_misc":{"Escrito por":"Reconoce MX","Tiempo de lectura":"2 minutos"},"schema":{"@context":"https:\/\/schema.org","@graph":[{"@type":"Article","@id":"http:\/\/www.reconoce.mx\/?p=14307#article","isPartOf":{"@id":"http:\/\/www.reconoce.mx\/?p=14307"},"author":{"name":"Reconoce MX","@id":"http:\/\/www.reconoce.mx\/#\/schema\/person\/2117e997d7051dc15d6880eaf9bca0b2"},"headline":"En dos meses el mundo habr\u00e1 desaparecido","datePublished":"2012-11-12T07:00:22+00:00","dateModified":"2012-11-13T04:29:13+00:00","mainEntityOfPage":{"@id":"http:\/\/www.reconoce.mx\/?p=14307"},"wordCount":345,"commentCount":0,"publisher":{"@id":"http:\/\/www.reconoce.mx\/#organization"},"image":{"@id":"http:\/\/www.reconoce.mx\/?p=14307#primaryimage"},"thumbnailUrl":"https:\/\/www.reconoce.mx\/wp-content\/uploads\/thestrain.png","keywords":["Chuck Hogan","c\u00f3mics","Fin del mundo","Guillermo del Toro","The Strain"],"articleSection":["C\u00f3mics","Cultura"],"inLanguage":"es","potentialAction":[{"@type":"CommentAction","name":"Comment","target":["http:\/\/www.reconoce.mx\/?p=14307#respond"]}]},{"@type":"WebPage","@id":"http:\/\/www.reconoce.mx\/?p=14307","url":"http:\/\/www.reconoce.mx\/?p=14307","name":"En dos meses el mundo habr\u00e1 desaparecido &#171; Reconoce MX","isPartOf":{"@id":"http:\/\/www.reconoce.mx\/#website"},"primaryImageOfPage":{"@id":"http:\/\/www.reconoce.mx\/?p=14307#primaryimage"},"image":{"@id":"http:\/\/www.reconoce.mx\/?p=14307#primaryimage"},"thumbnailUrl":"https:\/\/www.reconoce.mx\/wp-content\/uploads\/thestrain.png","datePublished":"2012-11-12T07:00:22+00:00","dateModified":"2012-11-13T04:29:13+00:00","breadcrumb":{"@id":"http:\/\/www.reconoce.mx\/?p=14307#breadcrumb"},"inLanguage":"es","potentialAction":[{"@type":"ReadAction","target":["http:\/\/www.reconoce.mx\/?p=14307"]}]},{"@type":"ImageObject","inLanguage":"es","@id":"http:\/\/www.reconoce.mx\/?p=14307#primaryimage","url":"https:\/\/www.reconoce.mx\/wp-content\/uploads\/thestrain.png","contentUrl":"https:\/\/www.reconoce.mx\/wp-content\/uploads\/thestrain.png","width":649,"height":301,"caption":"En dos meses el mundo habr\u00e1 desaparecido."},{"@type":"BreadcrumbList","@id":"http:\/\/www.reconoce.mx\/?p=14307#breadcrumb","itemListElement":[{"@type":"ListItem","position":1,"name":"Portada","item":"http:\/\/www.reconoce.mx\/"},{"@type":"ListItem","position":2,"name":"En dos meses el mundo habr\u00e1 desaparecido"}]},{"@type":"WebSite","@id":"http:\/\/www.reconoce.mx\/#website","url":"http:\/\/www.reconoce.mx\/","name":"Reconoce MX","description":"En Reconoce MX difundimos arte, cultura y conciencia social en M\u00e9xico. Tu ciudad en otra perspectiva.","publisher":{"@id":"http:\/\/www.reconoce.mx\/#organization"},"potentialAction":[{"@type":"SearchAction","target":{"@type":"EntryPoint","urlTemplate":"http:\/\/www.reconoce.mx\/?s={search_term_string}"},"query-input":{"@type":"PropertyValueSpecification","valueRequired":true,"valueName":"search_term_string"}}],"inLanguage":"es"},{"@type":"Organization","@id":"http:\/\/www.reconoce.mx\/#organization","name":"Reconoce MX","url":"http:\/\/www.reconoce.mx\/","logo":{"@type":"ImageObject","inLanguage":"es","@id":"http:\/\/www.reconoce.mx\/#\/schema\/logo\/image\/","url":"https:\/\/www.reconoce.mx\/wp-content\/uploads\/2019\/03\/logorcmx-good-1.png","contentUrl":"https:\/\/www.reconoce.mx\/wp-content\/uploads\/2019\/03\/logorcmx-good-1.png","width":280,"height":90,"caption":"Reconoce MX"},"image":{"@id":"http:\/\/www.reconoce.mx\/#\/schema\/logo\/image\/"},"sameAs":["https:\/\/es-la.facebook.com\/ReconoceMX\/","https:\/\/x.com\/reconocemx","http:\/\/@reconocemx"]},{"@type":"Person","@id":"http:\/\/www.reconoce.mx\/#\/schema\/person\/2117e997d7051dc15d6880eaf9bca0b2","name":"Reconoce MX","image":{"@type":"ImageObject","inLanguage":"es","@id":"http:\/\/www.reconoce.mx\/#\/schema\/person\/image\/","url":"https:\/\/secure.gravatar.com\/avatar\/6c8d4dc7569ca1c90c5fdcc349f839d5ddef6fe1e70b4337ead2ef1a4c43fc3a?s=96&d=identicon&r=g","contentUrl":"https:\/\/secure.gravatar.com\/avatar\/6c8d4dc7569ca1c90c5fdcc349f839d5ddef6fe1e70b4337ead2ef1a4c43fc3a?s=96&d=identicon&r=g","caption":"Reconoce MX"},"description":"Reconoce MX es un proyecto de difusi\u00f3n art\u00edstica, cultural y de conciencia social que est\u00e1 enfocado a difundir y fomentar el entretenimiento alternativo de calidad para todo el p\u00fablico que comparta el mismo entusiasmo.","sameAs":["http:\/\/www.reconoce.mx"],"url":"https:\/\/www.reconoce.mx\/?author=2"}]}},"_links":{"self":[{"href":"https:\/\/www.reconoce.mx\/index.php?rest_route=\/wp\/v2\/posts\/14307","targetHints":{"allow":["GET"]}}],"collection":[{"href":"https:\/\/www.reconoce.mx\/index.php?rest_route=\/wp\/v2\/posts"}],"about":[{"href":"https:\/\/www.reconoce.mx\/index.php?rest_route=\/wp\/v2\/types\/post"}],"author":[{"embeddable":true,"href":"https:\/\/www.reconoce.mx\/index.php?rest_route=\/wp\/v2\/users\/2"}],"replies":[{"embeddable":true,"href":"https:\/\/www.reconoce.mx\/index.php?rest_route=%2Fwp%2Fv2%2Fcomments&post=14307"}],"version-history":[{"count":4,"href":"https:\/\/www.reconoce.mx\/index.php?rest_route=\/wp\/v2\/posts\/14307\/revisions"}],"predecessor-version":[{"id":14384,"href":"https:\/\/www.reconoce.mx\/index.php?rest_route=\/wp\/v2\/posts\/14307\/revisions\/14384"}],"wp:featuredmedia":[{"embeddable":true,"href":"https:\/\/www.reconoce.mx\/index.php?rest_route=\/wp\/v2\/media\/14373"}],"wp:attachment":[{"href":"https:\/\/www.reconoce.mx\/index.php?rest_route=%2Fwp%2Fv2%2Fmedia&parent=14307"}],"wp:term":[{"taxonomy":"category","embeddable":true,"href":"https:\/\/www.reconoce.mx\/index.php?rest_route=%2Fwp%2Fv2%2Fcategories&post=14307"},{"taxonomy":"post_tag","embeddable":true,"href":"https:\/\/www.reconoce.mx\/index.php?rest_route=%2Fwp%2Fv2%2Ftags&post=14307"}],"curies":[{"name":"wp","href":"https:\/\/api.w.org\/{rel}","templated":true}]}}