{"id":15550,"date":"2012-12-19T04:00:32","date_gmt":"2012-12-19T10:00:32","guid":{"rendered":"http:\/\/www.reconoce.mx\/?p=15550"},"modified":"2012-12-22T17:55:27","modified_gmt":"2012-12-22T23:55:27","slug":"ser-maestra-de-musica-en-navidad","status":"publish","type":"post","link":"https:\/\/www.reconoce.mx\/?p=15550","title":{"rendered":"Ser maestra de m\u00fasica&#8230; en Navidad"},"content":{"rendered":"<ul id=\"botones-home\">\n<li><script type=\"text\/javascript\" src=\"https:\/\/apis.google.com\/js\/plusone.js\"><\/script><g:plusone width=\"55\" height=\"20\" href=\"http:\/\/www.reconoce.mx\/ser-maestra-de-musica-en-navidad\/\"><\/g:plusone><\/li>\n<li><a href=\"http:\/\/twitter.com\/share\" class=\"twitter-share-button\" data-url=\"http:\/\/www.reconoce.mx\/ser-maestra-de-musica-en-navidad\/\" data-count=\"horizontal\" data-via=\"reconocemx\" data-lang=\"es\">Tweet<\/a><script type=\"text\/javascript\" src=\"http:\/\/platform.twitter.com\/widgets.js\"><\/script><\/li>\n<div class=\"fb-like\" data-href=\"http:\/\/www.reconoce.mx\/ser-maestra-de-musica-en-navidad\/\" data-send=\"true\" data-width=\"450\" data-show-faces=\"true\"><\/div>\n<p><strong>Por <a title=\"@ViryMasfalda\" href=\"https:\/\/twitter.com\/ViryMasfalda\" target=\"_blank\">Viry Masfalda<\/a> (de <a title=\"@Masfaldas\" href=\"https:\/\/twitter.com\/Masfaldas\" target=\"_blank\">Masfaldas<\/a>).<\/strong><\/p>\n<p>Hab\u00eda una vez <strong>una ni\u00f1a que lo \u00faltimo que pensaba era dedicarse a ser maestra&#8230; y de m\u00fasica<\/strong>. Pues bien, es la cosa m\u00e1s dif\u00edcil del mundo y m\u00e1s cuando eres maestra en un jard\u00edn de ni\u00f1os, \u00a1y m\u00e1s!, si tienes un festival navide\u00f1o que preparar con m\u00e1s de 100 alumnos. Es ah\u00ed cuando me acuerdo por qu\u00e9 diantres nunca quise ser maestra&#8230; y de m\u00fasica.<\/p>\n<div id=\"attachment_15551\" style=\"width: 610px\" class=\"wp-caption aligncenter\"><a href=\"http:\/\/www.reconoce.mx\/wp-content\/uploads\/cascaviry.png\"><img loading=\"lazy\" decoding=\"async\" aria-describedby=\"caption-attachment-15551\" src=\"http:\/\/www.reconoce.mx\/wp-content\/uploads\/cascaviry.png\" alt=\"Ser maestra de m\u00fasica... en Navidad.\" title=\"Ser maestra de m\u00fasica... en Navidad.\" width=\"600\" height=\"275\" class=\"size-full wp-image-15551\" \/><\/a><p id=\"caption-attachment-15551\" class=\"wp-caption-text\">Ser maestra de m\u00fasica... en Navidad.<\/p><\/div>\n<p><!--more-->Caramelos, ratones, soldados, princesas, nubes, tri\u00e1ngulos, panderos, claves, crotalitos, huevitos, gui\u00f3n, maestras, pap\u00e1s, escenograf\u00eda, <strong>etc\u00e9tera y un m\u00e1s largo etc\u00e9tera<\/strong>.<\/p>\n<p>Para mi buena suerte la m\u00fasica es algo que a los ni\u00f1os les encanta, aunque claro, es un arma de dos filos cuando \u00e9sta los pone en estado feliz. Lo maravilloso de los ni\u00f1os es que <strong>para ellos todo es nuevo y son capaces de aprenderlo todo desde el principio<\/strong>.<\/p>\n<p>Yo <strong>no soy una maestra tradicional<\/strong>, por lo que hice un m\u00e9todo de ense\u00f1anza que aplico a cualquier persona, pero principalmente para los ni\u00f1os. Pude lograrlo gracias a una compilaci\u00f3n de t\u00e9cnicas de todos los grandes maestros que he tenido. A todos ellos, con todo mi coraz\u00f3n y eterno reconocimiento, \u00a1gracias!<\/p>\n<p>Volviendo a mi jard\u00edn de ni\u00f1os, estamos en ensayos finales y corremos peor que rateros en La Lagunilla. Somos producci\u00f3n, staff, t\u00e9cnicos, param\u00e9dicos, animadores, y adem\u00e1s, ensayamos todos los d\u00edas. Afortunadamente<strong> todo est\u00e1 listo y hoy (19 de diciembre) es el gran d\u00eda<\/strong>.<\/p>\n<p>Pero oye, Miss Viry, \u00bfqu\u00e9 vas a presentar entonces para Navidad?<strong><em> El Cascanueces<\/em>, de Tchaikovsky<\/strong>. \u00a1Deseenme suerte!<\/p>\n<p><iframe loading=\"lazy\" width=\"100%\" height=\"166\" scrolling=\"no\" frameborder=\"no\" src=\"https:\/\/w.soundcloud.com\/player\/?url=http%3A%2F%2Fapi.soundcloud.com%2Ftracks%2F63335481\"><\/iframe><\/p>\n<p>&nbsp;<\/p>\n<p>&nbsp;<\/p>\n","protected":false},"excerpt":{"rendered":"<p>Hab\u00eda una vez una ni\u00f1a que lo \u00faltimo que pensaba era dedicarse a ser maestra\u2026 y de m\u00fasica. Pues bien, es la cosa m\u00e1s dif\u00edcil del mundo y m\u00e1s cuando eres maestra en un jard\u00edn de ni\u00f1os.<\/p>\n","protected":false},"author":2,"featured_media":15551,"comment_status":"open","ping_status":"open","sticky":false,"template":"","format":"standard","meta":{"footnotes":""},"categories":[16,735,1228],"tags":[1749,1748,2611,151,1747],"class_list":["post-15550","post","type-post","status-publish","format-standard","has-post-thumbnail","hentry","category-columnistas","category-sobre-la-marcha","category-viry-de-masfaldas","tag-clases","tag-maestra","tag-musica","tag-navidad","tag-viry-masfaldas"],"yoast_head":"<!-- This site is optimized with the Yoast SEO plugin v24.7 - https:\/\/yoast.com\/wordpress\/plugins\/seo\/ -->\n<title>Ser maestra de m\u00fasica... en Navidad &#171; Reconoce MX<\/title>\n<meta name=\"robots\" content=\"index, follow, max-snippet:-1, max-image-preview:large, max-video-preview:-1\" \/>\n<link rel=\"canonical\" href=\"https:\/\/www.reconoce.mx\/?p=15550\" \/>\n<meta property=\"og:locale\" content=\"es_ES\" \/>\n<meta property=\"og:type\" content=\"article\" \/>\n<meta property=\"og:title\" content=\"Ser maestra de m\u00fasica... en Navidad &#171; Reconoce MX\" \/>\n<meta property=\"og:description\" content=\"Hab\u00eda una vez una ni\u00f1a que lo \u00faltimo que pensaba era dedicarse a ser maestra\u2026 y de m\u00fasica. Pues bien, es la cosa m\u00e1s dif\u00edcil del mundo y m\u00e1s cuando eres maestra en un jard\u00edn de ni\u00f1os.\" \/>\n<meta property=\"og:url\" content=\"https:\/\/www.reconoce.mx\/?p=15550\" \/>\n<meta property=\"og:site_name\" content=\"Reconoce MX\" \/>\n<meta property=\"article:publisher\" content=\"https:\/\/es-la.facebook.com\/ReconoceMX\/\" \/>\n<meta property=\"article:published_time\" content=\"2012-12-19T10:00:32+00:00\" \/>\n<meta property=\"article:modified_time\" content=\"2012-12-22T23:55:27+00:00\" \/>\n<meta property=\"og:image\" content=\"https:\/\/www.reconoce.mx\/wp-content\/uploads\/cascaviry.png\" \/>\n\t<meta property=\"og:image:width\" content=\"649\" \/>\n\t<meta property=\"og:image:height\" content=\"301\" \/>\n\t<meta property=\"og:image:type\" content=\"image\/png\" \/>\n<meta name=\"author\" content=\"Reconoce MX\" \/>\n<meta name=\"twitter:card\" content=\"summary_large_image\" \/>\n<meta name=\"twitter:creator\" content=\"@reconocemx\" \/>\n<meta name=\"twitter:site\" content=\"@reconocemx\" \/>\n<meta name=\"twitter:label1\" content=\"Escrito por\" \/>\n\t<meta name=\"twitter:data1\" content=\"Reconoce MX\" \/>\n\t<meta name=\"twitter:label2\" content=\"Tiempo de lectura\" \/>\n\t<meta name=\"twitter:data2\" content=\"2 minutos\" \/>\n<script type=\"application\/ld+json\" class=\"yoast-schema-graph\">{\"@context\":\"https:\/\/schema.org\",\"@graph\":[{\"@type\":\"Article\",\"@id\":\"https:\/\/www.reconoce.mx\/?p=15550#article\",\"isPartOf\":{\"@id\":\"https:\/\/www.reconoce.mx\/?p=15550\"},\"author\":{\"name\":\"Reconoce MX\",\"@id\":\"http:\/\/www.reconoce.mx\/#\/schema\/person\/2117e997d7051dc15d6880eaf9bca0b2\"},\"headline\":\"Ser maestra de m\u00fasica&#8230; en Navidad\",\"datePublished\":\"2012-12-19T10:00:32+00:00\",\"dateModified\":\"2012-12-22T23:55:27+00:00\",\"mainEntityOfPage\":{\"@id\":\"https:\/\/www.reconoce.mx\/?p=15550\"},\"wordCount\":311,\"commentCount\":2,\"publisher\":{\"@id\":\"http:\/\/www.reconoce.mx\/#organization\"},\"image\":{\"@id\":\"https:\/\/www.reconoce.mx\/?p=15550#primaryimage\"},\"thumbnailUrl\":\"https:\/\/www.reconoce.mx\/wp-content\/uploads\/cascaviry.png\",\"keywords\":[\"clases\",\"maestra\",\"M\u00fasica\",\"Navidad\",\"Viry Masfaldas\"],\"articleSection\":[\"Columnistas\",\"Sobre la marcha\",\"Viry (de Masfaldas)\"],\"inLanguage\":\"es\",\"potentialAction\":[{\"@type\":\"CommentAction\",\"name\":\"Comment\",\"target\":[\"https:\/\/www.reconoce.mx\/?p=15550#respond\"]}]},{\"@type\":\"WebPage\",\"@id\":\"https:\/\/www.reconoce.mx\/?p=15550\",\"url\":\"https:\/\/www.reconoce.mx\/?p=15550\",\"name\":\"Ser maestra de m\u00fasica... en Navidad &#171; Reconoce MX\",\"isPartOf\":{\"@id\":\"http:\/\/www.reconoce.mx\/#website\"},\"primaryImageOfPage\":{\"@id\":\"https:\/\/www.reconoce.mx\/?p=15550#primaryimage\"},\"image\":{\"@id\":\"https:\/\/www.reconoce.mx\/?p=15550#primaryimage\"},\"thumbnailUrl\":\"https:\/\/www.reconoce.mx\/wp-content\/uploads\/cascaviry.png\",\"datePublished\":\"2012-12-19T10:00:32+00:00\",\"dateModified\":\"2012-12-22T23:55:27+00:00\",\"breadcrumb\":{\"@id\":\"https:\/\/www.reconoce.mx\/?p=15550#breadcrumb\"},\"inLanguage\":\"es\",\"potentialAction\":[{\"@type\":\"ReadAction\",\"target\":[\"https:\/\/www.reconoce.mx\/?p=15550\"]}]},{\"@type\":\"ImageObject\",\"inLanguage\":\"es\",\"@id\":\"https:\/\/www.reconoce.mx\/?p=15550#primaryimage\",\"url\":\"https:\/\/www.reconoce.mx\/wp-content\/uploads\/cascaviry.png\",\"contentUrl\":\"https:\/\/www.reconoce.mx\/wp-content\/uploads\/cascaviry.png\",\"width\":649,\"height\":301,\"caption\":\"Ser maestra de m\u00fasica... en Navidad.\"},{\"@type\":\"BreadcrumbList\",\"@id\":\"https:\/\/www.reconoce.mx\/?p=15550#breadcrumb\",\"itemListElement\":[{\"@type\":\"ListItem\",\"position\":1,\"name\":\"Portada\",\"item\":\"http:\/\/www.reconoce.mx\/\"},{\"@type\":\"ListItem\",\"position\":2,\"name\":\"Ser maestra de m\u00fasica&#8230; en Navidad\"}]},{\"@type\":\"WebSite\",\"@id\":\"http:\/\/www.reconoce.mx\/#website\",\"url\":\"http:\/\/www.reconoce.mx\/\",\"name\":\"Reconoce MX\",\"description\":\"En Reconoce MX difundimos arte, cultura y conciencia social en M\u00e9xico. Tu ciudad en otra perspectiva.\",\"publisher\":{\"@id\":\"http:\/\/www.reconoce.mx\/#organization\"},\"potentialAction\":[{\"@type\":\"SearchAction\",\"target\":{\"@type\":\"EntryPoint\",\"urlTemplate\":\"http:\/\/www.reconoce.mx\/?s={search_term_string}\"},\"query-input\":{\"@type\":\"PropertyValueSpecification\",\"valueRequired\":true,\"valueName\":\"search_term_string\"}}],\"inLanguage\":\"es\"},{\"@type\":\"Organization\",\"@id\":\"http:\/\/www.reconoce.mx\/#organization\",\"name\":\"Reconoce MX\",\"url\":\"http:\/\/www.reconoce.mx\/\",\"logo\":{\"@type\":\"ImageObject\",\"inLanguage\":\"es\",\"@id\":\"http:\/\/www.reconoce.mx\/#\/schema\/logo\/image\/\",\"url\":\"https:\/\/www.reconoce.mx\/wp-content\/uploads\/2019\/03\/logorcmx-good-1.png\",\"contentUrl\":\"https:\/\/www.reconoce.mx\/wp-content\/uploads\/2019\/03\/logorcmx-good-1.png\",\"width\":280,\"height\":90,\"caption\":\"Reconoce MX\"},\"image\":{\"@id\":\"http:\/\/www.reconoce.mx\/#\/schema\/logo\/image\/\"},\"sameAs\":[\"https:\/\/es-la.facebook.com\/ReconoceMX\/\",\"https:\/\/x.com\/reconocemx\",\"http:\/\/@reconocemx\"]},{\"@type\":\"Person\",\"@id\":\"http:\/\/www.reconoce.mx\/#\/schema\/person\/2117e997d7051dc15d6880eaf9bca0b2\",\"name\":\"Reconoce MX\",\"image\":{\"@type\":\"ImageObject\",\"inLanguage\":\"es\",\"@id\":\"http:\/\/www.reconoce.mx\/#\/schema\/person\/image\/\",\"url\":\"https:\/\/secure.gravatar.com\/avatar\/6c8d4dc7569ca1c90c5fdcc349f839d5ddef6fe1e70b4337ead2ef1a4c43fc3a?s=96&d=identicon&r=g\",\"contentUrl\":\"https:\/\/secure.gravatar.com\/avatar\/6c8d4dc7569ca1c90c5fdcc349f839d5ddef6fe1e70b4337ead2ef1a4c43fc3a?s=96&d=identicon&r=g\",\"caption\":\"Reconoce MX\"},\"description\":\"Reconoce MX es un proyecto de difusi\u00f3n art\u00edstica, cultural y de conciencia social que est\u00e1 enfocado a difundir y fomentar el entretenimiento alternativo de calidad para todo el p\u00fablico que comparta el mismo entusiasmo.\",\"sameAs\":[\"http:\/\/www.reconoce.mx\"],\"url\":\"https:\/\/www.reconoce.mx\/?author=2\"}]}<\/script>\n<!-- \/ Yoast SEO plugin. -->","yoast_head_json":{"title":"Ser maestra de m\u00fasica... en Navidad &#171; Reconoce MX","robots":{"index":"index","follow":"follow","max-snippet":"max-snippet:-1","max-image-preview":"max-image-preview:large","max-video-preview":"max-video-preview:-1"},"canonical":"https:\/\/www.reconoce.mx\/?p=15550","og_locale":"es_ES","og_type":"article","og_title":"Ser maestra de m\u00fasica... en Navidad &#171; Reconoce MX","og_description":"Hab\u00eda una vez una ni\u00f1a que lo \u00faltimo que pensaba era dedicarse a ser maestra\u2026 y de m\u00fasica. Pues bien, es la cosa m\u00e1s dif\u00edcil del mundo y m\u00e1s cuando eres maestra en un jard\u00edn de ni\u00f1os.","og_url":"https:\/\/www.reconoce.mx\/?p=15550","og_site_name":"Reconoce MX","article_publisher":"https:\/\/es-la.facebook.com\/ReconoceMX\/","article_published_time":"2012-12-19T10:00:32+00:00","article_modified_time":"2012-12-22T23:55:27+00:00","og_image":[{"width":649,"height":301,"url":"https:\/\/www.reconoce.mx\/wp-content\/uploads\/cascaviry.png","type":"image\/png"}],"author":"Reconoce MX","twitter_card":"summary_large_image","twitter_creator":"@reconocemx","twitter_site":"@reconocemx","twitter_misc":{"Escrito por":"Reconoce MX","Tiempo de lectura":"2 minutos"},"schema":{"@context":"https:\/\/schema.org","@graph":[{"@type":"Article","@id":"https:\/\/www.reconoce.mx\/?p=15550#article","isPartOf":{"@id":"https:\/\/www.reconoce.mx\/?p=15550"},"author":{"name":"Reconoce MX","@id":"http:\/\/www.reconoce.mx\/#\/schema\/person\/2117e997d7051dc15d6880eaf9bca0b2"},"headline":"Ser maestra de m\u00fasica&#8230; en Navidad","datePublished":"2012-12-19T10:00:32+00:00","dateModified":"2012-12-22T23:55:27+00:00","mainEntityOfPage":{"@id":"https:\/\/www.reconoce.mx\/?p=15550"},"wordCount":311,"commentCount":2,"publisher":{"@id":"http:\/\/www.reconoce.mx\/#organization"},"image":{"@id":"https:\/\/www.reconoce.mx\/?p=15550#primaryimage"},"thumbnailUrl":"https:\/\/www.reconoce.mx\/wp-content\/uploads\/cascaviry.png","keywords":["clases","maestra","M\u00fasica","Navidad","Viry Masfaldas"],"articleSection":["Columnistas","Sobre la marcha","Viry (de Masfaldas)"],"inLanguage":"es","potentialAction":[{"@type":"CommentAction","name":"Comment","target":["https:\/\/www.reconoce.mx\/?p=15550#respond"]}]},{"@type":"WebPage","@id":"https:\/\/www.reconoce.mx\/?p=15550","url":"https:\/\/www.reconoce.mx\/?p=15550","name":"Ser maestra de m\u00fasica... en Navidad &#171; Reconoce MX","isPartOf":{"@id":"http:\/\/www.reconoce.mx\/#website"},"primaryImageOfPage":{"@id":"https:\/\/www.reconoce.mx\/?p=15550#primaryimage"},"image":{"@id":"https:\/\/www.reconoce.mx\/?p=15550#primaryimage"},"thumbnailUrl":"https:\/\/www.reconoce.mx\/wp-content\/uploads\/cascaviry.png","datePublished":"2012-12-19T10:00:32+00:00","dateModified":"2012-12-22T23:55:27+00:00","breadcrumb":{"@id":"https:\/\/www.reconoce.mx\/?p=15550#breadcrumb"},"inLanguage":"es","potentialAction":[{"@type":"ReadAction","target":["https:\/\/www.reconoce.mx\/?p=15550"]}]},{"@type":"ImageObject","inLanguage":"es","@id":"https:\/\/www.reconoce.mx\/?p=15550#primaryimage","url":"https:\/\/www.reconoce.mx\/wp-content\/uploads\/cascaviry.png","contentUrl":"https:\/\/www.reconoce.mx\/wp-content\/uploads\/cascaviry.png","width":649,"height":301,"caption":"Ser maestra de m\u00fasica... en Navidad."},{"@type":"BreadcrumbList","@id":"https:\/\/www.reconoce.mx\/?p=15550#breadcrumb","itemListElement":[{"@type":"ListItem","position":1,"name":"Portada","item":"http:\/\/www.reconoce.mx\/"},{"@type":"ListItem","position":2,"name":"Ser maestra de m\u00fasica&#8230; en Navidad"}]},{"@type":"WebSite","@id":"http:\/\/www.reconoce.mx\/#website","url":"http:\/\/www.reconoce.mx\/","name":"Reconoce MX","description":"En Reconoce MX difundimos arte, cultura y conciencia social en M\u00e9xico. Tu ciudad en otra perspectiva.","publisher":{"@id":"http:\/\/www.reconoce.mx\/#organization"},"potentialAction":[{"@type":"SearchAction","target":{"@type":"EntryPoint","urlTemplate":"http:\/\/www.reconoce.mx\/?s={search_term_string}"},"query-input":{"@type":"PropertyValueSpecification","valueRequired":true,"valueName":"search_term_string"}}],"inLanguage":"es"},{"@type":"Organization","@id":"http:\/\/www.reconoce.mx\/#organization","name":"Reconoce MX","url":"http:\/\/www.reconoce.mx\/","logo":{"@type":"ImageObject","inLanguage":"es","@id":"http:\/\/www.reconoce.mx\/#\/schema\/logo\/image\/","url":"https:\/\/www.reconoce.mx\/wp-content\/uploads\/2019\/03\/logorcmx-good-1.png","contentUrl":"https:\/\/www.reconoce.mx\/wp-content\/uploads\/2019\/03\/logorcmx-good-1.png","width":280,"height":90,"caption":"Reconoce MX"},"image":{"@id":"http:\/\/www.reconoce.mx\/#\/schema\/logo\/image\/"},"sameAs":["https:\/\/es-la.facebook.com\/ReconoceMX\/","https:\/\/x.com\/reconocemx","http:\/\/@reconocemx"]},{"@type":"Person","@id":"http:\/\/www.reconoce.mx\/#\/schema\/person\/2117e997d7051dc15d6880eaf9bca0b2","name":"Reconoce MX","image":{"@type":"ImageObject","inLanguage":"es","@id":"http:\/\/www.reconoce.mx\/#\/schema\/person\/image\/","url":"https:\/\/secure.gravatar.com\/avatar\/6c8d4dc7569ca1c90c5fdcc349f839d5ddef6fe1e70b4337ead2ef1a4c43fc3a?s=96&d=identicon&r=g","contentUrl":"https:\/\/secure.gravatar.com\/avatar\/6c8d4dc7569ca1c90c5fdcc349f839d5ddef6fe1e70b4337ead2ef1a4c43fc3a?s=96&d=identicon&r=g","caption":"Reconoce MX"},"description":"Reconoce MX es un proyecto de difusi\u00f3n art\u00edstica, cultural y de conciencia social que est\u00e1 enfocado a difundir y fomentar el entretenimiento alternativo de calidad para todo el p\u00fablico que comparta el mismo entusiasmo.","sameAs":["http:\/\/www.reconoce.mx"],"url":"https:\/\/www.reconoce.mx\/?author=2"}]}},"_links":{"self":[{"href":"https:\/\/www.reconoce.mx\/index.php?rest_route=\/wp\/v2\/posts\/15550","targetHints":{"allow":["GET"]}}],"collection":[{"href":"https:\/\/www.reconoce.mx\/index.php?rest_route=\/wp\/v2\/posts"}],"about":[{"href":"https:\/\/www.reconoce.mx\/index.php?rest_route=\/wp\/v2\/types\/post"}],"author":[{"embeddable":true,"href":"https:\/\/www.reconoce.mx\/index.php?rest_route=\/wp\/v2\/users\/2"}],"replies":[{"embeddable":true,"href":"https:\/\/www.reconoce.mx\/index.php?rest_route=%2Fwp%2Fv2%2Fcomments&post=15550"}],"version-history":[{"count":14,"href":"https:\/\/www.reconoce.mx\/index.php?rest_route=\/wp\/v2\/posts\/15550\/revisions"}],"predecessor-version":[{"id":15669,"href":"https:\/\/www.reconoce.mx\/index.php?rest_route=\/wp\/v2\/posts\/15550\/revisions\/15669"}],"wp:featuredmedia":[{"embeddable":true,"href":"https:\/\/www.reconoce.mx\/index.php?rest_route=\/wp\/v2\/media\/15551"}],"wp:attachment":[{"href":"https:\/\/www.reconoce.mx\/index.php?rest_route=%2Fwp%2Fv2%2Fmedia&parent=15550"}],"wp:term":[{"taxonomy":"category","embeddable":true,"href":"https:\/\/www.reconoce.mx\/index.php?rest_route=%2Fwp%2Fv2%2Fcategories&post=15550"},{"taxonomy":"post_tag","embeddable":true,"href":"https:\/\/www.reconoce.mx\/index.php?rest_route=%2Fwp%2Fv2%2Ftags&post=15550"}],"curies":[{"name":"wp","href":"https:\/\/api.w.org\/{rel}","templated":true}]}}