{"id":15638,"date":"2012-12-26T01:00:20","date_gmt":"2012-12-26T07:00:20","guid":{"rendered":"http:\/\/www.reconoce.mx\/?p=15638"},"modified":"2012-12-27T00:21:22","modified_gmt":"2012-12-27T06:21:22","slug":"y-si-si-se-acabara-el-mundo","status":"publish","type":"post","link":"https:\/\/www.reconoce.mx\/?p=15638","title":{"rendered":"\u00bfY si s\u00ed se acabara el mundo?"},"content":{"rendered":"<ul id=\"botones-home\">\n<li><script type=\"text\/javascript\" src=\"https:\/\/apis.google.com\/js\/plusone.js\"><\/script><g:plusone width=\"55\" height=\"20\" href=\"http:\/\/www.reconoce.mx\/y-si-si-se-acabara-el-mundo\/\"><\/g:plusone><\/li>\n<li><a href=\"http:\/\/twitter.com\/share\" class=\"twitter-share-button\" data-url=\"http:\/\/www.reconoce.mx\/y-si-si-se-acabara-el-mundo\/\" data-count=\"horizontal\" data-via=\"reconocemx\" data-lang=\"es\">Tweet<\/a><script type=\"text\/javascript\" src=\"http:\/\/platform.twitter.com\/widgets.js\"><\/script><\/li>\n<div class=\"fb-like\" data-href=\"http:\/\/www.reconoce.mx\/y-si-si-se-acabara-el-mundo\/\" data-send=\"true\" data-width=\"450\" data-show-faces=\"true\"><\/div>\n<p><strong>Por <a title=\"@RussekCa\" href=\"https:\/\/twitter.com\/RussekCa\" target=\"_blank\">Meraz<\/a> (de <a title=\"@losweeds\" href=\"https:\/\/twitter.com\/#%21\/losweeds\" target=\"_blank\">Los Weeds<\/a>).<\/strong><\/p>\n<p>\u00bfQu\u00e9 tal que hoy si se hicieron realidad algunos de los mitos urbanos que tan fervientemente circularon por internet, y <strong>ya desaparecimos unos cuantos<\/strong>?<\/p>\n<div id=\"attachment_15639\" style=\"width: 610px\" class=\"wp-caption aligncenter\"><a href=\"http:\/\/www.reconoce.mx\/wp-content\/uploads\/gran-explosion.png\"><img loading=\"lazy\" decoding=\"async\" aria-describedby=\"caption-attachment-15639\" src=\"http:\/\/www.reconoce.mx\/wp-content\/uploads\/gran-explosion.png\" alt=\"\u00bfY si s\u00ed se acabara el mundo?\" title=\"\u00bfY si s\u00ed se acabara el mundo?\" width=\"600\" height=\"275\" class=\"size-full wp-image-15639\" \/><\/a><p id=\"caption-attachment-15639\" class=\"wp-caption-text\">\u00bfY si s\u00ed se acabara el mundo?<\/p><\/div>\n<p><!--more-->Me qued\u00e9 pensando y dije: <strong>h\u00edjole, pues s\u00ed me hicieron falta de hacer muchas cosas<\/strong>, los viajes que ten\u00eda programados para el a\u00f1o que ven\u00eda ya valieron, ya no voy a tocar en vivo las nuevas canciones que hice. Y en cuesti\u00f3n amorosa me qued\u00e9 a medias. \u00a1Ah! Y todo el trabajo que hice se perdi\u00f3 en este final tan catastr\u00f3fico; \u00a1no! \u00a1Tanta chamba para nada! Ni modo. Bueno, \u00bfy ahora?<\/p>\n<p>Si ya lleg\u00f3 el momento<strong> me voy relativamente contento, aceptando lo que hice, bueno o malo, mucho o poco<\/strong>, sin espacio alguno a la frustraci\u00f3n; \u00bfqu\u00e9 caso morirse as\u00ed? \u00a1Que le valga a uno! Pero si sobrevivo, esa ansia por seguir creando me alentar\u00e1 a unirme al movimiento extraterrestre que llegue.<\/p>\n<p>Para m\u00ed este mundo no tiene mucho sentido (qu\u00e9 drama, \u00a1ja!) y eso es lo m\u00e1s divertido de todo, que no se puede esperar nada de nada, ni de nadie. El chiste es estar plantado en el momento y experimentarlo tal como es. Cosa que en una mente tan fantasiosa como la m\u00eda se vuelve sumamente complicado. Pero bueno ojal\u00e1 sigamos vivos y hayan m\u00e1s a\u00f1os para locuras y aventuras. Y si se acab\u00f3, <strong>pues que haya otra vida en donde no exista el dinero<\/strong>.<\/p>\n<p>&nbsp;<\/p>\n<p>&nbsp;<\/p>\n","protected":false},"excerpt":{"rendered":"<p>Me qued\u00e9 pensando y dije: h\u00edjole, pues s\u00ed me hicieron falta de hacer muchas cosas, los viajes que ten\u00eda programados para el a\u00f1o que ven\u00eda ya valieron.<\/p>\n","protected":false},"author":2,"featured_media":15639,"comment_status":"open","ping_status":"open","sticky":false,"template":"","format":"standard","meta":{"footnotes":""},"categories":[16,737,735],"tags":[314,1515,1766,2611],"class_list":["post-15638","post","type-post","status-publish","format-standard","has-post-thumbnail","hentry","category-columnistas","category-meraz-de-los-weeds","category-sobre-la-marcha","tag-fin-del-mundo","tag-los-weeds","tag-mayas","tag-musica"],"yoast_head":"<!-- This site is optimized with the Yoast SEO plugin v24.7 - https:\/\/yoast.com\/wordpress\/plugins\/seo\/ -->\n<title>\u00bfY si s\u00ed se acabara el mundo? &#171; Reconoce MX<\/title>\n<meta name=\"robots\" content=\"index, follow, max-snippet:-1, max-image-preview:large, max-video-preview:-1\" \/>\n<link rel=\"canonical\" href=\"http:\/\/www.reconoce.mx\/?p=15638\" \/>\n<meta property=\"og:locale\" content=\"es_ES\" \/>\n<meta property=\"og:type\" content=\"article\" \/>\n<meta property=\"og:title\" content=\"\u00bfY si s\u00ed se acabara el mundo? &#171; Reconoce MX\" \/>\n<meta property=\"og:description\" content=\"Me qued\u00e9 pensando y dije: h\u00edjole, pues s\u00ed me hicieron falta de hacer muchas cosas, los viajes que ten\u00eda programados para el a\u00f1o que ven\u00eda ya valieron.\" \/>\n<meta property=\"og:url\" content=\"http:\/\/www.reconoce.mx\/?p=15638\" \/>\n<meta property=\"og:site_name\" content=\"Reconoce MX\" \/>\n<meta property=\"article:publisher\" content=\"https:\/\/es-la.facebook.com\/ReconoceMX\/\" \/>\n<meta property=\"article:published_time\" content=\"2012-12-26T07:00:20+00:00\" \/>\n<meta property=\"article:modified_time\" content=\"2012-12-27T06:21:22+00:00\" \/>\n<meta property=\"og:image\" content=\"http:\/\/www.reconoce.mx\/wp-content\/uploads\/gran-explosion.png\" \/>\n\t<meta property=\"og:image:width\" content=\"649\" \/>\n\t<meta property=\"og:image:height\" content=\"301\" \/>\n\t<meta property=\"og:image:type\" content=\"image\/png\" \/>\n<meta name=\"author\" content=\"Reconoce MX\" \/>\n<meta name=\"twitter:card\" content=\"summary_large_image\" \/>\n<meta name=\"twitter:creator\" content=\"@reconocemx\" \/>\n<meta name=\"twitter:site\" content=\"@reconocemx\" \/>\n<meta name=\"twitter:label1\" content=\"Escrito por\" \/>\n\t<meta name=\"twitter:data1\" content=\"Reconoce MX\" \/>\n\t<meta name=\"twitter:label2\" content=\"Tiempo de lectura\" \/>\n\t<meta name=\"twitter:data2\" content=\"1 minuto\" \/>\n<script type=\"application\/ld+json\" class=\"yoast-schema-graph\">{\"@context\":\"https:\/\/schema.org\",\"@graph\":[{\"@type\":\"Article\",\"@id\":\"http:\/\/www.reconoce.mx\/?p=15638#article\",\"isPartOf\":{\"@id\":\"http:\/\/www.reconoce.mx\/?p=15638\"},\"author\":{\"name\":\"Reconoce MX\",\"@id\":\"http:\/\/www.reconoce.mx\/#\/schema\/person\/2117e997d7051dc15d6880eaf9bca0b2\"},\"headline\":\"\u00bfY si s\u00ed se acabara el mundo?\",\"datePublished\":\"2012-12-26T07:00:20+00:00\",\"dateModified\":\"2012-12-27T06:21:22+00:00\",\"mainEntityOfPage\":{\"@id\":\"http:\/\/www.reconoce.mx\/?p=15638\"},\"wordCount\":272,\"commentCount\":0,\"publisher\":{\"@id\":\"http:\/\/www.reconoce.mx\/#organization\"},\"image\":{\"@id\":\"http:\/\/www.reconoce.mx\/?p=15638#primaryimage\"},\"thumbnailUrl\":\"https:\/\/www.reconoce.mx\/wp-content\/uploads\/gran-explosion.png\",\"keywords\":[\"Fin del mundo\",\"Los Weeds\",\"mayas\",\"M\u00fasica\"],\"articleSection\":[\"Columnistas\",\"Meraz (de Los Weeds)\",\"Sobre la marcha\"],\"inLanguage\":\"es\",\"potentialAction\":[{\"@type\":\"CommentAction\",\"name\":\"Comment\",\"target\":[\"http:\/\/www.reconoce.mx\/?p=15638#respond\"]}]},{\"@type\":\"WebPage\",\"@id\":\"http:\/\/www.reconoce.mx\/?p=15638\",\"url\":\"http:\/\/www.reconoce.mx\/?p=15638\",\"name\":\"\u00bfY si s\u00ed se acabara el mundo? &#171; Reconoce MX\",\"isPartOf\":{\"@id\":\"http:\/\/www.reconoce.mx\/#website\"},\"primaryImageOfPage\":{\"@id\":\"http:\/\/www.reconoce.mx\/?p=15638#primaryimage\"},\"image\":{\"@id\":\"http:\/\/www.reconoce.mx\/?p=15638#primaryimage\"},\"thumbnailUrl\":\"https:\/\/www.reconoce.mx\/wp-content\/uploads\/gran-explosion.png\",\"datePublished\":\"2012-12-26T07:00:20+00:00\",\"dateModified\":\"2012-12-27T06:21:22+00:00\",\"breadcrumb\":{\"@id\":\"http:\/\/www.reconoce.mx\/?p=15638#breadcrumb\"},\"inLanguage\":\"es\",\"potentialAction\":[{\"@type\":\"ReadAction\",\"target\":[\"http:\/\/www.reconoce.mx\/?p=15638\"]}]},{\"@type\":\"ImageObject\",\"inLanguage\":\"es\",\"@id\":\"http:\/\/www.reconoce.mx\/?p=15638#primaryimage\",\"url\":\"https:\/\/www.reconoce.mx\/wp-content\/uploads\/gran-explosion.png\",\"contentUrl\":\"https:\/\/www.reconoce.mx\/wp-content\/uploads\/gran-explosion.png\",\"width\":649,\"height\":301,\"caption\":\"\u00bfY si s\u00ed se acabara el mundo?\"},{\"@type\":\"BreadcrumbList\",\"@id\":\"http:\/\/www.reconoce.mx\/?p=15638#breadcrumb\",\"itemListElement\":[{\"@type\":\"ListItem\",\"position\":1,\"name\":\"Portada\",\"item\":\"http:\/\/www.reconoce.mx\/\"},{\"@type\":\"ListItem\",\"position\":2,\"name\":\"\u00bfY si s\u00ed se acabara el mundo?\"}]},{\"@type\":\"WebSite\",\"@id\":\"http:\/\/www.reconoce.mx\/#website\",\"url\":\"http:\/\/www.reconoce.mx\/\",\"name\":\"Reconoce MX\",\"description\":\"En Reconoce MX difundimos arte, cultura y conciencia social en M\u00e9xico. Tu ciudad en otra perspectiva.\",\"publisher\":{\"@id\":\"http:\/\/www.reconoce.mx\/#organization\"},\"potentialAction\":[{\"@type\":\"SearchAction\",\"target\":{\"@type\":\"EntryPoint\",\"urlTemplate\":\"http:\/\/www.reconoce.mx\/?s={search_term_string}\"},\"query-input\":{\"@type\":\"PropertyValueSpecification\",\"valueRequired\":true,\"valueName\":\"search_term_string\"}}],\"inLanguage\":\"es\"},{\"@type\":\"Organization\",\"@id\":\"http:\/\/www.reconoce.mx\/#organization\",\"name\":\"Reconoce MX\",\"url\":\"http:\/\/www.reconoce.mx\/\",\"logo\":{\"@type\":\"ImageObject\",\"inLanguage\":\"es\",\"@id\":\"http:\/\/www.reconoce.mx\/#\/schema\/logo\/image\/\",\"url\":\"https:\/\/www.reconoce.mx\/wp-content\/uploads\/2019\/03\/logorcmx-good-1.png\",\"contentUrl\":\"https:\/\/www.reconoce.mx\/wp-content\/uploads\/2019\/03\/logorcmx-good-1.png\",\"width\":280,\"height\":90,\"caption\":\"Reconoce MX\"},\"image\":{\"@id\":\"http:\/\/www.reconoce.mx\/#\/schema\/logo\/image\/\"},\"sameAs\":[\"https:\/\/es-la.facebook.com\/ReconoceMX\/\",\"https:\/\/x.com\/reconocemx\",\"http:\/\/@reconocemx\"]},{\"@type\":\"Person\",\"@id\":\"http:\/\/www.reconoce.mx\/#\/schema\/person\/2117e997d7051dc15d6880eaf9bca0b2\",\"name\":\"Reconoce MX\",\"image\":{\"@type\":\"ImageObject\",\"inLanguage\":\"es\",\"@id\":\"http:\/\/www.reconoce.mx\/#\/schema\/person\/image\/\",\"url\":\"https:\/\/secure.gravatar.com\/avatar\/6c8d4dc7569ca1c90c5fdcc349f839d5ddef6fe1e70b4337ead2ef1a4c43fc3a?s=96&d=identicon&r=g\",\"contentUrl\":\"https:\/\/secure.gravatar.com\/avatar\/6c8d4dc7569ca1c90c5fdcc349f839d5ddef6fe1e70b4337ead2ef1a4c43fc3a?s=96&d=identicon&r=g\",\"caption\":\"Reconoce MX\"},\"description\":\"Reconoce MX es un proyecto de difusi\u00f3n art\u00edstica, cultural y de conciencia social que est\u00e1 enfocado a difundir y fomentar el entretenimiento alternativo de calidad para todo el p\u00fablico que comparta el mismo entusiasmo.\",\"sameAs\":[\"http:\/\/www.reconoce.mx\"],\"url\":\"https:\/\/www.reconoce.mx\/?author=2\"}]}<\/script>\n<!-- \/ Yoast SEO plugin. -->","yoast_head_json":{"title":"\u00bfY si s\u00ed se acabara el mundo? &#171; Reconoce MX","robots":{"index":"index","follow":"follow","max-snippet":"max-snippet:-1","max-image-preview":"max-image-preview:large","max-video-preview":"max-video-preview:-1"},"canonical":"http:\/\/www.reconoce.mx\/?p=15638","og_locale":"es_ES","og_type":"article","og_title":"\u00bfY si s\u00ed se acabara el mundo? &#171; Reconoce MX","og_description":"Me qued\u00e9 pensando y dije: h\u00edjole, pues s\u00ed me hicieron falta de hacer muchas cosas, los viajes que ten\u00eda programados para el a\u00f1o que ven\u00eda ya valieron.","og_url":"http:\/\/www.reconoce.mx\/?p=15638","og_site_name":"Reconoce MX","article_publisher":"https:\/\/es-la.facebook.com\/ReconoceMX\/","article_published_time":"2012-12-26T07:00:20+00:00","article_modified_time":"2012-12-27T06:21:22+00:00","og_image":[{"width":649,"height":301,"url":"http:\/\/www.reconoce.mx\/wp-content\/uploads\/gran-explosion.png","type":"image\/png"}],"author":"Reconoce MX","twitter_card":"summary_large_image","twitter_creator":"@reconocemx","twitter_site":"@reconocemx","twitter_misc":{"Escrito por":"Reconoce MX","Tiempo de lectura":"1 minuto"},"schema":{"@context":"https:\/\/schema.org","@graph":[{"@type":"Article","@id":"http:\/\/www.reconoce.mx\/?p=15638#article","isPartOf":{"@id":"http:\/\/www.reconoce.mx\/?p=15638"},"author":{"name":"Reconoce MX","@id":"http:\/\/www.reconoce.mx\/#\/schema\/person\/2117e997d7051dc15d6880eaf9bca0b2"},"headline":"\u00bfY si s\u00ed se acabara el mundo?","datePublished":"2012-12-26T07:00:20+00:00","dateModified":"2012-12-27T06:21:22+00:00","mainEntityOfPage":{"@id":"http:\/\/www.reconoce.mx\/?p=15638"},"wordCount":272,"commentCount":0,"publisher":{"@id":"http:\/\/www.reconoce.mx\/#organization"},"image":{"@id":"http:\/\/www.reconoce.mx\/?p=15638#primaryimage"},"thumbnailUrl":"https:\/\/www.reconoce.mx\/wp-content\/uploads\/gran-explosion.png","keywords":["Fin del mundo","Los Weeds","mayas","M\u00fasica"],"articleSection":["Columnistas","Meraz (de Los Weeds)","Sobre la marcha"],"inLanguage":"es","potentialAction":[{"@type":"CommentAction","name":"Comment","target":["http:\/\/www.reconoce.mx\/?p=15638#respond"]}]},{"@type":"WebPage","@id":"http:\/\/www.reconoce.mx\/?p=15638","url":"http:\/\/www.reconoce.mx\/?p=15638","name":"\u00bfY si s\u00ed se acabara el mundo? &#171; Reconoce MX","isPartOf":{"@id":"http:\/\/www.reconoce.mx\/#website"},"primaryImageOfPage":{"@id":"http:\/\/www.reconoce.mx\/?p=15638#primaryimage"},"image":{"@id":"http:\/\/www.reconoce.mx\/?p=15638#primaryimage"},"thumbnailUrl":"https:\/\/www.reconoce.mx\/wp-content\/uploads\/gran-explosion.png","datePublished":"2012-12-26T07:00:20+00:00","dateModified":"2012-12-27T06:21:22+00:00","breadcrumb":{"@id":"http:\/\/www.reconoce.mx\/?p=15638#breadcrumb"},"inLanguage":"es","potentialAction":[{"@type":"ReadAction","target":["http:\/\/www.reconoce.mx\/?p=15638"]}]},{"@type":"ImageObject","inLanguage":"es","@id":"http:\/\/www.reconoce.mx\/?p=15638#primaryimage","url":"https:\/\/www.reconoce.mx\/wp-content\/uploads\/gran-explosion.png","contentUrl":"https:\/\/www.reconoce.mx\/wp-content\/uploads\/gran-explosion.png","width":649,"height":301,"caption":"\u00bfY si s\u00ed se acabara el mundo?"},{"@type":"BreadcrumbList","@id":"http:\/\/www.reconoce.mx\/?p=15638#breadcrumb","itemListElement":[{"@type":"ListItem","position":1,"name":"Portada","item":"http:\/\/www.reconoce.mx\/"},{"@type":"ListItem","position":2,"name":"\u00bfY si s\u00ed se acabara el mundo?"}]},{"@type":"WebSite","@id":"http:\/\/www.reconoce.mx\/#website","url":"http:\/\/www.reconoce.mx\/","name":"Reconoce MX","description":"En Reconoce MX difundimos arte, cultura y conciencia social en M\u00e9xico. Tu ciudad en otra perspectiva.","publisher":{"@id":"http:\/\/www.reconoce.mx\/#organization"},"potentialAction":[{"@type":"SearchAction","target":{"@type":"EntryPoint","urlTemplate":"http:\/\/www.reconoce.mx\/?s={search_term_string}"},"query-input":{"@type":"PropertyValueSpecification","valueRequired":true,"valueName":"search_term_string"}}],"inLanguage":"es"},{"@type":"Organization","@id":"http:\/\/www.reconoce.mx\/#organization","name":"Reconoce MX","url":"http:\/\/www.reconoce.mx\/","logo":{"@type":"ImageObject","inLanguage":"es","@id":"http:\/\/www.reconoce.mx\/#\/schema\/logo\/image\/","url":"https:\/\/www.reconoce.mx\/wp-content\/uploads\/2019\/03\/logorcmx-good-1.png","contentUrl":"https:\/\/www.reconoce.mx\/wp-content\/uploads\/2019\/03\/logorcmx-good-1.png","width":280,"height":90,"caption":"Reconoce MX"},"image":{"@id":"http:\/\/www.reconoce.mx\/#\/schema\/logo\/image\/"},"sameAs":["https:\/\/es-la.facebook.com\/ReconoceMX\/","https:\/\/x.com\/reconocemx","http:\/\/@reconocemx"]},{"@type":"Person","@id":"http:\/\/www.reconoce.mx\/#\/schema\/person\/2117e997d7051dc15d6880eaf9bca0b2","name":"Reconoce MX","image":{"@type":"ImageObject","inLanguage":"es","@id":"http:\/\/www.reconoce.mx\/#\/schema\/person\/image\/","url":"https:\/\/secure.gravatar.com\/avatar\/6c8d4dc7569ca1c90c5fdcc349f839d5ddef6fe1e70b4337ead2ef1a4c43fc3a?s=96&d=identicon&r=g","contentUrl":"https:\/\/secure.gravatar.com\/avatar\/6c8d4dc7569ca1c90c5fdcc349f839d5ddef6fe1e70b4337ead2ef1a4c43fc3a?s=96&d=identicon&r=g","caption":"Reconoce MX"},"description":"Reconoce MX es un proyecto de difusi\u00f3n art\u00edstica, cultural y de conciencia social que est\u00e1 enfocado a difundir y fomentar el entretenimiento alternativo de calidad para todo el p\u00fablico que comparta el mismo entusiasmo.","sameAs":["http:\/\/www.reconoce.mx"],"url":"https:\/\/www.reconoce.mx\/?author=2"}]}},"_links":{"self":[{"href":"https:\/\/www.reconoce.mx\/index.php?rest_route=\/wp\/v2\/posts\/15638","targetHints":{"allow":["GET"]}}],"collection":[{"href":"https:\/\/www.reconoce.mx\/index.php?rest_route=\/wp\/v2\/posts"}],"about":[{"href":"https:\/\/www.reconoce.mx\/index.php?rest_route=\/wp\/v2\/types\/post"}],"author":[{"embeddable":true,"href":"https:\/\/www.reconoce.mx\/index.php?rest_route=\/wp\/v2\/users\/2"}],"replies":[{"embeddable":true,"href":"https:\/\/www.reconoce.mx\/index.php?rest_route=%2Fwp%2Fv2%2Fcomments&post=15638"}],"version-history":[{"count":8,"href":"https:\/\/www.reconoce.mx\/index.php?rest_route=\/wp\/v2\/posts\/15638\/revisions"}],"predecessor-version":[{"id":15778,"href":"https:\/\/www.reconoce.mx\/index.php?rest_route=\/wp\/v2\/posts\/15638\/revisions\/15778"}],"wp:featuredmedia":[{"embeddable":true,"href":"https:\/\/www.reconoce.mx\/index.php?rest_route=\/wp\/v2\/media\/15639"}],"wp:attachment":[{"href":"https:\/\/www.reconoce.mx\/index.php?rest_route=%2Fwp%2Fv2%2Fmedia&parent=15638"}],"wp:term":[{"taxonomy":"category","embeddable":true,"href":"https:\/\/www.reconoce.mx\/index.php?rest_route=%2Fwp%2Fv2%2Fcategories&post=15638"},{"taxonomy":"post_tag","embeddable":true,"href":"https:\/\/www.reconoce.mx\/index.php?rest_route=%2Fwp%2Fv2%2Ftags&post=15638"}],"curies":[{"name":"wp","href":"https:\/\/api.w.org\/{rel}","templated":true}]}}