{"id":17060,"date":"2013-02-24T04:00:44","date_gmt":"2013-02-24T10:00:44","guid":{"rendered":"http:\/\/www.reconoce.mx\/?p=17060"},"modified":"2013-02-26T23:35:10","modified_gmt":"2013-02-27T05:35:10","slug":"la-ceremonia-de-los-academy-awards-85","status":"publish","type":"post","link":"https:\/\/www.reconoce.mx\/?p=17060","title":{"rendered":"La ceremonia de los &#8216;Academy Awards&#8217; 85"},"content":{"rendered":"<ul id=\"botones-home\">\n<li><script type=\"text\/javascript\" src=\"https:\/\/apis.google.com\/js\/plusone.js\"><\/script><g:plusone width=\"55\" height=\"20\" href=\"http:\/\/www.reconoce.mx\/la-ceremonia-de-los-academy-awards-85\/\"><\/g:plusone><\/li>\n<li><a href=\"http:\/\/twitter.com\/share\" class=\"twitter-share-button\" data-url=\"http:\/\/www.reconoce.mx\/la-ceremonia-de-los-academy-awards-85\/\" data-count=\"horizontal\" data-via=\"reconocemx\" data-lang=\"es\">Tweet<\/a><script type=\"text\/javascript\" src=\"http:\/\/platform.twitter.com\/widgets.js\"><\/script><\/li>\n<div class=\"fb-like\" data-href=\"http:\/\/www.reconoce.mx\/la-ceremonia-de-los-academy-awards-85\/\" data-send=\"true\" data-width=\"450\" data-show-faces=\"true\"><\/div>\n<p><strong>Por <a title=\"@_Lady_Vendetta_\" href=\"https:\/\/twitter.com\/#%21\/_Lady_Vendetta_\" target=\"_blank\">Ana Esc\u00e1rcega<\/a><\/strong>.<\/p>\n<p>Una ceremonia glamurosa como siempre, <strong>con un delicioso giro musical<\/strong>.<\/p>\n<div id=\"attachment_17061\" style=\"width: 610px\" class=\"wp-caption aligncenter\"><a href=\"http:\/\/www.reconoce.mx\/wp-content\/uploads\/ozkar.png\"><img loading=\"lazy\" decoding=\"async\" aria-describedby=\"caption-attachment-17061\" class=\"size-full wp-image-17061\" alt=\"La ceremonia de los 'Academy Awards' 85.\" src=\"http:\/\/www.reconoce.mx\/wp-content\/uploads\/ozkar.png\" width=\"600\" height=\"275\" \/><\/a><p id=\"caption-attachment-17061\" class=\"wp-caption-text\">La ceremonia de los &#8216;Academy Awards&#8217; 85.<\/p><\/div>\n<p><!--more-->Este a\u00f1o<strong> la Academia decidi\u00f3 hacer un homenaje a los musicales<\/strong>, ese g\u00e9nero un tanto satanizado por los \u00abgrandes\u00bb cr\u00edticos. Pero un verdadero cin\u00e9filo sabe que los musicales tambi\u00e9n forman parte de esta maravillosa f\u00e1brica de sue\u00f1os y qu\u00e9 mejor manera de darle este giro a la solemnidad de la ceremonia, que con la conducci\u00f3n de Seth McFarlane, a quien conocemos por series como <em>Padre de Familia<\/em> y su muy exitosa cinta <em>Ted<\/em>. Si a esto sumamos el anunciado homenaje por los 50 a\u00f1os de James Bond&#8230; Era una combinaci\u00f3n ganadora.<\/p>\n<p>Desde la cl\u00e1sica y obligatoria alfombra roja, (que aunque lo niegues, todos sabemos que la viste y en<em> E!<\/em>) se dejaron ver algunos spoiler alerts sobre lo que ver\u00edamos m\u00e1s adelante, como a <strong>la guap\u00edsima Catherine Zeta-Jones con su n\u00famero de <em>All that jazz<\/em> de la pel\u00edcula Chicago<\/strong>, quien nos record\u00f3 lo que significa ser una \u00abartista\u00bb en toda la extensi\u00f3n de la palabra.<\/p>\n<p>As\u00ed pues, sucedi\u00f3 <strong>una ceremonia de entrega de premios como las dem\u00e1s<\/strong>: pol\u00edticamente correcta, pomposa, elegante, simp\u00e1tica y que no dej\u00f3 insatisfecho a casi nadie.<\/p>\n<p>La que ya nos sab\u00edamos: <strong><em>Amour<\/em> de Michael Haneke como mejor pel\u00edcula extranjera<\/strong>.<\/p>\n<p>La que nos puso la piel chinita: El n\u00famero musical de<strong><em> I dreamed a dream<\/em> con el elenco de <em>Les miserables<\/em><\/strong>.<\/p>\n<p>La que nos hizo re\u00edr: La secuencia c\u00f3mica del principio con Seth McFarlane y <strong>el capit\u00e1n Kirk<\/strong> (y los n\u00fameros musicales c\u00f3micos que se merec\u00edan un Oscar per se).<\/p>\n<p>La que nos hizo llorar:<strong> <a title=\"Una aventura extraordinaria o una met\u00e1fora de la fe\" href=\"http:\/\/www.reconoce.mx\/una-aventura-extraordinaria-o-una-metafora-de-la-fe\/\" target=\"_blank\"><em>Life of Pi<\/em><\/a><\/strong>. S\u00ed, ac\u00e9ptenlo, lloraron porque Richard Parker no se despidi\u00f3.<\/p>\n<p>La sorpresa: Vamos, <strong>\u00bfen serio les sorprendi\u00f3 algo?<\/strong><\/p>\n<p>&nbsp;<\/p>\n<p>&nbsp;<\/p>\n","protected":false},"excerpt":{"rendered":"<p>Este a\u00f1o la Academia decidi\u00f3 hacer un homenaje a los musicales, ese g\u00e9nero un tanto satanizado por los \u201cgrandes\u201d cr\u00edticos. Un verdadero cin\u00e9filo sabe que los musicales son parte importante.<\/p>\n","protected":false},"author":2,"featured_media":17061,"comment_status":"open","ping_status":"open","sticky":false,"template":"","format":"standard","meta":{"footnotes":""},"categories":[24,1],"tags":[2017,26,2611,409,188,2018,1349],"class_list":["post-17060","post","type-post","status-publish","format-standard","has-post-thumbnail","hentry","category-cine","category-cultura","tag-academy-awards","tag-cine-2","tag-musica","tag-oscar","tag-peliculas","tag-premio-oscar","tag-produccion"],"yoast_head":"<!-- This site is optimized with the Yoast SEO plugin v24.7 - https:\/\/yoast.com\/wordpress\/plugins\/seo\/ -->\n<title>La ceremonia de los &#039;Academy Awards&#039; 85 &#171; Reconoce MX<\/title>\n<meta name=\"robots\" content=\"index, follow, max-snippet:-1, max-image-preview:large, max-video-preview:-1\" \/>\n<link rel=\"canonical\" href=\"https:\/\/www.reconoce.mx\/?p=17060\" \/>\n<meta property=\"og:locale\" content=\"es_ES\" \/>\n<meta property=\"og:type\" content=\"article\" \/>\n<meta property=\"og:title\" content=\"La ceremonia de los &#039;Academy Awards&#039; 85 &#171; Reconoce MX\" \/>\n<meta property=\"og:description\" content=\"Este a\u00f1o la Academia decidi\u00f3 hacer un homenaje a los musicales, ese g\u00e9nero un tanto satanizado por los \u201cgrandes\u201d cr\u00edticos. Un verdadero cin\u00e9filo sabe que los musicales son parte importante.\" \/>\n<meta property=\"og:url\" content=\"https:\/\/www.reconoce.mx\/?p=17060\" \/>\n<meta property=\"og:site_name\" content=\"Reconoce MX\" \/>\n<meta property=\"article:publisher\" content=\"https:\/\/es-la.facebook.com\/ReconoceMX\/\" \/>\n<meta property=\"article:published_time\" content=\"2013-02-24T10:00:44+00:00\" \/>\n<meta property=\"article:modified_time\" content=\"2013-02-27T05:35:10+00:00\" \/>\n<meta property=\"og:image\" content=\"https:\/\/www.reconoce.mx\/wp-content\/uploads\/ozkar.png\" \/>\n\t<meta property=\"og:image:width\" content=\"649\" \/>\n\t<meta property=\"og:image:height\" content=\"301\" \/>\n\t<meta property=\"og:image:type\" content=\"image\/png\" \/>\n<meta name=\"author\" content=\"Reconoce MX\" \/>\n<meta name=\"twitter:card\" content=\"summary_large_image\" \/>\n<meta name=\"twitter:creator\" content=\"@reconocemx\" \/>\n<meta name=\"twitter:site\" content=\"@reconocemx\" \/>\n<meta name=\"twitter:label1\" content=\"Escrito por\" \/>\n\t<meta name=\"twitter:data1\" content=\"Reconoce MX\" \/>\n\t<meta name=\"twitter:label2\" content=\"Tiempo de lectura\" \/>\n\t<meta name=\"twitter:data2\" content=\"2 minutos\" \/>\n<script type=\"application\/ld+json\" class=\"yoast-schema-graph\">{\"@context\":\"https:\/\/schema.org\",\"@graph\":[{\"@type\":\"Article\",\"@id\":\"https:\/\/www.reconoce.mx\/?p=17060#article\",\"isPartOf\":{\"@id\":\"https:\/\/www.reconoce.mx\/?p=17060\"},\"author\":{\"name\":\"Reconoce MX\",\"@id\":\"http:\/\/www.reconoce.mx\/#\/schema\/person\/2117e997d7051dc15d6880eaf9bca0b2\"},\"headline\":\"La ceremonia de los &#8216;Academy Awards&#8217; 85\",\"datePublished\":\"2013-02-24T10:00:44+00:00\",\"dateModified\":\"2013-02-27T05:35:10+00:00\",\"mainEntityOfPage\":{\"@id\":\"https:\/\/www.reconoce.mx\/?p=17060\"},\"wordCount\":333,\"commentCount\":0,\"publisher\":{\"@id\":\"http:\/\/www.reconoce.mx\/#organization\"},\"image\":{\"@id\":\"https:\/\/www.reconoce.mx\/?p=17060#primaryimage\"},\"thumbnailUrl\":\"https:\/\/www.reconoce.mx\/wp-content\/uploads\/ozkar.png\",\"keywords\":[\"Academy Awards\",\"cine\",\"M\u00fasica\",\"Oscar\",\"pel\u00edculas\",\"Premio Oscar\",\"producci\u00f3n\"],\"articleSection\":[\"Cine\",\"Cultura\"],\"inLanguage\":\"es\",\"potentialAction\":[{\"@type\":\"CommentAction\",\"name\":\"Comment\",\"target\":[\"https:\/\/www.reconoce.mx\/?p=17060#respond\"]}]},{\"@type\":\"WebPage\",\"@id\":\"https:\/\/www.reconoce.mx\/?p=17060\",\"url\":\"https:\/\/www.reconoce.mx\/?p=17060\",\"name\":\"La ceremonia de los 'Academy Awards' 85 &#171; Reconoce MX\",\"isPartOf\":{\"@id\":\"http:\/\/www.reconoce.mx\/#website\"},\"primaryImageOfPage\":{\"@id\":\"https:\/\/www.reconoce.mx\/?p=17060#primaryimage\"},\"image\":{\"@id\":\"https:\/\/www.reconoce.mx\/?p=17060#primaryimage\"},\"thumbnailUrl\":\"https:\/\/www.reconoce.mx\/wp-content\/uploads\/ozkar.png\",\"datePublished\":\"2013-02-24T10:00:44+00:00\",\"dateModified\":\"2013-02-27T05:35:10+00:00\",\"breadcrumb\":{\"@id\":\"https:\/\/www.reconoce.mx\/?p=17060#breadcrumb\"},\"inLanguage\":\"es\",\"potentialAction\":[{\"@type\":\"ReadAction\",\"target\":[\"https:\/\/www.reconoce.mx\/?p=17060\"]}]},{\"@type\":\"ImageObject\",\"inLanguage\":\"es\",\"@id\":\"https:\/\/www.reconoce.mx\/?p=17060#primaryimage\",\"url\":\"https:\/\/www.reconoce.mx\/wp-content\/uploads\/ozkar.png\",\"contentUrl\":\"https:\/\/www.reconoce.mx\/wp-content\/uploads\/ozkar.png\",\"width\":649,\"height\":301,\"caption\":\"La ceremonia de los 'Academy Awards' 85.\"},{\"@type\":\"BreadcrumbList\",\"@id\":\"https:\/\/www.reconoce.mx\/?p=17060#breadcrumb\",\"itemListElement\":[{\"@type\":\"ListItem\",\"position\":1,\"name\":\"Portada\",\"item\":\"http:\/\/www.reconoce.mx\/\"},{\"@type\":\"ListItem\",\"position\":2,\"name\":\"La ceremonia de los &#8216;Academy Awards&#8217; 85\"}]},{\"@type\":\"WebSite\",\"@id\":\"http:\/\/www.reconoce.mx\/#website\",\"url\":\"http:\/\/www.reconoce.mx\/\",\"name\":\"Reconoce MX\",\"description\":\"En Reconoce MX difundimos arte, cultura y conciencia social en M\u00e9xico. Tu ciudad en otra perspectiva.\",\"publisher\":{\"@id\":\"http:\/\/www.reconoce.mx\/#organization\"},\"potentialAction\":[{\"@type\":\"SearchAction\",\"target\":{\"@type\":\"EntryPoint\",\"urlTemplate\":\"http:\/\/www.reconoce.mx\/?s={search_term_string}\"},\"query-input\":{\"@type\":\"PropertyValueSpecification\",\"valueRequired\":true,\"valueName\":\"search_term_string\"}}],\"inLanguage\":\"es\"},{\"@type\":\"Organization\",\"@id\":\"http:\/\/www.reconoce.mx\/#organization\",\"name\":\"Reconoce MX\",\"url\":\"http:\/\/www.reconoce.mx\/\",\"logo\":{\"@type\":\"ImageObject\",\"inLanguage\":\"es\",\"@id\":\"http:\/\/www.reconoce.mx\/#\/schema\/logo\/image\/\",\"url\":\"https:\/\/www.reconoce.mx\/wp-content\/uploads\/2019\/03\/logorcmx-good-1.png\",\"contentUrl\":\"https:\/\/www.reconoce.mx\/wp-content\/uploads\/2019\/03\/logorcmx-good-1.png\",\"width\":280,\"height\":90,\"caption\":\"Reconoce MX\"},\"image\":{\"@id\":\"http:\/\/www.reconoce.mx\/#\/schema\/logo\/image\/\"},\"sameAs\":[\"https:\/\/es-la.facebook.com\/ReconoceMX\/\",\"https:\/\/x.com\/reconocemx\",\"http:\/\/@reconocemx\"]},{\"@type\":\"Person\",\"@id\":\"http:\/\/www.reconoce.mx\/#\/schema\/person\/2117e997d7051dc15d6880eaf9bca0b2\",\"name\":\"Reconoce MX\",\"image\":{\"@type\":\"ImageObject\",\"inLanguage\":\"es\",\"@id\":\"http:\/\/www.reconoce.mx\/#\/schema\/person\/image\/\",\"url\":\"https:\/\/secure.gravatar.com\/avatar\/6c8d4dc7569ca1c90c5fdcc349f839d5ddef6fe1e70b4337ead2ef1a4c43fc3a?s=96&d=identicon&r=g\",\"contentUrl\":\"https:\/\/secure.gravatar.com\/avatar\/6c8d4dc7569ca1c90c5fdcc349f839d5ddef6fe1e70b4337ead2ef1a4c43fc3a?s=96&d=identicon&r=g\",\"caption\":\"Reconoce MX\"},\"description\":\"Reconoce MX es un proyecto de difusi\u00f3n art\u00edstica, cultural y de conciencia social que est\u00e1 enfocado a difundir y fomentar el entretenimiento alternativo de calidad para todo el p\u00fablico que comparta el mismo entusiasmo.\",\"sameAs\":[\"http:\/\/www.reconoce.mx\"],\"url\":\"https:\/\/www.reconoce.mx\/?author=2\"}]}<\/script>\n<!-- \/ Yoast SEO plugin. -->","yoast_head_json":{"title":"La ceremonia de los 'Academy Awards' 85 &#171; Reconoce MX","robots":{"index":"index","follow":"follow","max-snippet":"max-snippet:-1","max-image-preview":"max-image-preview:large","max-video-preview":"max-video-preview:-1"},"canonical":"https:\/\/www.reconoce.mx\/?p=17060","og_locale":"es_ES","og_type":"article","og_title":"La ceremonia de los 'Academy Awards' 85 &#171; Reconoce MX","og_description":"Este a\u00f1o la Academia decidi\u00f3 hacer un homenaje a los musicales, ese g\u00e9nero un tanto satanizado por los \u201cgrandes\u201d cr\u00edticos. Un verdadero cin\u00e9filo sabe que los musicales son parte importante.","og_url":"https:\/\/www.reconoce.mx\/?p=17060","og_site_name":"Reconoce MX","article_publisher":"https:\/\/es-la.facebook.com\/ReconoceMX\/","article_published_time":"2013-02-24T10:00:44+00:00","article_modified_time":"2013-02-27T05:35:10+00:00","og_image":[{"width":649,"height":301,"url":"https:\/\/www.reconoce.mx\/wp-content\/uploads\/ozkar.png","type":"image\/png"}],"author":"Reconoce MX","twitter_card":"summary_large_image","twitter_creator":"@reconocemx","twitter_site":"@reconocemx","twitter_misc":{"Escrito por":"Reconoce MX","Tiempo de lectura":"2 minutos"},"schema":{"@context":"https:\/\/schema.org","@graph":[{"@type":"Article","@id":"https:\/\/www.reconoce.mx\/?p=17060#article","isPartOf":{"@id":"https:\/\/www.reconoce.mx\/?p=17060"},"author":{"name":"Reconoce MX","@id":"http:\/\/www.reconoce.mx\/#\/schema\/person\/2117e997d7051dc15d6880eaf9bca0b2"},"headline":"La ceremonia de los &#8216;Academy Awards&#8217; 85","datePublished":"2013-02-24T10:00:44+00:00","dateModified":"2013-02-27T05:35:10+00:00","mainEntityOfPage":{"@id":"https:\/\/www.reconoce.mx\/?p=17060"},"wordCount":333,"commentCount":0,"publisher":{"@id":"http:\/\/www.reconoce.mx\/#organization"},"image":{"@id":"https:\/\/www.reconoce.mx\/?p=17060#primaryimage"},"thumbnailUrl":"https:\/\/www.reconoce.mx\/wp-content\/uploads\/ozkar.png","keywords":["Academy Awards","cine","M\u00fasica","Oscar","pel\u00edculas","Premio Oscar","producci\u00f3n"],"articleSection":["Cine","Cultura"],"inLanguage":"es","potentialAction":[{"@type":"CommentAction","name":"Comment","target":["https:\/\/www.reconoce.mx\/?p=17060#respond"]}]},{"@type":"WebPage","@id":"https:\/\/www.reconoce.mx\/?p=17060","url":"https:\/\/www.reconoce.mx\/?p=17060","name":"La ceremonia de los 'Academy Awards' 85 &#171; Reconoce MX","isPartOf":{"@id":"http:\/\/www.reconoce.mx\/#website"},"primaryImageOfPage":{"@id":"https:\/\/www.reconoce.mx\/?p=17060#primaryimage"},"image":{"@id":"https:\/\/www.reconoce.mx\/?p=17060#primaryimage"},"thumbnailUrl":"https:\/\/www.reconoce.mx\/wp-content\/uploads\/ozkar.png","datePublished":"2013-02-24T10:00:44+00:00","dateModified":"2013-02-27T05:35:10+00:00","breadcrumb":{"@id":"https:\/\/www.reconoce.mx\/?p=17060#breadcrumb"},"inLanguage":"es","potentialAction":[{"@type":"ReadAction","target":["https:\/\/www.reconoce.mx\/?p=17060"]}]},{"@type":"ImageObject","inLanguage":"es","@id":"https:\/\/www.reconoce.mx\/?p=17060#primaryimage","url":"https:\/\/www.reconoce.mx\/wp-content\/uploads\/ozkar.png","contentUrl":"https:\/\/www.reconoce.mx\/wp-content\/uploads\/ozkar.png","width":649,"height":301,"caption":"La ceremonia de los 'Academy Awards' 85."},{"@type":"BreadcrumbList","@id":"https:\/\/www.reconoce.mx\/?p=17060#breadcrumb","itemListElement":[{"@type":"ListItem","position":1,"name":"Portada","item":"http:\/\/www.reconoce.mx\/"},{"@type":"ListItem","position":2,"name":"La ceremonia de los &#8216;Academy Awards&#8217; 85"}]},{"@type":"WebSite","@id":"http:\/\/www.reconoce.mx\/#website","url":"http:\/\/www.reconoce.mx\/","name":"Reconoce MX","description":"En Reconoce MX difundimos arte, cultura y conciencia social en M\u00e9xico. Tu ciudad en otra perspectiva.","publisher":{"@id":"http:\/\/www.reconoce.mx\/#organization"},"potentialAction":[{"@type":"SearchAction","target":{"@type":"EntryPoint","urlTemplate":"http:\/\/www.reconoce.mx\/?s={search_term_string}"},"query-input":{"@type":"PropertyValueSpecification","valueRequired":true,"valueName":"search_term_string"}}],"inLanguage":"es"},{"@type":"Organization","@id":"http:\/\/www.reconoce.mx\/#organization","name":"Reconoce MX","url":"http:\/\/www.reconoce.mx\/","logo":{"@type":"ImageObject","inLanguage":"es","@id":"http:\/\/www.reconoce.mx\/#\/schema\/logo\/image\/","url":"https:\/\/www.reconoce.mx\/wp-content\/uploads\/2019\/03\/logorcmx-good-1.png","contentUrl":"https:\/\/www.reconoce.mx\/wp-content\/uploads\/2019\/03\/logorcmx-good-1.png","width":280,"height":90,"caption":"Reconoce MX"},"image":{"@id":"http:\/\/www.reconoce.mx\/#\/schema\/logo\/image\/"},"sameAs":["https:\/\/es-la.facebook.com\/ReconoceMX\/","https:\/\/x.com\/reconocemx","http:\/\/@reconocemx"]},{"@type":"Person","@id":"http:\/\/www.reconoce.mx\/#\/schema\/person\/2117e997d7051dc15d6880eaf9bca0b2","name":"Reconoce MX","image":{"@type":"ImageObject","inLanguage":"es","@id":"http:\/\/www.reconoce.mx\/#\/schema\/person\/image\/","url":"https:\/\/secure.gravatar.com\/avatar\/6c8d4dc7569ca1c90c5fdcc349f839d5ddef6fe1e70b4337ead2ef1a4c43fc3a?s=96&d=identicon&r=g","contentUrl":"https:\/\/secure.gravatar.com\/avatar\/6c8d4dc7569ca1c90c5fdcc349f839d5ddef6fe1e70b4337ead2ef1a4c43fc3a?s=96&d=identicon&r=g","caption":"Reconoce MX"},"description":"Reconoce MX es un proyecto de difusi\u00f3n art\u00edstica, cultural y de conciencia social que est\u00e1 enfocado a difundir y fomentar el entretenimiento alternativo de calidad para todo el p\u00fablico que comparta el mismo entusiasmo.","sameAs":["http:\/\/www.reconoce.mx"],"url":"https:\/\/www.reconoce.mx\/?author=2"}]}},"_links":{"self":[{"href":"https:\/\/www.reconoce.mx\/index.php?rest_route=\/wp\/v2\/posts\/17060","targetHints":{"allow":["GET"]}}],"collection":[{"href":"https:\/\/www.reconoce.mx\/index.php?rest_route=\/wp\/v2\/posts"}],"about":[{"href":"https:\/\/www.reconoce.mx\/index.php?rest_route=\/wp\/v2\/types\/post"}],"author":[{"embeddable":true,"href":"https:\/\/www.reconoce.mx\/index.php?rest_route=\/wp\/v2\/users\/2"}],"replies":[{"embeddable":true,"href":"https:\/\/www.reconoce.mx\/index.php?rest_route=%2Fwp%2Fv2%2Fcomments&post=17060"}],"version-history":[{"count":7,"href":"https:\/\/www.reconoce.mx\/index.php?rest_route=\/wp\/v2\/posts\/17060\/revisions"}],"predecessor-version":[{"id":17110,"href":"https:\/\/www.reconoce.mx\/index.php?rest_route=\/wp\/v2\/posts\/17060\/revisions\/17110"}],"wp:featuredmedia":[{"embeddable":true,"href":"https:\/\/www.reconoce.mx\/index.php?rest_route=\/wp\/v2\/media\/17061"}],"wp:attachment":[{"href":"https:\/\/www.reconoce.mx\/index.php?rest_route=%2Fwp%2Fv2%2Fmedia&parent=17060"}],"wp:term":[{"taxonomy":"category","embeddable":true,"href":"https:\/\/www.reconoce.mx\/index.php?rest_route=%2Fwp%2Fv2%2Fcategories&post=17060"},{"taxonomy":"post_tag","embeddable":true,"href":"https:\/\/www.reconoce.mx\/index.php?rest_route=%2Fwp%2Fv2%2Ftags&post=17060"}],"curies":[{"name":"wp","href":"https:\/\/api.w.org\/{rel}","templated":true}]}}