{"id":18743,"date":"2013-04-29T01:00:54","date_gmt":"2013-04-29T06:00:54","guid":{"rendered":"http:\/\/www.reconoce.mx\/?p=18743"},"modified":"2013-05-22T20:17:15","modified_gmt":"2013-05-23T01:17:15","slug":"inori-y-despertar-el-polvo-grandes-ganadoras-de-rmff","status":"publish","type":"post","link":"https:\/\/www.reconoce.mx\/?p=18743","title":{"rendered":"&#8216;Inori&#8217; y &#8216;Despertar el polvo&#8217; grandes ganadoras de rmff"},"content":{"rendered":"<ul id=\"botones-home\">\n<li><script type=\"text\/javascript\" src=\"https:\/\/apis.google.com\/js\/plusone.js\"><\/script><g:plusone width=\"55\" height=\"20\" href=\"http:\/\/www.reconoce.mx\/inori-y-despertar-el-polvo-grandes-ganadoras-de-rmff\/\"><\/g:plusone><\/li>\n<li><a href=\"http:\/\/twitter.com\/share\" class=\"twitter-share-button\" data-url=\"http:\/\/www.reconoce.mx\/inori-y-despertar-el-polvo-grandes-ganadoras-de-rmff\/\" data-count=\"horizontal\" data-via=\"reconocemx\" data-lang=\"es\">Tweet<\/a><script type=\"text\/javascript\" src=\"http:\/\/platform.twitter.com\/widgets.js\"><\/script><\/li>\n<div class=\"fb-like\" data-href=\"http:\/\/www.reconoce.mx\/inori-y-despertar-el-polvo-grandes-ganadoras-de-rmff\/\" data-send=\"true\" data-width=\"450\" data-show-faces=\"true\"><\/div>\n<p><a href=\"http:\/\/www.reconoce.mx\/?s=rmff\" target=\"_blank\"><img loading=\"lazy\" decoding=\"async\" src=\"http:\/\/www.reconoce.mx\/wp-content\/uploads\/BannerNotasRiviera.jpg\" alt=\"\" title=\"BannerNotasRiviera\" width=\"550\" height=\"70\" class=\"aligncenter size-full wp-image-4228\" \/><\/a><\/p>\n<p><strong>Por\u00a0<a title=\"@enriquefa86\" href=\"https:\/\/twitter.com\/enriquefa86\" target=\"_blank\">Enrique Figueroa Anaya<\/a>.<\/strong><\/p>\n<p>Las grandes ganadoras de la noche de premiaci\u00f3n del segundo Riviera Maya Film Festival fueron<strong> <em>Inori<\/em> de Pedro Gonz\u00e1lez Rubio <\/strong>y<strong> <em>Despertar el polvo<\/em> de Hari Sama<\/strong>. Ambas, participantes dentro de plataforma mexicana de rmff, fueron galardonadas con los premios kukulk\u00e1n rmff 2013 adem\u00e1s de un est\u00edmulo de 300 mil pesos a cada una para promoci\u00f3n y distribuci\u00f3n. La pel\u00edcula <a title=\"\u2018Las b\u00fasquedas\u2019 que provoca el azar en la vida\" href=\"http:\/\/www.reconoce.mx\/las-busquedas-que-provoca-el-azar-en-la-vida\/\" target=\"_blank\"><em>Las b\u00fasquedas<\/em><\/a> de Jos\u00e9 Luis Valle fue la ganadora del premio jurado joven.<\/p>\n<div id=\"attachment_18746\" style=\"width: 610px\" class=\"wp-caption aligncenter\"><a href=\"http:\/\/www.reconoce.mx\/wp-content\/uploads\/rmff-plataforma.png\"><img loading=\"lazy\" decoding=\"async\" aria-describedby=\"caption-attachment-18746\" class=\"size-full wp-image-18746\" alt=\"'Inori' y 'Despertar el polvo' grandes ganadoras de rmff.\" src=\"http:\/\/www.reconoce.mx\/wp-content\/uploads\/rmff-plataforma.png\" width=\"600\" height=\"275\" \/><\/a><p id=\"caption-attachment-18746\" class=\"wp-caption-text\">&#8216;Inori&#8217; y &#8216;Despertar el polvo&#8217; grandes ganadoras de rmff.<\/p><\/div>\n<p><!--more-->En una noche agradable en Plaza Fundadores en Playa del Carmen, Quintana Roo, se llev\u00f3 a cabo la clausura de la segunda edici\u00f3n del rmff que tuvo la presencia de invitados especiales, participantes, prensa, organizadores y p\u00fablico en general. <strong>La noche cerr\u00f3 con la proyecci\u00f3n de la m\u00e1s reciente pel\u00edcula del director, productor y escritor estadounidense\u00a0Terrence Malick<\/strong>. La pel\u00edcula <em>To the wonder <\/em>cuenta con las actuaciones de\u00a0Ben Affleck, Rachel McAdams, Javier Bardem y Olga Kurylenko.<\/p>\n<p>Entre los invitados estelares<strong> se cont\u00f3 con la presencia de los actores estadounidenses\u00a0Christian Slater (<em>The Name of the Rose<\/em>) y Ashley Benson (<em>Spring breakers<\/em>)<\/strong>. Visiblemente emocionados por su presencia en Playa del Carmen, los dos actores formaron parte de la clausura que incluy\u00f3 palabras del gobernador de Quintana Roo y la directora del rmff. Al actor Christian Slater se le entreg\u00f3 un reconocimiento a nombre del festival y se le nombr\u00f3 padrino del mismo.<\/p>\n<div id=\"attachment_18747\" style=\"width: 635px\" class=\"wp-caption aligncenter\"><a href=\"http:\/\/www.reconoce.mx\/wp-content\/uploads\/rmff-clausura.png\"><img loading=\"lazy\" decoding=\"async\" aria-describedby=\"caption-attachment-18747\" class=\"size-full wp-image-18747\" alt=\"Termin\u00f3 la segunda edici\u00f3n de rmfff.\" src=\"http:\/\/www.reconoce.mx\/wp-content\/uploads\/rmff-clausura.png\" width=\"625\" height=\"433\" srcset=\"https:\/\/www.reconoce.mx\/wp-content\/uploads\/rmff-clausura.png 625w, https:\/\/www.reconoce.mx\/wp-content\/uploads\/rmff-clausura-300x208.png 300w\" sizes=\"auto, (max-width: 625px) 100vw, 625px\" \/><\/a><p id=\"caption-attachment-18747\" class=\"wp-caption-text\">Termin\u00f3 la segunda edici\u00f3n de rmfff.<\/p><\/div>\n<h2>El balance del segundo rmff<\/h2>\n<p>En su segunda edici\u00f3n el rmff tuvo cosas negativas y positivas. Entre lo positivo destac\u00f3<strong> el apoyo indiscutible a los j\u00f3venes cineastas\u00a0mexicanos<\/strong>, que qued\u00f3 demostrado en los premios (los mejores que entrega un festival de cine en M\u00e9xico). Las funciones gratuitas fueron otro gran acierto que mantuvo las salas de Cine Pel\u00edcanos (sede en Playa del Carmen) a tope y con mucha participaci\u00f3n de los espectadores.<\/p>\n<p>Entre lo negativo se podr\u00eda criticar la programaci\u00f3n, donde <strong>se sinti\u00f3 cierta inclinaci\u00f3n por un tipo de cine que excluy\u00f3 de cierto modo los gustos de otro tipo de p\u00fablico<\/strong> al que bien se le podr\u00eda mostrar cine, por decirlo m\u00e1s popular, pero con mejor calidad dentro de los mismos par\u00e1metros del festival. Probablemente el hecho de que se cobraran las entradas podr\u00eda haber entregado un balance m\u00e1s certero de esta especulaci\u00f3n.<\/p>\n<p>Sin embargo en general rmff fue un festival propositivo, con ganas de insertarse en el ya amplio concierto de festivales cinematogr\u00e1ficos en M\u00e9xico, con <strong>una propuesta fuerte de apoyar a los realizadores mexicanos y de atraer otro tipo de turismo en una zona como la Riviera Maya<\/strong>. Dos ediciones son pocas para un festival\u00a0joven\u00a0que sue\u00f1a con ser grande; las lecciones deber\u00e1n ser aprendidas y aplicadas para seguir con los anhelos. \u00a1Larga vida rmff!<\/p>\n<p style=\"text-align: right;\"><em>Im\u00e1genes cortes\u00eda de Cinetc&#8230;<\/em><\/p>\n<p>&nbsp;<\/p>\n<p>&nbsp;<\/p>\n","protected":false},"excerpt":{"rendered":"<p>Las grandes ganadoras de la noche de premiaci\u00f3n del segundo Riviera Maya Film Festival fueron Inori de Pedro Gonz\u00e1lez Rubio y Despertar el polvo de Hari Sama.<\/p>\n","protected":false},"author":2,"featured_media":18747,"comment_status":"open","ping_status":"open","sticky":false,"template":"","format":"standard","meta":{"footnotes":""},"categories":[24,1],"tags":[26,306,2313,1771],"class_list":["post-18743","post","type-post","status-publish","format-standard","has-post-thumbnail","hentry","category-cine","category-cultura","tag-cine-2","tag-festival","tag-ganadores","tag-riviera-maya-film-festival"],"yoast_head":"<!-- This site is optimized with the Yoast SEO plugin v24.7 - https:\/\/yoast.com\/wordpress\/plugins\/seo\/ -->\n<title>&#039;Inori&#039; y &#039;Despertar el polvo&#039; grandes ganadoras de rmff &#171; Reconoce MX<\/title>\n<meta name=\"robots\" content=\"index, follow, max-snippet:-1, max-image-preview:large, max-video-preview:-1\" \/>\n<link rel=\"canonical\" href=\"http:\/\/www.reconoce.mx\/?p=18743\" \/>\n<meta property=\"og:locale\" content=\"es_ES\" \/>\n<meta property=\"og:type\" content=\"article\" \/>\n<meta property=\"og:title\" content=\"&#039;Inori&#039; y &#039;Despertar el polvo&#039; grandes ganadoras de rmff &#171; Reconoce MX\" \/>\n<meta property=\"og:description\" content=\"Las grandes ganadoras de la noche de premiaci\u00f3n del segundo Riviera Maya Film Festival fueron Inori de Pedro Gonz\u00e1lez Rubio y Despertar el polvo de Hari Sama.\" \/>\n<meta property=\"og:url\" content=\"http:\/\/www.reconoce.mx\/?p=18743\" \/>\n<meta property=\"og:site_name\" content=\"Reconoce MX\" \/>\n<meta property=\"article:publisher\" content=\"https:\/\/es-la.facebook.com\/ReconoceMX\/\" \/>\n<meta property=\"article:published_time\" content=\"2013-04-29T06:00:54+00:00\" \/>\n<meta property=\"article:modified_time\" content=\"2013-05-23T01:17:15+00:00\" \/>\n<meta property=\"og:image\" content=\"http:\/\/www.reconoce.mx\/wp-content\/uploads\/rmff-clausura.png\" \/>\n\t<meta property=\"og:image:width\" content=\"625\" \/>\n\t<meta property=\"og:image:height\" content=\"433\" \/>\n\t<meta property=\"og:image:type\" content=\"image\/png\" \/>\n<meta name=\"author\" content=\"Reconoce MX\" \/>\n<meta name=\"twitter:card\" content=\"summary_large_image\" \/>\n<meta name=\"twitter:creator\" content=\"@reconocemx\" \/>\n<meta name=\"twitter:site\" content=\"@reconocemx\" \/>\n<meta name=\"twitter:label1\" content=\"Escrito por\" \/>\n\t<meta name=\"twitter:data1\" content=\"Reconoce MX\" \/>\n\t<meta name=\"twitter:label2\" content=\"Tiempo de lectura\" \/>\n\t<meta name=\"twitter:data2\" content=\"3 minutos\" \/>\n<script type=\"application\/ld+json\" class=\"yoast-schema-graph\">{\"@context\":\"https:\/\/schema.org\",\"@graph\":[{\"@type\":\"Article\",\"@id\":\"http:\/\/www.reconoce.mx\/?p=18743#article\",\"isPartOf\":{\"@id\":\"http:\/\/www.reconoce.mx\/?p=18743\"},\"author\":{\"name\":\"Reconoce MX\",\"@id\":\"http:\/\/www.reconoce.mx\/#\/schema\/person\/2117e997d7051dc15d6880eaf9bca0b2\"},\"headline\":\"&#8216;Inori&#8217; y &#8216;Despertar el polvo&#8217; grandes ganadoras de rmff\",\"datePublished\":\"2013-04-29T06:00:54+00:00\",\"dateModified\":\"2013-05-23T01:17:15+00:00\",\"mainEntityOfPage\":{\"@id\":\"http:\/\/www.reconoce.mx\/?p=18743\"},\"wordCount\":528,\"commentCount\":0,\"publisher\":{\"@id\":\"http:\/\/www.reconoce.mx\/#organization\"},\"image\":{\"@id\":\"http:\/\/www.reconoce.mx\/?p=18743#primaryimage\"},\"thumbnailUrl\":\"https:\/\/www.reconoce.mx\/wp-content\/uploads\/rmff-clausura.png\",\"keywords\":[\"cine\",\"Festival\",\"ganadores\",\"Riviera Maya Film Festival\"],\"articleSection\":[\"Cine\",\"Cultura\"],\"inLanguage\":\"es\",\"potentialAction\":[{\"@type\":\"CommentAction\",\"name\":\"Comment\",\"target\":[\"http:\/\/www.reconoce.mx\/?p=18743#respond\"]}]},{\"@type\":\"WebPage\",\"@id\":\"http:\/\/www.reconoce.mx\/?p=18743\",\"url\":\"http:\/\/www.reconoce.mx\/?p=18743\",\"name\":\"'Inori' y 'Despertar el polvo' grandes ganadoras de rmff &#171; Reconoce MX\",\"isPartOf\":{\"@id\":\"http:\/\/www.reconoce.mx\/#website\"},\"primaryImageOfPage\":{\"@id\":\"http:\/\/www.reconoce.mx\/?p=18743#primaryimage\"},\"image\":{\"@id\":\"http:\/\/www.reconoce.mx\/?p=18743#primaryimage\"},\"thumbnailUrl\":\"https:\/\/www.reconoce.mx\/wp-content\/uploads\/rmff-clausura.png\",\"datePublished\":\"2013-04-29T06:00:54+00:00\",\"dateModified\":\"2013-05-23T01:17:15+00:00\",\"breadcrumb\":{\"@id\":\"http:\/\/www.reconoce.mx\/?p=18743#breadcrumb\"},\"inLanguage\":\"es\",\"potentialAction\":[{\"@type\":\"ReadAction\",\"target\":[\"http:\/\/www.reconoce.mx\/?p=18743\"]}]},{\"@type\":\"ImageObject\",\"inLanguage\":\"es\",\"@id\":\"http:\/\/www.reconoce.mx\/?p=18743#primaryimage\",\"url\":\"https:\/\/www.reconoce.mx\/wp-content\/uploads\/rmff-clausura.png\",\"contentUrl\":\"https:\/\/www.reconoce.mx\/wp-content\/uploads\/rmff-clausura.png\",\"width\":625,\"height\":433,\"caption\":\"Termin\u00f3 la segunda edici\u00f3n de rmfff.\"},{\"@type\":\"BreadcrumbList\",\"@id\":\"http:\/\/www.reconoce.mx\/?p=18743#breadcrumb\",\"itemListElement\":[{\"@type\":\"ListItem\",\"position\":1,\"name\":\"Portada\",\"item\":\"http:\/\/www.reconoce.mx\/\"},{\"@type\":\"ListItem\",\"position\":2,\"name\":\"&#8216;Inori&#8217; y &#8216;Despertar el polvo&#8217; grandes ganadoras de rmff\"}]},{\"@type\":\"WebSite\",\"@id\":\"http:\/\/www.reconoce.mx\/#website\",\"url\":\"http:\/\/www.reconoce.mx\/\",\"name\":\"Reconoce MX\",\"description\":\"En Reconoce MX difundimos arte, cultura y conciencia social en M\u00e9xico. Tu ciudad en otra perspectiva.\",\"publisher\":{\"@id\":\"http:\/\/www.reconoce.mx\/#organization\"},\"potentialAction\":[{\"@type\":\"SearchAction\",\"target\":{\"@type\":\"EntryPoint\",\"urlTemplate\":\"http:\/\/www.reconoce.mx\/?s={search_term_string}\"},\"query-input\":{\"@type\":\"PropertyValueSpecification\",\"valueRequired\":true,\"valueName\":\"search_term_string\"}}],\"inLanguage\":\"es\"},{\"@type\":\"Organization\",\"@id\":\"http:\/\/www.reconoce.mx\/#organization\",\"name\":\"Reconoce MX\",\"url\":\"http:\/\/www.reconoce.mx\/\",\"logo\":{\"@type\":\"ImageObject\",\"inLanguage\":\"es\",\"@id\":\"http:\/\/www.reconoce.mx\/#\/schema\/logo\/image\/\",\"url\":\"https:\/\/www.reconoce.mx\/wp-content\/uploads\/2019\/03\/logorcmx-good-1.png\",\"contentUrl\":\"https:\/\/www.reconoce.mx\/wp-content\/uploads\/2019\/03\/logorcmx-good-1.png\",\"width\":280,\"height\":90,\"caption\":\"Reconoce MX\"},\"image\":{\"@id\":\"http:\/\/www.reconoce.mx\/#\/schema\/logo\/image\/\"},\"sameAs\":[\"https:\/\/es-la.facebook.com\/ReconoceMX\/\",\"https:\/\/x.com\/reconocemx\",\"http:\/\/@reconocemx\"]},{\"@type\":\"Person\",\"@id\":\"http:\/\/www.reconoce.mx\/#\/schema\/person\/2117e997d7051dc15d6880eaf9bca0b2\",\"name\":\"Reconoce MX\",\"image\":{\"@type\":\"ImageObject\",\"inLanguage\":\"es\",\"@id\":\"http:\/\/www.reconoce.mx\/#\/schema\/person\/image\/\",\"url\":\"https:\/\/secure.gravatar.com\/avatar\/6c8d4dc7569ca1c90c5fdcc349f839d5ddef6fe1e70b4337ead2ef1a4c43fc3a?s=96&d=identicon&r=g\",\"contentUrl\":\"https:\/\/secure.gravatar.com\/avatar\/6c8d4dc7569ca1c90c5fdcc349f839d5ddef6fe1e70b4337ead2ef1a4c43fc3a?s=96&d=identicon&r=g\",\"caption\":\"Reconoce MX\"},\"description\":\"Reconoce MX es un proyecto de difusi\u00f3n art\u00edstica, cultural y de conciencia social que est\u00e1 enfocado a difundir y fomentar el entretenimiento alternativo de calidad para todo el p\u00fablico que comparta el mismo entusiasmo.\",\"sameAs\":[\"http:\/\/www.reconoce.mx\"],\"url\":\"https:\/\/www.reconoce.mx\/?author=2\"}]}<\/script>\n<!-- \/ Yoast SEO plugin. -->","yoast_head_json":{"title":"'Inori' y 'Despertar el polvo' grandes ganadoras de rmff &#171; Reconoce MX","robots":{"index":"index","follow":"follow","max-snippet":"max-snippet:-1","max-image-preview":"max-image-preview:large","max-video-preview":"max-video-preview:-1"},"canonical":"http:\/\/www.reconoce.mx\/?p=18743","og_locale":"es_ES","og_type":"article","og_title":"'Inori' y 'Despertar el polvo' grandes ganadoras de rmff &#171; Reconoce MX","og_description":"Las grandes ganadoras de la noche de premiaci\u00f3n del segundo Riviera Maya Film Festival fueron Inori de Pedro Gonz\u00e1lez Rubio y Despertar el polvo de Hari Sama.","og_url":"http:\/\/www.reconoce.mx\/?p=18743","og_site_name":"Reconoce MX","article_publisher":"https:\/\/es-la.facebook.com\/ReconoceMX\/","article_published_time":"2013-04-29T06:00:54+00:00","article_modified_time":"2013-05-23T01:17:15+00:00","og_image":[{"width":625,"height":433,"url":"http:\/\/www.reconoce.mx\/wp-content\/uploads\/rmff-clausura.png","type":"image\/png"}],"author":"Reconoce MX","twitter_card":"summary_large_image","twitter_creator":"@reconocemx","twitter_site":"@reconocemx","twitter_misc":{"Escrito por":"Reconoce MX","Tiempo de lectura":"3 minutos"},"schema":{"@context":"https:\/\/schema.org","@graph":[{"@type":"Article","@id":"http:\/\/www.reconoce.mx\/?p=18743#article","isPartOf":{"@id":"http:\/\/www.reconoce.mx\/?p=18743"},"author":{"name":"Reconoce MX","@id":"http:\/\/www.reconoce.mx\/#\/schema\/person\/2117e997d7051dc15d6880eaf9bca0b2"},"headline":"&#8216;Inori&#8217; y &#8216;Despertar el polvo&#8217; grandes ganadoras de rmff","datePublished":"2013-04-29T06:00:54+00:00","dateModified":"2013-05-23T01:17:15+00:00","mainEntityOfPage":{"@id":"http:\/\/www.reconoce.mx\/?p=18743"},"wordCount":528,"commentCount":0,"publisher":{"@id":"http:\/\/www.reconoce.mx\/#organization"},"image":{"@id":"http:\/\/www.reconoce.mx\/?p=18743#primaryimage"},"thumbnailUrl":"https:\/\/www.reconoce.mx\/wp-content\/uploads\/rmff-clausura.png","keywords":["cine","Festival","ganadores","Riviera Maya Film Festival"],"articleSection":["Cine","Cultura"],"inLanguage":"es","potentialAction":[{"@type":"CommentAction","name":"Comment","target":["http:\/\/www.reconoce.mx\/?p=18743#respond"]}]},{"@type":"WebPage","@id":"http:\/\/www.reconoce.mx\/?p=18743","url":"http:\/\/www.reconoce.mx\/?p=18743","name":"'Inori' y 'Despertar el polvo' grandes ganadoras de rmff &#171; Reconoce MX","isPartOf":{"@id":"http:\/\/www.reconoce.mx\/#website"},"primaryImageOfPage":{"@id":"http:\/\/www.reconoce.mx\/?p=18743#primaryimage"},"image":{"@id":"http:\/\/www.reconoce.mx\/?p=18743#primaryimage"},"thumbnailUrl":"https:\/\/www.reconoce.mx\/wp-content\/uploads\/rmff-clausura.png","datePublished":"2013-04-29T06:00:54+00:00","dateModified":"2013-05-23T01:17:15+00:00","breadcrumb":{"@id":"http:\/\/www.reconoce.mx\/?p=18743#breadcrumb"},"inLanguage":"es","potentialAction":[{"@type":"ReadAction","target":["http:\/\/www.reconoce.mx\/?p=18743"]}]},{"@type":"ImageObject","inLanguage":"es","@id":"http:\/\/www.reconoce.mx\/?p=18743#primaryimage","url":"https:\/\/www.reconoce.mx\/wp-content\/uploads\/rmff-clausura.png","contentUrl":"https:\/\/www.reconoce.mx\/wp-content\/uploads\/rmff-clausura.png","width":625,"height":433,"caption":"Termin\u00f3 la segunda edici\u00f3n de rmfff."},{"@type":"BreadcrumbList","@id":"http:\/\/www.reconoce.mx\/?p=18743#breadcrumb","itemListElement":[{"@type":"ListItem","position":1,"name":"Portada","item":"http:\/\/www.reconoce.mx\/"},{"@type":"ListItem","position":2,"name":"&#8216;Inori&#8217; y &#8216;Despertar el polvo&#8217; grandes ganadoras de rmff"}]},{"@type":"WebSite","@id":"http:\/\/www.reconoce.mx\/#website","url":"http:\/\/www.reconoce.mx\/","name":"Reconoce MX","description":"En Reconoce MX difundimos arte, cultura y conciencia social en M\u00e9xico. Tu ciudad en otra perspectiva.","publisher":{"@id":"http:\/\/www.reconoce.mx\/#organization"},"potentialAction":[{"@type":"SearchAction","target":{"@type":"EntryPoint","urlTemplate":"http:\/\/www.reconoce.mx\/?s={search_term_string}"},"query-input":{"@type":"PropertyValueSpecification","valueRequired":true,"valueName":"search_term_string"}}],"inLanguage":"es"},{"@type":"Organization","@id":"http:\/\/www.reconoce.mx\/#organization","name":"Reconoce MX","url":"http:\/\/www.reconoce.mx\/","logo":{"@type":"ImageObject","inLanguage":"es","@id":"http:\/\/www.reconoce.mx\/#\/schema\/logo\/image\/","url":"https:\/\/www.reconoce.mx\/wp-content\/uploads\/2019\/03\/logorcmx-good-1.png","contentUrl":"https:\/\/www.reconoce.mx\/wp-content\/uploads\/2019\/03\/logorcmx-good-1.png","width":280,"height":90,"caption":"Reconoce MX"},"image":{"@id":"http:\/\/www.reconoce.mx\/#\/schema\/logo\/image\/"},"sameAs":["https:\/\/es-la.facebook.com\/ReconoceMX\/","https:\/\/x.com\/reconocemx","http:\/\/@reconocemx"]},{"@type":"Person","@id":"http:\/\/www.reconoce.mx\/#\/schema\/person\/2117e997d7051dc15d6880eaf9bca0b2","name":"Reconoce MX","image":{"@type":"ImageObject","inLanguage":"es","@id":"http:\/\/www.reconoce.mx\/#\/schema\/person\/image\/","url":"https:\/\/secure.gravatar.com\/avatar\/6c8d4dc7569ca1c90c5fdcc349f839d5ddef6fe1e70b4337ead2ef1a4c43fc3a?s=96&d=identicon&r=g","contentUrl":"https:\/\/secure.gravatar.com\/avatar\/6c8d4dc7569ca1c90c5fdcc349f839d5ddef6fe1e70b4337ead2ef1a4c43fc3a?s=96&d=identicon&r=g","caption":"Reconoce MX"},"description":"Reconoce MX es un proyecto de difusi\u00f3n art\u00edstica, cultural y de conciencia social que est\u00e1 enfocado a difundir y fomentar el entretenimiento alternativo de calidad para todo el p\u00fablico que comparta el mismo entusiasmo.","sameAs":["http:\/\/www.reconoce.mx"],"url":"https:\/\/www.reconoce.mx\/?author=2"}]}},"_links":{"self":[{"href":"https:\/\/www.reconoce.mx\/index.php?rest_route=\/wp\/v2\/posts\/18743","targetHints":{"allow":["GET"]}}],"collection":[{"href":"https:\/\/www.reconoce.mx\/index.php?rest_route=\/wp\/v2\/posts"}],"about":[{"href":"https:\/\/www.reconoce.mx\/index.php?rest_route=\/wp\/v2\/types\/post"}],"author":[{"embeddable":true,"href":"https:\/\/www.reconoce.mx\/index.php?rest_route=\/wp\/v2\/users\/2"}],"replies":[{"embeddable":true,"href":"https:\/\/www.reconoce.mx\/index.php?rest_route=%2Fwp%2Fv2%2Fcomments&post=18743"}],"version-history":[{"count":15,"href":"https:\/\/www.reconoce.mx\/index.php?rest_route=\/wp\/v2\/posts\/18743\/revisions"}],"predecessor-version":[{"id":19350,"href":"https:\/\/www.reconoce.mx\/index.php?rest_route=\/wp\/v2\/posts\/18743\/revisions\/19350"}],"wp:featuredmedia":[{"embeddable":true,"href":"https:\/\/www.reconoce.mx\/index.php?rest_route=\/wp\/v2\/media\/18747"}],"wp:attachment":[{"href":"https:\/\/www.reconoce.mx\/index.php?rest_route=%2Fwp%2Fv2%2Fmedia&parent=18743"}],"wp:term":[{"taxonomy":"category","embeddable":true,"href":"https:\/\/www.reconoce.mx\/index.php?rest_route=%2Fwp%2Fv2%2Fcategories&post=18743"},{"taxonomy":"post_tag","embeddable":true,"href":"https:\/\/www.reconoce.mx\/index.php?rest_route=%2Fwp%2Fv2%2Ftags&post=18743"}],"curies":[{"name":"wp","href":"https:\/\/api.w.org\/{rel}","templated":true}]}}