{"id":21004,"date":"2013-07-26T04:00:47","date_gmt":"2013-07-26T09:00:47","guid":{"rendered":"http:\/\/www.reconoce.mx\/?p=21004"},"modified":"2013-08-01T23:39:18","modified_gmt":"2013-08-02T04:39:18","slug":"la-mole-una-fiesta-para-todos","status":"publish","type":"post","link":"https:\/\/www.reconoce.mx\/?p=21004","title":{"rendered":"La Mole, una fiesta para todos"},"content":{"rendered":"<ul id=\"botones-home\">\n<li><script type=\"text\/javascript\" src=\"https:\/\/apis.google.com\/js\/plusone.js\"><\/script><g:plusone width=\"55\" height=\"20\" href=\"http:\/\/www.reconoce.mx\/la-mole-una-fiesta-para-todos\/\"><\/g:plusone><\/li>\n<li><a href=\"http:\/\/twitter.com\/share\" class=\"twitter-share-button\" data-url=\"http:\/\/www.reconoce.mx\/la-mole-una-fiesta-para-todos\/\" data-count=\"horizontal\" data-via=\"reconocemx\" data-lang=\"es\">Tweet<\/a><script type=\"text\/javascript\" src=\"http:\/\/platform.twitter.com\/widgets.js\"><\/script><\/li>\n<div class=\"fb-like\" data-href=\"http:\/\/www.reconoce.mx\/la-mole-una-fiesta-para-todos\/\" data-send=\"true\" data-width=\"450\" data-show-faces=\"true\"><\/div>\n<p><strong>Por\u00a0<a title=\"@AsfaltosTweets \" href=\"https:\/\/twitter.com\/AsfaltosTweets\" target=\"_blank\">Asfaltos<\/a>.<\/strong><\/p>\n<p>Chicos, medianos y grandes; en realidad todos tienen una raz\u00f3n poderosa para asistir a La Mole Comic Con. Lo que queda claro es que <strong>al mexicano se le dan bien estos eventos<\/strong>; las colecciones, el folclore, el entusiasmo&#8230; en fin, al mexicano le gustan estos eventos, y La Mole, cumple con brindar uno de calidad.<\/p>\n<div id=\"attachment_21005\" style=\"width: 610px\" class=\"wp-caption aligncenter\"><a href=\"http:\/\/www.reconoce.mx\/wp-content\/uploads\/lamole.png\"><img loading=\"lazy\" decoding=\"async\" aria-describedby=\"caption-attachment-21005\" class=\"size-full wp-image-21005\" alt=\"La Mole, una fiesta para todos.\" src=\"http:\/\/www.reconoce.mx\/wp-content\/uploads\/lamole.png\" width=\"600\" height=\"275\" \/><\/a><p id=\"caption-attachment-21005\" class=\"wp-caption-text\">La Mole, una fiesta para todos.<\/p><\/div>\n<p><!--more-->Ahora, con el auge del mundo de superh\u00e9roes y villanos en el cine, podr\u00eda ser todo m\u00e1s evidente, o como dijera Leono \u00abm\u00e1s all\u00e1 de lo evidente\u00bb. <strong>Nos encantan los \u00edconos populares<\/strong>, nos encanta sentirnos identificados con personajes llenos de ideales con los que so\u00f1amos. Nos encanta el color, nos encanta la convivencia.<\/p>\n<p>La Mole Comic Con es una fiesta. <strong>Hay para todos los gustos<\/strong>. Para quienes disfrutan de las mangas, hasta para los m\u00e1s cl\u00e1sicos que desean leer a Superman o a Batman. Desde los que curiosos hasta los expertos. Hay quienes van de compras; otros de mirones. Hay quienes van a conocer a sus \u00eddolos; hay quienes van a conocer propuestas nuevas que les enganchen. Hay, eso s\u00ed, muchos que van a sentirse unificados y cercanos. Aqu\u00ed no hay extra\u00f1os; ac\u00e1 todos somos nerds.<\/p>\n<div id=\"attachment_21011\" style=\"width: 610px\" class=\"wp-caption aligncenter\"><a href=\"http:\/\/www.reconoce.mx\/wp-content\/uploads\/lamole-2.png\"><img loading=\"lazy\" decoding=\"async\" aria-describedby=\"caption-attachment-21011\" src=\"http:\/\/www.reconoce.mx\/wp-content\/uploads\/lamole-2.png\" alt=\"La Mole, una fiesta para todos.\" width=\"600\" height=\"275\" class=\"size-full wp-image-21011\" \/><\/a><p id=\"caption-attachment-21011\" class=\"wp-caption-text\">La Mole, una fiesta para todos.<\/p><\/div>\n<p>En la actual edici\u00f3n uno puede encontrarse de todo. Est\u00e1n David Lloyd (mejor conocido por su trabajo en <em>V for Vendetta<\/em>) y Jon Bogdanove (uno de los responsables de la \u00abmuerte\u00bb de Superman); pero tambi\u00e9n est\u00e1n los artistas independientes nacionales. Hay art\u00edculos de pel\u00edculas como <em>Star Wars<\/em>, <em>The Ghostbusters<\/em> y <em>The Avengers<\/em>; desde luego <strong>est\u00e1n las historietas, de todo tipo, tama\u00f1os y ediciones<\/strong>.<\/p>\n<p>La Mole se lleva a cabo <strong>este s\u00e1bado 27 y domingo 28 de julio de 2013 en la Expo Reforma<\/strong> (Avenida Morelos #67, Colonia Ju\u00e1rez; a una cuadra del Metrobus Expo Reforma y a 3 cuadras del Metro Ju\u00e1rez (l\u00ednea verde). El costo de entrada, por d\u00eda, es de $100.00 por persona. Para m\u00e1s informaci\u00f3n no dejen de entrar al <a title=\"La Mole Comic Con Internacional\" href=\"http:\/\/www.lamole.com.mx\/\" target=\"_blank\"><strong>sitio oficial<\/strong><\/a> del evento. \u00bfNos vemos por all\u00e1?<\/p>\n<p>&nbsp;<\/p>\n<p>&nbsp;<\/p>\n","protected":false},"excerpt":{"rendered":"<p>Chicos, medianos y grandes; en realidad todos tienen una raz\u00f3n poderosa para asistir a La Mole Comic Con. Lo que queda claro es que al mexicano se le dan bien estos eventos.<\/p>\n","protected":false},"author":2,"featured_media":21005,"comment_status":"open","ping_status":"open","sticky":false,"template":"","format":"standard","meta":{"footnotes":""},"categories":[1139,1],"tags":[2400,81,2403,1243,80],"class_list":["post-21004","post","type-post","status-publish","format-standard","has-post-thumbnail","hentry","category-comics-cultura","category-cultura","tag-comic-con","tag-comics","tag-convencion","tag-historietas","tag-la-mole"],"yoast_head":"<!-- This site is optimized with the Yoast SEO plugin v24.7 - https:\/\/yoast.com\/wordpress\/plugins\/seo\/ -->\n<title>La Mole, una fiesta para todos &#171; Reconoce MX<\/title>\n<meta name=\"robots\" content=\"index, follow, max-snippet:-1, max-image-preview:large, max-video-preview:-1\" \/>\n<link rel=\"canonical\" href=\"http:\/\/www.reconoce.mx\/?p=21004\" \/>\n<meta property=\"og:locale\" content=\"es_ES\" \/>\n<meta property=\"og:type\" content=\"article\" \/>\n<meta property=\"og:title\" content=\"La Mole, una fiesta para todos &#171; Reconoce MX\" \/>\n<meta property=\"og:description\" content=\"Chicos, medianos y grandes; en realidad todos tienen una raz\u00f3n poderosa para asistir a La Mole Comic Con. Lo que queda claro es que al mexicano se le dan bien estos eventos.\" \/>\n<meta property=\"og:url\" content=\"http:\/\/www.reconoce.mx\/?p=21004\" \/>\n<meta property=\"og:site_name\" content=\"Reconoce MX\" \/>\n<meta property=\"article:publisher\" content=\"https:\/\/es-la.facebook.com\/ReconoceMX\/\" \/>\n<meta property=\"article:published_time\" content=\"2013-07-26T09:00:47+00:00\" \/>\n<meta property=\"article:modified_time\" content=\"2013-08-02T04:39:18+00:00\" \/>\n<meta property=\"og:image\" content=\"http:\/\/www.reconoce.mx\/wp-content\/uploads\/lamole.png\" \/>\n\t<meta property=\"og:image:width\" content=\"649\" \/>\n\t<meta property=\"og:image:height\" content=\"301\" \/>\n\t<meta property=\"og:image:type\" content=\"image\/png\" \/>\n<meta name=\"author\" content=\"Reconoce MX\" \/>\n<meta name=\"twitter:card\" content=\"summary_large_image\" \/>\n<meta name=\"twitter:creator\" content=\"@reconocemx\" \/>\n<meta name=\"twitter:site\" content=\"@reconocemx\" \/>\n<meta name=\"twitter:label1\" content=\"Escrito por\" \/>\n\t<meta name=\"twitter:data1\" content=\"Reconoce MX\" \/>\n\t<meta name=\"twitter:label2\" content=\"Tiempo de lectura\" \/>\n\t<meta name=\"twitter:data2\" content=\"2 minutos\" \/>\n<script type=\"application\/ld+json\" class=\"yoast-schema-graph\">{\"@context\":\"https:\/\/schema.org\",\"@graph\":[{\"@type\":\"Article\",\"@id\":\"http:\/\/www.reconoce.mx\/?p=21004#article\",\"isPartOf\":{\"@id\":\"http:\/\/www.reconoce.mx\/?p=21004\"},\"author\":{\"name\":\"Reconoce MX\",\"@id\":\"http:\/\/www.reconoce.mx\/#\/schema\/person\/2117e997d7051dc15d6880eaf9bca0b2\"},\"headline\":\"La Mole, una fiesta para todos\",\"datePublished\":\"2013-07-26T09:00:47+00:00\",\"dateModified\":\"2013-08-02T04:39:18+00:00\",\"mainEntityOfPage\":{\"@id\":\"http:\/\/www.reconoce.mx\/?p=21004\"},\"wordCount\":377,\"commentCount\":0,\"publisher\":{\"@id\":\"http:\/\/www.reconoce.mx\/#organization\"},\"image\":{\"@id\":\"http:\/\/www.reconoce.mx\/?p=21004#primaryimage\"},\"thumbnailUrl\":\"https:\/\/www.reconoce.mx\/wp-content\/uploads\/lamole.png\",\"keywords\":[\"Comic Con\",\"c\u00f3mics\",\"convenci\u00f3n\",\"historietas\",\"La Mole\"],\"articleSection\":[\"C\u00f3mics\",\"Cultura\"],\"inLanguage\":\"es\",\"potentialAction\":[{\"@type\":\"CommentAction\",\"name\":\"Comment\",\"target\":[\"http:\/\/www.reconoce.mx\/?p=21004#respond\"]}]},{\"@type\":\"WebPage\",\"@id\":\"http:\/\/www.reconoce.mx\/?p=21004\",\"url\":\"http:\/\/www.reconoce.mx\/?p=21004\",\"name\":\"La Mole, una fiesta para todos &#171; Reconoce MX\",\"isPartOf\":{\"@id\":\"http:\/\/www.reconoce.mx\/#website\"},\"primaryImageOfPage\":{\"@id\":\"http:\/\/www.reconoce.mx\/?p=21004#primaryimage\"},\"image\":{\"@id\":\"http:\/\/www.reconoce.mx\/?p=21004#primaryimage\"},\"thumbnailUrl\":\"https:\/\/www.reconoce.mx\/wp-content\/uploads\/lamole.png\",\"datePublished\":\"2013-07-26T09:00:47+00:00\",\"dateModified\":\"2013-08-02T04:39:18+00:00\",\"breadcrumb\":{\"@id\":\"http:\/\/www.reconoce.mx\/?p=21004#breadcrumb\"},\"inLanguage\":\"es\",\"potentialAction\":[{\"@type\":\"ReadAction\",\"target\":[\"http:\/\/www.reconoce.mx\/?p=21004\"]}]},{\"@type\":\"ImageObject\",\"inLanguage\":\"es\",\"@id\":\"http:\/\/www.reconoce.mx\/?p=21004#primaryimage\",\"url\":\"https:\/\/www.reconoce.mx\/wp-content\/uploads\/lamole.png\",\"contentUrl\":\"https:\/\/www.reconoce.mx\/wp-content\/uploads\/lamole.png\",\"width\":649,\"height\":301,\"caption\":\"La Mole, una fiesta para todos.\"},{\"@type\":\"BreadcrumbList\",\"@id\":\"http:\/\/www.reconoce.mx\/?p=21004#breadcrumb\",\"itemListElement\":[{\"@type\":\"ListItem\",\"position\":1,\"name\":\"Portada\",\"item\":\"http:\/\/www.reconoce.mx\/\"},{\"@type\":\"ListItem\",\"position\":2,\"name\":\"La Mole, una fiesta para todos\"}]},{\"@type\":\"WebSite\",\"@id\":\"http:\/\/www.reconoce.mx\/#website\",\"url\":\"http:\/\/www.reconoce.mx\/\",\"name\":\"Reconoce MX\",\"description\":\"En Reconoce MX difundimos arte, cultura y conciencia social en M\u00e9xico. Tu ciudad en otra perspectiva.\",\"publisher\":{\"@id\":\"http:\/\/www.reconoce.mx\/#organization\"},\"potentialAction\":[{\"@type\":\"SearchAction\",\"target\":{\"@type\":\"EntryPoint\",\"urlTemplate\":\"http:\/\/www.reconoce.mx\/?s={search_term_string}\"},\"query-input\":{\"@type\":\"PropertyValueSpecification\",\"valueRequired\":true,\"valueName\":\"search_term_string\"}}],\"inLanguage\":\"es\"},{\"@type\":\"Organization\",\"@id\":\"http:\/\/www.reconoce.mx\/#organization\",\"name\":\"Reconoce MX\",\"url\":\"http:\/\/www.reconoce.mx\/\",\"logo\":{\"@type\":\"ImageObject\",\"inLanguage\":\"es\",\"@id\":\"http:\/\/www.reconoce.mx\/#\/schema\/logo\/image\/\",\"url\":\"https:\/\/www.reconoce.mx\/wp-content\/uploads\/2019\/03\/logorcmx-good-1.png\",\"contentUrl\":\"https:\/\/www.reconoce.mx\/wp-content\/uploads\/2019\/03\/logorcmx-good-1.png\",\"width\":280,\"height\":90,\"caption\":\"Reconoce MX\"},\"image\":{\"@id\":\"http:\/\/www.reconoce.mx\/#\/schema\/logo\/image\/\"},\"sameAs\":[\"https:\/\/es-la.facebook.com\/ReconoceMX\/\",\"https:\/\/x.com\/reconocemx\",\"http:\/\/@reconocemx\"]},{\"@type\":\"Person\",\"@id\":\"http:\/\/www.reconoce.mx\/#\/schema\/person\/2117e997d7051dc15d6880eaf9bca0b2\",\"name\":\"Reconoce MX\",\"image\":{\"@type\":\"ImageObject\",\"inLanguage\":\"es\",\"@id\":\"http:\/\/www.reconoce.mx\/#\/schema\/person\/image\/\",\"url\":\"https:\/\/secure.gravatar.com\/avatar\/6c8d4dc7569ca1c90c5fdcc349f839d5ddef6fe1e70b4337ead2ef1a4c43fc3a?s=96&d=identicon&r=g\",\"contentUrl\":\"https:\/\/secure.gravatar.com\/avatar\/6c8d4dc7569ca1c90c5fdcc349f839d5ddef6fe1e70b4337ead2ef1a4c43fc3a?s=96&d=identicon&r=g\",\"caption\":\"Reconoce MX\"},\"description\":\"Reconoce MX es un proyecto de difusi\u00f3n art\u00edstica, cultural y de conciencia social que est\u00e1 enfocado a difundir y fomentar el entretenimiento alternativo de calidad para todo el p\u00fablico que comparta el mismo entusiasmo.\",\"sameAs\":[\"http:\/\/www.reconoce.mx\"],\"url\":\"https:\/\/www.reconoce.mx\/?author=2\"}]}<\/script>\n<!-- \/ Yoast SEO plugin. -->","yoast_head_json":{"title":"La Mole, una fiesta para todos &#171; Reconoce MX","robots":{"index":"index","follow":"follow","max-snippet":"max-snippet:-1","max-image-preview":"max-image-preview:large","max-video-preview":"max-video-preview:-1"},"canonical":"http:\/\/www.reconoce.mx\/?p=21004","og_locale":"es_ES","og_type":"article","og_title":"La Mole, una fiesta para todos &#171; Reconoce MX","og_description":"Chicos, medianos y grandes; en realidad todos tienen una raz\u00f3n poderosa para asistir a La Mole Comic Con. Lo que queda claro es que al mexicano se le dan bien estos eventos.","og_url":"http:\/\/www.reconoce.mx\/?p=21004","og_site_name":"Reconoce MX","article_publisher":"https:\/\/es-la.facebook.com\/ReconoceMX\/","article_published_time":"2013-07-26T09:00:47+00:00","article_modified_time":"2013-08-02T04:39:18+00:00","og_image":[{"width":649,"height":301,"url":"http:\/\/www.reconoce.mx\/wp-content\/uploads\/lamole.png","type":"image\/png"}],"author":"Reconoce MX","twitter_card":"summary_large_image","twitter_creator":"@reconocemx","twitter_site":"@reconocemx","twitter_misc":{"Escrito por":"Reconoce MX","Tiempo de lectura":"2 minutos"},"schema":{"@context":"https:\/\/schema.org","@graph":[{"@type":"Article","@id":"http:\/\/www.reconoce.mx\/?p=21004#article","isPartOf":{"@id":"http:\/\/www.reconoce.mx\/?p=21004"},"author":{"name":"Reconoce MX","@id":"http:\/\/www.reconoce.mx\/#\/schema\/person\/2117e997d7051dc15d6880eaf9bca0b2"},"headline":"La Mole, una fiesta para todos","datePublished":"2013-07-26T09:00:47+00:00","dateModified":"2013-08-02T04:39:18+00:00","mainEntityOfPage":{"@id":"http:\/\/www.reconoce.mx\/?p=21004"},"wordCount":377,"commentCount":0,"publisher":{"@id":"http:\/\/www.reconoce.mx\/#organization"},"image":{"@id":"http:\/\/www.reconoce.mx\/?p=21004#primaryimage"},"thumbnailUrl":"https:\/\/www.reconoce.mx\/wp-content\/uploads\/lamole.png","keywords":["Comic Con","c\u00f3mics","convenci\u00f3n","historietas","La Mole"],"articleSection":["C\u00f3mics","Cultura"],"inLanguage":"es","potentialAction":[{"@type":"CommentAction","name":"Comment","target":["http:\/\/www.reconoce.mx\/?p=21004#respond"]}]},{"@type":"WebPage","@id":"http:\/\/www.reconoce.mx\/?p=21004","url":"http:\/\/www.reconoce.mx\/?p=21004","name":"La Mole, una fiesta para todos &#171; Reconoce MX","isPartOf":{"@id":"http:\/\/www.reconoce.mx\/#website"},"primaryImageOfPage":{"@id":"http:\/\/www.reconoce.mx\/?p=21004#primaryimage"},"image":{"@id":"http:\/\/www.reconoce.mx\/?p=21004#primaryimage"},"thumbnailUrl":"https:\/\/www.reconoce.mx\/wp-content\/uploads\/lamole.png","datePublished":"2013-07-26T09:00:47+00:00","dateModified":"2013-08-02T04:39:18+00:00","breadcrumb":{"@id":"http:\/\/www.reconoce.mx\/?p=21004#breadcrumb"},"inLanguage":"es","potentialAction":[{"@type":"ReadAction","target":["http:\/\/www.reconoce.mx\/?p=21004"]}]},{"@type":"ImageObject","inLanguage":"es","@id":"http:\/\/www.reconoce.mx\/?p=21004#primaryimage","url":"https:\/\/www.reconoce.mx\/wp-content\/uploads\/lamole.png","contentUrl":"https:\/\/www.reconoce.mx\/wp-content\/uploads\/lamole.png","width":649,"height":301,"caption":"La Mole, una fiesta para todos."},{"@type":"BreadcrumbList","@id":"http:\/\/www.reconoce.mx\/?p=21004#breadcrumb","itemListElement":[{"@type":"ListItem","position":1,"name":"Portada","item":"http:\/\/www.reconoce.mx\/"},{"@type":"ListItem","position":2,"name":"La Mole, una fiesta para todos"}]},{"@type":"WebSite","@id":"http:\/\/www.reconoce.mx\/#website","url":"http:\/\/www.reconoce.mx\/","name":"Reconoce MX","description":"En Reconoce MX difundimos arte, cultura y conciencia social en M\u00e9xico. Tu ciudad en otra perspectiva.","publisher":{"@id":"http:\/\/www.reconoce.mx\/#organization"},"potentialAction":[{"@type":"SearchAction","target":{"@type":"EntryPoint","urlTemplate":"http:\/\/www.reconoce.mx\/?s={search_term_string}"},"query-input":{"@type":"PropertyValueSpecification","valueRequired":true,"valueName":"search_term_string"}}],"inLanguage":"es"},{"@type":"Organization","@id":"http:\/\/www.reconoce.mx\/#organization","name":"Reconoce MX","url":"http:\/\/www.reconoce.mx\/","logo":{"@type":"ImageObject","inLanguage":"es","@id":"http:\/\/www.reconoce.mx\/#\/schema\/logo\/image\/","url":"https:\/\/www.reconoce.mx\/wp-content\/uploads\/2019\/03\/logorcmx-good-1.png","contentUrl":"https:\/\/www.reconoce.mx\/wp-content\/uploads\/2019\/03\/logorcmx-good-1.png","width":280,"height":90,"caption":"Reconoce MX"},"image":{"@id":"http:\/\/www.reconoce.mx\/#\/schema\/logo\/image\/"},"sameAs":["https:\/\/es-la.facebook.com\/ReconoceMX\/","https:\/\/x.com\/reconocemx","http:\/\/@reconocemx"]},{"@type":"Person","@id":"http:\/\/www.reconoce.mx\/#\/schema\/person\/2117e997d7051dc15d6880eaf9bca0b2","name":"Reconoce MX","image":{"@type":"ImageObject","inLanguage":"es","@id":"http:\/\/www.reconoce.mx\/#\/schema\/person\/image\/","url":"https:\/\/secure.gravatar.com\/avatar\/6c8d4dc7569ca1c90c5fdcc349f839d5ddef6fe1e70b4337ead2ef1a4c43fc3a?s=96&d=identicon&r=g","contentUrl":"https:\/\/secure.gravatar.com\/avatar\/6c8d4dc7569ca1c90c5fdcc349f839d5ddef6fe1e70b4337ead2ef1a4c43fc3a?s=96&d=identicon&r=g","caption":"Reconoce MX"},"description":"Reconoce MX es un proyecto de difusi\u00f3n art\u00edstica, cultural y de conciencia social que est\u00e1 enfocado a difundir y fomentar el entretenimiento alternativo de calidad para todo el p\u00fablico que comparta el mismo entusiasmo.","sameAs":["http:\/\/www.reconoce.mx"],"url":"https:\/\/www.reconoce.mx\/?author=2"}]}},"_links":{"self":[{"href":"https:\/\/www.reconoce.mx\/index.php?rest_route=\/wp\/v2\/posts\/21004","targetHints":{"allow":["GET"]}}],"collection":[{"href":"https:\/\/www.reconoce.mx\/index.php?rest_route=\/wp\/v2\/posts"}],"about":[{"href":"https:\/\/www.reconoce.mx\/index.php?rest_route=\/wp\/v2\/types\/post"}],"author":[{"embeddable":true,"href":"https:\/\/www.reconoce.mx\/index.php?rest_route=\/wp\/v2\/users\/2"}],"replies":[{"embeddable":true,"href":"https:\/\/www.reconoce.mx\/index.php?rest_route=%2Fwp%2Fv2%2Fcomments&post=21004"}],"version-history":[{"count":9,"href":"https:\/\/www.reconoce.mx\/index.php?rest_route=\/wp\/v2\/posts\/21004\/revisions"}],"predecessor-version":[{"id":21249,"href":"https:\/\/www.reconoce.mx\/index.php?rest_route=\/wp\/v2\/posts\/21004\/revisions\/21249"}],"wp:featuredmedia":[{"embeddable":true,"href":"https:\/\/www.reconoce.mx\/index.php?rest_route=\/wp\/v2\/media\/21005"}],"wp:attachment":[{"href":"https:\/\/www.reconoce.mx\/index.php?rest_route=%2Fwp%2Fv2%2Fmedia&parent=21004"}],"wp:term":[{"taxonomy":"category","embeddable":true,"href":"https:\/\/www.reconoce.mx\/index.php?rest_route=%2Fwp%2Fv2%2Fcategories&post=21004"},{"taxonomy":"post_tag","embeddable":true,"href":"https:\/\/www.reconoce.mx\/index.php?rest_route=%2Fwp%2Fv2%2Ftags&post=21004"}],"curies":[{"name":"wp","href":"https:\/\/api.w.org\/{rel}","templated":true}]}}