{"id":23682,"date":"2013-10-22T01:00:14","date_gmt":"2013-10-22T06:00:14","guid":{"rendered":"http:\/\/www.reconoce.mx\/?p=23682"},"modified":"2013-10-23T08:48:43","modified_gmt":"2013-10-23T13:48:43","slug":"llega-el-cuarto-mictlan-dub-fest","status":"publish","type":"post","link":"https:\/\/www.reconoce.mx\/?p=23682","title":{"rendered":"Llega el cuarto &#8216;Mictl\u00e1n Dub Fest&#8217;"},"content":{"rendered":"<ul id=\"botones-home\">\n<li><script type=\"text\/javascript\" src=\"https:\/\/apis.google.com\/js\/plusone.js\"><\/script><g:plusone width=\"55\" height=\"20\" href=\"http:\/\/www.reconoce.mx\/llega-el-cuarto-mictlan-dub-fest\/\"><\/g:plusone><\/li>\n<li><a href=\"http:\/\/twitter.com\/share\" class=\"twitter-share-button\" data-url=\"http:\/\/www.reconoce.mx\/llega-el-cuarto-mictlan-dub-fest\/\" data-count=\"horizontal\" data-via=\"reconocemx\" data-lang=\"es\">Tweet<\/a><script type=\"text\/javascript\" src=\"http:\/\/platform.twitter.com\/widgets.js\"><\/script><\/li>\n<div class=\"fb-like\" data-href=\"http:\/\/www.reconoce.mx\/llega-el-cuarto-mictlan-dub-fest\/\" data-send=\"true\" data-width=\"450\" data-show-faces=\"true\"><\/div>\n<p><strong>Por <a title=\"@AsfaltosTweets \" href=\"https:\/\/twitter.com\/AsfaltosTweets\" target=\"_blank\">Asfaltos<\/a>.<\/strong><\/p>\n<p>El viernes 1 de noviembre en punto de las 20:00 horas se presenta la cuarta edici\u00f3n del <strong>Mictl\u00e1n Dub Fest<\/strong> presentado por la Hermandad Rasta. En esta ocasi\u00f3n el gran invitado ser\u00e1 la agrupaci\u00f3n Dub Syndicate, grupo ingl\u00e9s formado en el a\u00f1o 1982 por Adrian Sherwood, con colaboraci\u00f3n de Style Scott. El escenario es el <strong>Jos\u00e9 Cuervo Sal\u00f3n<\/strong>.<\/p>\n<p><iframe loading=\"lazy\" width=\"100%\" height=\"166\" scrolling=\"no\" frameborder=\"no\" src=\"https:\/\/w.soundcloud.com\/player\/?url=https%3A\/\/api.soundcloud.com\/tracks\/43364239&amp;color=ff0000&amp;auto_play=false&amp;show_artwork=true\"><\/iframe><\/p>\n<p><!--more--><div id=\"attachment_23683\" style=\"width: 610px\" class=\"wp-caption aligncenter\"><a href=\"http:\/\/www.reconoce.mx\/wp-content\/uploads\/dub-syndicate.png\"><img loading=\"lazy\" decoding=\"async\" aria-describedby=\"caption-attachment-23683\" class=\"size-full wp-image-23683\" alt=\"Llega el cuarto 'Mictl\u00e1n Dub Fest'.\" src=\"http:\/\/www.reconoce.mx\/wp-content\/uploads\/dub-syndicate.png\" width=\"600\" height=\"275\" srcset=\"https:\/\/www.reconoce.mx\/wp-content\/uploads\/dub-syndicate.png 655w, https:\/\/www.reconoce.mx\/wp-content\/uploads\/dub-syndicate-300x138.png 300w\" sizes=\"auto, (max-width: 600px) 100vw, 600px\" \/><\/a><p id=\"caption-attachment-23683\" class=\"wp-caption-text\">Llega el cuarto &#8216;Mictl\u00e1n Dub Fest&#8217;.<\/p><\/div><\/p>\n<p><strong>Adem\u00e1s participar\u00e1n desde Inglaterra, YT; desde Brasil, Digital Dubs; y como talento local los mexicanos Unidub Stazion, Manik B y Nagual Dub<\/strong>. Cabe resaltar el papel de Nagual Dub, proyecto que ha brillado con fuerza gracias a la inclusi\u00f3n de toques prehisp\u00e1nicos con invitados especiales; en esta ocasi\u00f3n ser\u00e1n los m\u00fasicos de Rastrillos y Tribu.<\/p>\n<p>Mictl\u00e1n Dub Fest es el<strong> producto del esfuerzo colectivo de Nagual Dub y la Hermandad Rasta<\/strong>, con el prop\u00f3sito de mostrar el desarrollo y crecimiento que ha tenido la cultura del dub digital y an\u00e1logo en M\u00e9xico, siempre con la participaci\u00f3n de grades invitados internacionales, pero sin dejar de brindar un aporte con toques afines a diversas manifestaciones culturales y de nuestras ra\u00edces prehisp\u00e1nicas.<\/p>\n<p><strong>La cita<\/strong>:<br \/>\nViernes 1 de noviembre 20:00 horas<br \/>\nSal\u00f3n Jos\u00e9 Cuervo<br \/>\nLago Andromaco 17, Col. Granada, Del. Miguel Hidalgo<br \/>\n<a title=\"Mictl\u00e1n Dub Fest\" href=\"http:\/\/www.mictlandubfest.com\/\" target=\"_blank\">www.mictlandubfest.com<\/a><\/p>\n<p>&nbsp;<\/p>\n<p>&nbsp;<\/p>\n","protected":false},"excerpt":{"rendered":"<p>El 1 de noviembre a las 20:00 horas se presenta la cuarta edici\u00f3n del Mictl\u00e1n Dub Fest presentado por la Hermandad Rasta. En esta ocasi\u00f3n el gran invitado ser\u00e1 la agrupaci\u00f3n Dub Syndicate.<\/p>\n","protected":false},"author":2,"featured_media":23683,"comment_status":"open","ping_status":"open","sticky":false,"template":"","format":"standard","meta":{"footnotes":""},"categories":[1,18],"tags":[2551,2552,2554,2550,2553],"class_list":["post-23682","post","type-post","status-publish","format-standard","has-post-thumbnail","hentry","category-cultura","category-musica","tag-dub","tag-hermanda-rasta","tag-jose-cuervo-salon","tag-mictlan-dub-fest","tag-style-scott"],"yoast_head":"<!-- This site is optimized with the Yoast SEO plugin v24.7 - https:\/\/yoast.com\/wordpress\/plugins\/seo\/ -->\n<title>Llega el cuarto &#039;Mictl\u00e1n Dub Fest&#039; &#171; Reconoce MX<\/title>\n<meta name=\"robots\" content=\"index, follow, max-snippet:-1, max-image-preview:large, max-video-preview:-1\" \/>\n<link rel=\"canonical\" href=\"http:\/\/www.reconoce.mx\/?p=23682\" \/>\n<meta property=\"og:locale\" content=\"es_ES\" \/>\n<meta property=\"og:type\" content=\"article\" \/>\n<meta property=\"og:title\" content=\"Llega el cuarto &#039;Mictl\u00e1n Dub Fest&#039; &#171; Reconoce MX\" \/>\n<meta property=\"og:description\" content=\"El 1 de noviembre a las 20:00 horas se presenta la cuarta edici\u00f3n del Mictl\u00e1n Dub Fest presentado por la Hermandad Rasta. En esta ocasi\u00f3n el gran invitado ser\u00e1 la agrupaci\u00f3n Dub Syndicate.\" \/>\n<meta property=\"og:url\" content=\"http:\/\/www.reconoce.mx\/?p=23682\" \/>\n<meta property=\"og:site_name\" content=\"Reconoce MX\" \/>\n<meta property=\"article:publisher\" content=\"https:\/\/es-la.facebook.com\/ReconoceMX\/\" \/>\n<meta property=\"article:published_time\" content=\"2013-10-22T06:00:14+00:00\" \/>\n<meta property=\"article:modified_time\" content=\"2013-10-23T13:48:43+00:00\" \/>\n<meta property=\"og:image\" content=\"http:\/\/www.reconoce.mx\/wp-content\/uploads\/dub-syndicate.png\" \/>\n\t<meta property=\"og:image:width\" content=\"655\" \/>\n\t<meta property=\"og:image:height\" content=\"301\" \/>\n\t<meta property=\"og:image:type\" content=\"image\/png\" \/>\n<meta name=\"author\" content=\"Reconoce MX\" \/>\n<meta name=\"twitter:card\" content=\"summary_large_image\" \/>\n<meta name=\"twitter:creator\" content=\"@reconocemx\" \/>\n<meta name=\"twitter:site\" content=\"@reconocemx\" \/>\n<meta name=\"twitter:label1\" content=\"Escrito por\" \/>\n\t<meta name=\"twitter:data1\" content=\"Reconoce MX\" \/>\n\t<meta name=\"twitter:label2\" content=\"Tiempo de lectura\" \/>\n\t<meta name=\"twitter:data2\" content=\"1 minuto\" \/>\n<script type=\"application\/ld+json\" class=\"yoast-schema-graph\">{\"@context\":\"https:\/\/schema.org\",\"@graph\":[{\"@type\":\"Article\",\"@id\":\"http:\/\/www.reconoce.mx\/?p=23682#article\",\"isPartOf\":{\"@id\":\"http:\/\/www.reconoce.mx\/?p=23682\"},\"author\":{\"name\":\"Reconoce MX\",\"@id\":\"http:\/\/www.reconoce.mx\/#\/schema\/person\/2117e997d7051dc15d6880eaf9bca0b2\"},\"headline\":\"Llega el cuarto &#8216;Mictl\u00e1n Dub Fest&#8217;\",\"datePublished\":\"2013-10-22T06:00:14+00:00\",\"dateModified\":\"2013-10-23T13:48:43+00:00\",\"mainEntityOfPage\":{\"@id\":\"http:\/\/www.reconoce.mx\/?p=23682\"},\"wordCount\":242,\"commentCount\":0,\"publisher\":{\"@id\":\"http:\/\/www.reconoce.mx\/#organization\"},\"image\":{\"@id\":\"http:\/\/www.reconoce.mx\/?p=23682#primaryimage\"},\"thumbnailUrl\":\"https:\/\/www.reconoce.mx\/wp-content\/uploads\/dub-syndicate.png\",\"keywords\":[\"Dub\",\"Hermanda Rasta\",\"Jos\u00e9 Cuervo Sal\u00f3n\",\"Mictl\u00e1n Dub Fest\",\"Style Scott\"],\"articleSection\":[\"Cultura\",\"M\u00fasica\"],\"inLanguage\":\"es\",\"potentialAction\":[{\"@type\":\"CommentAction\",\"name\":\"Comment\",\"target\":[\"http:\/\/www.reconoce.mx\/?p=23682#respond\"]}]},{\"@type\":\"WebPage\",\"@id\":\"http:\/\/www.reconoce.mx\/?p=23682\",\"url\":\"http:\/\/www.reconoce.mx\/?p=23682\",\"name\":\"Llega el cuarto 'Mictl\u00e1n Dub Fest' &#171; Reconoce MX\",\"isPartOf\":{\"@id\":\"http:\/\/www.reconoce.mx\/#website\"},\"primaryImageOfPage\":{\"@id\":\"http:\/\/www.reconoce.mx\/?p=23682#primaryimage\"},\"image\":{\"@id\":\"http:\/\/www.reconoce.mx\/?p=23682#primaryimage\"},\"thumbnailUrl\":\"https:\/\/www.reconoce.mx\/wp-content\/uploads\/dub-syndicate.png\",\"datePublished\":\"2013-10-22T06:00:14+00:00\",\"dateModified\":\"2013-10-23T13:48:43+00:00\",\"breadcrumb\":{\"@id\":\"http:\/\/www.reconoce.mx\/?p=23682#breadcrumb\"},\"inLanguage\":\"es\",\"potentialAction\":[{\"@type\":\"ReadAction\",\"target\":[\"http:\/\/www.reconoce.mx\/?p=23682\"]}]},{\"@type\":\"ImageObject\",\"inLanguage\":\"es\",\"@id\":\"http:\/\/www.reconoce.mx\/?p=23682#primaryimage\",\"url\":\"https:\/\/www.reconoce.mx\/wp-content\/uploads\/dub-syndicate.png\",\"contentUrl\":\"https:\/\/www.reconoce.mx\/wp-content\/uploads\/dub-syndicate.png\",\"width\":655,\"height\":301,\"caption\":\"Llega el cuarto 'Mictl\u00e1n Dub Fest'.\"},{\"@type\":\"BreadcrumbList\",\"@id\":\"http:\/\/www.reconoce.mx\/?p=23682#breadcrumb\",\"itemListElement\":[{\"@type\":\"ListItem\",\"position\":1,\"name\":\"Portada\",\"item\":\"http:\/\/www.reconoce.mx\/\"},{\"@type\":\"ListItem\",\"position\":2,\"name\":\"Llega el cuarto &#8216;Mictl\u00e1n Dub Fest&#8217;\"}]},{\"@type\":\"WebSite\",\"@id\":\"http:\/\/www.reconoce.mx\/#website\",\"url\":\"http:\/\/www.reconoce.mx\/\",\"name\":\"Reconoce MX\",\"description\":\"En Reconoce MX difundimos arte, cultura y conciencia social en M\u00e9xico. Tu ciudad en otra perspectiva.\",\"publisher\":{\"@id\":\"http:\/\/www.reconoce.mx\/#organization\"},\"potentialAction\":[{\"@type\":\"SearchAction\",\"target\":{\"@type\":\"EntryPoint\",\"urlTemplate\":\"http:\/\/www.reconoce.mx\/?s={search_term_string}\"},\"query-input\":{\"@type\":\"PropertyValueSpecification\",\"valueRequired\":true,\"valueName\":\"search_term_string\"}}],\"inLanguage\":\"es\"},{\"@type\":\"Organization\",\"@id\":\"http:\/\/www.reconoce.mx\/#organization\",\"name\":\"Reconoce MX\",\"url\":\"http:\/\/www.reconoce.mx\/\",\"logo\":{\"@type\":\"ImageObject\",\"inLanguage\":\"es\",\"@id\":\"http:\/\/www.reconoce.mx\/#\/schema\/logo\/image\/\",\"url\":\"https:\/\/www.reconoce.mx\/wp-content\/uploads\/2019\/03\/logorcmx-good-1.png\",\"contentUrl\":\"https:\/\/www.reconoce.mx\/wp-content\/uploads\/2019\/03\/logorcmx-good-1.png\",\"width\":280,\"height\":90,\"caption\":\"Reconoce MX\"},\"image\":{\"@id\":\"http:\/\/www.reconoce.mx\/#\/schema\/logo\/image\/\"},\"sameAs\":[\"https:\/\/es-la.facebook.com\/ReconoceMX\/\",\"https:\/\/x.com\/reconocemx\",\"http:\/\/@reconocemx\"]},{\"@type\":\"Person\",\"@id\":\"http:\/\/www.reconoce.mx\/#\/schema\/person\/2117e997d7051dc15d6880eaf9bca0b2\",\"name\":\"Reconoce MX\",\"image\":{\"@type\":\"ImageObject\",\"inLanguage\":\"es\",\"@id\":\"http:\/\/www.reconoce.mx\/#\/schema\/person\/image\/\",\"url\":\"https:\/\/secure.gravatar.com\/avatar\/6c8d4dc7569ca1c90c5fdcc349f839d5ddef6fe1e70b4337ead2ef1a4c43fc3a?s=96&d=identicon&r=g\",\"contentUrl\":\"https:\/\/secure.gravatar.com\/avatar\/6c8d4dc7569ca1c90c5fdcc349f839d5ddef6fe1e70b4337ead2ef1a4c43fc3a?s=96&d=identicon&r=g\",\"caption\":\"Reconoce MX\"},\"description\":\"Reconoce MX es un proyecto de difusi\u00f3n art\u00edstica, cultural y de conciencia social que est\u00e1 enfocado a difundir y fomentar el entretenimiento alternativo de calidad para todo el p\u00fablico que comparta el mismo entusiasmo.\",\"sameAs\":[\"http:\/\/www.reconoce.mx\"],\"url\":\"https:\/\/www.reconoce.mx\/?author=2\"}]}<\/script>\n<!-- \/ Yoast SEO plugin. -->","yoast_head_json":{"title":"Llega el cuarto 'Mictl\u00e1n Dub Fest' &#171; Reconoce MX","robots":{"index":"index","follow":"follow","max-snippet":"max-snippet:-1","max-image-preview":"max-image-preview:large","max-video-preview":"max-video-preview:-1"},"canonical":"http:\/\/www.reconoce.mx\/?p=23682","og_locale":"es_ES","og_type":"article","og_title":"Llega el cuarto 'Mictl\u00e1n Dub Fest' &#171; Reconoce MX","og_description":"El 1 de noviembre a las 20:00 horas se presenta la cuarta edici\u00f3n del Mictl\u00e1n Dub Fest presentado por la Hermandad Rasta. En esta ocasi\u00f3n el gran invitado ser\u00e1 la agrupaci\u00f3n Dub Syndicate.","og_url":"http:\/\/www.reconoce.mx\/?p=23682","og_site_name":"Reconoce MX","article_publisher":"https:\/\/es-la.facebook.com\/ReconoceMX\/","article_published_time":"2013-10-22T06:00:14+00:00","article_modified_time":"2013-10-23T13:48:43+00:00","og_image":[{"width":655,"height":301,"url":"http:\/\/www.reconoce.mx\/wp-content\/uploads\/dub-syndicate.png","type":"image\/png"}],"author":"Reconoce MX","twitter_card":"summary_large_image","twitter_creator":"@reconocemx","twitter_site":"@reconocemx","twitter_misc":{"Escrito por":"Reconoce MX","Tiempo de lectura":"1 minuto"},"schema":{"@context":"https:\/\/schema.org","@graph":[{"@type":"Article","@id":"http:\/\/www.reconoce.mx\/?p=23682#article","isPartOf":{"@id":"http:\/\/www.reconoce.mx\/?p=23682"},"author":{"name":"Reconoce MX","@id":"http:\/\/www.reconoce.mx\/#\/schema\/person\/2117e997d7051dc15d6880eaf9bca0b2"},"headline":"Llega el cuarto &#8216;Mictl\u00e1n Dub Fest&#8217;","datePublished":"2013-10-22T06:00:14+00:00","dateModified":"2013-10-23T13:48:43+00:00","mainEntityOfPage":{"@id":"http:\/\/www.reconoce.mx\/?p=23682"},"wordCount":242,"commentCount":0,"publisher":{"@id":"http:\/\/www.reconoce.mx\/#organization"},"image":{"@id":"http:\/\/www.reconoce.mx\/?p=23682#primaryimage"},"thumbnailUrl":"https:\/\/www.reconoce.mx\/wp-content\/uploads\/dub-syndicate.png","keywords":["Dub","Hermanda Rasta","Jos\u00e9 Cuervo Sal\u00f3n","Mictl\u00e1n Dub Fest","Style Scott"],"articleSection":["Cultura","M\u00fasica"],"inLanguage":"es","potentialAction":[{"@type":"CommentAction","name":"Comment","target":["http:\/\/www.reconoce.mx\/?p=23682#respond"]}]},{"@type":"WebPage","@id":"http:\/\/www.reconoce.mx\/?p=23682","url":"http:\/\/www.reconoce.mx\/?p=23682","name":"Llega el cuarto 'Mictl\u00e1n Dub Fest' &#171; Reconoce MX","isPartOf":{"@id":"http:\/\/www.reconoce.mx\/#website"},"primaryImageOfPage":{"@id":"http:\/\/www.reconoce.mx\/?p=23682#primaryimage"},"image":{"@id":"http:\/\/www.reconoce.mx\/?p=23682#primaryimage"},"thumbnailUrl":"https:\/\/www.reconoce.mx\/wp-content\/uploads\/dub-syndicate.png","datePublished":"2013-10-22T06:00:14+00:00","dateModified":"2013-10-23T13:48:43+00:00","breadcrumb":{"@id":"http:\/\/www.reconoce.mx\/?p=23682#breadcrumb"},"inLanguage":"es","potentialAction":[{"@type":"ReadAction","target":["http:\/\/www.reconoce.mx\/?p=23682"]}]},{"@type":"ImageObject","inLanguage":"es","@id":"http:\/\/www.reconoce.mx\/?p=23682#primaryimage","url":"https:\/\/www.reconoce.mx\/wp-content\/uploads\/dub-syndicate.png","contentUrl":"https:\/\/www.reconoce.mx\/wp-content\/uploads\/dub-syndicate.png","width":655,"height":301,"caption":"Llega el cuarto 'Mictl\u00e1n Dub Fest'."},{"@type":"BreadcrumbList","@id":"http:\/\/www.reconoce.mx\/?p=23682#breadcrumb","itemListElement":[{"@type":"ListItem","position":1,"name":"Portada","item":"http:\/\/www.reconoce.mx\/"},{"@type":"ListItem","position":2,"name":"Llega el cuarto &#8216;Mictl\u00e1n Dub Fest&#8217;"}]},{"@type":"WebSite","@id":"http:\/\/www.reconoce.mx\/#website","url":"http:\/\/www.reconoce.mx\/","name":"Reconoce MX","description":"En Reconoce MX difundimos arte, cultura y conciencia social en M\u00e9xico. Tu ciudad en otra perspectiva.","publisher":{"@id":"http:\/\/www.reconoce.mx\/#organization"},"potentialAction":[{"@type":"SearchAction","target":{"@type":"EntryPoint","urlTemplate":"http:\/\/www.reconoce.mx\/?s={search_term_string}"},"query-input":{"@type":"PropertyValueSpecification","valueRequired":true,"valueName":"search_term_string"}}],"inLanguage":"es"},{"@type":"Organization","@id":"http:\/\/www.reconoce.mx\/#organization","name":"Reconoce MX","url":"http:\/\/www.reconoce.mx\/","logo":{"@type":"ImageObject","inLanguage":"es","@id":"http:\/\/www.reconoce.mx\/#\/schema\/logo\/image\/","url":"https:\/\/www.reconoce.mx\/wp-content\/uploads\/2019\/03\/logorcmx-good-1.png","contentUrl":"https:\/\/www.reconoce.mx\/wp-content\/uploads\/2019\/03\/logorcmx-good-1.png","width":280,"height":90,"caption":"Reconoce MX"},"image":{"@id":"http:\/\/www.reconoce.mx\/#\/schema\/logo\/image\/"},"sameAs":["https:\/\/es-la.facebook.com\/ReconoceMX\/","https:\/\/x.com\/reconocemx","http:\/\/@reconocemx"]},{"@type":"Person","@id":"http:\/\/www.reconoce.mx\/#\/schema\/person\/2117e997d7051dc15d6880eaf9bca0b2","name":"Reconoce MX","image":{"@type":"ImageObject","inLanguage":"es","@id":"http:\/\/www.reconoce.mx\/#\/schema\/person\/image\/","url":"https:\/\/secure.gravatar.com\/avatar\/6c8d4dc7569ca1c90c5fdcc349f839d5ddef6fe1e70b4337ead2ef1a4c43fc3a?s=96&d=identicon&r=g","contentUrl":"https:\/\/secure.gravatar.com\/avatar\/6c8d4dc7569ca1c90c5fdcc349f839d5ddef6fe1e70b4337ead2ef1a4c43fc3a?s=96&d=identicon&r=g","caption":"Reconoce MX"},"description":"Reconoce MX es un proyecto de difusi\u00f3n art\u00edstica, cultural y de conciencia social que est\u00e1 enfocado a difundir y fomentar el entretenimiento alternativo de calidad para todo el p\u00fablico que comparta el mismo entusiasmo.","sameAs":["http:\/\/www.reconoce.mx"],"url":"https:\/\/www.reconoce.mx\/?author=2"}]}},"_links":{"self":[{"href":"https:\/\/www.reconoce.mx\/index.php?rest_route=\/wp\/v2\/posts\/23682","targetHints":{"allow":["GET"]}}],"collection":[{"href":"https:\/\/www.reconoce.mx\/index.php?rest_route=\/wp\/v2\/posts"}],"about":[{"href":"https:\/\/www.reconoce.mx\/index.php?rest_route=\/wp\/v2\/types\/post"}],"author":[{"embeddable":true,"href":"https:\/\/www.reconoce.mx\/index.php?rest_route=\/wp\/v2\/users\/2"}],"replies":[{"embeddable":true,"href":"https:\/\/www.reconoce.mx\/index.php?rest_route=%2Fwp%2Fv2%2Fcomments&post=23682"}],"version-history":[{"count":8,"href":"https:\/\/www.reconoce.mx\/index.php?rest_route=\/wp\/v2\/posts\/23682\/revisions"}],"predecessor-version":[{"id":23872,"href":"https:\/\/www.reconoce.mx\/index.php?rest_route=\/wp\/v2\/posts\/23682\/revisions\/23872"}],"wp:featuredmedia":[{"embeddable":true,"href":"https:\/\/www.reconoce.mx\/index.php?rest_route=\/wp\/v2\/media\/23683"}],"wp:attachment":[{"href":"https:\/\/www.reconoce.mx\/index.php?rest_route=%2Fwp%2Fv2%2Fmedia&parent=23682"}],"wp:term":[{"taxonomy":"category","embeddable":true,"href":"https:\/\/www.reconoce.mx\/index.php?rest_route=%2Fwp%2Fv2%2Fcategories&post=23682"},{"taxonomy":"post_tag","embeddable":true,"href":"https:\/\/www.reconoce.mx\/index.php?rest_route=%2Fwp%2Fv2%2Ftags&post=23682"}],"curies":[{"name":"wp","href":"https:\/\/api.w.org\/{rel}","templated":true}]}}