{"id":23927,"date":"2013-10-29T03:00:19","date_gmt":"2013-10-29T09:00:19","guid":{"rendered":"http:\/\/www.reconoce.mx\/?p=23927"},"modified":"2017-11-01T08:23:40","modified_gmt":"2017-11-01T14:23:40","slug":"la-historia-de-la-calaverita-de-azucar","status":"publish","type":"post","link":"https:\/\/www.reconoce.mx\/?p=23927","title":{"rendered":"La historia de la calaverita de az\u00facar"},"content":{"rendered":"<p><strong>Por\u00a0<a title=\"@enriquefa86\" href=\"https:\/\/twitter.com\/enriquefa86\" target=\"_blank\" rel=\"noopener\">Enrique Figueroa Anaya<\/a>.<\/strong><\/p>\n<p>Se trata de uno de los elementos m\u00e1s tradicionales en las ofrendas con motivo del D\u00eda de Muertos. <strong>Las t\u00edpicas son de az\u00facar, pero tambi\u00e9n las hay de amaranto y chocolate<\/strong>. Las calaveritas son sin duda uno de los elementos prehisp\u00e1nicos de una de las fiestas mestizas m\u00e1s importantes en nuestro pa\u00eds; parte fundamental del tzompantli ind\u00edgena, las calaveras han sobrevivido el paso del tiempo.<\/p>\n<p>Para los mexicas el uso de calaveras era fundamental. <strong>Hab\u00eda cr\u00e1neos de quienes hab\u00edan sido sacrificados a lo largo de una hilera en el tzompantli, altar prehisp\u00e1nico, que se colocaba en honor a los dioses<\/strong>; la imagen de Mictlantecuhtli, se\u00f1or del inframundo, no pod\u00eda faltar en la escena.<\/p>\n<p>Una vez que los espa\u00f1oles llegaron al territorio que hoy ocupa M\u00e9xico se prohibieron muchos de los elementos ajenos a la tradici\u00f3n cat\u00f3lica; sin embargo muchos de esos s\u00edmbolos persistieron, si bien no de la misma manera, si transform\u00e1ndose como en el caso de las calaveritas de az\u00facar. Un factor importante para que las fiestas de los muertos prehisp\u00e1nicas sobrevivieran fue la <strong>coincidencia de \u00e9stas con el D\u00eda de los Fieles Difuntos celebrado en el calendario cat\u00f3lico<\/strong>.<\/p>\n<h2>\u00bfDe qu\u00e9 est\u00e1n hechas las calaveritas de az\u00facar?<\/h2>\n<p>El dulce se realiza con <strong>una base de az\u00facar de ca\u00f1a y un poco de lim\u00f3n<\/strong>. Al hacerse pasta \u00e9sta, se vierte en un molde con forma de cr\u00e1neo para ser posteriormente adornada con az\u00facar glass de colores que le dan vida a la figurita. Guanajuato, Estado de M\u00e9xico y Morelos son algunos de los sitios m\u00e1s tradicionales de la calaverita de az\u00facar.<\/p>\n<p>&nbsp;<\/p>\n<p>&nbsp;<\/p>\n","protected":false},"excerpt":{"rendered":"<p>Se trata de uno de los elementos m\u00e1s tradicionales en las ofrendas con motivo del D\u00eda de Muertos. Las t\u00edpicas son de az\u00facar, pero tambi\u00e9n las hay de amaranto y chocolate. <\/p>\n","protected":false},"author":2,"featured_media":23929,"comment_status":"open","ping_status":"open","sticky":false,"template":"","format":"standard","meta":{"footnotes":""},"categories":[1,157],"tags":[],"class_list":["post-23927","post","type-post","status-publish","format-standard","has-post-thumbnail","hentry","category-cultura","category-historia"],"yoast_head":"<!-- This site is optimized with the Yoast SEO plugin v24.7 - https:\/\/yoast.com\/wordpress\/plugins\/seo\/ -->\n<title>La historia de la calaverita de az\u00facar &#171; Reconoce MX<\/title>\n<meta name=\"robots\" content=\"index, follow, max-snippet:-1, max-image-preview:large, max-video-preview:-1\" \/>\n<link rel=\"canonical\" href=\"https:\/\/www.reconoce.mx\/?p=23927\" \/>\n<meta property=\"og:locale\" content=\"es_ES\" \/>\n<meta property=\"og:type\" content=\"article\" \/>\n<meta property=\"og:title\" content=\"La historia de la calaverita de az\u00facar &#171; Reconoce MX\" \/>\n<meta property=\"og:description\" content=\"Se trata de uno de los elementos m\u00e1s tradicionales en las ofrendas con motivo del D\u00eda de Muertos. Las t\u00edpicas son de az\u00facar, pero tambi\u00e9n las hay de amaranto y chocolate.\" \/>\n<meta property=\"og:url\" content=\"https:\/\/www.reconoce.mx\/?p=23927\" \/>\n<meta property=\"og:site_name\" content=\"Reconoce MX\" \/>\n<meta property=\"article:publisher\" content=\"https:\/\/es-la.facebook.com\/ReconoceMX\/\" \/>\n<meta property=\"article:published_time\" content=\"2013-10-29T09:00:19+00:00\" \/>\n<meta property=\"article:modified_time\" content=\"2017-11-01T14:23:40+00:00\" \/>\n<meta property=\"og:image\" content=\"https:\/\/www.reconoce.mx\/wp-content\/uploads\/calaverita-azucar.png\" \/>\n\t<meta property=\"og:image:width\" content=\"649\" \/>\n\t<meta property=\"og:image:height\" content=\"301\" \/>\n\t<meta property=\"og:image:type\" content=\"image\/png\" \/>\n<meta name=\"author\" content=\"Reconoce MX\" \/>\n<meta name=\"twitter:card\" content=\"summary_large_image\" \/>\n<meta name=\"twitter:creator\" content=\"@reconocemx\" \/>\n<meta name=\"twitter:site\" content=\"@reconocemx\" \/>\n<meta name=\"twitter:label1\" content=\"Escrito por\" \/>\n\t<meta name=\"twitter:data1\" content=\"Reconoce MX\" \/>\n\t<meta name=\"twitter:label2\" content=\"Tiempo de lectura\" \/>\n\t<meta name=\"twitter:data2\" content=\"2 minutos\" \/>\n<script type=\"application\/ld+json\" class=\"yoast-schema-graph\">{\"@context\":\"https:\/\/schema.org\",\"@graph\":[{\"@type\":\"Article\",\"@id\":\"https:\/\/www.reconoce.mx\/?p=23927#article\",\"isPartOf\":{\"@id\":\"https:\/\/www.reconoce.mx\/?p=23927\"},\"author\":{\"name\":\"Reconoce MX\",\"@id\":\"http:\/\/www.reconoce.mx\/#\/schema\/person\/2117e997d7051dc15d6880eaf9bca0b2\"},\"headline\":\"La historia de la calaverita de az\u00facar\",\"datePublished\":\"2013-10-29T09:00:19+00:00\",\"dateModified\":\"2017-11-01T14:23:40+00:00\",\"mainEntityOfPage\":{\"@id\":\"https:\/\/www.reconoce.mx\/?p=23927\"},\"wordCount\":310,\"commentCount\":0,\"publisher\":{\"@id\":\"http:\/\/www.reconoce.mx\/#organization\"},\"image\":{\"@id\":\"https:\/\/www.reconoce.mx\/?p=23927#primaryimage\"},\"thumbnailUrl\":\"https:\/\/www.reconoce.mx\/wp-content\/uploads\/calaverita-azucar.png\",\"articleSection\":[\"Cultura\",\"Historia\"],\"inLanguage\":\"es\",\"potentialAction\":[{\"@type\":\"CommentAction\",\"name\":\"Comment\",\"target\":[\"https:\/\/www.reconoce.mx\/?p=23927#respond\"]}]},{\"@type\":\"WebPage\",\"@id\":\"https:\/\/www.reconoce.mx\/?p=23927\",\"url\":\"https:\/\/www.reconoce.mx\/?p=23927\",\"name\":\"La historia de la calaverita de az\u00facar &#171; Reconoce MX\",\"isPartOf\":{\"@id\":\"http:\/\/www.reconoce.mx\/#website\"},\"primaryImageOfPage\":{\"@id\":\"https:\/\/www.reconoce.mx\/?p=23927#primaryimage\"},\"image\":{\"@id\":\"https:\/\/www.reconoce.mx\/?p=23927#primaryimage\"},\"thumbnailUrl\":\"https:\/\/www.reconoce.mx\/wp-content\/uploads\/calaverita-azucar.png\",\"datePublished\":\"2013-10-29T09:00:19+00:00\",\"dateModified\":\"2017-11-01T14:23:40+00:00\",\"breadcrumb\":{\"@id\":\"https:\/\/www.reconoce.mx\/?p=23927#breadcrumb\"},\"inLanguage\":\"es\",\"potentialAction\":[{\"@type\":\"ReadAction\",\"target\":[\"https:\/\/www.reconoce.mx\/?p=23927\"]}]},{\"@type\":\"ImageObject\",\"inLanguage\":\"es\",\"@id\":\"https:\/\/www.reconoce.mx\/?p=23927#primaryimage\",\"url\":\"https:\/\/www.reconoce.mx\/wp-content\/uploads\/calaverita-azucar.png\",\"contentUrl\":\"https:\/\/www.reconoce.mx\/wp-content\/uploads\/calaverita-azucar.png\",\"width\":649,\"height\":301,\"caption\":\"La historia de la calaverita de az\u00facar.\"},{\"@type\":\"BreadcrumbList\",\"@id\":\"https:\/\/www.reconoce.mx\/?p=23927#breadcrumb\",\"itemListElement\":[{\"@type\":\"ListItem\",\"position\":1,\"name\":\"Portada\",\"item\":\"http:\/\/www.reconoce.mx\/\"},{\"@type\":\"ListItem\",\"position\":2,\"name\":\"La historia de la calaverita de az\u00facar\"}]},{\"@type\":\"WebSite\",\"@id\":\"http:\/\/www.reconoce.mx\/#website\",\"url\":\"http:\/\/www.reconoce.mx\/\",\"name\":\"Reconoce MX\",\"description\":\"En Reconoce MX difundimos arte, cultura y conciencia social en M\u00e9xico. Tu ciudad en otra perspectiva.\",\"publisher\":{\"@id\":\"http:\/\/www.reconoce.mx\/#organization\"},\"potentialAction\":[{\"@type\":\"SearchAction\",\"target\":{\"@type\":\"EntryPoint\",\"urlTemplate\":\"http:\/\/www.reconoce.mx\/?s={search_term_string}\"},\"query-input\":{\"@type\":\"PropertyValueSpecification\",\"valueRequired\":true,\"valueName\":\"search_term_string\"}}],\"inLanguage\":\"es\"},{\"@type\":\"Organization\",\"@id\":\"http:\/\/www.reconoce.mx\/#organization\",\"name\":\"Reconoce MX\",\"url\":\"http:\/\/www.reconoce.mx\/\",\"logo\":{\"@type\":\"ImageObject\",\"inLanguage\":\"es\",\"@id\":\"http:\/\/www.reconoce.mx\/#\/schema\/logo\/image\/\",\"url\":\"https:\/\/www.reconoce.mx\/wp-content\/uploads\/2019\/03\/logorcmx-good-1.png\",\"contentUrl\":\"https:\/\/www.reconoce.mx\/wp-content\/uploads\/2019\/03\/logorcmx-good-1.png\",\"width\":280,\"height\":90,\"caption\":\"Reconoce MX\"},\"image\":{\"@id\":\"http:\/\/www.reconoce.mx\/#\/schema\/logo\/image\/\"},\"sameAs\":[\"https:\/\/es-la.facebook.com\/ReconoceMX\/\",\"https:\/\/x.com\/reconocemx\",\"http:\/\/@reconocemx\"]},{\"@type\":\"Person\",\"@id\":\"http:\/\/www.reconoce.mx\/#\/schema\/person\/2117e997d7051dc15d6880eaf9bca0b2\",\"name\":\"Reconoce MX\",\"image\":{\"@type\":\"ImageObject\",\"inLanguage\":\"es\",\"@id\":\"http:\/\/www.reconoce.mx\/#\/schema\/person\/image\/\",\"url\":\"https:\/\/secure.gravatar.com\/avatar\/6c8d4dc7569ca1c90c5fdcc349f839d5ddef6fe1e70b4337ead2ef1a4c43fc3a?s=96&d=identicon&r=g\",\"contentUrl\":\"https:\/\/secure.gravatar.com\/avatar\/6c8d4dc7569ca1c90c5fdcc349f839d5ddef6fe1e70b4337ead2ef1a4c43fc3a?s=96&d=identicon&r=g\",\"caption\":\"Reconoce MX\"},\"description\":\"Reconoce MX es un proyecto de difusi\u00f3n art\u00edstica, cultural y de conciencia social que est\u00e1 enfocado a difundir y fomentar el entretenimiento alternativo de calidad para todo el p\u00fablico que comparta el mismo entusiasmo.\",\"sameAs\":[\"http:\/\/www.reconoce.mx\"],\"url\":\"https:\/\/www.reconoce.mx\/?author=2\"}]}<\/script>\n<!-- \/ Yoast SEO plugin. -->","yoast_head_json":{"title":"La historia de la calaverita de az\u00facar &#171; Reconoce MX","robots":{"index":"index","follow":"follow","max-snippet":"max-snippet:-1","max-image-preview":"max-image-preview:large","max-video-preview":"max-video-preview:-1"},"canonical":"https:\/\/www.reconoce.mx\/?p=23927","og_locale":"es_ES","og_type":"article","og_title":"La historia de la calaverita de az\u00facar &#171; Reconoce MX","og_description":"Se trata de uno de los elementos m\u00e1s tradicionales en las ofrendas con motivo del D\u00eda de Muertos. Las t\u00edpicas son de az\u00facar, pero tambi\u00e9n las hay de amaranto y chocolate.","og_url":"https:\/\/www.reconoce.mx\/?p=23927","og_site_name":"Reconoce MX","article_publisher":"https:\/\/es-la.facebook.com\/ReconoceMX\/","article_published_time":"2013-10-29T09:00:19+00:00","article_modified_time":"2017-11-01T14:23:40+00:00","og_image":[{"width":649,"height":301,"url":"https:\/\/www.reconoce.mx\/wp-content\/uploads\/calaverita-azucar.png","type":"image\/png"}],"author":"Reconoce MX","twitter_card":"summary_large_image","twitter_creator":"@reconocemx","twitter_site":"@reconocemx","twitter_misc":{"Escrito por":"Reconoce MX","Tiempo de lectura":"2 minutos"},"schema":{"@context":"https:\/\/schema.org","@graph":[{"@type":"Article","@id":"https:\/\/www.reconoce.mx\/?p=23927#article","isPartOf":{"@id":"https:\/\/www.reconoce.mx\/?p=23927"},"author":{"name":"Reconoce MX","@id":"http:\/\/www.reconoce.mx\/#\/schema\/person\/2117e997d7051dc15d6880eaf9bca0b2"},"headline":"La historia de la calaverita de az\u00facar","datePublished":"2013-10-29T09:00:19+00:00","dateModified":"2017-11-01T14:23:40+00:00","mainEntityOfPage":{"@id":"https:\/\/www.reconoce.mx\/?p=23927"},"wordCount":310,"commentCount":0,"publisher":{"@id":"http:\/\/www.reconoce.mx\/#organization"},"image":{"@id":"https:\/\/www.reconoce.mx\/?p=23927#primaryimage"},"thumbnailUrl":"https:\/\/www.reconoce.mx\/wp-content\/uploads\/calaverita-azucar.png","articleSection":["Cultura","Historia"],"inLanguage":"es","potentialAction":[{"@type":"CommentAction","name":"Comment","target":["https:\/\/www.reconoce.mx\/?p=23927#respond"]}]},{"@type":"WebPage","@id":"https:\/\/www.reconoce.mx\/?p=23927","url":"https:\/\/www.reconoce.mx\/?p=23927","name":"La historia de la calaverita de az\u00facar &#171; Reconoce MX","isPartOf":{"@id":"http:\/\/www.reconoce.mx\/#website"},"primaryImageOfPage":{"@id":"https:\/\/www.reconoce.mx\/?p=23927#primaryimage"},"image":{"@id":"https:\/\/www.reconoce.mx\/?p=23927#primaryimage"},"thumbnailUrl":"https:\/\/www.reconoce.mx\/wp-content\/uploads\/calaverita-azucar.png","datePublished":"2013-10-29T09:00:19+00:00","dateModified":"2017-11-01T14:23:40+00:00","breadcrumb":{"@id":"https:\/\/www.reconoce.mx\/?p=23927#breadcrumb"},"inLanguage":"es","potentialAction":[{"@type":"ReadAction","target":["https:\/\/www.reconoce.mx\/?p=23927"]}]},{"@type":"ImageObject","inLanguage":"es","@id":"https:\/\/www.reconoce.mx\/?p=23927#primaryimage","url":"https:\/\/www.reconoce.mx\/wp-content\/uploads\/calaverita-azucar.png","contentUrl":"https:\/\/www.reconoce.mx\/wp-content\/uploads\/calaverita-azucar.png","width":649,"height":301,"caption":"La historia de la calaverita de az\u00facar."},{"@type":"BreadcrumbList","@id":"https:\/\/www.reconoce.mx\/?p=23927#breadcrumb","itemListElement":[{"@type":"ListItem","position":1,"name":"Portada","item":"http:\/\/www.reconoce.mx\/"},{"@type":"ListItem","position":2,"name":"La historia de la calaverita de az\u00facar"}]},{"@type":"WebSite","@id":"http:\/\/www.reconoce.mx\/#website","url":"http:\/\/www.reconoce.mx\/","name":"Reconoce MX","description":"En Reconoce MX difundimos arte, cultura y conciencia social en M\u00e9xico. Tu ciudad en otra perspectiva.","publisher":{"@id":"http:\/\/www.reconoce.mx\/#organization"},"potentialAction":[{"@type":"SearchAction","target":{"@type":"EntryPoint","urlTemplate":"http:\/\/www.reconoce.mx\/?s={search_term_string}"},"query-input":{"@type":"PropertyValueSpecification","valueRequired":true,"valueName":"search_term_string"}}],"inLanguage":"es"},{"@type":"Organization","@id":"http:\/\/www.reconoce.mx\/#organization","name":"Reconoce MX","url":"http:\/\/www.reconoce.mx\/","logo":{"@type":"ImageObject","inLanguage":"es","@id":"http:\/\/www.reconoce.mx\/#\/schema\/logo\/image\/","url":"https:\/\/www.reconoce.mx\/wp-content\/uploads\/2019\/03\/logorcmx-good-1.png","contentUrl":"https:\/\/www.reconoce.mx\/wp-content\/uploads\/2019\/03\/logorcmx-good-1.png","width":280,"height":90,"caption":"Reconoce MX"},"image":{"@id":"http:\/\/www.reconoce.mx\/#\/schema\/logo\/image\/"},"sameAs":["https:\/\/es-la.facebook.com\/ReconoceMX\/","https:\/\/x.com\/reconocemx","http:\/\/@reconocemx"]},{"@type":"Person","@id":"http:\/\/www.reconoce.mx\/#\/schema\/person\/2117e997d7051dc15d6880eaf9bca0b2","name":"Reconoce MX","image":{"@type":"ImageObject","inLanguage":"es","@id":"http:\/\/www.reconoce.mx\/#\/schema\/person\/image\/","url":"https:\/\/secure.gravatar.com\/avatar\/6c8d4dc7569ca1c90c5fdcc349f839d5ddef6fe1e70b4337ead2ef1a4c43fc3a?s=96&d=identicon&r=g","contentUrl":"https:\/\/secure.gravatar.com\/avatar\/6c8d4dc7569ca1c90c5fdcc349f839d5ddef6fe1e70b4337ead2ef1a4c43fc3a?s=96&d=identicon&r=g","caption":"Reconoce MX"},"description":"Reconoce MX es un proyecto de difusi\u00f3n art\u00edstica, cultural y de conciencia social que est\u00e1 enfocado a difundir y fomentar el entretenimiento alternativo de calidad para todo el p\u00fablico que comparta el mismo entusiasmo.","sameAs":["http:\/\/www.reconoce.mx"],"url":"https:\/\/www.reconoce.mx\/?author=2"}]}},"_links":{"self":[{"href":"https:\/\/www.reconoce.mx\/index.php?rest_route=\/wp\/v2\/posts\/23927","targetHints":{"allow":["GET"]}}],"collection":[{"href":"https:\/\/www.reconoce.mx\/index.php?rest_route=\/wp\/v2\/posts"}],"about":[{"href":"https:\/\/www.reconoce.mx\/index.php?rest_route=\/wp\/v2\/types\/post"}],"author":[{"embeddable":true,"href":"https:\/\/www.reconoce.mx\/index.php?rest_route=\/wp\/v2\/users\/2"}],"replies":[{"embeddable":true,"href":"https:\/\/www.reconoce.mx\/index.php?rest_route=%2Fwp%2Fv2%2Fcomments&post=23927"}],"version-history":[{"count":12,"href":"https:\/\/www.reconoce.mx\/index.php?rest_route=\/wp\/v2\/posts\/23927\/revisions"}],"predecessor-version":[{"id":67439,"href":"https:\/\/www.reconoce.mx\/index.php?rest_route=\/wp\/v2\/posts\/23927\/revisions\/67439"}],"wp:featuredmedia":[{"embeddable":true,"href":"https:\/\/www.reconoce.mx\/index.php?rest_route=\/wp\/v2\/media\/23929"}],"wp:attachment":[{"href":"https:\/\/www.reconoce.mx\/index.php?rest_route=%2Fwp%2Fv2%2Fmedia&parent=23927"}],"wp:term":[{"taxonomy":"category","embeddable":true,"href":"https:\/\/www.reconoce.mx\/index.php?rest_route=%2Fwp%2Fv2%2Fcategories&post=23927"},{"taxonomy":"post_tag","embeddable":true,"href":"https:\/\/www.reconoce.mx\/index.php?rest_route=%2Fwp%2Fv2%2Ftags&post=23927"}],"curies":[{"name":"wp","href":"https:\/\/api.w.org\/{rel}","templated":true}]}}