{"id":23984,"date":"2013-10-30T02:00:28","date_gmt":"2013-10-30T08:00:28","guid":{"rendered":"http:\/\/www.reconoce.mx\/?p=23984"},"modified":"2019-01-16T13:32:47","modified_gmt":"2019-01-16T19:32:47","slug":"lista-la-segunda-edicion-del-baja-international-film-festival-los-cabos","status":"publish","type":"post","link":"https:\/\/www.reconoce.mx\/?p=23984","title":{"rendered":"\u00a1Lista la segunda edici\u00f3n del Baja International Film Festival, Los Cabos!"},"content":{"rendered":"<p><strong>Por\u00a0<a title=\"@enriquefa86\" href=\"https:\/\/twitter.com\/enriquefa86\" target=\"_blank\">Enrique Figueroa Anaya<\/a>.<\/strong><\/p>\n<p>Con Los Cabos como marco espectacular, se alista ya la segunda edici\u00f3n del <strong>Baja International Film Festival<\/strong>. Del 13 al 16 de noviembre, con el llamado a \u00abver lo que hacen nuestros vecinos\u00bb, el BIFF 2013 promete ser un puente entre la cinematograf\u00eda de M\u00e9xico, Estados Unidos y Canad\u00e1, en un sitio donde convergen cultura, comercio y turismo.<\/p>\n<p>La programaci\u00f3n incluye la cinta animada <a title=\"\u2018Metegol\u2019 inagurar\u00e1 el Baja International Film Festival 2013\" href=\"http:\/\/www.reconoce.mx\/metegol-inagurara-el-baja-international-film-festival-2013\/\" target=\"_blank\"><b><i>Metegol<\/i><\/b><\/a>, del ganador del Oscar Juan Jos\u00e9 Campanella, as\u00ed como la presentaci\u00f3n especial y <b>estreno mundial<\/b> del nuevo documental de Caf\u00e9 Tacvba: <b><i>El objeto antes llamado disco: la pel\u00edcula<\/i><\/b>, de Gregory Allen, y un <b>Tributo a Gael Garc\u00eda Bernal<\/b> con <i>La ciencia del sue\u00f1o <\/i>de Michel Gondry.<\/p>\n<p>Adem\u00e1s se incluyen los <strong>estrenos mundiales<\/strong> de las cintas <i>El charro misterioso<\/i> de Jos\u00e9 Manuel Cravioto, <i>Volando bajo<\/i> de Beto G\u00f3mez<b>, <\/b><i>Bering: Equilibrio y resistencia<\/i>, de Lourdes Grobet, <i>Filosof\u00eda natural del amor<\/i>, de Sebasti\u00e1n Hiriart y <i>LuTo<\/i>, de Katina Medina Mora. As\u00ed como los <strong>estrenos en M\u00e9xico<\/strong> de <i>Fading Gigolo<\/i> de John Turturro, <i>Dallas Buyers Club<\/i> de Jean-Marc Vall\u00e9e, <i>Only Lovers Left Alive<\/i> de Jim Jarmush, <i>Wakolda<\/i> de Luc\u00eda Puenzo, <i>We are the Best!<\/i> de Lukas Moodysson, <i>Tom at the Farm<\/i> de Xavier Dolan, <i>Blackfish<\/i> de Gabriela Cowperthwaite, entre otros.<\/p>\n<p>Entre los invitados especiales se contar\u00e1 con la presencia del actor <strong><a title=\"Ser\u00e1 Charlie Sheen invitado del Baja International Film Festival 2013\" href=\"http:\/\/www.reconoce.mx\/sera-charlie-sheen-invitado-del-baja-international-film-festival-2013\/\" target=\"_blank\">Charlie Sheen<\/a><\/strong> y del ic\u00f3nico realizador <strong>Peter Greenaway<\/strong>. Greenaway conversar\u00e1 con los asistentes acerca de su \u00faltima pel\u00edcula, \u201cEisenstein en Guanajuato\u201d, sobre la vida del maestro ruso en M\u00e9xico durante la filmaci\u00f3n de su proyecto inconcluso <i>Viva M\u00e9xico<\/i>.<\/p>\n<p>Adem\u00e1s se presentar\u00e1 una muy rica <a title=\"Baja International Fiml Festival 2013: Selecci\u00f3n Oficial\" href=\"http:\/\/www.reconoce.mx\/baja-international-fiml-festival-2013-seleccion-oficial\/\" target=\"_blank\"><strong>Selecci\u00f3n Oficial<\/strong><\/a> que se divide en dos secciones: <b>Competencia Los Cabos<\/b>, para pel\u00edculas mexicanas, estadounidenses y canadienses; y <b>M\u00e9xico Primero<\/b>, en donde participan primeras y segundas pel\u00edculas de realizadores mexicanos.<\/p>\n<p>A la par se realizar\u00e1n talleres, encuentros y espacios para la industria.<\/p>\n<p>Este a\u00f1o BIFF, en colaboraci\u00f3n con sus aliados, entrega <b>$283,350 USD<\/b> (doscientos ochenta y tres mil, trescientos cincuenta mil d\u00f3lares americanos) <b>en premios en sus diversas categor\u00edas de competencia.<\/b> Tambi\u00e9n se entregar\u00e1n los siguientes premios:\u00a0<b><\/b>el <b>Premio Casete<\/b>, de distribuci\u00f3n digital, el <b>Premio Bengala \u2013 UANL<\/b>, de historias para cine; y el <b>Premio BajaFilmFest-DocsForum, <\/b>en apoyo al mejor Work In Progress en el 8DocsDF.<\/p>\n<p><iframe loading=\"lazy\" width=\"625\" height=\"469\" src=\"\/\/www.youtube.com\/embed\/SUARyYAO2hg\" frameborder=\"0\" allowfullscreen><\/iframe><\/p>\n<p><strong>Baja International Film Festival<\/strong> se realizar\u00e1 del 13 al 16 de noviembre de 2013. Para m\u00e1s informaci\u00f3n visita el <a title=\"BAJA\" href=\"http:\/\/bajafilmfest.com.mx\/\" target=\"_blank\"><strong>sitio oficial<\/strong><\/a>.<\/p>\n<p style=\"text-align: right;\"><em>Con informaci\u00f3n proporcionada por <a title=\"Cinetc... - Comunicaci\u00f3n Estrat\u00e9gica\" href=\"http:\/\/cinetc.com.mx\/\" target=\"_blank\">Cinetc..<\/a><\/em><a title=\"Cinetc... - Comunicaci\u00f3n Estrat\u00e9gica\" href=\"http:\/\/cinetc.com.mx\/\" target=\"_blank\">.<\/a><\/p>\n<p>&nbsp;<\/p>\n<p>&nbsp;<\/p>\n","protected":false},"excerpt":{"rendered":"<p>Est\u00e1 lista la edici\u00f3n 2013 del Baja International Film Festival. Del 13 al 16 de noviembre promete ser un puente entre la cinematograf\u00eda de M\u00e9xico, Estados Unidos y Canad\u00e1.<\/p>\n","protected":false},"author":2,"featured_media":23986,"comment_status":"open","ping_status":"open","sticky":false,"template":"","format":"standard","meta":{"footnotes":""},"categories":[24,1],"tags":[],"class_list":["post-23984","post","type-post","status-publish","format-standard","has-post-thumbnail","hentry","category-cine","category-cultura"],"yoast_head":"<!-- This site is optimized with the Yoast SEO plugin v24.7 - https:\/\/yoast.com\/wordpress\/plugins\/seo\/ -->\n<title>\u00a1Lista la segunda edici\u00f3n del Baja International Film Festival, Los Cabos! &#171; Reconoce MX<\/title>\n<meta name=\"robots\" content=\"index, follow, max-snippet:-1, max-image-preview:large, max-video-preview:-1\" \/>\n<link rel=\"canonical\" href=\"https:\/\/www.reconoce.mx\/?p=23984\" \/>\n<meta property=\"og:locale\" content=\"es_ES\" \/>\n<meta property=\"og:type\" content=\"article\" \/>\n<meta property=\"og:title\" content=\"\u00a1Lista la segunda edici\u00f3n del Baja International Film Festival, Los Cabos! &#171; Reconoce MX\" \/>\n<meta property=\"og:description\" content=\"Est\u00e1 lista la edici\u00f3n 2013 del Baja International Film Festival. Del 13 al 16 de noviembre promete ser un puente entre la cinematograf\u00eda de M\u00e9xico, Estados Unidos y Canad\u00e1.\" \/>\n<meta property=\"og:url\" content=\"https:\/\/www.reconoce.mx\/?p=23984\" \/>\n<meta property=\"og:site_name\" content=\"Reconoce MX\" \/>\n<meta property=\"article:publisher\" content=\"https:\/\/es-la.facebook.com\/ReconoceMX\/\" \/>\n<meta property=\"article:published_time\" content=\"2013-10-30T08:00:28+00:00\" \/>\n<meta property=\"article:modified_time\" content=\"2019-01-16T19:32:47+00:00\" \/>\n<meta property=\"og:image\" content=\"https:\/\/www.reconoce.mx\/wp-content\/uploads\/biff-conferencia.png\" \/>\n\t<meta property=\"og:image:width\" content=\"649\" \/>\n\t<meta property=\"og:image:height\" content=\"301\" \/>\n\t<meta property=\"og:image:type\" content=\"image\/png\" \/>\n<meta name=\"author\" content=\"Reconoce MX\" \/>\n<meta name=\"twitter:card\" content=\"summary_large_image\" \/>\n<meta name=\"twitter:creator\" content=\"@reconocemx\" \/>\n<meta name=\"twitter:site\" content=\"@reconocemx\" \/>\n<meta name=\"twitter:label1\" content=\"Escrito por\" \/>\n\t<meta name=\"twitter:data1\" content=\"Reconoce MX\" \/>\n\t<meta name=\"twitter:label2\" content=\"Tiempo de lectura\" \/>\n\t<meta name=\"twitter:data2\" content=\"2 minutos\" \/>\n<script type=\"application\/ld+json\" class=\"yoast-schema-graph\">{\"@context\":\"https:\/\/schema.org\",\"@graph\":[{\"@type\":\"Article\",\"@id\":\"https:\/\/www.reconoce.mx\/?p=23984#article\",\"isPartOf\":{\"@id\":\"https:\/\/www.reconoce.mx\/?p=23984\"},\"author\":{\"name\":\"Reconoce MX\",\"@id\":\"http:\/\/www.reconoce.mx\/#\/schema\/person\/2117e997d7051dc15d6880eaf9bca0b2\"},\"headline\":\"\u00a1Lista la segunda edici\u00f3n del Baja International Film Festival, Los Cabos!\",\"datePublished\":\"2013-10-30T08:00:28+00:00\",\"dateModified\":\"2019-01-16T19:32:47+00:00\",\"mainEntityOfPage\":{\"@id\":\"https:\/\/www.reconoce.mx\/?p=23984\"},\"wordCount\":434,\"commentCount\":0,\"publisher\":{\"@id\":\"http:\/\/www.reconoce.mx\/#organization\"},\"image\":{\"@id\":\"https:\/\/www.reconoce.mx\/?p=23984#primaryimage\"},\"thumbnailUrl\":\"https:\/\/www.reconoce.mx\/wp-content\/uploads\/biff-conferencia.png\",\"articleSection\":[\"Cine\",\"Cultura\"],\"inLanguage\":\"es\",\"potentialAction\":[{\"@type\":\"CommentAction\",\"name\":\"Comment\",\"target\":[\"https:\/\/www.reconoce.mx\/?p=23984#respond\"]}]},{\"@type\":\"WebPage\",\"@id\":\"https:\/\/www.reconoce.mx\/?p=23984\",\"url\":\"https:\/\/www.reconoce.mx\/?p=23984\",\"name\":\"\u00a1Lista la segunda edici\u00f3n del Baja International Film Festival, Los Cabos! &#171; Reconoce MX\",\"isPartOf\":{\"@id\":\"http:\/\/www.reconoce.mx\/#website\"},\"primaryImageOfPage\":{\"@id\":\"https:\/\/www.reconoce.mx\/?p=23984#primaryimage\"},\"image\":{\"@id\":\"https:\/\/www.reconoce.mx\/?p=23984#primaryimage\"},\"thumbnailUrl\":\"https:\/\/www.reconoce.mx\/wp-content\/uploads\/biff-conferencia.png\",\"datePublished\":\"2013-10-30T08:00:28+00:00\",\"dateModified\":\"2019-01-16T19:32:47+00:00\",\"breadcrumb\":{\"@id\":\"https:\/\/www.reconoce.mx\/?p=23984#breadcrumb\"},\"inLanguage\":\"es\",\"potentialAction\":[{\"@type\":\"ReadAction\",\"target\":[\"https:\/\/www.reconoce.mx\/?p=23984\"]}]},{\"@type\":\"ImageObject\",\"inLanguage\":\"es\",\"@id\":\"https:\/\/www.reconoce.mx\/?p=23984#primaryimage\",\"url\":\"https:\/\/www.reconoce.mx\/wp-content\/uploads\/biff-conferencia.png\",\"contentUrl\":\"https:\/\/www.reconoce.mx\/wp-content\/uploads\/biff-conferencia.png\",\"width\":649,\"height\":301,\"caption\":\"\u00a1Lista la segunda edici\u00f3n del Baja International Film Festival, Los Cabos!\"},{\"@type\":\"BreadcrumbList\",\"@id\":\"https:\/\/www.reconoce.mx\/?p=23984#breadcrumb\",\"itemListElement\":[{\"@type\":\"ListItem\",\"position\":1,\"name\":\"Portada\",\"item\":\"http:\/\/www.reconoce.mx\/\"},{\"@type\":\"ListItem\",\"position\":2,\"name\":\"\u00a1Lista la segunda edici\u00f3n del Baja International Film Festival, Los Cabos!\"}]},{\"@type\":\"WebSite\",\"@id\":\"http:\/\/www.reconoce.mx\/#website\",\"url\":\"http:\/\/www.reconoce.mx\/\",\"name\":\"Reconoce MX\",\"description\":\"En Reconoce MX difundimos arte, cultura y conciencia social en M\u00e9xico. Tu ciudad en otra perspectiva.\",\"publisher\":{\"@id\":\"http:\/\/www.reconoce.mx\/#organization\"},\"potentialAction\":[{\"@type\":\"SearchAction\",\"target\":{\"@type\":\"EntryPoint\",\"urlTemplate\":\"http:\/\/www.reconoce.mx\/?s={search_term_string}\"},\"query-input\":{\"@type\":\"PropertyValueSpecification\",\"valueRequired\":true,\"valueName\":\"search_term_string\"}}],\"inLanguage\":\"es\"},{\"@type\":\"Organization\",\"@id\":\"http:\/\/www.reconoce.mx\/#organization\",\"name\":\"Reconoce MX\",\"url\":\"http:\/\/www.reconoce.mx\/\",\"logo\":{\"@type\":\"ImageObject\",\"inLanguage\":\"es\",\"@id\":\"http:\/\/www.reconoce.mx\/#\/schema\/logo\/image\/\",\"url\":\"https:\/\/www.reconoce.mx\/wp-content\/uploads\/2019\/03\/logorcmx-good-1.png\",\"contentUrl\":\"https:\/\/www.reconoce.mx\/wp-content\/uploads\/2019\/03\/logorcmx-good-1.png\",\"width\":280,\"height\":90,\"caption\":\"Reconoce MX\"},\"image\":{\"@id\":\"http:\/\/www.reconoce.mx\/#\/schema\/logo\/image\/\"},\"sameAs\":[\"https:\/\/es-la.facebook.com\/ReconoceMX\/\",\"https:\/\/x.com\/reconocemx\",\"http:\/\/@reconocemx\"]},{\"@type\":\"Person\",\"@id\":\"http:\/\/www.reconoce.mx\/#\/schema\/person\/2117e997d7051dc15d6880eaf9bca0b2\",\"name\":\"Reconoce MX\",\"image\":{\"@type\":\"ImageObject\",\"inLanguage\":\"es\",\"@id\":\"http:\/\/www.reconoce.mx\/#\/schema\/person\/image\/\",\"url\":\"https:\/\/secure.gravatar.com\/avatar\/6c8d4dc7569ca1c90c5fdcc349f839d5ddef6fe1e70b4337ead2ef1a4c43fc3a?s=96&d=identicon&r=g\",\"contentUrl\":\"https:\/\/secure.gravatar.com\/avatar\/6c8d4dc7569ca1c90c5fdcc349f839d5ddef6fe1e70b4337ead2ef1a4c43fc3a?s=96&d=identicon&r=g\",\"caption\":\"Reconoce MX\"},\"description\":\"Reconoce MX es un proyecto de difusi\u00f3n art\u00edstica, cultural y de conciencia social que est\u00e1 enfocado a difundir y fomentar el entretenimiento alternativo de calidad para todo el p\u00fablico que comparta el mismo entusiasmo.\",\"sameAs\":[\"http:\/\/www.reconoce.mx\"],\"url\":\"https:\/\/www.reconoce.mx\/?author=2\"}]}<\/script>\n<!-- \/ Yoast SEO plugin. -->","yoast_head_json":{"title":"\u00a1Lista la segunda edici\u00f3n del Baja International Film Festival, Los Cabos! &#171; Reconoce MX","robots":{"index":"index","follow":"follow","max-snippet":"max-snippet:-1","max-image-preview":"max-image-preview:large","max-video-preview":"max-video-preview:-1"},"canonical":"https:\/\/www.reconoce.mx\/?p=23984","og_locale":"es_ES","og_type":"article","og_title":"\u00a1Lista la segunda edici\u00f3n del Baja International Film Festival, Los Cabos! &#171; Reconoce MX","og_description":"Est\u00e1 lista la edici\u00f3n 2013 del Baja International Film Festival. Del 13 al 16 de noviembre promete ser un puente entre la cinematograf\u00eda de M\u00e9xico, Estados Unidos y Canad\u00e1.","og_url":"https:\/\/www.reconoce.mx\/?p=23984","og_site_name":"Reconoce MX","article_publisher":"https:\/\/es-la.facebook.com\/ReconoceMX\/","article_published_time":"2013-10-30T08:00:28+00:00","article_modified_time":"2019-01-16T19:32:47+00:00","og_image":[{"width":649,"height":301,"url":"https:\/\/www.reconoce.mx\/wp-content\/uploads\/biff-conferencia.png","type":"image\/png"}],"author":"Reconoce MX","twitter_card":"summary_large_image","twitter_creator":"@reconocemx","twitter_site":"@reconocemx","twitter_misc":{"Escrito por":"Reconoce MX","Tiempo de lectura":"2 minutos"},"schema":{"@context":"https:\/\/schema.org","@graph":[{"@type":"Article","@id":"https:\/\/www.reconoce.mx\/?p=23984#article","isPartOf":{"@id":"https:\/\/www.reconoce.mx\/?p=23984"},"author":{"name":"Reconoce MX","@id":"http:\/\/www.reconoce.mx\/#\/schema\/person\/2117e997d7051dc15d6880eaf9bca0b2"},"headline":"\u00a1Lista la segunda edici\u00f3n del Baja International Film Festival, Los Cabos!","datePublished":"2013-10-30T08:00:28+00:00","dateModified":"2019-01-16T19:32:47+00:00","mainEntityOfPage":{"@id":"https:\/\/www.reconoce.mx\/?p=23984"},"wordCount":434,"commentCount":0,"publisher":{"@id":"http:\/\/www.reconoce.mx\/#organization"},"image":{"@id":"https:\/\/www.reconoce.mx\/?p=23984#primaryimage"},"thumbnailUrl":"https:\/\/www.reconoce.mx\/wp-content\/uploads\/biff-conferencia.png","articleSection":["Cine","Cultura"],"inLanguage":"es","potentialAction":[{"@type":"CommentAction","name":"Comment","target":["https:\/\/www.reconoce.mx\/?p=23984#respond"]}]},{"@type":"WebPage","@id":"https:\/\/www.reconoce.mx\/?p=23984","url":"https:\/\/www.reconoce.mx\/?p=23984","name":"\u00a1Lista la segunda edici\u00f3n del Baja International Film Festival, Los Cabos! &#171; Reconoce MX","isPartOf":{"@id":"http:\/\/www.reconoce.mx\/#website"},"primaryImageOfPage":{"@id":"https:\/\/www.reconoce.mx\/?p=23984#primaryimage"},"image":{"@id":"https:\/\/www.reconoce.mx\/?p=23984#primaryimage"},"thumbnailUrl":"https:\/\/www.reconoce.mx\/wp-content\/uploads\/biff-conferencia.png","datePublished":"2013-10-30T08:00:28+00:00","dateModified":"2019-01-16T19:32:47+00:00","breadcrumb":{"@id":"https:\/\/www.reconoce.mx\/?p=23984#breadcrumb"},"inLanguage":"es","potentialAction":[{"@type":"ReadAction","target":["https:\/\/www.reconoce.mx\/?p=23984"]}]},{"@type":"ImageObject","inLanguage":"es","@id":"https:\/\/www.reconoce.mx\/?p=23984#primaryimage","url":"https:\/\/www.reconoce.mx\/wp-content\/uploads\/biff-conferencia.png","contentUrl":"https:\/\/www.reconoce.mx\/wp-content\/uploads\/biff-conferencia.png","width":649,"height":301,"caption":"\u00a1Lista la segunda edici\u00f3n del Baja International Film Festival, Los Cabos!"},{"@type":"BreadcrumbList","@id":"https:\/\/www.reconoce.mx\/?p=23984#breadcrumb","itemListElement":[{"@type":"ListItem","position":1,"name":"Portada","item":"http:\/\/www.reconoce.mx\/"},{"@type":"ListItem","position":2,"name":"\u00a1Lista la segunda edici\u00f3n del Baja International Film Festival, Los Cabos!"}]},{"@type":"WebSite","@id":"http:\/\/www.reconoce.mx\/#website","url":"http:\/\/www.reconoce.mx\/","name":"Reconoce MX","description":"En Reconoce MX difundimos arte, cultura y conciencia social en M\u00e9xico. Tu ciudad en otra perspectiva.","publisher":{"@id":"http:\/\/www.reconoce.mx\/#organization"},"potentialAction":[{"@type":"SearchAction","target":{"@type":"EntryPoint","urlTemplate":"http:\/\/www.reconoce.mx\/?s={search_term_string}"},"query-input":{"@type":"PropertyValueSpecification","valueRequired":true,"valueName":"search_term_string"}}],"inLanguage":"es"},{"@type":"Organization","@id":"http:\/\/www.reconoce.mx\/#organization","name":"Reconoce MX","url":"http:\/\/www.reconoce.mx\/","logo":{"@type":"ImageObject","inLanguage":"es","@id":"http:\/\/www.reconoce.mx\/#\/schema\/logo\/image\/","url":"https:\/\/www.reconoce.mx\/wp-content\/uploads\/2019\/03\/logorcmx-good-1.png","contentUrl":"https:\/\/www.reconoce.mx\/wp-content\/uploads\/2019\/03\/logorcmx-good-1.png","width":280,"height":90,"caption":"Reconoce MX"},"image":{"@id":"http:\/\/www.reconoce.mx\/#\/schema\/logo\/image\/"},"sameAs":["https:\/\/es-la.facebook.com\/ReconoceMX\/","https:\/\/x.com\/reconocemx","http:\/\/@reconocemx"]},{"@type":"Person","@id":"http:\/\/www.reconoce.mx\/#\/schema\/person\/2117e997d7051dc15d6880eaf9bca0b2","name":"Reconoce MX","image":{"@type":"ImageObject","inLanguage":"es","@id":"http:\/\/www.reconoce.mx\/#\/schema\/person\/image\/","url":"https:\/\/secure.gravatar.com\/avatar\/6c8d4dc7569ca1c90c5fdcc349f839d5ddef6fe1e70b4337ead2ef1a4c43fc3a?s=96&d=identicon&r=g","contentUrl":"https:\/\/secure.gravatar.com\/avatar\/6c8d4dc7569ca1c90c5fdcc349f839d5ddef6fe1e70b4337ead2ef1a4c43fc3a?s=96&d=identicon&r=g","caption":"Reconoce MX"},"description":"Reconoce MX es un proyecto de difusi\u00f3n art\u00edstica, cultural y de conciencia social que est\u00e1 enfocado a difundir y fomentar el entretenimiento alternativo de calidad para todo el p\u00fablico que comparta el mismo entusiasmo.","sameAs":["http:\/\/www.reconoce.mx"],"url":"https:\/\/www.reconoce.mx\/?author=2"}]}},"_links":{"self":[{"href":"https:\/\/www.reconoce.mx\/index.php?rest_route=\/wp\/v2\/posts\/23984","targetHints":{"allow":["GET"]}}],"collection":[{"href":"https:\/\/www.reconoce.mx\/index.php?rest_route=\/wp\/v2\/posts"}],"about":[{"href":"https:\/\/www.reconoce.mx\/index.php?rest_route=\/wp\/v2\/types\/post"}],"author":[{"embeddable":true,"href":"https:\/\/www.reconoce.mx\/index.php?rest_route=\/wp\/v2\/users\/2"}],"replies":[{"embeddable":true,"href":"https:\/\/www.reconoce.mx\/index.php?rest_route=%2Fwp%2Fv2%2Fcomments&post=23984"}],"version-history":[{"count":14,"href":"https:\/\/www.reconoce.mx\/index.php?rest_route=\/wp\/v2\/posts\/23984\/revisions"}],"predecessor-version":[{"id":80017,"href":"https:\/\/www.reconoce.mx\/index.php?rest_route=\/wp\/v2\/posts\/23984\/revisions\/80017"}],"wp:featuredmedia":[{"embeddable":true,"href":"https:\/\/www.reconoce.mx\/index.php?rest_route=\/wp\/v2\/media\/23986"}],"wp:attachment":[{"href":"https:\/\/www.reconoce.mx\/index.php?rest_route=%2Fwp%2Fv2%2Fmedia&parent=23984"}],"wp:term":[{"taxonomy":"category","embeddable":true,"href":"https:\/\/www.reconoce.mx\/index.php?rest_route=%2Fwp%2Fv2%2Fcategories&post=23984"},{"taxonomy":"post_tag","embeddable":true,"href":"https:\/\/www.reconoce.mx\/index.php?rest_route=%2Fwp%2Fv2%2Ftags&post=23984"}],"curies":[{"name":"wp","href":"https:\/\/api.w.org\/{rel}","templated":true}]}}