{"id":24055,"date":"2013-10-31T04:00:32","date_gmt":"2013-10-31T10:00:32","guid":{"rendered":"http:\/\/www.reconoce.mx\/?p=24055"},"modified":"2013-11-04T22:11:34","modified_gmt":"2013-11-05T04:11:34","slug":"figleon-la-historia-del-globo-parte-1","status":"publish","type":"post","link":"https:\/\/www.reconoce.mx\/?p=24055","title":{"rendered":"FIGLeon: La historia del globo, parte 1"},"content":{"rendered":"<ul id=\"botones-home\">\n<li><script type=\"text\/javascript\" src=\"https:\/\/apis.google.com\/js\/plusone.js\"><\/script><g:plusone width=\"55\" height=\"20\" href=\"http:\/\/www.reconoce.mx\/figleon-la-historia-del-globo-parte-1\/\"><\/g:plusone><\/li>\n<li><a href=\"http:\/\/twitter.com\/share\" class=\"twitter-share-button\" data-url=\"http:\/\/www.reconoce.mx\/figleon-la-historia-del-globo-parte-1\/\" data-count=\"horizontal\" data-via=\"reconocemx\" data-lang=\"es\">Tweet<\/a><script type=\"text\/javascript\" src=\"http:\/\/platform.twitter.com\/widgets.js\"><\/script><\/li>\n<div class=\"fb-like\" data-href=\"http:\/\/www.reconoce.mx\/figleon-la-historia-del-globo-parte-1\/\" data-send=\"true\" data-width=\"450\" data-show-faces=\"true\"><\/div>\n<p><strong>Por <a title=\"@iKtz\" href=\"https:\/\/twitter.com\/#%21\/iktz\" target=\"_blank\">Katia Stephanie Ib\u00e1\u00f1ez Del Rivero<\/a><\/strong>.<\/p>\n<p>Si t\u00fa eres de los que cree que los hermanos Wright fueron los primeros seres humanos en despegar los pies de la tierra, <strong>temo decirte que est\u00e1s equivocado<\/strong>.<\/p>\n<div id=\"attachment_24056\" style=\"width: 610px\" class=\"wp-caption aligncenter\"><a href=\"http:\/\/www.reconoce.mx\/wp-content\/uploads\/globo.png\"><img loading=\"lazy\" decoding=\"async\" aria-describedby=\"caption-attachment-24056\" class=\"size-full wp-image-24056\" alt=\"FIGLeon: La historia del globo, parte 1.\" src=\"http:\/\/www.reconoce.mx\/wp-content\/uploads\/globo.png\" width=\"600\" height=\"275\" \/><\/a><p id=\"caption-attachment-24056\" class=\"wp-caption-text\">FIGLeon: La historia del globo, parte 1.<\/p><\/div>\n<p><!--more-->En 1783, 120 a\u00f1os antes de que Orville y Wilbur hicieran su primer vuelo, <strong>\u00c9tienne Montgolfier y Pilatre de Rozier despegaron los pies del suelo por primera vez en la historia de la humanidad<\/strong>.<\/p>\n<p>\u00c9tienne y su hermano Joseph eran parte de una familia de diecis\u00e9is hermanos cuyos padres eran due\u00f1os de una f\u00e1brica de papel. Joseph era una mente inquieta y creativa con dotes de inventor. Las habilidades de \u00c9tienne se encontraban m\u00e1s bien en los modales y las maneras apropiadas de la \u00e9poca. Quiz\u00e1 <strong>la combinaci\u00f3n de tan distintos talentos les ayud\u00f3 a dise\u00f1ar y construir el primer globo aerost\u00e1tico de la historia<\/strong>.<\/p>\n<p>Una noche<strong> mientras Joseph observaba ropa sec\u00e1ndose sobre el fuego not\u00f3 que el humo de alguna manera parec\u00eda \u201cempujar\u201d la tela hacia arriba<\/strong>. Decidi\u00f3 probar si pod\u00eda repetir lo observado as\u00ed que construy\u00f3 un modelo usando placas de madera muy delgada que cubri\u00f3 con tela y puso una fogata debajo. El aparato r\u00e1pidamente se elev\u00f3 hasta estrellarse con el techo, momento en el que decide escribir a su hermano para que juntos construyeran un modelo m\u00e1s grande utilizando el papel de la fabrica familiar.<\/p>\n<div id=\"attachment_24057\" style=\"width: 610px\" class=\"wp-caption aligncenter\"><a href=\"http:\/\/www.reconoce.mx\/wp-content\/uploads\/globos-2.png\"><img loading=\"lazy\" decoding=\"async\" aria-describedby=\"caption-attachment-24057\" class=\"size-full wp-image-24057\" alt=\"Festival Internacional del Globo 2012. (Imagen de Katia Stephanie Ib\u00e1\u00f1ez Del Rivero)\" src=\"http:\/\/www.reconoce.mx\/wp-content\/uploads\/globos-2.png\" width=\"600\" height=\"275\" \/><\/a><p id=\"caption-attachment-24057\" class=\"wp-caption-text\">Festival Internacional del Globo 2012. (Imagen de Katia Stephanie Ib\u00e1\u00f1ez Del Rivero)<\/p><\/div>\n<p>Durante<strong> el oto\u00f1o de 1782 los hermanos construyeron un modelo que para el mes de diciembre estaba listo<\/strong> para ser probado. Esta primera prueba se elev\u00f3 al menos dos kil\u00f3metros antes de estrellarse contra el suelo. Para el a\u00f1o de 1783 decidieron llevar a cabo una demostraci\u00f3n p\u00fablica con la intenci\u00f3n de dar a conocer su invento y mantener la autor\u00eda del mismo. Fue en esta ocasi\u00f3n que construyeron un globo de forma esf\u00e9rica. La demostraci\u00f3n se llev\u00f3 a cabo en Annonay y las noticias r\u00e1pidamente llegaron a Par\u00eds.<\/p>\n<p>Los hermanos fueron invitados a Par\u00eds para una segunda demostraci\u00f3n pero s\u00f3lo \u00c9tienne respondi\u00f3 a esta invitaci\u00f3n. Se construy\u00f3 un nuevo modelo para la ocasi\u00f3n que era de color azul cielo y con motivos en dorado. Este globo ten\u00eda una capacidad de 1060 metros c\u00fabicos y hoy en d\u00eda se puede ver una r\u00e9plica en el Museo de Ciencia de Londres en Inglaterra. Sus primeros pasajeros fueron una oveja, un pato y un gallo, pues se desconoc\u00edan los efectos de un viaje por las alturas para los seres vivos. El vuelo de esta ex\u00f3tica tripulaci\u00f3n dur\u00f3 alrededor de 8 minutos y fue realizado en los jardines de Versalles frente al rey Luis XVI y la reina Mar\u00eda Antonieta. <strong>\u00a1Ya estaban listos para los primeros pasajeros humanos!<\/strong><\/p>\n<p>Bueno, casi listos. <strong>Primero se tuvo que construir otro globo que tuviera una mayor capacidad c\u00fabica y que fuera capaz de transportar pasajeros humanos<\/strong>. Tambi\u00e9n en esta ocasi\u00f3n fue azul pero esta vez con adornos rojos y la cara del rey rodeada por un sol. La primera persona en probar este globo fue \u00c9tienne quien se elev\u00f3 alrededor de 24 metros, sin embargo siempre estuvo asegurado a la tierra por medio de una cuerda. Esta prueba fue previa a la demostraci\u00f3n p\u00fablica en Versalles.<\/p>\n<div id=\"attachment_24058\" style=\"width: 610px\" class=\"wp-caption aligncenter\"><a href=\"http:\/\/www.reconoce.mx\/wp-content\/uploads\/globos-3.png\"><img loading=\"lazy\" decoding=\"async\" aria-describedby=\"caption-attachment-24058\" class=\"size-full wp-image-24058\" alt=\"Festival Internacional del Globo 2012. (Imagen de Katia Stephanie Ib\u00e1\u00f1ez Del Rivero)\" src=\"http:\/\/www.reconoce.mx\/wp-content\/uploads\/globos-3.png\" width=\"600\" height=\"275\" \/><\/a><p id=\"caption-attachment-24058\" class=\"wp-caption-text\">Festival Internacional del Globo 2012. (Imagen de Katia Stephanie Ib\u00e1\u00f1ez Del Rivero)<\/p><\/div>\n<p>En ese mismo d\u00eda llega a esta historia Pilatre de Rozier qui\u00e9n era un profesor de f\u00edsica y qu\u00edmica llevado a la corte por el hermano del rey. Fue Pilatre quien sirvi\u00f3 como pasajero para la demostraci\u00f3n que se llev\u00f3 a cabo en Versalles. En esta ocasi\u00f3n el globo tambi\u00e9n se mantuvo atado al piso pero fue esta prueba la que convenci\u00f3 a todos de llevar a cabo el primero vuelo libre con seres humanos. En un principio <strong>el rey propuso que deb\u00edan ser dos criminales sentenciados a muerte los primeros pasajeros<\/strong>, pero Pilatre lo convenci\u00f3 de que dicha tarea requer\u00eda a alguien con m\u00e1s estatus y se ofreci\u00f3 \u00e9l mismo para llevarla a cabo. Fue as\u00ed como se gan\u00f3 el t\u00edtulo de ser el primer ser humano en realizar un viaje a\u00e9reo.<\/p>\n<p>&nbsp;<\/p>\n<p>&nbsp;<\/p>\n","protected":false},"excerpt":{"rendered":"<p>Si t\u00fa eres de los que cree que los hermanos Wright fueron los primeros seres humanos en despegar los pies de la tierra, temo decirte que est\u00e1s muy, pero muy equivocado. <\/p>\n","protected":false},"author":2,"featured_media":24056,"comment_status":"open","ping_status":"open","sticky":false,"template":"","format":"standard","meta":{"footnotes":""},"categories":[1,157],"tags":[],"class_list":["post-24055","post","type-post","status-publish","format-standard","has-post-thumbnail","hentry","category-cultura","category-historia"],"yoast_head":"<!-- This site is optimized with the Yoast SEO plugin v24.7 - https:\/\/yoast.com\/wordpress\/plugins\/seo\/ -->\n<title>FIGLeon: La historia del globo, parte 1 &#171; Reconoce MX<\/title>\n<meta name=\"robots\" content=\"index, follow, max-snippet:-1, max-image-preview:large, max-video-preview:-1\" \/>\n<link rel=\"canonical\" href=\"https:\/\/www.reconoce.mx\/?p=24055\" \/>\n<meta property=\"og:locale\" content=\"es_ES\" \/>\n<meta property=\"og:type\" content=\"article\" \/>\n<meta property=\"og:title\" content=\"FIGLeon: La historia del globo, parte 1 &#171; Reconoce MX\" \/>\n<meta property=\"og:description\" content=\"Si t\u00fa eres de los que cree que los hermanos Wright fueron los primeros seres humanos en despegar los pies de la tierra, temo decirte que est\u00e1s muy, pero muy equivocado.\" \/>\n<meta property=\"og:url\" content=\"https:\/\/www.reconoce.mx\/?p=24055\" \/>\n<meta property=\"og:site_name\" content=\"Reconoce MX\" \/>\n<meta property=\"article:publisher\" content=\"https:\/\/es-la.facebook.com\/ReconoceMX\/\" \/>\n<meta property=\"article:published_time\" content=\"2013-10-31T10:00:32+00:00\" \/>\n<meta property=\"article:modified_time\" content=\"2013-11-05T04:11:34+00:00\" \/>\n<meta property=\"og:image\" content=\"https:\/\/www.reconoce.mx\/wp-content\/uploads\/globo.png\" \/>\n\t<meta property=\"og:image:width\" content=\"649\" \/>\n\t<meta property=\"og:image:height\" content=\"301\" \/>\n\t<meta property=\"og:image:type\" content=\"image\/png\" \/>\n<meta name=\"author\" content=\"Reconoce MX\" \/>\n<meta name=\"twitter:card\" content=\"summary_large_image\" \/>\n<meta name=\"twitter:creator\" content=\"@reconocemx\" \/>\n<meta name=\"twitter:site\" content=\"@reconocemx\" \/>\n<meta name=\"twitter:label1\" content=\"Escrito por\" \/>\n\t<meta name=\"twitter:data1\" content=\"Reconoce MX\" \/>\n\t<meta name=\"twitter:label2\" content=\"Tiempo de lectura\" \/>\n\t<meta name=\"twitter:data2\" content=\"4 minutos\" \/>\n<script type=\"application\/ld+json\" class=\"yoast-schema-graph\">{\"@context\":\"https:\/\/schema.org\",\"@graph\":[{\"@type\":\"Article\",\"@id\":\"https:\/\/www.reconoce.mx\/?p=24055#article\",\"isPartOf\":{\"@id\":\"https:\/\/www.reconoce.mx\/?p=24055\"},\"author\":{\"name\":\"Reconoce MX\",\"@id\":\"http:\/\/www.reconoce.mx\/#\/schema\/person\/2117e997d7051dc15d6880eaf9bca0b2\"},\"headline\":\"FIGLeon: La historia del globo, parte 1\",\"datePublished\":\"2013-10-31T10:00:32+00:00\",\"dateModified\":\"2013-11-05T04:11:34+00:00\",\"mainEntityOfPage\":{\"@id\":\"https:\/\/www.reconoce.mx\/?p=24055\"},\"wordCount\":765,\"commentCount\":0,\"publisher\":{\"@id\":\"http:\/\/www.reconoce.mx\/#organization\"},\"image\":{\"@id\":\"https:\/\/www.reconoce.mx\/?p=24055#primaryimage\"},\"thumbnailUrl\":\"https:\/\/www.reconoce.mx\/wp-content\/uploads\/globo.png\",\"articleSection\":[\"Cultura\",\"Historia\"],\"inLanguage\":\"es\",\"potentialAction\":[{\"@type\":\"CommentAction\",\"name\":\"Comment\",\"target\":[\"https:\/\/www.reconoce.mx\/?p=24055#respond\"]}]},{\"@type\":\"WebPage\",\"@id\":\"https:\/\/www.reconoce.mx\/?p=24055\",\"url\":\"https:\/\/www.reconoce.mx\/?p=24055\",\"name\":\"FIGLeon: La historia del globo, parte 1 &#171; Reconoce MX\",\"isPartOf\":{\"@id\":\"http:\/\/www.reconoce.mx\/#website\"},\"primaryImageOfPage\":{\"@id\":\"https:\/\/www.reconoce.mx\/?p=24055#primaryimage\"},\"image\":{\"@id\":\"https:\/\/www.reconoce.mx\/?p=24055#primaryimage\"},\"thumbnailUrl\":\"https:\/\/www.reconoce.mx\/wp-content\/uploads\/globo.png\",\"datePublished\":\"2013-10-31T10:00:32+00:00\",\"dateModified\":\"2013-11-05T04:11:34+00:00\",\"breadcrumb\":{\"@id\":\"https:\/\/www.reconoce.mx\/?p=24055#breadcrumb\"},\"inLanguage\":\"es\",\"potentialAction\":[{\"@type\":\"ReadAction\",\"target\":[\"https:\/\/www.reconoce.mx\/?p=24055\"]}]},{\"@type\":\"ImageObject\",\"inLanguage\":\"es\",\"@id\":\"https:\/\/www.reconoce.mx\/?p=24055#primaryimage\",\"url\":\"https:\/\/www.reconoce.mx\/wp-content\/uploads\/globo.png\",\"contentUrl\":\"https:\/\/www.reconoce.mx\/wp-content\/uploads\/globo.png\",\"width\":649,\"height\":301,\"caption\":\"FIGLeon: La historia del globo, parte 1.\"},{\"@type\":\"BreadcrumbList\",\"@id\":\"https:\/\/www.reconoce.mx\/?p=24055#breadcrumb\",\"itemListElement\":[{\"@type\":\"ListItem\",\"position\":1,\"name\":\"Portada\",\"item\":\"http:\/\/www.reconoce.mx\/\"},{\"@type\":\"ListItem\",\"position\":2,\"name\":\"FIGLeon: La historia del globo, parte 1\"}]},{\"@type\":\"WebSite\",\"@id\":\"http:\/\/www.reconoce.mx\/#website\",\"url\":\"http:\/\/www.reconoce.mx\/\",\"name\":\"Reconoce MX\",\"description\":\"En Reconoce MX difundimos arte, cultura y conciencia social en M\u00e9xico. Tu ciudad en otra perspectiva.\",\"publisher\":{\"@id\":\"http:\/\/www.reconoce.mx\/#organization\"},\"potentialAction\":[{\"@type\":\"SearchAction\",\"target\":{\"@type\":\"EntryPoint\",\"urlTemplate\":\"http:\/\/www.reconoce.mx\/?s={search_term_string}\"},\"query-input\":{\"@type\":\"PropertyValueSpecification\",\"valueRequired\":true,\"valueName\":\"search_term_string\"}}],\"inLanguage\":\"es\"},{\"@type\":\"Organization\",\"@id\":\"http:\/\/www.reconoce.mx\/#organization\",\"name\":\"Reconoce MX\",\"url\":\"http:\/\/www.reconoce.mx\/\",\"logo\":{\"@type\":\"ImageObject\",\"inLanguage\":\"es\",\"@id\":\"http:\/\/www.reconoce.mx\/#\/schema\/logo\/image\/\",\"url\":\"https:\/\/www.reconoce.mx\/wp-content\/uploads\/2019\/03\/logorcmx-good-1.png\",\"contentUrl\":\"https:\/\/www.reconoce.mx\/wp-content\/uploads\/2019\/03\/logorcmx-good-1.png\",\"width\":280,\"height\":90,\"caption\":\"Reconoce MX\"},\"image\":{\"@id\":\"http:\/\/www.reconoce.mx\/#\/schema\/logo\/image\/\"},\"sameAs\":[\"https:\/\/es-la.facebook.com\/ReconoceMX\/\",\"https:\/\/x.com\/reconocemx\",\"http:\/\/@reconocemx\"]},{\"@type\":\"Person\",\"@id\":\"http:\/\/www.reconoce.mx\/#\/schema\/person\/2117e997d7051dc15d6880eaf9bca0b2\",\"name\":\"Reconoce MX\",\"image\":{\"@type\":\"ImageObject\",\"inLanguage\":\"es\",\"@id\":\"http:\/\/www.reconoce.mx\/#\/schema\/person\/image\/\",\"url\":\"https:\/\/secure.gravatar.com\/avatar\/6c8d4dc7569ca1c90c5fdcc349f839d5ddef6fe1e70b4337ead2ef1a4c43fc3a?s=96&d=identicon&r=g\",\"contentUrl\":\"https:\/\/secure.gravatar.com\/avatar\/6c8d4dc7569ca1c90c5fdcc349f839d5ddef6fe1e70b4337ead2ef1a4c43fc3a?s=96&d=identicon&r=g\",\"caption\":\"Reconoce MX\"},\"description\":\"Reconoce MX es un proyecto de difusi\u00f3n art\u00edstica, cultural y de conciencia social que est\u00e1 enfocado a difundir y fomentar el entretenimiento alternativo de calidad para todo el p\u00fablico que comparta el mismo entusiasmo.\",\"sameAs\":[\"http:\/\/www.reconoce.mx\"],\"url\":\"https:\/\/www.reconoce.mx\/?author=2\"}]}<\/script>\n<!-- \/ Yoast SEO plugin. -->","yoast_head_json":{"title":"FIGLeon: La historia del globo, parte 1 &#171; Reconoce MX","robots":{"index":"index","follow":"follow","max-snippet":"max-snippet:-1","max-image-preview":"max-image-preview:large","max-video-preview":"max-video-preview:-1"},"canonical":"https:\/\/www.reconoce.mx\/?p=24055","og_locale":"es_ES","og_type":"article","og_title":"FIGLeon: La historia del globo, parte 1 &#171; Reconoce MX","og_description":"Si t\u00fa eres de los que cree que los hermanos Wright fueron los primeros seres humanos en despegar los pies de la tierra, temo decirte que est\u00e1s muy, pero muy equivocado.","og_url":"https:\/\/www.reconoce.mx\/?p=24055","og_site_name":"Reconoce MX","article_publisher":"https:\/\/es-la.facebook.com\/ReconoceMX\/","article_published_time":"2013-10-31T10:00:32+00:00","article_modified_time":"2013-11-05T04:11:34+00:00","og_image":[{"width":649,"height":301,"url":"https:\/\/www.reconoce.mx\/wp-content\/uploads\/globo.png","type":"image\/png"}],"author":"Reconoce MX","twitter_card":"summary_large_image","twitter_creator":"@reconocemx","twitter_site":"@reconocemx","twitter_misc":{"Escrito por":"Reconoce MX","Tiempo de lectura":"4 minutos"},"schema":{"@context":"https:\/\/schema.org","@graph":[{"@type":"Article","@id":"https:\/\/www.reconoce.mx\/?p=24055#article","isPartOf":{"@id":"https:\/\/www.reconoce.mx\/?p=24055"},"author":{"name":"Reconoce MX","@id":"http:\/\/www.reconoce.mx\/#\/schema\/person\/2117e997d7051dc15d6880eaf9bca0b2"},"headline":"FIGLeon: La historia del globo, parte 1","datePublished":"2013-10-31T10:00:32+00:00","dateModified":"2013-11-05T04:11:34+00:00","mainEntityOfPage":{"@id":"https:\/\/www.reconoce.mx\/?p=24055"},"wordCount":765,"commentCount":0,"publisher":{"@id":"http:\/\/www.reconoce.mx\/#organization"},"image":{"@id":"https:\/\/www.reconoce.mx\/?p=24055#primaryimage"},"thumbnailUrl":"https:\/\/www.reconoce.mx\/wp-content\/uploads\/globo.png","articleSection":["Cultura","Historia"],"inLanguage":"es","potentialAction":[{"@type":"CommentAction","name":"Comment","target":["https:\/\/www.reconoce.mx\/?p=24055#respond"]}]},{"@type":"WebPage","@id":"https:\/\/www.reconoce.mx\/?p=24055","url":"https:\/\/www.reconoce.mx\/?p=24055","name":"FIGLeon: La historia del globo, parte 1 &#171; Reconoce MX","isPartOf":{"@id":"http:\/\/www.reconoce.mx\/#website"},"primaryImageOfPage":{"@id":"https:\/\/www.reconoce.mx\/?p=24055#primaryimage"},"image":{"@id":"https:\/\/www.reconoce.mx\/?p=24055#primaryimage"},"thumbnailUrl":"https:\/\/www.reconoce.mx\/wp-content\/uploads\/globo.png","datePublished":"2013-10-31T10:00:32+00:00","dateModified":"2013-11-05T04:11:34+00:00","breadcrumb":{"@id":"https:\/\/www.reconoce.mx\/?p=24055#breadcrumb"},"inLanguage":"es","potentialAction":[{"@type":"ReadAction","target":["https:\/\/www.reconoce.mx\/?p=24055"]}]},{"@type":"ImageObject","inLanguage":"es","@id":"https:\/\/www.reconoce.mx\/?p=24055#primaryimage","url":"https:\/\/www.reconoce.mx\/wp-content\/uploads\/globo.png","contentUrl":"https:\/\/www.reconoce.mx\/wp-content\/uploads\/globo.png","width":649,"height":301,"caption":"FIGLeon: La historia del globo, parte 1."},{"@type":"BreadcrumbList","@id":"https:\/\/www.reconoce.mx\/?p=24055#breadcrumb","itemListElement":[{"@type":"ListItem","position":1,"name":"Portada","item":"http:\/\/www.reconoce.mx\/"},{"@type":"ListItem","position":2,"name":"FIGLeon: La historia del globo, parte 1"}]},{"@type":"WebSite","@id":"http:\/\/www.reconoce.mx\/#website","url":"http:\/\/www.reconoce.mx\/","name":"Reconoce MX","description":"En Reconoce MX difundimos arte, cultura y conciencia social en M\u00e9xico. Tu ciudad en otra perspectiva.","publisher":{"@id":"http:\/\/www.reconoce.mx\/#organization"},"potentialAction":[{"@type":"SearchAction","target":{"@type":"EntryPoint","urlTemplate":"http:\/\/www.reconoce.mx\/?s={search_term_string}"},"query-input":{"@type":"PropertyValueSpecification","valueRequired":true,"valueName":"search_term_string"}}],"inLanguage":"es"},{"@type":"Organization","@id":"http:\/\/www.reconoce.mx\/#organization","name":"Reconoce MX","url":"http:\/\/www.reconoce.mx\/","logo":{"@type":"ImageObject","inLanguage":"es","@id":"http:\/\/www.reconoce.mx\/#\/schema\/logo\/image\/","url":"https:\/\/www.reconoce.mx\/wp-content\/uploads\/2019\/03\/logorcmx-good-1.png","contentUrl":"https:\/\/www.reconoce.mx\/wp-content\/uploads\/2019\/03\/logorcmx-good-1.png","width":280,"height":90,"caption":"Reconoce MX"},"image":{"@id":"http:\/\/www.reconoce.mx\/#\/schema\/logo\/image\/"},"sameAs":["https:\/\/es-la.facebook.com\/ReconoceMX\/","https:\/\/x.com\/reconocemx","http:\/\/@reconocemx"]},{"@type":"Person","@id":"http:\/\/www.reconoce.mx\/#\/schema\/person\/2117e997d7051dc15d6880eaf9bca0b2","name":"Reconoce MX","image":{"@type":"ImageObject","inLanguage":"es","@id":"http:\/\/www.reconoce.mx\/#\/schema\/person\/image\/","url":"https:\/\/secure.gravatar.com\/avatar\/6c8d4dc7569ca1c90c5fdcc349f839d5ddef6fe1e70b4337ead2ef1a4c43fc3a?s=96&d=identicon&r=g","contentUrl":"https:\/\/secure.gravatar.com\/avatar\/6c8d4dc7569ca1c90c5fdcc349f839d5ddef6fe1e70b4337ead2ef1a4c43fc3a?s=96&d=identicon&r=g","caption":"Reconoce MX"},"description":"Reconoce MX es un proyecto de difusi\u00f3n art\u00edstica, cultural y de conciencia social que est\u00e1 enfocado a difundir y fomentar el entretenimiento alternativo de calidad para todo el p\u00fablico que comparta el mismo entusiasmo.","sameAs":["http:\/\/www.reconoce.mx"],"url":"https:\/\/www.reconoce.mx\/?author=2"}]}},"_links":{"self":[{"href":"https:\/\/www.reconoce.mx\/index.php?rest_route=\/wp\/v2\/posts\/24055","targetHints":{"allow":["GET"]}}],"collection":[{"href":"https:\/\/www.reconoce.mx\/index.php?rest_route=\/wp\/v2\/posts"}],"about":[{"href":"https:\/\/www.reconoce.mx\/index.php?rest_route=\/wp\/v2\/types\/post"}],"author":[{"embeddable":true,"href":"https:\/\/www.reconoce.mx\/index.php?rest_route=\/wp\/v2\/users\/2"}],"replies":[{"embeddable":true,"href":"https:\/\/www.reconoce.mx\/index.php?rest_route=%2Fwp%2Fv2%2Fcomments&post=24055"}],"version-history":[{"count":9,"href":"https:\/\/www.reconoce.mx\/index.php?rest_route=\/wp\/v2\/posts\/24055\/revisions"}],"predecessor-version":[{"id":24128,"href":"https:\/\/www.reconoce.mx\/index.php?rest_route=\/wp\/v2\/posts\/24055\/revisions\/24128"}],"wp:featuredmedia":[{"embeddable":true,"href":"https:\/\/www.reconoce.mx\/index.php?rest_route=\/wp\/v2\/media\/24056"}],"wp:attachment":[{"href":"https:\/\/www.reconoce.mx\/index.php?rest_route=%2Fwp%2Fv2%2Fmedia&parent=24055"}],"wp:term":[{"taxonomy":"category","embeddable":true,"href":"https:\/\/www.reconoce.mx\/index.php?rest_route=%2Fwp%2Fv2%2Fcategories&post=24055"},{"taxonomy":"post_tag","embeddable":true,"href":"https:\/\/www.reconoce.mx\/index.php?rest_route=%2Fwp%2Fv2%2Ftags&post=24055"}],"curies":[{"name":"wp","href":"https:\/\/api.w.org\/{rel}","templated":true}]}}